{"id":30752,"date":"2015-03-12T00:00:00","date_gmt":"2015-03-12T04:00:00","guid":{"rendered":"http:\/\/192.81.217.108\/interamerica\/2015\/03\/mas-de-dos-mil-seran-bautizados-en-el-lago-nicaragua-este-fin-de-semana\/"},"modified":"2015-03-12T00:00:00","modified_gmt":"2015-03-12T04:00:00","slug":"mas-de-dos-mil-seran-bautizados-en-el-lago-nicaragua-este-fin-de-semana","status":"publish","type":"post","link":"https:\/\/interamerica.org\/es\/2015\/03\/mas-de-dos-mil-seran-bautizados-en-el-lago-nicaragua-este-fin-de-semana\/","title":{"rendered":"M\u00e1s de dos mil ser\u00e1n bautizados en el Lago Nicaragua este fin de semana"},"content":{"rendered":"<div id=\"attachment_15616\" style=\"width: 610px\" class=\"wp-caption aligncenter\"><a href=\"\/interamerica\/wp-content\/uploads\/2017\/06\/NICA600.png\" rel=\"fancybox\" title=\"M\u00e1s de dos mil ser\u00e1n bautizados en el Lago Nicaragua este fin de semana\"><img fetchpriority=\"high\" decoding=\"async\" aria-describedby=\"caption-attachment-15616\" class=\"size-full wp-image-15616\" src=\"\/interamerica\/wp-content\/uploads\/2017\/06\/NICA600.png\" alt=\"\" width=\"600\" height=\"399\" \/><\/a><p id=\"caption-attachment-15616\" class=\"wp-caption-text\">Cientos de personas atestaron el Auditorio Ministerio Visi\u00f3n Ahora de Managua (Nicaragua), para estuchar al evangelista Mark Finley en la noche de apertura de una campa\u00f1a de cuatro noches, el mi\u00e9rcoles 11 de marzo de 2015. Im\u00e1genes de Gloria Padilla.<\/p><\/div>\n<p>12 de marzo de 2015 | Managua, Nicaragua | Andrew McChesney\/Libna Stevens<\/p>\n<div id=\"attachment_15617\" style=\"width: 310px\" class=\"wp-caption alignright\"><a href=\"\/interamerica\/wp-content\/uploads\/2017\/06\/poster.jpg\" rel=\"fancybox\" title=\"M\u00e1s de dos mil ser\u00e1n bautizados en el Lago Nicaragua este fin de semana\"><img decoding=\"async\" aria-describedby=\"caption-attachment-15617\" class=\"size-medium wp-image-15617\" src=\"\/interamerica\/wp-content\/uploads\/2017\/06\/poster-300x232.jpg\" alt=\"\" width=\"300\" height=\"232\" \/><\/a><p id=\"caption-attachment-15617\" class=\"wp-caption-text\">El evangelista Mark Finley aparece en un p\u00f3ster de la campa\u00f1a de evangelizaci\u00f3n \u00abNicaragua Revive, Hay Esperanza\u00bb.<\/p><\/div>\n<p>La Iglesia Adventista est\u00e1 por cerrar su primera gran campa\u00f1a de evangelizaci\u00f3n en Nicaragua con cuatro d\u00edas de reuniones a cargo del evangelista Mark Finley, que culminar\u00e1n con el bautismo masivo de m\u00e1s de dos mil personas en un lago este pr\u00f3ximo fin de semana.<\/p>\n<p>Finley inici\u00f3 las reuniones el mi\u00e9rcoles de noche en un auditorio colmado por m\u00e1s de tres mil personas, la mayor\u00eda de las cuales no pertenecen a la Iglesia Adventista, en la ciudad de Managua, la capital de esa naci\u00f3n centroamericana.<\/p>\n<p>Unas 2200 personas llenaron el Auditorio del Ministerio Visi\u00f3n Ahora, mientras que otras quinientas se sentaron afuera y m\u00e1s de trescientas permanecieron de pie. Decenas de personas respondieron a un llamado al bautismo hacia el fin de la presentaci\u00f3n.<\/p>\n<p>\u00abAl observar lo que est\u00e1 sucediendo en Interam\u00e9rica, mi profunda convicci\u00f3n es que cuando la iglesia est\u00e1 unida, enfocada en la misi\u00f3n y comprometida con el ministerio de Cristo, Dios bendice de maneras inusuales, y suceden cosas maravillosas para el progreso de su reino\u00bb, dijo Finley a la Adventist Review.<\/p>\n<p>Las reuniones de Finley est\u00e1n siendo transmitidas en vivo por la radio e Internet a otras sedes del pa\u00eds y en Costa Rica, pa\u00eds que limita con Nicaragua en el sur y que tambi\u00e9n es parte de la Divisi\u00f3n Interamericana de la Iglesia Adventista.<\/p>\n<p>Se espera que se bauticen m\u00e1s de dos mil personas el pr\u00f3ximo domingo de ma\u00f1ana, en las frescas aguas del Lago Nicaragua, el lago m\u00e1s grande de Am\u00e9rica Central, en la ciudad de Granada, ubicada a una hora de viaje de la capital del pa\u00eds. Entre los l\u00edderes adventistas que asistir\u00e1n al bautismo se encuentra Ted N. C. Wilson, presidente de la Iglesia Adventista mundial, e Israel Leito, presidente de la Divisi\u00f3n Interamericana.<\/p>\n<p>Los bautismos coronar\u00e1n una iniciativa que comenz\u00f3 hace m\u00e1s de un a\u00f1o con la formaci\u00f3n de unos cinco mil grupos peque\u00f1os en Nicaragua y Costa Rica, con el prop\u00f3sito de estudiar materiales de \u00abLa salud de la creaci\u00f3n\u00bb producidos por el Hospital Florida, una instituci\u00f3n adventista de salud. \u00abLa salud de la creaci\u00f3n\u00bb es promocionado como un plan de bienestar con sustrato religioso para personas que quieren disfrutar de vidas m\u00e1s sanas y felices.<\/p>\n<div id=\"attachment_15618\" style=\"width: 310px\" class=\"wp-caption alignright\"><a href=\"\/interamerica\/wp-content\/uploads\/2017\/06\/NICA-Finleycrowd.png\" rel=\"fancybox\" title=\"M\u00e1s de dos mil ser\u00e1n bautizados en el Lago Nicaragua este fin de semana\"><img decoding=\"async\" aria-describedby=\"caption-attachment-15618\" class=\"size-full wp-image-15618\" src=\"\/interamerica\/wp-content\/uploads\/2017\/06\/NICA-Finleycrowd.png\" alt=\"\" width=\"300\" height=\"199\" \/><\/a><p id=\"caption-attachment-15618\" class=\"wp-caption-text\">Decenas de visitas pasaron al frente despu\u00e9s de que el pastor Finley hizo un llamado para el bautismo.<\/p><\/div>\n<p>\u201cEl mensaje de salud f\u00edsica, mental y espiritual quebrant\u00f3 barreras y produjo beneficios positivos en la vida de las personas\u00bb, dijo Finley, asesor editorial general de la Adventist Review. Los participantes de la serie \u00abLa salud de la creaci\u00f3n\u00bb fueron invitados a participar de una serie b\u00e1sica de estudios b\u00edblicos, \u00abLa fe de Jes\u00fas\u00bb, despu\u00e9s de reuniones de evangelizaci\u00f3n a cargo de pastores y estudiantes del seminario, en preparaci\u00f3n para la visita de Finley. M\u00e1s de cien reuniones de evangelizaci\u00f3n fueron llevadas a cabo tan solo en Nicaragua.<\/p>\n<p>Los miembros de iglesia se prepararon para las reuniones de Finley, tituladas \u00abNicaragua Revive, Hay Esperanza\u00bb, por medio de marchas y la distribuci\u00f3n de invitaciones. Las reuniones tambi\u00e9n recibieron el impulso de los medios nacionales. La estaci\u00f3n de televisi\u00f3n natural, Televisa Canal 6, entrevist\u00f3 a Finley cuando lleg\u00f3 el martes al Aeropuerto Internacional Augusto C. Sandino, y habl\u00f3 de las reuniones en las noticias vespertinas del mi\u00e9rcoles. Periodistas de dos canales de televisi\u00f3n y tres estaciones de radio asistieron a una conferencia de prensa con Finley el mi\u00e9rcoles por la tarde.<\/p>\n<p>La Iglesia Adventista de Nicaragua tiene 131.004 miembros, que se re\u00fanen en 263 iglesias y 163 grupos, seg\u00fan estad\u00edsticas de fines de 2014.<\/p>\n<p>\u00abEs la primera vez que Nicaragua ha llevado a cabo un programa tan grande de evangelizaci\u00f3n\u00bb, dijo Gloria Padilla, directora de comunicaciones de la Uni\u00f3n Centroamericana Sur, que supervisa la Iglesia Adventista de Nicaragua y Costa Rica. \u00abAlabamos a Dios por su conducci\u00f3n aqu\u00ed\u00bb.<\/p>\n<p><em>Traducci\u00f3n de Marcos Paseggi<\/em><\/p>\n","protected":false},"excerpt":{"rendered":"<p>La Iglesia Adventista est\u00e1 por cerrar su primera gran campa\u00f1a de evangelizaci\u00f3n en Nicaragua con cuatro d\u00edas de reuniones a cargo del evangelista Mark Finley, que culminar\u00e1n con el bautismo masivo de m\u00e1s de dos mil personas en un lago este pr\u00f3ximo fin de semana. <\/p>\n<p>Finley inici\u00f3 las reuniones el mi\u00e9rcoles de noche en un auditorio colmado por m\u00e1s de tres mil personas, la mayor\u00eda de las cuales no pertenecen a la Iglesia Adventista, en la ciudad de Managua, la capital de esa naci\u00f3n centroamericana.<\/p>\n","protected":false},"author":1,"featured_media":24608,"comment_status":"closed","ping_status":"closed","sticky":false,"template":"","format":"standard","meta":{"_acf_changed":false,"footnotes":""},"categories":[17,15],"tags":[],"class_list":["post-30752","post","type-post","status-publish","format-standard","has-post-thumbnail","hentry","category-desde-el-campo","category-rss-espanol"],"acf":[],"yoast_head":"<!-- This site is optimized with the Yoast SEO plugin v27.3 - https:\/\/yoast.com\/product\/yoast-seo-wordpress\/ -->\n<title>M\u00e1s de dos mil ser\u00e1n bautizados en el Lago Nicaragua este fin de semana - Iglesia Adventista del S\u00e9ptimo D\u00eda - Divisi\u00f3n Interamericana<\/title>\n<meta name=\"robots\" content=\"index, follow, max-snippet:-1, max-image-preview:large, max-video-preview:-1\" \/>\n<link rel=\"canonical\" href=\"https:\/\/interamerica.org\/es\/2015\/03\/mas-de-dos-mil-seran-bautizados-en-el-lago-nicaragua-este-fin-de-semana\/\" \/>\n<meta property=\"og:locale\" content=\"es_ES\" \/>\n<meta property=\"og:type\" content=\"article\" \/>\n<meta property=\"og:title\" content=\"M\u00e1s de dos mil ser\u00e1n bautizados en el Lago Nicaragua este fin de semana - Iglesia Adventista del S\u00e9ptimo D\u00eda - Divisi\u00f3n Interamericana\" \/>\n<meta property=\"og:description\" content=\"La Iglesia Adventista est\u00e1 por cerrar su primera gran campa\u00f1a de evangelizaci\u00f3n en Nicaragua con cuatro d\u00edas de reuniones a cargo del evangelista Mark Finley, que culminar\u00e1n con el bautismo masivo de m\u00e1s de dos mil personas en un lago este pr\u00f3ximo fin de semana.  Finley inici\u00f3 las reuniones el mi\u00e9rcoles de noche en un auditorio colmado por m\u00e1s de tres mil personas, la mayor\u00eda de las cuales no pertenecen a la Iglesia Adventista, en la ciudad de Managua, la capital de esa naci\u00f3n centroamericana.\" \/>\n<meta property=\"og:url\" content=\"https:\/\/interamerica.org\/es\/2015\/03\/mas-de-dos-mil-seran-bautizados-en-el-lago-nicaragua-este-fin-de-semana\/\" \/>\n<meta property=\"og:site_name\" content=\"Iglesia Adventista del S\u00e9ptimo D\u00eda - Divisi\u00f3n Interamericana\" \/>\n<meta property=\"article:published_time\" content=\"2015-03-12T04:00:00+00:00\" \/>\n<meta property=\"og:image\" content=\"https:\/\/interamerica.org\/wp-content\/uploads\/2017\/06\/NICA600.png\" \/>\n\t<meta property=\"og:image:width\" content=\"600\" \/>\n\t<meta property=\"og:image:height\" content=\"399\" \/>\n\t<meta property=\"og:image:type\" content=\"image\/png\" \/>\n<meta name=\"author\" content=\"Lorenzo Verduzco\" \/>\n<meta name=\"twitter:card\" content=\"summary_large_image\" \/>\n<meta name=\"twitter:label1\" content=\"Escrito por\" \/>\n\t<meta name=\"twitter:data1\" content=\"Lorenzo Verduzco\" \/>\n\t<meta name=\"twitter:label2\" content=\"Tiempo de lectura\" \/>\n\t<meta name=\"twitter:data2\" content=\"4 minutos\" \/>\n<script type=\"application\/ld+json\" class=\"yoast-schema-graph\">{\"@context\":\"https:\\\/\\\/schema.org\",\"@graph\":[{\"@type\":\"Article\",\"@id\":\"https:\\\/\\\/interamerica.org\\\/es\\\/2015\\\/03\\\/mas-de-dos-mil-seran-bautizados-en-el-lago-nicaragua-este-fin-de-semana\\\/#article\",\"isPartOf\":{\"@id\":\"https:\\\/\\\/interamerica.org\\\/es\\\/2015\\\/03\\\/mas-de-dos-mil-seran-bautizados-en-el-lago-nicaragua-este-fin-de-semana\\\/\"},\"author\":{\"name\":\"Lorenzo Verduzco\",\"@id\":\"https:\\\/\\\/interamerica.org\\\/es\\\/#\\\/schema\\\/person\\\/68ede8bdc292885bb76c1e3810e73c39\"},\"headline\":\"M\u00e1s de dos mil ser\u00e1n bautizados en el Lago Nicaragua este fin de semana\",\"datePublished\":\"2015-03-12T04:00:00+00:00\",\"mainEntityOfPage\":{\"@id\":\"https:\\\/\\\/interamerica.org\\\/es\\\/2015\\\/03\\\/mas-de-dos-mil-seran-bautizados-en-el-lago-nicaragua-este-fin-de-semana\\\/\"},\"wordCount\":800,\"image\":{\"@id\":\"https:\\\/\\\/interamerica.org\\\/es\\\/2015\\\/03\\\/mas-de-dos-mil-seran-bautizados-en-el-lago-nicaragua-este-fin-de-semana\\\/#primaryimage\"},\"thumbnailUrl\":\"https:\\\/\\\/interamerica.org\\\/wp-content\\\/uploads\\\/2017\\\/06\\\/NICA600.png\",\"articleSection\":[\"Desde el campo\",\"RSS Espa\u00f1ol\"],\"inLanguage\":\"es\"},{\"@type\":\"WebPage\",\"@id\":\"https:\\\/\\\/interamerica.org\\\/es\\\/2015\\\/03\\\/mas-de-dos-mil-seran-bautizados-en-el-lago-nicaragua-este-fin-de-semana\\\/\",\"url\":\"https:\\\/\\\/interamerica.org\\\/es\\\/2015\\\/03\\\/mas-de-dos-mil-seran-bautizados-en-el-lago-nicaragua-este-fin-de-semana\\\/\",\"name\":\"M\u00e1s de dos mil ser\u00e1n bautizados en el Lago Nicaragua este fin de semana - Iglesia Adventista del S\u00e9ptimo D\u00eda - Divisi\u00f3n Interamericana\",\"isPartOf\":{\"@id\":\"https:\\\/\\\/interamerica.org\\\/es\\\/#website\"},\"primaryImageOfPage\":{\"@id\":\"https:\\\/\\\/interamerica.org\\\/es\\\/2015\\\/03\\\/mas-de-dos-mil-seran-bautizados-en-el-lago-nicaragua-este-fin-de-semana\\\/#primaryimage\"},\"image\":{\"@id\":\"https:\\\/\\\/interamerica.org\\\/es\\\/2015\\\/03\\\/mas-de-dos-mil-seran-bautizados-en-el-lago-nicaragua-este-fin-de-semana\\\/#primaryimage\"},\"thumbnailUrl\":\"https:\\\/\\\/interamerica.org\\\/wp-content\\\/uploads\\\/2017\\\/06\\\/NICA600.png\",\"datePublished\":\"2015-03-12T04:00:00+00:00\",\"author\":{\"@id\":\"https:\\\/\\\/interamerica.org\\\/es\\\/#\\\/schema\\\/person\\\/68ede8bdc292885bb76c1e3810e73c39\"},\"breadcrumb\":{\"@id\":\"https:\\\/\\\/interamerica.org\\\/es\\\/2015\\\/03\\\/mas-de-dos-mil-seran-bautizados-en-el-lago-nicaragua-este-fin-de-semana\\\/#breadcrumb\"},\"inLanguage\":\"es\",\"potentialAction\":[{\"@type\":\"ReadAction\",\"target\":[\"https:\\\/\\\/interamerica.org\\\/es\\\/2015\\\/03\\\/mas-de-dos-mil-seran-bautizados-en-el-lago-nicaragua-este-fin-de-semana\\\/\"]}]},{\"@type\":\"ImageObject\",\"inLanguage\":\"es\",\"@id\":\"https:\\\/\\\/interamerica.org\\\/es\\\/2015\\\/03\\\/mas-de-dos-mil-seran-bautizados-en-el-lago-nicaragua-este-fin-de-semana\\\/#primaryimage\",\"url\":\"https:\\\/\\\/interamerica.org\\\/wp-content\\\/uploads\\\/2017\\\/06\\\/NICA600.png\",\"contentUrl\":\"https:\\\/\\\/interamerica.org\\\/wp-content\\\/uploads\\\/2017\\\/06\\\/NICA600.png\",\"width\":600,\"height\":399},{\"@type\":\"BreadcrumbList\",\"@id\":\"https:\\\/\\\/interamerica.org\\\/es\\\/2015\\\/03\\\/mas-de-dos-mil-seran-bautizados-en-el-lago-nicaragua-este-fin-de-semana\\\/#breadcrumb\",\"itemListElement\":[{\"@type\":\"ListItem\",\"position\":1,\"name\":\"Home\",\"item\":\"https:\\\/\\\/interamerica.org\\\/es\\\/\"},{\"@type\":\"ListItem\",\"position\":2,\"name\":\"M\u00e1s de dos mil ser\u00e1n bautizados en el Lago Nicaragua este fin de semana\"}]},{\"@type\":\"WebSite\",\"@id\":\"https:\\\/\\\/interamerica.org\\\/es\\\/#website\",\"url\":\"https:\\\/\\\/interamerica.org\\\/es\\\/\",\"name\":\"Iglesia Adventista del S\u00e9ptimo D\u00eda - Divisi\u00f3n Interamericana\",\"description\":\"\",\"potentialAction\":[{\"@type\":\"SearchAction\",\"target\":{\"@type\":\"EntryPoint\",\"urlTemplate\":\"https:\\\/\\\/interamerica.org\\\/es\\\/?s={search_term_string}\"},\"query-input\":{\"@type\":\"PropertyValueSpecification\",\"valueRequired\":true,\"valueName\":\"search_term_string\"}}],\"inLanguage\":\"es\"},{\"@type\":\"Person\",\"@id\":\"https:\\\/\\\/interamerica.org\\\/es\\\/#\\\/schema\\\/person\\\/68ede8bdc292885bb76c1e3810e73c39\",\"name\":\"Lorenzo Verduzco\",\"image\":{\"@type\":\"ImageObject\",\"inLanguage\":\"es\",\"@id\":\"https:\\\/\\\/secure.gravatar.com\\\/avatar\\\/fb81a55b6218459490a9c1dc841a34909185b81904c5337b4b27f7a6fd60c49e?s=96&d=mm&r=g\",\"url\":\"https:\\\/\\\/secure.gravatar.com\\\/avatar\\\/fb81a55b6218459490a9c1dc841a34909185b81904c5337b4b27f7a6fd60c49e?s=96&d=mm&r=g\",\"contentUrl\":\"https:\\\/\\\/secure.gravatar.com\\\/avatar\\\/fb81a55b6218459490a9c1dc841a34909185b81904c5337b4b27f7a6fd60c49e?s=96&d=mm&r=g\",\"caption\":\"Lorenzo Verduzco\"}}]}<\/script>\n<!-- \/ Yoast SEO plugin. -->","yoast_head_json":{"title":"M\u00e1s de dos mil ser\u00e1n bautizados en el Lago Nicaragua este fin de semana - Iglesia Adventista del S\u00e9ptimo D\u00eda - Divisi\u00f3n Interamericana","robots":{"index":"index","follow":"follow","max-snippet":"max-snippet:-1","max-image-preview":"max-image-preview:large","max-video-preview":"max-video-preview:-1"},"canonical":"https:\/\/interamerica.org\/es\/2015\/03\/mas-de-dos-mil-seran-bautizados-en-el-lago-nicaragua-este-fin-de-semana\/","og_locale":"es_ES","og_type":"article","og_title":"M\u00e1s de dos mil ser\u00e1n bautizados en el Lago Nicaragua este fin de semana - Iglesia Adventista del S\u00e9ptimo D\u00eda - Divisi\u00f3n Interamericana","og_description":"La Iglesia Adventista est\u00e1 por cerrar su primera gran campa\u00f1a de evangelizaci\u00f3n en Nicaragua con cuatro d\u00edas de reuniones a cargo del evangelista Mark Finley, que culminar\u00e1n con el bautismo masivo de m\u00e1s de dos mil personas en un lago este pr\u00f3ximo fin de semana.  Finley inici\u00f3 las reuniones el mi\u00e9rcoles de noche en un auditorio colmado por m\u00e1s de tres mil personas, la mayor\u00eda de las cuales no pertenecen a la Iglesia Adventista, en la ciudad de Managua, la capital de esa naci\u00f3n centroamericana.","og_url":"https:\/\/interamerica.org\/es\/2015\/03\/mas-de-dos-mil-seran-bautizados-en-el-lago-nicaragua-este-fin-de-semana\/","og_site_name":"Iglesia Adventista del S\u00e9ptimo D\u00eda - Divisi\u00f3n Interamericana","article_published_time":"2015-03-12T04:00:00+00:00","og_image":[{"width":600,"height":399,"url":"https:\/\/interamerica.org\/wp-content\/uploads\/2017\/06\/NICA600.png","type":"image\/png"}],"author":"Lorenzo Verduzco","twitter_card":"summary_large_image","twitter_misc":{"Escrito por":"Lorenzo Verduzco","Tiempo de lectura":"4 minutos"},"schema":{"@context":"https:\/\/schema.org","@graph":[{"@type":"Article","@id":"https:\/\/interamerica.org\/es\/2015\/03\/mas-de-dos-mil-seran-bautizados-en-el-lago-nicaragua-este-fin-de-semana\/#article","isPartOf":{"@id":"https:\/\/interamerica.org\/es\/2015\/03\/mas-de-dos-mil-seran-bautizados-en-el-lago-nicaragua-este-fin-de-semana\/"},"author":{"name":"Lorenzo Verduzco","@id":"https:\/\/interamerica.org\/es\/#\/schema\/person\/68ede8bdc292885bb76c1e3810e73c39"},"headline":"M\u00e1s de dos mil ser\u00e1n bautizados en el Lago Nicaragua este fin de semana","datePublished":"2015-03-12T04:00:00+00:00","mainEntityOfPage":{"@id":"https:\/\/interamerica.org\/es\/2015\/03\/mas-de-dos-mil-seran-bautizados-en-el-lago-nicaragua-este-fin-de-semana\/"},"wordCount":800,"image":{"@id":"https:\/\/interamerica.org\/es\/2015\/03\/mas-de-dos-mil-seran-bautizados-en-el-lago-nicaragua-este-fin-de-semana\/#primaryimage"},"thumbnailUrl":"https:\/\/interamerica.org\/wp-content\/uploads\/2017\/06\/NICA600.png","articleSection":["Desde el campo","RSS Espa\u00f1ol"],"inLanguage":"es"},{"@type":"WebPage","@id":"https:\/\/interamerica.org\/es\/2015\/03\/mas-de-dos-mil-seran-bautizados-en-el-lago-nicaragua-este-fin-de-semana\/","url":"https:\/\/interamerica.org\/es\/2015\/03\/mas-de-dos-mil-seran-bautizados-en-el-lago-nicaragua-este-fin-de-semana\/","name":"M\u00e1s de dos mil ser\u00e1n bautizados en el Lago Nicaragua este fin de semana - Iglesia Adventista del S\u00e9ptimo D\u00eda - Divisi\u00f3n Interamericana","isPartOf":{"@id":"https:\/\/interamerica.org\/es\/#website"},"primaryImageOfPage":{"@id":"https:\/\/interamerica.org\/es\/2015\/03\/mas-de-dos-mil-seran-bautizados-en-el-lago-nicaragua-este-fin-de-semana\/#primaryimage"},"image":{"@id":"https:\/\/interamerica.org\/es\/2015\/03\/mas-de-dos-mil-seran-bautizados-en-el-lago-nicaragua-este-fin-de-semana\/#primaryimage"},"thumbnailUrl":"https:\/\/interamerica.org\/wp-content\/uploads\/2017\/06\/NICA600.png","datePublished":"2015-03-12T04:00:00+00:00","author":{"@id":"https:\/\/interamerica.org\/es\/#\/schema\/person\/68ede8bdc292885bb76c1e3810e73c39"},"breadcrumb":{"@id":"https:\/\/interamerica.org\/es\/2015\/03\/mas-de-dos-mil-seran-bautizados-en-el-lago-nicaragua-este-fin-de-semana\/#breadcrumb"},"inLanguage":"es","potentialAction":[{"@type":"ReadAction","target":["https:\/\/interamerica.org\/es\/2015\/03\/mas-de-dos-mil-seran-bautizados-en-el-lago-nicaragua-este-fin-de-semana\/"]}]},{"@type":"ImageObject","inLanguage":"es","@id":"https:\/\/interamerica.org\/es\/2015\/03\/mas-de-dos-mil-seran-bautizados-en-el-lago-nicaragua-este-fin-de-semana\/#primaryimage","url":"https:\/\/interamerica.org\/wp-content\/uploads\/2017\/06\/NICA600.png","contentUrl":"https:\/\/interamerica.org\/wp-content\/uploads\/2017\/06\/NICA600.png","width":600,"height":399},{"@type":"BreadcrumbList","@id":"https:\/\/interamerica.org\/es\/2015\/03\/mas-de-dos-mil-seran-bautizados-en-el-lago-nicaragua-este-fin-de-semana\/#breadcrumb","itemListElement":[{"@type":"ListItem","position":1,"name":"Home","item":"https:\/\/interamerica.org\/es\/"},{"@type":"ListItem","position":2,"name":"M\u00e1s de dos mil ser\u00e1n bautizados en el Lago Nicaragua este fin de semana"}]},{"@type":"WebSite","@id":"https:\/\/interamerica.org\/es\/#website","url":"https:\/\/interamerica.org\/es\/","name":"Iglesia Adventista del S\u00e9ptimo D\u00eda - Divisi\u00f3n Interamericana","description":"","potentialAction":[{"@type":"SearchAction","target":{"@type":"EntryPoint","urlTemplate":"https:\/\/interamerica.org\/es\/?s={search_term_string}"},"query-input":{"@type":"PropertyValueSpecification","valueRequired":true,"valueName":"search_term_string"}}],"inLanguage":"es"},{"@type":"Person","@id":"https:\/\/interamerica.org\/es\/#\/schema\/person\/68ede8bdc292885bb76c1e3810e73c39","name":"Lorenzo Verduzco","image":{"@type":"ImageObject","inLanguage":"es","@id":"https:\/\/secure.gravatar.com\/avatar\/fb81a55b6218459490a9c1dc841a34909185b81904c5337b4b27f7a6fd60c49e?s=96&d=mm&r=g","url":"https:\/\/secure.gravatar.com\/avatar\/fb81a55b6218459490a9c1dc841a34909185b81904c5337b4b27f7a6fd60c49e?s=96&d=mm&r=g","contentUrl":"https:\/\/secure.gravatar.com\/avatar\/fb81a55b6218459490a9c1dc841a34909185b81904c5337b4b27f7a6fd60c49e?s=96&d=mm&r=g","caption":"Lorenzo Verduzco"}}]}},"_links":{"self":[{"href":"https:\/\/interamerica.org\/es\/wp-json\/wp\/v2\/posts\/30752","targetHints":{"allow":["GET"]}}],"collection":[{"href":"https:\/\/interamerica.org\/es\/wp-json\/wp\/v2\/posts"}],"about":[{"href":"https:\/\/interamerica.org\/es\/wp-json\/wp\/v2\/types\/post"}],"author":[{"embeddable":true,"href":"https:\/\/interamerica.org\/es\/wp-json\/wp\/v2\/users\/1"}],"replies":[{"embeddable":true,"href":"https:\/\/interamerica.org\/es\/wp-json\/wp\/v2\/comments?post=30752"}],"version-history":[{"count":0,"href":"https:\/\/interamerica.org\/es\/wp-json\/wp\/v2\/posts\/30752\/revisions"}],"wp:featuredmedia":[{"embeddable":true,"href":"https:\/\/interamerica.org\/es\/wp-json\/wp\/v2\/media\/24608"}],"wp:attachment":[{"href":"https:\/\/interamerica.org\/es\/wp-json\/wp\/v2\/media?parent=30752"}],"wp:term":[{"taxonomy":"category","embeddable":true,"href":"https:\/\/interamerica.org\/es\/wp-json\/wp\/v2\/categories?post=30752"},{"taxonomy":"post_tag","embeddable":true,"href":"https:\/\/interamerica.org\/es\/wp-json\/wp\/v2\/tags?post=30752"}],"curies":[{"name":"wp","href":"https:\/\/api.w.org\/{rel}","templated":true}]}}