{"id":30753,"date":"2015-03-14T00:00:00","date_gmt":"2015-03-14T04:00:00","guid":{"rendered":"http:\/\/192.81.217.108\/interamerica\/2015\/03\/alcalde-de-ciudad-mas-grande-de-belice-celebra-la-educacion-adventista\/"},"modified":"2015-03-14T00:00:00","modified_gmt":"2015-03-14T04:00:00","slug":"alcalde-de-ciudad-mas-grande-de-belice-celebra-la-educacion-adventista","status":"publish","type":"post","link":"https:\/\/interamerica.org\/es\/2015\/03\/alcalde-de-ciudad-mas-grande-de-belice-celebra-la-educacion-adventista\/","title":{"rendered":"Alcalde de ciudad m\u00e1s grande de Belice celebra la educaci\u00f3n adventista"},"content":{"rendered":"<div id=\"attachment_15637\" style=\"width: 610px\" class=\"wp-caption aligncenter\"><a href=\"\/interamerica\/wp-content\/uploads\/2017\/06\/WilsonvisitBelize600.png\" rel=\"fancybox\" title=\"Alcalde de ciudad m\u00e1s grande de Belice celebra la educaci\u00f3n adventista\"><img fetchpriority=\"high\" decoding=\"async\" aria-describedby=\"caption-attachment-15637\" class=\"size-full wp-image-15637\" src=\"\/interamerica\/wp-content\/uploads\/2017\/06\/WilsonvisitBelize600.png\" alt=\"\" width=\"600\" height=\"377\" \/><\/a><p id=\"caption-attachment-15637\" class=\"wp-caption-text\">Vista desde la plataforma hacia los dos mil adventistas que aguardaban la palabra de Ted N. C. Wilson, presidente de la Iglesia Adventista mundial, en Belmop\u00e1n, Belice, el pasado 12 de marzo. Imagen de Ted N.C. Wilson.<\/p><\/div>\n<p>13 de marzo de 2015 | Belmop\u00e1n, Belice | Andrew McChesney, editor de noticias, Adventist Review<\/p>\n<p>El alcalde de la ciudad m\u00e1s grande de Belice felicit\u00f3 a la Iglesia Adventista por su trabajo en ese pa\u00eds centroamericano, y enfatiz\u00f3 su aprecio por la inmensa red de escuelas locales.<\/p>\n<p>Darrell Bradley, alcalde de Ciudad de Belice, flanqueado por el vicealcalde, dio la bienvenida a Ted N. C. Wilson, presidente de la Iglesia Adventista mundial, y a su esposa Nancy, cuando llegaron al aeropuerto el jueves para dar inicio a un recorrido por seis pa\u00edses de la Divisi\u00f3n Interamericana de la iglesia.<\/p>\n<div id=\"attachment_15639\" style=\"width: 281px\" class=\"wp-caption alignleft\"><a href=\"\/interamerica\/wp-content\/uploads\/2017\/06\/IMG_4552.jpg\" rel=\"fancybox\" title=\"Alcalde de ciudad m\u00e1s grande de Belice celebra la educaci\u00f3n adventista\"><img decoding=\"async\" aria-describedby=\"caption-attachment-15639\" class=\"size-medium wp-image-15639\" src=\"\/interamerica\/wp-content\/uploads\/2017\/06\/IMG_4552-271x300.jpg\" alt=\"\" width=\"271\" height=\"300\" \/><\/a><p id=\"caption-attachment-15639\" class=\"wp-caption-text\">El alcalde Darrell Bradley (derecha), se encuentra con Ted N.C. Wilson (al centro), e Israel Leito en el aeropuerto. Israel Leito, presidente de la Divisi\u00f3n Interamericana, est\u00e1 acompa\u00f1ando a los Wilson durante el recorrido.<\/p><\/div>\n<p>\u00abEl alcalde expres\u00f3 su gratitud por las muchas cosas que est\u00e1 haciendo la iglesia y, en especial, por el extenso sistema educacional de la iglesia en Belice\u00bb, dijo Wilson a la Adventist Review el viernes.<\/p>\n<p>La Iglesia Adventista cuenta con una s\u00f3lida presencia educacional en este peque\u00f1o pa\u00eds de 341 mil habitantes que limita con M\u00e9xico y Guatemala en el oeste y el Mar del Caribe en el este. Wilson dijo que cada a\u00f1o, entre trescientos a seiscientos estudiantes del sistema educativo son bautizados. La red educacional adventista incluye cuatro jardines de infantes, veinte escuelas primarias, cinco escuelas secundarias y un colegio terciario vocacional.<\/p>\n<p>Casi una de cada ocho personas de Belice pertenece a la Iglesia Adventista, y un abrumador setenta por ciento de ellos son j\u00f3venes.<\/p>\n<p>\u00abLa gente conoce qui\u00e9nes son los adventistas del s\u00e9ptimo d\u00eda\u00bb, dijo Wilson. \u00abLa Iglesia Adventista de Belice posee un esp\u00edritu de evangelizaci\u00f3n maravilloso y que entusiasma. Dios est\u00e1 bendiciendo el progreso de su obra\u00bb.<\/p>\n<p>Adem\u00e1s de los l\u00edderes de la ciudad, Wilson fue recibido en el aeropuerto por un grupo de Conquistadores con sus uniformes y una delegaci\u00f3n de directivos de la iglesia local, dirigidos por Dennis Slusher, presidente de la Uni\u00f3n de Iglesias de Belice. Los visitantes, que fueron acompa\u00f1ados por una escolta policial, condujeron hasta Belmop\u00e1n, la capital del pa\u00eds, para un encuentro vespertino de dos mil miembros de iglesia.<\/p>\n<p>Wilson inst\u00f3 a la audiencia reunida en un auditorio de la Universidad de Belice a que \u00absacudan a Belice para Cristo\u00bb, haciendo eco de un llamado a la acci\u00f3n que ha usado en otros pa\u00edses en las \u00faltimas semanas.<\/p>\n<p>El viernes, Wilson vol\u00f3 a El Salvador, donde pasar\u00e1 el s\u00e1bado. El domingo ser\u00e1 testigo del bautismo de m\u00e1s de dos mil personas en el Lago Nicaragua, despu\u00e9s de la primera gran campa\u00f1a de evangelizaci\u00f3n en ese pa\u00eds. Tambi\u00e9n visitar\u00e1 Costa Rica y Panam\u00e1 antes de culminar el viaje en una conferencia de libertad religiosa en Colombia el pr\u00f3ximo 21 de marzo.<\/p>\n<p>La Iglesia Adventista ha florecido en Belice, un refugio tur\u00edstico y el \u00fanico pa\u00eds de Am\u00e9rica Central en el que el ingl\u00e9s es el idioma oficial, desde que comenz\u00f3 la obra en 1929. Sus 40.898 miembros se re\u00fanen en 90 iglesias y 37 grupos. La iglesia tambi\u00e9n administra una cl\u00ednica.<\/p>\n<p>\u00abEstoy muy entusiasmado por la feligres\u00eda dedicada de Belice\u00bb, dijo Wilson. \u00abDios est\u00e1 usando a su pueblo de una manera maravillosa\u00bb.<\/p>\n<p><em>Traducci\u00f3n de Marcos Paseggi<\/em><\/p>\n","protected":false},"excerpt":{"rendered":"<p>El alcalde de la ciudad m\u00e1s grande de Belice felicit\u00f3 a la Iglesia Adventista por su trabajo en ese pa\u00eds centroamericano, y enfatiz\u00f3 su aprecio por la inmensa red de escuelas locales. Darrell Bradley, alcalde de Ciudad de Belice, flanqueado por el vicealcalde, dio la bienvenida a Ted N. C. Wilson, presidente de la Iglesia Adventista mundial, y a su esposa Nancy, cuando llegaron al aeropuerto el jueves para dar inicio a un recorrido por seis pa\u00edses de la Divisi\u00f3n Interamericana de la iglesia.<\/p>\n","protected":false},"author":1,"featured_media":24625,"comment_status":"closed","ping_status":"closed","sticky":false,"template":"","format":"standard","meta":{"_acf_changed":false,"footnotes":""},"categories":[17,15],"tags":[],"class_list":["post-30753","post","type-post","status-publish","format-standard","has-post-thumbnail","hentry","category-desde-el-campo","category-rss-espanol"],"acf":[],"yoast_head":"<!-- This site is optimized with the Yoast SEO plugin v27.3 - https:\/\/yoast.com\/product\/yoast-seo-wordpress\/ -->\n<title>Alcalde de ciudad m\u00e1s grande de Belice celebra la educaci\u00f3n adventista - Iglesia Adventista del S\u00e9ptimo D\u00eda - Divisi\u00f3n Interamericana<\/title>\n<meta name=\"robots\" content=\"index, follow, max-snippet:-1, max-image-preview:large, max-video-preview:-1\" \/>\n<link rel=\"canonical\" href=\"https:\/\/interamerica.org\/es\/2015\/03\/alcalde-de-ciudad-mas-grande-de-belice-celebra-la-educacion-adventista\/\" \/>\n<meta property=\"og:locale\" content=\"es_ES\" \/>\n<meta property=\"og:type\" content=\"article\" \/>\n<meta property=\"og:title\" content=\"Alcalde de ciudad m\u00e1s grande de Belice celebra la educaci\u00f3n adventista - Iglesia Adventista del S\u00e9ptimo D\u00eda - Divisi\u00f3n Interamericana\" \/>\n<meta property=\"og:description\" content=\"El alcalde de la ciudad m\u00e1s grande de Belice felicit\u00f3 a la Iglesia Adventista por su trabajo en ese pa\u00eds centroamericano, y enfatiz\u00f3 su aprecio por la inmensa red de escuelas locales. Darrell Bradley, alcalde de Ciudad de Belice, flanqueado por el vicealcalde, dio la bienvenida a Ted N. C. Wilson, presidente de la Iglesia Adventista mundial, y a su esposa Nancy, cuando llegaron al aeropuerto el jueves para dar inicio a un recorrido por seis pa\u00edses de la Divisi\u00f3n Interamericana de la iglesia.\" \/>\n<meta property=\"og:url\" content=\"https:\/\/interamerica.org\/es\/2015\/03\/alcalde-de-ciudad-mas-grande-de-belice-celebra-la-educacion-adventista\/\" \/>\n<meta property=\"og:site_name\" content=\"Iglesia Adventista del S\u00e9ptimo D\u00eda - Divisi\u00f3n Interamericana\" \/>\n<meta property=\"article:published_time\" content=\"2015-03-14T04:00:00+00:00\" \/>\n<meta property=\"og:image\" content=\"https:\/\/interamerica.org\/wp-content\/uploads\/2017\/06\/Wilson-LeitoBelize.png\" \/>\n\t<meta property=\"og:image:width\" content=\"300\" \/>\n\t<meta property=\"og:image:height\" content=\"217\" \/>\n\t<meta property=\"og:image:type\" content=\"image\/png\" \/>\n<meta name=\"author\" content=\"Lorenzo Verduzco\" \/>\n<meta name=\"twitter:card\" content=\"summary_large_image\" \/>\n<meta name=\"twitter:label1\" content=\"Escrito por\" \/>\n\t<meta name=\"twitter:data1\" content=\"Lorenzo Verduzco\" \/>\n\t<meta name=\"twitter:label2\" content=\"Tiempo de lectura\" \/>\n\t<meta name=\"twitter:data2\" content=\"3 minutos\" \/>\n<script type=\"application\/ld+json\" class=\"yoast-schema-graph\">{\"@context\":\"https:\\\/\\\/schema.org\",\"@graph\":[{\"@type\":\"Article\",\"@id\":\"https:\\\/\\\/interamerica.org\\\/es\\\/2015\\\/03\\\/alcalde-de-ciudad-mas-grande-de-belice-celebra-la-educacion-adventista\\\/#article\",\"isPartOf\":{\"@id\":\"https:\\\/\\\/interamerica.org\\\/es\\\/2015\\\/03\\\/alcalde-de-ciudad-mas-grande-de-belice-celebra-la-educacion-adventista\\\/\"},\"author\":{\"name\":\"Lorenzo Verduzco\",\"@id\":\"https:\\\/\\\/interamerica.org\\\/es\\\/#\\\/schema\\\/person\\\/68ede8bdc292885bb76c1e3810e73c39\"},\"headline\":\"Alcalde de ciudad m\u00e1s grande de Belice celebra la educaci\u00f3n adventista\",\"datePublished\":\"2015-03-14T04:00:00+00:00\",\"mainEntityOfPage\":{\"@id\":\"https:\\\/\\\/interamerica.org\\\/es\\\/2015\\\/03\\\/alcalde-de-ciudad-mas-grande-de-belice-celebra-la-educacion-adventista\\\/\"},\"wordCount\":639,\"image\":{\"@id\":\"https:\\\/\\\/interamerica.org\\\/es\\\/2015\\\/03\\\/alcalde-de-ciudad-mas-grande-de-belice-celebra-la-educacion-adventista\\\/#primaryimage\"},\"thumbnailUrl\":\"https:\\\/\\\/interamerica.org\\\/wp-content\\\/uploads\\\/2017\\\/06\\\/Wilson-LeitoBelize.png\",\"articleSection\":[\"Desde el campo\",\"RSS Espa\u00f1ol\"],\"inLanguage\":\"es\"},{\"@type\":\"WebPage\",\"@id\":\"https:\\\/\\\/interamerica.org\\\/es\\\/2015\\\/03\\\/alcalde-de-ciudad-mas-grande-de-belice-celebra-la-educacion-adventista\\\/\",\"url\":\"https:\\\/\\\/interamerica.org\\\/es\\\/2015\\\/03\\\/alcalde-de-ciudad-mas-grande-de-belice-celebra-la-educacion-adventista\\\/\",\"name\":\"Alcalde de ciudad m\u00e1s grande de Belice celebra la educaci\u00f3n adventista - Iglesia Adventista del S\u00e9ptimo D\u00eda - Divisi\u00f3n Interamericana\",\"isPartOf\":{\"@id\":\"https:\\\/\\\/interamerica.org\\\/es\\\/#website\"},\"primaryImageOfPage\":{\"@id\":\"https:\\\/\\\/interamerica.org\\\/es\\\/2015\\\/03\\\/alcalde-de-ciudad-mas-grande-de-belice-celebra-la-educacion-adventista\\\/#primaryimage\"},\"image\":{\"@id\":\"https:\\\/\\\/interamerica.org\\\/es\\\/2015\\\/03\\\/alcalde-de-ciudad-mas-grande-de-belice-celebra-la-educacion-adventista\\\/#primaryimage\"},\"thumbnailUrl\":\"https:\\\/\\\/interamerica.org\\\/wp-content\\\/uploads\\\/2017\\\/06\\\/Wilson-LeitoBelize.png\",\"datePublished\":\"2015-03-14T04:00:00+00:00\",\"author\":{\"@id\":\"https:\\\/\\\/interamerica.org\\\/es\\\/#\\\/schema\\\/person\\\/68ede8bdc292885bb76c1e3810e73c39\"},\"breadcrumb\":{\"@id\":\"https:\\\/\\\/interamerica.org\\\/es\\\/2015\\\/03\\\/alcalde-de-ciudad-mas-grande-de-belice-celebra-la-educacion-adventista\\\/#breadcrumb\"},\"inLanguage\":\"es\",\"potentialAction\":[{\"@type\":\"ReadAction\",\"target\":[\"https:\\\/\\\/interamerica.org\\\/es\\\/2015\\\/03\\\/alcalde-de-ciudad-mas-grande-de-belice-celebra-la-educacion-adventista\\\/\"]}]},{\"@type\":\"ImageObject\",\"inLanguage\":\"es\",\"@id\":\"https:\\\/\\\/interamerica.org\\\/es\\\/2015\\\/03\\\/alcalde-de-ciudad-mas-grande-de-belice-celebra-la-educacion-adventista\\\/#primaryimage\",\"url\":\"https:\\\/\\\/interamerica.org\\\/wp-content\\\/uploads\\\/2017\\\/06\\\/Wilson-LeitoBelize.png\",\"contentUrl\":\"https:\\\/\\\/interamerica.org\\\/wp-content\\\/uploads\\\/2017\\\/06\\\/Wilson-LeitoBelize.png\",\"width\":300,\"height\":217},{\"@type\":\"BreadcrumbList\",\"@id\":\"https:\\\/\\\/interamerica.org\\\/es\\\/2015\\\/03\\\/alcalde-de-ciudad-mas-grande-de-belice-celebra-la-educacion-adventista\\\/#breadcrumb\",\"itemListElement\":[{\"@type\":\"ListItem\",\"position\":1,\"name\":\"Home\",\"item\":\"https:\\\/\\\/interamerica.org\\\/es\\\/\"},{\"@type\":\"ListItem\",\"position\":2,\"name\":\"Alcalde de ciudad m\u00e1s grande de Belice celebra la educaci\u00f3n adventista\"}]},{\"@type\":\"WebSite\",\"@id\":\"https:\\\/\\\/interamerica.org\\\/es\\\/#website\",\"url\":\"https:\\\/\\\/interamerica.org\\\/es\\\/\",\"name\":\"Iglesia Adventista del S\u00e9ptimo D\u00eda - Divisi\u00f3n Interamericana\",\"description\":\"\",\"potentialAction\":[{\"@type\":\"SearchAction\",\"target\":{\"@type\":\"EntryPoint\",\"urlTemplate\":\"https:\\\/\\\/interamerica.org\\\/es\\\/?s={search_term_string}\"},\"query-input\":{\"@type\":\"PropertyValueSpecification\",\"valueRequired\":true,\"valueName\":\"search_term_string\"}}],\"inLanguage\":\"es\"},{\"@type\":\"Person\",\"@id\":\"https:\\\/\\\/interamerica.org\\\/es\\\/#\\\/schema\\\/person\\\/68ede8bdc292885bb76c1e3810e73c39\",\"name\":\"Lorenzo Verduzco\",\"image\":{\"@type\":\"ImageObject\",\"inLanguage\":\"es\",\"@id\":\"https:\\\/\\\/secure.gravatar.com\\\/avatar\\\/fb81a55b6218459490a9c1dc841a34909185b81904c5337b4b27f7a6fd60c49e?s=96&d=mm&r=g\",\"url\":\"https:\\\/\\\/secure.gravatar.com\\\/avatar\\\/fb81a55b6218459490a9c1dc841a34909185b81904c5337b4b27f7a6fd60c49e?s=96&d=mm&r=g\",\"contentUrl\":\"https:\\\/\\\/secure.gravatar.com\\\/avatar\\\/fb81a55b6218459490a9c1dc841a34909185b81904c5337b4b27f7a6fd60c49e?s=96&d=mm&r=g\",\"caption\":\"Lorenzo Verduzco\"}}]}<\/script>\n<!-- \/ Yoast SEO plugin. -->","yoast_head_json":{"title":"Alcalde de ciudad m\u00e1s grande de Belice celebra la educaci\u00f3n adventista - Iglesia Adventista del S\u00e9ptimo D\u00eda - Divisi\u00f3n Interamericana","robots":{"index":"index","follow":"follow","max-snippet":"max-snippet:-1","max-image-preview":"max-image-preview:large","max-video-preview":"max-video-preview:-1"},"canonical":"https:\/\/interamerica.org\/es\/2015\/03\/alcalde-de-ciudad-mas-grande-de-belice-celebra-la-educacion-adventista\/","og_locale":"es_ES","og_type":"article","og_title":"Alcalde de ciudad m\u00e1s grande de Belice celebra la educaci\u00f3n adventista - Iglesia Adventista del S\u00e9ptimo D\u00eda - Divisi\u00f3n Interamericana","og_description":"El alcalde de la ciudad m\u00e1s grande de Belice felicit\u00f3 a la Iglesia Adventista por su trabajo en ese pa\u00eds centroamericano, y enfatiz\u00f3 su aprecio por la inmensa red de escuelas locales. Darrell Bradley, alcalde de Ciudad de Belice, flanqueado por el vicealcalde, dio la bienvenida a Ted N. C. Wilson, presidente de la Iglesia Adventista mundial, y a su esposa Nancy, cuando llegaron al aeropuerto el jueves para dar inicio a un recorrido por seis pa\u00edses de la Divisi\u00f3n Interamericana de la iglesia.","og_url":"https:\/\/interamerica.org\/es\/2015\/03\/alcalde-de-ciudad-mas-grande-de-belice-celebra-la-educacion-adventista\/","og_site_name":"Iglesia Adventista del S\u00e9ptimo D\u00eda - Divisi\u00f3n Interamericana","article_published_time":"2015-03-14T04:00:00+00:00","og_image":[{"width":300,"height":217,"url":"https:\/\/interamerica.org\/wp-content\/uploads\/2017\/06\/Wilson-LeitoBelize.png","type":"image\/png"}],"author":"Lorenzo Verduzco","twitter_card":"summary_large_image","twitter_misc":{"Escrito por":"Lorenzo Verduzco","Tiempo de lectura":"3 minutos"},"schema":{"@context":"https:\/\/schema.org","@graph":[{"@type":"Article","@id":"https:\/\/interamerica.org\/es\/2015\/03\/alcalde-de-ciudad-mas-grande-de-belice-celebra-la-educacion-adventista\/#article","isPartOf":{"@id":"https:\/\/interamerica.org\/es\/2015\/03\/alcalde-de-ciudad-mas-grande-de-belice-celebra-la-educacion-adventista\/"},"author":{"name":"Lorenzo Verduzco","@id":"https:\/\/interamerica.org\/es\/#\/schema\/person\/68ede8bdc292885bb76c1e3810e73c39"},"headline":"Alcalde de ciudad m\u00e1s grande de Belice celebra la educaci\u00f3n adventista","datePublished":"2015-03-14T04:00:00+00:00","mainEntityOfPage":{"@id":"https:\/\/interamerica.org\/es\/2015\/03\/alcalde-de-ciudad-mas-grande-de-belice-celebra-la-educacion-adventista\/"},"wordCount":639,"image":{"@id":"https:\/\/interamerica.org\/es\/2015\/03\/alcalde-de-ciudad-mas-grande-de-belice-celebra-la-educacion-adventista\/#primaryimage"},"thumbnailUrl":"https:\/\/interamerica.org\/wp-content\/uploads\/2017\/06\/Wilson-LeitoBelize.png","articleSection":["Desde el campo","RSS Espa\u00f1ol"],"inLanguage":"es"},{"@type":"WebPage","@id":"https:\/\/interamerica.org\/es\/2015\/03\/alcalde-de-ciudad-mas-grande-de-belice-celebra-la-educacion-adventista\/","url":"https:\/\/interamerica.org\/es\/2015\/03\/alcalde-de-ciudad-mas-grande-de-belice-celebra-la-educacion-adventista\/","name":"Alcalde de ciudad m\u00e1s grande de Belice celebra la educaci\u00f3n adventista - Iglesia Adventista del S\u00e9ptimo D\u00eda - Divisi\u00f3n Interamericana","isPartOf":{"@id":"https:\/\/interamerica.org\/es\/#website"},"primaryImageOfPage":{"@id":"https:\/\/interamerica.org\/es\/2015\/03\/alcalde-de-ciudad-mas-grande-de-belice-celebra-la-educacion-adventista\/#primaryimage"},"image":{"@id":"https:\/\/interamerica.org\/es\/2015\/03\/alcalde-de-ciudad-mas-grande-de-belice-celebra-la-educacion-adventista\/#primaryimage"},"thumbnailUrl":"https:\/\/interamerica.org\/wp-content\/uploads\/2017\/06\/Wilson-LeitoBelize.png","datePublished":"2015-03-14T04:00:00+00:00","author":{"@id":"https:\/\/interamerica.org\/es\/#\/schema\/person\/68ede8bdc292885bb76c1e3810e73c39"},"breadcrumb":{"@id":"https:\/\/interamerica.org\/es\/2015\/03\/alcalde-de-ciudad-mas-grande-de-belice-celebra-la-educacion-adventista\/#breadcrumb"},"inLanguage":"es","potentialAction":[{"@type":"ReadAction","target":["https:\/\/interamerica.org\/es\/2015\/03\/alcalde-de-ciudad-mas-grande-de-belice-celebra-la-educacion-adventista\/"]}]},{"@type":"ImageObject","inLanguage":"es","@id":"https:\/\/interamerica.org\/es\/2015\/03\/alcalde-de-ciudad-mas-grande-de-belice-celebra-la-educacion-adventista\/#primaryimage","url":"https:\/\/interamerica.org\/wp-content\/uploads\/2017\/06\/Wilson-LeitoBelize.png","contentUrl":"https:\/\/interamerica.org\/wp-content\/uploads\/2017\/06\/Wilson-LeitoBelize.png","width":300,"height":217},{"@type":"BreadcrumbList","@id":"https:\/\/interamerica.org\/es\/2015\/03\/alcalde-de-ciudad-mas-grande-de-belice-celebra-la-educacion-adventista\/#breadcrumb","itemListElement":[{"@type":"ListItem","position":1,"name":"Home","item":"https:\/\/interamerica.org\/es\/"},{"@type":"ListItem","position":2,"name":"Alcalde de ciudad m\u00e1s grande de Belice celebra la educaci\u00f3n adventista"}]},{"@type":"WebSite","@id":"https:\/\/interamerica.org\/es\/#website","url":"https:\/\/interamerica.org\/es\/","name":"Iglesia Adventista del S\u00e9ptimo D\u00eda - Divisi\u00f3n Interamericana","description":"","potentialAction":[{"@type":"SearchAction","target":{"@type":"EntryPoint","urlTemplate":"https:\/\/interamerica.org\/es\/?s={search_term_string}"},"query-input":{"@type":"PropertyValueSpecification","valueRequired":true,"valueName":"search_term_string"}}],"inLanguage":"es"},{"@type":"Person","@id":"https:\/\/interamerica.org\/es\/#\/schema\/person\/68ede8bdc292885bb76c1e3810e73c39","name":"Lorenzo Verduzco","image":{"@type":"ImageObject","inLanguage":"es","@id":"https:\/\/secure.gravatar.com\/avatar\/fb81a55b6218459490a9c1dc841a34909185b81904c5337b4b27f7a6fd60c49e?s=96&d=mm&r=g","url":"https:\/\/secure.gravatar.com\/avatar\/fb81a55b6218459490a9c1dc841a34909185b81904c5337b4b27f7a6fd60c49e?s=96&d=mm&r=g","contentUrl":"https:\/\/secure.gravatar.com\/avatar\/fb81a55b6218459490a9c1dc841a34909185b81904c5337b4b27f7a6fd60c49e?s=96&d=mm&r=g","caption":"Lorenzo Verduzco"}}]}},"_links":{"self":[{"href":"https:\/\/interamerica.org\/es\/wp-json\/wp\/v2\/posts\/30753","targetHints":{"allow":["GET"]}}],"collection":[{"href":"https:\/\/interamerica.org\/es\/wp-json\/wp\/v2\/posts"}],"about":[{"href":"https:\/\/interamerica.org\/es\/wp-json\/wp\/v2\/types\/post"}],"author":[{"embeddable":true,"href":"https:\/\/interamerica.org\/es\/wp-json\/wp\/v2\/users\/1"}],"replies":[{"embeddable":true,"href":"https:\/\/interamerica.org\/es\/wp-json\/wp\/v2\/comments?post=30753"}],"version-history":[{"count":0,"href":"https:\/\/interamerica.org\/es\/wp-json\/wp\/v2\/posts\/30753\/revisions"}],"wp:featuredmedia":[{"embeddable":true,"href":"https:\/\/interamerica.org\/es\/wp-json\/wp\/v2\/media\/24625"}],"wp:attachment":[{"href":"https:\/\/interamerica.org\/es\/wp-json\/wp\/v2\/media?parent=30753"}],"wp:term":[{"taxonomy":"category","embeddable":true,"href":"https:\/\/interamerica.org\/es\/wp-json\/wp\/v2\/categories?post=30753"},{"taxonomy":"post_tag","embeddable":true,"href":"https:\/\/interamerica.org\/es\/wp-json\/wp\/v2\/tags?post=30753"}],"curies":[{"name":"wp","href":"https:\/\/api.w.org\/{rel}","templated":true}]}}