{"id":30755,"date":"2015-03-15T00:00:00","date_gmt":"2015-03-15T04:00:00","guid":{"rendered":"http:\/\/192.81.217.108\/interamerica\/2015\/03\/se-bautizan-1500-personas-bajo-el-sol-abrasador-de-el-salvador\/"},"modified":"2015-03-15T00:00:00","modified_gmt":"2015-03-15T04:00:00","slug":"se-bautizan-1500-personas-bajo-el-sol-abrasador-de-el-salvador","status":"publish","type":"post","link":"https:\/\/interamerica.org\/es\/2015\/03\/se-bautizan-1500-personas-bajo-el-sol-abrasador-de-el-salvador\/","title":{"rendered":"Se bautizan 1500 personas bajo el sol abrasador de El Salvador"},"content":{"rendered":"<div id=\"attachment_15664\" style=\"width: 610px\" class=\"wp-caption aligncenter\"><a href=\"\/interamerica\/wp-content\/uploads\/2017\/06\/ESAU-baptism600.png\" rel=\"fancybox\" title=\"Se bautizan 1500 personas bajo el sol abrasador de El Salvador\"><img fetchpriority=\"high\" decoding=\"async\" aria-describedby=\"caption-attachment-15664\" class=\"size-full wp-image-15664\" src=\"\/interamerica\/wp-content\/uploads\/2017\/06\/ESAU-baptism600.png\" alt=\"\" width=\"600\" height=\"450\" \/><\/a><p id=\"caption-attachment-15664\" class=\"wp-caption-text\">Cientos esperan su turno para el bautismo en la piscina de la Escuela de Capacitaci\u00f3n Adventista de El Salvador, temprano el s\u00e1bado por la ma\u00f1ana bajo un sol abrasador, el 14 de marzo de 2015. Imagen de Ted N.C. Wilson.<\/p><\/div>\n<p>14 de marzo de 2015 | San Salvador, El Salvador | Andrew McChesney, editor de noticias, Adventist Review<\/p>\n<p>La Iglesia Adventista de El Salvador ha bautizado 1500 personas, 870 de ellas en un sofocante s\u00e1bado de ma\u00f1ana, mientras sigue adelante con sus planes de establecer cien nuevas iglesias durante la primera mitad de este a\u00f1o.<\/p>\n<div id=\"attachment_15662\" style=\"width: 410px\" class=\"wp-caption alignleft\"><a href=\"\/interamerica\/wp-content\/uploads\/2017\/06\/ESAU-Pacheco.png\" rel=\"fancybox\" title=\"Se bautizan 1500 personas bajo el sol abrasador de El Salvador\"><img decoding=\"async\" aria-describedby=\"caption-attachment-15662\" class=\"size-full wp-image-15662\" src=\"\/interamerica\/wp-content\/uploads\/2017\/06\/ESAU-Pacheco.png\" alt=\"\" width=\"400\" height=\"254\" \/><\/a><p id=\"caption-attachment-15662\" class=\"wp-caption-text\">Abel Pacheco, presidente de la Uni\u00f3n Misi\u00f3n de El Salvador, habla en la Escuela de Capacitaci\u00f3n Adventista Salvadore\u00f1a E.C.A.S. Imagen de Ted N.C. Wilson<\/p><\/div>\n<p>El culto sab\u00e1tico, que se llev\u00f3 a cabo en la Escuela de Capacitaci\u00f3n Adventista Salvadore\u00f1a (E.C.A.S.), se inici\u00f3 temprano, a eso de las 7.45 del 14 de marzo, para asegurarse de que los 520 bautismos planeados para la escuela pudieran llevarse a cabo antes de que el sol calentara con m\u00e1s fuerza.<\/p>\n<p>Ted N. C. Wilson, presidente de la Iglesia Adventista mundial, pas\u00f3 a predicar a las 8.10 de la ma\u00f1ana.<\/p>\n<p>\u201cQuer\u00edan proteger a la gente del intenso calor y del sol del mediod\u00eda\u00bb, cont\u00f3 Wilson a la Adventist Review.<\/p>\n<p>Wilson predic\u00f3 un serm\u00f3n titulado \u00abCristo y su justicia\u00bb a una audiencia que se congreg\u00f3 bajo una \u00abcatedral\u00bb improvisada al aire libre compuesta por pantallas de protecci\u00f3n en los terrenos de la instituci\u00f3n educativa, que se encuentra en el pueblo de Opico, a unos cuarenta kil\u00f3metros de San Salvador, la capital del pa\u00eds.<\/p>\n<p>Las pantallas, que proteg\u00edan a los presentes del rayo directo del sol, fueron un pr\u00e9stamo del ej\u00e9rcito, y fueron conseguidas por el Procurador General Asistente de El Salvador, que es adventista.<\/p>\n<p>\u00abFue uno de los lugares de culto m\u00e1s inusuales en los que he estado, un lugar muy hermoso, bajo los ondulantes movimientos de las pantallas por causa de la brisa\u00bb, dijo Wilson. \u00ab\u00a1Sent\u00ed como si estuvi\u00e9ramos por despegar rumbo al cielo en cualquier momento!\u00bb<\/p>\n<p>Los 520 candidatos bautismales salieron del agua antes de que la temperatura llegara a los 34 grados cent\u00edgrados bajo un cielo totalmente despejado.<\/p>\n<div id=\"attachment_15665\" style=\"width: 410px\" class=\"wp-caption alignright\"><a href=\"\/interamerica\/wp-content\/uploads\/2017\/06\/ESAU-wilson400.png\" rel=\"fancybox\" title=\"Se bautizan 1500 personas bajo el sol abrasador de El Salvador\"><img decoding=\"async\" aria-describedby=\"caption-attachment-15665\" class=\"size-full wp-image-15665\" src=\"\/interamerica\/wp-content\/uploads\/2017\/06\/ESAU-wilson400.png\" alt=\"\" width=\"400\" height=\"300\" \/><\/a><p id=\"caption-attachment-15665\" class=\"wp-caption-text\">El presidente Ted N.C. Wilson observa los bautismos.<\/p><\/div>\n<p>Otras 350 personas fueron bautizadas el s\u00e1bado por la tarde en la regi\u00f3n oriental de El Salvador, que es el pa\u00eds m\u00e1s peque\u00f1o y m\u00e1s densamente poblado de Am\u00e9rica Central, con casi siete millones de personas que viven en poco m\u00e1s de 21 mil kil\u00f3metros cuadrados.<\/p>\n<p>Los otros 630 nuevos miembros fueron bautizados el jueves pasado en el cierre de las reuniones de evangelizaci\u00f3n.<\/p>\n<p>Los l\u00edderes de la Iglesia Adventista local han establecido el objetivo de a\u00f1adir cien congregaciones a las 708 iglesias y 236 grupos del pa\u00eds para junio de 2015. La Iglesia Adventista ten\u00eda una feligres\u00eda de 197.974 para fines de 2014, y tambi\u00e9n administra 25 escuelas en el pa\u00eds.<\/p>\n<p>El Salvador es la segunda parada de Wilson en una recorrida por seis pa\u00edses de la Divisi\u00f3n Interamericana de la Iglesia Adventista. Wilson comenz\u00f3 el viaje de aliento y apoyo en Belice el jueves pasado, y a continuaci\u00f3n volar\u00e1 a Nicaragua, donde el domingo ser\u00e1n bautizadas m\u00e1s de dos mil personas.<\/p>\n<p>Wilson alab\u00f3 a Dios por sus bendiciones sobre la iglesia de El Salvador.<\/p>\n<p>\u201cEl pueblo de El Salvador es maravilloso, saludable, y est\u00e1 orientado hacia la misi\u00f3n\u201d, dijo.<\/p>\n<p>Para ver m\u00e1s fotos, haga clic <a href=\"https:\/\/www.flickr.com\/photos\/62713809@N07\/sets\/72157649024443464\/\">AQU\u00cd<\/a><\/p>\n<p><em>Traducci\u00f3n de Marcos Paseggi<\/em><\/p>\n","protected":false},"excerpt":{"rendered":"<p>La Iglesia Adventista de El Salvador ha bautizado 1500 personas, 870 de ellas en un sofocante s\u00e1bado de ma\u00f1ana, mientras sigue adelante con sus planes de establecer cien nuevas iglesias durante la primera mitad de este a\u00f1o. <\/p>\n<p>El culto sab\u00e1tico, que se llev\u00f3 a cabo en la Escuela de Capacitaci\u00f3n Adventista de El Salvador, se inici\u00f3 temprano, a eso de las 7.45 del 14 de marzo, para asegurarse de que los 520 bautismos planeados para la escuela pudieran llevarse a cabo antes de que el sol calentara con m\u00e1s fuerza.<\/p>\n","protected":false},"author":1,"featured_media":24635,"comment_status":"closed","ping_status":"closed","sticky":false,"template":"","format":"standard","meta":{"_acf_changed":false,"footnotes":""},"categories":[17,15],"tags":[],"class_list":["post-30755","post","type-post","status-publish","format-standard","has-post-thumbnail","hentry","category-desde-el-campo","category-rss-espanol"],"acf":[],"yoast_head":"<!-- This site is optimized with the Yoast SEO plugin v27.3 - https:\/\/yoast.com\/product\/yoast-seo-wordpress\/ -->\n<title>Se bautizan 1500 personas bajo el sol abrasador de El Salvador - Iglesia Adventista del S\u00e9ptimo D\u00eda - Divisi\u00f3n Interamericana<\/title>\n<meta name=\"robots\" content=\"index, follow, max-snippet:-1, max-image-preview:large, max-video-preview:-1\" \/>\n<link rel=\"canonical\" href=\"https:\/\/interamerica.org\/es\/2015\/03\/se-bautizan-1500-personas-bajo-el-sol-abrasador-de-el-salvador\/\" \/>\n<meta property=\"og:locale\" content=\"es_ES\" \/>\n<meta property=\"og:type\" content=\"article\" \/>\n<meta property=\"og:title\" content=\"Se bautizan 1500 personas bajo el sol abrasador de El Salvador - Iglesia Adventista del S\u00e9ptimo D\u00eda - Divisi\u00f3n Interamericana\" \/>\n<meta property=\"og:description\" content=\"La Iglesia Adventista de El Salvador ha bautizado 1500 personas, 870 de ellas en un sofocante s\u00e1bado de ma\u00f1ana, mientras sigue adelante con sus planes de establecer cien nuevas iglesias durante la primera mitad de este a\u00f1o.  El culto sab\u00e1tico, que se llev\u00f3 a cabo en la Escuela de Capacitaci\u00f3n Adventista de El Salvador, se inici\u00f3 temprano, a eso de las 7.45 del 14 de marzo, para asegurarse de que los 520 bautismos planeados para la escuela pudieran llevarse a cabo antes de que el sol calentara con m\u00e1s fuerza.\" \/>\n<meta property=\"og:url\" content=\"https:\/\/interamerica.org\/es\/2015\/03\/se-bautizan-1500-personas-bajo-el-sol-abrasador-de-el-salvador\/\" \/>\n<meta property=\"og:site_name\" content=\"Iglesia Adventista del S\u00e9ptimo D\u00eda - Divisi\u00f3n Interamericana\" \/>\n<meta property=\"article:published_time\" content=\"2015-03-15T04:00:00+00:00\" \/>\n<meta property=\"og:image\" content=\"https:\/\/interamerica.org\/wp-content\/uploads\/2017\/06\/ESAU-baptism600.png\" \/>\n\t<meta property=\"og:image:width\" content=\"600\" \/>\n\t<meta property=\"og:image:height\" content=\"450\" \/>\n\t<meta property=\"og:image:type\" content=\"image\/png\" \/>\n<meta name=\"author\" content=\"Lorenzo Verduzco\" \/>\n<meta name=\"twitter:card\" content=\"summary_large_image\" \/>\n<meta name=\"twitter:label1\" content=\"Escrito por\" \/>\n\t<meta name=\"twitter:data1\" content=\"Lorenzo Verduzco\" \/>\n\t<meta name=\"twitter:label2\" content=\"Tiempo de lectura\" \/>\n\t<meta name=\"twitter:data2\" content=\"3 minutos\" \/>\n<script type=\"application\/ld+json\" class=\"yoast-schema-graph\">{\"@context\":\"https:\\\/\\\/schema.org\",\"@graph\":[{\"@type\":\"Article\",\"@id\":\"https:\\\/\\\/interamerica.org\\\/es\\\/2015\\\/03\\\/se-bautizan-1500-personas-bajo-el-sol-abrasador-de-el-salvador\\\/#article\",\"isPartOf\":{\"@id\":\"https:\\\/\\\/interamerica.org\\\/es\\\/2015\\\/03\\\/se-bautizan-1500-personas-bajo-el-sol-abrasador-de-el-salvador\\\/\"},\"author\":{\"name\":\"Lorenzo Verduzco\",\"@id\":\"https:\\\/\\\/interamerica.org\\\/es\\\/#\\\/schema\\\/person\\\/68ede8bdc292885bb76c1e3810e73c39\"},\"headline\":\"Se bautizan 1500 personas bajo el sol abrasador de El Salvador\",\"datePublished\":\"2015-03-15T04:00:00+00:00\",\"mainEntityOfPage\":{\"@id\":\"https:\\\/\\\/interamerica.org\\\/es\\\/2015\\\/03\\\/se-bautizan-1500-personas-bajo-el-sol-abrasador-de-el-salvador\\\/\"},\"wordCount\":640,\"image\":{\"@id\":\"https:\\\/\\\/interamerica.org\\\/es\\\/2015\\\/03\\\/se-bautizan-1500-personas-bajo-el-sol-abrasador-de-el-salvador\\\/#primaryimage\"},\"thumbnailUrl\":\"https:\\\/\\\/interamerica.org\\\/wp-content\\\/uploads\\\/2017\\\/06\\\/ESAU-baptism600.png\",\"articleSection\":[\"Desde el campo\",\"RSS Espa\u00f1ol\"],\"inLanguage\":\"es\"},{\"@type\":\"WebPage\",\"@id\":\"https:\\\/\\\/interamerica.org\\\/es\\\/2015\\\/03\\\/se-bautizan-1500-personas-bajo-el-sol-abrasador-de-el-salvador\\\/\",\"url\":\"https:\\\/\\\/interamerica.org\\\/es\\\/2015\\\/03\\\/se-bautizan-1500-personas-bajo-el-sol-abrasador-de-el-salvador\\\/\",\"name\":\"Se bautizan 1500 personas bajo el sol abrasador de El Salvador - Iglesia Adventista del S\u00e9ptimo D\u00eda - Divisi\u00f3n Interamericana\",\"isPartOf\":{\"@id\":\"https:\\\/\\\/interamerica.org\\\/es\\\/#website\"},\"primaryImageOfPage\":{\"@id\":\"https:\\\/\\\/interamerica.org\\\/es\\\/2015\\\/03\\\/se-bautizan-1500-personas-bajo-el-sol-abrasador-de-el-salvador\\\/#primaryimage\"},\"image\":{\"@id\":\"https:\\\/\\\/interamerica.org\\\/es\\\/2015\\\/03\\\/se-bautizan-1500-personas-bajo-el-sol-abrasador-de-el-salvador\\\/#primaryimage\"},\"thumbnailUrl\":\"https:\\\/\\\/interamerica.org\\\/wp-content\\\/uploads\\\/2017\\\/06\\\/ESAU-baptism600.png\",\"datePublished\":\"2015-03-15T04:00:00+00:00\",\"author\":{\"@id\":\"https:\\\/\\\/interamerica.org\\\/es\\\/#\\\/schema\\\/person\\\/68ede8bdc292885bb76c1e3810e73c39\"},\"breadcrumb\":{\"@id\":\"https:\\\/\\\/interamerica.org\\\/es\\\/2015\\\/03\\\/se-bautizan-1500-personas-bajo-el-sol-abrasador-de-el-salvador\\\/#breadcrumb\"},\"inLanguage\":\"es\",\"potentialAction\":[{\"@type\":\"ReadAction\",\"target\":[\"https:\\\/\\\/interamerica.org\\\/es\\\/2015\\\/03\\\/se-bautizan-1500-personas-bajo-el-sol-abrasador-de-el-salvador\\\/\"]}]},{\"@type\":\"ImageObject\",\"inLanguage\":\"es\",\"@id\":\"https:\\\/\\\/interamerica.org\\\/es\\\/2015\\\/03\\\/se-bautizan-1500-personas-bajo-el-sol-abrasador-de-el-salvador\\\/#primaryimage\",\"url\":\"https:\\\/\\\/interamerica.org\\\/wp-content\\\/uploads\\\/2017\\\/06\\\/ESAU-baptism600.png\",\"contentUrl\":\"https:\\\/\\\/interamerica.org\\\/wp-content\\\/uploads\\\/2017\\\/06\\\/ESAU-baptism600.png\",\"width\":600,\"height\":450},{\"@type\":\"BreadcrumbList\",\"@id\":\"https:\\\/\\\/interamerica.org\\\/es\\\/2015\\\/03\\\/se-bautizan-1500-personas-bajo-el-sol-abrasador-de-el-salvador\\\/#breadcrumb\",\"itemListElement\":[{\"@type\":\"ListItem\",\"position\":1,\"name\":\"Home\",\"item\":\"https:\\\/\\\/interamerica.org\\\/es\\\/\"},{\"@type\":\"ListItem\",\"position\":2,\"name\":\"Se bautizan 1500 personas bajo el sol abrasador de El Salvador\"}]},{\"@type\":\"WebSite\",\"@id\":\"https:\\\/\\\/interamerica.org\\\/es\\\/#website\",\"url\":\"https:\\\/\\\/interamerica.org\\\/es\\\/\",\"name\":\"Iglesia Adventista del S\u00e9ptimo D\u00eda - Divisi\u00f3n Interamericana\",\"description\":\"\",\"potentialAction\":[{\"@type\":\"SearchAction\",\"target\":{\"@type\":\"EntryPoint\",\"urlTemplate\":\"https:\\\/\\\/interamerica.org\\\/es\\\/?s={search_term_string}\"},\"query-input\":{\"@type\":\"PropertyValueSpecification\",\"valueRequired\":true,\"valueName\":\"search_term_string\"}}],\"inLanguage\":\"es\"},{\"@type\":\"Person\",\"@id\":\"https:\\\/\\\/interamerica.org\\\/es\\\/#\\\/schema\\\/person\\\/68ede8bdc292885bb76c1e3810e73c39\",\"name\":\"Lorenzo Verduzco\",\"image\":{\"@type\":\"ImageObject\",\"inLanguage\":\"es\",\"@id\":\"https:\\\/\\\/secure.gravatar.com\\\/avatar\\\/fb81a55b6218459490a9c1dc841a34909185b81904c5337b4b27f7a6fd60c49e?s=96&d=mm&r=g\",\"url\":\"https:\\\/\\\/secure.gravatar.com\\\/avatar\\\/fb81a55b6218459490a9c1dc841a34909185b81904c5337b4b27f7a6fd60c49e?s=96&d=mm&r=g\",\"contentUrl\":\"https:\\\/\\\/secure.gravatar.com\\\/avatar\\\/fb81a55b6218459490a9c1dc841a34909185b81904c5337b4b27f7a6fd60c49e?s=96&d=mm&r=g\",\"caption\":\"Lorenzo Verduzco\"}}]}<\/script>\n<!-- \/ Yoast SEO plugin. -->","yoast_head_json":{"title":"Se bautizan 1500 personas bajo el sol abrasador de El Salvador - Iglesia Adventista del S\u00e9ptimo D\u00eda - Divisi\u00f3n Interamericana","robots":{"index":"index","follow":"follow","max-snippet":"max-snippet:-1","max-image-preview":"max-image-preview:large","max-video-preview":"max-video-preview:-1"},"canonical":"https:\/\/interamerica.org\/es\/2015\/03\/se-bautizan-1500-personas-bajo-el-sol-abrasador-de-el-salvador\/","og_locale":"es_ES","og_type":"article","og_title":"Se bautizan 1500 personas bajo el sol abrasador de El Salvador - Iglesia Adventista del S\u00e9ptimo D\u00eda - Divisi\u00f3n Interamericana","og_description":"La Iglesia Adventista de El Salvador ha bautizado 1500 personas, 870 de ellas en un sofocante s\u00e1bado de ma\u00f1ana, mientras sigue adelante con sus planes de establecer cien nuevas iglesias durante la primera mitad de este a\u00f1o.  El culto sab\u00e1tico, que se llev\u00f3 a cabo en la Escuela de Capacitaci\u00f3n Adventista de El Salvador, se inici\u00f3 temprano, a eso de las 7.45 del 14 de marzo, para asegurarse de que los 520 bautismos planeados para la escuela pudieran llevarse a cabo antes de que el sol calentara con m\u00e1s fuerza.","og_url":"https:\/\/interamerica.org\/es\/2015\/03\/se-bautizan-1500-personas-bajo-el-sol-abrasador-de-el-salvador\/","og_site_name":"Iglesia Adventista del S\u00e9ptimo D\u00eda - Divisi\u00f3n Interamericana","article_published_time":"2015-03-15T04:00:00+00:00","og_image":[{"width":600,"height":450,"url":"https:\/\/interamerica.org\/wp-content\/uploads\/2017\/06\/ESAU-baptism600.png","type":"image\/png"}],"author":"Lorenzo Verduzco","twitter_card":"summary_large_image","twitter_misc":{"Escrito por":"Lorenzo Verduzco","Tiempo de lectura":"3 minutos"},"schema":{"@context":"https:\/\/schema.org","@graph":[{"@type":"Article","@id":"https:\/\/interamerica.org\/es\/2015\/03\/se-bautizan-1500-personas-bajo-el-sol-abrasador-de-el-salvador\/#article","isPartOf":{"@id":"https:\/\/interamerica.org\/es\/2015\/03\/se-bautizan-1500-personas-bajo-el-sol-abrasador-de-el-salvador\/"},"author":{"name":"Lorenzo Verduzco","@id":"https:\/\/interamerica.org\/es\/#\/schema\/person\/68ede8bdc292885bb76c1e3810e73c39"},"headline":"Se bautizan 1500 personas bajo el sol abrasador de El Salvador","datePublished":"2015-03-15T04:00:00+00:00","mainEntityOfPage":{"@id":"https:\/\/interamerica.org\/es\/2015\/03\/se-bautizan-1500-personas-bajo-el-sol-abrasador-de-el-salvador\/"},"wordCount":640,"image":{"@id":"https:\/\/interamerica.org\/es\/2015\/03\/se-bautizan-1500-personas-bajo-el-sol-abrasador-de-el-salvador\/#primaryimage"},"thumbnailUrl":"https:\/\/interamerica.org\/wp-content\/uploads\/2017\/06\/ESAU-baptism600.png","articleSection":["Desde el campo","RSS Espa\u00f1ol"],"inLanguage":"es"},{"@type":"WebPage","@id":"https:\/\/interamerica.org\/es\/2015\/03\/se-bautizan-1500-personas-bajo-el-sol-abrasador-de-el-salvador\/","url":"https:\/\/interamerica.org\/es\/2015\/03\/se-bautizan-1500-personas-bajo-el-sol-abrasador-de-el-salvador\/","name":"Se bautizan 1500 personas bajo el sol abrasador de El Salvador - Iglesia Adventista del S\u00e9ptimo D\u00eda - Divisi\u00f3n Interamericana","isPartOf":{"@id":"https:\/\/interamerica.org\/es\/#website"},"primaryImageOfPage":{"@id":"https:\/\/interamerica.org\/es\/2015\/03\/se-bautizan-1500-personas-bajo-el-sol-abrasador-de-el-salvador\/#primaryimage"},"image":{"@id":"https:\/\/interamerica.org\/es\/2015\/03\/se-bautizan-1500-personas-bajo-el-sol-abrasador-de-el-salvador\/#primaryimage"},"thumbnailUrl":"https:\/\/interamerica.org\/wp-content\/uploads\/2017\/06\/ESAU-baptism600.png","datePublished":"2015-03-15T04:00:00+00:00","author":{"@id":"https:\/\/interamerica.org\/es\/#\/schema\/person\/68ede8bdc292885bb76c1e3810e73c39"},"breadcrumb":{"@id":"https:\/\/interamerica.org\/es\/2015\/03\/se-bautizan-1500-personas-bajo-el-sol-abrasador-de-el-salvador\/#breadcrumb"},"inLanguage":"es","potentialAction":[{"@type":"ReadAction","target":["https:\/\/interamerica.org\/es\/2015\/03\/se-bautizan-1500-personas-bajo-el-sol-abrasador-de-el-salvador\/"]}]},{"@type":"ImageObject","inLanguage":"es","@id":"https:\/\/interamerica.org\/es\/2015\/03\/se-bautizan-1500-personas-bajo-el-sol-abrasador-de-el-salvador\/#primaryimage","url":"https:\/\/interamerica.org\/wp-content\/uploads\/2017\/06\/ESAU-baptism600.png","contentUrl":"https:\/\/interamerica.org\/wp-content\/uploads\/2017\/06\/ESAU-baptism600.png","width":600,"height":450},{"@type":"BreadcrumbList","@id":"https:\/\/interamerica.org\/es\/2015\/03\/se-bautizan-1500-personas-bajo-el-sol-abrasador-de-el-salvador\/#breadcrumb","itemListElement":[{"@type":"ListItem","position":1,"name":"Home","item":"https:\/\/interamerica.org\/es\/"},{"@type":"ListItem","position":2,"name":"Se bautizan 1500 personas bajo el sol abrasador de El Salvador"}]},{"@type":"WebSite","@id":"https:\/\/interamerica.org\/es\/#website","url":"https:\/\/interamerica.org\/es\/","name":"Iglesia Adventista del S\u00e9ptimo D\u00eda - Divisi\u00f3n Interamericana","description":"","potentialAction":[{"@type":"SearchAction","target":{"@type":"EntryPoint","urlTemplate":"https:\/\/interamerica.org\/es\/?s={search_term_string}"},"query-input":{"@type":"PropertyValueSpecification","valueRequired":true,"valueName":"search_term_string"}}],"inLanguage":"es"},{"@type":"Person","@id":"https:\/\/interamerica.org\/es\/#\/schema\/person\/68ede8bdc292885bb76c1e3810e73c39","name":"Lorenzo Verduzco","image":{"@type":"ImageObject","inLanguage":"es","@id":"https:\/\/secure.gravatar.com\/avatar\/fb81a55b6218459490a9c1dc841a34909185b81904c5337b4b27f7a6fd60c49e?s=96&d=mm&r=g","url":"https:\/\/secure.gravatar.com\/avatar\/fb81a55b6218459490a9c1dc841a34909185b81904c5337b4b27f7a6fd60c49e?s=96&d=mm&r=g","contentUrl":"https:\/\/secure.gravatar.com\/avatar\/fb81a55b6218459490a9c1dc841a34909185b81904c5337b4b27f7a6fd60c49e?s=96&d=mm&r=g","caption":"Lorenzo Verduzco"}}]}},"_links":{"self":[{"href":"https:\/\/interamerica.org\/es\/wp-json\/wp\/v2\/posts\/30755","targetHints":{"allow":["GET"]}}],"collection":[{"href":"https:\/\/interamerica.org\/es\/wp-json\/wp\/v2\/posts"}],"about":[{"href":"https:\/\/interamerica.org\/es\/wp-json\/wp\/v2\/types\/post"}],"author":[{"embeddable":true,"href":"https:\/\/interamerica.org\/es\/wp-json\/wp\/v2\/users\/1"}],"replies":[{"embeddable":true,"href":"https:\/\/interamerica.org\/es\/wp-json\/wp\/v2\/comments?post=30755"}],"version-history":[{"count":0,"href":"https:\/\/interamerica.org\/es\/wp-json\/wp\/v2\/posts\/30755\/revisions"}],"wp:featuredmedia":[{"embeddable":true,"href":"https:\/\/interamerica.org\/es\/wp-json\/wp\/v2\/media\/24635"}],"wp:attachment":[{"href":"https:\/\/interamerica.org\/es\/wp-json\/wp\/v2\/media?parent=30755"}],"wp:term":[{"taxonomy":"category","embeddable":true,"href":"https:\/\/interamerica.org\/es\/wp-json\/wp\/v2\/categories?post=30755"},{"taxonomy":"post_tag","embeddable":true,"href":"https:\/\/interamerica.org\/es\/wp-json\/wp\/v2\/tags?post=30755"}],"curies":[{"name":"wp","href":"https:\/\/api.w.org\/{rel}","templated":true}]}}