{"id":30756,"date":"2015-03-16T00:00:00","date_gmt":"2015-03-16T04:00:00","guid":{"rendered":"http:\/\/192.81.217.108\/interamerica\/2015\/03\/iglesia-adventista-inaugura-primer-centro-de-vida-sana-en-venezuela-oriental\/"},"modified":"2015-03-16T00:00:00","modified_gmt":"2015-03-16T04:00:00","slug":"iglesia-adventista-inaugura-primer-centro-de-vida-sana-en-venezuela-oriental","status":"publish","type":"post","link":"https:\/\/interamerica.org\/es\/2015\/03\/iglesia-adventista-inaugura-primer-centro-de-vida-sana-en-venezuela-oriental\/","title":{"rendered":"Iglesia Adventista inaugura primer Centro de Vida Sana en Venezuela Oriental"},"content":{"rendered":"<div id=\"attachment_15688\" style=\"width: 610px\" class=\"wp-caption aligncenter\"><a href=\"\/interamerica\/wp-content\/uploads\/2017\/06\/EVAU-VidaSAna600.png\" rel=\"fancybox\" title=\"Iglesia Adventista inaugura primer Centro de Vida Sana en Venezuela Oriental\"><img fetchpriority=\"high\" decoding=\"async\" aria-describedby=\"caption-attachment-15688\" class=\"size-full wp-image-15688\" src=\"\/interamerica\/wp-content\/uploads\/2017\/06\/EVAU-VidaSAna600.png\" alt=\"\" width=\"600\" height=\"400\" \/><\/a><p id=\"caption-attachment-15688\" class=\"wp-caption-text\">Centro Integral Adventista de Vida Sana es el primer centro naturista que la Iglesia Adventista ha establecido en Caripe en el oriente de Venezuela. L\u00edderes de la comunidad y de la iglesia visitaron el nuevo edificio el cual fue inaugurado el 27 de febrero del 2015. Imagenes de El\u00edas Ledezma\/DIA<\/p><\/div>\n<p>15 de marzo de 2015 | Caripe, Venezuela | Freddy Berroteran\/DIA\/Adventist Review<\/p>\n<p>La Iglesia Adventista del S\u00e9ptimo D\u00eda ha inaugurado su primer centro de vida sana en Venezuela, el que cuenta con sesenta camas, salas de masajes y una piscina para tratamientos de hidroterapia en una colina cubierta de bosques.<\/p>\n<div id=\"attachment_15702\" style=\"width: 410px\" class=\"wp-caption alignright\"><a href=\"\/interamerica\/wp-content\/uploads\/2017\/06\/EVAU-vidasana.png\" rel=\"fancybox\" title=\"Iglesia Adventista inaugura primer Centro de Vida Sana en Venezuela Oriental\"><img decoding=\"async\" aria-describedby=\"caption-attachment-15702\" class=\"size-full wp-image-15702\" src=\"\/interamerica\/wp-content\/uploads\/2017\/06\/EVAU-vidasana.png\" alt=\"\" width=\"400\" height=\"267\" \/><\/a><p id=\"caption-attachment-15702\" class=\"wp-caption-text\">Unas trece hect\u00e1reas de bosques rodean las nuevas instalaciones en la regi\u00f3n monta\u00f1osa de Venezuela Oriental.<\/p><\/div>\n<p>Las instalaciones, denominadas Centro Integral Adventista de Vida Sana, ofrecer\u00e1n remedios naturales y medicina preventiva a la comunidad de m\u00e1s de 55 mil personas del lugar y, dijeron los l\u00edderes, sirve como testamento del poder de Dios de proveer de materiales de construcci\u00f3n en momentos de crisis econ\u00f3mica.<\/p>\n<p>\u00abNo podemos sino alabar a Dios por este milagro porque en tan solo un a\u00f1o, en medio de la peor crisis econ\u00f3mica de Venezuela, cuando escasea el cemento, el acero, el vidrio y todo tipo de materiales de construcci\u00f3n, Dios cuid\u00f3 de la construcci\u00f3n del centro cada d\u00eda\u00bb, dijo Josney Rodr\u00edguez, presidente de la Uni\u00f3n Venezolana Oriental.<\/p>\n<p>\u00abFue la \u00fanica construcci\u00f3n de toda la regi\u00f3n que tuvo cemento y pudo completar la edificaci\u00f3n\u00bb, dijo en la ceremonia de apertura de las instalaciones amarillas de dos pisos en las afueras de la ciudad de Caripe, a unos 530 kil\u00f3metros al este de Caracas, la capital del pa\u00eds.<\/p>\n<p>M\u00e1s de 250 l\u00edderes, miembros y l\u00edderes de la comunidad se dieron cita para el hist\u00f3rico momento. El centro de vida sana cuenta con diez salas para pacientes y sesenta camas, un gimnasio de terapia f\u00edsica, una piscina para hidroterapia, las salas de masajes, las salas de espera, un comedor, y una sala de conferencias rodeada de trece hect\u00e1reas de inmaculados bosques.<\/p>\n<p>\u00abEste lugar representa el marco perfecto natural para todo aquel desee recuperar su salud\u00bb, dijo Rodr\u00edguez.<\/p>\n<div id=\"attachment_15689\" style=\"width: 410px\" class=\"wp-caption alignleft\"><a href=\"\/interamerica\/wp-content\/uploads\/2017\/06\/EVAU-crowd.png\" rel=\"fancybox\" title=\"Iglesia Adventista inaugura primer Centro de Vida Sana en Venezuela Oriental\"><img decoding=\"async\" aria-describedby=\"caption-attachment-15689\" class=\"size-full wp-image-15689\" src=\"\/interamerica\/wp-content\/uploads\/2017\/06\/EVAU-crowd.png\" alt=\"\" width=\"400\" height=\"267\" \/><\/a><p id=\"caption-attachment-15689\" class=\"wp-caption-text\">El pastor Israel Leito, presidente de la Iglesia Adventista en Interam\u00e9rica, habla ante unos 250 l\u00edderes y miembros de la comunidad durante la ceremonia de inauguraci\u00f3n del Centro Integral Vida Sana, en Caripe, Venezuela, el pasado 27 de febrero de 2015.<\/p><\/div>\n<p>El presidente de la iglesia en la regi\u00f3n enfatiz\u00f3 que el centro cumple con los requisitos especificados en los escritos de salud de Elena G. White, una de las fundadoras de la iglesia.<\/p>\n<p>Las instalaciones no solo servir\u00e1n a las comunidades circundantes con atenci\u00f3n de salud a bajo costo, sino que tambi\u00e9n capacitar\u00e1n a m\u00e9dicos misioneros para que ense\u00f1en a prevenir las enfermedades y sobre remedios naturales en seminarios en las 814 iglesias y congregaciones adventistas esparcidas a lo largo y a lo ancho de la Uni\u00f3n Venezolana Oriental.<\/p>\n<p>El territorio, que cubre desde Caracas hasta la frontera este de Venezuela con Guyana, ya cuenta con dos cl\u00ednicas para pacientes ambulatorios, as\u00ed como varias escuelas primarias y la Universidad Adventista de Venezuela, que opera con la Uni\u00f3n de Venezuela Occidental.<\/p>\n<p>Israel Leito, presidente de la Iglesia Adventista en la Divisi\u00f3n Interamericana, que incluye a Venezuela, inst\u00f3 al personal del centro en la apertura del pasado 26 de febrero a que conserven las caracter\u00edsticas distintivas de su fe y que ayuden a ser una bendici\u00f3n para todos los que visiten la instituci\u00f3n.<\/p>\n<p>La financiaci\u00f3n para el proyecto se inici\u00f3 en 2012, cuando los 144 mil miembros de la Uni\u00f3n Venezolana Oriental contribuyeron con una ofrenda especial de fin de a\u00f1o.<\/p>\n<p>Rodr\u00edguez dijo que la espera para contar con un centro as\u00ed ha sido mucho m\u00e1s larga.<\/p>\n<p>\u00abDurante m\u00e1s de 35 a\u00f1os, los miembros de iglesia han estado esperando para que la iglesia ofrezca un centro de vida sana\u00bb, dijo.<\/p>\n<p>&nbsp;<\/p>\n<p><em>Traducci\u00f3n de Marcos Paseggi<\/em><\/p>\n","protected":false},"excerpt":{"rendered":"<p>La Iglesia Adventista del S\u00e9ptimo D\u00eda ha inaugurado su primer centro de vida sana en Venezuela, el que cuenta con sesenta camas, salas de masajes y una piscina para tratamientos de hidroterapia en una colina cubierta de bosques.<\/p>\n<p> Las instalaciones, denominadas Centro Integral Adventista de Vida Sana, ofrecer\u00e1n remedios naturales y medicina preventiva a la comunidad de m\u00e1s de 55 mil personas del lugar y, dijeron los l\u00edderes, sirve como testamento del poder de Dios de proveer de materiales de construcci\u00f3n en momentos de crisis econ\u00f3mica.<\/p>\n","protected":false},"author":1,"featured_media":24648,"comment_status":"closed","ping_status":"closed","sticky":false,"template":"","format":"standard","meta":{"_acf_changed":false,"footnotes":""},"categories":[17,15],"tags":[],"class_list":["post-30756","post","type-post","status-publish","format-standard","has-post-thumbnail","hentry","category-desde-el-campo","category-rss-espanol"],"acf":[],"yoast_head":"<!-- This site is optimized with the Yoast SEO plugin v27.3 - https:\/\/yoast.com\/product\/yoast-seo-wordpress\/ -->\n<title>Iglesia Adventista inaugura primer Centro de Vida Sana en Venezuela Oriental - Iglesia Adventista del S\u00e9ptimo D\u00eda - Divisi\u00f3n Interamericana<\/title>\n<meta name=\"robots\" content=\"index, follow, max-snippet:-1, max-image-preview:large, max-video-preview:-1\" \/>\n<link rel=\"canonical\" href=\"https:\/\/interamerica.org\/es\/2015\/03\/iglesia-adventista-inaugura-primer-centro-de-vida-sana-en-venezuela-oriental\/\" \/>\n<meta property=\"og:locale\" content=\"es_ES\" \/>\n<meta property=\"og:type\" content=\"article\" \/>\n<meta property=\"og:title\" content=\"Iglesia Adventista inaugura primer Centro de Vida Sana en Venezuela Oriental - Iglesia Adventista del S\u00e9ptimo D\u00eda - Divisi\u00f3n Interamericana\" \/>\n<meta property=\"og:description\" content=\"La Iglesia Adventista del S\u00e9ptimo D\u00eda ha inaugurado su primer centro de vida sana en Venezuela, el que cuenta con sesenta camas, salas de masajes y una piscina para tratamientos de hidroterapia en una colina cubierta de bosques.  Las instalaciones, denominadas Centro Integral Adventista de Vida Sana, ofrecer\u00e1n remedios naturales y medicina preventiva a la comunidad de m\u00e1s de 55 mil personas del lugar y, dijeron los l\u00edderes, sirve como testamento del poder de Dios de proveer de materiales de construcci\u00f3n en momentos de crisis econ\u00f3mica.\" \/>\n<meta property=\"og:url\" content=\"https:\/\/interamerica.org\/es\/2015\/03\/iglesia-adventista-inaugura-primer-centro-de-vida-sana-en-venezuela-oriental\/\" \/>\n<meta property=\"og:site_name\" content=\"Iglesia Adventista del S\u00e9ptimo D\u00eda - Divisi\u00f3n Interamericana\" \/>\n<meta property=\"article:published_time\" content=\"2015-03-16T04:00:00+00:00\" \/>\n<meta property=\"og:image\" content=\"https:\/\/interamerica.org\/wp-content\/uploads\/2017\/06\/EVAU-VidaSAna300.png\" \/>\n\t<meta property=\"og:image:width\" content=\"300\" \/>\n\t<meta property=\"og:image:height\" content=\"200\" \/>\n\t<meta property=\"og:image:type\" content=\"image\/png\" \/>\n<meta name=\"author\" content=\"Lorenzo Verduzco\" \/>\n<meta name=\"twitter:card\" content=\"summary_large_image\" \/>\n<meta name=\"twitter:label1\" content=\"Escrito por\" \/>\n\t<meta name=\"twitter:data1\" content=\"Lorenzo Verduzco\" \/>\n\t<meta name=\"twitter:label2\" content=\"Tiempo de lectura\" \/>\n\t<meta name=\"twitter:data2\" content=\"4 minutos\" \/>\n<script type=\"application\/ld+json\" class=\"yoast-schema-graph\">{\"@context\":\"https:\\\/\\\/schema.org\",\"@graph\":[{\"@type\":\"Article\",\"@id\":\"https:\\\/\\\/interamerica.org\\\/es\\\/2015\\\/03\\\/iglesia-adventista-inaugura-primer-centro-de-vida-sana-en-venezuela-oriental\\\/#article\",\"isPartOf\":{\"@id\":\"https:\\\/\\\/interamerica.org\\\/es\\\/2015\\\/03\\\/iglesia-adventista-inaugura-primer-centro-de-vida-sana-en-venezuela-oriental\\\/\"},\"author\":{\"name\":\"Lorenzo Verduzco\",\"@id\":\"https:\\\/\\\/interamerica.org\\\/es\\\/#\\\/schema\\\/person\\\/68ede8bdc292885bb76c1e3810e73c39\"},\"headline\":\"Iglesia Adventista inaugura primer Centro de Vida Sana en Venezuela Oriental\",\"datePublished\":\"2015-03-16T04:00:00+00:00\",\"mainEntityOfPage\":{\"@id\":\"https:\\\/\\\/interamerica.org\\\/es\\\/2015\\\/03\\\/iglesia-adventista-inaugura-primer-centro-de-vida-sana-en-venezuela-oriental\\\/\"},\"wordCount\":716,\"image\":{\"@id\":\"https:\\\/\\\/interamerica.org\\\/es\\\/2015\\\/03\\\/iglesia-adventista-inaugura-primer-centro-de-vida-sana-en-venezuela-oriental\\\/#primaryimage\"},\"thumbnailUrl\":\"https:\\\/\\\/interamerica.org\\\/wp-content\\\/uploads\\\/2017\\\/06\\\/EVAU-VidaSAna300.png\",\"articleSection\":[\"Desde el campo\",\"RSS Espa\u00f1ol\"],\"inLanguage\":\"es\"},{\"@type\":\"WebPage\",\"@id\":\"https:\\\/\\\/interamerica.org\\\/es\\\/2015\\\/03\\\/iglesia-adventista-inaugura-primer-centro-de-vida-sana-en-venezuela-oriental\\\/\",\"url\":\"https:\\\/\\\/interamerica.org\\\/es\\\/2015\\\/03\\\/iglesia-adventista-inaugura-primer-centro-de-vida-sana-en-venezuela-oriental\\\/\",\"name\":\"Iglesia Adventista inaugura primer Centro de Vida Sana en Venezuela Oriental - Iglesia Adventista del S\u00e9ptimo D\u00eda - Divisi\u00f3n Interamericana\",\"isPartOf\":{\"@id\":\"https:\\\/\\\/interamerica.org\\\/es\\\/#website\"},\"primaryImageOfPage\":{\"@id\":\"https:\\\/\\\/interamerica.org\\\/es\\\/2015\\\/03\\\/iglesia-adventista-inaugura-primer-centro-de-vida-sana-en-venezuela-oriental\\\/#primaryimage\"},\"image\":{\"@id\":\"https:\\\/\\\/interamerica.org\\\/es\\\/2015\\\/03\\\/iglesia-adventista-inaugura-primer-centro-de-vida-sana-en-venezuela-oriental\\\/#primaryimage\"},\"thumbnailUrl\":\"https:\\\/\\\/interamerica.org\\\/wp-content\\\/uploads\\\/2017\\\/06\\\/EVAU-VidaSAna300.png\",\"datePublished\":\"2015-03-16T04:00:00+00:00\",\"author\":{\"@id\":\"https:\\\/\\\/interamerica.org\\\/es\\\/#\\\/schema\\\/person\\\/68ede8bdc292885bb76c1e3810e73c39\"},\"breadcrumb\":{\"@id\":\"https:\\\/\\\/interamerica.org\\\/es\\\/2015\\\/03\\\/iglesia-adventista-inaugura-primer-centro-de-vida-sana-en-venezuela-oriental\\\/#breadcrumb\"},\"inLanguage\":\"es\",\"potentialAction\":[{\"@type\":\"ReadAction\",\"target\":[\"https:\\\/\\\/interamerica.org\\\/es\\\/2015\\\/03\\\/iglesia-adventista-inaugura-primer-centro-de-vida-sana-en-venezuela-oriental\\\/\"]}]},{\"@type\":\"ImageObject\",\"inLanguage\":\"es\",\"@id\":\"https:\\\/\\\/interamerica.org\\\/es\\\/2015\\\/03\\\/iglesia-adventista-inaugura-primer-centro-de-vida-sana-en-venezuela-oriental\\\/#primaryimage\",\"url\":\"https:\\\/\\\/interamerica.org\\\/wp-content\\\/uploads\\\/2017\\\/06\\\/EVAU-VidaSAna300.png\",\"contentUrl\":\"https:\\\/\\\/interamerica.org\\\/wp-content\\\/uploads\\\/2017\\\/06\\\/EVAU-VidaSAna300.png\",\"width\":300,\"height\":200},{\"@type\":\"BreadcrumbList\",\"@id\":\"https:\\\/\\\/interamerica.org\\\/es\\\/2015\\\/03\\\/iglesia-adventista-inaugura-primer-centro-de-vida-sana-en-venezuela-oriental\\\/#breadcrumb\",\"itemListElement\":[{\"@type\":\"ListItem\",\"position\":1,\"name\":\"Home\",\"item\":\"https:\\\/\\\/interamerica.org\\\/es\\\/\"},{\"@type\":\"ListItem\",\"position\":2,\"name\":\"Iglesia Adventista inaugura primer Centro de Vida Sana en Venezuela Oriental\"}]},{\"@type\":\"WebSite\",\"@id\":\"https:\\\/\\\/interamerica.org\\\/es\\\/#website\",\"url\":\"https:\\\/\\\/interamerica.org\\\/es\\\/\",\"name\":\"Iglesia Adventista del S\u00e9ptimo D\u00eda - Divisi\u00f3n Interamericana\",\"description\":\"\",\"potentialAction\":[{\"@type\":\"SearchAction\",\"target\":{\"@type\":\"EntryPoint\",\"urlTemplate\":\"https:\\\/\\\/interamerica.org\\\/es\\\/?s={search_term_string}\"},\"query-input\":{\"@type\":\"PropertyValueSpecification\",\"valueRequired\":true,\"valueName\":\"search_term_string\"}}],\"inLanguage\":\"es\"},{\"@type\":\"Person\",\"@id\":\"https:\\\/\\\/interamerica.org\\\/es\\\/#\\\/schema\\\/person\\\/68ede8bdc292885bb76c1e3810e73c39\",\"name\":\"Lorenzo Verduzco\",\"image\":{\"@type\":\"ImageObject\",\"inLanguage\":\"es\",\"@id\":\"https:\\\/\\\/secure.gravatar.com\\\/avatar\\\/fb81a55b6218459490a9c1dc841a34909185b81904c5337b4b27f7a6fd60c49e?s=96&d=mm&r=g\",\"url\":\"https:\\\/\\\/secure.gravatar.com\\\/avatar\\\/fb81a55b6218459490a9c1dc841a34909185b81904c5337b4b27f7a6fd60c49e?s=96&d=mm&r=g\",\"contentUrl\":\"https:\\\/\\\/secure.gravatar.com\\\/avatar\\\/fb81a55b6218459490a9c1dc841a34909185b81904c5337b4b27f7a6fd60c49e?s=96&d=mm&r=g\",\"caption\":\"Lorenzo Verduzco\"}}]}<\/script>\n<!-- \/ Yoast SEO plugin. -->","yoast_head_json":{"title":"Iglesia Adventista inaugura primer Centro de Vida Sana en Venezuela Oriental - Iglesia Adventista del S\u00e9ptimo D\u00eda - Divisi\u00f3n Interamericana","robots":{"index":"index","follow":"follow","max-snippet":"max-snippet:-1","max-image-preview":"max-image-preview:large","max-video-preview":"max-video-preview:-1"},"canonical":"https:\/\/interamerica.org\/es\/2015\/03\/iglesia-adventista-inaugura-primer-centro-de-vida-sana-en-venezuela-oriental\/","og_locale":"es_ES","og_type":"article","og_title":"Iglesia Adventista inaugura primer Centro de Vida Sana en Venezuela Oriental - Iglesia Adventista del S\u00e9ptimo D\u00eda - Divisi\u00f3n Interamericana","og_description":"La Iglesia Adventista del S\u00e9ptimo D\u00eda ha inaugurado su primer centro de vida sana en Venezuela, el que cuenta con sesenta camas, salas de masajes y una piscina para tratamientos de hidroterapia en una colina cubierta de bosques.  Las instalaciones, denominadas Centro Integral Adventista de Vida Sana, ofrecer\u00e1n remedios naturales y medicina preventiva a la comunidad de m\u00e1s de 55 mil personas del lugar y, dijeron los l\u00edderes, sirve como testamento del poder de Dios de proveer de materiales de construcci\u00f3n en momentos de crisis econ\u00f3mica.","og_url":"https:\/\/interamerica.org\/es\/2015\/03\/iglesia-adventista-inaugura-primer-centro-de-vida-sana-en-venezuela-oriental\/","og_site_name":"Iglesia Adventista del S\u00e9ptimo D\u00eda - Divisi\u00f3n Interamericana","article_published_time":"2015-03-16T04:00:00+00:00","og_image":[{"width":300,"height":200,"url":"https:\/\/interamerica.org\/wp-content\/uploads\/2017\/06\/EVAU-VidaSAna300.png","type":"image\/png"}],"author":"Lorenzo Verduzco","twitter_card":"summary_large_image","twitter_misc":{"Escrito por":"Lorenzo Verduzco","Tiempo de lectura":"4 minutos"},"schema":{"@context":"https:\/\/schema.org","@graph":[{"@type":"Article","@id":"https:\/\/interamerica.org\/es\/2015\/03\/iglesia-adventista-inaugura-primer-centro-de-vida-sana-en-venezuela-oriental\/#article","isPartOf":{"@id":"https:\/\/interamerica.org\/es\/2015\/03\/iglesia-adventista-inaugura-primer-centro-de-vida-sana-en-venezuela-oriental\/"},"author":{"name":"Lorenzo Verduzco","@id":"https:\/\/interamerica.org\/es\/#\/schema\/person\/68ede8bdc292885bb76c1e3810e73c39"},"headline":"Iglesia Adventista inaugura primer Centro de Vida Sana en Venezuela Oriental","datePublished":"2015-03-16T04:00:00+00:00","mainEntityOfPage":{"@id":"https:\/\/interamerica.org\/es\/2015\/03\/iglesia-adventista-inaugura-primer-centro-de-vida-sana-en-venezuela-oriental\/"},"wordCount":716,"image":{"@id":"https:\/\/interamerica.org\/es\/2015\/03\/iglesia-adventista-inaugura-primer-centro-de-vida-sana-en-venezuela-oriental\/#primaryimage"},"thumbnailUrl":"https:\/\/interamerica.org\/wp-content\/uploads\/2017\/06\/EVAU-VidaSAna300.png","articleSection":["Desde el campo","RSS Espa\u00f1ol"],"inLanguage":"es"},{"@type":"WebPage","@id":"https:\/\/interamerica.org\/es\/2015\/03\/iglesia-adventista-inaugura-primer-centro-de-vida-sana-en-venezuela-oriental\/","url":"https:\/\/interamerica.org\/es\/2015\/03\/iglesia-adventista-inaugura-primer-centro-de-vida-sana-en-venezuela-oriental\/","name":"Iglesia Adventista inaugura primer Centro de Vida Sana en Venezuela Oriental - Iglesia Adventista del S\u00e9ptimo D\u00eda - Divisi\u00f3n Interamericana","isPartOf":{"@id":"https:\/\/interamerica.org\/es\/#website"},"primaryImageOfPage":{"@id":"https:\/\/interamerica.org\/es\/2015\/03\/iglesia-adventista-inaugura-primer-centro-de-vida-sana-en-venezuela-oriental\/#primaryimage"},"image":{"@id":"https:\/\/interamerica.org\/es\/2015\/03\/iglesia-adventista-inaugura-primer-centro-de-vida-sana-en-venezuela-oriental\/#primaryimage"},"thumbnailUrl":"https:\/\/interamerica.org\/wp-content\/uploads\/2017\/06\/EVAU-VidaSAna300.png","datePublished":"2015-03-16T04:00:00+00:00","author":{"@id":"https:\/\/interamerica.org\/es\/#\/schema\/person\/68ede8bdc292885bb76c1e3810e73c39"},"breadcrumb":{"@id":"https:\/\/interamerica.org\/es\/2015\/03\/iglesia-adventista-inaugura-primer-centro-de-vida-sana-en-venezuela-oriental\/#breadcrumb"},"inLanguage":"es","potentialAction":[{"@type":"ReadAction","target":["https:\/\/interamerica.org\/es\/2015\/03\/iglesia-adventista-inaugura-primer-centro-de-vida-sana-en-venezuela-oriental\/"]}]},{"@type":"ImageObject","inLanguage":"es","@id":"https:\/\/interamerica.org\/es\/2015\/03\/iglesia-adventista-inaugura-primer-centro-de-vida-sana-en-venezuela-oriental\/#primaryimage","url":"https:\/\/interamerica.org\/wp-content\/uploads\/2017\/06\/EVAU-VidaSAna300.png","contentUrl":"https:\/\/interamerica.org\/wp-content\/uploads\/2017\/06\/EVAU-VidaSAna300.png","width":300,"height":200},{"@type":"BreadcrumbList","@id":"https:\/\/interamerica.org\/es\/2015\/03\/iglesia-adventista-inaugura-primer-centro-de-vida-sana-en-venezuela-oriental\/#breadcrumb","itemListElement":[{"@type":"ListItem","position":1,"name":"Home","item":"https:\/\/interamerica.org\/es\/"},{"@type":"ListItem","position":2,"name":"Iglesia Adventista inaugura primer Centro de Vida Sana en Venezuela Oriental"}]},{"@type":"WebSite","@id":"https:\/\/interamerica.org\/es\/#website","url":"https:\/\/interamerica.org\/es\/","name":"Iglesia Adventista del S\u00e9ptimo D\u00eda - Divisi\u00f3n Interamericana","description":"","potentialAction":[{"@type":"SearchAction","target":{"@type":"EntryPoint","urlTemplate":"https:\/\/interamerica.org\/es\/?s={search_term_string}"},"query-input":{"@type":"PropertyValueSpecification","valueRequired":true,"valueName":"search_term_string"}}],"inLanguage":"es"},{"@type":"Person","@id":"https:\/\/interamerica.org\/es\/#\/schema\/person\/68ede8bdc292885bb76c1e3810e73c39","name":"Lorenzo Verduzco","image":{"@type":"ImageObject","inLanguage":"es","@id":"https:\/\/secure.gravatar.com\/avatar\/fb81a55b6218459490a9c1dc841a34909185b81904c5337b4b27f7a6fd60c49e?s=96&d=mm&r=g","url":"https:\/\/secure.gravatar.com\/avatar\/fb81a55b6218459490a9c1dc841a34909185b81904c5337b4b27f7a6fd60c49e?s=96&d=mm&r=g","contentUrl":"https:\/\/secure.gravatar.com\/avatar\/fb81a55b6218459490a9c1dc841a34909185b81904c5337b4b27f7a6fd60c49e?s=96&d=mm&r=g","caption":"Lorenzo Verduzco"}}]}},"_links":{"self":[{"href":"https:\/\/interamerica.org\/es\/wp-json\/wp\/v2\/posts\/30756","targetHints":{"allow":["GET"]}}],"collection":[{"href":"https:\/\/interamerica.org\/es\/wp-json\/wp\/v2\/posts"}],"about":[{"href":"https:\/\/interamerica.org\/es\/wp-json\/wp\/v2\/types\/post"}],"author":[{"embeddable":true,"href":"https:\/\/interamerica.org\/es\/wp-json\/wp\/v2\/users\/1"}],"replies":[{"embeddable":true,"href":"https:\/\/interamerica.org\/es\/wp-json\/wp\/v2\/comments?post=30756"}],"version-history":[{"count":0,"href":"https:\/\/interamerica.org\/es\/wp-json\/wp\/v2\/posts\/30756\/revisions"}],"wp:featuredmedia":[{"embeddable":true,"href":"https:\/\/interamerica.org\/es\/wp-json\/wp\/v2\/media\/24648"}],"wp:attachment":[{"href":"https:\/\/interamerica.org\/es\/wp-json\/wp\/v2\/media?parent=30756"}],"wp:term":[{"taxonomy":"category","embeddable":true,"href":"https:\/\/interamerica.org\/es\/wp-json\/wp\/v2\/categories?post=30756"},{"taxonomy":"post_tag","embeddable":true,"href":"https:\/\/interamerica.org\/es\/wp-json\/wp\/v2\/tags?post=30756"}],"curies":[{"name":"wp","href":"https:\/\/api.w.org\/{rel}","templated":true}]}}