{"id":30757,"date":"2015-03-16T00:00:00","date_gmt":"2015-03-16T04:00:00","guid":{"rendered":"http:\/\/192.81.217.108\/interamerica\/2015\/03\/lagrimas-y-abrazos-en-bautismo-masivo-en-nicaragua\/"},"modified":"2015-03-16T00:00:00","modified_gmt":"2015-03-16T04:00:00","slug":"lagrimas-y-abrazos-en-bautismo-masivo-en-nicaragua","status":"publish","type":"post","link":"https:\/\/interamerica.org\/es\/2015\/03\/lagrimas-y-abrazos-en-bautismo-masivo-en-nicaragua\/","title":{"rendered":"L\u00e1grimas y abrazos en bautismo masivo en Nicaragua"},"content":{"rendered":"<div id=\"attachment_15694\" style=\"width: 610px\" class=\"wp-caption aligncenter\"><a href=\"\/interamerica\/wp-content\/uploads\/2017\/06\/NIcaragua600.png\" rel=\"fancybox\" title=\"L\u00e1grimas y abrazos en bautismo masivo en Nicaragua\"><img fetchpriority=\"high\" decoding=\"async\" aria-describedby=\"caption-attachment-15694\" class=\"size-full wp-image-15694\" src=\"\/interamerica\/wp-content\/uploads\/2017\/06\/NIcaragua600.png\" alt=\"\" width=\"600\" height=\"377\" \/><\/a><p id=\"caption-attachment-15694\" class=\"wp-caption-text\">Cientos de personas fueron bautizadas en el Lago\u00a0Nicaragua el 15 de marzo de 2015. Im\u00e1genes por cortes\u00eda de Ted N.C. Wilson\/AR<\/p><\/div>\n<p>15 de marzo de 2015 | Granada, Nicaragua | Andrew McChesney, editor de noticias, Adventist Review<\/p>\n<p>Miles de personas, muchos de ellos abraz\u00e1ndose y llorando de gozo, se agolparon alrededor de un gran lago para un bautismo masivo el pasado fin de semana, que puso fin a la primera gran campa\u00f1a de evangelizaci\u00f3n de la Iglesia Adventista en Nicaragua.<\/p>\n<div id=\"attachment_15697\" style=\"width: 410px\" class=\"wp-caption alignleft\"><a href=\"\/interamerica\/wp-content\/uploads\/2017\/06\/NICA-leaders400.png\" rel=\"fancybox\" title=\"L\u00e1grimas y abrazos en bautismo masivo en Nicaragua\"><img decoding=\"async\" aria-describedby=\"caption-attachment-15697\" class=\"size-full wp-image-15697\" src=\"\/interamerica\/wp-content\/uploads\/2017\/06\/NICA-leaders400.png\" alt=\"\" width=\"400\" height=\"300\" \/><\/a><p id=\"caption-attachment-15697\" class=\"wp-caption-text\">De izquierda a derecha: Israel Leito, presidente de la DIA; Ted N. C. Wilson, presidente de la Iglesia Adventista mundial junto a su esposa Nancy, Julia Mena, alcaldesa de Granada; Wilfredo Ruiz, presidente de la Uni\u00f3n Centroamericana del Sur; y Mark Finley. Los pastores se dirigen al lago para participar de los bautismos.<\/p><\/div>\n<p>Decenas de pastores de camisa blanca y corbata bautizaron a 1884 personas en las rizadas aguas del Lago Nicaragua este domingo. Otras doscientas personas que no pudieron llegar al lago fueron bautizadas en distintas iglesias, lo que llev\u00f3 el n\u00famero de bautismos en el pa\u00eds desde octubre pasado a doce mil.<\/p>\n<p>\u00abQue este bautismo bendiga nuestras aguas\u00bb, dijo Julia Mena, alcaldesa de la cercana ciudad de Granada, al dirigirse a la multitud.<\/p>\n<p>Ted N. C. Wilson, presidente de la Iglesia Adventista mundial, quien fue testigo de los bautismos del s\u00e1bado desde la playa arenosa junto a un grupo de l\u00edderes de la iglesia y la alcaldesa de Granada, dijo que fue espect\u00e1culo emocionante.<\/p>\n<p>\u00abFue un privilegio estar presente en una escena tan impresionante, en la que j\u00f3venes se tomaron de las manos dentro del lago como un escudo humano, para asegurarse de que las personas no se adentraran mucho en el agua, y tambi\u00e9n ver las decenas de pastores que participaron del bautismo\u00bb, dijo a la Adventist Review.<\/p>\n<p>En la playa tambi\u00e9n se llevaron a cabo decenas de bodas. Muchos nicarag\u00fcenses viven en pareja y tienen hijos, pero no llegan a contraer matrimonio ante la ley. Es por ello que algunos abogados donaron de su tiempo para venir hasta el lago y casar a esas personas en ceremonias civiles antes de que fueran bautizadas. De acuerdo con la ley de Nicaragua, un pastor no puede casar legalmente a una pareja.<\/p>\n<div id=\"attachment_15698\" style=\"width: 310px\" class=\"wp-caption alignright\"><a href=\"\/interamerica\/wp-content\/uploads\/2017\/06\/NICA-motherSon.png\" rel=\"fancybox\" title=\"L\u00e1grimas y abrazos en bautismo masivo en Nicaragua\"><img decoding=\"async\" aria-describedby=\"caption-attachment-15698\" class=\"size-full wp-image-15698\" src=\"\/interamerica\/wp-content\/uploads\/2017\/06\/NICA-motherSon.png\" alt=\"\" width=\"300\" height=\"225\" \/><\/a><p id=\"caption-attachment-15698\" class=\"wp-caption-text\">Un pastor adventista abraza a su madre, quien despu\u00e9s de quince a\u00f1os decidi\u00f3 bautizarse.<\/p><\/div>\n<p>Entre los bautizados estuvo una mujer cuyo hijo, que es pastor adventista, hab\u00eda orado durante quince a\u00f1os para que ella aceptara \u00a0a Cristo, dijeron los l\u00edderes. La madre, que tiene m\u00e1s de 50 a\u00f1os, tom\u00f3 la decisi\u00f3n junto al lago, y fren\u00e9ticamente comenz\u00f3 a buscar entre la multitud a su hijo para que pudiera sellar su compromiso ese d\u00eda. Cuando se enter\u00f3 de la noticia, su hijo comenz\u00f3 a llorar, y los dos se abrazaron con fuerza, sin deseos de soltarse. El hijo bautiz\u00f3 entonces a su madre.<\/p>\n<p>Lea la noticia relacionada: \u00abM\u00e1s de dos mil ser\u00e1n bautizados en el Lago Nicaragua este fin de semana\u00bb<\/p>\n<p>Los bautismos del domingo coronaron un a\u00f1o de esfuerzos de evangelizaci\u00f3n que comenzaron con el establecimiento de unos cinco mil grupos peque\u00f1os que estudiaron sobre estilos de vida saludable tanto en Nicaragua como en la vecina Costa Rica. Los grupos m\u00e1s tarde comenzaron a estudiar la Biblia, y los participantes fueron invitados a asistir a las reuniones de evangelizaci\u00f3n en toda la regi\u00f3n. El evangelista Mark Finley lleg\u00f3 a Nicaragua la semana pasada para poner fin a la iniciativa con cuatro d\u00edas de conferencias ante multitudes de m\u00e1s de tres mil personas en la ciudad de Managua, la capital del pa\u00eds.<\/p>\n<p>El Lago Nicaragua, el m\u00e1s grande de Am\u00e9rica Central, se encuentra a una hora de viaje de Managua.<\/p>\n<div id=\"attachment_15699\" style=\"width: 410px\" class=\"wp-caption alignleft\"><a href=\"\/interamerica\/wp-content\/uploads\/2017\/06\/nica-pastors400.png\" rel=\"fancybox\" title=\"L\u00e1grimas y abrazos en bautismo masivo en Nicaragua\"><img loading=\"lazy\" decoding=\"async\" aria-describedby=\"caption-attachment-15699\" class=\"size-full wp-image-15699\" src=\"\/interamerica\/wp-content\/uploads\/2017\/06\/nica-pastors400.png\" alt=\"\" width=\"400\" height=\"260\" \/><\/a><p id=\"caption-attachment-15699\" class=\"wp-caption-text\">Los pastores levantan sus manos despu\u00e9s del \u00faltimo bautismo.<\/p><\/div>\n<p>La Iglesia Adventista ten\u00eda 203.698 miembros en la Uni\u00f3n Misi\u00f3n Centroamericana Sur, que abarca a Nicaragua y Costa Rica, para fines de 2014.<\/p>\n<p>Finley celebr\u00f3 el compromiso de los adventistas de Nicaragua en la tarea de compartir a Cristo con otras personas.<\/p>\n<p>\u00abEn Nicaragua el evangelismo no es un evento, sino una forma de vida\u00bb, dijo el lunes. \u00abNuestra iglesia ha captado verdaderamente el concepto de que la cuesti\u00f3n no es tan solo cu\u00e1ntas personas traemos a la iglesia. Es cu\u00e1ntos miembros enviamos equipados y capacitados para que hagan un impacto en sus comunidades para Cristo\u00bb.<\/p>\n<p>Finley dijo que los administradores y los miembros de iglesia locales estaban dedicados a la misi\u00f3n de la iglesia, y que su entusiasmo era contagioso con la gente que asisti\u00f3 a las reuniones.<\/p>\n<p>\u00abCuando el transporte p\u00fablico no funcion\u00f3 el viernes de noche pasado, decenas caminaron hasta el lugar de las reuniones\u00bb, dijo. \u00abUno de los ancianos alquil\u00f3 seis taxis de su propio bolsillo para llevar a los interesados en estudiar la Biblia a las reuniones. Otros viajaron toda la noche en autob\u00fas para asistir al bautismo del domingo\u00bb.<\/p>\n<p>\u201cLo que importaba a tantos de estos creyentes adventistas era la salvaci\u00f3n de su familia, amigos, vecinos y colegas, y estuvieron dispuestos a hacer sacrificios personales para hacer realidad ese sue\u00f1o. Me voy de Nicaragua inspirado y con el desaf\u00edo que presenta la fe de toda nuestra feligres\u00eda\u00bb.<\/p>\n<p><em>Traducci\u00f3n de Marcos Paseggi<\/em><\/p>\n","protected":false},"excerpt":{"rendered":"<p>Miles de personas, muchos de ellos abraz\u00e1ndose y llorando de gozo, se agolparon alrededor de un gran lago para un bautismo masivo el pasado fin de semana, que puso fin a la primera gran campa\u00f1a de evangelizaci\u00f3n de la Iglesia Adventista en Nicaragua. <\/p>\n<p>Decenas de pastores de camisa blanca y corbata bautizaron a 1884 personas en las rizadas aguas del Lago Nicaragua este domingo. Otras doscientas personas que no pudieron llegar al lago fueron bautizadas en distintas iglesias, lo que llev\u00f3 el n\u00famero de bautismos en el pa\u00eds desde octubre pasado a doce mil.<\/p>\n","protected":false},"author":1,"featured_media":24664,"comment_status":"closed","ping_status":"closed","sticky":false,"template":"","format":"standard","meta":{"_acf_changed":false,"footnotes":""},"categories":[17,15],"tags":[],"class_list":["post-30757","post","type-post","status-publish","format-standard","has-post-thumbnail","hentry","category-desde-el-campo","category-rss-espanol"],"acf":[],"yoast_head":"<!-- This site is optimized with the Yoast SEO plugin v27.3 - https:\/\/yoast.com\/product\/yoast-seo-wordpress\/ -->\n<title>L\u00e1grimas y abrazos en bautismo masivo en Nicaragua - Iglesia Adventista del S\u00e9ptimo D\u00eda - Divisi\u00f3n Interamericana<\/title>\n<meta name=\"robots\" content=\"index, follow, max-snippet:-1, max-image-preview:large, max-video-preview:-1\" \/>\n<link rel=\"canonical\" href=\"https:\/\/interamerica.org\/es\/2015\/03\/lagrimas-y-abrazos-en-bautismo-masivo-en-nicaragua\/\" \/>\n<meta property=\"og:locale\" content=\"es_ES\" \/>\n<meta property=\"og:type\" content=\"article\" \/>\n<meta property=\"og:title\" content=\"L\u00e1grimas y abrazos en bautismo masivo en Nicaragua - Iglesia Adventista del S\u00e9ptimo D\u00eda - Divisi\u00f3n Interamericana\" \/>\n<meta property=\"og:description\" content=\"Miles de personas, muchos de ellos abraz\u00e1ndose y llorando de gozo, se agolparon alrededor de un gran lago para un bautismo masivo el pasado fin de semana, que puso fin a la primera gran campa\u00f1a de evangelizaci\u00f3n de la Iglesia Adventista en Nicaragua.  Decenas de pastores de camisa blanca y corbata bautizaron a 1884 personas en las rizadas aguas del Lago Nicaragua este domingo. Otras doscientas personas que no pudieron llegar al lago fueron bautizadas en distintas iglesias, lo que llev\u00f3 el n\u00famero de bautismos en el pa\u00eds desde octubre pasado a doce mil.\" \/>\n<meta property=\"og:url\" content=\"https:\/\/interamerica.org\/es\/2015\/03\/lagrimas-y-abrazos-en-bautismo-masivo-en-nicaragua\/\" \/>\n<meta property=\"og:site_name\" content=\"Iglesia Adventista del S\u00e9ptimo D\u00eda - Divisi\u00f3n Interamericana\" \/>\n<meta property=\"article:published_time\" content=\"2015-03-16T04:00:00+00:00\" \/>\n<meta property=\"og:image\" content=\"https:\/\/interamerica.org\/wp-content\/uploads\/2017\/06\/NIcaragua300.png\" \/>\n\t<meta property=\"og:image:width\" content=\"300\" \/>\n\t<meta property=\"og:image:height\" content=\"189\" \/>\n\t<meta property=\"og:image:type\" content=\"image\/png\" \/>\n<meta name=\"author\" content=\"Lorenzo Verduzco\" \/>\n<meta name=\"twitter:card\" content=\"summary_large_image\" \/>\n<meta name=\"twitter:label1\" content=\"Escrito por\" \/>\n\t<meta name=\"twitter:data1\" content=\"Lorenzo Verduzco\" \/>\n\t<meta name=\"twitter:label2\" content=\"Tiempo de lectura\" \/>\n\t<meta name=\"twitter:data2\" content=\"5 minutos\" \/>\n<script type=\"application\/ld+json\" class=\"yoast-schema-graph\">{\"@context\":\"https:\\\/\\\/schema.org\",\"@graph\":[{\"@type\":\"Article\",\"@id\":\"https:\\\/\\\/interamerica.org\\\/es\\\/2015\\\/03\\\/lagrimas-y-abrazos-en-bautismo-masivo-en-nicaragua\\\/#article\",\"isPartOf\":{\"@id\":\"https:\\\/\\\/interamerica.org\\\/es\\\/2015\\\/03\\\/lagrimas-y-abrazos-en-bautismo-masivo-en-nicaragua\\\/\"},\"author\":{\"name\":\"Lorenzo Verduzco\",\"@id\":\"https:\\\/\\\/interamerica.org\\\/es\\\/#\\\/schema\\\/person\\\/68ede8bdc292885bb76c1e3810e73c39\"},\"headline\":\"L\u00e1grimas y abrazos en bautismo masivo en Nicaragua\",\"datePublished\":\"2015-03-16T04:00:00+00:00\",\"mainEntityOfPage\":{\"@id\":\"https:\\\/\\\/interamerica.org\\\/es\\\/2015\\\/03\\\/lagrimas-y-abrazos-en-bautismo-masivo-en-nicaragua\\\/\"},\"wordCount\":941,\"image\":{\"@id\":\"https:\\\/\\\/interamerica.org\\\/es\\\/2015\\\/03\\\/lagrimas-y-abrazos-en-bautismo-masivo-en-nicaragua\\\/#primaryimage\"},\"thumbnailUrl\":\"https:\\\/\\\/interamerica.org\\\/wp-content\\\/uploads\\\/2017\\\/06\\\/NIcaragua300.png\",\"articleSection\":[\"Desde el campo\",\"RSS Espa\u00f1ol\"],\"inLanguage\":\"es\"},{\"@type\":\"WebPage\",\"@id\":\"https:\\\/\\\/interamerica.org\\\/es\\\/2015\\\/03\\\/lagrimas-y-abrazos-en-bautismo-masivo-en-nicaragua\\\/\",\"url\":\"https:\\\/\\\/interamerica.org\\\/es\\\/2015\\\/03\\\/lagrimas-y-abrazos-en-bautismo-masivo-en-nicaragua\\\/\",\"name\":\"L\u00e1grimas y abrazos en bautismo masivo en Nicaragua - Iglesia Adventista del S\u00e9ptimo D\u00eda - Divisi\u00f3n Interamericana\",\"isPartOf\":{\"@id\":\"https:\\\/\\\/interamerica.org\\\/es\\\/#website\"},\"primaryImageOfPage\":{\"@id\":\"https:\\\/\\\/interamerica.org\\\/es\\\/2015\\\/03\\\/lagrimas-y-abrazos-en-bautismo-masivo-en-nicaragua\\\/#primaryimage\"},\"image\":{\"@id\":\"https:\\\/\\\/interamerica.org\\\/es\\\/2015\\\/03\\\/lagrimas-y-abrazos-en-bautismo-masivo-en-nicaragua\\\/#primaryimage\"},\"thumbnailUrl\":\"https:\\\/\\\/interamerica.org\\\/wp-content\\\/uploads\\\/2017\\\/06\\\/NIcaragua300.png\",\"datePublished\":\"2015-03-16T04:00:00+00:00\",\"author\":{\"@id\":\"https:\\\/\\\/interamerica.org\\\/es\\\/#\\\/schema\\\/person\\\/68ede8bdc292885bb76c1e3810e73c39\"},\"breadcrumb\":{\"@id\":\"https:\\\/\\\/interamerica.org\\\/es\\\/2015\\\/03\\\/lagrimas-y-abrazos-en-bautismo-masivo-en-nicaragua\\\/#breadcrumb\"},\"inLanguage\":\"es\",\"potentialAction\":[{\"@type\":\"ReadAction\",\"target\":[\"https:\\\/\\\/interamerica.org\\\/es\\\/2015\\\/03\\\/lagrimas-y-abrazos-en-bautismo-masivo-en-nicaragua\\\/\"]}]},{\"@type\":\"ImageObject\",\"inLanguage\":\"es\",\"@id\":\"https:\\\/\\\/interamerica.org\\\/es\\\/2015\\\/03\\\/lagrimas-y-abrazos-en-bautismo-masivo-en-nicaragua\\\/#primaryimage\",\"url\":\"https:\\\/\\\/interamerica.org\\\/wp-content\\\/uploads\\\/2017\\\/06\\\/NIcaragua300.png\",\"contentUrl\":\"https:\\\/\\\/interamerica.org\\\/wp-content\\\/uploads\\\/2017\\\/06\\\/NIcaragua300.png\",\"width\":300,\"height\":189},{\"@type\":\"BreadcrumbList\",\"@id\":\"https:\\\/\\\/interamerica.org\\\/es\\\/2015\\\/03\\\/lagrimas-y-abrazos-en-bautismo-masivo-en-nicaragua\\\/#breadcrumb\",\"itemListElement\":[{\"@type\":\"ListItem\",\"position\":1,\"name\":\"Home\",\"item\":\"https:\\\/\\\/interamerica.org\\\/es\\\/\"},{\"@type\":\"ListItem\",\"position\":2,\"name\":\"L\u00e1grimas y abrazos en bautismo masivo en Nicaragua\"}]},{\"@type\":\"WebSite\",\"@id\":\"https:\\\/\\\/interamerica.org\\\/es\\\/#website\",\"url\":\"https:\\\/\\\/interamerica.org\\\/es\\\/\",\"name\":\"Iglesia Adventista del S\u00e9ptimo D\u00eda - Divisi\u00f3n Interamericana\",\"description\":\"\",\"potentialAction\":[{\"@type\":\"SearchAction\",\"target\":{\"@type\":\"EntryPoint\",\"urlTemplate\":\"https:\\\/\\\/interamerica.org\\\/es\\\/?s={search_term_string}\"},\"query-input\":{\"@type\":\"PropertyValueSpecification\",\"valueRequired\":true,\"valueName\":\"search_term_string\"}}],\"inLanguage\":\"es\"},{\"@type\":\"Person\",\"@id\":\"https:\\\/\\\/interamerica.org\\\/es\\\/#\\\/schema\\\/person\\\/68ede8bdc292885bb76c1e3810e73c39\",\"name\":\"Lorenzo Verduzco\",\"image\":{\"@type\":\"ImageObject\",\"inLanguage\":\"es\",\"@id\":\"https:\\\/\\\/secure.gravatar.com\\\/avatar\\\/fb81a55b6218459490a9c1dc841a34909185b81904c5337b4b27f7a6fd60c49e?s=96&d=mm&r=g\",\"url\":\"https:\\\/\\\/secure.gravatar.com\\\/avatar\\\/fb81a55b6218459490a9c1dc841a34909185b81904c5337b4b27f7a6fd60c49e?s=96&d=mm&r=g\",\"contentUrl\":\"https:\\\/\\\/secure.gravatar.com\\\/avatar\\\/fb81a55b6218459490a9c1dc841a34909185b81904c5337b4b27f7a6fd60c49e?s=96&d=mm&r=g\",\"caption\":\"Lorenzo Verduzco\"}}]}<\/script>\n<!-- \/ Yoast SEO plugin. -->","yoast_head_json":{"title":"L\u00e1grimas y abrazos en bautismo masivo en Nicaragua - Iglesia Adventista del S\u00e9ptimo D\u00eda - Divisi\u00f3n Interamericana","robots":{"index":"index","follow":"follow","max-snippet":"max-snippet:-1","max-image-preview":"max-image-preview:large","max-video-preview":"max-video-preview:-1"},"canonical":"https:\/\/interamerica.org\/es\/2015\/03\/lagrimas-y-abrazos-en-bautismo-masivo-en-nicaragua\/","og_locale":"es_ES","og_type":"article","og_title":"L\u00e1grimas y abrazos en bautismo masivo en Nicaragua - Iglesia Adventista del S\u00e9ptimo D\u00eda - Divisi\u00f3n Interamericana","og_description":"Miles de personas, muchos de ellos abraz\u00e1ndose y llorando de gozo, se agolparon alrededor de un gran lago para un bautismo masivo el pasado fin de semana, que puso fin a la primera gran campa\u00f1a de evangelizaci\u00f3n de la Iglesia Adventista en Nicaragua.  Decenas de pastores de camisa blanca y corbata bautizaron a 1884 personas en las rizadas aguas del Lago Nicaragua este domingo. Otras doscientas personas que no pudieron llegar al lago fueron bautizadas en distintas iglesias, lo que llev\u00f3 el n\u00famero de bautismos en el pa\u00eds desde octubre pasado a doce mil.","og_url":"https:\/\/interamerica.org\/es\/2015\/03\/lagrimas-y-abrazos-en-bautismo-masivo-en-nicaragua\/","og_site_name":"Iglesia Adventista del S\u00e9ptimo D\u00eda - Divisi\u00f3n Interamericana","article_published_time":"2015-03-16T04:00:00+00:00","og_image":[{"width":300,"height":189,"url":"https:\/\/interamerica.org\/wp-content\/uploads\/2017\/06\/NIcaragua300.png","type":"image\/png"}],"author":"Lorenzo Verduzco","twitter_card":"summary_large_image","twitter_misc":{"Escrito por":"Lorenzo Verduzco","Tiempo de lectura":"5 minutos"},"schema":{"@context":"https:\/\/schema.org","@graph":[{"@type":"Article","@id":"https:\/\/interamerica.org\/es\/2015\/03\/lagrimas-y-abrazos-en-bautismo-masivo-en-nicaragua\/#article","isPartOf":{"@id":"https:\/\/interamerica.org\/es\/2015\/03\/lagrimas-y-abrazos-en-bautismo-masivo-en-nicaragua\/"},"author":{"name":"Lorenzo Verduzco","@id":"https:\/\/interamerica.org\/es\/#\/schema\/person\/68ede8bdc292885bb76c1e3810e73c39"},"headline":"L\u00e1grimas y abrazos en bautismo masivo en Nicaragua","datePublished":"2015-03-16T04:00:00+00:00","mainEntityOfPage":{"@id":"https:\/\/interamerica.org\/es\/2015\/03\/lagrimas-y-abrazos-en-bautismo-masivo-en-nicaragua\/"},"wordCount":941,"image":{"@id":"https:\/\/interamerica.org\/es\/2015\/03\/lagrimas-y-abrazos-en-bautismo-masivo-en-nicaragua\/#primaryimage"},"thumbnailUrl":"https:\/\/interamerica.org\/wp-content\/uploads\/2017\/06\/NIcaragua300.png","articleSection":["Desde el campo","RSS Espa\u00f1ol"],"inLanguage":"es"},{"@type":"WebPage","@id":"https:\/\/interamerica.org\/es\/2015\/03\/lagrimas-y-abrazos-en-bautismo-masivo-en-nicaragua\/","url":"https:\/\/interamerica.org\/es\/2015\/03\/lagrimas-y-abrazos-en-bautismo-masivo-en-nicaragua\/","name":"L\u00e1grimas y abrazos en bautismo masivo en Nicaragua - Iglesia Adventista del S\u00e9ptimo D\u00eda - Divisi\u00f3n Interamericana","isPartOf":{"@id":"https:\/\/interamerica.org\/es\/#website"},"primaryImageOfPage":{"@id":"https:\/\/interamerica.org\/es\/2015\/03\/lagrimas-y-abrazos-en-bautismo-masivo-en-nicaragua\/#primaryimage"},"image":{"@id":"https:\/\/interamerica.org\/es\/2015\/03\/lagrimas-y-abrazos-en-bautismo-masivo-en-nicaragua\/#primaryimage"},"thumbnailUrl":"https:\/\/interamerica.org\/wp-content\/uploads\/2017\/06\/NIcaragua300.png","datePublished":"2015-03-16T04:00:00+00:00","author":{"@id":"https:\/\/interamerica.org\/es\/#\/schema\/person\/68ede8bdc292885bb76c1e3810e73c39"},"breadcrumb":{"@id":"https:\/\/interamerica.org\/es\/2015\/03\/lagrimas-y-abrazos-en-bautismo-masivo-en-nicaragua\/#breadcrumb"},"inLanguage":"es","potentialAction":[{"@type":"ReadAction","target":["https:\/\/interamerica.org\/es\/2015\/03\/lagrimas-y-abrazos-en-bautismo-masivo-en-nicaragua\/"]}]},{"@type":"ImageObject","inLanguage":"es","@id":"https:\/\/interamerica.org\/es\/2015\/03\/lagrimas-y-abrazos-en-bautismo-masivo-en-nicaragua\/#primaryimage","url":"https:\/\/interamerica.org\/wp-content\/uploads\/2017\/06\/NIcaragua300.png","contentUrl":"https:\/\/interamerica.org\/wp-content\/uploads\/2017\/06\/NIcaragua300.png","width":300,"height":189},{"@type":"BreadcrumbList","@id":"https:\/\/interamerica.org\/es\/2015\/03\/lagrimas-y-abrazos-en-bautismo-masivo-en-nicaragua\/#breadcrumb","itemListElement":[{"@type":"ListItem","position":1,"name":"Home","item":"https:\/\/interamerica.org\/es\/"},{"@type":"ListItem","position":2,"name":"L\u00e1grimas y abrazos en bautismo masivo en Nicaragua"}]},{"@type":"WebSite","@id":"https:\/\/interamerica.org\/es\/#website","url":"https:\/\/interamerica.org\/es\/","name":"Iglesia Adventista del S\u00e9ptimo D\u00eda - Divisi\u00f3n Interamericana","description":"","potentialAction":[{"@type":"SearchAction","target":{"@type":"EntryPoint","urlTemplate":"https:\/\/interamerica.org\/es\/?s={search_term_string}"},"query-input":{"@type":"PropertyValueSpecification","valueRequired":true,"valueName":"search_term_string"}}],"inLanguage":"es"},{"@type":"Person","@id":"https:\/\/interamerica.org\/es\/#\/schema\/person\/68ede8bdc292885bb76c1e3810e73c39","name":"Lorenzo Verduzco","image":{"@type":"ImageObject","inLanguage":"es","@id":"https:\/\/secure.gravatar.com\/avatar\/fb81a55b6218459490a9c1dc841a34909185b81904c5337b4b27f7a6fd60c49e?s=96&d=mm&r=g","url":"https:\/\/secure.gravatar.com\/avatar\/fb81a55b6218459490a9c1dc841a34909185b81904c5337b4b27f7a6fd60c49e?s=96&d=mm&r=g","contentUrl":"https:\/\/secure.gravatar.com\/avatar\/fb81a55b6218459490a9c1dc841a34909185b81904c5337b4b27f7a6fd60c49e?s=96&d=mm&r=g","caption":"Lorenzo Verduzco"}}]}},"_links":{"self":[{"href":"https:\/\/interamerica.org\/es\/wp-json\/wp\/v2\/posts\/30757","targetHints":{"allow":["GET"]}}],"collection":[{"href":"https:\/\/interamerica.org\/es\/wp-json\/wp\/v2\/posts"}],"about":[{"href":"https:\/\/interamerica.org\/es\/wp-json\/wp\/v2\/types\/post"}],"author":[{"embeddable":true,"href":"https:\/\/interamerica.org\/es\/wp-json\/wp\/v2\/users\/1"}],"replies":[{"embeddable":true,"href":"https:\/\/interamerica.org\/es\/wp-json\/wp\/v2\/comments?post=30757"}],"version-history":[{"count":0,"href":"https:\/\/interamerica.org\/es\/wp-json\/wp\/v2\/posts\/30757\/revisions"}],"wp:featuredmedia":[{"embeddable":true,"href":"https:\/\/interamerica.org\/es\/wp-json\/wp\/v2\/media\/24664"}],"wp:attachment":[{"href":"https:\/\/interamerica.org\/es\/wp-json\/wp\/v2\/media?parent=30757"}],"wp:term":[{"taxonomy":"category","embeddable":true,"href":"https:\/\/interamerica.org\/es\/wp-json\/wp\/v2\/categories?post=30757"},{"taxonomy":"post_tag","embeddable":true,"href":"https:\/\/interamerica.org\/es\/wp-json\/wp\/v2\/tags?post=30757"}],"curies":[{"name":"wp","href":"https:\/\/api.w.org\/{rel}","templated":true}]}}