{"id":30758,"date":"2015-03-17T00:00:00","date_gmt":"2015-03-17T04:00:00","guid":{"rendered":"http:\/\/192.81.217.108\/interamerica\/2015\/03\/iglesia-adventista-hace-historia-en-cuba-gracias-a-importante-feria-de-salud\/"},"modified":"2015-03-17T00:00:00","modified_gmt":"2015-03-17T04:00:00","slug":"iglesia-adventista-hace-historia-en-cuba-gracias-a-importante-feria-de-salud","status":"publish","type":"post","link":"https:\/\/interamerica.org\/es\/2015\/03\/iglesia-adventista-hace-historia-en-cuba-gracias-a-importante-feria-de-salud\/","title":{"rendered":"Iglesia Adventista hace historia en Cuba gracias a importante feria de salud"},"content":{"rendered":"<div id=\"attachment_15738\" style=\"width: 610px\" class=\"wp-caption aligncenter\"><a href=\"\/interamerica\/wp-content\/uploads\/2017\/06\/CUBA-medicalckups.png\" rel=\"fancybox\" title=\"Iglesia Adventista hace historia en Cuba gracias a importante feria de salud\"><img fetchpriority=\"high\" decoding=\"async\" aria-describedby=\"caption-attachment-15738\" class=\"size-full wp-image-15738\" src=\"\/interamerica\/wp-content\/uploads\/2017\/06\/CUBA-medicalckups.png\" alt=\"\" width=\"600\" height=\"450\" \/><\/a><p id=\"caption-attachment-15738\" class=\"wp-caption-text\">Las visitas reciben chequeos gratuitos de salud durante el hist\u00f3rico impacto comunitario de la Iglesia Adventista en Santiago de Cuba el mes pasado. Im\u00e1genes por cortes\u00eda de Ray Fr\u00f3meta.<\/p><\/div>\n<p>17 de marzo de 2015 | Santiago, Cuba | DIA<\/p>\n<p>La Iglesia Adventista de Cuba hizo historia gracias a los dos mil j\u00f3venes que donaron sangre, llevaron a cabo chequeos de salud, y distribuyeron miles de libros en dos de los sitios m\u00e1s reverenciados de esa isla comunista.<\/p>\n<div id=\"attachment_15737\" style=\"width: 410px\" class=\"wp-caption alignleft\"><a href=\"\/interamerica\/wp-content\/uploads\/2017\/06\/CUba-PlazaRev.png\" rel=\"fancybox\" title=\"Iglesia Adventista hace historia en Cuba gracias a importante feria de salud\"><img decoding=\"async\" aria-describedby=\"caption-attachment-15737\" class=\"size-full wp-image-15737\" src=\"\/interamerica\/wp-content\/uploads\/2017\/06\/CUba-PlazaRev.png\" alt=\"\" width=\"400\" height=\"267\" \/><\/a><p id=\"caption-attachment-15737\" class=\"wp-caption-text\">Los organizadores de la Iglesia Adventista prepararon varios puestos para la feria en la Plaza de la Revoluci\u00f3n en Santiago, Cuba, el pasado 27 de febrero de 2015.<\/p><\/div>\n<p>Muchos de los j\u00f3venes viajaron durante horas y por cientos de kil\u00f3metros para llegar a la ciudad de Santiago de Cuba y participar del evento en la Plaza de la Revoluci\u00f3n, el lugar de las principales demostraciones del gobierno, y en el Parque Abel Santamar\u00eda, donde un levantamiento armado a comienzos de 1950 ayud\u00f3 a dar inicio a la revoluci\u00f3n del pa\u00eds.<\/p>\n<p>\u00abEste fue un logro sumamente hist\u00f3rico, porque es la primera vez que algo de esta magnitud es llevado a cabo de manera p\u00fablica y oficial en sitios tan renombrados\u00bb, dijo Ray Fr\u00f3meta, director de ministerios j\u00f3venes de la Asociaci\u00f3n de Cuba Oriental, una de las entidades organizadoras del evento.<\/p>\n<p>Fr\u00f3meta, que es adventista de tercera generaci\u00f3n, dijo que el acontecimiento signific\u00f3 un gran paso para la iglesia. A sus padres no se les permiti\u00f3 estudiar debido a sus creencias religiosas, y sus abuelos fueron llevados a juicio por no enviar a su madre a la escuela.<\/p>\n<div id=\"attachment_15739\" style=\"width: 310px\" class=\"wp-caption alignright\"><a href=\"\/interamerica\/wp-content\/uploads\/2017\/06\/Cuba-blood.png\" rel=\"fancybox\" title=\"Iglesia Adventista hace historia en Cuba gracias a importante feria de salud\"><img decoding=\"async\" aria-describedby=\"caption-attachment-15739\" class=\"size-full wp-image-15739\" src=\"\/interamerica\/wp-content\/uploads\/2017\/06\/Cuba-blood.png\" alt=\"\" width=\"300\" height=\"200\" \/><\/a><p id=\"caption-attachment-15739\" class=\"wp-caption-text\">Una de las cientos de personas que personas que don\u00f3 sangre durante el evento.<\/p><\/div>\n<p>\u201cDios est\u00e1 haciendo cosas maravillosas aqu\u00ed\u00bb, dijo. \u00abEsto muestra que los j\u00f3venes adventistas de Cuba est\u00e1n viviendo en momentos hist\u00f3ricos\u00bb.<\/p>\n<p>Algunas limitaciones a\u00fan est\u00e1n presentes en la obra de la Iglesia Adventista, pero se est\u00e1n abriendo las puertas para compartir a\u00fan m\u00e1s el mensaje de Cristo en Cuba, dijeron los l\u00edderes de la iglesia.<\/p>\n<p>La Iglesia Adventista opera un seminario teol\u00f3gico en Cuba, y sus 31.530 miembros se re\u00fanen en 323 iglesias y 144 grupos.<\/p>\n<p>Las actividades formaron parte de la Convenci\u00f3n de J\u00f3venes de la iglesia, que fue organizada por la Asociaci\u00f3n Oriental y la Misi\u00f3n Oriental, que movilizaron a los j\u00f3venes en esfuerzos coordinados con la sede de la Agencia Adventista de Desarrollo y Recursos Asistenciales (ADRA) de Cuba.<\/p>\n<div id=\"attachment_15740\" style=\"width: 310px\" class=\"wp-caption alignleft\"><a href=\"\/interamerica\/wp-content\/uploads\/2017\/06\/Cuba-youthconv.png\" rel=\"fancybox\" title=\"Iglesia Adventista hace historia en Cuba gracias a importante feria de salud\"><img loading=\"lazy\" decoding=\"async\" aria-describedby=\"caption-attachment-15740\" class=\"size-medium wp-image-15740 \" src=\"\/interamerica\/wp-content\/uploads\/2017\/06\/Cuba-youthconv-300x225.png\" alt=\"\" width=\"300\" height=\"225\" \/><\/a><p id=\"caption-attachment-15740\" class=\"wp-caption-text\">J\u00f3venes adventistas oran juntos durante los tres d\u00edas de la convenci\u00f3n de j\u00f3venes organizada por la Iglesia Adventista de Cuba Oriental.<\/p><\/div>\n<p>Los l\u00edderes de la iglesia trabajaron en conjunto con los funcionarios de salud p\u00fablica y la Cruz Roja para llevar a cabo el evento a fines del mes pasado en Santiago de Cuba, la ciudad m\u00e1s grande del pa\u00eds despu\u00e9s de La Habana, la capital de esa naci\u00f3n. Santiago de Cuba tiene m\u00e1s de medio mill\u00f3n de habitantes.<\/p>\n<p>Estudiantes de medicina adventistas y profesionales adventistas de salud establecieron puestos de salud que se enfocaron en permanecer sanos por medio del ejercicio, el agua, la luz solar, el aire fresco y otros remedios naturales. Los chequeos gratuitos de salud se encargaron de constatar la presi\u00f3n arterial, la respiraci\u00f3n y los niveles de az\u00facar en sangre.<\/p>\n<p>Gustavo Fr\u00f3meta, director de salud p\u00fablica de la provincia y sin parentesco con el director de ministerios j\u00f3venes, agradeci\u00f3 p\u00fablicamente a la iglesia por el programa comunitario de salud. El funcionario expres\u00f3 que su dependencia estaba lista para \u00abemprender cualquier programa conjunto que beneficie a la comunidad y contribuya a elevar la calidad de vida de nuestro pueblo\u00bb.<\/p>\n<div id=\"attachment_15741\" style=\"width: 310px\" class=\"wp-caption alignright\"><a href=\"\/interamerica\/wp-content\/uploads\/2017\/06\/Cuba-books.png\" rel=\"fancybox\" title=\"Iglesia Adventista hace historia en Cuba gracias a importante feria de salud\"><img loading=\"lazy\" decoding=\"async\" aria-describedby=\"caption-attachment-15741\" class=\"size-medium wp-image-15741\" src=\"\/interamerica\/wp-content\/uploads\/2017\/06\/Cuba-books-300x225.png\" alt=\"\" width=\"300\" height=\"225\" \/><\/a><p id=\"caption-attachment-15741\" class=\"wp-caption-text\">Los l\u00edderes oran sobre un grupo de libros antes de<\/p><\/div>\n<p>El personal m\u00e9dico de un hospital cercano tambi\u00e9n expres\u00f3 gratitud a la iglesia por los servicios de salud que se brindaron a la poblaci\u00f3n de Santiago de Cuba.<\/p>\n<p>Los j\u00f3venes tambi\u00e9n distribuyeron unos cuatro mil ejemplares del libro para compartir titulado \u00abM\u00e1s all\u00e1 de la imaginaci\u00f3n\u00bb, de\u00a0John Templeton, Jerry Thomas y L. James Gibson. El acontecimiento atrajo la marcada atenci\u00f3n de los transe\u00fantes y de los medios.<\/p>\n<p>\u00abMuchos se acercaron simplemente para ver de qu\u00e9 se trataba toda esa conmoci\u00f3n\u00bb, dijo\u00a0Dayami Rodr\u00edguez, directora de comunicaci\u00f3n de la Iglesia Adventista de Cuba. \u00abMuchos l\u00edderes y periodistas locales cubrieron el evento\u00bb.<\/p>\n<p><em>Traducci\u00f3n de Marcos Paseggi<\/em><\/p>\n","protected":false},"excerpt":{"rendered":"<p>La Iglesia Adventista de Cuba hizo historia gracias a los dos mil j\u00f3venes que donaron sangre, llevaron a cabo chequeos de salud, y distribuyeron miles de libros en dos de los sitios m\u00e1s reverenciados de esa isla comunista. <\/p>\n<p>Muchos de los j\u00f3venes viajaron durante horas y por cientos de kil\u00f3metros para llegar a la ciudad de Santiago de Cuba y participar del evento en la Plaza de la Revoluci\u00f3n, el lugar de las principales demostraciones del gobierno, y en el Parque Abel Santamar\u00eda, donde un levantamiento armado a comienzos de 1950 ayud\u00f3 a dar inicio a la revoluci\u00f3n del pa\u00eds.<\/p>\n","protected":false},"author":1,"featured_media":24680,"comment_status":"closed","ping_status":"closed","sticky":false,"template":"","format":"standard","meta":{"_acf_changed":false,"footnotes":""},"categories":[17,15],"tags":[],"class_list":["post-30758","post","type-post","status-publish","format-standard","has-post-thumbnail","hentry","category-desde-el-campo","category-rss-espanol"],"acf":[],"yoast_head":"<!-- This site is optimized with the Yoast SEO plugin v27.3 - https:\/\/yoast.com\/product\/yoast-seo-wordpress\/ -->\n<title>Iglesia Adventista hace historia en Cuba gracias a importante feria de salud - Iglesia Adventista del S\u00e9ptimo D\u00eda - Divisi\u00f3n Interamericana<\/title>\n<meta name=\"robots\" content=\"index, follow, max-snippet:-1, max-image-preview:large, max-video-preview:-1\" \/>\n<link rel=\"canonical\" href=\"https:\/\/interamerica.org\/es\/2015\/03\/iglesia-adventista-hace-historia-en-cuba-gracias-a-importante-feria-de-salud\/\" \/>\n<meta property=\"og:locale\" content=\"es_ES\" \/>\n<meta property=\"og:type\" content=\"article\" \/>\n<meta property=\"og:title\" content=\"Iglesia Adventista hace historia en Cuba gracias a importante feria de salud - Iglesia Adventista del S\u00e9ptimo D\u00eda - Divisi\u00f3n Interamericana\" \/>\n<meta property=\"og:description\" content=\"La Iglesia Adventista de Cuba hizo historia gracias a los dos mil j\u00f3venes que donaron sangre, llevaron a cabo chequeos de salud, y distribuyeron miles de libros en dos de los sitios m\u00e1s reverenciados de esa isla comunista.  Muchos de los j\u00f3venes viajaron durante horas y por cientos de kil\u00f3metros para llegar a la ciudad de Santiago de Cuba y participar del evento en la Plaza de la Revoluci\u00f3n, el lugar de las principales demostraciones del gobierno, y en el Parque Abel Santamar\u00eda, donde un levantamiento armado a comienzos de 1950 ayud\u00f3 a dar inicio a la revoluci\u00f3n del pa\u00eds.\" \/>\n<meta property=\"og:url\" content=\"https:\/\/interamerica.org\/es\/2015\/03\/iglesia-adventista-hace-historia-en-cuba-gracias-a-importante-feria-de-salud\/\" \/>\n<meta property=\"og:site_name\" content=\"Iglesia Adventista del S\u00e9ptimo D\u00eda - Divisi\u00f3n Interamericana\" \/>\n<meta property=\"article:published_time\" content=\"2015-03-17T04:00:00+00:00\" \/>\n<meta property=\"og:image\" content=\"https:\/\/interamerica.org\/wp-content\/uploads\/2017\/06\/Cuba-massage.png\" \/>\n\t<meta property=\"og:image:width\" content=\"300\" \/>\n\t<meta property=\"og:image:height\" content=\"230\" \/>\n\t<meta property=\"og:image:type\" content=\"image\/png\" \/>\n<meta name=\"author\" content=\"Lorenzo Verduzco\" \/>\n<meta name=\"twitter:card\" content=\"summary_large_image\" \/>\n<meta name=\"twitter:label1\" content=\"Escrito por\" \/>\n\t<meta name=\"twitter:data1\" content=\"Lorenzo Verduzco\" \/>\n\t<meta name=\"twitter:label2\" content=\"Tiempo de lectura\" \/>\n\t<meta name=\"twitter:data2\" content=\"4 minutos\" \/>\n<script type=\"application\/ld+json\" class=\"yoast-schema-graph\">{\"@context\":\"https:\\\/\\\/schema.org\",\"@graph\":[{\"@type\":\"Article\",\"@id\":\"https:\\\/\\\/interamerica.org\\\/es\\\/2015\\\/03\\\/iglesia-adventista-hace-historia-en-cuba-gracias-a-importante-feria-de-salud\\\/#article\",\"isPartOf\":{\"@id\":\"https:\\\/\\\/interamerica.org\\\/es\\\/2015\\\/03\\\/iglesia-adventista-hace-historia-en-cuba-gracias-a-importante-feria-de-salud\\\/\"},\"author\":{\"name\":\"Lorenzo Verduzco\",\"@id\":\"https:\\\/\\\/interamerica.org\\\/es\\\/#\\\/schema\\\/person\\\/68ede8bdc292885bb76c1e3810e73c39\"},\"headline\":\"Iglesia Adventista hace historia en Cuba gracias a importante feria de salud\",\"datePublished\":\"2015-03-17T04:00:00+00:00\",\"mainEntityOfPage\":{\"@id\":\"https:\\\/\\\/interamerica.org\\\/es\\\/2015\\\/03\\\/iglesia-adventista-hace-historia-en-cuba-gracias-a-importante-feria-de-salud\\\/\"},\"wordCount\":813,\"image\":{\"@id\":\"https:\\\/\\\/interamerica.org\\\/es\\\/2015\\\/03\\\/iglesia-adventista-hace-historia-en-cuba-gracias-a-importante-feria-de-salud\\\/#primaryimage\"},\"thumbnailUrl\":\"https:\\\/\\\/interamerica.org\\\/wp-content\\\/uploads\\\/2017\\\/06\\\/Cuba-massage.png\",\"articleSection\":[\"Desde el campo\",\"RSS Espa\u00f1ol\"],\"inLanguage\":\"es\"},{\"@type\":\"WebPage\",\"@id\":\"https:\\\/\\\/interamerica.org\\\/es\\\/2015\\\/03\\\/iglesia-adventista-hace-historia-en-cuba-gracias-a-importante-feria-de-salud\\\/\",\"url\":\"https:\\\/\\\/interamerica.org\\\/es\\\/2015\\\/03\\\/iglesia-adventista-hace-historia-en-cuba-gracias-a-importante-feria-de-salud\\\/\",\"name\":\"Iglesia Adventista hace historia en Cuba gracias a importante feria de salud - Iglesia Adventista del S\u00e9ptimo D\u00eda - Divisi\u00f3n Interamericana\",\"isPartOf\":{\"@id\":\"https:\\\/\\\/interamerica.org\\\/es\\\/#website\"},\"primaryImageOfPage\":{\"@id\":\"https:\\\/\\\/interamerica.org\\\/es\\\/2015\\\/03\\\/iglesia-adventista-hace-historia-en-cuba-gracias-a-importante-feria-de-salud\\\/#primaryimage\"},\"image\":{\"@id\":\"https:\\\/\\\/interamerica.org\\\/es\\\/2015\\\/03\\\/iglesia-adventista-hace-historia-en-cuba-gracias-a-importante-feria-de-salud\\\/#primaryimage\"},\"thumbnailUrl\":\"https:\\\/\\\/interamerica.org\\\/wp-content\\\/uploads\\\/2017\\\/06\\\/Cuba-massage.png\",\"datePublished\":\"2015-03-17T04:00:00+00:00\",\"author\":{\"@id\":\"https:\\\/\\\/interamerica.org\\\/es\\\/#\\\/schema\\\/person\\\/68ede8bdc292885bb76c1e3810e73c39\"},\"breadcrumb\":{\"@id\":\"https:\\\/\\\/interamerica.org\\\/es\\\/2015\\\/03\\\/iglesia-adventista-hace-historia-en-cuba-gracias-a-importante-feria-de-salud\\\/#breadcrumb\"},\"inLanguage\":\"es\",\"potentialAction\":[{\"@type\":\"ReadAction\",\"target\":[\"https:\\\/\\\/interamerica.org\\\/es\\\/2015\\\/03\\\/iglesia-adventista-hace-historia-en-cuba-gracias-a-importante-feria-de-salud\\\/\"]}]},{\"@type\":\"ImageObject\",\"inLanguage\":\"es\",\"@id\":\"https:\\\/\\\/interamerica.org\\\/es\\\/2015\\\/03\\\/iglesia-adventista-hace-historia-en-cuba-gracias-a-importante-feria-de-salud\\\/#primaryimage\",\"url\":\"https:\\\/\\\/interamerica.org\\\/wp-content\\\/uploads\\\/2017\\\/06\\\/Cuba-massage.png\",\"contentUrl\":\"https:\\\/\\\/interamerica.org\\\/wp-content\\\/uploads\\\/2017\\\/06\\\/Cuba-massage.png\",\"width\":300,\"height\":230},{\"@type\":\"BreadcrumbList\",\"@id\":\"https:\\\/\\\/interamerica.org\\\/es\\\/2015\\\/03\\\/iglesia-adventista-hace-historia-en-cuba-gracias-a-importante-feria-de-salud\\\/#breadcrumb\",\"itemListElement\":[{\"@type\":\"ListItem\",\"position\":1,\"name\":\"Home\",\"item\":\"https:\\\/\\\/interamerica.org\\\/es\\\/\"},{\"@type\":\"ListItem\",\"position\":2,\"name\":\"Iglesia Adventista hace historia en Cuba gracias a importante feria de salud\"}]},{\"@type\":\"WebSite\",\"@id\":\"https:\\\/\\\/interamerica.org\\\/es\\\/#website\",\"url\":\"https:\\\/\\\/interamerica.org\\\/es\\\/\",\"name\":\"Iglesia Adventista del S\u00e9ptimo D\u00eda - Divisi\u00f3n Interamericana\",\"description\":\"\",\"potentialAction\":[{\"@type\":\"SearchAction\",\"target\":{\"@type\":\"EntryPoint\",\"urlTemplate\":\"https:\\\/\\\/interamerica.org\\\/es\\\/?s={search_term_string}\"},\"query-input\":{\"@type\":\"PropertyValueSpecification\",\"valueRequired\":true,\"valueName\":\"search_term_string\"}}],\"inLanguage\":\"es\"},{\"@type\":\"Person\",\"@id\":\"https:\\\/\\\/interamerica.org\\\/es\\\/#\\\/schema\\\/person\\\/68ede8bdc292885bb76c1e3810e73c39\",\"name\":\"Lorenzo Verduzco\",\"image\":{\"@type\":\"ImageObject\",\"inLanguage\":\"es\",\"@id\":\"https:\\\/\\\/secure.gravatar.com\\\/avatar\\\/fb81a55b6218459490a9c1dc841a34909185b81904c5337b4b27f7a6fd60c49e?s=96&d=mm&r=g\",\"url\":\"https:\\\/\\\/secure.gravatar.com\\\/avatar\\\/fb81a55b6218459490a9c1dc841a34909185b81904c5337b4b27f7a6fd60c49e?s=96&d=mm&r=g\",\"contentUrl\":\"https:\\\/\\\/secure.gravatar.com\\\/avatar\\\/fb81a55b6218459490a9c1dc841a34909185b81904c5337b4b27f7a6fd60c49e?s=96&d=mm&r=g\",\"caption\":\"Lorenzo Verduzco\"}}]}<\/script>\n<!-- \/ Yoast SEO plugin. -->","yoast_head_json":{"title":"Iglesia Adventista hace historia en Cuba gracias a importante feria de salud - Iglesia Adventista del S\u00e9ptimo D\u00eda - Divisi\u00f3n Interamericana","robots":{"index":"index","follow":"follow","max-snippet":"max-snippet:-1","max-image-preview":"max-image-preview:large","max-video-preview":"max-video-preview:-1"},"canonical":"https:\/\/interamerica.org\/es\/2015\/03\/iglesia-adventista-hace-historia-en-cuba-gracias-a-importante-feria-de-salud\/","og_locale":"es_ES","og_type":"article","og_title":"Iglesia Adventista hace historia en Cuba gracias a importante feria de salud - Iglesia Adventista del S\u00e9ptimo D\u00eda - Divisi\u00f3n Interamericana","og_description":"La Iglesia Adventista de Cuba hizo historia gracias a los dos mil j\u00f3venes que donaron sangre, llevaron a cabo chequeos de salud, y distribuyeron miles de libros en dos de los sitios m\u00e1s reverenciados de esa isla comunista.  Muchos de los j\u00f3venes viajaron durante horas y por cientos de kil\u00f3metros para llegar a la ciudad de Santiago de Cuba y participar del evento en la Plaza de la Revoluci\u00f3n, el lugar de las principales demostraciones del gobierno, y en el Parque Abel Santamar\u00eda, donde un levantamiento armado a comienzos de 1950 ayud\u00f3 a dar inicio a la revoluci\u00f3n del pa\u00eds.","og_url":"https:\/\/interamerica.org\/es\/2015\/03\/iglesia-adventista-hace-historia-en-cuba-gracias-a-importante-feria-de-salud\/","og_site_name":"Iglesia Adventista del S\u00e9ptimo D\u00eda - Divisi\u00f3n Interamericana","article_published_time":"2015-03-17T04:00:00+00:00","og_image":[{"width":300,"height":230,"url":"https:\/\/interamerica.org\/wp-content\/uploads\/2017\/06\/Cuba-massage.png","type":"image\/png"}],"author":"Lorenzo Verduzco","twitter_card":"summary_large_image","twitter_misc":{"Escrito por":"Lorenzo Verduzco","Tiempo de lectura":"4 minutos"},"schema":{"@context":"https:\/\/schema.org","@graph":[{"@type":"Article","@id":"https:\/\/interamerica.org\/es\/2015\/03\/iglesia-adventista-hace-historia-en-cuba-gracias-a-importante-feria-de-salud\/#article","isPartOf":{"@id":"https:\/\/interamerica.org\/es\/2015\/03\/iglesia-adventista-hace-historia-en-cuba-gracias-a-importante-feria-de-salud\/"},"author":{"name":"Lorenzo Verduzco","@id":"https:\/\/interamerica.org\/es\/#\/schema\/person\/68ede8bdc292885bb76c1e3810e73c39"},"headline":"Iglesia Adventista hace historia en Cuba gracias a importante feria de salud","datePublished":"2015-03-17T04:00:00+00:00","mainEntityOfPage":{"@id":"https:\/\/interamerica.org\/es\/2015\/03\/iglesia-adventista-hace-historia-en-cuba-gracias-a-importante-feria-de-salud\/"},"wordCount":813,"image":{"@id":"https:\/\/interamerica.org\/es\/2015\/03\/iglesia-adventista-hace-historia-en-cuba-gracias-a-importante-feria-de-salud\/#primaryimage"},"thumbnailUrl":"https:\/\/interamerica.org\/wp-content\/uploads\/2017\/06\/Cuba-massage.png","articleSection":["Desde el campo","RSS Espa\u00f1ol"],"inLanguage":"es"},{"@type":"WebPage","@id":"https:\/\/interamerica.org\/es\/2015\/03\/iglesia-adventista-hace-historia-en-cuba-gracias-a-importante-feria-de-salud\/","url":"https:\/\/interamerica.org\/es\/2015\/03\/iglesia-adventista-hace-historia-en-cuba-gracias-a-importante-feria-de-salud\/","name":"Iglesia Adventista hace historia en Cuba gracias a importante feria de salud - Iglesia Adventista del S\u00e9ptimo D\u00eda - Divisi\u00f3n Interamericana","isPartOf":{"@id":"https:\/\/interamerica.org\/es\/#website"},"primaryImageOfPage":{"@id":"https:\/\/interamerica.org\/es\/2015\/03\/iglesia-adventista-hace-historia-en-cuba-gracias-a-importante-feria-de-salud\/#primaryimage"},"image":{"@id":"https:\/\/interamerica.org\/es\/2015\/03\/iglesia-adventista-hace-historia-en-cuba-gracias-a-importante-feria-de-salud\/#primaryimage"},"thumbnailUrl":"https:\/\/interamerica.org\/wp-content\/uploads\/2017\/06\/Cuba-massage.png","datePublished":"2015-03-17T04:00:00+00:00","author":{"@id":"https:\/\/interamerica.org\/es\/#\/schema\/person\/68ede8bdc292885bb76c1e3810e73c39"},"breadcrumb":{"@id":"https:\/\/interamerica.org\/es\/2015\/03\/iglesia-adventista-hace-historia-en-cuba-gracias-a-importante-feria-de-salud\/#breadcrumb"},"inLanguage":"es","potentialAction":[{"@type":"ReadAction","target":["https:\/\/interamerica.org\/es\/2015\/03\/iglesia-adventista-hace-historia-en-cuba-gracias-a-importante-feria-de-salud\/"]}]},{"@type":"ImageObject","inLanguage":"es","@id":"https:\/\/interamerica.org\/es\/2015\/03\/iglesia-adventista-hace-historia-en-cuba-gracias-a-importante-feria-de-salud\/#primaryimage","url":"https:\/\/interamerica.org\/wp-content\/uploads\/2017\/06\/Cuba-massage.png","contentUrl":"https:\/\/interamerica.org\/wp-content\/uploads\/2017\/06\/Cuba-massage.png","width":300,"height":230},{"@type":"BreadcrumbList","@id":"https:\/\/interamerica.org\/es\/2015\/03\/iglesia-adventista-hace-historia-en-cuba-gracias-a-importante-feria-de-salud\/#breadcrumb","itemListElement":[{"@type":"ListItem","position":1,"name":"Home","item":"https:\/\/interamerica.org\/es\/"},{"@type":"ListItem","position":2,"name":"Iglesia Adventista hace historia en Cuba gracias a importante feria de salud"}]},{"@type":"WebSite","@id":"https:\/\/interamerica.org\/es\/#website","url":"https:\/\/interamerica.org\/es\/","name":"Iglesia Adventista del S\u00e9ptimo D\u00eda - Divisi\u00f3n Interamericana","description":"","potentialAction":[{"@type":"SearchAction","target":{"@type":"EntryPoint","urlTemplate":"https:\/\/interamerica.org\/es\/?s={search_term_string}"},"query-input":{"@type":"PropertyValueSpecification","valueRequired":true,"valueName":"search_term_string"}}],"inLanguage":"es"},{"@type":"Person","@id":"https:\/\/interamerica.org\/es\/#\/schema\/person\/68ede8bdc292885bb76c1e3810e73c39","name":"Lorenzo Verduzco","image":{"@type":"ImageObject","inLanguage":"es","@id":"https:\/\/secure.gravatar.com\/avatar\/fb81a55b6218459490a9c1dc841a34909185b81904c5337b4b27f7a6fd60c49e?s=96&d=mm&r=g","url":"https:\/\/secure.gravatar.com\/avatar\/fb81a55b6218459490a9c1dc841a34909185b81904c5337b4b27f7a6fd60c49e?s=96&d=mm&r=g","contentUrl":"https:\/\/secure.gravatar.com\/avatar\/fb81a55b6218459490a9c1dc841a34909185b81904c5337b4b27f7a6fd60c49e?s=96&d=mm&r=g","caption":"Lorenzo Verduzco"}}]}},"_links":{"self":[{"href":"https:\/\/interamerica.org\/es\/wp-json\/wp\/v2\/posts\/30758","targetHints":{"allow":["GET"]}}],"collection":[{"href":"https:\/\/interamerica.org\/es\/wp-json\/wp\/v2\/posts"}],"about":[{"href":"https:\/\/interamerica.org\/es\/wp-json\/wp\/v2\/types\/post"}],"author":[{"embeddable":true,"href":"https:\/\/interamerica.org\/es\/wp-json\/wp\/v2\/users\/1"}],"replies":[{"embeddable":true,"href":"https:\/\/interamerica.org\/es\/wp-json\/wp\/v2\/comments?post=30758"}],"version-history":[{"count":0,"href":"https:\/\/interamerica.org\/es\/wp-json\/wp\/v2\/posts\/30758\/revisions"}],"wp:featuredmedia":[{"embeddable":true,"href":"https:\/\/interamerica.org\/es\/wp-json\/wp\/v2\/media\/24680"}],"wp:attachment":[{"href":"https:\/\/interamerica.org\/es\/wp-json\/wp\/v2\/media?parent=30758"}],"wp:term":[{"taxonomy":"category","embeddable":true,"href":"https:\/\/interamerica.org\/es\/wp-json\/wp\/v2\/categories?post=30758"},{"taxonomy":"post_tag","embeddable":true,"href":"https:\/\/interamerica.org\/es\/wp-json\/wp\/v2\/tags?post=30758"}],"curies":[{"name":"wp","href":"https:\/\/api.w.org\/{rel}","templated":true}]}}