{"id":30759,"date":"2015-03-18T00:00:00","date_gmt":"2015-03-18T04:00:00","guid":{"rendered":"http:\/\/192.81.217.108\/interamerica\/2015\/03\/el-dia-mundial-de-la-juventud-ocupara-un-lugar-central-en-interamerica-este-fin-de-semana\/"},"modified":"2015-03-18T00:00:00","modified_gmt":"2015-03-18T04:00:00","slug":"el-dia-mundial-de-la-juventud-ocupara-un-lugar-central-en-interamerica-este-fin-de-semana","status":"publish","type":"post","link":"https:\/\/interamerica.org\/es\/2015\/03\/el-dia-mundial-de-la-juventud-ocupara-un-lugar-central-en-interamerica-este-fin-de-semana\/","title":{"rendered":"El \u00abD\u00eda Mundial de la Juventud\u00bb ocupar\u00e1 un lugar central en Interam\u00e9rica este fin de semana"},"content":{"rendered":"<div id=\"attachment_15352\" style=\"width: 583px\" class=\"wp-caption aligncenter\"><a href=\"\/interamerica\/wp-content\/uploads\/2017\/06\/BigBann_GYD15_ESP.jpg\" rel=\"fancybox\" title=\"El \"D\u00eda Mundial de la Juventud\" ocupar\u00e1 un lugar central en Interam\u00e9rica este fin de semana\"><img fetchpriority=\"high\" decoding=\"async\" aria-describedby=\"caption-attachment-15352\" class=\" wp-image-15353 \" title=\"BigBann_GYD15_ESP\" src=\"\/interamerica\/wp-content\/uploads\/2017\/06\/BigBann_GYD15_ESP-1024x341.jpg\" alt=\"\" width=\"573\" height=\"191\" \/><\/a><p id=\"caption-attachment-15352\" class=\"wp-caption-text\">Imagen de Abel M\u00e1rquez\/DIA<\/p><\/div>\n<p>18 de marzo de 2015 \u2013 Montemorelos, Nuevo Le\u00f3n, M\u00e9xico\u2026Libna Stevens\/DIA<\/p>\n<p>Los j\u00f3venes adventistas de todo el mundo saldr\u00e1n a las calles de sus ciudades y comunidades el pr\u00f3ximo s\u00e1bado 21 de marzo de 2015, para participar de un d\u00eda para esparcir bondad y esperanza. El d\u00eda especial designado como \u00abD\u00eda Mundial de la Juventud\u00bb est\u00e1 patrocinado por el departamento de Ministerios J\u00f3venes de la Asociaci\u00f3n General y motiva a los j\u00f3venes para que \u00absean el serm\u00f3n\u00bb al mostrar el amor de Cristo en sus comunidades.<\/p>\n<p>Los j\u00f3venes de las 24 regiones principales de Interam\u00e9rica han planeado compartir alimentos y prendas de vestir, y participar\u00e1n de marchas de salud, visitar\u00e1n hospitales y hogares de ancianos, donar\u00e1n sangre, ofrecer\u00e1n oraciones en las plazas, llevar\u00e1n a cabo conciertos en zonas p\u00fablicas, entre otras muchas actividades.<\/p>\n<p>Las actividades del D\u00eda Mundial de la Juventud en diversas partes del mundo ser\u00e1n mostradas en una transmisi\u00f3n de 24 horas del <a href=\"http:\/\/www.hopetv.org\/watch\/hope-church-channel\/\">Hope Church Channe<\/a>.<\/p>\n<p>La Iglesia Adventista de Interam\u00e9rica ser\u00e1 anfitriona de dos horas de transmisi\u00f3n en vivo desde la Universidad de Montemorelos, con cientos de j\u00f3venes que ejercer\u00e1n un impacto en sus comunidades de la regi\u00f3n Mexicana del Norte, y a lo largo de decenas de lugares clave del territorio de la Divisi\u00f3n Interamericana.<\/p>\n<p>Usted puede seguir la transmisi\u00f3n de Interam\u00e9rica de 18.00 a 20.00, hora de Monterrey (o 20.00 a 22.00, hora de Miami). El programa ser\u00e1 presentado en espa\u00f1ol y franc\u00e9s en el canal de retransmisi\u00f3n por Internet de Interam\u00e9rica.<\/p>\n<p>Si desea ver el programa en vivo, visite\u00a0<a href=\"http:\/\/www.hopetv.org\/watch\/hope-church-channel\/\">Hope Church Channel<\/a><\/p>\n<p><a href=\"https:\/\/www.globalyouthday.org\/?lat=21.99192395806916&amp;long=0.0034919999999605267&amp;zoom=2\">Globalyouthday.org<\/a>\u00a0en ingl\u00e9s.<\/p>\n<p>Traducci\u00f3n al espa\u00f1ol del programa en vivo:\u00a0<a href=\"http:\/\/webcast.interamerica.org\/espanol\">webcast.interamerica.org<\/a><\/p>\n<p>Transmisi\u00f3n en vivo en franc\u00e9s:\u00a0<a href=\"http:\/\/webcast.interamerica.org\/francais\">webcast.interamerica.org<\/a><\/p>\n<p><em>Traducci\u00f3n de Marcos Paseggi<\/em><\/p>\n","protected":false},"excerpt":{"rendered":"<p>Los j\u00f3venes adventistas de todo el mundo saldr\u00e1n a las calles de sus ciudades y comunidades el pr\u00f3ximo s\u00e1bado 21 de marzo de 2015, para participar de un d\u00eda para esparcir bondad y esperanza. <\/p>\n<p>El d\u00eda especial designado como \u00abD\u00eda Mundial de la Juventud\u00bb est\u00e1 patrocinado por el departamento de Ministerios J\u00f3venes de la Asociaci\u00f3n General y motiva a los j\u00f3venes para que \u00absean el serm\u00f3n\u00bb al mostrar el amor de Cristo en sus comunidades. Los j\u00f3venes de las 24 regiones principales de Interam\u00e9rica han planeado compartir alimentos y prendas de vestir, y participar\u00e1n de marchas de salud, visitar\u00e1n hospitales y hogares de ancianos, donar\u00e1n sangre, ofrecer\u00e1n oraciones en las plazas, llevar\u00e1n a cabo conciertos en zonas p\u00fablicas, entre otras muchas actividades.<\/p>\n","protected":false},"author":1,"featured_media":30451,"comment_status":"closed","ping_status":"closed","sticky":false,"template":"","format":"standard","meta":{"_acf_changed":false,"footnotes":""},"categories":[16,15],"tags":[],"class_list":["post-30759","post","type-post","status-publish","format-standard","has-post-thumbnail","hentry","category-desde-la-sede","category-rss-espanol"],"acf":[],"yoast_head":"<!-- This site is optimized with the Yoast SEO plugin v27.3 - https:\/\/yoast.com\/product\/yoast-seo-wordpress\/ -->\n<title>El &quot;D\u00eda Mundial de la Juventud&quot; ocupar\u00e1 un lugar central en Interam\u00e9rica este fin de semana - Iglesia Adventista del S\u00e9ptimo D\u00eda - Divisi\u00f3n Interamericana<\/title>\n<meta name=\"robots\" content=\"index, follow, max-snippet:-1, max-image-preview:large, max-video-preview:-1\" \/>\n<link rel=\"canonical\" href=\"https:\/\/interamerica.org\/es\/2015\/03\/el-dia-mundial-de-la-juventud-ocupara-un-lugar-central-en-interamerica-este-fin-de-semana\/\" \/>\n<meta property=\"og:locale\" content=\"es_ES\" \/>\n<meta property=\"og:type\" content=\"article\" \/>\n<meta property=\"og:title\" content=\"El &quot;D\u00eda Mundial de la Juventud&quot; ocupar\u00e1 un lugar central en Interam\u00e9rica este fin de semana - Iglesia Adventista del S\u00e9ptimo D\u00eda - Divisi\u00f3n Interamericana\" \/>\n<meta property=\"og:description\" content=\"Los j\u00f3venes adventistas de todo el mundo saldr\u00e1n a las calles de sus ciudades y comunidades el pr\u00f3ximo s\u00e1bado 21 de marzo de 2015, para participar de un d\u00eda para esparcir bondad y esperanza.  El d\u00eda especial designado como &quot;D\u00eda Mundial de la Juventud&quot; est\u00e1 patrocinado por el departamento de Ministerios J\u00f3venes de la Asociaci\u00f3n General y motiva a los j\u00f3venes para que &quot;sean el serm\u00f3n&quot; al mostrar el amor de Cristo en sus comunidades. Los j\u00f3venes de las 24 regiones principales de Interam\u00e9rica han planeado compartir alimentos y prendas de vestir, y participar\u00e1n de marchas de salud, visitar\u00e1n hospitales y hogares de ancianos, donar\u00e1n sangre, ofrecer\u00e1n oraciones en las plazas, llevar\u00e1n a cabo conciertos en zonas p\u00fablicas, entre otras muchas actividades.\" \/>\n<meta property=\"og:url\" content=\"https:\/\/interamerica.org\/es\/2015\/03\/el-dia-mundial-de-la-juventud-ocupara-un-lugar-central-en-interamerica-este-fin-de-semana\/\" \/>\n<meta property=\"og:site_name\" content=\"Iglesia Adventista del S\u00e9ptimo D\u00eda - Divisi\u00f3n Interamericana\" \/>\n<meta property=\"article:published_time\" content=\"2015-03-18T04:00:00+00:00\" \/>\n<meta property=\"og:image\" content=\"https:\/\/interamerica.org\/wp-content\/uploads\/2017\/06\/GYD-featureSPa.png\" \/>\n\t<meta property=\"og:image:width\" content=\"315\" \/>\n\t<meta property=\"og:image:height\" content=\"265\" \/>\n\t<meta property=\"og:image:type\" content=\"image\/png\" \/>\n<meta name=\"author\" content=\"Lorenzo Verduzco\" \/>\n<meta name=\"twitter:card\" content=\"summary_large_image\" \/>\n<meta name=\"twitter:label1\" content=\"Escrito por\" \/>\n\t<meta name=\"twitter:data1\" content=\"Lorenzo Verduzco\" \/>\n\t<meta name=\"twitter:label2\" content=\"Tiempo de lectura\" \/>\n\t<meta name=\"twitter:data2\" content=\"2 minutos\" \/>\n<script type=\"application\/ld+json\" class=\"yoast-schema-graph\">{\"@context\":\"https:\\\/\\\/schema.org\",\"@graph\":[{\"@type\":\"Article\",\"@id\":\"https:\\\/\\\/interamerica.org\\\/es\\\/2015\\\/03\\\/el-dia-mundial-de-la-juventud-ocupara-un-lugar-central-en-interamerica-este-fin-de-semana\\\/#article\",\"isPartOf\":{\"@id\":\"https:\\\/\\\/interamerica.org\\\/es\\\/2015\\\/03\\\/el-dia-mundial-de-la-juventud-ocupara-un-lugar-central-en-interamerica-este-fin-de-semana\\\/\"},\"author\":{\"name\":\"Lorenzo Verduzco\",\"@id\":\"https:\\\/\\\/interamerica.org\\\/es\\\/#\\\/schema\\\/person\\\/68ede8bdc292885bb76c1e3810e73c39\"},\"headline\":\"El \u00abD\u00eda Mundial de la Juventud\u00bb ocupar\u00e1 un lugar central en Interam\u00e9rica este fin de semana\",\"datePublished\":\"2015-03-18T04:00:00+00:00\",\"mainEntityOfPage\":{\"@id\":\"https:\\\/\\\/interamerica.org\\\/es\\\/2015\\\/03\\\/el-dia-mundial-de-la-juventud-ocupara-un-lugar-central-en-interamerica-este-fin-de-semana\\\/\"},\"wordCount\":348,\"image\":{\"@id\":\"https:\\\/\\\/interamerica.org\\\/es\\\/2015\\\/03\\\/el-dia-mundial-de-la-juventud-ocupara-un-lugar-central-en-interamerica-este-fin-de-semana\\\/#primaryimage\"},\"thumbnailUrl\":\"https:\\\/\\\/interamerica.org\\\/wp-content\\\/uploads\\\/2017\\\/06\\\/GYD-featureSPa.png\",\"articleSection\":[\"Desde la sede\",\"RSS Espa\u00f1ol\"],\"inLanguage\":\"es\"},{\"@type\":\"WebPage\",\"@id\":\"https:\\\/\\\/interamerica.org\\\/es\\\/2015\\\/03\\\/el-dia-mundial-de-la-juventud-ocupara-un-lugar-central-en-interamerica-este-fin-de-semana\\\/\",\"url\":\"https:\\\/\\\/interamerica.org\\\/es\\\/2015\\\/03\\\/el-dia-mundial-de-la-juventud-ocupara-un-lugar-central-en-interamerica-este-fin-de-semana\\\/\",\"name\":\"El \\\"D\u00eda Mundial de la Juventud\\\" ocupar\u00e1 un lugar central en Interam\u00e9rica este fin de semana - Iglesia Adventista del S\u00e9ptimo D\u00eda - Divisi\u00f3n Interamericana\",\"isPartOf\":{\"@id\":\"https:\\\/\\\/interamerica.org\\\/es\\\/#website\"},\"primaryImageOfPage\":{\"@id\":\"https:\\\/\\\/interamerica.org\\\/es\\\/2015\\\/03\\\/el-dia-mundial-de-la-juventud-ocupara-un-lugar-central-en-interamerica-este-fin-de-semana\\\/#primaryimage\"},\"image\":{\"@id\":\"https:\\\/\\\/interamerica.org\\\/es\\\/2015\\\/03\\\/el-dia-mundial-de-la-juventud-ocupara-un-lugar-central-en-interamerica-este-fin-de-semana\\\/#primaryimage\"},\"thumbnailUrl\":\"https:\\\/\\\/interamerica.org\\\/wp-content\\\/uploads\\\/2017\\\/06\\\/GYD-featureSPa.png\",\"datePublished\":\"2015-03-18T04:00:00+00:00\",\"author\":{\"@id\":\"https:\\\/\\\/interamerica.org\\\/es\\\/#\\\/schema\\\/person\\\/68ede8bdc292885bb76c1e3810e73c39\"},\"breadcrumb\":{\"@id\":\"https:\\\/\\\/interamerica.org\\\/es\\\/2015\\\/03\\\/el-dia-mundial-de-la-juventud-ocupara-un-lugar-central-en-interamerica-este-fin-de-semana\\\/#breadcrumb\"},\"inLanguage\":\"es\",\"potentialAction\":[{\"@type\":\"ReadAction\",\"target\":[\"https:\\\/\\\/interamerica.org\\\/es\\\/2015\\\/03\\\/el-dia-mundial-de-la-juventud-ocupara-un-lugar-central-en-interamerica-este-fin-de-semana\\\/\"]}]},{\"@type\":\"ImageObject\",\"inLanguage\":\"es\",\"@id\":\"https:\\\/\\\/interamerica.org\\\/es\\\/2015\\\/03\\\/el-dia-mundial-de-la-juventud-ocupara-un-lugar-central-en-interamerica-este-fin-de-semana\\\/#primaryimage\",\"url\":\"https:\\\/\\\/interamerica.org\\\/wp-content\\\/uploads\\\/2017\\\/06\\\/GYD-featureSPa.png\",\"contentUrl\":\"https:\\\/\\\/interamerica.org\\\/wp-content\\\/uploads\\\/2017\\\/06\\\/GYD-featureSPa.png\",\"width\":315,\"height\":265},{\"@type\":\"BreadcrumbList\",\"@id\":\"https:\\\/\\\/interamerica.org\\\/es\\\/2015\\\/03\\\/el-dia-mundial-de-la-juventud-ocupara-un-lugar-central-en-interamerica-este-fin-de-semana\\\/#breadcrumb\",\"itemListElement\":[{\"@type\":\"ListItem\",\"position\":1,\"name\":\"Home\",\"item\":\"https:\\\/\\\/interamerica.org\\\/es\\\/\"},{\"@type\":\"ListItem\",\"position\":2,\"name\":\"El &#8220;D\u00eda Mundial de la Juventud&#8221; ocupar\u00e1 un lugar central en Interam\u00e9rica este fin de semana\"}]},{\"@type\":\"WebSite\",\"@id\":\"https:\\\/\\\/interamerica.org\\\/es\\\/#website\",\"url\":\"https:\\\/\\\/interamerica.org\\\/es\\\/\",\"name\":\"Iglesia Adventista del S\u00e9ptimo D\u00eda - Divisi\u00f3n Interamericana\",\"description\":\"\",\"potentialAction\":[{\"@type\":\"SearchAction\",\"target\":{\"@type\":\"EntryPoint\",\"urlTemplate\":\"https:\\\/\\\/interamerica.org\\\/es\\\/?s={search_term_string}\"},\"query-input\":{\"@type\":\"PropertyValueSpecification\",\"valueRequired\":true,\"valueName\":\"search_term_string\"}}],\"inLanguage\":\"es\"},{\"@type\":\"Person\",\"@id\":\"https:\\\/\\\/interamerica.org\\\/es\\\/#\\\/schema\\\/person\\\/68ede8bdc292885bb76c1e3810e73c39\",\"name\":\"Lorenzo Verduzco\",\"image\":{\"@type\":\"ImageObject\",\"inLanguage\":\"es\",\"@id\":\"https:\\\/\\\/secure.gravatar.com\\\/avatar\\\/fb81a55b6218459490a9c1dc841a34909185b81904c5337b4b27f7a6fd60c49e?s=96&d=mm&r=g\",\"url\":\"https:\\\/\\\/secure.gravatar.com\\\/avatar\\\/fb81a55b6218459490a9c1dc841a34909185b81904c5337b4b27f7a6fd60c49e?s=96&d=mm&r=g\",\"contentUrl\":\"https:\\\/\\\/secure.gravatar.com\\\/avatar\\\/fb81a55b6218459490a9c1dc841a34909185b81904c5337b4b27f7a6fd60c49e?s=96&d=mm&r=g\",\"caption\":\"Lorenzo Verduzco\"}}]}<\/script>\n<!-- \/ Yoast SEO plugin. -->","yoast_head_json":{"title":"El \"D\u00eda Mundial de la Juventud\" ocupar\u00e1 un lugar central en Interam\u00e9rica este fin de semana - Iglesia Adventista del S\u00e9ptimo D\u00eda - Divisi\u00f3n Interamericana","robots":{"index":"index","follow":"follow","max-snippet":"max-snippet:-1","max-image-preview":"max-image-preview:large","max-video-preview":"max-video-preview:-1"},"canonical":"https:\/\/interamerica.org\/es\/2015\/03\/el-dia-mundial-de-la-juventud-ocupara-un-lugar-central-en-interamerica-este-fin-de-semana\/","og_locale":"es_ES","og_type":"article","og_title":"El \"D\u00eda Mundial de la Juventud\" ocupar\u00e1 un lugar central en Interam\u00e9rica este fin de semana - Iglesia Adventista del S\u00e9ptimo D\u00eda - Divisi\u00f3n Interamericana","og_description":"Los j\u00f3venes adventistas de todo el mundo saldr\u00e1n a las calles de sus ciudades y comunidades el pr\u00f3ximo s\u00e1bado 21 de marzo de 2015, para participar de un d\u00eda para esparcir bondad y esperanza.  El d\u00eda especial designado como \"D\u00eda Mundial de la Juventud\" est\u00e1 patrocinado por el departamento de Ministerios J\u00f3venes de la Asociaci\u00f3n General y motiva a los j\u00f3venes para que \"sean el serm\u00f3n\" al mostrar el amor de Cristo en sus comunidades. Los j\u00f3venes de las 24 regiones principales de Interam\u00e9rica han planeado compartir alimentos y prendas de vestir, y participar\u00e1n de marchas de salud, visitar\u00e1n hospitales y hogares de ancianos, donar\u00e1n sangre, ofrecer\u00e1n oraciones en las plazas, llevar\u00e1n a cabo conciertos en zonas p\u00fablicas, entre otras muchas actividades.","og_url":"https:\/\/interamerica.org\/es\/2015\/03\/el-dia-mundial-de-la-juventud-ocupara-un-lugar-central-en-interamerica-este-fin-de-semana\/","og_site_name":"Iglesia Adventista del S\u00e9ptimo D\u00eda - Divisi\u00f3n Interamericana","article_published_time":"2015-03-18T04:00:00+00:00","og_image":[{"width":315,"height":265,"url":"https:\/\/interamerica.org\/wp-content\/uploads\/2017\/06\/GYD-featureSPa.png","type":"image\/png"}],"author":"Lorenzo Verduzco","twitter_card":"summary_large_image","twitter_misc":{"Escrito por":"Lorenzo Verduzco","Tiempo de lectura":"2 minutos"},"schema":{"@context":"https:\/\/schema.org","@graph":[{"@type":"Article","@id":"https:\/\/interamerica.org\/es\/2015\/03\/el-dia-mundial-de-la-juventud-ocupara-un-lugar-central-en-interamerica-este-fin-de-semana\/#article","isPartOf":{"@id":"https:\/\/interamerica.org\/es\/2015\/03\/el-dia-mundial-de-la-juventud-ocupara-un-lugar-central-en-interamerica-este-fin-de-semana\/"},"author":{"name":"Lorenzo Verduzco","@id":"https:\/\/interamerica.org\/es\/#\/schema\/person\/68ede8bdc292885bb76c1e3810e73c39"},"headline":"El \u00abD\u00eda Mundial de la Juventud\u00bb ocupar\u00e1 un lugar central en Interam\u00e9rica este fin de semana","datePublished":"2015-03-18T04:00:00+00:00","mainEntityOfPage":{"@id":"https:\/\/interamerica.org\/es\/2015\/03\/el-dia-mundial-de-la-juventud-ocupara-un-lugar-central-en-interamerica-este-fin-de-semana\/"},"wordCount":348,"image":{"@id":"https:\/\/interamerica.org\/es\/2015\/03\/el-dia-mundial-de-la-juventud-ocupara-un-lugar-central-en-interamerica-este-fin-de-semana\/#primaryimage"},"thumbnailUrl":"https:\/\/interamerica.org\/wp-content\/uploads\/2017\/06\/GYD-featureSPa.png","articleSection":["Desde la sede","RSS Espa\u00f1ol"],"inLanguage":"es"},{"@type":"WebPage","@id":"https:\/\/interamerica.org\/es\/2015\/03\/el-dia-mundial-de-la-juventud-ocupara-un-lugar-central-en-interamerica-este-fin-de-semana\/","url":"https:\/\/interamerica.org\/es\/2015\/03\/el-dia-mundial-de-la-juventud-ocupara-un-lugar-central-en-interamerica-este-fin-de-semana\/","name":"El \"D\u00eda Mundial de la Juventud\" ocupar\u00e1 un lugar central en Interam\u00e9rica este fin de semana - Iglesia Adventista del S\u00e9ptimo D\u00eda - Divisi\u00f3n Interamericana","isPartOf":{"@id":"https:\/\/interamerica.org\/es\/#website"},"primaryImageOfPage":{"@id":"https:\/\/interamerica.org\/es\/2015\/03\/el-dia-mundial-de-la-juventud-ocupara-un-lugar-central-en-interamerica-este-fin-de-semana\/#primaryimage"},"image":{"@id":"https:\/\/interamerica.org\/es\/2015\/03\/el-dia-mundial-de-la-juventud-ocupara-un-lugar-central-en-interamerica-este-fin-de-semana\/#primaryimage"},"thumbnailUrl":"https:\/\/interamerica.org\/wp-content\/uploads\/2017\/06\/GYD-featureSPa.png","datePublished":"2015-03-18T04:00:00+00:00","author":{"@id":"https:\/\/interamerica.org\/es\/#\/schema\/person\/68ede8bdc292885bb76c1e3810e73c39"},"breadcrumb":{"@id":"https:\/\/interamerica.org\/es\/2015\/03\/el-dia-mundial-de-la-juventud-ocupara-un-lugar-central-en-interamerica-este-fin-de-semana\/#breadcrumb"},"inLanguage":"es","potentialAction":[{"@type":"ReadAction","target":["https:\/\/interamerica.org\/es\/2015\/03\/el-dia-mundial-de-la-juventud-ocupara-un-lugar-central-en-interamerica-este-fin-de-semana\/"]}]},{"@type":"ImageObject","inLanguage":"es","@id":"https:\/\/interamerica.org\/es\/2015\/03\/el-dia-mundial-de-la-juventud-ocupara-un-lugar-central-en-interamerica-este-fin-de-semana\/#primaryimage","url":"https:\/\/interamerica.org\/wp-content\/uploads\/2017\/06\/GYD-featureSPa.png","contentUrl":"https:\/\/interamerica.org\/wp-content\/uploads\/2017\/06\/GYD-featureSPa.png","width":315,"height":265},{"@type":"BreadcrumbList","@id":"https:\/\/interamerica.org\/es\/2015\/03\/el-dia-mundial-de-la-juventud-ocupara-un-lugar-central-en-interamerica-este-fin-de-semana\/#breadcrumb","itemListElement":[{"@type":"ListItem","position":1,"name":"Home","item":"https:\/\/interamerica.org\/es\/"},{"@type":"ListItem","position":2,"name":"El &#8220;D\u00eda Mundial de la Juventud&#8221; ocupar\u00e1 un lugar central en Interam\u00e9rica este fin de semana"}]},{"@type":"WebSite","@id":"https:\/\/interamerica.org\/es\/#website","url":"https:\/\/interamerica.org\/es\/","name":"Iglesia Adventista del S\u00e9ptimo D\u00eda - Divisi\u00f3n Interamericana","description":"","potentialAction":[{"@type":"SearchAction","target":{"@type":"EntryPoint","urlTemplate":"https:\/\/interamerica.org\/es\/?s={search_term_string}"},"query-input":{"@type":"PropertyValueSpecification","valueRequired":true,"valueName":"search_term_string"}}],"inLanguage":"es"},{"@type":"Person","@id":"https:\/\/interamerica.org\/es\/#\/schema\/person\/68ede8bdc292885bb76c1e3810e73c39","name":"Lorenzo Verduzco","image":{"@type":"ImageObject","inLanguage":"es","@id":"https:\/\/secure.gravatar.com\/avatar\/fb81a55b6218459490a9c1dc841a34909185b81904c5337b4b27f7a6fd60c49e?s=96&d=mm&r=g","url":"https:\/\/secure.gravatar.com\/avatar\/fb81a55b6218459490a9c1dc841a34909185b81904c5337b4b27f7a6fd60c49e?s=96&d=mm&r=g","contentUrl":"https:\/\/secure.gravatar.com\/avatar\/fb81a55b6218459490a9c1dc841a34909185b81904c5337b4b27f7a6fd60c49e?s=96&d=mm&r=g","caption":"Lorenzo Verduzco"}}]}},"_links":{"self":[{"href":"https:\/\/interamerica.org\/es\/wp-json\/wp\/v2\/posts\/30759","targetHints":{"allow":["GET"]}}],"collection":[{"href":"https:\/\/interamerica.org\/es\/wp-json\/wp\/v2\/posts"}],"about":[{"href":"https:\/\/interamerica.org\/es\/wp-json\/wp\/v2\/types\/post"}],"author":[{"embeddable":true,"href":"https:\/\/interamerica.org\/es\/wp-json\/wp\/v2\/users\/1"}],"replies":[{"embeddable":true,"href":"https:\/\/interamerica.org\/es\/wp-json\/wp\/v2\/comments?post=30759"}],"version-history":[{"count":0,"href":"https:\/\/interamerica.org\/es\/wp-json\/wp\/v2\/posts\/30759\/revisions"}],"wp:featuredmedia":[{"embeddable":true,"href":"https:\/\/interamerica.org\/es\/wp-json\/wp\/v2\/media\/30451"}],"wp:attachment":[{"href":"https:\/\/interamerica.org\/es\/wp-json\/wp\/v2\/media?parent=30759"}],"wp:term":[{"taxonomy":"category","embeddable":true,"href":"https:\/\/interamerica.org\/es\/wp-json\/wp\/v2\/categories?post=30759"},{"taxonomy":"post_tag","embeddable":true,"href":"https:\/\/interamerica.org\/es\/wp-json\/wp\/v2\/tags?post=30759"}],"curies":[{"name":"wp","href":"https:\/\/api.w.org\/{rel}","templated":true}]}}