{"id":30762,"date":"2015-03-20T00:00:00","date_gmt":"2015-03-20T04:00:00","guid":{"rendered":"http:\/\/192.81.217.108\/interamerica\/2015\/03\/nueva-union-de-panama-bautiza-a-2530-personas\/"},"modified":"2015-03-20T00:00:00","modified_gmt":"2015-03-20T04:00:00","slug":"nueva-union-de-panama-bautiza-a-2530-personas","status":"publish","type":"post","link":"https:\/\/interamerica.org\/es\/2015\/03\/nueva-union-de-panama-bautiza-a-2530-personas\/","title":{"rendered":"Nueva Uni\u00f3n de Panam\u00e1 bautiza a 2530 personas"},"content":{"rendered":"<div id=\"attachment_15787\" style=\"width: 610px\" class=\"wp-caption aligncenter\"><a href=\"\/interamerica\/wp-content\/uploads\/2017\/06\/WilsonPanama.png\" rel=\"fancybox\" title=\"Nueva Uni\u00f3n de Panam\u00e1 bautiza a 2530 personas\"><img fetchpriority=\"high\" decoding=\"async\" aria-describedby=\"caption-attachment-15787\" class=\"size-full wp-image-15787\" src=\"\/interamerica\/wp-content\/uploads\/2017\/06\/WilsonPanama.png\" alt=\"\" width=\"600\" height=\"309\" \/><\/a><p id=\"caption-attachment-15787\" class=\"wp-caption-text\">Vestidos de ropas tradicionales, un grupo de paname\u00f1as da la bienvenida a Nancy Wilson (en la fotograf\u00eda), y a su esposo Ted Wilson, presidente de la Iglesia Adventista mundial. Im\u00e1genes por cortes\u00eda de Ted N.C.Wilson<\/p><\/div>\n<p>19 de marzo de 2015\u00a0| Andrew McChesney, editor de noticias, Adventist Review<\/p>\n<p>La recientemente formada Uni\u00f3n Misi\u00f3n de Panam\u00e1 de la Iglesia Adventista anunci\u00f3 que 2350 personas fueron bautizadas desde enero como resultado de una importante campa\u00f1a de evangelizaci\u00f3n.<\/p>\n<div id=\"attachment_15789\" style=\"width: 210px\" class=\"wp-caption alignleft\"><a href=\"\/interamerica\/wp-content\/uploads\/2017\/06\/LeitoNeilWilson.png\" rel=\"fancybox\" title=\"Nueva Uni\u00f3n de Panam\u00e1 bautiza a 2530 personas\"><img decoding=\"async\" aria-describedby=\"caption-attachment-15789\" class=\"size-full wp-image-15789\" src=\"\/interamerica\/wp-content\/uploads\/2017\/06\/LeitoNeilWilson.png\" alt=\"\" width=\"200\" height=\"270\" \/><\/a><p id=\"caption-attachment-15789\" class=\"wp-caption-text\">Neal C. Wilson eleva una oraci\u00f3n mientras Israel Leito oficia de int\u00e9rprete durante una campa\u00f1a de evangelizaci\u00f3n en Panam\u00e1 en 1984. Todas las fotograf\u00edas por cortes\u00eda de Ted N.C. Wilson<\/p><\/div>\n<p>Los bautismos pusieron de manifiesto el compromiso de la iglesia local de preparar a un pueblo para el regreso de Cristo y ofrecieron un momento de nostalgia para Ted N. C. Wilson, el l\u00edder adventista que visit\u00f3 el pa\u00eds y record\u00f3 que su padre hab\u00eda estado al frente de una campa\u00f1a de evangelizaci\u00f3n 31 a\u00f1os en el mismo lugar.<\/p>\n<p>\u00abEl Esp\u00edritu de Dios se est\u00e1 moviendo de manera inusual en Panam\u00e1, y la iglesia est\u00e1 respondiendo de manera din\u00e1mica por medio del evangelismo personal y p\u00fablico\u00bb, dijo Wilson a la Revista Adventista. \u00abAlabo al Se\u00f1or por la proclamaci\u00f3n en\u00e9rgica de los mensajes de los tres \u00e1ngeles en Panam\u00e1\u00bb.<\/p>\n<p>Al hablar en la inauguraci\u00f3n de la Uni\u00f3n Misi\u00f3n de Panam\u00e1 esta semana, los l\u00edderes de la iglesia dijeron que el entusiasmo por el evangelismo es marcado en ese pa\u00eds de Am\u00e9rica Central, y entregaron a Wilson un certificado relacionado con los \u00faltimos bautismos. El documento, que lleva una imagen de la Segunda Venida de Cristo, dice que se han bautizado 2350 personas como \u00abuna ofrenda fragante para Dios\u00bb, durante la campa\u00f1a de evangelizaci\u00f3n denominada \u00abViajes de esperanza\u00bb. Las reuniones fueron llevadas a cabo a lo largo y a lo ancho del pa\u00eds, e involucraron el trabajo conjunto de pastores, laicos y ni\u00f1os.<\/p>\n<p>Wilson anim\u00f3 a los dos mil feligreses que se dieron cita para la inauguraci\u00f3n de la nueva uni\u00f3n en el Hotel El Panam\u00e1 para que den el pueblo de ese pa\u00eds \u00abun informe bueno y positivo\u00bb que se\u00f1ale a Cristo y su pronto regreso.<\/p>\n<p>La Uni\u00f3n Misi\u00f3n de Panam\u00e1, que se desprendi\u00f3 de la Uni\u00f3n Centroamericana Sur del pasado 1 de enero, est\u00e1 presidida por Jos\u00e9 De Gracia, y cuenta con tres asociaciones y dos misiones, 22 instituciones educativas y 107 pastores. Al comienzo del a\u00f1o, contaba con 76.250 miembros pertenecientes a 479 congregaciones.<\/p>\n<div id=\"attachment_15790\" style=\"width: 310px\" class=\"wp-caption alignright\"><a href=\"\/interamerica\/wp-content\/uploads\/2017\/06\/WIlsonCostaRica.png\" rel=\"fancybox\" title=\"Nueva Uni\u00f3n de Panam\u00e1 bautiza a 2530 personas\"><img decoding=\"async\" aria-describedby=\"caption-attachment-15790\" class=\"size-full wp-image-15790\" src=\"\/interamerica\/wp-content\/uploads\/2017\/06\/WIlsonCostaRica.png\" alt=\"\" width=\"300\" height=\"225\" \/><\/a><p id=\"caption-attachment-15790\" class=\"wp-caption-text\">Wilson posa con un equipo administrativo de la universidad. All\u00ed or\u00f3 por el proyecto de salones de clase.<\/p><\/div>\n<p>Wilson llev\u00f3 a cabo una visita de dos d\u00edas a Panam\u00e1, el quinto de los seis pa\u00edses que visitar\u00e1 en su recorrida por la Divisi\u00f3n Interamericana. Lleg\u00f3 a Panam\u00e1 desde Costa Rica, y el jueves planeaba visitar Colombia.<\/p>\n<p>Los l\u00edderes de la iglesia de Panam\u00e1 vincularon el pasado con el presente en una inauguraci\u00f3n por separado de la nueva sede de la asociaci\u00f3n y una estaci\u00f3n de radio, la 1560 AM, \u00abLa voz de la esperanza\u00bb. Los l\u00edderes relataron que el padre de Wilson, el expresidente de la Iglesia Adventista Neal C. Wilson estuvo al frente de una campa\u00f1a de evangelizaci\u00f3n en 1984, junto con Mervyn Hardinge, director de salud de la Iglesia Adventista mundial, y Charles L. Brooks, director asociado de Escuela Sab\u00e1tica que estuvo a cargo de la m\u00fasica especial. Su int\u00e9rprete durante esas reuniones fue Israel Leito, quien ahora es presidente de la Divisi\u00f3n Interamericana, territorio que incluye a Panam\u00e1. Leito acompa\u00f1\u00f3 a Ted Wilson en su visita de dos d\u00edas a Panam\u00e1 esta semana.<\/p>\n<p>Ted Wilson se encontr\u00f3 con un m\u00e9dico que fue bautizado en la campa\u00f1a de evangelizaci\u00f3n de 1984 y con un matrimonio &#8211;el colportor Jos\u00e9 Moreno y su esposa Rosita Baker&#8211; que fueron casados por su padre durante las reuniones. Los tres siguen siendo fieles adventistas.<\/p>\n<p>\u00ab\u00a1Qu\u00e9 privilegio ver las bendiciones de Dios despu\u00e9s de 31 a\u00f1os!\u00bb, reflexion\u00f3 Wilson.<\/p>\n<p><em>Traducci\u00f3n de Marcos Paseggi<\/em><\/p>\n","protected":false},"excerpt":{"rendered":"<p>La recientemente formada Uni\u00f3n Misi\u00f3n de Panam\u00e1 de la Iglesia Adventista anunci\u00f3 que 2350 personas fueron bautizadas desde enero como resultado de una importante campa\u00f1a de evangelizaci\u00f3n.  <\/p>\n<p>Los bautismos pusieron de manifiesto el compromiso de la iglesia local de preparar a un pueblo para el regreso de Cristo y ofrecieron un momento de nostalgia para Ted N. C. Wilson, el l\u00edder adventista que visit\u00f3 el pa\u00eds y record\u00f3 que su padre hab\u00eda estado al frente de una campa\u00f1a de evangelizaci\u00f3n 31 a\u00f1os en el mismo lugar.<\/p>\n","protected":false},"author":1,"featured_media":24711,"comment_status":"closed","ping_status":"closed","sticky":false,"template":"","format":"standard","meta":{"_acf_changed":false,"footnotes":""},"categories":[14,15],"tags":[],"class_list":["post-30762","post","type-post","status-publish","format-standard","has-post-thumbnail","hentry","category-de-la-iglesia-mundial","category-rss-espanol"],"acf":[],"yoast_head":"<!-- This site is optimized with the Yoast SEO plugin v27.3 - https:\/\/yoast.com\/product\/yoast-seo-wordpress\/ -->\n<title>Nueva Uni\u00f3n de Panam\u00e1 bautiza a 2530 personas - Iglesia Adventista del S\u00e9ptimo D\u00eda - Divisi\u00f3n Interamericana<\/title>\n<meta name=\"robots\" content=\"index, follow, max-snippet:-1, max-image-preview:large, max-video-preview:-1\" \/>\n<link rel=\"canonical\" href=\"https:\/\/interamerica.org\/es\/2015\/03\/nueva-union-de-panama-bautiza-a-2530-personas\/\" \/>\n<meta property=\"og:locale\" content=\"es_ES\" \/>\n<meta property=\"og:type\" content=\"article\" \/>\n<meta property=\"og:title\" content=\"Nueva Uni\u00f3n de Panam\u00e1 bautiza a 2530 personas - Iglesia Adventista del S\u00e9ptimo D\u00eda - Divisi\u00f3n Interamericana\" \/>\n<meta property=\"og:description\" content=\"La recientemente formada Uni\u00f3n Misi\u00f3n de Panam\u00e1 de la Iglesia Adventista anunci\u00f3 que 2350 personas fueron bautizadas desde enero como resultado de una importante campa\u00f1a de evangelizaci\u00f3n.  Los bautismos pusieron de manifiesto el compromiso de la iglesia local de preparar a un pueblo para el regreso de Cristo y ofrecieron un momento de nostalgia para Ted N. C. Wilson, el l\u00edder adventista que visit\u00f3 el pa\u00eds y record\u00f3 que su padre hab\u00eda estado al frente de una campa\u00f1a de evangelizaci\u00f3n 31 a\u00f1os en el mismo lugar.\" \/>\n<meta property=\"og:url\" content=\"https:\/\/interamerica.org\/es\/2015\/03\/nueva-union-de-panama-bautiza-a-2530-personas\/\" \/>\n<meta property=\"og:site_name\" content=\"Iglesia Adventista del S\u00e9ptimo D\u00eda - Divisi\u00f3n Interamericana\" \/>\n<meta property=\"article:published_time\" content=\"2015-03-20T04:00:00+00:00\" \/>\n<meta property=\"og:image\" content=\"https:\/\/interamerica.org\/wp-content\/uploads\/2017\/06\/WilsonPanama300.png\" \/>\n\t<meta property=\"og:image:width\" content=\"300\" \/>\n\t<meta property=\"og:image:height\" content=\"223\" \/>\n\t<meta property=\"og:image:type\" content=\"image\/png\" \/>\n<meta name=\"author\" content=\"Lorenzo Verduzco\" \/>\n<meta name=\"twitter:card\" content=\"summary_large_image\" \/>\n<meta name=\"twitter:label1\" content=\"Escrito por\" \/>\n\t<meta name=\"twitter:data1\" content=\"Lorenzo Verduzco\" \/>\n\t<meta name=\"twitter:label2\" content=\"Tiempo de lectura\" \/>\n\t<meta name=\"twitter:data2\" content=\"4 minutos\" \/>\n<script type=\"application\/ld+json\" class=\"yoast-schema-graph\">{\"@context\":\"https:\\\/\\\/schema.org\",\"@graph\":[{\"@type\":\"Article\",\"@id\":\"https:\\\/\\\/interamerica.org\\\/es\\\/2015\\\/03\\\/nueva-union-de-panama-bautiza-a-2530-personas\\\/#article\",\"isPartOf\":{\"@id\":\"https:\\\/\\\/interamerica.org\\\/es\\\/2015\\\/03\\\/nueva-union-de-panama-bautiza-a-2530-personas\\\/\"},\"author\":{\"name\":\"Lorenzo Verduzco\",\"@id\":\"https:\\\/\\\/interamerica.org\\\/es\\\/#\\\/schema\\\/person\\\/68ede8bdc292885bb76c1e3810e73c39\"},\"headline\":\"Nueva Uni\u00f3n de Panam\u00e1 bautiza a 2530 personas\",\"datePublished\":\"2015-03-20T04:00:00+00:00\",\"mainEntityOfPage\":{\"@id\":\"https:\\\/\\\/interamerica.org\\\/es\\\/2015\\\/03\\\/nueva-union-de-panama-bautiza-a-2530-personas\\\/\"},\"wordCount\":739,\"image\":{\"@id\":\"https:\\\/\\\/interamerica.org\\\/es\\\/2015\\\/03\\\/nueva-union-de-panama-bautiza-a-2530-personas\\\/#primaryimage\"},\"thumbnailUrl\":\"https:\\\/\\\/interamerica.org\\\/wp-content\\\/uploads\\\/2017\\\/06\\\/WilsonPanama300.png\",\"articleSection\":[\"Desde la iglesia mundial\",\"RSS Espa\u00f1ol\"],\"inLanguage\":\"es\"},{\"@type\":\"WebPage\",\"@id\":\"https:\\\/\\\/interamerica.org\\\/es\\\/2015\\\/03\\\/nueva-union-de-panama-bautiza-a-2530-personas\\\/\",\"url\":\"https:\\\/\\\/interamerica.org\\\/es\\\/2015\\\/03\\\/nueva-union-de-panama-bautiza-a-2530-personas\\\/\",\"name\":\"Nueva Uni\u00f3n de Panam\u00e1 bautiza a 2530 personas - Iglesia Adventista del S\u00e9ptimo D\u00eda - Divisi\u00f3n Interamericana\",\"isPartOf\":{\"@id\":\"https:\\\/\\\/interamerica.org\\\/es\\\/#website\"},\"primaryImageOfPage\":{\"@id\":\"https:\\\/\\\/interamerica.org\\\/es\\\/2015\\\/03\\\/nueva-union-de-panama-bautiza-a-2530-personas\\\/#primaryimage\"},\"image\":{\"@id\":\"https:\\\/\\\/interamerica.org\\\/es\\\/2015\\\/03\\\/nueva-union-de-panama-bautiza-a-2530-personas\\\/#primaryimage\"},\"thumbnailUrl\":\"https:\\\/\\\/interamerica.org\\\/wp-content\\\/uploads\\\/2017\\\/06\\\/WilsonPanama300.png\",\"datePublished\":\"2015-03-20T04:00:00+00:00\",\"author\":{\"@id\":\"https:\\\/\\\/interamerica.org\\\/es\\\/#\\\/schema\\\/person\\\/68ede8bdc292885bb76c1e3810e73c39\"},\"breadcrumb\":{\"@id\":\"https:\\\/\\\/interamerica.org\\\/es\\\/2015\\\/03\\\/nueva-union-de-panama-bautiza-a-2530-personas\\\/#breadcrumb\"},\"inLanguage\":\"es\",\"potentialAction\":[{\"@type\":\"ReadAction\",\"target\":[\"https:\\\/\\\/interamerica.org\\\/es\\\/2015\\\/03\\\/nueva-union-de-panama-bautiza-a-2530-personas\\\/\"]}]},{\"@type\":\"ImageObject\",\"inLanguage\":\"es\",\"@id\":\"https:\\\/\\\/interamerica.org\\\/es\\\/2015\\\/03\\\/nueva-union-de-panama-bautiza-a-2530-personas\\\/#primaryimage\",\"url\":\"https:\\\/\\\/interamerica.org\\\/wp-content\\\/uploads\\\/2017\\\/06\\\/WilsonPanama300.png\",\"contentUrl\":\"https:\\\/\\\/interamerica.org\\\/wp-content\\\/uploads\\\/2017\\\/06\\\/WilsonPanama300.png\",\"width\":300,\"height\":223},{\"@type\":\"BreadcrumbList\",\"@id\":\"https:\\\/\\\/interamerica.org\\\/es\\\/2015\\\/03\\\/nueva-union-de-panama-bautiza-a-2530-personas\\\/#breadcrumb\",\"itemListElement\":[{\"@type\":\"ListItem\",\"position\":1,\"name\":\"Home\",\"item\":\"https:\\\/\\\/interamerica.org\\\/es\\\/\"},{\"@type\":\"ListItem\",\"position\":2,\"name\":\"Nueva Uni\u00f3n de Panam\u00e1 bautiza a 2530 personas\"}]},{\"@type\":\"WebSite\",\"@id\":\"https:\\\/\\\/interamerica.org\\\/es\\\/#website\",\"url\":\"https:\\\/\\\/interamerica.org\\\/es\\\/\",\"name\":\"Iglesia Adventista del S\u00e9ptimo D\u00eda - Divisi\u00f3n Interamericana\",\"description\":\"\",\"potentialAction\":[{\"@type\":\"SearchAction\",\"target\":{\"@type\":\"EntryPoint\",\"urlTemplate\":\"https:\\\/\\\/interamerica.org\\\/es\\\/?s={search_term_string}\"},\"query-input\":{\"@type\":\"PropertyValueSpecification\",\"valueRequired\":true,\"valueName\":\"search_term_string\"}}],\"inLanguage\":\"es\"},{\"@type\":\"Person\",\"@id\":\"https:\\\/\\\/interamerica.org\\\/es\\\/#\\\/schema\\\/person\\\/68ede8bdc292885bb76c1e3810e73c39\",\"name\":\"Lorenzo Verduzco\",\"image\":{\"@type\":\"ImageObject\",\"inLanguage\":\"es\",\"@id\":\"https:\\\/\\\/secure.gravatar.com\\\/avatar\\\/fb81a55b6218459490a9c1dc841a34909185b81904c5337b4b27f7a6fd60c49e?s=96&d=mm&r=g\",\"url\":\"https:\\\/\\\/secure.gravatar.com\\\/avatar\\\/fb81a55b6218459490a9c1dc841a34909185b81904c5337b4b27f7a6fd60c49e?s=96&d=mm&r=g\",\"contentUrl\":\"https:\\\/\\\/secure.gravatar.com\\\/avatar\\\/fb81a55b6218459490a9c1dc841a34909185b81904c5337b4b27f7a6fd60c49e?s=96&d=mm&r=g\",\"caption\":\"Lorenzo Verduzco\"}}]}<\/script>\n<!-- \/ Yoast SEO plugin. -->","yoast_head_json":{"title":"Nueva Uni\u00f3n de Panam\u00e1 bautiza a 2530 personas - Iglesia Adventista del S\u00e9ptimo D\u00eda - Divisi\u00f3n Interamericana","robots":{"index":"index","follow":"follow","max-snippet":"max-snippet:-1","max-image-preview":"max-image-preview:large","max-video-preview":"max-video-preview:-1"},"canonical":"https:\/\/interamerica.org\/es\/2015\/03\/nueva-union-de-panama-bautiza-a-2530-personas\/","og_locale":"es_ES","og_type":"article","og_title":"Nueva Uni\u00f3n de Panam\u00e1 bautiza a 2530 personas - Iglesia Adventista del S\u00e9ptimo D\u00eda - Divisi\u00f3n Interamericana","og_description":"La recientemente formada Uni\u00f3n Misi\u00f3n de Panam\u00e1 de la Iglesia Adventista anunci\u00f3 que 2350 personas fueron bautizadas desde enero como resultado de una importante campa\u00f1a de evangelizaci\u00f3n.  Los bautismos pusieron de manifiesto el compromiso de la iglesia local de preparar a un pueblo para el regreso de Cristo y ofrecieron un momento de nostalgia para Ted N. C. Wilson, el l\u00edder adventista que visit\u00f3 el pa\u00eds y record\u00f3 que su padre hab\u00eda estado al frente de una campa\u00f1a de evangelizaci\u00f3n 31 a\u00f1os en el mismo lugar.","og_url":"https:\/\/interamerica.org\/es\/2015\/03\/nueva-union-de-panama-bautiza-a-2530-personas\/","og_site_name":"Iglesia Adventista del S\u00e9ptimo D\u00eda - Divisi\u00f3n Interamericana","article_published_time":"2015-03-20T04:00:00+00:00","og_image":[{"width":300,"height":223,"url":"https:\/\/interamerica.org\/wp-content\/uploads\/2017\/06\/WilsonPanama300.png","type":"image\/png"}],"author":"Lorenzo Verduzco","twitter_card":"summary_large_image","twitter_misc":{"Escrito por":"Lorenzo Verduzco","Tiempo de lectura":"4 minutos"},"schema":{"@context":"https:\/\/schema.org","@graph":[{"@type":"Article","@id":"https:\/\/interamerica.org\/es\/2015\/03\/nueva-union-de-panama-bautiza-a-2530-personas\/#article","isPartOf":{"@id":"https:\/\/interamerica.org\/es\/2015\/03\/nueva-union-de-panama-bautiza-a-2530-personas\/"},"author":{"name":"Lorenzo Verduzco","@id":"https:\/\/interamerica.org\/es\/#\/schema\/person\/68ede8bdc292885bb76c1e3810e73c39"},"headline":"Nueva Uni\u00f3n de Panam\u00e1 bautiza a 2530 personas","datePublished":"2015-03-20T04:00:00+00:00","mainEntityOfPage":{"@id":"https:\/\/interamerica.org\/es\/2015\/03\/nueva-union-de-panama-bautiza-a-2530-personas\/"},"wordCount":739,"image":{"@id":"https:\/\/interamerica.org\/es\/2015\/03\/nueva-union-de-panama-bautiza-a-2530-personas\/#primaryimage"},"thumbnailUrl":"https:\/\/interamerica.org\/wp-content\/uploads\/2017\/06\/WilsonPanama300.png","articleSection":["Desde la iglesia mundial","RSS Espa\u00f1ol"],"inLanguage":"es"},{"@type":"WebPage","@id":"https:\/\/interamerica.org\/es\/2015\/03\/nueva-union-de-panama-bautiza-a-2530-personas\/","url":"https:\/\/interamerica.org\/es\/2015\/03\/nueva-union-de-panama-bautiza-a-2530-personas\/","name":"Nueva Uni\u00f3n de Panam\u00e1 bautiza a 2530 personas - Iglesia Adventista del S\u00e9ptimo D\u00eda - Divisi\u00f3n Interamericana","isPartOf":{"@id":"https:\/\/interamerica.org\/es\/#website"},"primaryImageOfPage":{"@id":"https:\/\/interamerica.org\/es\/2015\/03\/nueva-union-de-panama-bautiza-a-2530-personas\/#primaryimage"},"image":{"@id":"https:\/\/interamerica.org\/es\/2015\/03\/nueva-union-de-panama-bautiza-a-2530-personas\/#primaryimage"},"thumbnailUrl":"https:\/\/interamerica.org\/wp-content\/uploads\/2017\/06\/WilsonPanama300.png","datePublished":"2015-03-20T04:00:00+00:00","author":{"@id":"https:\/\/interamerica.org\/es\/#\/schema\/person\/68ede8bdc292885bb76c1e3810e73c39"},"breadcrumb":{"@id":"https:\/\/interamerica.org\/es\/2015\/03\/nueva-union-de-panama-bautiza-a-2530-personas\/#breadcrumb"},"inLanguage":"es","potentialAction":[{"@type":"ReadAction","target":["https:\/\/interamerica.org\/es\/2015\/03\/nueva-union-de-panama-bautiza-a-2530-personas\/"]}]},{"@type":"ImageObject","inLanguage":"es","@id":"https:\/\/interamerica.org\/es\/2015\/03\/nueva-union-de-panama-bautiza-a-2530-personas\/#primaryimage","url":"https:\/\/interamerica.org\/wp-content\/uploads\/2017\/06\/WilsonPanama300.png","contentUrl":"https:\/\/interamerica.org\/wp-content\/uploads\/2017\/06\/WilsonPanama300.png","width":300,"height":223},{"@type":"BreadcrumbList","@id":"https:\/\/interamerica.org\/es\/2015\/03\/nueva-union-de-panama-bautiza-a-2530-personas\/#breadcrumb","itemListElement":[{"@type":"ListItem","position":1,"name":"Home","item":"https:\/\/interamerica.org\/es\/"},{"@type":"ListItem","position":2,"name":"Nueva Uni\u00f3n de Panam\u00e1 bautiza a 2530 personas"}]},{"@type":"WebSite","@id":"https:\/\/interamerica.org\/es\/#website","url":"https:\/\/interamerica.org\/es\/","name":"Iglesia Adventista del S\u00e9ptimo D\u00eda - Divisi\u00f3n Interamericana","description":"","potentialAction":[{"@type":"SearchAction","target":{"@type":"EntryPoint","urlTemplate":"https:\/\/interamerica.org\/es\/?s={search_term_string}"},"query-input":{"@type":"PropertyValueSpecification","valueRequired":true,"valueName":"search_term_string"}}],"inLanguage":"es"},{"@type":"Person","@id":"https:\/\/interamerica.org\/es\/#\/schema\/person\/68ede8bdc292885bb76c1e3810e73c39","name":"Lorenzo Verduzco","image":{"@type":"ImageObject","inLanguage":"es","@id":"https:\/\/secure.gravatar.com\/avatar\/fb81a55b6218459490a9c1dc841a34909185b81904c5337b4b27f7a6fd60c49e?s=96&d=mm&r=g","url":"https:\/\/secure.gravatar.com\/avatar\/fb81a55b6218459490a9c1dc841a34909185b81904c5337b4b27f7a6fd60c49e?s=96&d=mm&r=g","contentUrl":"https:\/\/secure.gravatar.com\/avatar\/fb81a55b6218459490a9c1dc841a34909185b81904c5337b4b27f7a6fd60c49e?s=96&d=mm&r=g","caption":"Lorenzo Verduzco"}}]}},"_links":{"self":[{"href":"https:\/\/interamerica.org\/es\/wp-json\/wp\/v2\/posts\/30762","targetHints":{"allow":["GET"]}}],"collection":[{"href":"https:\/\/interamerica.org\/es\/wp-json\/wp\/v2\/posts"}],"about":[{"href":"https:\/\/interamerica.org\/es\/wp-json\/wp\/v2\/types\/post"}],"author":[{"embeddable":true,"href":"https:\/\/interamerica.org\/es\/wp-json\/wp\/v2\/users\/1"}],"replies":[{"embeddable":true,"href":"https:\/\/interamerica.org\/es\/wp-json\/wp\/v2\/comments?post=30762"}],"version-history":[{"count":0,"href":"https:\/\/interamerica.org\/es\/wp-json\/wp\/v2\/posts\/30762\/revisions"}],"wp:featuredmedia":[{"embeddable":true,"href":"https:\/\/interamerica.org\/es\/wp-json\/wp\/v2\/media\/24711"}],"wp:attachment":[{"href":"https:\/\/interamerica.org\/es\/wp-json\/wp\/v2\/media?parent=30762"}],"wp:term":[{"taxonomy":"category","embeddable":true,"href":"https:\/\/interamerica.org\/es\/wp-json\/wp\/v2\/categories?post=30762"},{"taxonomy":"post_tag","embeddable":true,"href":"https:\/\/interamerica.org\/es\/wp-json\/wp\/v2\/tags?post=30762"}],"curies":[{"name":"wp","href":"https:\/\/api.w.org\/{rel}","templated":true}]}}