{"id":30763,"date":"2015-03-17T00:00:00","date_gmt":"2015-03-17T04:00:00","guid":{"rendered":"http:\/\/192.81.217.108\/interamerica\/2015\/03\/cuatro-iglesias-adventistas-son-destruidas-por-el-ciclon-en-vanuatu\/"},"modified":"2015-03-17T00:00:00","modified_gmt":"2015-03-17T04:00:00","slug":"cuatro-iglesias-adventistas-son-destruidas-por-el-ciclon-en-vanuatu","status":"publish","type":"post","link":"https:\/\/interamerica.org\/es\/2015\/03\/cuatro-iglesias-adventistas-son-destruidas-por-el-ciclon-en-vanuatu\/","title":{"rendered":"Cuatro iglesias adventistas son destruidas por el cicl\u00f3n en Vanuatu"},"content":{"rendered":"<div id=\"attachment_15778\" style=\"width: 610px\" class=\"wp-caption aligncenter\"><a href=\"\/interamerica\/wp-content\/uploads\/2017\/06\/Downtown_Port_Vila_14_March600.png\" rel=\"fancybox\" title=\"Cuatro iglesias adventistas son destruidas por el cicl\u00f3n en Vanuatu\"><img fetchpriority=\"high\" decoding=\"async\" aria-describedby=\"caption-attachment-15778\" class=\"size-full wp-image-15778\" src=\"\/interamerica\/wp-content\/uploads\/2017\/06\/Downtown_Port_Vila_14_March600.png\" alt=\"\" width=\"600\" height=\"425\" \/><\/a><p id=\"caption-attachment-15778\" class=\"wp-caption-text\">La gente camina por el centro de Port Vila despu\u00e9s del paso del cicl\u00f3n el s\u00e1bado 14 de marzo. Imagen de Graham Crumb\/Humans of Vanuatu<\/p><\/div>\n<p>17 de marzo de 2015 |Jarrod Stackelroth, <em>Record <\/em>Adventista del Pac\u00edfico Sur y Adventist Review<\/p>\n<p>Al menos cuatro iglesias adventistas fueron destruidas por completo como resultado de un devastador cicl\u00f3n que azot\u00f3 la naci\u00f3n insular del Pac\u00edfico Sur de Vanuatu durante el fin de semana, dijeron los l\u00edderes de la iglesia.<\/p>\n<p>Muchos miembros de iglesia tambi\u00e9n han perdido sus hogares y se han refugiado en centros de evacuaci\u00f3n, pero no se tiene conocimiento de heridos adventistas despu\u00e9s de que el Cicl\u00f3n Tropical Pam azotara las islas el s\u00e1bado pasado.<\/p>\n<p>\u00abHasta donde sabemos no hay p\u00e9rdidas de vida entre los adventistas de Port Vila, pero la gente ha perdido amigos, vecinos y seres queridos, y la iglesia est\u00e1 comprometida para apoyar a nuestra comunidad de cualquier manera que sea posible\u00bb, dijo Nos Terry, presidente de la Misi\u00f3n de Vanuatu de la Iglesia Adventista.<\/p>\n<p>Al menos once personas perdieron la vida en la tragedia, afirm\u00f3 el martes las Naciones Unidas. Y todo el mundo parece conocer a alguien que perdi\u00f3 la vida en la estrechamente unida comunidad de Port Vila, la capital del pa\u00eds, que cuenta con una poblaci\u00f3n de 47 mil habitantes.<\/p>\n<p>Los l\u00edderes de la iglesia a\u00fan tienen que saber del estado de los miembros de iglesia fuera de Port Vila, dado que la mayor parte de las conexiones de radio, tel\u00e9fono e Internet no est\u00e1n funcionando, y los puentes han sido destruidos.<\/p>\n<p>\u00abEsto dificulta una evaluaci\u00f3n real de los da\u00f1os\u00bb, dijo Terry en una comunicaci\u00f3n telef\u00f3nica.<\/p>\n<p>Cuatro iglesias de Port Vila fueron destruidas por completo, dijo Terry. La iglesia adventista Potoroki, una de las m\u00e1s grandes de la ciudad, perdi\u00f3 parte del techo, el porche, y una casa detr\u00e1s de la iglesia.<\/p>\n<p>El complejo de la Misi\u00f3n de Vanuatu requerir\u00e1 reparaciones menores, mientras que muchas de sus computadores y otros equipos electr\u00f3nicos tendr\u00e1n que ser remplazados como resultado de los da\u00f1os provocados por el agua. Algunos equipos del Canal Hope tambi\u00e9n fueron destruidos o da\u00f1ados por el agua.<\/p>\n<p>Terry dijo que cree que para las iglesias de la isla ser\u00e1 dif\u00edcil reunirse el s\u00e1bado siguiente.<\/p>\n<p>\u00abLa mayor necesidad de la iglesia en este preciso momento es colocar los techos sobre las iglesias, o al menos armar refugios para que la gente pueda volver a congregarse\u00bb, dijo.<\/p>\n<p>La Iglesia Adventista, en cooperaci\u00f3n con el Canal Hope, llev\u00f3 a cabo dos importantes campa\u00f1as de evangelizaci\u00f3n en Port Vila el a\u00f1o pasado, que resultaron en 2213 bautismos en septiembre y 543 bautismos en diciembre.<\/p>\n<p>En el lugar se encuentra personal de la Agencia Adventista de Desarrollo y Recursos Asistenciales, para ayudar a las personas que est\u00e1n en los refugios de evacuaci\u00f3n y distribuir asistencia de emergencia. ADRA tambi\u00e9n est\u00e1 buscando restablecer contacto con diez miembros de su personal en dos islas remotas de los que a\u00fan no se tienen noticias.<\/p>\n<p>ADRA Internacional ha establecido <a href=\"https:\/\/secure2.convio.net\/ccadra\/site\/Donation2?idb=&amp;df_id=4220&amp;4220.donation=form1\">un fondo de respuesta de emergencia<\/a>\u00a0para ayudar al pueblo de Vanuatu. <a href=\"https:\/\/secure.adra.ca\/donate?designation=Vanuatu%20Response\">Los lectores de Canad\u00e1 pueden contribuir aqu\u00ed<\/a>.<\/p>\n<p>Mientras tanto, los l\u00edderes de la Iglesia Adventista est\u00e1n completando las reclamaciones de seguro sobre da\u00f1os a la propiedad, y entonces tendr\u00e1n que aguardar hasta que les lleguen los pagos correspondientes.<\/p>\n<p>\u00abMe gustar\u00eda solicitar las oraciones de nuestra pueblo en toda la divisi\u00f3n por nuestra iglesia y el pueblo de Vanuatu\u00bb, dijo Terry.<\/p>\n<p><em>Traducci\u00f3n de Marcos Paseggi<\/em><\/p>\n","protected":false},"excerpt":{"rendered":"<p>Al menos cuatro iglesias adventistas fueron destruidas por completo como resultado de un devastador cicl\u00f3n que azot\u00f3 la naci\u00f3n insular del Pac\u00edfico Sur de Vanuatu durante el fin de semana, dijeron los l\u00edderes de la iglesia.<\/p>\n<p>Muchos miembros de iglesia tambi\u00e9n han perdido sus hogares y se han refugiado en centros de evacuaci\u00f3n, pero no se tiene conocimiento de heridos adventistas despu\u00e9s de que el Cicl\u00f3n Tropical Pam azotara las islas el s\u00e1bado pasado.<\/p>\n","protected":false},"author":1,"featured_media":24707,"comment_status":"closed","ping_status":"closed","sticky":false,"template":"","format":"standard","meta":{"_acf_changed":false,"footnotes":""},"categories":[14,15],"tags":[],"class_list":["post-30763","post","type-post","status-publish","format-standard","has-post-thumbnail","hentry","category-de-la-iglesia-mundial","category-rss-espanol"],"acf":[],"yoast_head":"<!-- This site is optimized with the Yoast SEO plugin v27.3 - https:\/\/yoast.com\/product\/yoast-seo-wordpress\/ -->\n<title>Cuatro iglesias adventistas son destruidas por el cicl\u00f3n en Vanuatu - Iglesia Adventista del S\u00e9ptimo D\u00eda - Divisi\u00f3n Interamericana<\/title>\n<meta name=\"robots\" content=\"index, follow, max-snippet:-1, max-image-preview:large, max-video-preview:-1\" \/>\n<link rel=\"canonical\" href=\"https:\/\/interamerica.org\/es\/2015\/03\/cuatro-iglesias-adventistas-son-destruidas-por-el-ciclon-en-vanuatu\/\" \/>\n<meta property=\"og:locale\" content=\"es_ES\" \/>\n<meta property=\"og:type\" content=\"article\" \/>\n<meta property=\"og:title\" content=\"Cuatro iglesias adventistas son destruidas por el cicl\u00f3n en Vanuatu - Iglesia Adventista del S\u00e9ptimo D\u00eda - Divisi\u00f3n Interamericana\" \/>\n<meta property=\"og:description\" content=\"Al menos cuatro iglesias adventistas fueron destruidas por completo como resultado de un devastador cicl\u00f3n que azot\u00f3 la naci\u00f3n insular del Pac\u00edfico Sur de Vanuatu durante el fin de semana, dijeron los l\u00edderes de la iglesia. Muchos miembros de iglesia tambi\u00e9n han perdido sus hogares y se han refugiado en centros de evacuaci\u00f3n, pero no se tiene conocimiento de heridos adventistas despu\u00e9s de que el Cicl\u00f3n Tropical Pam azotara las islas el s\u00e1bado pasado.\" \/>\n<meta property=\"og:url\" content=\"https:\/\/interamerica.org\/es\/2015\/03\/cuatro-iglesias-adventistas-son-destruidas-por-el-ciclon-en-vanuatu\/\" \/>\n<meta property=\"og:site_name\" content=\"Iglesia Adventista del S\u00e9ptimo D\u00eda - Divisi\u00f3n Interamericana\" \/>\n<meta property=\"article:published_time\" content=\"2015-03-17T04:00:00+00:00\" \/>\n<meta property=\"og:image\" content=\"https:\/\/interamerica.org\/wp-content\/uploads\/2017\/06\/Downtown_Port_Vila_14_March600.png\" \/>\n\t<meta property=\"og:image:width\" content=\"600\" \/>\n\t<meta property=\"og:image:height\" content=\"425\" \/>\n\t<meta property=\"og:image:type\" content=\"image\/png\" \/>\n<meta name=\"author\" content=\"Lorenzo Verduzco\" \/>\n<meta name=\"twitter:card\" content=\"summary_large_image\" \/>\n<meta name=\"twitter:label1\" content=\"Escrito por\" \/>\n\t<meta name=\"twitter:data1\" content=\"Lorenzo Verduzco\" \/>\n\t<meta name=\"twitter:label2\" content=\"Tiempo de lectura\" \/>\n\t<meta name=\"twitter:data2\" content=\"3 minutos\" \/>\n<script type=\"application\/ld+json\" class=\"yoast-schema-graph\">{\"@context\":\"https:\\\/\\\/schema.org\",\"@graph\":[{\"@type\":\"Article\",\"@id\":\"https:\\\/\\\/interamerica.org\\\/es\\\/2015\\\/03\\\/cuatro-iglesias-adventistas-son-destruidas-por-el-ciclon-en-vanuatu\\\/#article\",\"isPartOf\":{\"@id\":\"https:\\\/\\\/interamerica.org\\\/es\\\/2015\\\/03\\\/cuatro-iglesias-adventistas-son-destruidas-por-el-ciclon-en-vanuatu\\\/\"},\"author\":{\"name\":\"Lorenzo Verduzco\",\"@id\":\"https:\\\/\\\/interamerica.org\\\/es\\\/#\\\/schema\\\/person\\\/68ede8bdc292885bb76c1e3810e73c39\"},\"headline\":\"Cuatro iglesias adventistas son destruidas por el cicl\u00f3n en Vanuatu\",\"datePublished\":\"2015-03-17T04:00:00+00:00\",\"mainEntityOfPage\":{\"@id\":\"https:\\\/\\\/interamerica.org\\\/es\\\/2015\\\/03\\\/cuatro-iglesias-adventistas-son-destruidas-por-el-ciclon-en-vanuatu\\\/\"},\"wordCount\":636,\"image\":{\"@id\":\"https:\\\/\\\/interamerica.org\\\/es\\\/2015\\\/03\\\/cuatro-iglesias-adventistas-son-destruidas-por-el-ciclon-en-vanuatu\\\/#primaryimage\"},\"thumbnailUrl\":\"https:\\\/\\\/interamerica.org\\\/wp-content\\\/uploads\\\/2017\\\/06\\\/Downtown_Port_Vila_14_March600.png\",\"articleSection\":[\"Desde la iglesia mundial\",\"RSS Espa\u00f1ol\"],\"inLanguage\":\"es\"},{\"@type\":\"WebPage\",\"@id\":\"https:\\\/\\\/interamerica.org\\\/es\\\/2015\\\/03\\\/cuatro-iglesias-adventistas-son-destruidas-por-el-ciclon-en-vanuatu\\\/\",\"url\":\"https:\\\/\\\/interamerica.org\\\/es\\\/2015\\\/03\\\/cuatro-iglesias-adventistas-son-destruidas-por-el-ciclon-en-vanuatu\\\/\",\"name\":\"Cuatro iglesias adventistas son destruidas por el cicl\u00f3n en Vanuatu - Iglesia Adventista del S\u00e9ptimo D\u00eda - Divisi\u00f3n Interamericana\",\"isPartOf\":{\"@id\":\"https:\\\/\\\/interamerica.org\\\/es\\\/#website\"},\"primaryImageOfPage\":{\"@id\":\"https:\\\/\\\/interamerica.org\\\/es\\\/2015\\\/03\\\/cuatro-iglesias-adventistas-son-destruidas-por-el-ciclon-en-vanuatu\\\/#primaryimage\"},\"image\":{\"@id\":\"https:\\\/\\\/interamerica.org\\\/es\\\/2015\\\/03\\\/cuatro-iglesias-adventistas-son-destruidas-por-el-ciclon-en-vanuatu\\\/#primaryimage\"},\"thumbnailUrl\":\"https:\\\/\\\/interamerica.org\\\/wp-content\\\/uploads\\\/2017\\\/06\\\/Downtown_Port_Vila_14_March600.png\",\"datePublished\":\"2015-03-17T04:00:00+00:00\",\"author\":{\"@id\":\"https:\\\/\\\/interamerica.org\\\/es\\\/#\\\/schema\\\/person\\\/68ede8bdc292885bb76c1e3810e73c39\"},\"breadcrumb\":{\"@id\":\"https:\\\/\\\/interamerica.org\\\/es\\\/2015\\\/03\\\/cuatro-iglesias-adventistas-son-destruidas-por-el-ciclon-en-vanuatu\\\/#breadcrumb\"},\"inLanguage\":\"es\",\"potentialAction\":[{\"@type\":\"ReadAction\",\"target\":[\"https:\\\/\\\/interamerica.org\\\/es\\\/2015\\\/03\\\/cuatro-iglesias-adventistas-son-destruidas-por-el-ciclon-en-vanuatu\\\/\"]}]},{\"@type\":\"ImageObject\",\"inLanguage\":\"es\",\"@id\":\"https:\\\/\\\/interamerica.org\\\/es\\\/2015\\\/03\\\/cuatro-iglesias-adventistas-son-destruidas-por-el-ciclon-en-vanuatu\\\/#primaryimage\",\"url\":\"https:\\\/\\\/interamerica.org\\\/wp-content\\\/uploads\\\/2017\\\/06\\\/Downtown_Port_Vila_14_March600.png\",\"contentUrl\":\"https:\\\/\\\/interamerica.org\\\/wp-content\\\/uploads\\\/2017\\\/06\\\/Downtown_Port_Vila_14_March600.png\",\"width\":600,\"height\":425},{\"@type\":\"BreadcrumbList\",\"@id\":\"https:\\\/\\\/interamerica.org\\\/es\\\/2015\\\/03\\\/cuatro-iglesias-adventistas-son-destruidas-por-el-ciclon-en-vanuatu\\\/#breadcrumb\",\"itemListElement\":[{\"@type\":\"ListItem\",\"position\":1,\"name\":\"Home\",\"item\":\"https:\\\/\\\/interamerica.org\\\/es\\\/\"},{\"@type\":\"ListItem\",\"position\":2,\"name\":\"Cuatro iglesias adventistas son destruidas por el cicl\u00f3n en Vanuatu\"}]},{\"@type\":\"WebSite\",\"@id\":\"https:\\\/\\\/interamerica.org\\\/es\\\/#website\",\"url\":\"https:\\\/\\\/interamerica.org\\\/es\\\/\",\"name\":\"Iglesia Adventista del S\u00e9ptimo D\u00eda - Divisi\u00f3n Interamericana\",\"description\":\"\",\"potentialAction\":[{\"@type\":\"SearchAction\",\"target\":{\"@type\":\"EntryPoint\",\"urlTemplate\":\"https:\\\/\\\/interamerica.org\\\/es\\\/?s={search_term_string}\"},\"query-input\":{\"@type\":\"PropertyValueSpecification\",\"valueRequired\":true,\"valueName\":\"search_term_string\"}}],\"inLanguage\":\"es\"},{\"@type\":\"Person\",\"@id\":\"https:\\\/\\\/interamerica.org\\\/es\\\/#\\\/schema\\\/person\\\/68ede8bdc292885bb76c1e3810e73c39\",\"name\":\"Lorenzo Verduzco\",\"image\":{\"@type\":\"ImageObject\",\"inLanguage\":\"es\",\"@id\":\"https:\\\/\\\/secure.gravatar.com\\\/avatar\\\/fb81a55b6218459490a9c1dc841a34909185b81904c5337b4b27f7a6fd60c49e?s=96&d=mm&r=g\",\"url\":\"https:\\\/\\\/secure.gravatar.com\\\/avatar\\\/fb81a55b6218459490a9c1dc841a34909185b81904c5337b4b27f7a6fd60c49e?s=96&d=mm&r=g\",\"contentUrl\":\"https:\\\/\\\/secure.gravatar.com\\\/avatar\\\/fb81a55b6218459490a9c1dc841a34909185b81904c5337b4b27f7a6fd60c49e?s=96&d=mm&r=g\",\"caption\":\"Lorenzo Verduzco\"}}]}<\/script>\n<!-- \/ Yoast SEO plugin. -->","yoast_head_json":{"title":"Cuatro iglesias adventistas son destruidas por el cicl\u00f3n en Vanuatu - Iglesia Adventista del S\u00e9ptimo D\u00eda - Divisi\u00f3n Interamericana","robots":{"index":"index","follow":"follow","max-snippet":"max-snippet:-1","max-image-preview":"max-image-preview:large","max-video-preview":"max-video-preview:-1"},"canonical":"https:\/\/interamerica.org\/es\/2015\/03\/cuatro-iglesias-adventistas-son-destruidas-por-el-ciclon-en-vanuatu\/","og_locale":"es_ES","og_type":"article","og_title":"Cuatro iglesias adventistas son destruidas por el cicl\u00f3n en Vanuatu - Iglesia Adventista del S\u00e9ptimo D\u00eda - Divisi\u00f3n Interamericana","og_description":"Al menos cuatro iglesias adventistas fueron destruidas por completo como resultado de un devastador cicl\u00f3n que azot\u00f3 la naci\u00f3n insular del Pac\u00edfico Sur de Vanuatu durante el fin de semana, dijeron los l\u00edderes de la iglesia. Muchos miembros de iglesia tambi\u00e9n han perdido sus hogares y se han refugiado en centros de evacuaci\u00f3n, pero no se tiene conocimiento de heridos adventistas despu\u00e9s de que el Cicl\u00f3n Tropical Pam azotara las islas el s\u00e1bado pasado.","og_url":"https:\/\/interamerica.org\/es\/2015\/03\/cuatro-iglesias-adventistas-son-destruidas-por-el-ciclon-en-vanuatu\/","og_site_name":"Iglesia Adventista del S\u00e9ptimo D\u00eda - Divisi\u00f3n Interamericana","article_published_time":"2015-03-17T04:00:00+00:00","og_image":[{"width":600,"height":425,"url":"https:\/\/interamerica.org\/wp-content\/uploads\/2017\/06\/Downtown_Port_Vila_14_March600.png","type":"image\/png"}],"author":"Lorenzo Verduzco","twitter_card":"summary_large_image","twitter_misc":{"Escrito por":"Lorenzo Verduzco","Tiempo de lectura":"3 minutos"},"schema":{"@context":"https:\/\/schema.org","@graph":[{"@type":"Article","@id":"https:\/\/interamerica.org\/es\/2015\/03\/cuatro-iglesias-adventistas-son-destruidas-por-el-ciclon-en-vanuatu\/#article","isPartOf":{"@id":"https:\/\/interamerica.org\/es\/2015\/03\/cuatro-iglesias-adventistas-son-destruidas-por-el-ciclon-en-vanuatu\/"},"author":{"name":"Lorenzo Verduzco","@id":"https:\/\/interamerica.org\/es\/#\/schema\/person\/68ede8bdc292885bb76c1e3810e73c39"},"headline":"Cuatro iglesias adventistas son destruidas por el cicl\u00f3n en Vanuatu","datePublished":"2015-03-17T04:00:00+00:00","mainEntityOfPage":{"@id":"https:\/\/interamerica.org\/es\/2015\/03\/cuatro-iglesias-adventistas-son-destruidas-por-el-ciclon-en-vanuatu\/"},"wordCount":636,"image":{"@id":"https:\/\/interamerica.org\/es\/2015\/03\/cuatro-iglesias-adventistas-son-destruidas-por-el-ciclon-en-vanuatu\/#primaryimage"},"thumbnailUrl":"https:\/\/interamerica.org\/wp-content\/uploads\/2017\/06\/Downtown_Port_Vila_14_March600.png","articleSection":["Desde la iglesia mundial","RSS Espa\u00f1ol"],"inLanguage":"es"},{"@type":"WebPage","@id":"https:\/\/interamerica.org\/es\/2015\/03\/cuatro-iglesias-adventistas-son-destruidas-por-el-ciclon-en-vanuatu\/","url":"https:\/\/interamerica.org\/es\/2015\/03\/cuatro-iglesias-adventistas-son-destruidas-por-el-ciclon-en-vanuatu\/","name":"Cuatro iglesias adventistas son destruidas por el cicl\u00f3n en Vanuatu - Iglesia Adventista del S\u00e9ptimo D\u00eda - Divisi\u00f3n Interamericana","isPartOf":{"@id":"https:\/\/interamerica.org\/es\/#website"},"primaryImageOfPage":{"@id":"https:\/\/interamerica.org\/es\/2015\/03\/cuatro-iglesias-adventistas-son-destruidas-por-el-ciclon-en-vanuatu\/#primaryimage"},"image":{"@id":"https:\/\/interamerica.org\/es\/2015\/03\/cuatro-iglesias-adventistas-son-destruidas-por-el-ciclon-en-vanuatu\/#primaryimage"},"thumbnailUrl":"https:\/\/interamerica.org\/wp-content\/uploads\/2017\/06\/Downtown_Port_Vila_14_March600.png","datePublished":"2015-03-17T04:00:00+00:00","author":{"@id":"https:\/\/interamerica.org\/es\/#\/schema\/person\/68ede8bdc292885bb76c1e3810e73c39"},"breadcrumb":{"@id":"https:\/\/interamerica.org\/es\/2015\/03\/cuatro-iglesias-adventistas-son-destruidas-por-el-ciclon-en-vanuatu\/#breadcrumb"},"inLanguage":"es","potentialAction":[{"@type":"ReadAction","target":["https:\/\/interamerica.org\/es\/2015\/03\/cuatro-iglesias-adventistas-son-destruidas-por-el-ciclon-en-vanuatu\/"]}]},{"@type":"ImageObject","inLanguage":"es","@id":"https:\/\/interamerica.org\/es\/2015\/03\/cuatro-iglesias-adventistas-son-destruidas-por-el-ciclon-en-vanuatu\/#primaryimage","url":"https:\/\/interamerica.org\/wp-content\/uploads\/2017\/06\/Downtown_Port_Vila_14_March600.png","contentUrl":"https:\/\/interamerica.org\/wp-content\/uploads\/2017\/06\/Downtown_Port_Vila_14_March600.png","width":600,"height":425},{"@type":"BreadcrumbList","@id":"https:\/\/interamerica.org\/es\/2015\/03\/cuatro-iglesias-adventistas-son-destruidas-por-el-ciclon-en-vanuatu\/#breadcrumb","itemListElement":[{"@type":"ListItem","position":1,"name":"Home","item":"https:\/\/interamerica.org\/es\/"},{"@type":"ListItem","position":2,"name":"Cuatro iglesias adventistas son destruidas por el cicl\u00f3n en Vanuatu"}]},{"@type":"WebSite","@id":"https:\/\/interamerica.org\/es\/#website","url":"https:\/\/interamerica.org\/es\/","name":"Iglesia Adventista del S\u00e9ptimo D\u00eda - Divisi\u00f3n Interamericana","description":"","potentialAction":[{"@type":"SearchAction","target":{"@type":"EntryPoint","urlTemplate":"https:\/\/interamerica.org\/es\/?s={search_term_string}"},"query-input":{"@type":"PropertyValueSpecification","valueRequired":true,"valueName":"search_term_string"}}],"inLanguage":"es"},{"@type":"Person","@id":"https:\/\/interamerica.org\/es\/#\/schema\/person\/68ede8bdc292885bb76c1e3810e73c39","name":"Lorenzo Verduzco","image":{"@type":"ImageObject","inLanguage":"es","@id":"https:\/\/secure.gravatar.com\/avatar\/fb81a55b6218459490a9c1dc841a34909185b81904c5337b4b27f7a6fd60c49e?s=96&d=mm&r=g","url":"https:\/\/secure.gravatar.com\/avatar\/fb81a55b6218459490a9c1dc841a34909185b81904c5337b4b27f7a6fd60c49e?s=96&d=mm&r=g","contentUrl":"https:\/\/secure.gravatar.com\/avatar\/fb81a55b6218459490a9c1dc841a34909185b81904c5337b4b27f7a6fd60c49e?s=96&d=mm&r=g","caption":"Lorenzo Verduzco"}}]}},"_links":{"self":[{"href":"https:\/\/interamerica.org\/es\/wp-json\/wp\/v2\/posts\/30763","targetHints":{"allow":["GET"]}}],"collection":[{"href":"https:\/\/interamerica.org\/es\/wp-json\/wp\/v2\/posts"}],"about":[{"href":"https:\/\/interamerica.org\/es\/wp-json\/wp\/v2\/types\/post"}],"author":[{"embeddable":true,"href":"https:\/\/interamerica.org\/es\/wp-json\/wp\/v2\/users\/1"}],"replies":[{"embeddable":true,"href":"https:\/\/interamerica.org\/es\/wp-json\/wp\/v2\/comments?post=30763"}],"version-history":[{"count":0,"href":"https:\/\/interamerica.org\/es\/wp-json\/wp\/v2\/posts\/30763\/revisions"}],"wp:featuredmedia":[{"embeddable":true,"href":"https:\/\/interamerica.org\/es\/wp-json\/wp\/v2\/media\/24707"}],"wp:attachment":[{"href":"https:\/\/interamerica.org\/es\/wp-json\/wp\/v2\/media?parent=30763"}],"wp:term":[{"taxonomy":"category","embeddable":true,"href":"https:\/\/interamerica.org\/es\/wp-json\/wp\/v2\/categories?post=30763"},{"taxonomy":"post_tag","embeddable":true,"href":"https:\/\/interamerica.org\/es\/wp-json\/wp\/v2\/tags?post=30763"}],"curies":[{"name":"wp","href":"https:\/\/api.w.org\/{rel}","templated":true}]}}