{"id":30764,"date":"2015-03-22T00:00:00","date_gmt":"2015-03-22T04:00:00","guid":{"rendered":"http:\/\/192.81.217.108\/interamerica\/2015\/03\/nuevos-records-en-dia-en-que-los-jovenes-salen-a-ser-el-sermon\/"},"modified":"2015-03-22T00:00:00","modified_gmt":"2015-03-22T04:00:00","slug":"nuevos-records-en-dia-en-que-los-jovenes-salen-a-ser-el-sermon","status":"publish","type":"post","link":"https:\/\/interamerica.org\/es\/2015\/03\/nuevos-records-en-dia-en-que-los-jovenes-salen-a-ser-el-sermon\/","title":{"rendered":"Nuevos r\u00e9cords en d\u00eda en que los j\u00f3venes salen a \u00abser el serm\u00f3n\u00bb"},"content":{"rendered":"<div id=\"attachment_15814\" style=\"width: 610px\" class=\"wp-caption aligncenter\"><a href=\"\/interamerica\/wp-content\/uploads\/2017\/06\/GYD-pizza600.png\" rel=\"fancybox\" title=\"Nuevos r\u00e9cords en d\u00eda en que los j\u00f3venes salen a \"ser el serm\u00f3n\"\"><img fetchpriority=\"high\" decoding=\"async\" aria-describedby=\"caption-attachment-15814\" class=\"size-full wp-image-15814\" src=\"\/interamerica\/wp-content\/uploads\/2017\/06\/GYD-pizza600.png\" alt=\"\" width=\"600\" height=\"362\" \/><\/a><p id=\"caption-attachment-15814\" class=\"wp-caption-text\">J\u00f3venes adventistas comen pizza con algunas personas sin techo que viven en las calles junto a una terminal de autobuses en Monterrey (M\u00e9xico). Los j\u00f3venes repartieron prendas de vestir y oraron con muchas de ellas como parte de la iniciativa \u00abD\u00eda Mundial de la Juventud\u00bb, el 21 de marzo de 2015. Imagen de Daniel Gallardo\/DIA<\/p><\/div>\n<p>21 de marzo de 2015 | Silver Spring, Maryland, Estados Unidos | Andrew McChesney, editor de noticias, Adventist Review<\/p>\n<p>Cientos de miles de j\u00f3venes adventistas compartieron el amor de Cristo en 132 pa\u00edses durante el \u00abD\u00eda Mundial de la Juventud\u00bb este 21 de marzo, estableciendo un nuevo r\u00e9cord que sobrepas\u00f3 las expectativas de los organizadores.<\/p>\n<p>Las cifras a\u00fan estaban llegando en las \u00faltimas horas del s\u00e1bado, pero Gilbert Cangy, director de ministerios j\u00f3venes de la Iglesia Adventista mundial, declar\u00f3 que el tercer evento anual result\u00f3 un tremendo \u00e9xito.<\/p>\n<p>\u00abMe atrevo a decir que hoy fue un gran momento para la iglesia y un gran momento para el ministerio joven\u00bb, dijo Cangy por tel\u00e9fono. \u00abFue un momento fundamental que prob\u00f3 una vez m\u00e1s que si se crea un ambiente que permita la participaci\u00f3n de los j\u00f3venes, estos siempre superar\u00e1n las expectativas\u00bb.<\/p>\n<p>En el \u00abD\u00eda Mundial de la Juventud\u00bb, los j\u00f3venes recibieron el desaf\u00edo de \u00abser las manos y los pies de Jes\u00fas\u00bb al hallar maneras de mostrar su amor a los dem\u00e1s. Entre otras cosas, los j\u00f3venes cantaron, ofrecieron abrazos gratuitos, visitaron hospitales y donaron sangre. El lema de este d\u00eda especial fue \u00abYo soy el serm\u00f3n\u00bb.<\/p>\n<div id=\"attachment_15815\" style=\"width: 310px\" class=\"wp-caption alignright\"><a href=\"\/interamerica\/wp-content\/uploads\/2017\/06\/CAnbaf5XIAAXItT.jpg\" rel=\"fancybox\" title=\"Nuevos r\u00e9cords en d\u00eda en que los j\u00f3venes salen a \"ser el serm\u00f3n\"\"><img decoding=\"async\" aria-describedby=\"caption-attachment-15815\" class=\"size-medium wp-image-15815\" src=\"\/interamerica\/wp-content\/uploads\/2017\/06\/CAnbaf5XIAAXItT-300x168.jpg\" alt=\"\" width=\"300\" height=\"168\" \/><\/a><p id=\"caption-attachment-15815\" class=\"wp-caption-text\">En Par\u00eds, Francia, los ni\u00f1os se unieron a los adultos para repartir golosinas y globos en formas de coraz\u00f3n.<\/p><\/div>\n<p>Se llevaron a cabo actividades en 132 de los 192 pa\u00edses reconocidos por las Naciones Unidas, y el 73 por ciento de los participantes eran j\u00f3venes de entre 13 a 34 a\u00f1os, dijo Cangy, el principal organizador del evento. Cangy destac\u00f3 que esto representa el grupo etario cr\u00edtico que en los \u00faltimos a\u00f1os se ha desconectado de la iglesia en gran cantidad.<\/p>\n<p>\u00abEl &#8216;D\u00eda Mundial de la Juventud&#8217; va en contra de esta tendencia\u00bb, dijo. \u00abMuestra que nuestros j\u00f3venes est\u00e1n dispuestos a participar de la misi\u00f3n de la iglesia si estamos dispuestos a permitirles el liderazgo. Me siento sumamente orgulloso de nuestros j\u00f3venes\u00bb.<\/p>\n<p>Acaso jam\u00e1s se sepa exactamente cu\u00e1ntas personas participaron del \u00abD\u00eda Mundial de la Juventud\u00bb, pero las mediciones de Google y en los medios sociales indican que la cifra ha crecido en comparaci\u00f3n con los \u00faltimos dos a\u00f1os. Egipto, por ejemplo, fue el \u00fanico pa\u00eds de Oriente Medio y \u00c1frica del Norte que organiz\u00f3 actividades el a\u00f1o pasado, pero este a\u00f1o se vio acompa\u00f1ado por el L\u00edbano, Jordania, Qatar y los Emiratos \u00c1rabes Unidos, dijo Cangy.<\/p>\n<p>En otra medici\u00f3n, el n\u00famero de personas que se conectaron en Twitter bajo la etiqueta del evento #GYD15 sum\u00f3 25 millones el s\u00e1bado, en comparaci\u00f3n con los 7,75 millones de 2013.<\/p>\n<p>En otra nueva marca, las im\u00e1genes del evento fueron transmitidas en vivo por Internet en el Canal Hope durante 24 horas. Diecinueve sitios en diversas partes del mundo fueron utilizados para cargar las im\u00e1genes en la transmisi\u00f3n de video.<\/p>\n<p>\u00abEl Canal Hope es la voz de la iglesia, y le ofreci\u00f3 a los j\u00f3venes una voz ininterrumpida durante 24 horas\u00bb, dijo Cangy.<\/p>\n<p>Virgil R. Bakulu envi\u00f3 un tuit desde Manado, Indonesia, para comunicar que su grupo hab\u00eda repartido frutas a cambio de paquetes de cigarrillos.<\/p>\n<div id=\"attachment_15816\" style=\"width: 310px\" class=\"wp-caption alignleft\"><a href=\"\/interamerica\/wp-content\/uploads\/2017\/06\/CApCyq1VIAEgpJc.jpg\" rel=\"fancybox\" title=\"Nuevos r\u00e9cords en d\u00eda en que los j\u00f3venes salen a \"ser el serm\u00f3n\"\"><img decoding=\"async\" aria-describedby=\"caption-attachment-15816\" class=\"size-medium wp-image-15816\" src=\"\/interamerica\/wp-content\/uploads\/2017\/06\/CApCyq1VIAEgpJc-300x225.jpg\" alt=\"\" width=\"300\" height=\"225\" \/><\/a><p id=\"caption-attachment-15816\" class=\"wp-caption-text\">En Chihuahua, M\u00e9xico, los autos que as\u00ed lo deseaban pararon para que los j\u00f3venes pudieran orar con los ocupantes al costado de los caminos.<\/p><\/div>\n<p>Los j\u00f3venes de la India distribuyeron alimentos a los ni\u00f1os sin hogar, y un grupo de Botsuana se dedic\u00f3 a saludar a los transe\u00fantes.<\/p>\n<p>\u00abSer el serm\u00f3n fue una idea maravillosa\u00bb, dijo Penny por Tweeter desde Botsuana. \u00abNo puedo comenzar a explicar las sonrisas en los rostros de los extra\u00f1os cuando los salud\u00e1bamos\u00bb.<\/p>\n<p>Busi Khumalo, director de j\u00f3venes de la Divisi\u00f3n de \u00c1frica Meridional y Oc\u00e9ano \u00cdndico, tom\u00f3 una fotograf\u00eda de j\u00f3venes que fueron el serm\u00f3n al ofrecer sonrisas y abrazos gratuitos a los sin techo en Ciudad del Cabo.<\/p>\n<p>\u00abMe siento joven al estar rodeado de j\u00f3venes durante este d\u00eda\u00bb, escribi\u00f3 en Facebook.<\/p>\n<p>Ted N. C. Wilson, presidente de la Iglesia Adventista mundial, anim\u00f3 a que los j\u00f3venes a que vayan m\u00e1s all\u00e1 del \u00abD\u00eda Mundial de la Juventud\u00bb y sean el serm\u00f3n todos los d\u00edas hasta el regreso de Cristo. Wilson, que ha participado en cada uno de estos d\u00edas anuales especiales, habl\u00f3 desde Colombia, donde estaba asistiendo a una conferencia de libertad religiosa.<\/p>\n<p>La Iglesia Adventista ha avanzado mucho desde el programa de televisi\u00f3n de una hora denominado \u00abHablemos\u00bb en la d\u00e9cada de 2000, cuando el presidente de la Iglesia Adventista recib\u00eda preguntas de los j\u00f3venes reunidos en diversos lugares del mundo. El programa era grabado una o dos veces al a\u00f1o, pero los costos eran prohibitivos, porque se requer\u00eda tiempo satelital, el alquiler de estudios, los escenarios, objetos de utiler\u00eda y los viajes en avi\u00f3n para los participantes de diversos lugares de cada divisi\u00f3n de la iglesia.<\/p>\n<p>\u00abAhora tenemos un programa de 24 horas desde 19 lugares del mundo, en el que los j\u00f3venes participan no solo en la discusi\u00f3n sino tambi\u00e9n en la planificaci\u00f3n y la grabaci\u00f3n del evento\u00bb, dijo Andr\u00e9 Brink, director asociado de comunicaciones de la Iglesia Adventista, quien grab\u00f3 segmentos para tres de los programas de \u00abHablemos\u00bb y est\u00e1 preparando un video sobre el evento 2015 para la Red de Noticias Adventistas.<\/p>\n<p>\u00abEs algo verdaderamente maravilloso\u00bb, dijo. \u00abLa Internet realmente ha cambiado la manera de hacer las cosas como iglesia\u00bb.<\/p>\n<p><em>Traducci\u00f3n de Marcos Paseggi<\/em><\/p>\n","protected":false},"excerpt":{"rendered":"<p>Cientos de miles de j\u00f3venes adventistas compartieron el amor de Cristo en 132 pa\u00edses durante el \u00abD\u00eda Mundial de la Juventud\u00bb este 21 de marzo, estableciendo un nuevo r\u00e9cord que sobrepas\u00f3 las expectativas de los organizadores. <\/p>\n<p>Las cifras a\u00fan estaban llegando en las \u00faltimas horas del s\u00e1bado, pero Gilbert Cangy, director de ministerios j\u00f3venes de la Iglesia Adventista mundial, declar\u00f3 que el tercer evento anual result\u00f3 un tremendo \u00e9xito.<\/p>\n","protected":false},"author":1,"featured_media":24727,"comment_status":"closed","ping_status":"closed","sticky":false,"template":"","format":"standard","meta":{"_acf_changed":false,"footnotes":""},"categories":[14,15],"tags":[],"class_list":["post-30764","post","type-post","status-publish","format-standard","has-post-thumbnail","hentry","category-de-la-iglesia-mundial","category-rss-espanol"],"acf":[],"yoast_head":"<!-- This site is optimized with the Yoast SEO plugin v27.3 - https:\/\/yoast.com\/product\/yoast-seo-wordpress\/ -->\n<title>Nuevos r\u00e9cords en d\u00eda en que los j\u00f3venes salen a &quot;ser el serm\u00f3n&quot; - Iglesia Adventista del S\u00e9ptimo D\u00eda - Divisi\u00f3n Interamericana<\/title>\n<meta name=\"robots\" content=\"index, follow, max-snippet:-1, max-image-preview:large, max-video-preview:-1\" \/>\n<link rel=\"canonical\" href=\"https:\/\/interamerica.org\/es\/2015\/03\/nuevos-records-en-dia-en-que-los-jovenes-salen-a-ser-el-sermon\/\" \/>\n<meta property=\"og:locale\" content=\"es_ES\" \/>\n<meta property=\"og:type\" content=\"article\" \/>\n<meta property=\"og:title\" content=\"Nuevos r\u00e9cords en d\u00eda en que los j\u00f3venes salen a &quot;ser el serm\u00f3n&quot; - Iglesia Adventista del S\u00e9ptimo D\u00eda - Divisi\u00f3n Interamericana\" \/>\n<meta property=\"og:description\" content=\"Cientos de miles de j\u00f3venes adventistas compartieron el amor de Cristo en 132 pa\u00edses durante el &quot;D\u00eda Mundial de la Juventud&quot; este 21 de marzo, estableciendo un nuevo r\u00e9cord que sobrepas\u00f3 las expectativas de los organizadores.  Las cifras a\u00fan estaban llegando en las \u00faltimas horas del s\u00e1bado, pero Gilbert Cangy, director de ministerios j\u00f3venes de la Iglesia Adventista mundial, declar\u00f3 que el tercer evento anual result\u00f3 un tremendo \u00e9xito.\" \/>\n<meta property=\"og:url\" content=\"https:\/\/interamerica.org\/es\/2015\/03\/nuevos-records-en-dia-en-que-los-jovenes-salen-a-ser-el-sermon\/\" \/>\n<meta property=\"og:site_name\" content=\"Iglesia Adventista del S\u00e9ptimo D\u00eda - Divisi\u00f3n Interamericana\" \/>\n<meta property=\"article:published_time\" content=\"2015-03-22T04:00:00+00:00\" \/>\n<meta property=\"og:image\" content=\"https:\/\/interamerica.org\/wp-content\/uploads\/2017\/06\/GYD-pizza300.png\" \/>\n\t<meta property=\"og:image:width\" content=\"300\" \/>\n\t<meta property=\"og:image:height\" content=\"181\" \/>\n\t<meta property=\"og:image:type\" content=\"image\/png\" \/>\n<meta name=\"author\" content=\"Lorenzo Verduzco\" \/>\n<meta name=\"twitter:card\" content=\"summary_large_image\" \/>\n<meta name=\"twitter:label1\" content=\"Escrito por\" \/>\n\t<meta name=\"twitter:data1\" content=\"Lorenzo Verduzco\" \/>\n\t<meta name=\"twitter:label2\" content=\"Tiempo de lectura\" \/>\n\t<meta name=\"twitter:data2\" content=\"5 minutos\" \/>\n<script type=\"application\/ld+json\" class=\"yoast-schema-graph\">{\"@context\":\"https:\\\/\\\/schema.org\",\"@graph\":[{\"@type\":\"Article\",\"@id\":\"https:\\\/\\\/interamerica.org\\\/es\\\/2015\\\/03\\\/nuevos-records-en-dia-en-que-los-jovenes-salen-a-ser-el-sermon\\\/#article\",\"isPartOf\":{\"@id\":\"https:\\\/\\\/interamerica.org\\\/es\\\/2015\\\/03\\\/nuevos-records-en-dia-en-que-los-jovenes-salen-a-ser-el-sermon\\\/\"},\"author\":{\"name\":\"Lorenzo Verduzco\",\"@id\":\"https:\\\/\\\/interamerica.org\\\/es\\\/#\\\/schema\\\/person\\\/68ede8bdc292885bb76c1e3810e73c39\"},\"headline\":\"Nuevos r\u00e9cords en d\u00eda en que los j\u00f3venes salen a \u00abser el serm\u00f3n\u00bb\",\"datePublished\":\"2015-03-22T04:00:00+00:00\",\"mainEntityOfPage\":{\"@id\":\"https:\\\/\\\/interamerica.org\\\/es\\\/2015\\\/03\\\/nuevos-records-en-dia-en-que-los-jovenes-salen-a-ser-el-sermon\\\/\"},\"wordCount\":1040,\"image\":{\"@id\":\"https:\\\/\\\/interamerica.org\\\/es\\\/2015\\\/03\\\/nuevos-records-en-dia-en-que-los-jovenes-salen-a-ser-el-sermon\\\/#primaryimage\"},\"thumbnailUrl\":\"https:\\\/\\\/interamerica.org\\\/wp-content\\\/uploads\\\/2017\\\/06\\\/GYD-pizza300.png\",\"articleSection\":[\"Desde la iglesia mundial\",\"RSS Espa\u00f1ol\"],\"inLanguage\":\"es\"},{\"@type\":\"WebPage\",\"@id\":\"https:\\\/\\\/interamerica.org\\\/es\\\/2015\\\/03\\\/nuevos-records-en-dia-en-que-los-jovenes-salen-a-ser-el-sermon\\\/\",\"url\":\"https:\\\/\\\/interamerica.org\\\/es\\\/2015\\\/03\\\/nuevos-records-en-dia-en-que-los-jovenes-salen-a-ser-el-sermon\\\/\",\"name\":\"Nuevos r\u00e9cords en d\u00eda en que los j\u00f3venes salen a \\\"ser el serm\u00f3n\\\" - Iglesia Adventista del S\u00e9ptimo D\u00eda - Divisi\u00f3n Interamericana\",\"isPartOf\":{\"@id\":\"https:\\\/\\\/interamerica.org\\\/es\\\/#website\"},\"primaryImageOfPage\":{\"@id\":\"https:\\\/\\\/interamerica.org\\\/es\\\/2015\\\/03\\\/nuevos-records-en-dia-en-que-los-jovenes-salen-a-ser-el-sermon\\\/#primaryimage\"},\"image\":{\"@id\":\"https:\\\/\\\/interamerica.org\\\/es\\\/2015\\\/03\\\/nuevos-records-en-dia-en-que-los-jovenes-salen-a-ser-el-sermon\\\/#primaryimage\"},\"thumbnailUrl\":\"https:\\\/\\\/interamerica.org\\\/wp-content\\\/uploads\\\/2017\\\/06\\\/GYD-pizza300.png\",\"datePublished\":\"2015-03-22T04:00:00+00:00\",\"author\":{\"@id\":\"https:\\\/\\\/interamerica.org\\\/es\\\/#\\\/schema\\\/person\\\/68ede8bdc292885bb76c1e3810e73c39\"},\"breadcrumb\":{\"@id\":\"https:\\\/\\\/interamerica.org\\\/es\\\/2015\\\/03\\\/nuevos-records-en-dia-en-que-los-jovenes-salen-a-ser-el-sermon\\\/#breadcrumb\"},\"inLanguage\":\"es\",\"potentialAction\":[{\"@type\":\"ReadAction\",\"target\":[\"https:\\\/\\\/interamerica.org\\\/es\\\/2015\\\/03\\\/nuevos-records-en-dia-en-que-los-jovenes-salen-a-ser-el-sermon\\\/\"]}]},{\"@type\":\"ImageObject\",\"inLanguage\":\"es\",\"@id\":\"https:\\\/\\\/interamerica.org\\\/es\\\/2015\\\/03\\\/nuevos-records-en-dia-en-que-los-jovenes-salen-a-ser-el-sermon\\\/#primaryimage\",\"url\":\"https:\\\/\\\/interamerica.org\\\/wp-content\\\/uploads\\\/2017\\\/06\\\/GYD-pizza300.png\",\"contentUrl\":\"https:\\\/\\\/interamerica.org\\\/wp-content\\\/uploads\\\/2017\\\/06\\\/GYD-pizza300.png\",\"width\":300,\"height\":181},{\"@type\":\"BreadcrumbList\",\"@id\":\"https:\\\/\\\/interamerica.org\\\/es\\\/2015\\\/03\\\/nuevos-records-en-dia-en-que-los-jovenes-salen-a-ser-el-sermon\\\/#breadcrumb\",\"itemListElement\":[{\"@type\":\"ListItem\",\"position\":1,\"name\":\"Home\",\"item\":\"https:\\\/\\\/interamerica.org\\\/es\\\/\"},{\"@type\":\"ListItem\",\"position\":2,\"name\":\"Nuevos r\u00e9cords en d\u00eda en que los j\u00f3venes salen a &#8220;ser el serm\u00f3n&#8221;\"}]},{\"@type\":\"WebSite\",\"@id\":\"https:\\\/\\\/interamerica.org\\\/es\\\/#website\",\"url\":\"https:\\\/\\\/interamerica.org\\\/es\\\/\",\"name\":\"Iglesia Adventista del S\u00e9ptimo D\u00eda - Divisi\u00f3n Interamericana\",\"description\":\"\",\"potentialAction\":[{\"@type\":\"SearchAction\",\"target\":{\"@type\":\"EntryPoint\",\"urlTemplate\":\"https:\\\/\\\/interamerica.org\\\/es\\\/?s={search_term_string}\"},\"query-input\":{\"@type\":\"PropertyValueSpecification\",\"valueRequired\":true,\"valueName\":\"search_term_string\"}}],\"inLanguage\":\"es\"},{\"@type\":\"Person\",\"@id\":\"https:\\\/\\\/interamerica.org\\\/es\\\/#\\\/schema\\\/person\\\/68ede8bdc292885bb76c1e3810e73c39\",\"name\":\"Lorenzo Verduzco\",\"image\":{\"@type\":\"ImageObject\",\"inLanguage\":\"es\",\"@id\":\"https:\\\/\\\/secure.gravatar.com\\\/avatar\\\/fb81a55b6218459490a9c1dc841a34909185b81904c5337b4b27f7a6fd60c49e?s=96&d=mm&r=g\",\"url\":\"https:\\\/\\\/secure.gravatar.com\\\/avatar\\\/fb81a55b6218459490a9c1dc841a34909185b81904c5337b4b27f7a6fd60c49e?s=96&d=mm&r=g\",\"contentUrl\":\"https:\\\/\\\/secure.gravatar.com\\\/avatar\\\/fb81a55b6218459490a9c1dc841a34909185b81904c5337b4b27f7a6fd60c49e?s=96&d=mm&r=g\",\"caption\":\"Lorenzo Verduzco\"}}]}<\/script>\n<!-- \/ Yoast SEO plugin. -->","yoast_head_json":{"title":"Nuevos r\u00e9cords en d\u00eda en que los j\u00f3venes salen a \"ser el serm\u00f3n\" - Iglesia Adventista del S\u00e9ptimo D\u00eda - Divisi\u00f3n Interamericana","robots":{"index":"index","follow":"follow","max-snippet":"max-snippet:-1","max-image-preview":"max-image-preview:large","max-video-preview":"max-video-preview:-1"},"canonical":"https:\/\/interamerica.org\/es\/2015\/03\/nuevos-records-en-dia-en-que-los-jovenes-salen-a-ser-el-sermon\/","og_locale":"es_ES","og_type":"article","og_title":"Nuevos r\u00e9cords en d\u00eda en que los j\u00f3venes salen a \"ser el serm\u00f3n\" - Iglesia Adventista del S\u00e9ptimo D\u00eda - Divisi\u00f3n Interamericana","og_description":"Cientos de miles de j\u00f3venes adventistas compartieron el amor de Cristo en 132 pa\u00edses durante el \"D\u00eda Mundial de la Juventud\" este 21 de marzo, estableciendo un nuevo r\u00e9cord que sobrepas\u00f3 las expectativas de los organizadores.  Las cifras a\u00fan estaban llegando en las \u00faltimas horas del s\u00e1bado, pero Gilbert Cangy, director de ministerios j\u00f3venes de la Iglesia Adventista mundial, declar\u00f3 que el tercer evento anual result\u00f3 un tremendo \u00e9xito.","og_url":"https:\/\/interamerica.org\/es\/2015\/03\/nuevos-records-en-dia-en-que-los-jovenes-salen-a-ser-el-sermon\/","og_site_name":"Iglesia Adventista del S\u00e9ptimo D\u00eda - Divisi\u00f3n Interamericana","article_published_time":"2015-03-22T04:00:00+00:00","og_image":[{"width":300,"height":181,"url":"https:\/\/interamerica.org\/wp-content\/uploads\/2017\/06\/GYD-pizza300.png","type":"image\/png"}],"author":"Lorenzo Verduzco","twitter_card":"summary_large_image","twitter_misc":{"Escrito por":"Lorenzo Verduzco","Tiempo de lectura":"5 minutos"},"schema":{"@context":"https:\/\/schema.org","@graph":[{"@type":"Article","@id":"https:\/\/interamerica.org\/es\/2015\/03\/nuevos-records-en-dia-en-que-los-jovenes-salen-a-ser-el-sermon\/#article","isPartOf":{"@id":"https:\/\/interamerica.org\/es\/2015\/03\/nuevos-records-en-dia-en-que-los-jovenes-salen-a-ser-el-sermon\/"},"author":{"name":"Lorenzo Verduzco","@id":"https:\/\/interamerica.org\/es\/#\/schema\/person\/68ede8bdc292885bb76c1e3810e73c39"},"headline":"Nuevos r\u00e9cords en d\u00eda en que los j\u00f3venes salen a \u00abser el serm\u00f3n\u00bb","datePublished":"2015-03-22T04:00:00+00:00","mainEntityOfPage":{"@id":"https:\/\/interamerica.org\/es\/2015\/03\/nuevos-records-en-dia-en-que-los-jovenes-salen-a-ser-el-sermon\/"},"wordCount":1040,"image":{"@id":"https:\/\/interamerica.org\/es\/2015\/03\/nuevos-records-en-dia-en-que-los-jovenes-salen-a-ser-el-sermon\/#primaryimage"},"thumbnailUrl":"https:\/\/interamerica.org\/wp-content\/uploads\/2017\/06\/GYD-pizza300.png","articleSection":["Desde la iglesia mundial","RSS Espa\u00f1ol"],"inLanguage":"es"},{"@type":"WebPage","@id":"https:\/\/interamerica.org\/es\/2015\/03\/nuevos-records-en-dia-en-que-los-jovenes-salen-a-ser-el-sermon\/","url":"https:\/\/interamerica.org\/es\/2015\/03\/nuevos-records-en-dia-en-que-los-jovenes-salen-a-ser-el-sermon\/","name":"Nuevos r\u00e9cords en d\u00eda en que los j\u00f3venes salen a \"ser el serm\u00f3n\" - Iglesia Adventista del S\u00e9ptimo D\u00eda - Divisi\u00f3n Interamericana","isPartOf":{"@id":"https:\/\/interamerica.org\/es\/#website"},"primaryImageOfPage":{"@id":"https:\/\/interamerica.org\/es\/2015\/03\/nuevos-records-en-dia-en-que-los-jovenes-salen-a-ser-el-sermon\/#primaryimage"},"image":{"@id":"https:\/\/interamerica.org\/es\/2015\/03\/nuevos-records-en-dia-en-que-los-jovenes-salen-a-ser-el-sermon\/#primaryimage"},"thumbnailUrl":"https:\/\/interamerica.org\/wp-content\/uploads\/2017\/06\/GYD-pizza300.png","datePublished":"2015-03-22T04:00:00+00:00","author":{"@id":"https:\/\/interamerica.org\/es\/#\/schema\/person\/68ede8bdc292885bb76c1e3810e73c39"},"breadcrumb":{"@id":"https:\/\/interamerica.org\/es\/2015\/03\/nuevos-records-en-dia-en-que-los-jovenes-salen-a-ser-el-sermon\/#breadcrumb"},"inLanguage":"es","potentialAction":[{"@type":"ReadAction","target":["https:\/\/interamerica.org\/es\/2015\/03\/nuevos-records-en-dia-en-que-los-jovenes-salen-a-ser-el-sermon\/"]}]},{"@type":"ImageObject","inLanguage":"es","@id":"https:\/\/interamerica.org\/es\/2015\/03\/nuevos-records-en-dia-en-que-los-jovenes-salen-a-ser-el-sermon\/#primaryimage","url":"https:\/\/interamerica.org\/wp-content\/uploads\/2017\/06\/GYD-pizza300.png","contentUrl":"https:\/\/interamerica.org\/wp-content\/uploads\/2017\/06\/GYD-pizza300.png","width":300,"height":181},{"@type":"BreadcrumbList","@id":"https:\/\/interamerica.org\/es\/2015\/03\/nuevos-records-en-dia-en-que-los-jovenes-salen-a-ser-el-sermon\/#breadcrumb","itemListElement":[{"@type":"ListItem","position":1,"name":"Home","item":"https:\/\/interamerica.org\/es\/"},{"@type":"ListItem","position":2,"name":"Nuevos r\u00e9cords en d\u00eda en que los j\u00f3venes salen a &#8220;ser el serm\u00f3n&#8221;"}]},{"@type":"WebSite","@id":"https:\/\/interamerica.org\/es\/#website","url":"https:\/\/interamerica.org\/es\/","name":"Iglesia Adventista del S\u00e9ptimo D\u00eda - Divisi\u00f3n Interamericana","description":"","potentialAction":[{"@type":"SearchAction","target":{"@type":"EntryPoint","urlTemplate":"https:\/\/interamerica.org\/es\/?s={search_term_string}"},"query-input":{"@type":"PropertyValueSpecification","valueRequired":true,"valueName":"search_term_string"}}],"inLanguage":"es"},{"@type":"Person","@id":"https:\/\/interamerica.org\/es\/#\/schema\/person\/68ede8bdc292885bb76c1e3810e73c39","name":"Lorenzo Verduzco","image":{"@type":"ImageObject","inLanguage":"es","@id":"https:\/\/secure.gravatar.com\/avatar\/fb81a55b6218459490a9c1dc841a34909185b81904c5337b4b27f7a6fd60c49e?s=96&d=mm&r=g","url":"https:\/\/secure.gravatar.com\/avatar\/fb81a55b6218459490a9c1dc841a34909185b81904c5337b4b27f7a6fd60c49e?s=96&d=mm&r=g","contentUrl":"https:\/\/secure.gravatar.com\/avatar\/fb81a55b6218459490a9c1dc841a34909185b81904c5337b4b27f7a6fd60c49e?s=96&d=mm&r=g","caption":"Lorenzo Verduzco"}}]}},"_links":{"self":[{"href":"https:\/\/interamerica.org\/es\/wp-json\/wp\/v2\/posts\/30764","targetHints":{"allow":["GET"]}}],"collection":[{"href":"https:\/\/interamerica.org\/es\/wp-json\/wp\/v2\/posts"}],"about":[{"href":"https:\/\/interamerica.org\/es\/wp-json\/wp\/v2\/types\/post"}],"author":[{"embeddable":true,"href":"https:\/\/interamerica.org\/es\/wp-json\/wp\/v2\/users\/1"}],"replies":[{"embeddable":true,"href":"https:\/\/interamerica.org\/es\/wp-json\/wp\/v2\/comments?post=30764"}],"version-history":[{"count":0,"href":"https:\/\/interamerica.org\/es\/wp-json\/wp\/v2\/posts\/30764\/revisions"}],"wp:featuredmedia":[{"embeddable":true,"href":"https:\/\/interamerica.org\/es\/wp-json\/wp\/v2\/media\/24727"}],"wp:attachment":[{"href":"https:\/\/interamerica.org\/es\/wp-json\/wp\/v2\/media?parent=30764"}],"wp:term":[{"taxonomy":"category","embeddable":true,"href":"https:\/\/interamerica.org\/es\/wp-json\/wp\/v2\/categories?post=30764"},{"taxonomy":"post_tag","embeddable":true,"href":"https:\/\/interamerica.org\/es\/wp-json\/wp\/v2\/tags?post=30764"}],"curies":[{"name":"wp","href":"https:\/\/api.w.org\/{rel}","templated":true}]}}