{"id":30766,"date":"2015-03-23T00:00:00","date_gmt":"2015-03-23T04:00:00","guid":{"rendered":"http:\/\/192.81.217.108\/interamerica\/2015\/03\/universidad-adventista-de-colombia-analiza-trasladar-su-campus-por-la-elevada-carga-impositiva\/"},"modified":"2015-03-23T00:00:00","modified_gmt":"2015-03-23T04:00:00","slug":"universidad-adventista-de-colombia-analiza-trasladar-su-campus-por-la-elevada-carga-impositiva","status":"publish","type":"post","link":"https:\/\/interamerica.org\/es\/2015\/03\/universidad-adventista-de-colombia-analiza-trasladar-su-campus-por-la-elevada-carga-impositiva\/","title":{"rendered":"Universidad Adventista de Colombia analiza trasladar su campus por la elevada carga impositiva"},"content":{"rendered":"<div id=\"attachment_15889\" style=\"width: 610px\" class=\"wp-caption aligncenter\"><a href=\"\/interamerica\/wp-content\/uploads\/2017\/06\/NOCU-top-leaders600.png\" rel=\"fancybox\" title=\"Universidad Adventista de Colombia analiza trasladar su campus por la elevada carga impositiva\"><img fetchpriority=\"high\" decoding=\"async\" aria-describedby=\"caption-attachment-15889\" class=\"size-full wp-image-15889\" src=\"\/interamerica\/wp-content\/uploads\/2017\/06\/NOCU-top-leaders600.png\" alt=\"\" width=\"600\" height=\"311\" \/><\/a><p id=\"caption-attachment-15889\" class=\"wp-caption-text\">John Graz (segundo desde la derecha); Ted N.C. Wilson, (cuarto desde la derecha); e\u00a0Israel Leito (quinto desde la derecha); acompa\u00f1an a los administradores de la universidad vestidos de las ropas tradicionales de Colombio en esta fotograf\u00eda grupal. Im\u00e1genes por cortes\u00eda de Ted N.C. Wilson<\/p><\/div>\n<p>22 de marzo de 2015 | Medell\u00edn, Colombia | Andrew McChesney, editor de noticias, Adventist Review<\/p>\n<p>La Universidad Adventista de Colombia est\u00e1 buscando trasladar su campus desde Medell\u00edn, b\u00e1sicamente debido a la elevada carga impositiva, pero la medida pendiente no ha interrumpido su s\u00f3lido programa misionero comunitario, por el que cientos de estudiantes comparten a Cristo en la animada ciudad y muestran inter\u00e9s en trabajar en el extranjero.<\/p>\n<div id=\"attachment_15891\" style=\"width: 279px\" class=\"wp-caption alignleft\"><a href=\"\/interamerica\/wp-content\/uploads\/2017\/06\/RLFestival400.png\" rel=\"fancybox\" title=\"Universidad Adventista de Colombia analiza trasladar su campus por la elevada carga impositiva\"><img decoding=\"async\" aria-describedby=\"caption-attachment-15891\" class=\" wp-image-15891   \" src=\"\/interamerica\/wp-content\/uploads\/2017\/06\/RLFestival400.png\" alt=\"\" width=\"269\" height=\"202\" \/><\/a><p id=\"caption-attachment-15891\" class=\"wp-caption-text\">Los principales l\u00edderes de la regi\u00f3n Colombiana del Norte se dirigen a los alrededor de cinco mil presentes en la conferencia.<\/p><\/div>\n<p>Colombia mismo ha llegado a ser un refugio de la libertad religiosa, un hecho que los l\u00edderes de la Iglesia Adventista celebraron en una conferencia durante el fin de semana, a la que asistieron cinco mil personas.<\/p>\n<p>La Universidad Adventista de Colombia, establecida en 1937, se encontraba en el pasado a cierta distancia de la ciudad de Medell\u00edn, la segunda ciudad m\u00e1s populosa de ese pa\u00eds sudamericano, con una poblaci\u00f3n de 2,2 millones de personas. Pero por todos lados han surgido edificios a medida que la ciudad se extiende, lo que ha llevado a las autoridades a aplicar una mayor carga impositiva sobre las propiedades en terrenos ahora de primer nivel de la universidad.<\/p>\n<p>Se est\u00e1n haciendo planes de trasladar la instituci\u00f3n a un entorno m\u00e1s rural, un dif\u00edcil proceso que podr\u00eda llegar un tiempo cumplir pero que financieramente es urgente, dijo Ted N. C. Wilson, presidente de la Iglesia Adventista mundial.<\/p>\n<p>\u00abEsta es una gran noticia para la zona\u00bb, dijo Wilson a la Adventist Review el domingo despu\u00e9s de asistir a una sesi\u00f3n informativa en la universidad.<\/p>\n<p>La Universidad Adventista de Colombia cuenta con 1521 estudiantes de grado y 218 de posgrado, seg\u00fan las \u00faltimas cifras de la Secretar\u00eda de Archivos, Estad\u00edsticas e Investigaciones de la Iglesia Adventista.<\/p>\n<div id=\"attachment_15890\" style=\"width: 310px\" class=\"wp-caption alignright\"><a href=\"\/interamerica\/wp-content\/uploads\/2017\/06\/NOCU-students300.png\" rel=\"fancybox\" title=\"Universidad Adventista de Colombia analiza trasladar su campus por la elevada carga impositiva\"><img decoding=\"async\" aria-describedby=\"caption-attachment-15890\" class=\"size-full wp-image-15890\" src=\"\/interamerica\/wp-content\/uploads\/2017\/06\/NOCU-students300.png\" alt=\"\" width=\"300\" height=\"225\" \/><\/a><p id=\"caption-attachment-15890\" class=\"wp-caption-text\">Los graduados de \u00abUn A\u00f1o en Misi\u00f3n\u00bb posan con Wilson y sus diplomas en una conferencia de j\u00f3venes al margen del otro encuentro.<\/p><\/div>\n<p>La universidad es conocida por tener un vibrante programa misionero, y entre sus graduados tiene a Israel Leito, quien es presidente de la Divisi\u00f3n Interamericana, que incluye a Colombia. Leito acompa\u00f1\u00f3 a Wilson en su visita del 18 al 21 de marzo a Colombia, en lo que fue la \u00faltima parada de Wilson en su recorrida por seis pa\u00edses de la Divisi\u00f3n Interamericana.<\/p>\n<p>El programa misionero est\u00e1 funcionando muy bien, dijo Wilson. Hace solo una semana, cientos de estudiantes fueron a la ciudad para participar de la obra comunitaria y de evangelizaci\u00f3n bajo los auspicios de un plan denominado \u00abUna sonrisa por Medell\u00edn\u00bb.<\/p>\n<p>Por su parte, diecisiete estudiantes se \u00abgraduaron\u00bb el s\u00e1bado 21 de marzo de un curso misionero pr\u00e1ctico denominado \u00abUn A\u00f1o en Misi\u00f3n\u00bb, que es operado por la universidad y la Uni\u00f3n Colombiana del Norte, y que pronto ser\u00e1 aplicado dentro de la uni\u00f3n y en otros territorios. La ceremonia de graduaci\u00f3n de la tarde tuvo lugar durante un encuentro de cinco mil j\u00f3venes en un auditorio de la ciudad, que busc\u00f3 celebrar el \u00abD\u00eda Mundial de la Juventud\u00bb de la Iglesia Adventista.<\/p>\n<p>En su mensaje durante el evento, Wilson inst\u00f3 a los j\u00f3venes para que permanezcan fieles y no se distraigan de la misi\u00f3n de Dios por causa del mundo y del diablo.<\/p>\n<div id=\"attachment_15892\" style=\"width: 310px\" class=\"wp-caption alignleft\"><a href=\"\/interamerica\/wp-content\/uploads\/2017\/06\/NOCU-IRLAcongress.png\" rel=\"fancybox\" title=\"Universidad Adventista de Colombia analiza trasladar su campus por la elevada carga impositiva\"><img loading=\"lazy\" decoding=\"async\" aria-describedby=\"caption-attachment-15892\" class=\"size-full wp-image-15892\" src=\"\/interamerica\/wp-content\/uploads\/2017\/06\/NOCU-IRLAcongress.png\" alt=\"\" width=\"300\" height=\"225\" \/><\/a><p id=\"caption-attachment-15892\" class=\"wp-caption-text\">Un auditorio se fue llenando para la conferencia de libertad religiosa de Medell\u00edn. Todas las fotograf\u00edas por cortes\u00eda de Ted N.C. Wilson<\/p><\/div>\n<p>El s\u00e1bado por la ma\u00f1ana, cinco mil personas se reunieron solo por invitaci\u00f3n en el mismo auditorio para una conferencia sobre libertad religiosa organizada por la Asociaci\u00f3n Internacional de Libertad Religiosa, una entidad asociada a la Iglesia Adventista. Leito y Roberto Herrera, director de asuntos p\u00fablicos y libertad religiosa de la Divisi\u00f3n Interamericana, hicieron un llamado a los participantes para que se muestren activos en las relaciones con el gobierno.<\/p>\n<p>\u00abDemasiado a menudo los adventistas descuidan cultivar buenas relaciones con las autoridades, y el precio que a veces pagamos es muy alto\u00bb, dijo John Graz, secretario general de la asociaci\u00f3n y director de asuntos p\u00fablicos y libertad religiosa de la Iglesia Adventista mundial expres\u00f3 en una entrevista.<\/p>\n<p>Wilson habl\u00f3 a los asistentes de la necesidad de promover la libertad religiosa como una herencia de Dios. Tanto \u00e9l como otros l\u00edderes adventistas agradecieron a los funcionarios del gobierno que se hicieron presentes por honrar la libertad religiosa, que est\u00e1 garantizada en la constituci\u00f3n del pa\u00eds.<\/p>\n<p>\u00abOren por el pueblo de Dios de Colombia, para que usen la libertad religiosa para el progreso del movimiento adventista\u00bb, dijo Wilson el domingo. \u00abAprovechemos todos la libertad religiosa que a\u00fan tenemos para proclamar toda la verdad b\u00edblica de Dios, a medida que nos acercamos a la segunda venida de Cristo\u00bb.<\/p>\n<p><em>Traducci\u00f3n de Marcos Paseggi<\/em><\/p>\n","protected":false},"excerpt":{"rendered":"<p>La Universidad Adventista de Colombia est\u00e1 buscando trasladar su campus desde Medell\u00edn, b\u00e1sicamente debido a la elevada carga impositiva, pero la medida pendiente no ha interrumpido su s\u00f3lido programa misionero comunitario, por el que cientos de estudiantes comparten a Cristo en la animada ciudad y muestran inter\u00e9s en trabajar en el extranjero. <\/p>\n<p>Colombia mismo ha llegado a ser un refugio de la libertad religiosa, un hecho que los l\u00edderes de la Iglesia Adventista celebraron en una conferencia durante el fin de semana, a la que asistieron cinco mil personas.<\/p>\n","protected":false},"author":1,"featured_media":24768,"comment_status":"closed","ping_status":"closed","sticky":false,"template":"","format":"standard","meta":{"_acf_changed":false,"footnotes":""},"categories":[14,15],"tags":[],"class_list":["post-30766","post","type-post","status-publish","format-standard","has-post-thumbnail","hentry","category-de-la-iglesia-mundial","category-rss-espanol"],"acf":[],"yoast_head":"<!-- This site is optimized with the Yoast SEO plugin v27.3 - https:\/\/yoast.com\/product\/yoast-seo-wordpress\/ -->\n<title>Universidad Adventista de Colombia analiza trasladar su campus por la elevada carga impositiva - Iglesia Adventista del S\u00e9ptimo D\u00eda - Divisi\u00f3n Interamericana<\/title>\n<meta name=\"robots\" content=\"index, follow, max-snippet:-1, max-image-preview:large, max-video-preview:-1\" \/>\n<link rel=\"canonical\" href=\"https:\/\/interamerica.org\/es\/2015\/03\/universidad-adventista-de-colombia-analiza-trasladar-su-campus-por-la-elevada-carga-impositiva\/\" \/>\n<meta property=\"og:locale\" content=\"es_ES\" \/>\n<meta property=\"og:type\" content=\"article\" \/>\n<meta property=\"og:title\" content=\"Universidad Adventista de Colombia analiza trasladar su campus por la elevada carga impositiva - Iglesia Adventista del S\u00e9ptimo D\u00eda - Divisi\u00f3n Interamericana\" \/>\n<meta property=\"og:description\" content=\"La Universidad Adventista de Colombia est\u00e1 buscando trasladar su campus desde Medell\u00edn, b\u00e1sicamente debido a la elevada carga impositiva, pero la medida pendiente no ha interrumpido su s\u00f3lido programa misionero comunitario, por el que cientos de estudiantes comparten a Cristo en la animada ciudad y muestran inter\u00e9s en trabajar en el extranjero.  Colombia mismo ha llegado a ser un refugio de la libertad religiosa, un hecho que los l\u00edderes de la Iglesia Adventista celebraron en una conferencia durante el fin de semana, a la que asistieron cinco mil personas.\" \/>\n<meta property=\"og:url\" content=\"https:\/\/interamerica.org\/es\/2015\/03\/universidad-adventista-de-colombia-analiza-trasladar-su-campus-por-la-elevada-carga-impositiva\/\" \/>\n<meta property=\"og:site_name\" content=\"Iglesia Adventista del S\u00e9ptimo D\u00eda - Divisi\u00f3n Interamericana\" \/>\n<meta property=\"article:published_time\" content=\"2015-03-23T04:00:00+00:00\" \/>\n<meta property=\"og:image\" content=\"https:\/\/interamerica.org\/wp-content\/uploads\/2017\/06\/NOCU-flags.png\" \/>\n\t<meta property=\"og:image:width\" content=\"300\" \/>\n\t<meta property=\"og:image:height\" content=\"225\" \/>\n\t<meta property=\"og:image:type\" content=\"image\/png\" \/>\n<meta name=\"author\" content=\"Lorenzo Verduzco\" \/>\n<meta name=\"twitter:card\" content=\"summary_large_image\" \/>\n<meta name=\"twitter:label1\" content=\"Escrito por\" \/>\n\t<meta name=\"twitter:data1\" content=\"Lorenzo Verduzco\" \/>\n\t<meta name=\"twitter:label2\" content=\"Tiempo de lectura\" \/>\n\t<meta name=\"twitter:data2\" content=\"5 minutos\" \/>\n<script type=\"application\/ld+json\" class=\"yoast-schema-graph\">{\"@context\":\"https:\\\/\\\/schema.org\",\"@graph\":[{\"@type\":\"Article\",\"@id\":\"https:\\\/\\\/interamerica.org\\\/es\\\/2015\\\/03\\\/universidad-adventista-de-colombia-analiza-trasladar-su-campus-por-la-elevada-carga-impositiva\\\/#article\",\"isPartOf\":{\"@id\":\"https:\\\/\\\/interamerica.org\\\/es\\\/2015\\\/03\\\/universidad-adventista-de-colombia-analiza-trasladar-su-campus-por-la-elevada-carga-impositiva\\\/\"},\"author\":{\"name\":\"Lorenzo Verduzco\",\"@id\":\"https:\\\/\\\/interamerica.org\\\/es\\\/#\\\/schema\\\/person\\\/68ede8bdc292885bb76c1e3810e73c39\"},\"headline\":\"Universidad Adventista de Colombia analiza trasladar su campus por la elevada carga impositiva\",\"datePublished\":\"2015-03-23T04:00:00+00:00\",\"mainEntityOfPage\":{\"@id\":\"https:\\\/\\\/interamerica.org\\\/es\\\/2015\\\/03\\\/universidad-adventista-de-colombia-analiza-trasladar-su-campus-por-la-elevada-carga-impositiva\\\/\"},\"wordCount\":918,\"image\":{\"@id\":\"https:\\\/\\\/interamerica.org\\\/es\\\/2015\\\/03\\\/universidad-adventista-de-colombia-analiza-trasladar-su-campus-por-la-elevada-carga-impositiva\\\/#primaryimage\"},\"thumbnailUrl\":\"https:\\\/\\\/interamerica.org\\\/wp-content\\\/uploads\\\/2017\\\/06\\\/NOCU-flags.png\",\"articleSection\":[\"Desde la iglesia mundial\",\"RSS Espa\u00f1ol\"],\"inLanguage\":\"es\"},{\"@type\":\"WebPage\",\"@id\":\"https:\\\/\\\/interamerica.org\\\/es\\\/2015\\\/03\\\/universidad-adventista-de-colombia-analiza-trasladar-su-campus-por-la-elevada-carga-impositiva\\\/\",\"url\":\"https:\\\/\\\/interamerica.org\\\/es\\\/2015\\\/03\\\/universidad-adventista-de-colombia-analiza-trasladar-su-campus-por-la-elevada-carga-impositiva\\\/\",\"name\":\"Universidad Adventista de Colombia analiza trasladar su campus por la elevada carga impositiva - Iglesia Adventista del S\u00e9ptimo D\u00eda - Divisi\u00f3n Interamericana\",\"isPartOf\":{\"@id\":\"https:\\\/\\\/interamerica.org\\\/es\\\/#website\"},\"primaryImageOfPage\":{\"@id\":\"https:\\\/\\\/interamerica.org\\\/es\\\/2015\\\/03\\\/universidad-adventista-de-colombia-analiza-trasladar-su-campus-por-la-elevada-carga-impositiva\\\/#primaryimage\"},\"image\":{\"@id\":\"https:\\\/\\\/interamerica.org\\\/es\\\/2015\\\/03\\\/universidad-adventista-de-colombia-analiza-trasladar-su-campus-por-la-elevada-carga-impositiva\\\/#primaryimage\"},\"thumbnailUrl\":\"https:\\\/\\\/interamerica.org\\\/wp-content\\\/uploads\\\/2017\\\/06\\\/NOCU-flags.png\",\"datePublished\":\"2015-03-23T04:00:00+00:00\",\"author\":{\"@id\":\"https:\\\/\\\/interamerica.org\\\/es\\\/#\\\/schema\\\/person\\\/68ede8bdc292885bb76c1e3810e73c39\"},\"breadcrumb\":{\"@id\":\"https:\\\/\\\/interamerica.org\\\/es\\\/2015\\\/03\\\/universidad-adventista-de-colombia-analiza-trasladar-su-campus-por-la-elevada-carga-impositiva\\\/#breadcrumb\"},\"inLanguage\":\"es\",\"potentialAction\":[{\"@type\":\"ReadAction\",\"target\":[\"https:\\\/\\\/interamerica.org\\\/es\\\/2015\\\/03\\\/universidad-adventista-de-colombia-analiza-trasladar-su-campus-por-la-elevada-carga-impositiva\\\/\"]}]},{\"@type\":\"ImageObject\",\"inLanguage\":\"es\",\"@id\":\"https:\\\/\\\/interamerica.org\\\/es\\\/2015\\\/03\\\/universidad-adventista-de-colombia-analiza-trasladar-su-campus-por-la-elevada-carga-impositiva\\\/#primaryimage\",\"url\":\"https:\\\/\\\/interamerica.org\\\/wp-content\\\/uploads\\\/2017\\\/06\\\/NOCU-flags.png\",\"contentUrl\":\"https:\\\/\\\/interamerica.org\\\/wp-content\\\/uploads\\\/2017\\\/06\\\/NOCU-flags.png\",\"width\":300,\"height\":225},{\"@type\":\"BreadcrumbList\",\"@id\":\"https:\\\/\\\/interamerica.org\\\/es\\\/2015\\\/03\\\/universidad-adventista-de-colombia-analiza-trasladar-su-campus-por-la-elevada-carga-impositiva\\\/#breadcrumb\",\"itemListElement\":[{\"@type\":\"ListItem\",\"position\":1,\"name\":\"Home\",\"item\":\"https:\\\/\\\/interamerica.org\\\/es\\\/\"},{\"@type\":\"ListItem\",\"position\":2,\"name\":\"Universidad Adventista de Colombia analiza trasladar su campus por la elevada carga impositiva\"}]},{\"@type\":\"WebSite\",\"@id\":\"https:\\\/\\\/interamerica.org\\\/es\\\/#website\",\"url\":\"https:\\\/\\\/interamerica.org\\\/es\\\/\",\"name\":\"Iglesia Adventista del S\u00e9ptimo D\u00eda - Divisi\u00f3n Interamericana\",\"description\":\"\",\"potentialAction\":[{\"@type\":\"SearchAction\",\"target\":{\"@type\":\"EntryPoint\",\"urlTemplate\":\"https:\\\/\\\/interamerica.org\\\/es\\\/?s={search_term_string}\"},\"query-input\":{\"@type\":\"PropertyValueSpecification\",\"valueRequired\":true,\"valueName\":\"search_term_string\"}}],\"inLanguage\":\"es\"},{\"@type\":\"Person\",\"@id\":\"https:\\\/\\\/interamerica.org\\\/es\\\/#\\\/schema\\\/person\\\/68ede8bdc292885bb76c1e3810e73c39\",\"name\":\"Lorenzo Verduzco\",\"image\":{\"@type\":\"ImageObject\",\"inLanguage\":\"es\",\"@id\":\"https:\\\/\\\/secure.gravatar.com\\\/avatar\\\/fb81a55b6218459490a9c1dc841a34909185b81904c5337b4b27f7a6fd60c49e?s=96&d=mm&r=g\",\"url\":\"https:\\\/\\\/secure.gravatar.com\\\/avatar\\\/fb81a55b6218459490a9c1dc841a34909185b81904c5337b4b27f7a6fd60c49e?s=96&d=mm&r=g\",\"contentUrl\":\"https:\\\/\\\/secure.gravatar.com\\\/avatar\\\/fb81a55b6218459490a9c1dc841a34909185b81904c5337b4b27f7a6fd60c49e?s=96&d=mm&r=g\",\"caption\":\"Lorenzo Verduzco\"}}]}<\/script>\n<!-- \/ Yoast SEO plugin. -->","yoast_head_json":{"title":"Universidad Adventista de Colombia analiza trasladar su campus por la elevada carga impositiva - Iglesia Adventista del S\u00e9ptimo D\u00eda - Divisi\u00f3n Interamericana","robots":{"index":"index","follow":"follow","max-snippet":"max-snippet:-1","max-image-preview":"max-image-preview:large","max-video-preview":"max-video-preview:-1"},"canonical":"https:\/\/interamerica.org\/es\/2015\/03\/universidad-adventista-de-colombia-analiza-trasladar-su-campus-por-la-elevada-carga-impositiva\/","og_locale":"es_ES","og_type":"article","og_title":"Universidad Adventista de Colombia analiza trasladar su campus por la elevada carga impositiva - Iglesia Adventista del S\u00e9ptimo D\u00eda - Divisi\u00f3n Interamericana","og_description":"La Universidad Adventista de Colombia est\u00e1 buscando trasladar su campus desde Medell\u00edn, b\u00e1sicamente debido a la elevada carga impositiva, pero la medida pendiente no ha interrumpido su s\u00f3lido programa misionero comunitario, por el que cientos de estudiantes comparten a Cristo en la animada ciudad y muestran inter\u00e9s en trabajar en el extranjero.  Colombia mismo ha llegado a ser un refugio de la libertad religiosa, un hecho que los l\u00edderes de la Iglesia Adventista celebraron en una conferencia durante el fin de semana, a la que asistieron cinco mil personas.","og_url":"https:\/\/interamerica.org\/es\/2015\/03\/universidad-adventista-de-colombia-analiza-trasladar-su-campus-por-la-elevada-carga-impositiva\/","og_site_name":"Iglesia Adventista del S\u00e9ptimo D\u00eda - Divisi\u00f3n Interamericana","article_published_time":"2015-03-23T04:00:00+00:00","og_image":[{"width":300,"height":225,"url":"https:\/\/interamerica.org\/wp-content\/uploads\/2017\/06\/NOCU-flags.png","type":"image\/png"}],"author":"Lorenzo Verduzco","twitter_card":"summary_large_image","twitter_misc":{"Escrito por":"Lorenzo Verduzco","Tiempo de lectura":"5 minutos"},"schema":{"@context":"https:\/\/schema.org","@graph":[{"@type":"Article","@id":"https:\/\/interamerica.org\/es\/2015\/03\/universidad-adventista-de-colombia-analiza-trasladar-su-campus-por-la-elevada-carga-impositiva\/#article","isPartOf":{"@id":"https:\/\/interamerica.org\/es\/2015\/03\/universidad-adventista-de-colombia-analiza-trasladar-su-campus-por-la-elevada-carga-impositiva\/"},"author":{"name":"Lorenzo Verduzco","@id":"https:\/\/interamerica.org\/es\/#\/schema\/person\/68ede8bdc292885bb76c1e3810e73c39"},"headline":"Universidad Adventista de Colombia analiza trasladar su campus por la elevada carga impositiva","datePublished":"2015-03-23T04:00:00+00:00","mainEntityOfPage":{"@id":"https:\/\/interamerica.org\/es\/2015\/03\/universidad-adventista-de-colombia-analiza-trasladar-su-campus-por-la-elevada-carga-impositiva\/"},"wordCount":918,"image":{"@id":"https:\/\/interamerica.org\/es\/2015\/03\/universidad-adventista-de-colombia-analiza-trasladar-su-campus-por-la-elevada-carga-impositiva\/#primaryimage"},"thumbnailUrl":"https:\/\/interamerica.org\/wp-content\/uploads\/2017\/06\/NOCU-flags.png","articleSection":["Desde la iglesia mundial","RSS Espa\u00f1ol"],"inLanguage":"es"},{"@type":"WebPage","@id":"https:\/\/interamerica.org\/es\/2015\/03\/universidad-adventista-de-colombia-analiza-trasladar-su-campus-por-la-elevada-carga-impositiva\/","url":"https:\/\/interamerica.org\/es\/2015\/03\/universidad-adventista-de-colombia-analiza-trasladar-su-campus-por-la-elevada-carga-impositiva\/","name":"Universidad Adventista de Colombia analiza trasladar su campus por la elevada carga impositiva - Iglesia Adventista del S\u00e9ptimo D\u00eda - Divisi\u00f3n Interamericana","isPartOf":{"@id":"https:\/\/interamerica.org\/es\/#website"},"primaryImageOfPage":{"@id":"https:\/\/interamerica.org\/es\/2015\/03\/universidad-adventista-de-colombia-analiza-trasladar-su-campus-por-la-elevada-carga-impositiva\/#primaryimage"},"image":{"@id":"https:\/\/interamerica.org\/es\/2015\/03\/universidad-adventista-de-colombia-analiza-trasladar-su-campus-por-la-elevada-carga-impositiva\/#primaryimage"},"thumbnailUrl":"https:\/\/interamerica.org\/wp-content\/uploads\/2017\/06\/NOCU-flags.png","datePublished":"2015-03-23T04:00:00+00:00","author":{"@id":"https:\/\/interamerica.org\/es\/#\/schema\/person\/68ede8bdc292885bb76c1e3810e73c39"},"breadcrumb":{"@id":"https:\/\/interamerica.org\/es\/2015\/03\/universidad-adventista-de-colombia-analiza-trasladar-su-campus-por-la-elevada-carga-impositiva\/#breadcrumb"},"inLanguage":"es","potentialAction":[{"@type":"ReadAction","target":["https:\/\/interamerica.org\/es\/2015\/03\/universidad-adventista-de-colombia-analiza-trasladar-su-campus-por-la-elevada-carga-impositiva\/"]}]},{"@type":"ImageObject","inLanguage":"es","@id":"https:\/\/interamerica.org\/es\/2015\/03\/universidad-adventista-de-colombia-analiza-trasladar-su-campus-por-la-elevada-carga-impositiva\/#primaryimage","url":"https:\/\/interamerica.org\/wp-content\/uploads\/2017\/06\/NOCU-flags.png","contentUrl":"https:\/\/interamerica.org\/wp-content\/uploads\/2017\/06\/NOCU-flags.png","width":300,"height":225},{"@type":"BreadcrumbList","@id":"https:\/\/interamerica.org\/es\/2015\/03\/universidad-adventista-de-colombia-analiza-trasladar-su-campus-por-la-elevada-carga-impositiva\/#breadcrumb","itemListElement":[{"@type":"ListItem","position":1,"name":"Home","item":"https:\/\/interamerica.org\/es\/"},{"@type":"ListItem","position":2,"name":"Universidad Adventista de Colombia analiza trasladar su campus por la elevada carga impositiva"}]},{"@type":"WebSite","@id":"https:\/\/interamerica.org\/es\/#website","url":"https:\/\/interamerica.org\/es\/","name":"Iglesia Adventista del S\u00e9ptimo D\u00eda - Divisi\u00f3n Interamericana","description":"","potentialAction":[{"@type":"SearchAction","target":{"@type":"EntryPoint","urlTemplate":"https:\/\/interamerica.org\/es\/?s={search_term_string}"},"query-input":{"@type":"PropertyValueSpecification","valueRequired":true,"valueName":"search_term_string"}}],"inLanguage":"es"},{"@type":"Person","@id":"https:\/\/interamerica.org\/es\/#\/schema\/person\/68ede8bdc292885bb76c1e3810e73c39","name":"Lorenzo Verduzco","image":{"@type":"ImageObject","inLanguage":"es","@id":"https:\/\/secure.gravatar.com\/avatar\/fb81a55b6218459490a9c1dc841a34909185b81904c5337b4b27f7a6fd60c49e?s=96&d=mm&r=g","url":"https:\/\/secure.gravatar.com\/avatar\/fb81a55b6218459490a9c1dc841a34909185b81904c5337b4b27f7a6fd60c49e?s=96&d=mm&r=g","contentUrl":"https:\/\/secure.gravatar.com\/avatar\/fb81a55b6218459490a9c1dc841a34909185b81904c5337b4b27f7a6fd60c49e?s=96&d=mm&r=g","caption":"Lorenzo Verduzco"}}]}},"_links":{"self":[{"href":"https:\/\/interamerica.org\/es\/wp-json\/wp\/v2\/posts\/30766","targetHints":{"allow":["GET"]}}],"collection":[{"href":"https:\/\/interamerica.org\/es\/wp-json\/wp\/v2\/posts"}],"about":[{"href":"https:\/\/interamerica.org\/es\/wp-json\/wp\/v2\/types\/post"}],"author":[{"embeddable":true,"href":"https:\/\/interamerica.org\/es\/wp-json\/wp\/v2\/users\/1"}],"replies":[{"embeddable":true,"href":"https:\/\/interamerica.org\/es\/wp-json\/wp\/v2\/comments?post=30766"}],"version-history":[{"count":0,"href":"https:\/\/interamerica.org\/es\/wp-json\/wp\/v2\/posts\/30766\/revisions"}],"wp:featuredmedia":[{"embeddable":true,"href":"https:\/\/interamerica.org\/es\/wp-json\/wp\/v2\/media\/24768"}],"wp:attachment":[{"href":"https:\/\/interamerica.org\/es\/wp-json\/wp\/v2\/media?parent=30766"}],"wp:term":[{"taxonomy":"category","embeddable":true,"href":"https:\/\/interamerica.org\/es\/wp-json\/wp\/v2\/categories?post=30766"},{"taxonomy":"post_tag","embeddable":true,"href":"https:\/\/interamerica.org\/es\/wp-json\/wp\/v2\/tags?post=30766"}],"curies":[{"name":"wp","href":"https:\/\/api.w.org\/{rel}","templated":true}]}}