{"id":30767,"date":"2015-03-24T00:00:00","date_gmt":"2015-03-24T04:00:00","guid":{"rendered":"http:\/\/192.81.217.108\/interamerica\/2015\/03\/adventistas-oraran-100-dias-por-la-sesion-de-la-asociacion-general\/"},"modified":"2015-03-24T00:00:00","modified_gmt":"2015-03-24T04:00:00","slug":"adventistas-oraran-100-dias-por-la-sesion-de-la-asociacion-general","status":"publish","type":"post","link":"https:\/\/interamerica.org\/es\/2015\/03\/adventistas-oraran-100-dias-por-la-sesion-de-la-asociacion-general\/","title":{"rendered":"Adventistas orar\u00e1n 100 d\u00edas por la Sesi\u00f3n de la Asociaci\u00f3n General"},"content":{"rendered":"<div id=\"attachment_15898\" style=\"width: 610px\" class=\"wp-caption aligncenter\"><a href=\"\/interamerica\/wp-content\/uploads\/2017\/06\/prayerreview600.png\" rel=\"fancybox\" title=\"Adventistas orar\u00e1n 100 d\u00edas por la Sesi\u00f3n de la Asociaci\u00f3n General\"><img fetchpriority=\"high\" decoding=\"async\" aria-describedby=\"caption-attachment-15898\" class=\"size-full wp-image-15898\" src=\"\/interamerica\/wp-content\/uploads\/2017\/06\/prayerreview600.png\" alt=\"\" width=\"600\" height=\"466\" \/><\/a><p id=\"caption-attachment-15898\" class=\"wp-caption-text\">El programa de 100 D\u00edas de Oraci\u00f3n, que se inicia el 25 de marzo, intenta lograr \u201clo que pudo haber sido\u201d.<\/p><\/div>\n<p>22 de marzo de 2015 | Silver Spring, Maryland, Estados Unidos | Andrew McChesney, jefe de redacci\u00f3n de noticias, Adventist Review<\/p>\n<p>Los creyentes adventistas en todo el mundo estar\u00e1n muy pronto orando por el derramamiento del Esp\u00edritu Santo sobre la pr\u00f3xima sesi\u00f3n de la Asociaci\u00f3n General, como parte de un llamado a la renovaci\u00f3n espiritual y la preparaci\u00f3n para la venida de Jes\u00fas.<\/p>\n<p>El prop\u00f3sito del programa de 100 D\u00edas de Oraci\u00f3n, que se inicia el 25 de marzo, es llevar a cabo un plan que la cofundadora de la Iglesia Adventista, Elena G. White, dijo que Dios no hab\u00eda podido realizar en favor de la iglesia en la sesi\u00f3n de la Asociaci\u00f3n General de 1901, celebrada en Battle Creek, M\u00edchigan.<\/p>\n<p>Dios hab\u00eda planificado llevar a cabo una profunda renovaci\u00f3n espiritual y transformar vidas mientras los asistentes se reconciliaban mutuamente a trav\u00e9s de la humildad y la confesi\u00f3n de sus pecados en la sesi\u00f3n de 1901, dijo Elena G. White al despertar de una visi\u00f3n conocida como \u201cLo que pudo haber sido\u201d.<br \/>\n<strong>Lee la descripci\u00f3n de Elena G. White de \u201cLo que pudo haber sido\u201d.<\/strong><\/p>\n<p>Pero el avance no se logr\u00f3 por la dureza de coraz\u00f3n de los participantes que obstaculizaron la unidad que Dios quer\u00eda que se alcanzara, dijo ella.<\/p>\n<p>\u201cProfundamente decepcionada, Elena G White comprendi\u00f3 que el Se\u00f1or pudo haber regresado en vida de aquellos miembros, pero su pueblo no respondi\u00f3 al llamado del Esp\u00edritu como debi\u00f3 haberlo hecho\u201d, dijo en una declaraci\u00f3n la Asociaci\u00f3n Ministerial de la Asociaci\u00f3n General, quien est\u00e1 organizando los 100 D\u00edas de Oraci\u00f3n.<\/p>\n<p>El programa<a href=\"http:\/\/100daysofprayer.org\/register\/\">100 D\u00edas de Oraci\u00f3n<\/a> invita a los creyentes adventistas a dedicar un tiempo cada d\u00eda a orar por el derramamiento del Esp\u00edritu Santo, en favor de los dirigentes de la iglesia y de las decisiones que se tomar\u00e1n en la Sesi\u00f3n de la Asociaci\u00f3n General 2015, la sesi\u00f3n de negocios quinquenal de la Iglesia Adventista mundial. Esta iniciativa de oraci\u00f3n se llevar\u00e1 a cabo hasta el d\u00eda 11 de julio, que marca el final de la sesi\u00f3n del 2015, en San Antonio, Texas.<\/p>\n<p>Las personas pueden inscribirse para recibir diariamente un correo electr\u00f3nico de parte de la Asociaci\u00f3n Ministerial, comenzando el 25 de marzo, pulsando en su sitio electr\u00f3nico 100DaysofPrayer.org. El mensaje recibido incluir\u00e1 mensajes pr\u00e1cticos, de inspiraci\u00f3n en la vida real, una lista rotativa de nombres de dirigentes de la iglesia para ponerlos en oraci\u00f3n y una lista de importantes necesidades para recordar en oraci\u00f3n, al hacerse los preparativos para la sesi\u00f3n de la Asociaci\u00f3n General. Los participantes pueden inscribirse como personas individuales, o como iglesias, grupos peque\u00f1os o escuelas.<\/p>\n<p><a href=\"http:\/\/100daysofprayer.org\/register\/\"><strong>Inscr\u00edbete aqu\u00ed para los diarios mensajes electr\u00f3nicos<\/strong><\/a><\/p>\n<p>Jerry Page, quien encabeza la Asociaci\u00f3n Ministerial, dijo que \u00e9l estaba orando por un derramamiento del Esp\u00edritu Santo \u2014similar al que los disc\u00edpulos de Jes\u00fas experimentaron en el aposento alto descrito en Hechos 2\u2014 durante la sesi\u00f3n de la Asociaci\u00f3n General.<\/p>\n<p>\u201cEstamos conscientes de que deben tomarse grandes decisiones y deben escucharse diferentes opiniones\u201d, dijo Jerry Page. \u201cEstamos orando porque esas reuniones vitales sean la ocasi\u00f3n cuando Dios penetre en el coraz\u00f3n de las personas y, como en el libro de Hechos, encienda la pasi\u00f3n por dar a conocer las buenas nuevas de salvaci\u00f3n a todos en todo el mundo\u201d.<\/p>\n<p>Pero la mayor esperanza de los dirigentes de la iglesia es que la sesi\u00f3n del 2015, no repita lo ocurrido en 1901 \u2014 y que Jes\u00fas venga muy pronto.<\/p>\n","protected":false},"excerpt":{"rendered":"<p>Los creyentes adventistas en todo el mundo estar\u00e1n muy pronto orando por el derramamiento del Esp\u00edritu Santo sobre la pr\u00f3xima sesi\u00f3n de la Asociaci\u00f3n General, como parte de un llamado a la renovaci\u00f3n espiritual y la preparaci\u00f3n para la venida de Jes\u00fas.  <\/p>\n<p>El prop\u00f3sito del programa de 100 D\u00edas de Oraci\u00f3n, que se inicia el 25 de marzo, es llevar a cabo un plan que la cofundadora de la Iglesia Adventista, Elena G. White, dijo que Dios no hab\u00eda podido realizar en favor de la iglesia en la sesi\u00f3n de la Asociaci\u00f3n General de 1901, celebrada en Battle Creek, M\u00edchigan.<\/p>\n","protected":false},"author":1,"featured_media":24787,"comment_status":"closed","ping_status":"closed","sticky":false,"template":"","format":"standard","meta":{"_acf_changed":false,"footnotes":""},"categories":[14,15],"tags":[],"class_list":["post-30767","post","type-post","status-publish","format-standard","has-post-thumbnail","hentry","category-de-la-iglesia-mundial","category-rss-espanol"],"acf":[],"yoast_head":"<!-- This site is optimized with the Yoast SEO plugin v27.3 - https:\/\/yoast.com\/product\/yoast-seo-wordpress\/ -->\n<title>Adventistas orar\u00e1n 100 d\u00edas por la Sesi\u00f3n de la Asociaci\u00f3n General - Iglesia Adventista del S\u00e9ptimo D\u00eda - Divisi\u00f3n Interamericana<\/title>\n<meta name=\"robots\" content=\"index, follow, max-snippet:-1, max-image-preview:large, max-video-preview:-1\" \/>\n<link rel=\"canonical\" href=\"https:\/\/interamerica.org\/es\/2015\/03\/adventistas-oraran-100-dias-por-la-sesion-de-la-asociacion-general\/\" \/>\n<meta property=\"og:locale\" content=\"es_ES\" \/>\n<meta property=\"og:type\" content=\"article\" \/>\n<meta property=\"og:title\" content=\"Adventistas orar\u00e1n 100 d\u00edas por la Sesi\u00f3n de la Asociaci\u00f3n General - Iglesia Adventista del S\u00e9ptimo D\u00eda - Divisi\u00f3n Interamericana\" \/>\n<meta property=\"og:description\" content=\"Los creyentes adventistas en todo el mundo estar\u00e1n muy pronto orando por el derramamiento del Esp\u00edritu Santo sobre la pr\u00f3xima sesi\u00f3n de la Asociaci\u00f3n General, como parte de un llamado a la renovaci\u00f3n espiritual y la preparaci\u00f3n para la venida de Jes\u00fas.  El prop\u00f3sito del programa de 100 D\u00edas de Oraci\u00f3n, que se inicia el 25 de marzo, es llevar a cabo un plan que la cofundadora de la Iglesia Adventista, Elena G. White, dijo que Dios no hab\u00eda podido realizar en favor de la iglesia en la sesi\u00f3n de la Asociaci\u00f3n General de 1901, celebrada en Battle Creek, M\u00edchigan.\" \/>\n<meta property=\"og:url\" content=\"https:\/\/interamerica.org\/es\/2015\/03\/adventistas-oraran-100-dias-por-la-sesion-de-la-asociacion-general\/\" \/>\n<meta property=\"og:site_name\" content=\"Iglesia Adventista del S\u00e9ptimo D\u00eda - Divisi\u00f3n Interamericana\" \/>\n<meta property=\"article:published_time\" content=\"2015-03-24T04:00:00+00:00\" \/>\n<meta property=\"og:image\" content=\"https:\/\/interamerica.org\/wp-content\/uploads\/2017\/06\/prayerreview300.png\" \/>\n\t<meta property=\"og:image:width\" content=\"300\" \/>\n\t<meta property=\"og:image:height\" content=\"233\" \/>\n\t<meta property=\"og:image:type\" content=\"image\/png\" \/>\n<meta name=\"author\" content=\"Lorenzo Verduzco\" \/>\n<meta name=\"twitter:card\" content=\"summary_large_image\" \/>\n<meta name=\"twitter:label1\" content=\"Escrito por\" \/>\n\t<meta name=\"twitter:data1\" content=\"Lorenzo Verduzco\" \/>\n\t<meta name=\"twitter:label2\" content=\"Tiempo de lectura\" \/>\n\t<meta name=\"twitter:data2\" content=\"3 minutos\" \/>\n<script type=\"application\/ld+json\" class=\"yoast-schema-graph\">{\"@context\":\"https:\\\/\\\/schema.org\",\"@graph\":[{\"@type\":\"Article\",\"@id\":\"https:\\\/\\\/interamerica.org\\\/es\\\/2015\\\/03\\\/adventistas-oraran-100-dias-por-la-sesion-de-la-asociacion-general\\\/#article\",\"isPartOf\":{\"@id\":\"https:\\\/\\\/interamerica.org\\\/es\\\/2015\\\/03\\\/adventistas-oraran-100-dias-por-la-sesion-de-la-asociacion-general\\\/\"},\"author\":{\"name\":\"Lorenzo Verduzco\",\"@id\":\"https:\\\/\\\/interamerica.org\\\/es\\\/#\\\/schema\\\/person\\\/68ede8bdc292885bb76c1e3810e73c39\"},\"headline\":\"Adventistas orar\u00e1n 100 d\u00edas por la Sesi\u00f3n de la Asociaci\u00f3n General\",\"datePublished\":\"2015-03-24T04:00:00+00:00\",\"mainEntityOfPage\":{\"@id\":\"https:\\\/\\\/interamerica.org\\\/es\\\/2015\\\/03\\\/adventistas-oraran-100-dias-por-la-sesion-de-la-asociacion-general\\\/\"},\"wordCount\":661,\"image\":{\"@id\":\"https:\\\/\\\/interamerica.org\\\/es\\\/2015\\\/03\\\/adventistas-oraran-100-dias-por-la-sesion-de-la-asociacion-general\\\/#primaryimage\"},\"thumbnailUrl\":\"https:\\\/\\\/interamerica.org\\\/wp-content\\\/uploads\\\/2017\\\/06\\\/prayerreview300.png\",\"articleSection\":[\"Desde la iglesia mundial\",\"RSS Espa\u00f1ol\"],\"inLanguage\":\"es\"},{\"@type\":\"WebPage\",\"@id\":\"https:\\\/\\\/interamerica.org\\\/es\\\/2015\\\/03\\\/adventistas-oraran-100-dias-por-la-sesion-de-la-asociacion-general\\\/\",\"url\":\"https:\\\/\\\/interamerica.org\\\/es\\\/2015\\\/03\\\/adventistas-oraran-100-dias-por-la-sesion-de-la-asociacion-general\\\/\",\"name\":\"Adventistas orar\u00e1n 100 d\u00edas por la Sesi\u00f3n de la Asociaci\u00f3n General - Iglesia Adventista del S\u00e9ptimo D\u00eda - Divisi\u00f3n Interamericana\",\"isPartOf\":{\"@id\":\"https:\\\/\\\/interamerica.org\\\/es\\\/#website\"},\"primaryImageOfPage\":{\"@id\":\"https:\\\/\\\/interamerica.org\\\/es\\\/2015\\\/03\\\/adventistas-oraran-100-dias-por-la-sesion-de-la-asociacion-general\\\/#primaryimage\"},\"image\":{\"@id\":\"https:\\\/\\\/interamerica.org\\\/es\\\/2015\\\/03\\\/adventistas-oraran-100-dias-por-la-sesion-de-la-asociacion-general\\\/#primaryimage\"},\"thumbnailUrl\":\"https:\\\/\\\/interamerica.org\\\/wp-content\\\/uploads\\\/2017\\\/06\\\/prayerreview300.png\",\"datePublished\":\"2015-03-24T04:00:00+00:00\",\"author\":{\"@id\":\"https:\\\/\\\/interamerica.org\\\/es\\\/#\\\/schema\\\/person\\\/68ede8bdc292885bb76c1e3810e73c39\"},\"breadcrumb\":{\"@id\":\"https:\\\/\\\/interamerica.org\\\/es\\\/2015\\\/03\\\/adventistas-oraran-100-dias-por-la-sesion-de-la-asociacion-general\\\/#breadcrumb\"},\"inLanguage\":\"es\",\"potentialAction\":[{\"@type\":\"ReadAction\",\"target\":[\"https:\\\/\\\/interamerica.org\\\/es\\\/2015\\\/03\\\/adventistas-oraran-100-dias-por-la-sesion-de-la-asociacion-general\\\/\"]}]},{\"@type\":\"ImageObject\",\"inLanguage\":\"es\",\"@id\":\"https:\\\/\\\/interamerica.org\\\/es\\\/2015\\\/03\\\/adventistas-oraran-100-dias-por-la-sesion-de-la-asociacion-general\\\/#primaryimage\",\"url\":\"https:\\\/\\\/interamerica.org\\\/wp-content\\\/uploads\\\/2017\\\/06\\\/prayerreview300.png\",\"contentUrl\":\"https:\\\/\\\/interamerica.org\\\/wp-content\\\/uploads\\\/2017\\\/06\\\/prayerreview300.png\",\"width\":300,\"height\":233},{\"@type\":\"BreadcrumbList\",\"@id\":\"https:\\\/\\\/interamerica.org\\\/es\\\/2015\\\/03\\\/adventistas-oraran-100-dias-por-la-sesion-de-la-asociacion-general\\\/#breadcrumb\",\"itemListElement\":[{\"@type\":\"ListItem\",\"position\":1,\"name\":\"Home\",\"item\":\"https:\\\/\\\/interamerica.org\\\/es\\\/\"},{\"@type\":\"ListItem\",\"position\":2,\"name\":\"Adventistas orar\u00e1n 100 d\u00edas por la Sesi\u00f3n de la Asociaci\u00f3n General\"}]},{\"@type\":\"WebSite\",\"@id\":\"https:\\\/\\\/interamerica.org\\\/es\\\/#website\",\"url\":\"https:\\\/\\\/interamerica.org\\\/es\\\/\",\"name\":\"Iglesia Adventista del S\u00e9ptimo D\u00eda - Divisi\u00f3n Interamericana\",\"description\":\"\",\"potentialAction\":[{\"@type\":\"SearchAction\",\"target\":{\"@type\":\"EntryPoint\",\"urlTemplate\":\"https:\\\/\\\/interamerica.org\\\/es\\\/?s={search_term_string}\"},\"query-input\":{\"@type\":\"PropertyValueSpecification\",\"valueRequired\":true,\"valueName\":\"search_term_string\"}}],\"inLanguage\":\"es\"},{\"@type\":\"Person\",\"@id\":\"https:\\\/\\\/interamerica.org\\\/es\\\/#\\\/schema\\\/person\\\/68ede8bdc292885bb76c1e3810e73c39\",\"name\":\"Lorenzo Verduzco\",\"image\":{\"@type\":\"ImageObject\",\"inLanguage\":\"es\",\"@id\":\"https:\\\/\\\/secure.gravatar.com\\\/avatar\\\/fb81a55b6218459490a9c1dc841a34909185b81904c5337b4b27f7a6fd60c49e?s=96&d=mm&r=g\",\"url\":\"https:\\\/\\\/secure.gravatar.com\\\/avatar\\\/fb81a55b6218459490a9c1dc841a34909185b81904c5337b4b27f7a6fd60c49e?s=96&d=mm&r=g\",\"contentUrl\":\"https:\\\/\\\/secure.gravatar.com\\\/avatar\\\/fb81a55b6218459490a9c1dc841a34909185b81904c5337b4b27f7a6fd60c49e?s=96&d=mm&r=g\",\"caption\":\"Lorenzo Verduzco\"}}]}<\/script>\n<!-- \/ Yoast SEO plugin. -->","yoast_head_json":{"title":"Adventistas orar\u00e1n 100 d\u00edas por la Sesi\u00f3n de la Asociaci\u00f3n General - Iglesia Adventista del S\u00e9ptimo D\u00eda - Divisi\u00f3n Interamericana","robots":{"index":"index","follow":"follow","max-snippet":"max-snippet:-1","max-image-preview":"max-image-preview:large","max-video-preview":"max-video-preview:-1"},"canonical":"https:\/\/interamerica.org\/es\/2015\/03\/adventistas-oraran-100-dias-por-la-sesion-de-la-asociacion-general\/","og_locale":"es_ES","og_type":"article","og_title":"Adventistas orar\u00e1n 100 d\u00edas por la Sesi\u00f3n de la Asociaci\u00f3n General - Iglesia Adventista del S\u00e9ptimo D\u00eda - Divisi\u00f3n Interamericana","og_description":"Los creyentes adventistas en todo el mundo estar\u00e1n muy pronto orando por el derramamiento del Esp\u00edritu Santo sobre la pr\u00f3xima sesi\u00f3n de la Asociaci\u00f3n General, como parte de un llamado a la renovaci\u00f3n espiritual y la preparaci\u00f3n para la venida de Jes\u00fas.  El prop\u00f3sito del programa de 100 D\u00edas de Oraci\u00f3n, que se inicia el 25 de marzo, es llevar a cabo un plan que la cofundadora de la Iglesia Adventista, Elena G. White, dijo que Dios no hab\u00eda podido realizar en favor de la iglesia en la sesi\u00f3n de la Asociaci\u00f3n General de 1901, celebrada en Battle Creek, M\u00edchigan.","og_url":"https:\/\/interamerica.org\/es\/2015\/03\/adventistas-oraran-100-dias-por-la-sesion-de-la-asociacion-general\/","og_site_name":"Iglesia Adventista del S\u00e9ptimo D\u00eda - Divisi\u00f3n Interamericana","article_published_time":"2015-03-24T04:00:00+00:00","og_image":[{"width":300,"height":233,"url":"https:\/\/interamerica.org\/wp-content\/uploads\/2017\/06\/prayerreview300.png","type":"image\/png"}],"author":"Lorenzo Verduzco","twitter_card":"summary_large_image","twitter_misc":{"Escrito por":"Lorenzo Verduzco","Tiempo de lectura":"3 minutos"},"schema":{"@context":"https:\/\/schema.org","@graph":[{"@type":"Article","@id":"https:\/\/interamerica.org\/es\/2015\/03\/adventistas-oraran-100-dias-por-la-sesion-de-la-asociacion-general\/#article","isPartOf":{"@id":"https:\/\/interamerica.org\/es\/2015\/03\/adventistas-oraran-100-dias-por-la-sesion-de-la-asociacion-general\/"},"author":{"name":"Lorenzo Verduzco","@id":"https:\/\/interamerica.org\/es\/#\/schema\/person\/68ede8bdc292885bb76c1e3810e73c39"},"headline":"Adventistas orar\u00e1n 100 d\u00edas por la Sesi\u00f3n de la Asociaci\u00f3n General","datePublished":"2015-03-24T04:00:00+00:00","mainEntityOfPage":{"@id":"https:\/\/interamerica.org\/es\/2015\/03\/adventistas-oraran-100-dias-por-la-sesion-de-la-asociacion-general\/"},"wordCount":661,"image":{"@id":"https:\/\/interamerica.org\/es\/2015\/03\/adventistas-oraran-100-dias-por-la-sesion-de-la-asociacion-general\/#primaryimage"},"thumbnailUrl":"https:\/\/interamerica.org\/wp-content\/uploads\/2017\/06\/prayerreview300.png","articleSection":["Desde la iglesia mundial","RSS Espa\u00f1ol"],"inLanguage":"es"},{"@type":"WebPage","@id":"https:\/\/interamerica.org\/es\/2015\/03\/adventistas-oraran-100-dias-por-la-sesion-de-la-asociacion-general\/","url":"https:\/\/interamerica.org\/es\/2015\/03\/adventistas-oraran-100-dias-por-la-sesion-de-la-asociacion-general\/","name":"Adventistas orar\u00e1n 100 d\u00edas por la Sesi\u00f3n de la Asociaci\u00f3n General - Iglesia Adventista del S\u00e9ptimo D\u00eda - Divisi\u00f3n Interamericana","isPartOf":{"@id":"https:\/\/interamerica.org\/es\/#website"},"primaryImageOfPage":{"@id":"https:\/\/interamerica.org\/es\/2015\/03\/adventistas-oraran-100-dias-por-la-sesion-de-la-asociacion-general\/#primaryimage"},"image":{"@id":"https:\/\/interamerica.org\/es\/2015\/03\/adventistas-oraran-100-dias-por-la-sesion-de-la-asociacion-general\/#primaryimage"},"thumbnailUrl":"https:\/\/interamerica.org\/wp-content\/uploads\/2017\/06\/prayerreview300.png","datePublished":"2015-03-24T04:00:00+00:00","author":{"@id":"https:\/\/interamerica.org\/es\/#\/schema\/person\/68ede8bdc292885bb76c1e3810e73c39"},"breadcrumb":{"@id":"https:\/\/interamerica.org\/es\/2015\/03\/adventistas-oraran-100-dias-por-la-sesion-de-la-asociacion-general\/#breadcrumb"},"inLanguage":"es","potentialAction":[{"@type":"ReadAction","target":["https:\/\/interamerica.org\/es\/2015\/03\/adventistas-oraran-100-dias-por-la-sesion-de-la-asociacion-general\/"]}]},{"@type":"ImageObject","inLanguage":"es","@id":"https:\/\/interamerica.org\/es\/2015\/03\/adventistas-oraran-100-dias-por-la-sesion-de-la-asociacion-general\/#primaryimage","url":"https:\/\/interamerica.org\/wp-content\/uploads\/2017\/06\/prayerreview300.png","contentUrl":"https:\/\/interamerica.org\/wp-content\/uploads\/2017\/06\/prayerreview300.png","width":300,"height":233},{"@type":"BreadcrumbList","@id":"https:\/\/interamerica.org\/es\/2015\/03\/adventistas-oraran-100-dias-por-la-sesion-de-la-asociacion-general\/#breadcrumb","itemListElement":[{"@type":"ListItem","position":1,"name":"Home","item":"https:\/\/interamerica.org\/es\/"},{"@type":"ListItem","position":2,"name":"Adventistas orar\u00e1n 100 d\u00edas por la Sesi\u00f3n de la Asociaci\u00f3n General"}]},{"@type":"WebSite","@id":"https:\/\/interamerica.org\/es\/#website","url":"https:\/\/interamerica.org\/es\/","name":"Iglesia Adventista del S\u00e9ptimo D\u00eda - Divisi\u00f3n Interamericana","description":"","potentialAction":[{"@type":"SearchAction","target":{"@type":"EntryPoint","urlTemplate":"https:\/\/interamerica.org\/es\/?s={search_term_string}"},"query-input":{"@type":"PropertyValueSpecification","valueRequired":true,"valueName":"search_term_string"}}],"inLanguage":"es"},{"@type":"Person","@id":"https:\/\/interamerica.org\/es\/#\/schema\/person\/68ede8bdc292885bb76c1e3810e73c39","name":"Lorenzo Verduzco","image":{"@type":"ImageObject","inLanguage":"es","@id":"https:\/\/secure.gravatar.com\/avatar\/fb81a55b6218459490a9c1dc841a34909185b81904c5337b4b27f7a6fd60c49e?s=96&d=mm&r=g","url":"https:\/\/secure.gravatar.com\/avatar\/fb81a55b6218459490a9c1dc841a34909185b81904c5337b4b27f7a6fd60c49e?s=96&d=mm&r=g","contentUrl":"https:\/\/secure.gravatar.com\/avatar\/fb81a55b6218459490a9c1dc841a34909185b81904c5337b4b27f7a6fd60c49e?s=96&d=mm&r=g","caption":"Lorenzo Verduzco"}}]}},"_links":{"self":[{"href":"https:\/\/interamerica.org\/es\/wp-json\/wp\/v2\/posts\/30767","targetHints":{"allow":["GET"]}}],"collection":[{"href":"https:\/\/interamerica.org\/es\/wp-json\/wp\/v2\/posts"}],"about":[{"href":"https:\/\/interamerica.org\/es\/wp-json\/wp\/v2\/types\/post"}],"author":[{"embeddable":true,"href":"https:\/\/interamerica.org\/es\/wp-json\/wp\/v2\/users\/1"}],"replies":[{"embeddable":true,"href":"https:\/\/interamerica.org\/es\/wp-json\/wp\/v2\/comments?post=30767"}],"version-history":[{"count":0,"href":"https:\/\/interamerica.org\/es\/wp-json\/wp\/v2\/posts\/30767\/revisions"}],"wp:featuredmedia":[{"embeddable":true,"href":"https:\/\/interamerica.org\/es\/wp-json\/wp\/v2\/media\/24787"}],"wp:attachment":[{"href":"https:\/\/interamerica.org\/es\/wp-json\/wp\/v2\/media?parent=30767"}],"wp:term":[{"taxonomy":"category","embeddable":true,"href":"https:\/\/interamerica.org\/es\/wp-json\/wp\/v2\/categories?post=30767"},{"taxonomy":"post_tag","embeddable":true,"href":"https:\/\/interamerica.org\/es\/wp-json\/wp\/v2\/tags?post=30767"}],"curies":[{"name":"wp","href":"https:\/\/api.w.org\/{rel}","templated":true}]}}