{"id":30768,"date":"2015-03-24T00:00:00","date_gmt":"2015-03-24T04:00:00","guid":{"rendered":"http:\/\/192.81.217.108\/interamerica\/2015\/03\/en-colombia-adventistas-hacen-sonreir-a-miles-en-medellin\/"},"modified":"2015-03-24T00:00:00","modified_gmt":"2015-03-24T04:00:00","slug":"en-colombia-adventistas-hacen-sonreir-a-miles-en-medellin","status":"publish","type":"post","link":"https:\/\/interamerica.org\/es\/2015\/03\/en-colombia-adventistas-hacen-sonreir-a-miles-en-medellin\/","title":{"rendered":"En Colombia, adventistas hacen sonre\u00edr a miles en Medell\u00edn"},"content":{"rendered":"<div id=\"attachment_15946\" style=\"width: 610px\" class=\"wp-caption aligncenter\"><a href=\"\/interamerica\/wp-content\/uploads\/2017\/06\/NOCU-balloons.png\" rel=\"fancybox\" title=\"En Colombia, adventistas hacen sonre\u00edr a miles en Medell\u00edn\"><img fetchpriority=\"high\" decoding=\"async\" aria-describedby=\"caption-attachment-15946\" class=\"size-full wp-image-15946\" src=\"\/interamerica\/wp-content\/uploads\/2017\/06\/NOCU-balloons.png\" alt=\"\" width=\"600\" height=\"398\" \/><\/a><p id=\"caption-attachment-15946\" class=\"wp-caption-text\">Miles de adventistas lanzan miles de globos de helio despu\u00e9s de orar por los gobernantes y ciudadanos de la ciudad de Medell\u00edn, Colombia, durante el impacto de la Iglesia Adventista en toda la ciudad, que se llev\u00f3 a cabo el 14 de marzo de 2015. Im\u00e1genes del Centro de Multimedios de la UNAC<\/p><\/div>\n<p>23 de marzo de 2015 | Medell\u00edn, Colombia | Claudia Escoflo\/Personal DIA<\/p>\n<div id=\"attachment_15941\" style=\"width: 330px\" class=\"wp-caption alignright\"><a href=\"\/interamerica\/wp-content\/uploads\/2017\/06\/UNAC-medical.png\" rel=\"fancybox\" title=\"En Colombia, adventistas hacen sonre\u00edr a miles en Medell\u00edn\"><img decoding=\"async\" aria-describedby=\"caption-attachment-15941\" class=\" wp-image-15941 \" src=\"\/interamerica\/wp-content\/uploads\/2017\/06\/UNAC-medical.png\" alt=\"\" width=\"320\" height=\"214\" \/><\/a><p id=\"caption-attachment-15941\" class=\"wp-caption-text\">Se ofrecieron chequeos m\u00e9dicos gratuitos a lo largo de todo el d\u00eda en la calle Carabobo Norte de Medell\u00edn.<\/p><\/div>\n<p>Miles de adventistas de Medell\u00edn, Colombia, hicieron sonre\u00edr y llevaron esperanza y un mensaje de salud a m\u00e1s de ochenta mil personas durante una iniciativa en toda la ciudad que se llev\u00f3 a cabo el 14 de marzo de 2015.<\/p>\n<p>La actividad, denominada \u00abUna sonrisa por Medell\u00edn\u00bb, motivo a cientos de estudiantes y personal docente de la Universidad Adventista de Colombia, que fueron acompa\u00f1ados por miles de miembros de iglesia que buscaron hacer de Medell\u00edn, una ciudad de 2,1 millones de habitantes, la ciudad m\u00e1s feliz de Colombia, dijeron los organizadores.<\/p>\n<p>Se levantaron numerosas tiendas en la calle Carabobo Norte para ofrecer abrazos gratuitos, masajes, flores y oraciones. Tambi\u00e9n se llevaron a cabo exposiciones de salud, negocios, familia y tecnolog\u00eda.<\/p>\n<div id=\"attachment_15944\" style=\"width: 310px\" class=\"wp-caption alignleft\"><a href=\"\/interamerica\/wp-content\/uploads\/2017\/06\/Acosta-AbrahamUNAC.png\" rel=\"fancybox\" title=\"En Colombia, adventistas hacen sonre\u00edr a miles en Medell\u00edn\"><img decoding=\"async\" aria-describedby=\"caption-attachment-15944\" class=\"size-full wp-image-15944\" src=\"\/interamerica\/wp-content\/uploads\/2017\/06\/Acosta-AbrahamUNAC.png\" alt=\"\" width=\"300\" height=\"199\" \/><\/a><p id=\"caption-attachment-15944\" class=\"wp-caption-text\">El doctor Abraham Acosta, rector de la Universidad Adventista de Colombia, agradece a todos los que participaron del impacto en toda la ciudad, durante la celebraci\u00f3n de clausura en el Parque de los Deseos.<\/p><\/div>\n<p>\u201cPodemos ver y sentir que la verdadera fuente de la paz depende de nosotros\u00bb, dijo Mar\u00eda Olga Mej\u00eda. \u00abEste tipo de actividad promueve la unidad, la salud espiritual, la salud f\u00edsica y la atenci\u00f3n del ambiente, lo que nos hace personas m\u00e1s felices\u00bb.<\/p>\n<p>Mej\u00eda fue una de las seiscientas personas que se beneficiaron en la gran secci\u00f3n de una exposici\u00f3n de salud, donde se establecieron zonas de an\u00e1lisis y donaci\u00f3n de sangre.<\/p>\n<p>Seg\u00fan los organizadores, los estudiantes universitarios y los miembros distribuyeron 7200 flores en centros comerciales, parques y estaciones del metro; se repartieron cuarenta mil ejemplares del libro \u00abSalud y bienestar: Secretos que transformar\u00e1n su vida\u00bb, de Mark Finley y Peter Landless; y se distribuyeron doce toneladas de alimentos entre familias necesitadas preseleccionadas.<\/p>\n<div id=\"attachment_15943\" style=\"width: 310px\" class=\"wp-caption alignright\"><a href=\"\/interamerica\/wp-content\/uploads\/2017\/06\/MedellinPrayer.png\" rel=\"fancybox\" title=\"En Colombia, adventistas hacen sonre\u00edr a miles en Medell\u00edn\"><img loading=\"lazy\" decoding=\"async\" aria-describedby=\"caption-attachment-15943\" class=\"size-full wp-image-15943\" src=\"\/interamerica\/wp-content\/uploads\/2017\/06\/MedellinPrayer.png\" alt=\"\" width=\"300\" height=\"200\" \/><\/a><p id=\"caption-attachment-15943\" class=\"wp-caption-text\">Los miembros de iglesia oran por los transe\u00fantes en zonas designadas de la ciudad.<\/p><\/div>\n<p>En diferentes partes de la ciudad, pastores y miembros oraron por unas 25 mil personas.<\/p>\n<p>Cuando las actividades comunitarias concluyeron en las primeras horas de la tarde, unos 6200 miembros, vestidos de camisetas amarillas con el dibujo de una cara sonriente, llevaron a cabo una marcha de 4,4 kil\u00f3metros hasta el Parque de los Deseos, para una celebraci\u00f3n especial musical de clausura.<\/p>\n<p>\u00abEste es un d\u00eda de fiesta y solidaridad\u00bb, dijo el doctor Abraham Acosta, rector de la Universidad Adventista de Colombia. \u00abEsta alegr\u00eda que vemos aqu\u00ed es contagiosa, y percibimos el bienestar de la gente simplemente por la sonrisa que vemos en su rostros\u00bb. El doctor Acosta dijo sentirse sumamente gozoso al ver la participaci\u00f3n de los estudiantes y de la comunidad adventista en general.<\/p>\n<div id=\"attachment_15940\" style=\"width: 310px\" class=\"wp-caption alignleft\"><a href=\"\/interamerica\/wp-content\/uploads\/2017\/06\/UNAC-march400.png\" rel=\"fancybox\" title=\"En Colombia, adventistas hacen sonre\u00edr a miles en Medell\u00edn\"><img loading=\"lazy\" decoding=\"async\" aria-describedby=\"caption-attachment-15940\" class=\"size-medium wp-image-15940\" src=\"\/interamerica\/wp-content\/uploads\/2017\/06\/UNAC-march400-300x200.png\" alt=\"\" width=\"300\" height=\"200\" \/><\/a><p id=\"caption-attachment-15940\" class=\"wp-caption-text\">M\u00e1s de seis mil adventistas marcharon en pro de la salud y la felicidad, durante una caminata de 4,4 kil\u00f3metros por la ciudad.<\/p><\/div>\n<p>Manuel M\u00e1rquez P\u00e9rez, diputado del Departamento de Antioqu\u00eda, agradeci\u00f3 a las autoridades de la universidad por el impacto positivo que se vivi\u00f3 en la ciudad.<\/p>\n<p>\u00abEs maravilloso lo que la universidad hace por las comunidades y la proyecci\u00f3n y misi\u00f3n que la iglesia tiene con un impacto muy positivo\u00bb, dijo M\u00e1rquez.<\/p>\n<p>Por su parte, Jaime Roberto Cuartas, concejal de la ciudad, tambi\u00e9n agradeci\u00f3 a la universidad y a la Iglesia Adventista durante la ceremonia. \u00abLa comunidad adventista ha venido haciendo un trabajo importante en nuestra ciudad desde hace mucho tiempo ofreciendo un modelo educativo integral y misionero a sus estudiantes, siendo esto de gran\u00a0 influencia para nosotros,\u00bb afirm\u00f3 Cuartas.<\/p>\n<p>El doctor Acosta desaf\u00edo a todos los participantes para que sigan promoviendo mejores h\u00e1bitos f\u00edsicos y espirituales entre la gente con la cual se contacten en la ciudad, mientras se dedican a planear un impacto a\u00fan mayor para el a\u00f1o que viene.<\/p>\n<p>Despu\u00e9s que el pastor Edgar Redondo, presidente de la Iglesia Adventista en la regi\u00f3n Colombiana del Norte, or\u00f3 por los gobernantes y los habitantes de la ciudad, se liberaron unos dos mil globos de helio como recordatorio a todos los participantes de que tienen que trabajar juntos para hacer de Medell\u00edn la ciudad m\u00e1s feliz de Colombia.<\/p>\n<p>Si desea ver m\u00e1s fotograf\u00edas de la actividad, presione <a href=\"https:\/\/www.flickr.com\/photos\/corporacionuniversitariaadventista\/sets\/72157651245136322\/\">AQU\u00cd<\/a><\/p>\n<p>Si desea saber m\u00e1s sobre los programas e iniciativas de la Universidad Adventista de Colombia, presione\u00a0<a href=\"http:\/\/www.unac.edu.co\/\">AQU\u00cd<\/a><\/p>\n<p><em>Traducci\u00f3n de Marcos Paseggi<\/em><\/p>\n","protected":false},"excerpt":{"rendered":"<p>Miles de adventistas de Medell\u00edn, Colombia, hicieron sonre\u00edr y llevaron esperanza y un mensaje de salud a m\u00e1s de ochenta mil personas durante una iniciativa en toda la ciudad que se llev\u00f3 a cabo el 14 de marzo de 2015. <\/p>\n<p>La actividad, denominada \u00abUna sonrisa por Medell\u00edn\u00bb, motivo a cientos de estudiantes y personal docente de la Universidad Adventista de Colombia, que fueron acompa\u00f1ados por miles de miembros de iglesia que buscaron hacer de Medell\u00edn, una ciudad de 2,1 millones de habitantes, la ciudad m\u00e1s feliz de Colombia, dijeron los organizadores.<\/p>\n","protected":false},"author":1,"featured_media":24794,"comment_status":"closed","ping_status":"closed","sticky":false,"template":"","format":"standard","meta":{"_acf_changed":false,"footnotes":""},"categories":[17,15],"tags":[],"class_list":["post-30768","post","type-post","status-publish","format-standard","has-post-thumbnail","hentry","category-desde-el-campo","category-rss-espanol"],"acf":[],"yoast_head":"<!-- This site is optimized with the Yoast SEO plugin v27.3 - https:\/\/yoast.com\/product\/yoast-seo-wordpress\/ -->\n<title>En Colombia, adventistas hacen sonre\u00edr a miles en Medell\u00edn - Iglesia Adventista del S\u00e9ptimo D\u00eda - Divisi\u00f3n Interamericana<\/title>\n<meta name=\"robots\" content=\"index, follow, max-snippet:-1, max-image-preview:large, max-video-preview:-1\" \/>\n<link rel=\"canonical\" href=\"https:\/\/interamerica.org\/es\/2015\/03\/en-colombia-adventistas-hacen-sonreir-a-miles-en-medellin\/\" \/>\n<meta property=\"og:locale\" content=\"es_ES\" \/>\n<meta property=\"og:type\" content=\"article\" \/>\n<meta property=\"og:title\" content=\"En Colombia, adventistas hacen sonre\u00edr a miles en Medell\u00edn - Iglesia Adventista del S\u00e9ptimo D\u00eda - Divisi\u00f3n Interamericana\" \/>\n<meta property=\"og:description\" content=\"Miles de adventistas de Medell\u00edn, Colombia, hicieron sonre\u00edr y llevaron esperanza y un mensaje de salud a m\u00e1s de ochenta mil personas durante una iniciativa en toda la ciudad que se llev\u00f3 a cabo el 14 de marzo de 2015.  La actividad, denominada &quot;Una sonrisa por Medell\u00edn&quot;, motivo a cientos de estudiantes y personal docente de la Universidad Adventista de Colombia, que fueron acompa\u00f1ados por miles de miembros de iglesia que buscaron hacer de Medell\u00edn, una ciudad de 2,1 millones de habitantes, la ciudad m\u00e1s feliz de Colombia, dijeron los organizadores.\" \/>\n<meta property=\"og:url\" content=\"https:\/\/interamerica.org\/es\/2015\/03\/en-colombia-adventistas-hacen-sonreir-a-miles-en-medellin\/\" \/>\n<meta property=\"og:site_name\" content=\"Iglesia Adventista del S\u00e9ptimo D\u00eda - Divisi\u00f3n Interamericana\" \/>\n<meta property=\"article:published_time\" content=\"2015-03-24T04:00:00+00:00\" \/>\n<meta property=\"og:image\" content=\"https:\/\/interamerica.org\/wp-content\/uploads\/2017\/06\/SmilesforMEdeilin.png\" \/>\n\t<meta property=\"og:image:width\" content=\"300\" \/>\n\t<meta property=\"og:image:height\" content=\"200\" \/>\n\t<meta property=\"og:image:type\" content=\"image\/png\" \/>\n<meta name=\"author\" content=\"Lorenzo Verduzco\" \/>\n<meta name=\"twitter:card\" content=\"summary_large_image\" \/>\n<meta name=\"twitter:label1\" content=\"Escrito por\" \/>\n\t<meta name=\"twitter:data1\" content=\"Lorenzo Verduzco\" \/>\n\t<meta name=\"twitter:label2\" content=\"Tiempo de lectura\" \/>\n\t<meta name=\"twitter:data2\" content=\"4 minutos\" \/>\n<script type=\"application\/ld+json\" class=\"yoast-schema-graph\">{\"@context\":\"https:\\\/\\\/schema.org\",\"@graph\":[{\"@type\":\"Article\",\"@id\":\"https:\\\/\\\/interamerica.org\\\/es\\\/2015\\\/03\\\/en-colombia-adventistas-hacen-sonreir-a-miles-en-medellin\\\/#article\",\"isPartOf\":{\"@id\":\"https:\\\/\\\/interamerica.org\\\/es\\\/2015\\\/03\\\/en-colombia-adventistas-hacen-sonreir-a-miles-en-medellin\\\/\"},\"author\":{\"name\":\"Lorenzo Verduzco\",\"@id\":\"https:\\\/\\\/interamerica.org\\\/es\\\/#\\\/schema\\\/person\\\/68ede8bdc292885bb76c1e3810e73c39\"},\"headline\":\"En Colombia, adventistas hacen sonre\u00edr a miles en Medell\u00edn\",\"datePublished\":\"2015-03-24T04:00:00+00:00\",\"mainEntityOfPage\":{\"@id\":\"https:\\\/\\\/interamerica.org\\\/es\\\/2015\\\/03\\\/en-colombia-adventistas-hacen-sonreir-a-miles-en-medellin\\\/\"},\"wordCount\":854,\"image\":{\"@id\":\"https:\\\/\\\/interamerica.org\\\/es\\\/2015\\\/03\\\/en-colombia-adventistas-hacen-sonreir-a-miles-en-medellin\\\/#primaryimage\"},\"thumbnailUrl\":\"https:\\\/\\\/interamerica.org\\\/wp-content\\\/uploads\\\/2017\\\/06\\\/SmilesforMEdeilin.png\",\"articleSection\":[\"Desde el campo\",\"RSS Espa\u00f1ol\"],\"inLanguage\":\"es\"},{\"@type\":\"WebPage\",\"@id\":\"https:\\\/\\\/interamerica.org\\\/es\\\/2015\\\/03\\\/en-colombia-adventistas-hacen-sonreir-a-miles-en-medellin\\\/\",\"url\":\"https:\\\/\\\/interamerica.org\\\/es\\\/2015\\\/03\\\/en-colombia-adventistas-hacen-sonreir-a-miles-en-medellin\\\/\",\"name\":\"En Colombia, adventistas hacen sonre\u00edr a miles en Medell\u00edn - Iglesia Adventista del S\u00e9ptimo D\u00eda - Divisi\u00f3n Interamericana\",\"isPartOf\":{\"@id\":\"https:\\\/\\\/interamerica.org\\\/es\\\/#website\"},\"primaryImageOfPage\":{\"@id\":\"https:\\\/\\\/interamerica.org\\\/es\\\/2015\\\/03\\\/en-colombia-adventistas-hacen-sonreir-a-miles-en-medellin\\\/#primaryimage\"},\"image\":{\"@id\":\"https:\\\/\\\/interamerica.org\\\/es\\\/2015\\\/03\\\/en-colombia-adventistas-hacen-sonreir-a-miles-en-medellin\\\/#primaryimage\"},\"thumbnailUrl\":\"https:\\\/\\\/interamerica.org\\\/wp-content\\\/uploads\\\/2017\\\/06\\\/SmilesforMEdeilin.png\",\"datePublished\":\"2015-03-24T04:00:00+00:00\",\"author\":{\"@id\":\"https:\\\/\\\/interamerica.org\\\/es\\\/#\\\/schema\\\/person\\\/68ede8bdc292885bb76c1e3810e73c39\"},\"breadcrumb\":{\"@id\":\"https:\\\/\\\/interamerica.org\\\/es\\\/2015\\\/03\\\/en-colombia-adventistas-hacen-sonreir-a-miles-en-medellin\\\/#breadcrumb\"},\"inLanguage\":\"es\",\"potentialAction\":[{\"@type\":\"ReadAction\",\"target\":[\"https:\\\/\\\/interamerica.org\\\/es\\\/2015\\\/03\\\/en-colombia-adventistas-hacen-sonreir-a-miles-en-medellin\\\/\"]}]},{\"@type\":\"ImageObject\",\"inLanguage\":\"es\",\"@id\":\"https:\\\/\\\/interamerica.org\\\/es\\\/2015\\\/03\\\/en-colombia-adventistas-hacen-sonreir-a-miles-en-medellin\\\/#primaryimage\",\"url\":\"https:\\\/\\\/interamerica.org\\\/wp-content\\\/uploads\\\/2017\\\/06\\\/SmilesforMEdeilin.png\",\"contentUrl\":\"https:\\\/\\\/interamerica.org\\\/wp-content\\\/uploads\\\/2017\\\/06\\\/SmilesforMEdeilin.png\",\"width\":300,\"height\":200},{\"@type\":\"BreadcrumbList\",\"@id\":\"https:\\\/\\\/interamerica.org\\\/es\\\/2015\\\/03\\\/en-colombia-adventistas-hacen-sonreir-a-miles-en-medellin\\\/#breadcrumb\",\"itemListElement\":[{\"@type\":\"ListItem\",\"position\":1,\"name\":\"Home\",\"item\":\"https:\\\/\\\/interamerica.org\\\/es\\\/\"},{\"@type\":\"ListItem\",\"position\":2,\"name\":\"En Colombia, adventistas hacen sonre\u00edr a miles en Medell\u00edn\"}]},{\"@type\":\"WebSite\",\"@id\":\"https:\\\/\\\/interamerica.org\\\/es\\\/#website\",\"url\":\"https:\\\/\\\/interamerica.org\\\/es\\\/\",\"name\":\"Iglesia Adventista del S\u00e9ptimo D\u00eda - Divisi\u00f3n Interamericana\",\"description\":\"\",\"potentialAction\":[{\"@type\":\"SearchAction\",\"target\":{\"@type\":\"EntryPoint\",\"urlTemplate\":\"https:\\\/\\\/interamerica.org\\\/es\\\/?s={search_term_string}\"},\"query-input\":{\"@type\":\"PropertyValueSpecification\",\"valueRequired\":true,\"valueName\":\"search_term_string\"}}],\"inLanguage\":\"es\"},{\"@type\":\"Person\",\"@id\":\"https:\\\/\\\/interamerica.org\\\/es\\\/#\\\/schema\\\/person\\\/68ede8bdc292885bb76c1e3810e73c39\",\"name\":\"Lorenzo Verduzco\",\"image\":{\"@type\":\"ImageObject\",\"inLanguage\":\"es\",\"@id\":\"https:\\\/\\\/secure.gravatar.com\\\/avatar\\\/fb81a55b6218459490a9c1dc841a34909185b81904c5337b4b27f7a6fd60c49e?s=96&d=mm&r=g\",\"url\":\"https:\\\/\\\/secure.gravatar.com\\\/avatar\\\/fb81a55b6218459490a9c1dc841a34909185b81904c5337b4b27f7a6fd60c49e?s=96&d=mm&r=g\",\"contentUrl\":\"https:\\\/\\\/secure.gravatar.com\\\/avatar\\\/fb81a55b6218459490a9c1dc841a34909185b81904c5337b4b27f7a6fd60c49e?s=96&d=mm&r=g\",\"caption\":\"Lorenzo Verduzco\"}}]}<\/script>\n<!-- \/ Yoast SEO plugin. -->","yoast_head_json":{"title":"En Colombia, adventistas hacen sonre\u00edr a miles en Medell\u00edn - Iglesia Adventista del S\u00e9ptimo D\u00eda - Divisi\u00f3n Interamericana","robots":{"index":"index","follow":"follow","max-snippet":"max-snippet:-1","max-image-preview":"max-image-preview:large","max-video-preview":"max-video-preview:-1"},"canonical":"https:\/\/interamerica.org\/es\/2015\/03\/en-colombia-adventistas-hacen-sonreir-a-miles-en-medellin\/","og_locale":"es_ES","og_type":"article","og_title":"En Colombia, adventistas hacen sonre\u00edr a miles en Medell\u00edn - Iglesia Adventista del S\u00e9ptimo D\u00eda - Divisi\u00f3n Interamericana","og_description":"Miles de adventistas de Medell\u00edn, Colombia, hicieron sonre\u00edr y llevaron esperanza y un mensaje de salud a m\u00e1s de ochenta mil personas durante una iniciativa en toda la ciudad que se llev\u00f3 a cabo el 14 de marzo de 2015.  La actividad, denominada \"Una sonrisa por Medell\u00edn\", motivo a cientos de estudiantes y personal docente de la Universidad Adventista de Colombia, que fueron acompa\u00f1ados por miles de miembros de iglesia que buscaron hacer de Medell\u00edn, una ciudad de 2,1 millones de habitantes, la ciudad m\u00e1s feliz de Colombia, dijeron los organizadores.","og_url":"https:\/\/interamerica.org\/es\/2015\/03\/en-colombia-adventistas-hacen-sonreir-a-miles-en-medellin\/","og_site_name":"Iglesia Adventista del S\u00e9ptimo D\u00eda - Divisi\u00f3n Interamericana","article_published_time":"2015-03-24T04:00:00+00:00","og_image":[{"width":300,"height":200,"url":"https:\/\/interamerica.org\/wp-content\/uploads\/2017\/06\/SmilesforMEdeilin.png","type":"image\/png"}],"author":"Lorenzo Verduzco","twitter_card":"summary_large_image","twitter_misc":{"Escrito por":"Lorenzo Verduzco","Tiempo de lectura":"4 minutos"},"schema":{"@context":"https:\/\/schema.org","@graph":[{"@type":"Article","@id":"https:\/\/interamerica.org\/es\/2015\/03\/en-colombia-adventistas-hacen-sonreir-a-miles-en-medellin\/#article","isPartOf":{"@id":"https:\/\/interamerica.org\/es\/2015\/03\/en-colombia-adventistas-hacen-sonreir-a-miles-en-medellin\/"},"author":{"name":"Lorenzo Verduzco","@id":"https:\/\/interamerica.org\/es\/#\/schema\/person\/68ede8bdc292885bb76c1e3810e73c39"},"headline":"En Colombia, adventistas hacen sonre\u00edr a miles en Medell\u00edn","datePublished":"2015-03-24T04:00:00+00:00","mainEntityOfPage":{"@id":"https:\/\/interamerica.org\/es\/2015\/03\/en-colombia-adventistas-hacen-sonreir-a-miles-en-medellin\/"},"wordCount":854,"image":{"@id":"https:\/\/interamerica.org\/es\/2015\/03\/en-colombia-adventistas-hacen-sonreir-a-miles-en-medellin\/#primaryimage"},"thumbnailUrl":"https:\/\/interamerica.org\/wp-content\/uploads\/2017\/06\/SmilesforMEdeilin.png","articleSection":["Desde el campo","RSS Espa\u00f1ol"],"inLanguage":"es"},{"@type":"WebPage","@id":"https:\/\/interamerica.org\/es\/2015\/03\/en-colombia-adventistas-hacen-sonreir-a-miles-en-medellin\/","url":"https:\/\/interamerica.org\/es\/2015\/03\/en-colombia-adventistas-hacen-sonreir-a-miles-en-medellin\/","name":"En Colombia, adventistas hacen sonre\u00edr a miles en Medell\u00edn - Iglesia Adventista del S\u00e9ptimo D\u00eda - Divisi\u00f3n Interamericana","isPartOf":{"@id":"https:\/\/interamerica.org\/es\/#website"},"primaryImageOfPage":{"@id":"https:\/\/interamerica.org\/es\/2015\/03\/en-colombia-adventistas-hacen-sonreir-a-miles-en-medellin\/#primaryimage"},"image":{"@id":"https:\/\/interamerica.org\/es\/2015\/03\/en-colombia-adventistas-hacen-sonreir-a-miles-en-medellin\/#primaryimage"},"thumbnailUrl":"https:\/\/interamerica.org\/wp-content\/uploads\/2017\/06\/SmilesforMEdeilin.png","datePublished":"2015-03-24T04:00:00+00:00","author":{"@id":"https:\/\/interamerica.org\/es\/#\/schema\/person\/68ede8bdc292885bb76c1e3810e73c39"},"breadcrumb":{"@id":"https:\/\/interamerica.org\/es\/2015\/03\/en-colombia-adventistas-hacen-sonreir-a-miles-en-medellin\/#breadcrumb"},"inLanguage":"es","potentialAction":[{"@type":"ReadAction","target":["https:\/\/interamerica.org\/es\/2015\/03\/en-colombia-adventistas-hacen-sonreir-a-miles-en-medellin\/"]}]},{"@type":"ImageObject","inLanguage":"es","@id":"https:\/\/interamerica.org\/es\/2015\/03\/en-colombia-adventistas-hacen-sonreir-a-miles-en-medellin\/#primaryimage","url":"https:\/\/interamerica.org\/wp-content\/uploads\/2017\/06\/SmilesforMEdeilin.png","contentUrl":"https:\/\/interamerica.org\/wp-content\/uploads\/2017\/06\/SmilesforMEdeilin.png","width":300,"height":200},{"@type":"BreadcrumbList","@id":"https:\/\/interamerica.org\/es\/2015\/03\/en-colombia-adventistas-hacen-sonreir-a-miles-en-medellin\/#breadcrumb","itemListElement":[{"@type":"ListItem","position":1,"name":"Home","item":"https:\/\/interamerica.org\/es\/"},{"@type":"ListItem","position":2,"name":"En Colombia, adventistas hacen sonre\u00edr a miles en Medell\u00edn"}]},{"@type":"WebSite","@id":"https:\/\/interamerica.org\/es\/#website","url":"https:\/\/interamerica.org\/es\/","name":"Iglesia Adventista del S\u00e9ptimo D\u00eda - Divisi\u00f3n Interamericana","description":"","potentialAction":[{"@type":"SearchAction","target":{"@type":"EntryPoint","urlTemplate":"https:\/\/interamerica.org\/es\/?s={search_term_string}"},"query-input":{"@type":"PropertyValueSpecification","valueRequired":true,"valueName":"search_term_string"}}],"inLanguage":"es"},{"@type":"Person","@id":"https:\/\/interamerica.org\/es\/#\/schema\/person\/68ede8bdc292885bb76c1e3810e73c39","name":"Lorenzo Verduzco","image":{"@type":"ImageObject","inLanguage":"es","@id":"https:\/\/secure.gravatar.com\/avatar\/fb81a55b6218459490a9c1dc841a34909185b81904c5337b4b27f7a6fd60c49e?s=96&d=mm&r=g","url":"https:\/\/secure.gravatar.com\/avatar\/fb81a55b6218459490a9c1dc841a34909185b81904c5337b4b27f7a6fd60c49e?s=96&d=mm&r=g","contentUrl":"https:\/\/secure.gravatar.com\/avatar\/fb81a55b6218459490a9c1dc841a34909185b81904c5337b4b27f7a6fd60c49e?s=96&d=mm&r=g","caption":"Lorenzo Verduzco"}}]}},"_links":{"self":[{"href":"https:\/\/interamerica.org\/es\/wp-json\/wp\/v2\/posts\/30768","targetHints":{"allow":["GET"]}}],"collection":[{"href":"https:\/\/interamerica.org\/es\/wp-json\/wp\/v2\/posts"}],"about":[{"href":"https:\/\/interamerica.org\/es\/wp-json\/wp\/v2\/types\/post"}],"author":[{"embeddable":true,"href":"https:\/\/interamerica.org\/es\/wp-json\/wp\/v2\/users\/1"}],"replies":[{"embeddable":true,"href":"https:\/\/interamerica.org\/es\/wp-json\/wp\/v2\/comments?post=30768"}],"version-history":[{"count":0,"href":"https:\/\/interamerica.org\/es\/wp-json\/wp\/v2\/posts\/30768\/revisions"}],"wp:featuredmedia":[{"embeddable":true,"href":"https:\/\/interamerica.org\/es\/wp-json\/wp\/v2\/media\/24794"}],"wp:attachment":[{"href":"https:\/\/interamerica.org\/es\/wp-json\/wp\/v2\/media?parent=30768"}],"wp:term":[{"taxonomy":"category","embeddable":true,"href":"https:\/\/interamerica.org\/es\/wp-json\/wp\/v2\/categories?post=30768"},{"taxonomy":"post_tag","embeddable":true,"href":"https:\/\/interamerica.org\/es\/wp-json\/wp\/v2\/tags?post=30768"}],"curies":[{"name":"wp","href":"https:\/\/api.w.org\/{rel}","templated":true}]}}