{"id":30769,"date":"2015-03-25T00:00:00","date_gmt":"2015-03-25T04:00:00","guid":{"rendered":"http:\/\/192.81.217.108\/interamerica\/2015\/03\/la-iglesia-adventista-presenta-condolencias-despues-del-accidente-aereo-en-francia\/"},"modified":"2015-03-25T00:00:00","modified_gmt":"2015-03-25T04:00:00","slug":"la-iglesia-adventista-presenta-condolencias-despues-del-accidente-aereo-en-francia","status":"publish","type":"post","link":"https:\/\/interamerica.org\/es\/2015\/03\/la-iglesia-adventista-presenta-condolencias-despues-del-accidente-aereo-en-francia\/","title":{"rendered":"La Iglesia Adventista presenta condolencias despu\u00e9s del accidente a\u00e9reo en Francia"},"content":{"rendered":"<p>25 de marzo de 2015 | Berna, Suiza | EUD News &#8211; APD<\/p>\n<div id=\"attachment_15984\" style=\"width: 310px\" class=\"wp-caption alignleft\"><a href=\"\/interamerica\/wp-content\/uploads\/2017\/06\/csm_VertallierBruno_GCAC_018f1400ff.jpg\" rel=\"fancybox\" title=\"La Iglesia Adventista presenta condolencias despu\u00e9s del accidente a\u00e9reo en Francia\"><img fetchpriority=\"high\" decoding=\"async\" aria-describedby=\"caption-attachment-15984\" class=\"size-medium wp-image-15984\" src=\"\/interamerica\/wp-content\/uploads\/2017\/06\/csm_VertallierBruno_GCAC_018f1400ff-300x200.jpg\" alt=\"\" width=\"300\" height=\"200\" \/><\/a><p id=\"caption-attachment-15984\" class=\"wp-caption-text\">Bruno Vertallier es presidente de la Divisi\u00f3n Intereuropea, con sede en Berna, Suiza. Imagen por Ansel Oliver<\/p><\/div>\n<p>El avi\u00f3n Germanwings Airbus A320, que llevaba a bordo 150 pasajeros, se estrell\u00f3 el 24 de marzo en las estribaciones cerca de Digne-les-Bains, en los Alpes de Alta Provenza en el sureste de Francia, inform\u00f3 a los reporteros el Primer Ministro de Francia, Manuel Valls.<\/p>\n<p>El Primer Ministro Valls dijo que tem\u00eda que los pasajeros a bordo del vuelo procedente de Barcelona (Espa\u00f1a), rumbo a Dusseldorf (Alemania) podr\u00edan estar muertos. El presidente de Francia, Francois Hollande, dijo tambi\u00e9n que no se esperaba que hubiese sobrevivientes. \u201cLas condiciones del accidente no est\u00e1n todav\u00eda claras, pero nos llevan a pensar que no habr\u00e1 sobrevivientes\u201d, dijo el presidente.<\/p>\n<p>El Primer Ministro de Espa\u00f1a, Mariano Rajoy, dijo que iban a bordo del fat\u00eddico vuelo de Germanwings, un \u201calto n\u00famero de espa\u00f1oles, alemanes y turcos\u201d.<\/p>\n<p>\u00abLa Iglesia Adventista del S\u00e9ptimo D\u00eda en el sur y oeste de Europa, expresa su m\u00e1s profunda simpat\u00eda y extiende sus m\u00e1s sentidas condolencias a las familias de todas las v\u00edctimas\u201d, declaraba el comunicado de prensa del departamento de Comunicaci\u00f3n de la Divisi\u00f3n Intereuropea DIE \u2013 EUD. \u00abCompartimos su dolor y oramos porque el Se\u00f1or consuele y de alivio a su coraz\u00f3n\u201d.<\/p>\n<p>Bruno Vertallier, presidente de la Iglesia Adventista del S\u00e9ptimo D\u00eda en el sur y oeste de Europa, se duele juntamente con las familias de las v\u00edctimas de este tr\u00e1gico suceso. \u201cConf\u00edo en que podr\u00e1n encontrar el apoyo necesario para pasar por esta terrible realidad de ser separados de sus seres amados. Me duelo juntamente con ustedes\u201d.<\/p>\n<p>De acuerdo con un comunicado de prensa , la Iglesia Adventista est\u00e1 lista para ofrecer asistencia y apoyo a cada persona afectada por el terrible accidente a\u00e9reo, a trav\u00e9s de sus iglesias e instituciones locales en Alemania, Francia y Espa\u00f1a.<\/p>\n<p>Traduccion por Gloria Castrej\u00f3n<\/p>\n","protected":false},"excerpt":{"rendered":"<p>El avi\u00f3n Germanwings Airbus A320, que llevaba a bordo 150 pasajeros, se estrell\u00f3 el 24 de marzo en las estribaciones cerca de Digne-les-Bains, en los Alpes de Alta Provenza en el sureste de Francia, inform\u00f3 a los reporteros el Primer Ministro de Francia, Manuel Valls. <\/p>\n<p>El Primer Ministro Valls dijo que tem\u00eda que los pasajeros a bordo del vuelo procedente de Barcelona (Espa\u00f1a), rumbo a Dusseldorf (Alemania) podr\u00edan estar muertos. El presidente de Francia, Francois Hollande, dijo tambi\u00e9n que no se esperaba que hubiese sobrevivientes. \u201cLas condiciones del accidente no est\u00e1n todav\u00eda claras, pero nos llevan a pensar que no habr\u00e1 sobrevivientes\u201d, dijo el presidente.<\/p>\n","protected":false},"author":1,"featured_media":24817,"comment_status":"closed","ping_status":"closed","sticky":false,"template":"","format":"standard","meta":{"_acf_changed":false,"footnotes":""},"categories":[14,15],"tags":[],"class_list":["post-30769","post","type-post","status-publish","format-standard","has-post-thumbnail","hentry","category-de-la-iglesia-mundial","category-rss-espanol"],"acf":[],"yoast_head":"<!-- This site is optimized with the Yoast SEO plugin v27.3 - https:\/\/yoast.com\/product\/yoast-seo-wordpress\/ -->\n<title>La Iglesia Adventista presenta condolencias despu\u00e9s del accidente a\u00e9reo en Francia - Iglesia Adventista del S\u00e9ptimo D\u00eda - Divisi\u00f3n Interamericana<\/title>\n<meta name=\"robots\" content=\"index, follow, max-snippet:-1, max-image-preview:large, max-video-preview:-1\" \/>\n<link rel=\"canonical\" href=\"https:\/\/interamerica.org\/es\/2015\/03\/la-iglesia-adventista-presenta-condolencias-despues-del-accidente-aereo-en-francia\/\" \/>\n<meta property=\"og:locale\" content=\"es_ES\" \/>\n<meta property=\"og:type\" content=\"article\" \/>\n<meta property=\"og:title\" content=\"La Iglesia Adventista presenta condolencias despu\u00e9s del accidente a\u00e9reo en Francia - Iglesia Adventista del S\u00e9ptimo D\u00eda - Divisi\u00f3n Interamericana\" \/>\n<meta property=\"og:description\" content=\"El avi\u00f3n Germanwings Airbus A320, que llevaba a bordo 150 pasajeros, se estrell\u00f3 el 24 de marzo en las estribaciones cerca de Digne-les-Bains, en los Alpes de Alta Provenza en el sureste de Francia, inform\u00f3 a los reporteros el Primer Ministro de Francia, Manuel Valls.  El Primer Ministro Valls dijo que tem\u00eda que los pasajeros a bordo del vuelo procedente de Barcelona (Espa\u00f1a), rumbo a Dusseldorf (Alemania) podr\u00edan estar muertos. El presidente de Francia, Francois Hollande, dijo tambi\u00e9n que no se esperaba que hubiese sobrevivientes. \u201cLas condiciones del accidente no est\u00e1n todav\u00eda claras, pero nos llevan a pensar que no habr\u00e1 sobrevivientes\u201d, dijo el presidente.\" \/>\n<meta property=\"og:url\" content=\"https:\/\/interamerica.org\/es\/2015\/03\/la-iglesia-adventista-presenta-condolencias-despues-del-accidente-aereo-en-francia\/\" \/>\n<meta property=\"og:site_name\" content=\"Iglesia Adventista del S\u00e9ptimo D\u00eda - Divisi\u00f3n Interamericana\" \/>\n<meta property=\"article:published_time\" content=\"2015-03-25T04:00:00+00:00\" \/>\n<meta property=\"og:image\" content=\"https:\/\/interamerica.org\/wp-content\/uploads\/2017\/06\/csm_VertallierBruno_GCAC_018f1400ff.jpg\" \/>\n\t<meta property=\"og:image:width\" content=\"400\" \/>\n\t<meta property=\"og:image:height\" content=\"267\" \/>\n\t<meta property=\"og:image:type\" content=\"image\/jpeg\" \/>\n<meta name=\"author\" content=\"Lorenzo Verduzco\" \/>\n<meta name=\"twitter:card\" content=\"summary_large_image\" \/>\n<meta name=\"twitter:label1\" content=\"Escrito por\" \/>\n\t<meta name=\"twitter:data1\" content=\"Lorenzo Verduzco\" \/>\n\t<meta name=\"twitter:label2\" content=\"Tiempo de lectura\" \/>\n\t<meta name=\"twitter:data2\" content=\"2 minutos\" \/>\n<script type=\"application\/ld+json\" class=\"yoast-schema-graph\">{\"@context\":\"https:\\\/\\\/schema.org\",\"@graph\":[{\"@type\":\"Article\",\"@id\":\"https:\\\/\\\/interamerica.org\\\/es\\\/2015\\\/03\\\/la-iglesia-adventista-presenta-condolencias-despues-del-accidente-aereo-en-francia\\\/#article\",\"isPartOf\":{\"@id\":\"https:\\\/\\\/interamerica.org\\\/es\\\/2015\\\/03\\\/la-iglesia-adventista-presenta-condolencias-despues-del-accidente-aereo-en-francia\\\/\"},\"author\":{\"name\":\"Lorenzo Verduzco\",\"@id\":\"https:\\\/\\\/interamerica.org\\\/es\\\/#\\\/schema\\\/person\\\/68ede8bdc292885bb76c1e3810e73c39\"},\"headline\":\"La Iglesia Adventista presenta condolencias despu\u00e9s del accidente a\u00e9reo en Francia\",\"datePublished\":\"2015-03-25T04:00:00+00:00\",\"mainEntityOfPage\":{\"@id\":\"https:\\\/\\\/interamerica.org\\\/es\\\/2015\\\/03\\\/la-iglesia-adventista-presenta-condolencias-despues-del-accidente-aereo-en-francia\\\/\"},\"wordCount\":366,\"image\":{\"@id\":\"https:\\\/\\\/interamerica.org\\\/es\\\/2015\\\/03\\\/la-iglesia-adventista-presenta-condolencias-despues-del-accidente-aereo-en-francia\\\/#primaryimage\"},\"thumbnailUrl\":\"https:\\\/\\\/interamerica.org\\\/wp-content\\\/uploads\\\/2017\\\/06\\\/csm_VertallierBruno_GCAC_018f1400ff.jpg\",\"articleSection\":[\"Desde la iglesia mundial\",\"RSS Espa\u00f1ol\"],\"inLanguage\":\"es\"},{\"@type\":\"WebPage\",\"@id\":\"https:\\\/\\\/interamerica.org\\\/es\\\/2015\\\/03\\\/la-iglesia-adventista-presenta-condolencias-despues-del-accidente-aereo-en-francia\\\/\",\"url\":\"https:\\\/\\\/interamerica.org\\\/es\\\/2015\\\/03\\\/la-iglesia-adventista-presenta-condolencias-despues-del-accidente-aereo-en-francia\\\/\",\"name\":\"La Iglesia Adventista presenta condolencias despu\u00e9s del accidente a\u00e9reo en Francia - Iglesia Adventista del S\u00e9ptimo D\u00eda - Divisi\u00f3n Interamericana\",\"isPartOf\":{\"@id\":\"https:\\\/\\\/interamerica.org\\\/es\\\/#website\"},\"primaryImageOfPage\":{\"@id\":\"https:\\\/\\\/interamerica.org\\\/es\\\/2015\\\/03\\\/la-iglesia-adventista-presenta-condolencias-despues-del-accidente-aereo-en-francia\\\/#primaryimage\"},\"image\":{\"@id\":\"https:\\\/\\\/interamerica.org\\\/es\\\/2015\\\/03\\\/la-iglesia-adventista-presenta-condolencias-despues-del-accidente-aereo-en-francia\\\/#primaryimage\"},\"thumbnailUrl\":\"https:\\\/\\\/interamerica.org\\\/wp-content\\\/uploads\\\/2017\\\/06\\\/csm_VertallierBruno_GCAC_018f1400ff.jpg\",\"datePublished\":\"2015-03-25T04:00:00+00:00\",\"author\":{\"@id\":\"https:\\\/\\\/interamerica.org\\\/es\\\/#\\\/schema\\\/person\\\/68ede8bdc292885bb76c1e3810e73c39\"},\"breadcrumb\":{\"@id\":\"https:\\\/\\\/interamerica.org\\\/es\\\/2015\\\/03\\\/la-iglesia-adventista-presenta-condolencias-despues-del-accidente-aereo-en-francia\\\/#breadcrumb\"},\"inLanguage\":\"es\",\"potentialAction\":[{\"@type\":\"ReadAction\",\"target\":[\"https:\\\/\\\/interamerica.org\\\/es\\\/2015\\\/03\\\/la-iglesia-adventista-presenta-condolencias-despues-del-accidente-aereo-en-francia\\\/\"]}]},{\"@type\":\"ImageObject\",\"inLanguage\":\"es\",\"@id\":\"https:\\\/\\\/interamerica.org\\\/es\\\/2015\\\/03\\\/la-iglesia-adventista-presenta-condolencias-despues-del-accidente-aereo-en-francia\\\/#primaryimage\",\"url\":\"https:\\\/\\\/interamerica.org\\\/wp-content\\\/uploads\\\/2017\\\/06\\\/csm_VertallierBruno_GCAC_018f1400ff.jpg\",\"contentUrl\":\"https:\\\/\\\/interamerica.org\\\/wp-content\\\/uploads\\\/2017\\\/06\\\/csm_VertallierBruno_GCAC_018f1400ff.jpg\",\"width\":400,\"height\":267},{\"@type\":\"BreadcrumbList\",\"@id\":\"https:\\\/\\\/interamerica.org\\\/es\\\/2015\\\/03\\\/la-iglesia-adventista-presenta-condolencias-despues-del-accidente-aereo-en-francia\\\/#breadcrumb\",\"itemListElement\":[{\"@type\":\"ListItem\",\"position\":1,\"name\":\"Home\",\"item\":\"https:\\\/\\\/interamerica.org\\\/es\\\/\"},{\"@type\":\"ListItem\",\"position\":2,\"name\":\"La Iglesia Adventista presenta condolencias despu\u00e9s del accidente a\u00e9reo en Francia\"}]},{\"@type\":\"WebSite\",\"@id\":\"https:\\\/\\\/interamerica.org\\\/es\\\/#website\",\"url\":\"https:\\\/\\\/interamerica.org\\\/es\\\/\",\"name\":\"Iglesia Adventista del S\u00e9ptimo D\u00eda - Divisi\u00f3n Interamericana\",\"description\":\"\",\"potentialAction\":[{\"@type\":\"SearchAction\",\"target\":{\"@type\":\"EntryPoint\",\"urlTemplate\":\"https:\\\/\\\/interamerica.org\\\/es\\\/?s={search_term_string}\"},\"query-input\":{\"@type\":\"PropertyValueSpecification\",\"valueRequired\":true,\"valueName\":\"search_term_string\"}}],\"inLanguage\":\"es\"},{\"@type\":\"Person\",\"@id\":\"https:\\\/\\\/interamerica.org\\\/es\\\/#\\\/schema\\\/person\\\/68ede8bdc292885bb76c1e3810e73c39\",\"name\":\"Lorenzo Verduzco\",\"image\":{\"@type\":\"ImageObject\",\"inLanguage\":\"es\",\"@id\":\"https:\\\/\\\/secure.gravatar.com\\\/avatar\\\/fb81a55b6218459490a9c1dc841a34909185b81904c5337b4b27f7a6fd60c49e?s=96&d=mm&r=g\",\"url\":\"https:\\\/\\\/secure.gravatar.com\\\/avatar\\\/fb81a55b6218459490a9c1dc841a34909185b81904c5337b4b27f7a6fd60c49e?s=96&d=mm&r=g\",\"contentUrl\":\"https:\\\/\\\/secure.gravatar.com\\\/avatar\\\/fb81a55b6218459490a9c1dc841a34909185b81904c5337b4b27f7a6fd60c49e?s=96&d=mm&r=g\",\"caption\":\"Lorenzo Verduzco\"}}]}<\/script>\n<!-- \/ Yoast SEO plugin. -->","yoast_head_json":{"title":"La Iglesia Adventista presenta condolencias despu\u00e9s del accidente a\u00e9reo en Francia - Iglesia Adventista del S\u00e9ptimo D\u00eda - Divisi\u00f3n Interamericana","robots":{"index":"index","follow":"follow","max-snippet":"max-snippet:-1","max-image-preview":"max-image-preview:large","max-video-preview":"max-video-preview:-1"},"canonical":"https:\/\/interamerica.org\/es\/2015\/03\/la-iglesia-adventista-presenta-condolencias-despues-del-accidente-aereo-en-francia\/","og_locale":"es_ES","og_type":"article","og_title":"La Iglesia Adventista presenta condolencias despu\u00e9s del accidente a\u00e9reo en Francia - Iglesia Adventista del S\u00e9ptimo D\u00eda - Divisi\u00f3n Interamericana","og_description":"El avi\u00f3n Germanwings Airbus A320, que llevaba a bordo 150 pasajeros, se estrell\u00f3 el 24 de marzo en las estribaciones cerca de Digne-les-Bains, en los Alpes de Alta Provenza en el sureste de Francia, inform\u00f3 a los reporteros el Primer Ministro de Francia, Manuel Valls.  El Primer Ministro Valls dijo que tem\u00eda que los pasajeros a bordo del vuelo procedente de Barcelona (Espa\u00f1a), rumbo a Dusseldorf (Alemania) podr\u00edan estar muertos. El presidente de Francia, Francois Hollande, dijo tambi\u00e9n que no se esperaba que hubiese sobrevivientes. \u201cLas condiciones del accidente no est\u00e1n todav\u00eda claras, pero nos llevan a pensar que no habr\u00e1 sobrevivientes\u201d, dijo el presidente.","og_url":"https:\/\/interamerica.org\/es\/2015\/03\/la-iglesia-adventista-presenta-condolencias-despues-del-accidente-aereo-en-francia\/","og_site_name":"Iglesia Adventista del S\u00e9ptimo D\u00eda - Divisi\u00f3n Interamericana","article_published_time":"2015-03-25T04:00:00+00:00","og_image":[{"width":400,"height":267,"url":"https:\/\/interamerica.org\/wp-content\/uploads\/2017\/06\/csm_VertallierBruno_GCAC_018f1400ff.jpg","type":"image\/jpeg"}],"author":"Lorenzo Verduzco","twitter_card":"summary_large_image","twitter_misc":{"Escrito por":"Lorenzo Verduzco","Tiempo de lectura":"2 minutos"},"schema":{"@context":"https:\/\/schema.org","@graph":[{"@type":"Article","@id":"https:\/\/interamerica.org\/es\/2015\/03\/la-iglesia-adventista-presenta-condolencias-despues-del-accidente-aereo-en-francia\/#article","isPartOf":{"@id":"https:\/\/interamerica.org\/es\/2015\/03\/la-iglesia-adventista-presenta-condolencias-despues-del-accidente-aereo-en-francia\/"},"author":{"name":"Lorenzo Verduzco","@id":"https:\/\/interamerica.org\/es\/#\/schema\/person\/68ede8bdc292885bb76c1e3810e73c39"},"headline":"La Iglesia Adventista presenta condolencias despu\u00e9s del accidente a\u00e9reo en Francia","datePublished":"2015-03-25T04:00:00+00:00","mainEntityOfPage":{"@id":"https:\/\/interamerica.org\/es\/2015\/03\/la-iglesia-adventista-presenta-condolencias-despues-del-accidente-aereo-en-francia\/"},"wordCount":366,"image":{"@id":"https:\/\/interamerica.org\/es\/2015\/03\/la-iglesia-adventista-presenta-condolencias-despues-del-accidente-aereo-en-francia\/#primaryimage"},"thumbnailUrl":"https:\/\/interamerica.org\/wp-content\/uploads\/2017\/06\/csm_VertallierBruno_GCAC_018f1400ff.jpg","articleSection":["Desde la iglesia mundial","RSS Espa\u00f1ol"],"inLanguage":"es"},{"@type":"WebPage","@id":"https:\/\/interamerica.org\/es\/2015\/03\/la-iglesia-adventista-presenta-condolencias-despues-del-accidente-aereo-en-francia\/","url":"https:\/\/interamerica.org\/es\/2015\/03\/la-iglesia-adventista-presenta-condolencias-despues-del-accidente-aereo-en-francia\/","name":"La Iglesia Adventista presenta condolencias despu\u00e9s del accidente a\u00e9reo en Francia - Iglesia Adventista del S\u00e9ptimo D\u00eda - Divisi\u00f3n Interamericana","isPartOf":{"@id":"https:\/\/interamerica.org\/es\/#website"},"primaryImageOfPage":{"@id":"https:\/\/interamerica.org\/es\/2015\/03\/la-iglesia-adventista-presenta-condolencias-despues-del-accidente-aereo-en-francia\/#primaryimage"},"image":{"@id":"https:\/\/interamerica.org\/es\/2015\/03\/la-iglesia-adventista-presenta-condolencias-despues-del-accidente-aereo-en-francia\/#primaryimage"},"thumbnailUrl":"https:\/\/interamerica.org\/wp-content\/uploads\/2017\/06\/csm_VertallierBruno_GCAC_018f1400ff.jpg","datePublished":"2015-03-25T04:00:00+00:00","author":{"@id":"https:\/\/interamerica.org\/es\/#\/schema\/person\/68ede8bdc292885bb76c1e3810e73c39"},"breadcrumb":{"@id":"https:\/\/interamerica.org\/es\/2015\/03\/la-iglesia-adventista-presenta-condolencias-despues-del-accidente-aereo-en-francia\/#breadcrumb"},"inLanguage":"es","potentialAction":[{"@type":"ReadAction","target":["https:\/\/interamerica.org\/es\/2015\/03\/la-iglesia-adventista-presenta-condolencias-despues-del-accidente-aereo-en-francia\/"]}]},{"@type":"ImageObject","inLanguage":"es","@id":"https:\/\/interamerica.org\/es\/2015\/03\/la-iglesia-adventista-presenta-condolencias-despues-del-accidente-aereo-en-francia\/#primaryimage","url":"https:\/\/interamerica.org\/wp-content\/uploads\/2017\/06\/csm_VertallierBruno_GCAC_018f1400ff.jpg","contentUrl":"https:\/\/interamerica.org\/wp-content\/uploads\/2017\/06\/csm_VertallierBruno_GCAC_018f1400ff.jpg","width":400,"height":267},{"@type":"BreadcrumbList","@id":"https:\/\/interamerica.org\/es\/2015\/03\/la-iglesia-adventista-presenta-condolencias-despues-del-accidente-aereo-en-francia\/#breadcrumb","itemListElement":[{"@type":"ListItem","position":1,"name":"Home","item":"https:\/\/interamerica.org\/es\/"},{"@type":"ListItem","position":2,"name":"La Iglesia Adventista presenta condolencias despu\u00e9s del accidente a\u00e9reo en Francia"}]},{"@type":"WebSite","@id":"https:\/\/interamerica.org\/es\/#website","url":"https:\/\/interamerica.org\/es\/","name":"Iglesia Adventista del S\u00e9ptimo D\u00eda - Divisi\u00f3n Interamericana","description":"","potentialAction":[{"@type":"SearchAction","target":{"@type":"EntryPoint","urlTemplate":"https:\/\/interamerica.org\/es\/?s={search_term_string}"},"query-input":{"@type":"PropertyValueSpecification","valueRequired":true,"valueName":"search_term_string"}}],"inLanguage":"es"},{"@type":"Person","@id":"https:\/\/interamerica.org\/es\/#\/schema\/person\/68ede8bdc292885bb76c1e3810e73c39","name":"Lorenzo Verduzco","image":{"@type":"ImageObject","inLanguage":"es","@id":"https:\/\/secure.gravatar.com\/avatar\/fb81a55b6218459490a9c1dc841a34909185b81904c5337b4b27f7a6fd60c49e?s=96&d=mm&r=g","url":"https:\/\/secure.gravatar.com\/avatar\/fb81a55b6218459490a9c1dc841a34909185b81904c5337b4b27f7a6fd60c49e?s=96&d=mm&r=g","contentUrl":"https:\/\/secure.gravatar.com\/avatar\/fb81a55b6218459490a9c1dc841a34909185b81904c5337b4b27f7a6fd60c49e?s=96&d=mm&r=g","caption":"Lorenzo Verduzco"}}]}},"_links":{"self":[{"href":"https:\/\/interamerica.org\/es\/wp-json\/wp\/v2\/posts\/30769","targetHints":{"allow":["GET"]}}],"collection":[{"href":"https:\/\/interamerica.org\/es\/wp-json\/wp\/v2\/posts"}],"about":[{"href":"https:\/\/interamerica.org\/es\/wp-json\/wp\/v2\/types\/post"}],"author":[{"embeddable":true,"href":"https:\/\/interamerica.org\/es\/wp-json\/wp\/v2\/users\/1"}],"replies":[{"embeddable":true,"href":"https:\/\/interamerica.org\/es\/wp-json\/wp\/v2\/comments?post=30769"}],"version-history":[{"count":0,"href":"https:\/\/interamerica.org\/es\/wp-json\/wp\/v2\/posts\/30769\/revisions"}],"wp:featuredmedia":[{"embeddable":true,"href":"https:\/\/interamerica.org\/es\/wp-json\/wp\/v2\/media\/24817"}],"wp:attachment":[{"href":"https:\/\/interamerica.org\/es\/wp-json\/wp\/v2\/media?parent=30769"}],"wp:term":[{"taxonomy":"category","embeddable":true,"href":"https:\/\/interamerica.org\/es\/wp-json\/wp\/v2\/categories?post=30769"},{"taxonomy":"post_tag","embeddable":true,"href":"https:\/\/interamerica.org\/es\/wp-json\/wp\/v2\/tags?post=30769"}],"curies":[{"name":"wp","href":"https:\/\/api.w.org\/{rel}","templated":true}]}}