{"id":30770,"date":"2015-03-25T00:00:00","date_gmt":"2015-03-25T04:00:00","guid":{"rendered":"http:\/\/192.81.217.108\/interamerica\/2015\/03\/dos-miembros-adventistas-detenidos-en-bangladesh\/"},"modified":"2015-03-25T00:00:00","modified_gmt":"2015-03-25T04:00:00","slug":"dos-miembros-adventistas-detenidos-en-bangladesh","status":"publish","type":"post","link":"https:\/\/interamerica.org\/es\/2015\/03\/dos-miembros-adventistas-detenidos-en-bangladesh\/","title":{"rendered":"Dos miembros adventistas detenidos en Bangladesh"},"content":{"rendered":"<p>24 de marzo de 2015 | Silver Spring, Maryland, Estados Unidos | personal ANN<\/p>\n<div id=\"attachment_15957\" style=\"width: 310px\" class=\"wp-caption alignright\"><a href=\"\/interamerica\/wp-content\/uploads\/2017\/06\/csm_Bangladesh-01_c895abf6fd.jpg\" rel=\"fancybox\" title=\"Dos miembros adventistas detenidos en Bangladesh\"><img fetchpriority=\"high\" decoding=\"async\" aria-describedby=\"caption-attachment-15957\" class=\"size-medium wp-image-15957\" src=\"\/interamerica\/wp-content\/uploads\/2017\/06\/csm_Bangladesh-01_c895abf6fd-300x232.jpg\" alt=\"\" width=\"300\" height=\"232\" \/><\/a><p id=\"caption-attachment-15957\" class=\"wp-caption-text\">Imagen por Daniel Taipe<\/p><\/div>\n<p>La Iglesia Adventista del S\u00e9ptimo D\u00eda dijo el martes que dos miembros adventistas hab\u00edan sido detenidos en Bangladesh bajo cargos no muy claros.<\/p>\n<p>Han sido liberados de la prisi\u00f3n antes de una audiencia ante un tribunal, dijo el vocero de la iglesia, Garrett Caldwell.<\/p>\n<p>La Iglesia Adventista est\u00e1 procurando aclarar las circunstancias en torno al caso.<\/p>\n<p>\u201cMientras que la Iglesia Adventista del S\u00e9ptimo D\u00eda le da un alto valor a la libertad religiosa y alienta el respeto por todas las tradiciones religiosas, reconocemos muy bien que pueden presentarse malos entendidos en regiones del mundo en donde somos una minor\u00eda religiosa\u201d, dijo el vocero Caldwell. \u201cEsperamos que esta situaci\u00f3n pueda ser resuelta al entendernos con las autoridades locales para aclarar el asunto\u201d.<\/p>\n<p>Les pidi\u00f3 a los adventistas en todo el mundo que oren en relaci\u00f3n a esta situaci\u00f3n.<\/p>\n<p>Bangladesh, que linda en tres lados de su territorio con India y con Myanmar en el sureste, cuenta con la cuarta mayor poblaci\u00f3n de musulmanes en el mundo, despu\u00e9s de Indonesia, Pakist\u00e1n e India. Se estima que un 86 por ciento de la poblaci\u00f3n de 157 millones de habitantes es islamista, seguido por un 12 por ciento hinduista y un 1 por ciento budista. Los cristianos representan un total de 0.4 por ciento de la poblaci\u00f3n.<\/p>\n<p>La Iglesia Adventista del S\u00e9ptimo D\u00eda cuenta con casi 18.5 millones de miembros que adoran en 140,000 congregaciones en todo el mundo. Opera asimismo una red de instituciones de salud y educativas, y lleva a cabo una importante labor humanitaria a trav\u00e9s de la Agencia Adventista de Desarrollo y Recursos Asistenciales en m\u00e1s de 120 pa\u00edses.<\/p>\n","protected":false},"excerpt":{"rendered":"<p>La Iglesia Adventista del S\u00e9ptimo D\u00eda dijo el martes que dos miembros adventistas hab\u00edan sido detenidos en Bangladesh bajo cargos no muy claros.  Han sido liberados de la prisi\u00f3n antes de una audiencia ante un tribunal, dijo el vocero de la iglesia, Garrett Caldwell.<\/p>\n","protected":false},"author":1,"featured_media":24813,"comment_status":"closed","ping_status":"closed","sticky":false,"template":"","format":"standard","meta":{"_acf_changed":false,"footnotes":""},"categories":[14,15],"tags":[],"class_list":["post-30770","post","type-post","status-publish","format-standard","has-post-thumbnail","hentry","category-de-la-iglesia-mundial","category-rss-espanol"],"acf":[],"yoast_head":"<!-- This site is optimized with the Yoast SEO plugin v27.3 - https:\/\/yoast.com\/product\/yoast-seo-wordpress\/ -->\n<title>Dos miembros adventistas detenidos en Bangladesh - Iglesia Adventista del S\u00e9ptimo D\u00eda - Divisi\u00f3n Interamericana<\/title>\n<meta name=\"robots\" content=\"index, follow, max-snippet:-1, max-image-preview:large, max-video-preview:-1\" \/>\n<link rel=\"canonical\" href=\"https:\/\/interamerica.org\/es\/2015\/03\/dos-miembros-adventistas-detenidos-en-bangladesh\/\" \/>\n<meta property=\"og:locale\" content=\"es_ES\" \/>\n<meta property=\"og:type\" content=\"article\" \/>\n<meta property=\"og:title\" content=\"Dos miembros adventistas detenidos en Bangladesh - Iglesia Adventista del S\u00e9ptimo D\u00eda - Divisi\u00f3n Interamericana\" \/>\n<meta property=\"og:description\" content=\"La Iglesia Adventista del S\u00e9ptimo D\u00eda dijo el martes que dos miembros adventistas hab\u00edan sido detenidos en Bangladesh bajo cargos no muy claros. Han sido liberados de la prisi\u00f3n antes de una audiencia ante un tribunal, dijo el vocero de la iglesia, Garrett Caldwell.\" \/>\n<meta property=\"og:url\" content=\"https:\/\/interamerica.org\/es\/2015\/03\/dos-miembros-adventistas-detenidos-en-bangladesh\/\" \/>\n<meta property=\"og:site_name\" content=\"Iglesia Adventista del S\u00e9ptimo D\u00eda - Divisi\u00f3n Interamericana\" \/>\n<meta property=\"article:published_time\" content=\"2015-03-25T04:00:00+00:00\" \/>\n<meta property=\"og:image\" content=\"https:\/\/interamerica.org\/wp-content\/uploads\/2017\/06\/csm_Bangladesh-01_c895abf6fd.jpg\" \/>\n\t<meta property=\"og:image:width\" content=\"400\" \/>\n\t<meta property=\"og:image:height\" content=\"310\" \/>\n\t<meta property=\"og:image:type\" content=\"image\/jpeg\" \/>\n<meta name=\"author\" content=\"Lorenzo Verduzco\" \/>\n<meta name=\"twitter:card\" content=\"summary_large_image\" \/>\n<meta name=\"twitter:label1\" content=\"Escrito por\" \/>\n\t<meta name=\"twitter:data1\" content=\"Lorenzo Verduzco\" \/>\n\t<meta name=\"twitter:label2\" content=\"Tiempo de lectura\" \/>\n\t<meta name=\"twitter:data2\" content=\"2 minutos\" \/>\n<script type=\"application\/ld+json\" class=\"yoast-schema-graph\">{\"@context\":\"https:\\\/\\\/schema.org\",\"@graph\":[{\"@type\":\"Article\",\"@id\":\"https:\\\/\\\/interamerica.org\\\/es\\\/2015\\\/03\\\/dos-miembros-adventistas-detenidos-en-bangladesh\\\/#article\",\"isPartOf\":{\"@id\":\"https:\\\/\\\/interamerica.org\\\/es\\\/2015\\\/03\\\/dos-miembros-adventistas-detenidos-en-bangladesh\\\/\"},\"author\":{\"name\":\"Lorenzo Verduzco\",\"@id\":\"https:\\\/\\\/interamerica.org\\\/es\\\/#\\\/schema\\\/person\\\/68ede8bdc292885bb76c1e3810e73c39\"},\"headline\":\"Dos miembros adventistas detenidos en Bangladesh\",\"datePublished\":\"2015-03-25T04:00:00+00:00\",\"mainEntityOfPage\":{\"@id\":\"https:\\\/\\\/interamerica.org\\\/es\\\/2015\\\/03\\\/dos-miembros-adventistas-detenidos-en-bangladesh\\\/\"},\"wordCount\":308,\"image\":{\"@id\":\"https:\\\/\\\/interamerica.org\\\/es\\\/2015\\\/03\\\/dos-miembros-adventistas-detenidos-en-bangladesh\\\/#primaryimage\"},\"thumbnailUrl\":\"https:\\\/\\\/interamerica.org\\\/wp-content\\\/uploads\\\/2017\\\/06\\\/csm_Bangladesh-01_c895abf6fd.jpg\",\"articleSection\":[\"Desde la iglesia mundial\",\"RSS Espa\u00f1ol\"],\"inLanguage\":\"es\"},{\"@type\":\"WebPage\",\"@id\":\"https:\\\/\\\/interamerica.org\\\/es\\\/2015\\\/03\\\/dos-miembros-adventistas-detenidos-en-bangladesh\\\/\",\"url\":\"https:\\\/\\\/interamerica.org\\\/es\\\/2015\\\/03\\\/dos-miembros-adventistas-detenidos-en-bangladesh\\\/\",\"name\":\"Dos miembros adventistas detenidos en Bangladesh - Iglesia Adventista del S\u00e9ptimo D\u00eda - Divisi\u00f3n Interamericana\",\"isPartOf\":{\"@id\":\"https:\\\/\\\/interamerica.org\\\/es\\\/#website\"},\"primaryImageOfPage\":{\"@id\":\"https:\\\/\\\/interamerica.org\\\/es\\\/2015\\\/03\\\/dos-miembros-adventistas-detenidos-en-bangladesh\\\/#primaryimage\"},\"image\":{\"@id\":\"https:\\\/\\\/interamerica.org\\\/es\\\/2015\\\/03\\\/dos-miembros-adventistas-detenidos-en-bangladesh\\\/#primaryimage\"},\"thumbnailUrl\":\"https:\\\/\\\/interamerica.org\\\/wp-content\\\/uploads\\\/2017\\\/06\\\/csm_Bangladesh-01_c895abf6fd.jpg\",\"datePublished\":\"2015-03-25T04:00:00+00:00\",\"author\":{\"@id\":\"https:\\\/\\\/interamerica.org\\\/es\\\/#\\\/schema\\\/person\\\/68ede8bdc292885bb76c1e3810e73c39\"},\"breadcrumb\":{\"@id\":\"https:\\\/\\\/interamerica.org\\\/es\\\/2015\\\/03\\\/dos-miembros-adventistas-detenidos-en-bangladesh\\\/#breadcrumb\"},\"inLanguage\":\"es\",\"potentialAction\":[{\"@type\":\"ReadAction\",\"target\":[\"https:\\\/\\\/interamerica.org\\\/es\\\/2015\\\/03\\\/dos-miembros-adventistas-detenidos-en-bangladesh\\\/\"]}]},{\"@type\":\"ImageObject\",\"inLanguage\":\"es\",\"@id\":\"https:\\\/\\\/interamerica.org\\\/es\\\/2015\\\/03\\\/dos-miembros-adventistas-detenidos-en-bangladesh\\\/#primaryimage\",\"url\":\"https:\\\/\\\/interamerica.org\\\/wp-content\\\/uploads\\\/2017\\\/06\\\/csm_Bangladesh-01_c895abf6fd.jpg\",\"contentUrl\":\"https:\\\/\\\/interamerica.org\\\/wp-content\\\/uploads\\\/2017\\\/06\\\/csm_Bangladesh-01_c895abf6fd.jpg\",\"width\":400,\"height\":310},{\"@type\":\"BreadcrumbList\",\"@id\":\"https:\\\/\\\/interamerica.org\\\/es\\\/2015\\\/03\\\/dos-miembros-adventistas-detenidos-en-bangladesh\\\/#breadcrumb\",\"itemListElement\":[{\"@type\":\"ListItem\",\"position\":1,\"name\":\"Home\",\"item\":\"https:\\\/\\\/interamerica.org\\\/es\\\/\"},{\"@type\":\"ListItem\",\"position\":2,\"name\":\"Dos miembros adventistas detenidos en Bangladesh\"}]},{\"@type\":\"WebSite\",\"@id\":\"https:\\\/\\\/interamerica.org\\\/es\\\/#website\",\"url\":\"https:\\\/\\\/interamerica.org\\\/es\\\/\",\"name\":\"Iglesia Adventista del S\u00e9ptimo D\u00eda - Divisi\u00f3n Interamericana\",\"description\":\"\",\"potentialAction\":[{\"@type\":\"SearchAction\",\"target\":{\"@type\":\"EntryPoint\",\"urlTemplate\":\"https:\\\/\\\/interamerica.org\\\/es\\\/?s={search_term_string}\"},\"query-input\":{\"@type\":\"PropertyValueSpecification\",\"valueRequired\":true,\"valueName\":\"search_term_string\"}}],\"inLanguage\":\"es\"},{\"@type\":\"Person\",\"@id\":\"https:\\\/\\\/interamerica.org\\\/es\\\/#\\\/schema\\\/person\\\/68ede8bdc292885bb76c1e3810e73c39\",\"name\":\"Lorenzo Verduzco\",\"image\":{\"@type\":\"ImageObject\",\"inLanguage\":\"es\",\"@id\":\"https:\\\/\\\/secure.gravatar.com\\\/avatar\\\/fb81a55b6218459490a9c1dc841a34909185b81904c5337b4b27f7a6fd60c49e?s=96&d=mm&r=g\",\"url\":\"https:\\\/\\\/secure.gravatar.com\\\/avatar\\\/fb81a55b6218459490a9c1dc841a34909185b81904c5337b4b27f7a6fd60c49e?s=96&d=mm&r=g\",\"contentUrl\":\"https:\\\/\\\/secure.gravatar.com\\\/avatar\\\/fb81a55b6218459490a9c1dc841a34909185b81904c5337b4b27f7a6fd60c49e?s=96&d=mm&r=g\",\"caption\":\"Lorenzo Verduzco\"}}]}<\/script>\n<!-- \/ Yoast SEO plugin. -->","yoast_head_json":{"title":"Dos miembros adventistas detenidos en Bangladesh - Iglesia Adventista del S\u00e9ptimo D\u00eda - Divisi\u00f3n Interamericana","robots":{"index":"index","follow":"follow","max-snippet":"max-snippet:-1","max-image-preview":"max-image-preview:large","max-video-preview":"max-video-preview:-1"},"canonical":"https:\/\/interamerica.org\/es\/2015\/03\/dos-miembros-adventistas-detenidos-en-bangladesh\/","og_locale":"es_ES","og_type":"article","og_title":"Dos miembros adventistas detenidos en Bangladesh - Iglesia Adventista del S\u00e9ptimo D\u00eda - Divisi\u00f3n Interamericana","og_description":"La Iglesia Adventista del S\u00e9ptimo D\u00eda dijo el martes que dos miembros adventistas hab\u00edan sido detenidos en Bangladesh bajo cargos no muy claros. Han sido liberados de la prisi\u00f3n antes de una audiencia ante un tribunal, dijo el vocero de la iglesia, Garrett Caldwell.","og_url":"https:\/\/interamerica.org\/es\/2015\/03\/dos-miembros-adventistas-detenidos-en-bangladesh\/","og_site_name":"Iglesia Adventista del S\u00e9ptimo D\u00eda - Divisi\u00f3n Interamericana","article_published_time":"2015-03-25T04:00:00+00:00","og_image":[{"width":400,"height":310,"url":"https:\/\/interamerica.org\/wp-content\/uploads\/2017\/06\/csm_Bangladesh-01_c895abf6fd.jpg","type":"image\/jpeg"}],"author":"Lorenzo Verduzco","twitter_card":"summary_large_image","twitter_misc":{"Escrito por":"Lorenzo Verduzco","Tiempo de lectura":"2 minutos"},"schema":{"@context":"https:\/\/schema.org","@graph":[{"@type":"Article","@id":"https:\/\/interamerica.org\/es\/2015\/03\/dos-miembros-adventistas-detenidos-en-bangladesh\/#article","isPartOf":{"@id":"https:\/\/interamerica.org\/es\/2015\/03\/dos-miembros-adventistas-detenidos-en-bangladesh\/"},"author":{"name":"Lorenzo Verduzco","@id":"https:\/\/interamerica.org\/es\/#\/schema\/person\/68ede8bdc292885bb76c1e3810e73c39"},"headline":"Dos miembros adventistas detenidos en Bangladesh","datePublished":"2015-03-25T04:00:00+00:00","mainEntityOfPage":{"@id":"https:\/\/interamerica.org\/es\/2015\/03\/dos-miembros-adventistas-detenidos-en-bangladesh\/"},"wordCount":308,"image":{"@id":"https:\/\/interamerica.org\/es\/2015\/03\/dos-miembros-adventistas-detenidos-en-bangladesh\/#primaryimage"},"thumbnailUrl":"https:\/\/interamerica.org\/wp-content\/uploads\/2017\/06\/csm_Bangladesh-01_c895abf6fd.jpg","articleSection":["Desde la iglesia mundial","RSS Espa\u00f1ol"],"inLanguage":"es"},{"@type":"WebPage","@id":"https:\/\/interamerica.org\/es\/2015\/03\/dos-miembros-adventistas-detenidos-en-bangladesh\/","url":"https:\/\/interamerica.org\/es\/2015\/03\/dos-miembros-adventistas-detenidos-en-bangladesh\/","name":"Dos miembros adventistas detenidos en Bangladesh - Iglesia Adventista del S\u00e9ptimo D\u00eda - Divisi\u00f3n Interamericana","isPartOf":{"@id":"https:\/\/interamerica.org\/es\/#website"},"primaryImageOfPage":{"@id":"https:\/\/interamerica.org\/es\/2015\/03\/dos-miembros-adventistas-detenidos-en-bangladesh\/#primaryimage"},"image":{"@id":"https:\/\/interamerica.org\/es\/2015\/03\/dos-miembros-adventistas-detenidos-en-bangladesh\/#primaryimage"},"thumbnailUrl":"https:\/\/interamerica.org\/wp-content\/uploads\/2017\/06\/csm_Bangladesh-01_c895abf6fd.jpg","datePublished":"2015-03-25T04:00:00+00:00","author":{"@id":"https:\/\/interamerica.org\/es\/#\/schema\/person\/68ede8bdc292885bb76c1e3810e73c39"},"breadcrumb":{"@id":"https:\/\/interamerica.org\/es\/2015\/03\/dos-miembros-adventistas-detenidos-en-bangladesh\/#breadcrumb"},"inLanguage":"es","potentialAction":[{"@type":"ReadAction","target":["https:\/\/interamerica.org\/es\/2015\/03\/dos-miembros-adventistas-detenidos-en-bangladesh\/"]}]},{"@type":"ImageObject","inLanguage":"es","@id":"https:\/\/interamerica.org\/es\/2015\/03\/dos-miembros-adventistas-detenidos-en-bangladesh\/#primaryimage","url":"https:\/\/interamerica.org\/wp-content\/uploads\/2017\/06\/csm_Bangladesh-01_c895abf6fd.jpg","contentUrl":"https:\/\/interamerica.org\/wp-content\/uploads\/2017\/06\/csm_Bangladesh-01_c895abf6fd.jpg","width":400,"height":310},{"@type":"BreadcrumbList","@id":"https:\/\/interamerica.org\/es\/2015\/03\/dos-miembros-adventistas-detenidos-en-bangladesh\/#breadcrumb","itemListElement":[{"@type":"ListItem","position":1,"name":"Home","item":"https:\/\/interamerica.org\/es\/"},{"@type":"ListItem","position":2,"name":"Dos miembros adventistas detenidos en Bangladesh"}]},{"@type":"WebSite","@id":"https:\/\/interamerica.org\/es\/#website","url":"https:\/\/interamerica.org\/es\/","name":"Iglesia Adventista del S\u00e9ptimo D\u00eda - Divisi\u00f3n Interamericana","description":"","potentialAction":[{"@type":"SearchAction","target":{"@type":"EntryPoint","urlTemplate":"https:\/\/interamerica.org\/es\/?s={search_term_string}"},"query-input":{"@type":"PropertyValueSpecification","valueRequired":true,"valueName":"search_term_string"}}],"inLanguage":"es"},{"@type":"Person","@id":"https:\/\/interamerica.org\/es\/#\/schema\/person\/68ede8bdc292885bb76c1e3810e73c39","name":"Lorenzo Verduzco","image":{"@type":"ImageObject","inLanguage":"es","@id":"https:\/\/secure.gravatar.com\/avatar\/fb81a55b6218459490a9c1dc841a34909185b81904c5337b4b27f7a6fd60c49e?s=96&d=mm&r=g","url":"https:\/\/secure.gravatar.com\/avatar\/fb81a55b6218459490a9c1dc841a34909185b81904c5337b4b27f7a6fd60c49e?s=96&d=mm&r=g","contentUrl":"https:\/\/secure.gravatar.com\/avatar\/fb81a55b6218459490a9c1dc841a34909185b81904c5337b4b27f7a6fd60c49e?s=96&d=mm&r=g","caption":"Lorenzo Verduzco"}}]}},"_links":{"self":[{"href":"https:\/\/interamerica.org\/es\/wp-json\/wp\/v2\/posts\/30770","targetHints":{"allow":["GET"]}}],"collection":[{"href":"https:\/\/interamerica.org\/es\/wp-json\/wp\/v2\/posts"}],"about":[{"href":"https:\/\/interamerica.org\/es\/wp-json\/wp\/v2\/types\/post"}],"author":[{"embeddable":true,"href":"https:\/\/interamerica.org\/es\/wp-json\/wp\/v2\/users\/1"}],"replies":[{"embeddable":true,"href":"https:\/\/interamerica.org\/es\/wp-json\/wp\/v2\/comments?post=30770"}],"version-history":[{"count":0,"href":"https:\/\/interamerica.org\/es\/wp-json\/wp\/v2\/posts\/30770\/revisions"}],"wp:featuredmedia":[{"embeddable":true,"href":"https:\/\/interamerica.org\/es\/wp-json\/wp\/v2\/media\/24813"}],"wp:attachment":[{"href":"https:\/\/interamerica.org\/es\/wp-json\/wp\/v2\/media?parent=30770"}],"wp:term":[{"taxonomy":"category","embeddable":true,"href":"https:\/\/interamerica.org\/es\/wp-json\/wp\/v2\/categories?post=30770"},{"taxonomy":"post_tag","embeddable":true,"href":"https:\/\/interamerica.org\/es\/wp-json\/wp\/v2\/tags?post=30770"}],"curies":[{"name":"wp","href":"https:\/\/api.w.org\/{rel}","templated":true}]}}