{"id":30772,"date":"2015-03-26T00:00:00","date_gmt":"2015-03-26T04:00:00","guid":{"rendered":"http:\/\/192.81.217.108\/interamerica\/2015\/03\/congreso-en-linea-marcara-objetivos-para-el-futuro-de-la-educacion-en-interamerica\/"},"modified":"2015-03-26T00:00:00","modified_gmt":"2015-03-26T04:00:00","slug":"congreso-en-linea-marcara-objetivos-para-el-futuro-de-la-educacion-en-interamerica","status":"publish","type":"post","link":"https:\/\/interamerica.org\/es\/2015\/03\/congreso-en-linea-marcara-objetivos-para-el-futuro-de-la-educacion-en-interamerica\/","title":{"rendered":"Congreso en l\u00ednea marcar\u00e1 objetivos para el futuro de la educaci\u00f3n en Interam\u00e9rica"},"content":{"rendered":"<p>26 de marzo de 2015 | Miami, Florida, Estados Unidos | Libna Stevens\/DIA<\/p>\n<div id=\"attachment_16014\" style=\"width: 310px\" class=\"wp-caption alignright\"><a href=\"\/interamerica\/wp-content\/uploads\/2017\/06\/Educ-CongressSPA300.png\" rel=\"fancybox\" title=\"Congreso en l\u00ednea marcar\u00e1 objetivos para el futuro de la educaci\u00f3n en Interam\u00e9rica\"><img fetchpriority=\"high\" decoding=\"async\" aria-describedby=\"caption-attachment-16014\" class=\"size-full wp-image-16014\" title=\"Educ-CongressSPA300\" src=\"\/interamerica\/wp-content\/uploads\/2017\/06\/Educ-CongressSPA300.png\" alt=\"\" width=\"300\" height=\"245\" \/><\/a><p id=\"caption-attachment-16014\" class=\"wp-caption-text\">Imagen por Alma Verduzco<\/p><\/div>\n<p>Educadores y administradores de la Iglesia Adventista de todo el territorio de la Divisi\u00f3n Interamericana (DIA) se reunir\u00e1n con motivo de un congreso de educaci\u00f3n este s\u00e1bado 28 de marzo, en la sede central de la DIA en Miami, Florida. El evento ser\u00e1 transmitido en vivo por Internet, a partir de las 10.00, hora de Miami.<\/p>\n<p>El acontecimiento reunir\u00e1 a m\u00e1s de cien docentes de universidades, y de escuelas primarias y secundarias, con el prop\u00f3sito de analizar las mejoras llevadas a cabo durante los \u00faltimos cinco a\u00f1os, y para compartir sus planes de fortalecimiento de la educaci\u00f3n adventista, dijo el doctor Gamaliel Florez, director de educaci\u00f3n de la Iglesia Adventista en Interam\u00e9rica.<\/p>\n<p>Asimismo, decenas de los principales administradores de las uniones tambi\u00e9n analizar\u00e1n los desaf\u00edos existentes con el objetivo de mantener la educaci\u00f3n de calidad y los recursos disponibles que permitan financiarla.<\/p>\n<p>\u00abQueremos animar a nuestros l\u00edderes de las uniones para que encuentren soluciones que les permitan seguir los claros reglamentos que buscan mejorar las instituciones educativas y remunerar a los miles de docentes con el objetivo de ver avances en la educaci\u00f3n de nuestras escuelas y universidades\u00bb, dijo Florez.<\/p>\n<p>El congreso incluir\u00e1 seminarios y presentaciones, as\u00ed como una sesi\u00f3n de preguntas y respuestas con los educadores y principales l\u00edderes de la Iglesia Adventista.<\/p>\n<p>Si desea seguir el Congreso de Educaci\u00f3n de Interam\u00e9rica en l\u00ednea este pr\u00f3ximo 28 de marzo de 2015, de 10.00 a 18.00 (Hora de Miami), vis\u00edtenos en\u00a0<a href=\"http:\/\/webcast.interamerica.org\/english\">webcast.interamerica.org<\/a><\/p>\n<p><em>Traducci\u00f3n de Marcos Paseggi<\/em><\/p>\n","protected":false},"excerpt":{"rendered":"<p>Educadores y administradores de la Iglesia Adventista de todo el territorio de la Divisi\u00f3n Interamericana (DIA) se reunir\u00e1n con motivo de un congreso de educaci\u00f3n este s\u00e1bado 28 de marzo, en la sede central de la DIA en Miami, Florida. El evento ser\u00e1 transmitido en vivo por Internet, a partir de las 10.00, hora de Miami.<\/p>\n","protected":false},"author":1,"featured_media":30773,"comment_status":"closed","ping_status":"closed","sticky":false,"template":"","format":"standard","meta":{"_acf_changed":false,"footnotes":""},"categories":[16,15],"tags":[],"class_list":["post-30772","post","type-post","status-publish","format-standard","has-post-thumbnail","hentry","category-desde-la-sede","category-rss-espanol"],"acf":[],"yoast_head":"<!-- This site is optimized with the Yoast SEO plugin v27.3 - https:\/\/yoast.com\/product\/yoast-seo-wordpress\/ -->\n<title>Congreso en l\u00ednea marcar\u00e1 objetivos para el futuro de la educaci\u00f3n en Interam\u00e9rica - Iglesia Adventista del S\u00e9ptimo D\u00eda - Divisi\u00f3n Interamericana<\/title>\n<meta name=\"robots\" content=\"index, follow, max-snippet:-1, max-image-preview:large, max-video-preview:-1\" \/>\n<link rel=\"canonical\" href=\"https:\/\/interamerica.org\/es\/2015\/03\/congreso-en-linea-marcara-objetivos-para-el-futuro-de-la-educacion-en-interamerica\/\" \/>\n<meta property=\"og:locale\" content=\"es_ES\" \/>\n<meta property=\"og:type\" content=\"article\" \/>\n<meta property=\"og:title\" content=\"Congreso en l\u00ednea marcar\u00e1 objetivos para el futuro de la educaci\u00f3n en Interam\u00e9rica - Iglesia Adventista del S\u00e9ptimo D\u00eda - Divisi\u00f3n Interamericana\" \/>\n<meta property=\"og:description\" content=\"Educadores y administradores de la Iglesia Adventista de todo el territorio de la Divisi\u00f3n Interamericana (DIA) se reunir\u00e1n con motivo de un congreso de educaci\u00f3n este s\u00e1bado 28 de marzo, en la sede central de la DIA en Miami, Florida. El evento ser\u00e1 transmitido en vivo por Internet, a partir de las 10.00, hora de Miami.\" \/>\n<meta property=\"og:url\" content=\"https:\/\/interamerica.org\/es\/2015\/03\/congreso-en-linea-marcara-objetivos-para-el-futuro-de-la-educacion-en-interamerica\/\" \/>\n<meta property=\"og:site_name\" content=\"Iglesia Adventista del S\u00e9ptimo D\u00eda - Divisi\u00f3n Interamericana\" \/>\n<meta property=\"article:published_time\" content=\"2015-03-26T04:00:00+00:00\" \/>\n<meta property=\"og:image\" content=\"https:\/\/interamerica.org\/wp-content\/uploads\/2017\/06\/Educ-CongressSPA300.png\" \/>\n\t<meta property=\"og:image:width\" content=\"300\" \/>\n\t<meta property=\"og:image:height\" content=\"245\" \/>\n\t<meta property=\"og:image:type\" content=\"image\/png\" \/>\n<meta name=\"author\" content=\"Lorenzo Verduzco\" \/>\n<meta name=\"twitter:card\" content=\"summary_large_image\" \/>\n<meta name=\"twitter:label1\" content=\"Escrito por\" \/>\n\t<meta name=\"twitter:data1\" content=\"Lorenzo Verduzco\" \/>\n\t<meta name=\"twitter:label2\" content=\"Tiempo de lectura\" \/>\n\t<meta name=\"twitter:data2\" content=\"1 minuto\" \/>\n<script type=\"application\/ld+json\" class=\"yoast-schema-graph\">{\"@context\":\"https:\\\/\\\/schema.org\",\"@graph\":[{\"@type\":\"Article\",\"@id\":\"https:\\\/\\\/interamerica.org\\\/es\\\/2015\\\/03\\\/congreso-en-linea-marcara-objetivos-para-el-futuro-de-la-educacion-en-interamerica\\\/#article\",\"isPartOf\":{\"@id\":\"https:\\\/\\\/interamerica.org\\\/es\\\/2015\\\/03\\\/congreso-en-linea-marcara-objetivos-para-el-futuro-de-la-educacion-en-interamerica\\\/\"},\"author\":{\"name\":\"Lorenzo Verduzco\",\"@id\":\"https:\\\/\\\/interamerica.org\\\/es\\\/#\\\/schema\\\/person\\\/68ede8bdc292885bb76c1e3810e73c39\"},\"headline\":\"Congreso en l\u00ednea marcar\u00e1 objetivos para el futuro de la educaci\u00f3n en Interam\u00e9rica\",\"datePublished\":\"2015-03-26T04:00:00+00:00\",\"mainEntityOfPage\":{\"@id\":\"https:\\\/\\\/interamerica.org\\\/es\\\/2015\\\/03\\\/congreso-en-linea-marcara-objetivos-para-el-futuro-de-la-educacion-en-interamerica\\\/\"},\"wordCount\":303,\"image\":{\"@id\":\"https:\\\/\\\/interamerica.org\\\/es\\\/2015\\\/03\\\/congreso-en-linea-marcara-objetivos-para-el-futuro-de-la-educacion-en-interamerica\\\/#primaryimage\"},\"thumbnailUrl\":\"https:\\\/\\\/interamerica.org\\\/wp-content\\\/uploads\\\/2017\\\/06\\\/Educ-CongressSPA300.png\",\"articleSection\":[\"Desde la sede\",\"RSS Espa\u00f1ol\"],\"inLanguage\":\"es\"},{\"@type\":\"WebPage\",\"@id\":\"https:\\\/\\\/interamerica.org\\\/es\\\/2015\\\/03\\\/congreso-en-linea-marcara-objetivos-para-el-futuro-de-la-educacion-en-interamerica\\\/\",\"url\":\"https:\\\/\\\/interamerica.org\\\/es\\\/2015\\\/03\\\/congreso-en-linea-marcara-objetivos-para-el-futuro-de-la-educacion-en-interamerica\\\/\",\"name\":\"Congreso en l\u00ednea marcar\u00e1 objetivos para el futuro de la educaci\u00f3n en Interam\u00e9rica - Iglesia Adventista del S\u00e9ptimo D\u00eda - Divisi\u00f3n Interamericana\",\"isPartOf\":{\"@id\":\"https:\\\/\\\/interamerica.org\\\/es\\\/#website\"},\"primaryImageOfPage\":{\"@id\":\"https:\\\/\\\/interamerica.org\\\/es\\\/2015\\\/03\\\/congreso-en-linea-marcara-objetivos-para-el-futuro-de-la-educacion-en-interamerica\\\/#primaryimage\"},\"image\":{\"@id\":\"https:\\\/\\\/interamerica.org\\\/es\\\/2015\\\/03\\\/congreso-en-linea-marcara-objetivos-para-el-futuro-de-la-educacion-en-interamerica\\\/#primaryimage\"},\"thumbnailUrl\":\"https:\\\/\\\/interamerica.org\\\/wp-content\\\/uploads\\\/2017\\\/06\\\/Educ-CongressSPA300.png\",\"datePublished\":\"2015-03-26T04:00:00+00:00\",\"author\":{\"@id\":\"https:\\\/\\\/interamerica.org\\\/es\\\/#\\\/schema\\\/person\\\/68ede8bdc292885bb76c1e3810e73c39\"},\"breadcrumb\":{\"@id\":\"https:\\\/\\\/interamerica.org\\\/es\\\/2015\\\/03\\\/congreso-en-linea-marcara-objetivos-para-el-futuro-de-la-educacion-en-interamerica\\\/#breadcrumb\"},\"inLanguage\":\"es\",\"potentialAction\":[{\"@type\":\"ReadAction\",\"target\":[\"https:\\\/\\\/interamerica.org\\\/es\\\/2015\\\/03\\\/congreso-en-linea-marcara-objetivos-para-el-futuro-de-la-educacion-en-interamerica\\\/\"]}]},{\"@type\":\"ImageObject\",\"inLanguage\":\"es\",\"@id\":\"https:\\\/\\\/interamerica.org\\\/es\\\/2015\\\/03\\\/congreso-en-linea-marcara-objetivos-para-el-futuro-de-la-educacion-en-interamerica\\\/#primaryimage\",\"url\":\"https:\\\/\\\/interamerica.org\\\/wp-content\\\/uploads\\\/2017\\\/06\\\/Educ-CongressSPA300.png\",\"contentUrl\":\"https:\\\/\\\/interamerica.org\\\/wp-content\\\/uploads\\\/2017\\\/06\\\/Educ-CongressSPA300.png\",\"width\":300,\"height\":245},{\"@type\":\"BreadcrumbList\",\"@id\":\"https:\\\/\\\/interamerica.org\\\/es\\\/2015\\\/03\\\/congreso-en-linea-marcara-objetivos-para-el-futuro-de-la-educacion-en-interamerica\\\/#breadcrumb\",\"itemListElement\":[{\"@type\":\"ListItem\",\"position\":1,\"name\":\"Home\",\"item\":\"https:\\\/\\\/interamerica.org\\\/es\\\/\"},{\"@type\":\"ListItem\",\"position\":2,\"name\":\"Congreso en l\u00ednea marcar\u00e1 objetivos para el futuro de la educaci\u00f3n en Interam\u00e9rica\"}]},{\"@type\":\"WebSite\",\"@id\":\"https:\\\/\\\/interamerica.org\\\/es\\\/#website\",\"url\":\"https:\\\/\\\/interamerica.org\\\/es\\\/\",\"name\":\"Iglesia Adventista del S\u00e9ptimo D\u00eda - Divisi\u00f3n Interamericana\",\"description\":\"\",\"potentialAction\":[{\"@type\":\"SearchAction\",\"target\":{\"@type\":\"EntryPoint\",\"urlTemplate\":\"https:\\\/\\\/interamerica.org\\\/es\\\/?s={search_term_string}\"},\"query-input\":{\"@type\":\"PropertyValueSpecification\",\"valueRequired\":true,\"valueName\":\"search_term_string\"}}],\"inLanguage\":\"es\"},{\"@type\":\"Person\",\"@id\":\"https:\\\/\\\/interamerica.org\\\/es\\\/#\\\/schema\\\/person\\\/68ede8bdc292885bb76c1e3810e73c39\",\"name\":\"Lorenzo Verduzco\",\"image\":{\"@type\":\"ImageObject\",\"inLanguage\":\"es\",\"@id\":\"https:\\\/\\\/secure.gravatar.com\\\/avatar\\\/fb81a55b6218459490a9c1dc841a34909185b81904c5337b4b27f7a6fd60c49e?s=96&d=mm&r=g\",\"url\":\"https:\\\/\\\/secure.gravatar.com\\\/avatar\\\/fb81a55b6218459490a9c1dc841a34909185b81904c5337b4b27f7a6fd60c49e?s=96&d=mm&r=g\",\"contentUrl\":\"https:\\\/\\\/secure.gravatar.com\\\/avatar\\\/fb81a55b6218459490a9c1dc841a34909185b81904c5337b4b27f7a6fd60c49e?s=96&d=mm&r=g\",\"caption\":\"Lorenzo Verduzco\"}}]}<\/script>\n<!-- \/ Yoast SEO plugin. -->","yoast_head_json":{"title":"Congreso en l\u00ednea marcar\u00e1 objetivos para el futuro de la educaci\u00f3n en Interam\u00e9rica - Iglesia Adventista del S\u00e9ptimo D\u00eda - Divisi\u00f3n Interamericana","robots":{"index":"index","follow":"follow","max-snippet":"max-snippet:-1","max-image-preview":"max-image-preview:large","max-video-preview":"max-video-preview:-1"},"canonical":"https:\/\/interamerica.org\/es\/2015\/03\/congreso-en-linea-marcara-objetivos-para-el-futuro-de-la-educacion-en-interamerica\/","og_locale":"es_ES","og_type":"article","og_title":"Congreso en l\u00ednea marcar\u00e1 objetivos para el futuro de la educaci\u00f3n en Interam\u00e9rica - Iglesia Adventista del S\u00e9ptimo D\u00eda - Divisi\u00f3n Interamericana","og_description":"Educadores y administradores de la Iglesia Adventista de todo el territorio de la Divisi\u00f3n Interamericana (DIA) se reunir\u00e1n con motivo de un congreso de educaci\u00f3n este s\u00e1bado 28 de marzo, en la sede central de la DIA en Miami, Florida. El evento ser\u00e1 transmitido en vivo por Internet, a partir de las 10.00, hora de Miami.","og_url":"https:\/\/interamerica.org\/es\/2015\/03\/congreso-en-linea-marcara-objetivos-para-el-futuro-de-la-educacion-en-interamerica\/","og_site_name":"Iglesia Adventista del S\u00e9ptimo D\u00eda - Divisi\u00f3n Interamericana","article_published_time":"2015-03-26T04:00:00+00:00","og_image":[{"width":300,"height":245,"url":"https:\/\/interamerica.org\/wp-content\/uploads\/2017\/06\/Educ-CongressSPA300.png","type":"image\/png"}],"author":"Lorenzo Verduzco","twitter_card":"summary_large_image","twitter_misc":{"Escrito por":"Lorenzo Verduzco","Tiempo de lectura":"1 minuto"},"schema":{"@context":"https:\/\/schema.org","@graph":[{"@type":"Article","@id":"https:\/\/interamerica.org\/es\/2015\/03\/congreso-en-linea-marcara-objetivos-para-el-futuro-de-la-educacion-en-interamerica\/#article","isPartOf":{"@id":"https:\/\/interamerica.org\/es\/2015\/03\/congreso-en-linea-marcara-objetivos-para-el-futuro-de-la-educacion-en-interamerica\/"},"author":{"name":"Lorenzo Verduzco","@id":"https:\/\/interamerica.org\/es\/#\/schema\/person\/68ede8bdc292885bb76c1e3810e73c39"},"headline":"Congreso en l\u00ednea marcar\u00e1 objetivos para el futuro de la educaci\u00f3n en Interam\u00e9rica","datePublished":"2015-03-26T04:00:00+00:00","mainEntityOfPage":{"@id":"https:\/\/interamerica.org\/es\/2015\/03\/congreso-en-linea-marcara-objetivos-para-el-futuro-de-la-educacion-en-interamerica\/"},"wordCount":303,"image":{"@id":"https:\/\/interamerica.org\/es\/2015\/03\/congreso-en-linea-marcara-objetivos-para-el-futuro-de-la-educacion-en-interamerica\/#primaryimage"},"thumbnailUrl":"https:\/\/interamerica.org\/wp-content\/uploads\/2017\/06\/Educ-CongressSPA300.png","articleSection":["Desde la sede","RSS Espa\u00f1ol"],"inLanguage":"es"},{"@type":"WebPage","@id":"https:\/\/interamerica.org\/es\/2015\/03\/congreso-en-linea-marcara-objetivos-para-el-futuro-de-la-educacion-en-interamerica\/","url":"https:\/\/interamerica.org\/es\/2015\/03\/congreso-en-linea-marcara-objetivos-para-el-futuro-de-la-educacion-en-interamerica\/","name":"Congreso en l\u00ednea marcar\u00e1 objetivos para el futuro de la educaci\u00f3n en Interam\u00e9rica - Iglesia Adventista del S\u00e9ptimo D\u00eda - Divisi\u00f3n Interamericana","isPartOf":{"@id":"https:\/\/interamerica.org\/es\/#website"},"primaryImageOfPage":{"@id":"https:\/\/interamerica.org\/es\/2015\/03\/congreso-en-linea-marcara-objetivos-para-el-futuro-de-la-educacion-en-interamerica\/#primaryimage"},"image":{"@id":"https:\/\/interamerica.org\/es\/2015\/03\/congreso-en-linea-marcara-objetivos-para-el-futuro-de-la-educacion-en-interamerica\/#primaryimage"},"thumbnailUrl":"https:\/\/interamerica.org\/wp-content\/uploads\/2017\/06\/Educ-CongressSPA300.png","datePublished":"2015-03-26T04:00:00+00:00","author":{"@id":"https:\/\/interamerica.org\/es\/#\/schema\/person\/68ede8bdc292885bb76c1e3810e73c39"},"breadcrumb":{"@id":"https:\/\/interamerica.org\/es\/2015\/03\/congreso-en-linea-marcara-objetivos-para-el-futuro-de-la-educacion-en-interamerica\/#breadcrumb"},"inLanguage":"es","potentialAction":[{"@type":"ReadAction","target":["https:\/\/interamerica.org\/es\/2015\/03\/congreso-en-linea-marcara-objetivos-para-el-futuro-de-la-educacion-en-interamerica\/"]}]},{"@type":"ImageObject","inLanguage":"es","@id":"https:\/\/interamerica.org\/es\/2015\/03\/congreso-en-linea-marcara-objetivos-para-el-futuro-de-la-educacion-en-interamerica\/#primaryimage","url":"https:\/\/interamerica.org\/wp-content\/uploads\/2017\/06\/Educ-CongressSPA300.png","contentUrl":"https:\/\/interamerica.org\/wp-content\/uploads\/2017\/06\/Educ-CongressSPA300.png","width":300,"height":245},{"@type":"BreadcrumbList","@id":"https:\/\/interamerica.org\/es\/2015\/03\/congreso-en-linea-marcara-objetivos-para-el-futuro-de-la-educacion-en-interamerica\/#breadcrumb","itemListElement":[{"@type":"ListItem","position":1,"name":"Home","item":"https:\/\/interamerica.org\/es\/"},{"@type":"ListItem","position":2,"name":"Congreso en l\u00ednea marcar\u00e1 objetivos para el futuro de la educaci\u00f3n en Interam\u00e9rica"}]},{"@type":"WebSite","@id":"https:\/\/interamerica.org\/es\/#website","url":"https:\/\/interamerica.org\/es\/","name":"Iglesia Adventista del S\u00e9ptimo D\u00eda - Divisi\u00f3n Interamericana","description":"","potentialAction":[{"@type":"SearchAction","target":{"@type":"EntryPoint","urlTemplate":"https:\/\/interamerica.org\/es\/?s={search_term_string}"},"query-input":{"@type":"PropertyValueSpecification","valueRequired":true,"valueName":"search_term_string"}}],"inLanguage":"es"},{"@type":"Person","@id":"https:\/\/interamerica.org\/es\/#\/schema\/person\/68ede8bdc292885bb76c1e3810e73c39","name":"Lorenzo Verduzco","image":{"@type":"ImageObject","inLanguage":"es","@id":"https:\/\/secure.gravatar.com\/avatar\/fb81a55b6218459490a9c1dc841a34909185b81904c5337b4b27f7a6fd60c49e?s=96&d=mm&r=g","url":"https:\/\/secure.gravatar.com\/avatar\/fb81a55b6218459490a9c1dc841a34909185b81904c5337b4b27f7a6fd60c49e?s=96&d=mm&r=g","contentUrl":"https:\/\/secure.gravatar.com\/avatar\/fb81a55b6218459490a9c1dc841a34909185b81904c5337b4b27f7a6fd60c49e?s=96&d=mm&r=g","caption":"Lorenzo Verduzco"}}]}},"_links":{"self":[{"href":"https:\/\/interamerica.org\/es\/wp-json\/wp\/v2\/posts\/30772","targetHints":{"allow":["GET"]}}],"collection":[{"href":"https:\/\/interamerica.org\/es\/wp-json\/wp\/v2\/posts"}],"about":[{"href":"https:\/\/interamerica.org\/es\/wp-json\/wp\/v2\/types\/post"}],"author":[{"embeddable":true,"href":"https:\/\/interamerica.org\/es\/wp-json\/wp\/v2\/users\/1"}],"replies":[{"embeddable":true,"href":"https:\/\/interamerica.org\/es\/wp-json\/wp\/v2\/comments?post=30772"}],"version-history":[{"count":0,"href":"https:\/\/interamerica.org\/es\/wp-json\/wp\/v2\/posts\/30772\/revisions"}],"wp:featuredmedia":[{"embeddable":true,"href":"https:\/\/interamerica.org\/es\/wp-json\/wp\/v2\/media\/30773"}],"wp:attachment":[{"href":"https:\/\/interamerica.org\/es\/wp-json\/wp\/v2\/media?parent=30772"}],"wp:term":[{"taxonomy":"category","embeddable":true,"href":"https:\/\/interamerica.org\/es\/wp-json\/wp\/v2\/categories?post=30772"},{"taxonomy":"post_tag","embeddable":true,"href":"https:\/\/interamerica.org\/es\/wp-json\/wp\/v2\/tags?post=30772"}],"curies":[{"name":"wp","href":"https:\/\/api.w.org\/{rel}","templated":true}]}}