{"id":30774,"date":"2015-03-28T00:00:00","date_gmt":"2015-03-28T04:00:00","guid":{"rendered":"http:\/\/192.81.217.108\/interamerica\/2015\/03\/interamerica-llevara-a-cabo-cumbre-pastoral-en-linea-de-evangelismo\/"},"modified":"2015-03-28T00:00:00","modified_gmt":"2015-03-28T04:00:00","slug":"interamerica-llevara-a-cabo-cumbre-pastoral-en-linea-de-evangelismo","status":"publish","type":"post","link":"https:\/\/interamerica.org\/es\/2015\/03\/interamerica-llevara-a-cabo-cumbre-pastoral-en-linea-de-evangelismo\/","title":{"rendered":"Interam\u00e9rica llevar\u00e1 a cabo cumbre pastoral en l\u00ednea de evangelismo"},"content":{"rendered":"<p>28 de marzo de 2015 | Miami, Florida, Estados Unidos | Libna Stevens\/DIA<\/p>\n<div id=\"attachment_16051\" style=\"width: 310px\" class=\"wp-caption alignright\"><a href=\"\/interamerica\/wp-content\/uploads\/2017\/06\/pastoralEvanSummit300.png\" rel=\"fancybox\" title=\"Interam\u00e9rica llevar\u00e1 a cabo cumbre pastoral en l\u00ednea de evangelismo\"><img fetchpriority=\"high\" decoding=\"async\" aria-describedby=\"caption-attachment-16051\" class=\"size-full wp-image-16051\" src=\"\/interamerica\/wp-content\/uploads\/2017\/06\/pastoralEvanSummit300.png\" alt=\"\" width=\"300\" height=\"201\" \/><\/a><p id=\"caption-attachment-16051\" class=\"wp-caption-text\">Imagen de Shemaiah Telemaque\/DIA<\/p><\/div>\n<p>La Iglesia Adventista del S\u00e9ptimo D\u00eda en Interam\u00e9rica llevar\u00e1 a cabo una cumbre por Internet de evangelismo para los ministros de su territorio, del 30 al 31 de marzo de 2015. La cumbre en vivo ser\u00e1 transmitida por Internet desde Puerto Espa\u00f1a, Trinidad, en ingl\u00e9s, espa\u00f1ol y franc\u00e9s.<\/p>\n<p>La cumbre servir\u00e1 para fortalecer el esp\u00edritu del evangelismo p\u00fablico entre los pastores distritales dentro del territorio de la divisi\u00f3n, dicen los organizadores.<\/p>\n<p>\u00abQueremos motivar a los pastores distritales y evangelistas para que se involucren decididamente en iniciativas m\u00e1s definidas de ganancia de almas y retenci\u00f3n de miembros\u00bb, dice el pastor Balvin Braham, director ministerial asociado y organizador del evento.<\/p>\n<p>Los dos d\u00edas de programa tienen por objetivo ayudar a los ministros para que den una mayor atenci\u00f3n a la hora de involucrar a los laicos en el evangelismo, motivando a los evangelistas para que sean m\u00e1s efectivos al hacer llamados y preparar resultados efectivos de evangelizaci\u00f3n, explica Braham.<\/p>\n<p>Entre los seminarios que se presentar\u00e1n se mencionan: C\u00f3mo ser mentores de los laicos para el evangelismo, c\u00f3mo ganar y conservar los miembros, el establecimiento de iglesias en la ciudad, la m\u00fasica en la evangelizaci\u00f3n, la evangelizaci\u00f3n entre diversas culturas, y la conexi\u00f3n con los congregantes y el p\u00falpito, entre otros.<\/p>\n<p>La cumbre se produce unos d\u00edas antes de que Interam\u00e9rica culmine su iniciativa abarcadora de evangelizaci\u00f3n denominada \u00abVisi\u00f3n un mill\u00f3n\u00bb, que busca alcanzar a un mill\u00f3n de nuevos miembros durante el per\u00edodo 2010-2015, este pr\u00f3ximo 4 de abril de 2015.<\/p>\n<p>Si desea seguir la Cumbre En L\u00ednea de Evangelismo de Interam\u00e9rica del 30 al 31 de marzo a las 8.00 y a las 12.30 hora de Miami, visite\u00a0<a href=\"http:\/\/vision.interamerica.org\/\">vision.interamerica.org<\/a><\/p>\n<p><em>Traducci\u00f3n de Marcos Paseggi<\/em><\/p>\n","protected":false},"excerpt":{"rendered":"<p>La Iglesia Adventista del S\u00e9ptimo D\u00eda en Interam\u00e9rica llevar\u00e1 a cabo una cumbre por Internet de evangelismo para los ministros de su territorio, del 30 al 31 de marzo de 2015. <\/p>\n<p>La cumbre en vivo ser\u00e1 transmitida por Internet desde Puerto Espa\u00f1a, Trinidad, en ingl\u00e9s, espa\u00f1ol y franc\u00e9s. La cumbre servir\u00e1 para fortalecer el esp\u00edritu del evangelismo p\u00fablico entre los pastores distritales dentro del territorio de la divisi\u00f3n, dicen los organizadores.<\/p>\n","protected":false},"author":1,"featured_media":24844,"comment_status":"closed","ping_status":"closed","sticky":false,"template":"","format":"standard","meta":{"_acf_changed":false,"footnotes":""},"categories":[16,15],"tags":[],"class_list":["post-30774","post","type-post","status-publish","format-standard","has-post-thumbnail","hentry","category-desde-la-sede","category-rss-espanol"],"acf":[],"yoast_head":"<!-- This site is optimized with the Yoast SEO plugin v27.3 - https:\/\/yoast.com\/product\/yoast-seo-wordpress\/ -->\n<title>Interam\u00e9rica llevar\u00e1 a cabo cumbre pastoral en l\u00ednea de evangelismo - Iglesia Adventista del S\u00e9ptimo D\u00eda - Divisi\u00f3n Interamericana<\/title>\n<meta name=\"robots\" content=\"index, follow, max-snippet:-1, max-image-preview:large, max-video-preview:-1\" \/>\n<link rel=\"canonical\" href=\"https:\/\/interamerica.org\/es\/2015\/03\/interamerica-llevara-a-cabo-cumbre-pastoral-en-linea-de-evangelismo\/\" \/>\n<meta property=\"og:locale\" content=\"es_ES\" \/>\n<meta property=\"og:type\" content=\"article\" \/>\n<meta property=\"og:title\" content=\"Interam\u00e9rica llevar\u00e1 a cabo cumbre pastoral en l\u00ednea de evangelismo - Iglesia Adventista del S\u00e9ptimo D\u00eda - Divisi\u00f3n Interamericana\" \/>\n<meta property=\"og:description\" content=\"La Iglesia Adventista del S\u00e9ptimo D\u00eda en Interam\u00e9rica llevar\u00e1 a cabo una cumbre por Internet de evangelismo para los ministros de su territorio, del 30 al 31 de marzo de 2015.  La cumbre en vivo ser\u00e1 transmitida por Internet desde Puerto Espa\u00f1a, Trinidad, en ingl\u00e9s, espa\u00f1ol y franc\u00e9s. La cumbre servir\u00e1 para fortalecer el esp\u00edritu del evangelismo p\u00fablico entre los pastores distritales dentro del territorio de la divisi\u00f3n, dicen los organizadores.\" \/>\n<meta property=\"og:url\" content=\"https:\/\/interamerica.org\/es\/2015\/03\/interamerica-llevara-a-cabo-cumbre-pastoral-en-linea-de-evangelismo\/\" \/>\n<meta property=\"og:site_name\" content=\"Iglesia Adventista del S\u00e9ptimo D\u00eda - Divisi\u00f3n Interamericana\" \/>\n<meta property=\"article:published_time\" content=\"2015-03-28T04:00:00+00:00\" \/>\n<meta property=\"og:image\" content=\"https:\/\/interamerica.org\/wp-content\/uploads\/2017\/06\/pastoralEvanSummit300.png\" \/>\n\t<meta property=\"og:image:width\" content=\"300\" \/>\n\t<meta property=\"og:image:height\" content=\"201\" \/>\n\t<meta property=\"og:image:type\" content=\"image\/png\" \/>\n<meta name=\"author\" content=\"Lorenzo Verduzco\" \/>\n<meta name=\"twitter:card\" content=\"summary_large_image\" \/>\n<meta name=\"twitter:label1\" content=\"Escrito por\" \/>\n\t<meta name=\"twitter:data1\" content=\"Lorenzo Verduzco\" \/>\n\t<meta name=\"twitter:label2\" content=\"Tiempo de lectura\" \/>\n\t<meta name=\"twitter:data2\" content=\"2 minutos\" \/>\n<script type=\"application\/ld+json\" class=\"yoast-schema-graph\">{\"@context\":\"https:\\\/\\\/schema.org\",\"@graph\":[{\"@type\":\"Article\",\"@id\":\"https:\\\/\\\/interamerica.org\\\/es\\\/2015\\\/03\\\/interamerica-llevara-a-cabo-cumbre-pastoral-en-linea-de-evangelismo\\\/#article\",\"isPartOf\":{\"@id\":\"https:\\\/\\\/interamerica.org\\\/es\\\/2015\\\/03\\\/interamerica-llevara-a-cabo-cumbre-pastoral-en-linea-de-evangelismo\\\/\"},\"author\":{\"name\":\"Lorenzo Verduzco\",\"@id\":\"https:\\\/\\\/interamerica.org\\\/es\\\/#\\\/schema\\\/person\\\/68ede8bdc292885bb76c1e3810e73c39\"},\"headline\":\"Interam\u00e9rica llevar\u00e1 a cabo cumbre pastoral en l\u00ednea de evangelismo\",\"datePublished\":\"2015-03-28T04:00:00+00:00\",\"mainEntityOfPage\":{\"@id\":\"https:\\\/\\\/interamerica.org\\\/es\\\/2015\\\/03\\\/interamerica-llevara-a-cabo-cumbre-pastoral-en-linea-de-evangelismo\\\/\"},\"wordCount\":343,\"image\":{\"@id\":\"https:\\\/\\\/interamerica.org\\\/es\\\/2015\\\/03\\\/interamerica-llevara-a-cabo-cumbre-pastoral-en-linea-de-evangelismo\\\/#primaryimage\"},\"thumbnailUrl\":\"https:\\\/\\\/interamerica.org\\\/wp-content\\\/uploads\\\/2017\\\/06\\\/pastoralEvanSummit300.png\",\"articleSection\":[\"Desde la sede\",\"RSS Espa\u00f1ol\"],\"inLanguage\":\"es\"},{\"@type\":\"WebPage\",\"@id\":\"https:\\\/\\\/interamerica.org\\\/es\\\/2015\\\/03\\\/interamerica-llevara-a-cabo-cumbre-pastoral-en-linea-de-evangelismo\\\/\",\"url\":\"https:\\\/\\\/interamerica.org\\\/es\\\/2015\\\/03\\\/interamerica-llevara-a-cabo-cumbre-pastoral-en-linea-de-evangelismo\\\/\",\"name\":\"Interam\u00e9rica llevar\u00e1 a cabo cumbre pastoral en l\u00ednea de evangelismo - Iglesia Adventista del S\u00e9ptimo D\u00eda - Divisi\u00f3n Interamericana\",\"isPartOf\":{\"@id\":\"https:\\\/\\\/interamerica.org\\\/es\\\/#website\"},\"primaryImageOfPage\":{\"@id\":\"https:\\\/\\\/interamerica.org\\\/es\\\/2015\\\/03\\\/interamerica-llevara-a-cabo-cumbre-pastoral-en-linea-de-evangelismo\\\/#primaryimage\"},\"image\":{\"@id\":\"https:\\\/\\\/interamerica.org\\\/es\\\/2015\\\/03\\\/interamerica-llevara-a-cabo-cumbre-pastoral-en-linea-de-evangelismo\\\/#primaryimage\"},\"thumbnailUrl\":\"https:\\\/\\\/interamerica.org\\\/wp-content\\\/uploads\\\/2017\\\/06\\\/pastoralEvanSummit300.png\",\"datePublished\":\"2015-03-28T04:00:00+00:00\",\"author\":{\"@id\":\"https:\\\/\\\/interamerica.org\\\/es\\\/#\\\/schema\\\/person\\\/68ede8bdc292885bb76c1e3810e73c39\"},\"breadcrumb\":{\"@id\":\"https:\\\/\\\/interamerica.org\\\/es\\\/2015\\\/03\\\/interamerica-llevara-a-cabo-cumbre-pastoral-en-linea-de-evangelismo\\\/#breadcrumb\"},\"inLanguage\":\"es\",\"potentialAction\":[{\"@type\":\"ReadAction\",\"target\":[\"https:\\\/\\\/interamerica.org\\\/es\\\/2015\\\/03\\\/interamerica-llevara-a-cabo-cumbre-pastoral-en-linea-de-evangelismo\\\/\"]}]},{\"@type\":\"ImageObject\",\"inLanguage\":\"es\",\"@id\":\"https:\\\/\\\/interamerica.org\\\/es\\\/2015\\\/03\\\/interamerica-llevara-a-cabo-cumbre-pastoral-en-linea-de-evangelismo\\\/#primaryimage\",\"url\":\"https:\\\/\\\/interamerica.org\\\/wp-content\\\/uploads\\\/2017\\\/06\\\/pastoralEvanSummit300.png\",\"contentUrl\":\"https:\\\/\\\/interamerica.org\\\/wp-content\\\/uploads\\\/2017\\\/06\\\/pastoralEvanSummit300.png\",\"width\":300,\"height\":201},{\"@type\":\"BreadcrumbList\",\"@id\":\"https:\\\/\\\/interamerica.org\\\/es\\\/2015\\\/03\\\/interamerica-llevara-a-cabo-cumbre-pastoral-en-linea-de-evangelismo\\\/#breadcrumb\",\"itemListElement\":[{\"@type\":\"ListItem\",\"position\":1,\"name\":\"Home\",\"item\":\"https:\\\/\\\/interamerica.org\\\/es\\\/\"},{\"@type\":\"ListItem\",\"position\":2,\"name\":\"Interam\u00e9rica llevar\u00e1 a cabo cumbre pastoral en l\u00ednea de evangelismo\"}]},{\"@type\":\"WebSite\",\"@id\":\"https:\\\/\\\/interamerica.org\\\/es\\\/#website\",\"url\":\"https:\\\/\\\/interamerica.org\\\/es\\\/\",\"name\":\"Iglesia Adventista del S\u00e9ptimo D\u00eda - Divisi\u00f3n Interamericana\",\"description\":\"\",\"potentialAction\":[{\"@type\":\"SearchAction\",\"target\":{\"@type\":\"EntryPoint\",\"urlTemplate\":\"https:\\\/\\\/interamerica.org\\\/es\\\/?s={search_term_string}\"},\"query-input\":{\"@type\":\"PropertyValueSpecification\",\"valueRequired\":true,\"valueName\":\"search_term_string\"}}],\"inLanguage\":\"es\"},{\"@type\":\"Person\",\"@id\":\"https:\\\/\\\/interamerica.org\\\/es\\\/#\\\/schema\\\/person\\\/68ede8bdc292885bb76c1e3810e73c39\",\"name\":\"Lorenzo Verduzco\",\"image\":{\"@type\":\"ImageObject\",\"inLanguage\":\"es\",\"@id\":\"https:\\\/\\\/secure.gravatar.com\\\/avatar\\\/fb81a55b6218459490a9c1dc841a34909185b81904c5337b4b27f7a6fd60c49e?s=96&d=mm&r=g\",\"url\":\"https:\\\/\\\/secure.gravatar.com\\\/avatar\\\/fb81a55b6218459490a9c1dc841a34909185b81904c5337b4b27f7a6fd60c49e?s=96&d=mm&r=g\",\"contentUrl\":\"https:\\\/\\\/secure.gravatar.com\\\/avatar\\\/fb81a55b6218459490a9c1dc841a34909185b81904c5337b4b27f7a6fd60c49e?s=96&d=mm&r=g\",\"caption\":\"Lorenzo Verduzco\"}}]}<\/script>\n<!-- \/ Yoast SEO plugin. -->","yoast_head_json":{"title":"Interam\u00e9rica llevar\u00e1 a cabo cumbre pastoral en l\u00ednea de evangelismo - Iglesia Adventista del S\u00e9ptimo D\u00eda - Divisi\u00f3n Interamericana","robots":{"index":"index","follow":"follow","max-snippet":"max-snippet:-1","max-image-preview":"max-image-preview:large","max-video-preview":"max-video-preview:-1"},"canonical":"https:\/\/interamerica.org\/es\/2015\/03\/interamerica-llevara-a-cabo-cumbre-pastoral-en-linea-de-evangelismo\/","og_locale":"es_ES","og_type":"article","og_title":"Interam\u00e9rica llevar\u00e1 a cabo cumbre pastoral en l\u00ednea de evangelismo - Iglesia Adventista del S\u00e9ptimo D\u00eda - Divisi\u00f3n Interamericana","og_description":"La Iglesia Adventista del S\u00e9ptimo D\u00eda en Interam\u00e9rica llevar\u00e1 a cabo una cumbre por Internet de evangelismo para los ministros de su territorio, del 30 al 31 de marzo de 2015.  La cumbre en vivo ser\u00e1 transmitida por Internet desde Puerto Espa\u00f1a, Trinidad, en ingl\u00e9s, espa\u00f1ol y franc\u00e9s. La cumbre servir\u00e1 para fortalecer el esp\u00edritu del evangelismo p\u00fablico entre los pastores distritales dentro del territorio de la divisi\u00f3n, dicen los organizadores.","og_url":"https:\/\/interamerica.org\/es\/2015\/03\/interamerica-llevara-a-cabo-cumbre-pastoral-en-linea-de-evangelismo\/","og_site_name":"Iglesia Adventista del S\u00e9ptimo D\u00eda - Divisi\u00f3n Interamericana","article_published_time":"2015-03-28T04:00:00+00:00","og_image":[{"width":300,"height":201,"url":"https:\/\/interamerica.org\/wp-content\/uploads\/2017\/06\/pastoralEvanSummit300.png","type":"image\/png"}],"author":"Lorenzo Verduzco","twitter_card":"summary_large_image","twitter_misc":{"Escrito por":"Lorenzo Verduzco","Tiempo de lectura":"2 minutos"},"schema":{"@context":"https:\/\/schema.org","@graph":[{"@type":"Article","@id":"https:\/\/interamerica.org\/es\/2015\/03\/interamerica-llevara-a-cabo-cumbre-pastoral-en-linea-de-evangelismo\/#article","isPartOf":{"@id":"https:\/\/interamerica.org\/es\/2015\/03\/interamerica-llevara-a-cabo-cumbre-pastoral-en-linea-de-evangelismo\/"},"author":{"name":"Lorenzo Verduzco","@id":"https:\/\/interamerica.org\/es\/#\/schema\/person\/68ede8bdc292885bb76c1e3810e73c39"},"headline":"Interam\u00e9rica llevar\u00e1 a cabo cumbre pastoral en l\u00ednea de evangelismo","datePublished":"2015-03-28T04:00:00+00:00","mainEntityOfPage":{"@id":"https:\/\/interamerica.org\/es\/2015\/03\/interamerica-llevara-a-cabo-cumbre-pastoral-en-linea-de-evangelismo\/"},"wordCount":343,"image":{"@id":"https:\/\/interamerica.org\/es\/2015\/03\/interamerica-llevara-a-cabo-cumbre-pastoral-en-linea-de-evangelismo\/#primaryimage"},"thumbnailUrl":"https:\/\/interamerica.org\/wp-content\/uploads\/2017\/06\/pastoralEvanSummit300.png","articleSection":["Desde la sede","RSS Espa\u00f1ol"],"inLanguage":"es"},{"@type":"WebPage","@id":"https:\/\/interamerica.org\/es\/2015\/03\/interamerica-llevara-a-cabo-cumbre-pastoral-en-linea-de-evangelismo\/","url":"https:\/\/interamerica.org\/es\/2015\/03\/interamerica-llevara-a-cabo-cumbre-pastoral-en-linea-de-evangelismo\/","name":"Interam\u00e9rica llevar\u00e1 a cabo cumbre pastoral en l\u00ednea de evangelismo - Iglesia Adventista del S\u00e9ptimo D\u00eda - Divisi\u00f3n Interamericana","isPartOf":{"@id":"https:\/\/interamerica.org\/es\/#website"},"primaryImageOfPage":{"@id":"https:\/\/interamerica.org\/es\/2015\/03\/interamerica-llevara-a-cabo-cumbre-pastoral-en-linea-de-evangelismo\/#primaryimage"},"image":{"@id":"https:\/\/interamerica.org\/es\/2015\/03\/interamerica-llevara-a-cabo-cumbre-pastoral-en-linea-de-evangelismo\/#primaryimage"},"thumbnailUrl":"https:\/\/interamerica.org\/wp-content\/uploads\/2017\/06\/pastoralEvanSummit300.png","datePublished":"2015-03-28T04:00:00+00:00","author":{"@id":"https:\/\/interamerica.org\/es\/#\/schema\/person\/68ede8bdc292885bb76c1e3810e73c39"},"breadcrumb":{"@id":"https:\/\/interamerica.org\/es\/2015\/03\/interamerica-llevara-a-cabo-cumbre-pastoral-en-linea-de-evangelismo\/#breadcrumb"},"inLanguage":"es","potentialAction":[{"@type":"ReadAction","target":["https:\/\/interamerica.org\/es\/2015\/03\/interamerica-llevara-a-cabo-cumbre-pastoral-en-linea-de-evangelismo\/"]}]},{"@type":"ImageObject","inLanguage":"es","@id":"https:\/\/interamerica.org\/es\/2015\/03\/interamerica-llevara-a-cabo-cumbre-pastoral-en-linea-de-evangelismo\/#primaryimage","url":"https:\/\/interamerica.org\/wp-content\/uploads\/2017\/06\/pastoralEvanSummit300.png","contentUrl":"https:\/\/interamerica.org\/wp-content\/uploads\/2017\/06\/pastoralEvanSummit300.png","width":300,"height":201},{"@type":"BreadcrumbList","@id":"https:\/\/interamerica.org\/es\/2015\/03\/interamerica-llevara-a-cabo-cumbre-pastoral-en-linea-de-evangelismo\/#breadcrumb","itemListElement":[{"@type":"ListItem","position":1,"name":"Home","item":"https:\/\/interamerica.org\/es\/"},{"@type":"ListItem","position":2,"name":"Interam\u00e9rica llevar\u00e1 a cabo cumbre pastoral en l\u00ednea de evangelismo"}]},{"@type":"WebSite","@id":"https:\/\/interamerica.org\/es\/#website","url":"https:\/\/interamerica.org\/es\/","name":"Iglesia Adventista del S\u00e9ptimo D\u00eda - Divisi\u00f3n Interamericana","description":"","potentialAction":[{"@type":"SearchAction","target":{"@type":"EntryPoint","urlTemplate":"https:\/\/interamerica.org\/es\/?s={search_term_string}"},"query-input":{"@type":"PropertyValueSpecification","valueRequired":true,"valueName":"search_term_string"}}],"inLanguage":"es"},{"@type":"Person","@id":"https:\/\/interamerica.org\/es\/#\/schema\/person\/68ede8bdc292885bb76c1e3810e73c39","name":"Lorenzo Verduzco","image":{"@type":"ImageObject","inLanguage":"es","@id":"https:\/\/secure.gravatar.com\/avatar\/fb81a55b6218459490a9c1dc841a34909185b81904c5337b4b27f7a6fd60c49e?s=96&d=mm&r=g","url":"https:\/\/secure.gravatar.com\/avatar\/fb81a55b6218459490a9c1dc841a34909185b81904c5337b4b27f7a6fd60c49e?s=96&d=mm&r=g","contentUrl":"https:\/\/secure.gravatar.com\/avatar\/fb81a55b6218459490a9c1dc841a34909185b81904c5337b4b27f7a6fd60c49e?s=96&d=mm&r=g","caption":"Lorenzo Verduzco"}}]}},"_links":{"self":[{"href":"https:\/\/interamerica.org\/es\/wp-json\/wp\/v2\/posts\/30774","targetHints":{"allow":["GET"]}}],"collection":[{"href":"https:\/\/interamerica.org\/es\/wp-json\/wp\/v2\/posts"}],"about":[{"href":"https:\/\/interamerica.org\/es\/wp-json\/wp\/v2\/types\/post"}],"author":[{"embeddable":true,"href":"https:\/\/interamerica.org\/es\/wp-json\/wp\/v2\/users\/1"}],"replies":[{"embeddable":true,"href":"https:\/\/interamerica.org\/es\/wp-json\/wp\/v2\/comments?post=30774"}],"version-history":[{"count":0,"href":"https:\/\/interamerica.org\/es\/wp-json\/wp\/v2\/posts\/30774\/revisions"}],"wp:featuredmedia":[{"embeddable":true,"href":"https:\/\/interamerica.org\/es\/wp-json\/wp\/v2\/media\/24844"}],"wp:attachment":[{"href":"https:\/\/interamerica.org\/es\/wp-json\/wp\/v2\/media?parent=30774"}],"wp:term":[{"taxonomy":"category","embeddable":true,"href":"https:\/\/interamerica.org\/es\/wp-json\/wp\/v2\/categories?post=30774"},{"taxonomy":"post_tag","embeddable":true,"href":"https:\/\/interamerica.org\/es\/wp-json\/wp\/v2\/tags?post=30774"}],"curies":[{"name":"wp","href":"https:\/\/api.w.org\/{rel}","templated":true}]}}