{"id":30775,"date":"2015-03-28T00:00:00","date_gmt":"2015-03-28T04:00:00","guid":{"rendered":"http:\/\/192.81.217.108\/interamerica\/2015\/03\/se-desafio-a-los-dirigentes-de-la-iglesia-a-dar-prioridad-a-la-salud-mental-durante-la-semana-de-oracion-de-la-asoaciacion-general\/"},"modified":"2015-03-28T00:00:00","modified_gmt":"2015-03-28T04:00:00","slug":"se-desafio-a-los-dirigentes-de-la-iglesia-a-dar-prioridad-a-la-salud-mental-durante-la-semana-de-oracion-de-la-asoaciacion-general","status":"publish","type":"post","link":"https:\/\/interamerica.org\/es\/2015\/03\/se-desafio-a-los-dirigentes-de-la-iglesia-a-dar-prioridad-a-la-salud-mental-durante-la-semana-de-oracion-de-la-asoaciacion-general\/","title":{"rendered":"Se desafi\u00f3 a los dirigentes de la Iglesia a dar prioridad a la salud mental, durante la semana de oraci\u00f3n de la Asoaciaci\u00f3n General"},"content":{"rendered":"<p>27 de marzo de 2015 | Silver Spring, Maryland, Estados Unidos | Personal ANN<\/p>\n<div id=\"attachment_16064\" style=\"width: 310px\" class=\"wp-caption alignright\"><a href=\"\/interamerica\/wp-content\/uploads\/2017\/06\/csm_Nedley_39a5713c6b.png\" rel=\"fancybox\" title=\"Se desafi\u00f3 a los dirigentes de la Iglesia a dar prioridad a la salud mental, durante la semana de oraci\u00f3n de la Asoaciaci\u00f3n General\"><img fetchpriority=\"high\" decoding=\"async\" aria-describedby=\"caption-attachment-16064\" class=\"size-medium wp-image-16064\" src=\"\/interamerica\/wp-content\/uploads\/2017\/06\/csm_Nedley_39a5713c6b-300x169.png\" alt=\"\" width=\"300\" height=\"169\" \/><\/a><p id=\"caption-attachment-16064\" class=\"wp-caption-text\">El Dr. Neil Nedley les habl\u00f3 a los dirigentes de la Iglesia acerca de salud mental, durante la Semana de Oraci\u00f3n de la Asociaci\u00f3n General, del 23 al 26 de marzo. Imagen por Hope Channel<\/p><\/div>\n<p>Durante la semana de \u00e9nfasis spiritual celebrada en las oficinas mundiales de la Iglesia Adventista del S\u00e9ptimo D\u00eda, se desafi\u00f3 a los dirigentes de la Iglesia a dar prioridad a la salud metal en su ministerio, as\u00ed como en su propia vida. La semana de oraci\u00f3n fue dirigida por el Dr. Neil Nedley, quien les habl\u00f3 a los empleados de la misma en Silver Spring, Maryland.<\/p>\n<p>Durante esta serie de cuatro d\u00edas de duraci\u00f3n, el Dr. Nedley enfatiz\u00f3 la integraci\u00f3n del bienestar espiritual con la salud f\u00edsica, mental y emocional.<\/p>\n<p>El Dr. Nedley subray\u00f3 la importancia de un enfoque integral dentro del ministerio de salud, como un componente tambi\u00e9n integral de la proclamaci\u00f3n del evangelio. \u201cLo hermoso de la obra m\u00e9dica misionera es que no solamente ofrece sanidad para este tiempo actual, sino tambi\u00e9n por la eternidad\u201d.<\/p>\n<p>Hay globalmente la necesidad de entender y tomar acci\u00f3n respecto a estos asuntos, seg\u00fan la opini\u00f3n del Dr. Peter Landless, director de los ministerios de salud de la iglesia adventista mundial. \u201cLos problemas de salud mental no hacen acepci\u00f3n de personas, ni siquiera de los adventistas\u201d, dijo el Dr. Landless al presentar al Dr. Nedley.<\/p>\n<p>A trav\u00e9s de la semana, los t\u00f3picos a los que se refiri\u00f3 el Dr. Nedley incluyeron el manejo y control de las emociones, el evitar errores de razonamiento, la depresi\u00f3n y el vivir la buena vida sicol\u00f3gica.<\/p>\n<p>El Dr. Nedley es un m\u00e9dico especialista en medicina interna, con \u00e9nfasis en gastroenterolog\u00eda, salud mental, medicina en relaci\u00f3n a estilo de vida y pacientes dif\u00edciles de diagnosticar. El Dr. Nedley es tambi\u00e9n presidente del Centro de Salud y Educaci\u00f3n Weimar, en los Estados Unidos, en el Estado de California.<\/p>\n<p>Las presentaciones de la semana de oraci\u00f3n fueron grabadas por el Hope Channel y est\u00e1n disponibles para verse en <a href=\"http:\/\/www.hopetv.org\/gcevents\/\">AQU\u00cd<\/a>.<\/p>\n","protected":false},"excerpt":{"rendered":"<p>Durante la semana de \u00e9nfasis spiritual celebrada en las oficinas mundiales de la Iglesia Adventista del S\u00e9ptimo D\u00eda, se desafi\u00f3 a los dirigentes de la Iglesia a dar prioridad a la salud metal en su ministerio, as\u00ed como en su propia vida. <\/p>\n<p>La semana de oraci\u00f3n fue dirigida por el Dr. Neil Nedley, quien les habl\u00f3 a los empleados de la misma en Silver Spring, Maryland.<\/p>\n","protected":false},"author":1,"featured_media":24848,"comment_status":"closed","ping_status":"closed","sticky":false,"template":"","format":"standard","meta":{"_acf_changed":false,"footnotes":""},"categories":[14,15],"tags":[],"class_list":["post-30775","post","type-post","status-publish","format-standard","has-post-thumbnail","hentry","category-de-la-iglesia-mundial","category-rss-espanol"],"acf":[],"yoast_head":"<!-- This site is optimized with the Yoast SEO plugin v27.3 - https:\/\/yoast.com\/product\/yoast-seo-wordpress\/ -->\n<title>Se desafi\u00f3 a los dirigentes de la Iglesia a dar prioridad a la salud mental, durante la semana de oraci\u00f3n de la Asoaciaci\u00f3n General - Iglesia Adventista del S\u00e9ptimo D\u00eda - Divisi\u00f3n Interamericana<\/title>\n<meta name=\"robots\" content=\"index, follow, max-snippet:-1, max-image-preview:large, max-video-preview:-1\" \/>\n<link rel=\"canonical\" href=\"https:\/\/interamerica.org\/es\/2015\/03\/se-desafio-a-los-dirigentes-de-la-iglesia-a-dar-prioridad-a-la-salud-mental-durante-la-semana-de-oracion-de-la-asoaciacion-general\/\" \/>\n<meta property=\"og:locale\" content=\"es_ES\" \/>\n<meta property=\"og:type\" content=\"article\" \/>\n<meta property=\"og:title\" content=\"Se desafi\u00f3 a los dirigentes de la Iglesia a dar prioridad a la salud mental, durante la semana de oraci\u00f3n de la Asoaciaci\u00f3n General - Iglesia Adventista del S\u00e9ptimo D\u00eda - Divisi\u00f3n Interamericana\" \/>\n<meta property=\"og:description\" content=\"Durante la semana de \u00e9nfasis spiritual celebrada en las oficinas mundiales de la Iglesia Adventista del S\u00e9ptimo D\u00eda, se desafi\u00f3 a los dirigentes de la Iglesia a dar prioridad a la salud metal en su ministerio, as\u00ed como en su propia vida.  La semana de oraci\u00f3n fue dirigida por el Dr. Neil Nedley, quien les habl\u00f3 a los empleados de la misma en Silver Spring, Maryland.\" \/>\n<meta property=\"og:url\" content=\"https:\/\/interamerica.org\/es\/2015\/03\/se-desafio-a-los-dirigentes-de-la-iglesia-a-dar-prioridad-a-la-salud-mental-durante-la-semana-de-oracion-de-la-asoaciacion-general\/\" \/>\n<meta property=\"og:site_name\" content=\"Iglesia Adventista del S\u00e9ptimo D\u00eda - Divisi\u00f3n Interamericana\" \/>\n<meta property=\"article:published_time\" content=\"2015-03-28T04:00:00+00:00\" \/>\n<meta property=\"og:image\" content=\"https:\/\/interamerica.org\/wp-content\/uploads\/2017\/06\/csm_Nedley_39a5713c6b.png\" \/>\n\t<meta property=\"og:image:width\" content=\"400\" \/>\n\t<meta property=\"og:image:height\" content=\"226\" \/>\n\t<meta property=\"og:image:type\" content=\"image\/png\" \/>\n<meta name=\"author\" content=\"Lorenzo Verduzco\" \/>\n<meta name=\"twitter:card\" content=\"summary_large_image\" \/>\n<meta name=\"twitter:label1\" content=\"Escrito por\" \/>\n\t<meta name=\"twitter:data1\" content=\"Lorenzo Verduzco\" \/>\n\t<meta name=\"twitter:label2\" content=\"Tiempo de lectura\" \/>\n\t<meta name=\"twitter:data2\" content=\"2 minutos\" \/>\n<script type=\"application\/ld+json\" class=\"yoast-schema-graph\">{\"@context\":\"https:\\\/\\\/schema.org\",\"@graph\":[{\"@type\":\"Article\",\"@id\":\"https:\\\/\\\/interamerica.org\\\/es\\\/2015\\\/03\\\/se-desafio-a-los-dirigentes-de-la-iglesia-a-dar-prioridad-a-la-salud-mental-durante-la-semana-de-oracion-de-la-asoaciacion-general\\\/#article\",\"isPartOf\":{\"@id\":\"https:\\\/\\\/interamerica.org\\\/es\\\/2015\\\/03\\\/se-desafio-a-los-dirigentes-de-la-iglesia-a-dar-prioridad-a-la-salud-mental-durante-la-semana-de-oracion-de-la-asoaciacion-general\\\/\"},\"author\":{\"name\":\"Lorenzo Verduzco\",\"@id\":\"https:\\\/\\\/interamerica.org\\\/es\\\/#\\\/schema\\\/person\\\/68ede8bdc292885bb76c1e3810e73c39\"},\"headline\":\"Se desafi\u00f3 a los dirigentes de la Iglesia a dar prioridad a la salud mental, durante la semana de oraci\u00f3n de la Asoaciaci\u00f3n General\",\"datePublished\":\"2015-03-28T04:00:00+00:00\",\"mainEntityOfPage\":{\"@id\":\"https:\\\/\\\/interamerica.org\\\/es\\\/2015\\\/03\\\/se-desafio-a-los-dirigentes-de-la-iglesia-a-dar-prioridad-a-la-salud-mental-durante-la-semana-de-oracion-de-la-asoaciacion-general\\\/\"},\"wordCount\":404,\"image\":{\"@id\":\"https:\\\/\\\/interamerica.org\\\/es\\\/2015\\\/03\\\/se-desafio-a-los-dirigentes-de-la-iglesia-a-dar-prioridad-a-la-salud-mental-durante-la-semana-de-oracion-de-la-asoaciacion-general\\\/#primaryimage\"},\"thumbnailUrl\":\"https:\\\/\\\/interamerica.org\\\/wp-content\\\/uploads\\\/2017\\\/06\\\/csm_Nedley_39a5713c6b.png\",\"articleSection\":[\"Desde la iglesia mundial\",\"RSS Espa\u00f1ol\"],\"inLanguage\":\"es\"},{\"@type\":\"WebPage\",\"@id\":\"https:\\\/\\\/interamerica.org\\\/es\\\/2015\\\/03\\\/se-desafio-a-los-dirigentes-de-la-iglesia-a-dar-prioridad-a-la-salud-mental-durante-la-semana-de-oracion-de-la-asoaciacion-general\\\/\",\"url\":\"https:\\\/\\\/interamerica.org\\\/es\\\/2015\\\/03\\\/se-desafio-a-los-dirigentes-de-la-iglesia-a-dar-prioridad-a-la-salud-mental-durante-la-semana-de-oracion-de-la-asoaciacion-general\\\/\",\"name\":\"Se desafi\u00f3 a los dirigentes de la Iglesia a dar prioridad a la salud mental, durante la semana de oraci\u00f3n de la Asoaciaci\u00f3n General - Iglesia Adventista del S\u00e9ptimo D\u00eda - Divisi\u00f3n Interamericana\",\"isPartOf\":{\"@id\":\"https:\\\/\\\/interamerica.org\\\/es\\\/#website\"},\"primaryImageOfPage\":{\"@id\":\"https:\\\/\\\/interamerica.org\\\/es\\\/2015\\\/03\\\/se-desafio-a-los-dirigentes-de-la-iglesia-a-dar-prioridad-a-la-salud-mental-durante-la-semana-de-oracion-de-la-asoaciacion-general\\\/#primaryimage\"},\"image\":{\"@id\":\"https:\\\/\\\/interamerica.org\\\/es\\\/2015\\\/03\\\/se-desafio-a-los-dirigentes-de-la-iglesia-a-dar-prioridad-a-la-salud-mental-durante-la-semana-de-oracion-de-la-asoaciacion-general\\\/#primaryimage\"},\"thumbnailUrl\":\"https:\\\/\\\/interamerica.org\\\/wp-content\\\/uploads\\\/2017\\\/06\\\/csm_Nedley_39a5713c6b.png\",\"datePublished\":\"2015-03-28T04:00:00+00:00\",\"author\":{\"@id\":\"https:\\\/\\\/interamerica.org\\\/es\\\/#\\\/schema\\\/person\\\/68ede8bdc292885bb76c1e3810e73c39\"},\"breadcrumb\":{\"@id\":\"https:\\\/\\\/interamerica.org\\\/es\\\/2015\\\/03\\\/se-desafio-a-los-dirigentes-de-la-iglesia-a-dar-prioridad-a-la-salud-mental-durante-la-semana-de-oracion-de-la-asoaciacion-general\\\/#breadcrumb\"},\"inLanguage\":\"es\",\"potentialAction\":[{\"@type\":\"ReadAction\",\"target\":[\"https:\\\/\\\/interamerica.org\\\/es\\\/2015\\\/03\\\/se-desafio-a-los-dirigentes-de-la-iglesia-a-dar-prioridad-a-la-salud-mental-durante-la-semana-de-oracion-de-la-asoaciacion-general\\\/\"]}]},{\"@type\":\"ImageObject\",\"inLanguage\":\"es\",\"@id\":\"https:\\\/\\\/interamerica.org\\\/es\\\/2015\\\/03\\\/se-desafio-a-los-dirigentes-de-la-iglesia-a-dar-prioridad-a-la-salud-mental-durante-la-semana-de-oracion-de-la-asoaciacion-general\\\/#primaryimage\",\"url\":\"https:\\\/\\\/interamerica.org\\\/wp-content\\\/uploads\\\/2017\\\/06\\\/csm_Nedley_39a5713c6b.png\",\"contentUrl\":\"https:\\\/\\\/interamerica.org\\\/wp-content\\\/uploads\\\/2017\\\/06\\\/csm_Nedley_39a5713c6b.png\",\"width\":400,\"height\":226},{\"@type\":\"BreadcrumbList\",\"@id\":\"https:\\\/\\\/interamerica.org\\\/es\\\/2015\\\/03\\\/se-desafio-a-los-dirigentes-de-la-iglesia-a-dar-prioridad-a-la-salud-mental-durante-la-semana-de-oracion-de-la-asoaciacion-general\\\/#breadcrumb\",\"itemListElement\":[{\"@type\":\"ListItem\",\"position\":1,\"name\":\"Home\",\"item\":\"https:\\\/\\\/interamerica.org\\\/es\\\/\"},{\"@type\":\"ListItem\",\"position\":2,\"name\":\"Se desafi\u00f3 a los dirigentes de la Iglesia a dar prioridad a la salud mental, durante la semana de oraci\u00f3n de la Asoaciaci\u00f3n General\"}]},{\"@type\":\"WebSite\",\"@id\":\"https:\\\/\\\/interamerica.org\\\/es\\\/#website\",\"url\":\"https:\\\/\\\/interamerica.org\\\/es\\\/\",\"name\":\"Iglesia Adventista del S\u00e9ptimo D\u00eda - Divisi\u00f3n Interamericana\",\"description\":\"\",\"potentialAction\":[{\"@type\":\"SearchAction\",\"target\":{\"@type\":\"EntryPoint\",\"urlTemplate\":\"https:\\\/\\\/interamerica.org\\\/es\\\/?s={search_term_string}\"},\"query-input\":{\"@type\":\"PropertyValueSpecification\",\"valueRequired\":true,\"valueName\":\"search_term_string\"}}],\"inLanguage\":\"es\"},{\"@type\":\"Person\",\"@id\":\"https:\\\/\\\/interamerica.org\\\/es\\\/#\\\/schema\\\/person\\\/68ede8bdc292885bb76c1e3810e73c39\",\"name\":\"Lorenzo Verduzco\",\"image\":{\"@type\":\"ImageObject\",\"inLanguage\":\"es\",\"@id\":\"https:\\\/\\\/secure.gravatar.com\\\/avatar\\\/fb81a55b6218459490a9c1dc841a34909185b81904c5337b4b27f7a6fd60c49e?s=96&d=mm&r=g\",\"url\":\"https:\\\/\\\/secure.gravatar.com\\\/avatar\\\/fb81a55b6218459490a9c1dc841a34909185b81904c5337b4b27f7a6fd60c49e?s=96&d=mm&r=g\",\"contentUrl\":\"https:\\\/\\\/secure.gravatar.com\\\/avatar\\\/fb81a55b6218459490a9c1dc841a34909185b81904c5337b4b27f7a6fd60c49e?s=96&d=mm&r=g\",\"caption\":\"Lorenzo Verduzco\"}}]}<\/script>\n<!-- \/ Yoast SEO plugin. -->","yoast_head_json":{"title":"Se desafi\u00f3 a los dirigentes de la Iglesia a dar prioridad a la salud mental, durante la semana de oraci\u00f3n de la Asoaciaci\u00f3n General - Iglesia Adventista del S\u00e9ptimo D\u00eda - Divisi\u00f3n Interamericana","robots":{"index":"index","follow":"follow","max-snippet":"max-snippet:-1","max-image-preview":"max-image-preview:large","max-video-preview":"max-video-preview:-1"},"canonical":"https:\/\/interamerica.org\/es\/2015\/03\/se-desafio-a-los-dirigentes-de-la-iglesia-a-dar-prioridad-a-la-salud-mental-durante-la-semana-de-oracion-de-la-asoaciacion-general\/","og_locale":"es_ES","og_type":"article","og_title":"Se desafi\u00f3 a los dirigentes de la Iglesia a dar prioridad a la salud mental, durante la semana de oraci\u00f3n de la Asoaciaci\u00f3n General - Iglesia Adventista del S\u00e9ptimo D\u00eda - Divisi\u00f3n Interamericana","og_description":"Durante la semana de \u00e9nfasis spiritual celebrada en las oficinas mundiales de la Iglesia Adventista del S\u00e9ptimo D\u00eda, se desafi\u00f3 a los dirigentes de la Iglesia a dar prioridad a la salud metal en su ministerio, as\u00ed como en su propia vida.  La semana de oraci\u00f3n fue dirigida por el Dr. Neil Nedley, quien les habl\u00f3 a los empleados de la misma en Silver Spring, Maryland.","og_url":"https:\/\/interamerica.org\/es\/2015\/03\/se-desafio-a-los-dirigentes-de-la-iglesia-a-dar-prioridad-a-la-salud-mental-durante-la-semana-de-oracion-de-la-asoaciacion-general\/","og_site_name":"Iglesia Adventista del S\u00e9ptimo D\u00eda - Divisi\u00f3n Interamericana","article_published_time":"2015-03-28T04:00:00+00:00","og_image":[{"width":400,"height":226,"url":"https:\/\/interamerica.org\/wp-content\/uploads\/2017\/06\/csm_Nedley_39a5713c6b.png","type":"image\/png"}],"author":"Lorenzo Verduzco","twitter_card":"summary_large_image","twitter_misc":{"Escrito por":"Lorenzo Verduzco","Tiempo de lectura":"2 minutos"},"schema":{"@context":"https:\/\/schema.org","@graph":[{"@type":"Article","@id":"https:\/\/interamerica.org\/es\/2015\/03\/se-desafio-a-los-dirigentes-de-la-iglesia-a-dar-prioridad-a-la-salud-mental-durante-la-semana-de-oracion-de-la-asoaciacion-general\/#article","isPartOf":{"@id":"https:\/\/interamerica.org\/es\/2015\/03\/se-desafio-a-los-dirigentes-de-la-iglesia-a-dar-prioridad-a-la-salud-mental-durante-la-semana-de-oracion-de-la-asoaciacion-general\/"},"author":{"name":"Lorenzo Verduzco","@id":"https:\/\/interamerica.org\/es\/#\/schema\/person\/68ede8bdc292885bb76c1e3810e73c39"},"headline":"Se desafi\u00f3 a los dirigentes de la Iglesia a dar prioridad a la salud mental, durante la semana de oraci\u00f3n de la Asoaciaci\u00f3n General","datePublished":"2015-03-28T04:00:00+00:00","mainEntityOfPage":{"@id":"https:\/\/interamerica.org\/es\/2015\/03\/se-desafio-a-los-dirigentes-de-la-iglesia-a-dar-prioridad-a-la-salud-mental-durante-la-semana-de-oracion-de-la-asoaciacion-general\/"},"wordCount":404,"image":{"@id":"https:\/\/interamerica.org\/es\/2015\/03\/se-desafio-a-los-dirigentes-de-la-iglesia-a-dar-prioridad-a-la-salud-mental-durante-la-semana-de-oracion-de-la-asoaciacion-general\/#primaryimage"},"thumbnailUrl":"https:\/\/interamerica.org\/wp-content\/uploads\/2017\/06\/csm_Nedley_39a5713c6b.png","articleSection":["Desde la iglesia mundial","RSS Espa\u00f1ol"],"inLanguage":"es"},{"@type":"WebPage","@id":"https:\/\/interamerica.org\/es\/2015\/03\/se-desafio-a-los-dirigentes-de-la-iglesia-a-dar-prioridad-a-la-salud-mental-durante-la-semana-de-oracion-de-la-asoaciacion-general\/","url":"https:\/\/interamerica.org\/es\/2015\/03\/se-desafio-a-los-dirigentes-de-la-iglesia-a-dar-prioridad-a-la-salud-mental-durante-la-semana-de-oracion-de-la-asoaciacion-general\/","name":"Se desafi\u00f3 a los dirigentes de la Iglesia a dar prioridad a la salud mental, durante la semana de oraci\u00f3n de la Asoaciaci\u00f3n General - Iglesia Adventista del S\u00e9ptimo D\u00eda - Divisi\u00f3n Interamericana","isPartOf":{"@id":"https:\/\/interamerica.org\/es\/#website"},"primaryImageOfPage":{"@id":"https:\/\/interamerica.org\/es\/2015\/03\/se-desafio-a-los-dirigentes-de-la-iglesia-a-dar-prioridad-a-la-salud-mental-durante-la-semana-de-oracion-de-la-asoaciacion-general\/#primaryimage"},"image":{"@id":"https:\/\/interamerica.org\/es\/2015\/03\/se-desafio-a-los-dirigentes-de-la-iglesia-a-dar-prioridad-a-la-salud-mental-durante-la-semana-de-oracion-de-la-asoaciacion-general\/#primaryimage"},"thumbnailUrl":"https:\/\/interamerica.org\/wp-content\/uploads\/2017\/06\/csm_Nedley_39a5713c6b.png","datePublished":"2015-03-28T04:00:00+00:00","author":{"@id":"https:\/\/interamerica.org\/es\/#\/schema\/person\/68ede8bdc292885bb76c1e3810e73c39"},"breadcrumb":{"@id":"https:\/\/interamerica.org\/es\/2015\/03\/se-desafio-a-los-dirigentes-de-la-iglesia-a-dar-prioridad-a-la-salud-mental-durante-la-semana-de-oracion-de-la-asoaciacion-general\/#breadcrumb"},"inLanguage":"es","potentialAction":[{"@type":"ReadAction","target":["https:\/\/interamerica.org\/es\/2015\/03\/se-desafio-a-los-dirigentes-de-la-iglesia-a-dar-prioridad-a-la-salud-mental-durante-la-semana-de-oracion-de-la-asoaciacion-general\/"]}]},{"@type":"ImageObject","inLanguage":"es","@id":"https:\/\/interamerica.org\/es\/2015\/03\/se-desafio-a-los-dirigentes-de-la-iglesia-a-dar-prioridad-a-la-salud-mental-durante-la-semana-de-oracion-de-la-asoaciacion-general\/#primaryimage","url":"https:\/\/interamerica.org\/wp-content\/uploads\/2017\/06\/csm_Nedley_39a5713c6b.png","contentUrl":"https:\/\/interamerica.org\/wp-content\/uploads\/2017\/06\/csm_Nedley_39a5713c6b.png","width":400,"height":226},{"@type":"BreadcrumbList","@id":"https:\/\/interamerica.org\/es\/2015\/03\/se-desafio-a-los-dirigentes-de-la-iglesia-a-dar-prioridad-a-la-salud-mental-durante-la-semana-de-oracion-de-la-asoaciacion-general\/#breadcrumb","itemListElement":[{"@type":"ListItem","position":1,"name":"Home","item":"https:\/\/interamerica.org\/es\/"},{"@type":"ListItem","position":2,"name":"Se desafi\u00f3 a los dirigentes de la Iglesia a dar prioridad a la salud mental, durante la semana de oraci\u00f3n de la Asoaciaci\u00f3n General"}]},{"@type":"WebSite","@id":"https:\/\/interamerica.org\/es\/#website","url":"https:\/\/interamerica.org\/es\/","name":"Iglesia Adventista del S\u00e9ptimo D\u00eda - Divisi\u00f3n Interamericana","description":"","potentialAction":[{"@type":"SearchAction","target":{"@type":"EntryPoint","urlTemplate":"https:\/\/interamerica.org\/es\/?s={search_term_string}"},"query-input":{"@type":"PropertyValueSpecification","valueRequired":true,"valueName":"search_term_string"}}],"inLanguage":"es"},{"@type":"Person","@id":"https:\/\/interamerica.org\/es\/#\/schema\/person\/68ede8bdc292885bb76c1e3810e73c39","name":"Lorenzo Verduzco","image":{"@type":"ImageObject","inLanguage":"es","@id":"https:\/\/secure.gravatar.com\/avatar\/fb81a55b6218459490a9c1dc841a34909185b81904c5337b4b27f7a6fd60c49e?s=96&d=mm&r=g","url":"https:\/\/secure.gravatar.com\/avatar\/fb81a55b6218459490a9c1dc841a34909185b81904c5337b4b27f7a6fd60c49e?s=96&d=mm&r=g","contentUrl":"https:\/\/secure.gravatar.com\/avatar\/fb81a55b6218459490a9c1dc841a34909185b81904c5337b4b27f7a6fd60c49e?s=96&d=mm&r=g","caption":"Lorenzo Verduzco"}}]}},"_links":{"self":[{"href":"https:\/\/interamerica.org\/es\/wp-json\/wp\/v2\/posts\/30775","targetHints":{"allow":["GET"]}}],"collection":[{"href":"https:\/\/interamerica.org\/es\/wp-json\/wp\/v2\/posts"}],"about":[{"href":"https:\/\/interamerica.org\/es\/wp-json\/wp\/v2\/types\/post"}],"author":[{"embeddable":true,"href":"https:\/\/interamerica.org\/es\/wp-json\/wp\/v2\/users\/1"}],"replies":[{"embeddable":true,"href":"https:\/\/interamerica.org\/es\/wp-json\/wp\/v2\/comments?post=30775"}],"version-history":[{"count":0,"href":"https:\/\/interamerica.org\/es\/wp-json\/wp\/v2\/posts\/30775\/revisions"}],"wp:featuredmedia":[{"embeddable":true,"href":"https:\/\/interamerica.org\/es\/wp-json\/wp\/v2\/media\/24848"}],"wp:attachment":[{"href":"https:\/\/interamerica.org\/es\/wp-json\/wp\/v2\/media?parent=30775"}],"wp:term":[{"taxonomy":"category","embeddable":true,"href":"https:\/\/interamerica.org\/es\/wp-json\/wp\/v2\/categories?post=30775"},{"taxonomy":"post_tag","embeddable":true,"href":"https:\/\/interamerica.org\/es\/wp-json\/wp\/v2\/tags?post=30775"}],"curies":[{"name":"wp","href":"https:\/\/api.w.org\/{rel}","templated":true}]}}