{"id":30776,"date":"2015-03-31T00:00:00","date_gmt":"2015-03-31T04:00:00","guid":{"rendered":"http:\/\/192.81.217.108\/interamerica\/2015\/03\/en-interamerica-educadores-y-administradores-se-comprometen-a-fortalecer-la-educacion-adventista\/"},"modified":"2015-03-31T00:00:00","modified_gmt":"2015-03-31T04:00:00","slug":"en-interamerica-educadores-y-administradores-se-comprometen-a-fortalecer-la-educacion-adventista","status":"publish","type":"post","link":"https:\/\/interamerica.org\/es\/2015\/03\/en-interamerica-educadores-y-administradores-se-comprometen-a-fortalecer-la-educacion-adventista\/","title":{"rendered":"En Interam\u00e9rica, educadores y administradores se comprometen a fortalecer la educaci\u00f3n adventista"},"content":{"rendered":"<div id=\"attachment_16072\" style=\"width: 610px\" class=\"wp-caption aligncenter\"><a href=\"\/interamerica\/wp-content\/uploads\/2017\/06\/EducCongressGROUP600.png\" rel=\"fancybox\" title=\"En Interam\u00e9rica, educadores y administradores se comprometen a fortalecer la educaci\u00f3n adventista\"><img fetchpriority=\"high\" decoding=\"async\" aria-describedby=\"caption-attachment-16072\" class=\"size-full wp-image-16072\" src=\"\/interamerica\/wp-content\/uploads\/2017\/06\/EducCongressGROUP600.png\" alt=\"\" width=\"600\" height=\"391\" \/><\/a><p id=\"caption-attachment-16072\" class=\"wp-caption-text\">M\u00e1s de ciento cuarenta administradores y docentes adventistas de las escuelas primarias, secundarias y universidades de Interam\u00e9rica se reunieron durante el Segundo Congreso por Internet de Educaci\u00f3n el pasado 28 de marzo de 2015 en Miami, Florida, Estados Unidos, donde se comprometieron a fortalecer la educaci\u00f3n durante los pr\u00f3ximos cinco a\u00f1os. Imagenes de Libna Stevens\/DIA<\/p><\/div>\n<p>30 de marzo de 2015 | Miami, Florida, Estados Unidos | Libna Stevens\/DIA<\/p>\n<p>Los administradores y docentes de la Iglesia Adventista de toda la Divisi\u00f3n Interamericana (DIA) se comprometieron p\u00fablicamente a continuar fortaleciendo la educaci\u00f3n adventista, asumiendo ese compromiso durante un congreso especial en l\u00ednea de educaci\u00f3n llevado a cabo en Miami, Florida, este fin de semana.<\/p>\n<div id=\"attachment_16068\" style=\"width: 310px\" class=\"wp-caption alignleft\"><a href=\"\/interamerica\/wp-content\/uploads\/2017\/06\/FlorezGamaliel300.png\" rel=\"fancybox\" title=\"En Interam\u00e9rica, educadores y administradores se comprometen a fortalecer la educaci\u00f3n adventista\"><img decoding=\"async\" aria-describedby=\"caption-attachment-16068\" class=\"size-full wp-image-16068\" src=\"\/interamerica\/wp-content\/uploads\/2017\/06\/FlorezGamaliel300.png\" alt=\"\" width=\"300\" height=\"227\" \/><\/a><p id=\"caption-attachment-16068\" class=\"wp-caption-text\">El doctor Gamaliel Florez, director de educaci\u00f3n de la DIA, anim\u00f3 a los docentes para que cumplan la misi\u00f3n de la educaci\u00f3n adventista.<\/p><\/div>\n<p>El evento reuni\u00f3 a m\u00e1s de cien docentes de los niveles primarios y secundarios en las oficinas de la DIA, y otros cientos m\u00e1s se reunieron en hogares, escuelas y auditorios a lo largo y a lo ancho de Interam\u00e9rica, durante el programa de ocho horas de duraci\u00f3n.<\/p>\n<p>\u00abNosotros somos los que determinar\u00e1n la calidad de nuestras escuelas e instituciones\u00bb, dijo el doctor Gamaliel Florez, director de educaci\u00f3n de la Iglesia Adventista en Interam\u00e9rica al desafiar a los docentes para que sigan ministrando todos los d\u00edas en sus salones de clase.<\/p>\n<p>\u00abNosotros marcamos el tono espiritual, y seremos el factor determinante para cumplir esta misi\u00f3n de la educaci\u00f3n adventista, para que cada estudiante sea guiado para llegar a ser un disc\u00edpulo de Cristo\u00bb, dijo Florez.<\/p>\n<p>Este desaf\u00edo ha estado presente todo el tiempo durante los \u00faltimos cinco a\u00f1os, dado que los principales l\u00edderes y administradores de la iglesia han implementando nuevos reglamentos y han dedicado fondos especiales para promover y mejorar la educaci\u00f3n adventista. Los l\u00edderes tambi\u00e9n est\u00e1n comprometidos para remunerar en forma adecuada a miles de docentes de las 910 escuelas y universidades de Interam\u00e9rica.<\/p>\n<p>Los administradores de cada una de las 24 regiones eclesi\u00e1sticas de Interam\u00e9rica que supervisan la gesti\u00f3n de las instituciones educativas adventistas bosquejaron sus estrategias y planes que buscan preservar el legado de la educaci\u00f3n cristiana adventista de los m\u00e1s de 154 mil estudiantes matriculados en sus salones de clase.<\/p>\n<div id=\"attachment_16071\" style=\"width: 310px\" class=\"wp-caption alignright\"><a href=\"\/interamerica\/wp-content\/uploads\/2017\/06\/ChiapasTeachers300.png\" rel=\"fancybox\" title=\"En Interam\u00e9rica, educadores y administradores se comprometen a fortalecer la educaci\u00f3n adventista\"><img decoding=\"async\" aria-describedby=\"caption-attachment-16071\" class=\"size-full wp-image-16071\" src=\"\/interamerica\/wp-content\/uploads\/2017\/06\/ChiapasTeachers300.png\" alt=\"\" width=\"300\" height=\"225\" \/><\/a><p id=\"caption-attachment-16071\" class=\"wp-caption-text\">Cientos de docentes de la regi\u00f3n Mexicana de Chiapas siguen el programa en l\u00ednea desde la sede central de la Iglesia Adventista en la regi\u00f3n. Imagen por cortes\u00eda de la Uni\u00f3n Mexicana de Chiapas.<\/p><\/div>\n<p>Los desaf\u00edos tales como la retenci\u00f3n de docentes, la promoci\u00f3n de las instituciones y el aumento de la matriculaci\u00f3n entre los miembros de iglesia, adem\u00e1s del desarrollo institucional, no deber\u00edan impedir que la iglesia siga adelante y garantice que el futuro de la educaci\u00f3n adventista pueda llevarse a cabo, dijo el doctor Florez. Se record\u00f3 a los administradores de la iglesia y a los directivos financieros que se sumen para incorporar los nuevos reglamentos, durante un d\u00eda de reuniones el 27 de marzo.<\/p>\n<p>\u00abSeguimos animando a nuestras uniones para que contin\u00faen identificando sus problemas particulares y tomen decisiones administrativas que puedan ayudar a las instituciones que requieren soluciones, y que no se limiten a dejar esos reglamentos votados tan solo en el papel\u00bb, dijo el doctor Florez.<\/p>\n<p>Hay regiones eclesi\u00e1sticas como por ejemplo la Mexicana del Norte, Guatemala, y la Rep\u00fablica Dominicana que ya han implementando un modelo abarcador de educaci\u00f3n adventista que supervisa el dise\u00f1o curricular, la educaci\u00f3n continua para los docentes, la infraestructura organizacional, las finanzas y beneficios jubilatorios para los docentes.<\/p>\n<p>Otras regiones de la iglesia est\u00e1n siguiendo en sus pasos para mejorar el dif\u00edcil panorama del sistema educativo actual.<\/p>\n<div id=\"attachment_16082\" style=\"width: 310px\" class=\"wp-caption alignleft\"><a href=\"\/interamerica\/wp-content\/uploads\/2017\/06\/josneyRodriguezEDUC.png\" rel=\"fancybox\" title=\"En Interam\u00e9rica, educadores y administradores se comprometen a fortalecer la educaci\u00f3n adventista\"><img loading=\"lazy\" decoding=\"async\" aria-describedby=\"caption-attachment-16082\" class=\"size-full wp-image-16082 \" src=\"\/interamerica\/wp-content\/uploads\/2017\/06\/josneyRodriguezEDUC.png\" alt=\"\" width=\"300\" height=\"240\" \/><\/a><p id=\"caption-attachment-16082\" class=\"wp-caption-text\">El pastor Josney Rodr\u00edguez, presidente de la Iglesia Adventista en Venezuela Oriental, presenta un plan estrat\u00e9gico quinquenal para la educaci\u00f3n adventista de las trece instituciones educativas adventistas de la regi\u00f3n.<\/p><\/div>\n<p>En Venezuela, el sistema de instituciones educativas adventistas se ha visto sumamente afectado durante los \u00faltimos seis a\u00f1os, dijo David Poloche, tesorero de la Iglesia Adventista en Venezuela Occidental, donde la iglesia opera 39 escuelas primarias y secundarias. Tan solo este a\u00f1o, han logrado duplicar los salarios de sus m\u00e1s de quinientos docentes, gracias a la luz verde que les dio el gobierno, seg\u00fan Poloche.<\/p>\n<p>\u00abAhora los salarios de los docentes est\u00e1n a la altura de los salarios de los docentes de las escuelas p\u00fablicas, y hemos sido bendecidos porque la mayor\u00eda de nuestras escuelas tienen una lista de espera, dado que est\u00e1n llenas al m\u00e1ximo de su capacidad\u00bb, explic\u00f3 Poloche. Parte de sus planes estrat\u00e9gicos para los pr\u00f3ximos cinco a\u00f1os incluyen mejorar la calidad de la educaci\u00f3n e incrementar el programa de certificaci\u00f3n de los docentes y los capellanes de las instituciones.<\/p>\n<p>El pastor Josney Rodr\u00edguez, presidente de la Iglesia Adventista en Venezuela Oriental tambi\u00e9n est\u00e1 entusiasmado ahora que los 360 docentes est\u00e1n recibiendo una justa remuneraci\u00f3n en las trece instituciones educativas que opera la Iglesia Adventista en Caracas y las ciudades orientales circundantes.<\/p>\n<p>Uno de los planes que tiene la Iglesia Adventista en Venezuela Oriental para estimular y mejorar la educaci\u00f3n adventistas en la regi\u00f3n es recolectar una ofrenda anual de gratitud al fin del a\u00f1o entre los casi 144 mil miembros del territorio. Se anima a los empleados y los miembros de iglesia en general a que donen un mes de su salario a la educaci\u00f3n adventista.<\/p>\n<p>\u00abYo ya estoy poniendo aparte fondos cada mes para contribuir\u00bb, dijo el pastor Rodr\u00edguez, y muchos m\u00e1s est\u00e1n donando m\u00e1s que solo un salario, a\u00f1adi\u00f3. \u00abNuestros miembros creen firmemente en la educaci\u00f3n adventista, y estamos agradecidos por las bendiciones de Dios en nuestro pa\u00eds\u00bb.<\/p>\n<div id=\"attachment_16069\" style=\"width: 310px\" class=\"wp-caption alignleft\"><a href=\"\/interamerica\/wp-content\/uploads\/2017\/06\/PanamaTeachers300.png\" rel=\"fancybox\" title=\"En Interam\u00e9rica, educadores y administradores se comprometen a fortalecer la educaci\u00f3n adventista\"><img loading=\"lazy\" decoding=\"async\" aria-describedby=\"caption-attachment-16069\" class=\"size-full wp-image-16069\" src=\"\/interamerica\/wp-content\/uploads\/2017\/06\/PanamaTeachers300.png\" alt=\"\" width=\"300\" height=\"169\" \/><\/a><p id=\"caption-attachment-16069\" class=\"wp-caption-text\">Docentes de la regi\u00f3n metropolitana de Panam\u00e1 saludan durante el congreso en l\u00ednea. Imagen por cortes\u00eda de la Uni\u00f3n Paname\u00f1a.<\/p><\/div>\n<p>Los planes para mejorar la educaci\u00f3n en Venezuela Oriental incluyen un programa de certificaci\u00f3n adicional para docentes, mejores salones de clase y terrenos en las escuelas, y el fortalecimiento del discipulado entre los estudiantes.<\/p>\n<p>Ambas administraciones de la iglesia en Venezuela a\u00fan est\u00e1n esperando que el gobierno apruebe ocho carreras en la Universidad Adventista de Venezuela en Nirgua, Venezuela. La instituci\u00f3n solo ha podido ofrecer tres carreras en los \u00faltimos a\u00f1os (teolog\u00eda, administraci\u00f3n de empresas y ciencias inform\u00e1ticas), y el n\u00famero de estudiantes a disminuido a 350 despu\u00e9s de haber llegado a 800 en a\u00f1os anteriores.<\/p>\n<p>La matriculaci\u00f3n en las escuelas adventistas ha estado disminuyendo entre los miembros de iglesia, dijo el doctor Florez. Estad\u00edsticas recientes muestran que solo el treinta por ciento de los estudiantes adventistas est\u00e1n registrados en el sistema educativo adventista. Es un tema de preocupaci\u00f3n que fue mencionado una vez m\u00e1s durante el congreso en l\u00ednea.<\/p>\n<div id=\"attachment_16076\" style=\"width: 310px\" class=\"wp-caption alignright\"><a href=\"\/interamerica\/wp-content\/uploads\/2017\/06\/ShaneAnderson300.png\" rel=\"fancybox\" title=\"En Interam\u00e9rica, educadores y administradores se comprometen a fortalecer la educaci\u00f3n adventista\"><img loading=\"lazy\" decoding=\"async\" aria-describedby=\"caption-attachment-16076\" class=\"size-full wp-image-16076\" src=\"\/interamerica\/wp-content\/uploads\/2017\/06\/ShaneAnderson300.png\" alt=\"\" width=\"300\" height=\"205\" \/><\/a><p id=\"caption-attachment-16076\" class=\"wp-caption-text\">El pastor Shane Anderson, autor de <em>C\u00f3mo matar a la educaci\u00f3n adventista, y c\u00f3mo darle una oportunidad<\/em>, habl\u00f3 sobre la preservaci\u00f3n de la educaci\u00f3n adventista en las instituciones educativas.<\/p><\/div>\n<p>El orador invitado fue Shane Anderson, pastor principal del Colegio Secundario Shenandoah Valley en New Market, Virginia, Estados Unidos, y autor del \u00e9xito de ventas <em>C\u00f3mo matar a la educaci\u00f3n adventista, y c\u00f3mo darle una oportunidad<\/em>,\u00a0quien habl\u00f3 de la importancia de preservar la educaci\u00f3n adventista en las instituciones educativas, y record\u00f3 a los docentes que su misi\u00f3n es la de transformar las vidas de los estudiantes.<\/p>\n<p>\u00abMuchos de ustedes que est\u00e1n escuchando tienen en su mayor parte estudiantes no adventistas en sus salones de clase\u00bb, dijo Anderson. \u00abQuiero que sepan cu\u00e1n agradecidos estamos por su contribuci\u00f3n, porque ustedes tienen un trabajo incre\u00edblemente dif\u00edcil\u00bb.<\/p>\n<p>Anderson pas\u00f3 entonces a expresar que \u00abes m\u00e1s importante ser fiel al mensaje adventista [al ense\u00f1ar] que hacer que los no adventistas se sientan c\u00f3modos en nuestras escuelas\u00bb.<\/p>\n<p>Se record\u00f3 asimismo a los administradores de la importancia de incrementar los recursos financieros para las instituciones educativas al reconocer que los pastores son guardianes de la educaci\u00f3n adventista.<\/p>\n<p>\u00abSeamos claros: los pastores tendr\u00e1n una gran influencia sobre el futuro de la educaci\u00f3n adventista\u00bb, se\u00f1al\u00f3 Anderson. \u00abEs la influencia de por s\u00ed m\u00e1s grande sobre la matriculaci\u00f3n en nuestras escuelas\u00bb.<\/p>\n<p>Anderson apel\u00f3 a los administradores de las uniones, asociaciones y misiones para que en lugar de ignorar a los pastores como parte de la soluci\u00f3n, requieran que los pastores apoyen decididamente la educaci\u00f3n adventista, porque ellos son la clave para que esta se recupere.<\/p>\n<div id=\"attachment_16070\" style=\"width: 310px\" class=\"wp-caption alignright\"><a href=\"\/interamerica\/wp-content\/uploads\/2017\/06\/colegioIgnacioLopezRayonQRoo300.png\" rel=\"fancybox\" title=\"En Interam\u00e9rica, educadores y administradores se comprometen a fortalecer la educaci\u00f3n adventista\"><img loading=\"lazy\" decoding=\"async\" aria-describedby=\"caption-attachment-16070\" class=\"size-full wp-image-16070\" src=\"\/interamerica\/wp-content\/uploads\/2017\/06\/colegioIgnacioLopezRayonQRoo300.png\" alt=\"\" width=\"300\" height=\"200\" \/><\/a><p id=\"caption-attachment-16070\" class=\"wp-caption-text\">M\u00e1s de dos decenas de maestros de la Escuela Adventista Ignacio L\u00f3pez Ray\u00f3n en Quintana Roo, M\u00e9xico, saludan a la c\u00e1mara durante el programa.<\/p><\/div>\n<p>Para\u00a0Kathya Villegas, directora de la Escuela Primaria Adventista en en Matagalpa, Nicaragua, el congreso reafirm\u00f3 su pasi\u00f3n por la transformaci\u00f3n de vidas. Villegas est\u00e1 a cargo de once docentes y 246 estudiantes. En su primer a\u00f1o como directora en Nicaragua despu\u00e9s de haber sido maestra durante 22 a\u00f1os en Costa Rica y los Estados Unidos, comprende bien los desaf\u00edos que enfrentan los maestros y los administradores para mejorar la educaci\u00f3n adventista.<\/p>\n<p>\u00abNo es una tarea f\u00e1cil\u00bb, dijo Villegas. \u00abLas escuelas de aqu\u00ed necesitan nuevos escritorios, materiales escolares y mejores herramientas de ense\u00f1anza. Los fondos son escasos, y los padres luchan para pagar la educaci\u00f3n adventista\u00bb.<\/p>\n<p>Villegas tiene un plan de promover la escuela de iglesia, comenzando con las iglesias de la zona de Matagalpa. \u00abLos pastores son clave para ayudarnos a promover la educaci\u00f3n adventista, y los miembros de iglesia para ayudarnos a actualizar las computadoras, conseguir nuevos escritorios y disfrutar de terrenos de juego seguros\u00bb.<\/p>\n<p>Este preciso a\u00f1o, Villegas comenz\u00f3 a implementar la ense\u00f1anza de ingl\u00e9s en los niveles preescolares y el primer grado de la escuela de iglesia. Su oficina es un banco de iglesia dentro del templo. Se re\u00fane con los padres para conferencias y con los docentes todas las semanas. Su pasi\u00f3n por transformar vidas no ha disminuido a pesar de los escasos recursos.<\/p>\n<div id=\"attachment_16067\" style=\"width: 310px\" class=\"wp-caption alignleft\"><a href=\"\/interamerica\/wp-content\/uploads\/2017\/06\/Leito-Israel300.png\" rel=\"fancybox\" title=\"En Interam\u00e9rica, educadores y administradores se comprometen a fortalecer la educaci\u00f3n adventista\"><img loading=\"lazy\" decoding=\"async\" aria-describedby=\"caption-attachment-16067\" class=\"size-full wp-image-16067\" src=\"\/interamerica\/wp-content\/uploads\/2017\/06\/Leito-Israel300.png\" alt=\"\" width=\"300\" height=\"235\" \/><\/a><p id=\"caption-attachment-16067\" class=\"wp-caption-text\">El pastor Israel Leito, presidente de la Divisi\u00f3n Interamericana, record\u00f3 a los docentes que tienen que obtener fuerzas al poner todo lo que tienen en las manos de Dios.<\/p><\/div>\n<p>\u201cS\u00e9 de docentes en zonas cercanas que ganan menos de cien d\u00f3lares por mes, algunos solo cincuenta d\u00f3lares por mes\u00bb, dijo Villegas. Esa gente ense\u00f1a porque tiene pasi\u00f3n y el compromiso de servir y preparar a los ni\u00f1os para el cielo, a\u00f1adi\u00f3.<\/p>\n<p>Esa pasi\u00f3n y ese entusiasmo es lo que los principales l\u00edderes de la iglesia quieren reconocer, para garantizar que los docentes est\u00e9n bien atendidos y puedan seguir transformando vidas.<\/p>\n<p>\u00abNo se desanimen si sienten que la obra que hacen no es significativa\u00bb, dijo el pastor Israel Leito, presidente de la Divisi\u00f3n Interamericana. \u00abNo sientan que lo que hacen no es valioso, y que est\u00e1n restringidos por este o aquel desaf\u00edo, y no permitan que nadie les haga sentir que no pueden mejorar a\u00fan m\u00e1s, porque Jes\u00fas est\u00e1 all\u00ed para ayudarlos\u00bb, expres\u00f3.<\/p>\n<p>El pastor Leito record\u00f3 a los docentes que tienen que dejar de lado todas las excusas leg\u00edtimas y colocarlo todo en las manos de Dios. \u00abVean en cada estudiante un hijo de Dios, de manera que cuando ellos salgan de vuestra presencia, puedan sentir que han estado en la presencia del Se\u00f1or\u00bb.<\/p>\n<p>Hacia el final del programa, los administradores de la iglesia se pararon juntos con certificados firmados que incluyen el compromiso de fortalecer la educaci\u00f3n adventista en sus territorios durante los pr\u00f3ximos cinco a\u00f1os.<\/p>\n<p>Tambi\u00e9n se recolect\u00f3 una ofrenda especial que ser\u00e1 destinada a la escuela adventista en Malpaisillo, Le\u00f3n, Nicaragua. La escuela experiment\u00f3 da\u00f1os en un reciente sismo, y a\u00fan tiene muchas necesidades de infraestructura, dijeron los l\u00edderes de la iglesia.<\/p>\n<p>Si desea mirar el II Congreso por Internet de Educaci\u00f3n de Interam\u00e9rica, presione <a href=\"http:\/\/youtu.be\/x65Cxyi2QwY\">AQU\u00cd<\/a><\/p>\n<p>Puede tambi\u00e9n ver una galer\u00eda de fotograf\u00edas del evento <a href=\"https:\/\/www.flickr.com\/photos\/interamerica\/16339510153\/\">AQU\u00cd<\/a><\/p>\n<p><em>Traducci\u00f3n de Marcos Paseggi<\/em><\/p>\n","protected":false},"excerpt":{"rendered":"<p>Los administradores y docentes de la Iglesia Adventista de toda la Divisi\u00f3n Interamericana (DIA) se comprometieron p\u00fablicamente a continuar fortaleciendo la educaci\u00f3n adventista, asumiendo ese compromiso durante un congreso especial en l\u00ednea de educaci\u00f3n llevado a cabo en Miami, Florida, este fin de semana. <\/p>\n<p>El evento reuni\u00f3 a m\u00e1s de cien docentes de los niveles primarios y secundarios en las oficinas de la DIA, y otros cientos m\u00e1s se reunieron en hogares, escuelas y auditorios a lo largo y a lo ancho de Interam\u00e9rica, durante el programa de ocho horas de duraci\u00f3n.<\/p>\n","protected":false},"author":1,"featured_media":24852,"comment_status":"closed","ping_status":"closed","sticky":false,"template":"","format":"standard","meta":{"_acf_changed":false,"footnotes":""},"categories":[16,15],"tags":[],"class_list":["post-30776","post","type-post","status-publish","format-standard","has-post-thumbnail","hentry","category-desde-la-sede","category-rss-espanol"],"acf":[],"yoast_head":"<!-- This site is optimized with the Yoast SEO plugin v27.3 - https:\/\/yoast.com\/product\/yoast-seo-wordpress\/ -->\n<title>En Interam\u00e9rica, educadores y administradores se comprometen a fortalecer la educaci\u00f3n adventista - Iglesia Adventista del S\u00e9ptimo D\u00eda - Divisi\u00f3n Interamericana<\/title>\n<meta name=\"robots\" content=\"index, follow, max-snippet:-1, max-image-preview:large, max-video-preview:-1\" \/>\n<link rel=\"canonical\" href=\"https:\/\/interamerica.org\/es\/2015\/03\/en-interamerica-educadores-y-administradores-se-comprometen-a-fortalecer-la-educacion-adventista\/\" \/>\n<meta property=\"og:locale\" content=\"es_ES\" \/>\n<meta property=\"og:type\" content=\"article\" \/>\n<meta property=\"og:title\" content=\"En Interam\u00e9rica, educadores y administradores se comprometen a fortalecer la educaci\u00f3n adventista - Iglesia Adventista del S\u00e9ptimo D\u00eda - Divisi\u00f3n Interamericana\" \/>\n<meta property=\"og:description\" content=\"Los administradores y docentes de la Iglesia Adventista de toda la Divisi\u00f3n Interamericana (DIA) se comprometieron p\u00fablicamente a continuar fortaleciendo la educaci\u00f3n adventista, asumiendo ese compromiso durante un congreso especial en l\u00ednea de educaci\u00f3n llevado a cabo en Miami, Florida, este fin de semana.  El evento reuni\u00f3 a m\u00e1s de cien docentes de los niveles primarios y secundarios en las oficinas de la DIA, y otros cientos m\u00e1s se reunieron en hogares, escuelas y auditorios a lo largo y a lo ancho de Interam\u00e9rica, durante el programa de ocho horas de duraci\u00f3n.\" \/>\n<meta property=\"og:url\" content=\"https:\/\/interamerica.org\/es\/2015\/03\/en-interamerica-educadores-y-administradores-se-comprometen-a-fortalecer-la-educacion-adventista\/\" \/>\n<meta property=\"og:site_name\" content=\"Iglesia Adventista del S\u00e9ptimo D\u00eda - Divisi\u00f3n Interamericana\" \/>\n<meta property=\"article:published_time\" content=\"2015-03-31T04:00:00+00:00\" \/>\n<meta property=\"og:image\" content=\"https:\/\/interamerica.org\/wp-content\/uploads\/2017\/06\/EducCongress300.png\" \/>\n\t<meta property=\"og:image:width\" content=\"300\" \/>\n\t<meta property=\"og:image:height\" content=\"187\" \/>\n\t<meta property=\"og:image:type\" content=\"image\/png\" \/>\n<meta name=\"author\" content=\"Lorenzo Verduzco\" \/>\n<meta name=\"twitter:card\" content=\"summary_large_image\" \/>\n<meta name=\"twitter:label1\" content=\"Escrito por\" \/>\n\t<meta name=\"twitter:data1\" content=\"Lorenzo Verduzco\" \/>\n\t<meta name=\"twitter:label2\" content=\"Tiempo de lectura\" \/>\n\t<meta name=\"twitter:data2\" content=\"11 minutos\" \/>\n<script type=\"application\/ld+json\" class=\"yoast-schema-graph\">{\"@context\":\"https:\\\/\\\/schema.org\",\"@graph\":[{\"@type\":\"Article\",\"@id\":\"https:\\\/\\\/interamerica.org\\\/es\\\/2015\\\/03\\\/en-interamerica-educadores-y-administradores-se-comprometen-a-fortalecer-la-educacion-adventista\\\/#article\",\"isPartOf\":{\"@id\":\"https:\\\/\\\/interamerica.org\\\/es\\\/2015\\\/03\\\/en-interamerica-educadores-y-administradores-se-comprometen-a-fortalecer-la-educacion-adventista\\\/\"},\"author\":{\"name\":\"Lorenzo Verduzco\",\"@id\":\"https:\\\/\\\/interamerica.org\\\/es\\\/#\\\/schema\\\/person\\\/68ede8bdc292885bb76c1e3810e73c39\"},\"headline\":\"En Interam\u00e9rica, educadores y administradores se comprometen a fortalecer la educaci\u00f3n adventista\",\"datePublished\":\"2015-03-31T04:00:00+00:00\",\"mainEntityOfPage\":{\"@id\":\"https:\\\/\\\/interamerica.org\\\/es\\\/2015\\\/03\\\/en-interamerica-educadores-y-administradores-se-comprometen-a-fortalecer-la-educacion-adventista\\\/\"},\"wordCount\":2161,\"image\":{\"@id\":\"https:\\\/\\\/interamerica.org\\\/es\\\/2015\\\/03\\\/en-interamerica-educadores-y-administradores-se-comprometen-a-fortalecer-la-educacion-adventista\\\/#primaryimage\"},\"thumbnailUrl\":\"https:\\\/\\\/interamerica.org\\\/wp-content\\\/uploads\\\/2017\\\/06\\\/EducCongress300.png\",\"articleSection\":[\"Desde la sede\",\"RSS Espa\u00f1ol\"],\"inLanguage\":\"es\"},{\"@type\":\"WebPage\",\"@id\":\"https:\\\/\\\/interamerica.org\\\/es\\\/2015\\\/03\\\/en-interamerica-educadores-y-administradores-se-comprometen-a-fortalecer-la-educacion-adventista\\\/\",\"url\":\"https:\\\/\\\/interamerica.org\\\/es\\\/2015\\\/03\\\/en-interamerica-educadores-y-administradores-se-comprometen-a-fortalecer-la-educacion-adventista\\\/\",\"name\":\"En Interam\u00e9rica, educadores y administradores se comprometen a fortalecer la educaci\u00f3n adventista - Iglesia Adventista del S\u00e9ptimo D\u00eda - Divisi\u00f3n Interamericana\",\"isPartOf\":{\"@id\":\"https:\\\/\\\/interamerica.org\\\/es\\\/#website\"},\"primaryImageOfPage\":{\"@id\":\"https:\\\/\\\/interamerica.org\\\/es\\\/2015\\\/03\\\/en-interamerica-educadores-y-administradores-se-comprometen-a-fortalecer-la-educacion-adventista\\\/#primaryimage\"},\"image\":{\"@id\":\"https:\\\/\\\/interamerica.org\\\/es\\\/2015\\\/03\\\/en-interamerica-educadores-y-administradores-se-comprometen-a-fortalecer-la-educacion-adventista\\\/#primaryimage\"},\"thumbnailUrl\":\"https:\\\/\\\/interamerica.org\\\/wp-content\\\/uploads\\\/2017\\\/06\\\/EducCongress300.png\",\"datePublished\":\"2015-03-31T04:00:00+00:00\",\"author\":{\"@id\":\"https:\\\/\\\/interamerica.org\\\/es\\\/#\\\/schema\\\/person\\\/68ede8bdc292885bb76c1e3810e73c39\"},\"breadcrumb\":{\"@id\":\"https:\\\/\\\/interamerica.org\\\/es\\\/2015\\\/03\\\/en-interamerica-educadores-y-administradores-se-comprometen-a-fortalecer-la-educacion-adventista\\\/#breadcrumb\"},\"inLanguage\":\"es\",\"potentialAction\":[{\"@type\":\"ReadAction\",\"target\":[\"https:\\\/\\\/interamerica.org\\\/es\\\/2015\\\/03\\\/en-interamerica-educadores-y-administradores-se-comprometen-a-fortalecer-la-educacion-adventista\\\/\"]}]},{\"@type\":\"ImageObject\",\"inLanguage\":\"es\",\"@id\":\"https:\\\/\\\/interamerica.org\\\/es\\\/2015\\\/03\\\/en-interamerica-educadores-y-administradores-se-comprometen-a-fortalecer-la-educacion-adventista\\\/#primaryimage\",\"url\":\"https:\\\/\\\/interamerica.org\\\/wp-content\\\/uploads\\\/2017\\\/06\\\/EducCongress300.png\",\"contentUrl\":\"https:\\\/\\\/interamerica.org\\\/wp-content\\\/uploads\\\/2017\\\/06\\\/EducCongress300.png\",\"width\":300,\"height\":187},{\"@type\":\"BreadcrumbList\",\"@id\":\"https:\\\/\\\/interamerica.org\\\/es\\\/2015\\\/03\\\/en-interamerica-educadores-y-administradores-se-comprometen-a-fortalecer-la-educacion-adventista\\\/#breadcrumb\",\"itemListElement\":[{\"@type\":\"ListItem\",\"position\":1,\"name\":\"Home\",\"item\":\"https:\\\/\\\/interamerica.org\\\/es\\\/\"},{\"@type\":\"ListItem\",\"position\":2,\"name\":\"En Interam\u00e9rica, educadores y administradores se comprometen a fortalecer la educaci\u00f3n adventista\"}]},{\"@type\":\"WebSite\",\"@id\":\"https:\\\/\\\/interamerica.org\\\/es\\\/#website\",\"url\":\"https:\\\/\\\/interamerica.org\\\/es\\\/\",\"name\":\"Iglesia Adventista del S\u00e9ptimo D\u00eda - Divisi\u00f3n Interamericana\",\"description\":\"\",\"potentialAction\":[{\"@type\":\"SearchAction\",\"target\":{\"@type\":\"EntryPoint\",\"urlTemplate\":\"https:\\\/\\\/interamerica.org\\\/es\\\/?s={search_term_string}\"},\"query-input\":{\"@type\":\"PropertyValueSpecification\",\"valueRequired\":true,\"valueName\":\"search_term_string\"}}],\"inLanguage\":\"es\"},{\"@type\":\"Person\",\"@id\":\"https:\\\/\\\/interamerica.org\\\/es\\\/#\\\/schema\\\/person\\\/68ede8bdc292885bb76c1e3810e73c39\",\"name\":\"Lorenzo Verduzco\",\"image\":{\"@type\":\"ImageObject\",\"inLanguage\":\"es\",\"@id\":\"https:\\\/\\\/secure.gravatar.com\\\/avatar\\\/fb81a55b6218459490a9c1dc841a34909185b81904c5337b4b27f7a6fd60c49e?s=96&d=mm&r=g\",\"url\":\"https:\\\/\\\/secure.gravatar.com\\\/avatar\\\/fb81a55b6218459490a9c1dc841a34909185b81904c5337b4b27f7a6fd60c49e?s=96&d=mm&r=g\",\"contentUrl\":\"https:\\\/\\\/secure.gravatar.com\\\/avatar\\\/fb81a55b6218459490a9c1dc841a34909185b81904c5337b4b27f7a6fd60c49e?s=96&d=mm&r=g\",\"caption\":\"Lorenzo Verduzco\"}}]}<\/script>\n<!-- \/ Yoast SEO plugin. -->","yoast_head_json":{"title":"En Interam\u00e9rica, educadores y administradores se comprometen a fortalecer la educaci\u00f3n adventista - Iglesia Adventista del S\u00e9ptimo D\u00eda - Divisi\u00f3n Interamericana","robots":{"index":"index","follow":"follow","max-snippet":"max-snippet:-1","max-image-preview":"max-image-preview:large","max-video-preview":"max-video-preview:-1"},"canonical":"https:\/\/interamerica.org\/es\/2015\/03\/en-interamerica-educadores-y-administradores-se-comprometen-a-fortalecer-la-educacion-adventista\/","og_locale":"es_ES","og_type":"article","og_title":"En Interam\u00e9rica, educadores y administradores se comprometen a fortalecer la educaci\u00f3n adventista - Iglesia Adventista del S\u00e9ptimo D\u00eda - Divisi\u00f3n Interamericana","og_description":"Los administradores y docentes de la Iglesia Adventista de toda la Divisi\u00f3n Interamericana (DIA) se comprometieron p\u00fablicamente a continuar fortaleciendo la educaci\u00f3n adventista, asumiendo ese compromiso durante un congreso especial en l\u00ednea de educaci\u00f3n llevado a cabo en Miami, Florida, este fin de semana.  El evento reuni\u00f3 a m\u00e1s de cien docentes de los niveles primarios y secundarios en las oficinas de la DIA, y otros cientos m\u00e1s se reunieron en hogares, escuelas y auditorios a lo largo y a lo ancho de Interam\u00e9rica, durante el programa de ocho horas de duraci\u00f3n.","og_url":"https:\/\/interamerica.org\/es\/2015\/03\/en-interamerica-educadores-y-administradores-se-comprometen-a-fortalecer-la-educacion-adventista\/","og_site_name":"Iglesia Adventista del S\u00e9ptimo D\u00eda - Divisi\u00f3n Interamericana","article_published_time":"2015-03-31T04:00:00+00:00","og_image":[{"width":300,"height":187,"url":"https:\/\/interamerica.org\/wp-content\/uploads\/2017\/06\/EducCongress300.png","type":"image\/png"}],"author":"Lorenzo Verduzco","twitter_card":"summary_large_image","twitter_misc":{"Escrito por":"Lorenzo Verduzco","Tiempo de lectura":"11 minutos"},"schema":{"@context":"https:\/\/schema.org","@graph":[{"@type":"Article","@id":"https:\/\/interamerica.org\/es\/2015\/03\/en-interamerica-educadores-y-administradores-se-comprometen-a-fortalecer-la-educacion-adventista\/#article","isPartOf":{"@id":"https:\/\/interamerica.org\/es\/2015\/03\/en-interamerica-educadores-y-administradores-se-comprometen-a-fortalecer-la-educacion-adventista\/"},"author":{"name":"Lorenzo Verduzco","@id":"https:\/\/interamerica.org\/es\/#\/schema\/person\/68ede8bdc292885bb76c1e3810e73c39"},"headline":"En Interam\u00e9rica, educadores y administradores se comprometen a fortalecer la educaci\u00f3n adventista","datePublished":"2015-03-31T04:00:00+00:00","mainEntityOfPage":{"@id":"https:\/\/interamerica.org\/es\/2015\/03\/en-interamerica-educadores-y-administradores-se-comprometen-a-fortalecer-la-educacion-adventista\/"},"wordCount":2161,"image":{"@id":"https:\/\/interamerica.org\/es\/2015\/03\/en-interamerica-educadores-y-administradores-se-comprometen-a-fortalecer-la-educacion-adventista\/#primaryimage"},"thumbnailUrl":"https:\/\/interamerica.org\/wp-content\/uploads\/2017\/06\/EducCongress300.png","articleSection":["Desde la sede","RSS Espa\u00f1ol"],"inLanguage":"es"},{"@type":"WebPage","@id":"https:\/\/interamerica.org\/es\/2015\/03\/en-interamerica-educadores-y-administradores-se-comprometen-a-fortalecer-la-educacion-adventista\/","url":"https:\/\/interamerica.org\/es\/2015\/03\/en-interamerica-educadores-y-administradores-se-comprometen-a-fortalecer-la-educacion-adventista\/","name":"En Interam\u00e9rica, educadores y administradores se comprometen a fortalecer la educaci\u00f3n adventista - Iglesia Adventista del S\u00e9ptimo D\u00eda - Divisi\u00f3n Interamericana","isPartOf":{"@id":"https:\/\/interamerica.org\/es\/#website"},"primaryImageOfPage":{"@id":"https:\/\/interamerica.org\/es\/2015\/03\/en-interamerica-educadores-y-administradores-se-comprometen-a-fortalecer-la-educacion-adventista\/#primaryimage"},"image":{"@id":"https:\/\/interamerica.org\/es\/2015\/03\/en-interamerica-educadores-y-administradores-se-comprometen-a-fortalecer-la-educacion-adventista\/#primaryimage"},"thumbnailUrl":"https:\/\/interamerica.org\/wp-content\/uploads\/2017\/06\/EducCongress300.png","datePublished":"2015-03-31T04:00:00+00:00","author":{"@id":"https:\/\/interamerica.org\/es\/#\/schema\/person\/68ede8bdc292885bb76c1e3810e73c39"},"breadcrumb":{"@id":"https:\/\/interamerica.org\/es\/2015\/03\/en-interamerica-educadores-y-administradores-se-comprometen-a-fortalecer-la-educacion-adventista\/#breadcrumb"},"inLanguage":"es","potentialAction":[{"@type":"ReadAction","target":["https:\/\/interamerica.org\/es\/2015\/03\/en-interamerica-educadores-y-administradores-se-comprometen-a-fortalecer-la-educacion-adventista\/"]}]},{"@type":"ImageObject","inLanguage":"es","@id":"https:\/\/interamerica.org\/es\/2015\/03\/en-interamerica-educadores-y-administradores-se-comprometen-a-fortalecer-la-educacion-adventista\/#primaryimage","url":"https:\/\/interamerica.org\/wp-content\/uploads\/2017\/06\/EducCongress300.png","contentUrl":"https:\/\/interamerica.org\/wp-content\/uploads\/2017\/06\/EducCongress300.png","width":300,"height":187},{"@type":"BreadcrumbList","@id":"https:\/\/interamerica.org\/es\/2015\/03\/en-interamerica-educadores-y-administradores-se-comprometen-a-fortalecer-la-educacion-adventista\/#breadcrumb","itemListElement":[{"@type":"ListItem","position":1,"name":"Home","item":"https:\/\/interamerica.org\/es\/"},{"@type":"ListItem","position":2,"name":"En Interam\u00e9rica, educadores y administradores se comprometen a fortalecer la educaci\u00f3n adventista"}]},{"@type":"WebSite","@id":"https:\/\/interamerica.org\/es\/#website","url":"https:\/\/interamerica.org\/es\/","name":"Iglesia Adventista del S\u00e9ptimo D\u00eda - Divisi\u00f3n Interamericana","description":"","potentialAction":[{"@type":"SearchAction","target":{"@type":"EntryPoint","urlTemplate":"https:\/\/interamerica.org\/es\/?s={search_term_string}"},"query-input":{"@type":"PropertyValueSpecification","valueRequired":true,"valueName":"search_term_string"}}],"inLanguage":"es"},{"@type":"Person","@id":"https:\/\/interamerica.org\/es\/#\/schema\/person\/68ede8bdc292885bb76c1e3810e73c39","name":"Lorenzo Verduzco","image":{"@type":"ImageObject","inLanguage":"es","@id":"https:\/\/secure.gravatar.com\/avatar\/fb81a55b6218459490a9c1dc841a34909185b81904c5337b4b27f7a6fd60c49e?s=96&d=mm&r=g","url":"https:\/\/secure.gravatar.com\/avatar\/fb81a55b6218459490a9c1dc841a34909185b81904c5337b4b27f7a6fd60c49e?s=96&d=mm&r=g","contentUrl":"https:\/\/secure.gravatar.com\/avatar\/fb81a55b6218459490a9c1dc841a34909185b81904c5337b4b27f7a6fd60c49e?s=96&d=mm&r=g","caption":"Lorenzo Verduzco"}}]}},"_links":{"self":[{"href":"https:\/\/interamerica.org\/es\/wp-json\/wp\/v2\/posts\/30776","targetHints":{"allow":["GET"]}}],"collection":[{"href":"https:\/\/interamerica.org\/es\/wp-json\/wp\/v2\/posts"}],"about":[{"href":"https:\/\/interamerica.org\/es\/wp-json\/wp\/v2\/types\/post"}],"author":[{"embeddable":true,"href":"https:\/\/interamerica.org\/es\/wp-json\/wp\/v2\/users\/1"}],"replies":[{"embeddable":true,"href":"https:\/\/interamerica.org\/es\/wp-json\/wp\/v2\/comments?post=30776"}],"version-history":[{"count":0,"href":"https:\/\/interamerica.org\/es\/wp-json\/wp\/v2\/posts\/30776\/revisions"}],"wp:featuredmedia":[{"embeddable":true,"href":"https:\/\/interamerica.org\/es\/wp-json\/wp\/v2\/media\/24852"}],"wp:attachment":[{"href":"https:\/\/interamerica.org\/es\/wp-json\/wp\/v2\/media?parent=30776"}],"wp:term":[{"taxonomy":"category","embeddable":true,"href":"https:\/\/interamerica.org\/es\/wp-json\/wp\/v2\/categories?post=30776"},{"taxonomy":"post_tag","embeddable":true,"href":"https:\/\/interamerica.org\/es\/wp-json\/wp\/v2\/tags?post=30776"}],"curies":[{"name":"wp","href":"https:\/\/api.w.org\/{rel}","templated":true}]}}