{"id":30777,"date":"2015-04-01T00:00:00","date_gmt":"2015-04-01T04:00:00","guid":{"rendered":"http:\/\/192.81.217.108\/interamerica\/2015\/04\/la-iglesia-de-interamerica-concluira-su-programa-de-evangelizacion-vision-un-millon-con-evento-satelital\/"},"modified":"2015-04-01T00:00:00","modified_gmt":"2015-04-01T04:00:00","slug":"la-iglesia-de-interamerica-concluira-su-programa-de-evangelizacion-vision-un-millon-con-evento-satelital","status":"publish","type":"post","link":"https:\/\/interamerica.org\/es\/2015\/04\/la-iglesia-de-interamerica-concluira-su-programa-de-evangelizacion-vision-un-millon-con-evento-satelital\/","title":{"rendered":"La Iglesia de Interam\u00e9rica concluir\u00e1 su programa de evangelizaci\u00f3n \u00abVisi\u00f3n un mill\u00f3n\u00bb con evento satelital"},"content":{"rendered":"<div id=\"attachment_15910\" style=\"width: 727px\" class=\"wp-caption aligncenter\"><a href=\"\/interamerica\/wp-content\/uploads\/2017\/06\/Banner_VOM_2015_ESP.jpg\" rel=\"fancybox\" title=\"La Iglesia de Interam\u00e9rica concluir\u00e1 su programa de evangelizaci\u00f3n \"Visi\u00f3n un mill\u00f3n\" con evento satelital\"><img fetchpriority=\"high\" decoding=\"async\" aria-describedby=\"caption-attachment-15910\" class=\" wp-image-15911\" title=\"Banner_VOM_2015_ESP\" src=\"\/interamerica\/wp-content\/uploads\/2017\/06\/Banner_VOM_2015_ESP-1024x341.jpg\" alt=\"\" width=\"717\" height=\"239\" \/><\/a><p id=\"caption-attachment-15910\" class=\"wp-caption-text\">Imagen de Abel M\u00e1rquez\/DIA<\/p><\/div>\n<p>1 de abril de 2015 | Miami, Florida, Estados Unidos | Libna Stevens\/DIA<\/p>\n<p>La Iglesia Adventista del S\u00e9ptimo D\u00eda en Interam\u00e9rica ha planificado concluir su iniciativa abarcadora quinquenal denominada \u00abVisi\u00f3n un mill\u00f3n\u00bb durante un programa satelital en vivo de tres horas el pr\u00f3ximo 4 de abril de 2015, desde Puerto Espa\u00f1a, Trinidad.<\/p>\n<p>Los principales l\u00edderes de la iglesia destacar\u00e1n los resultados de los esfuerzos de evangelizaci\u00f3n impulsados por miles de pastores y miembros de iglesia activos a lo largo y a lo ancho del territorio de la Divisi\u00f3n Interamericana (DIA) durante los \u00faltimos tres meses, as\u00ed como la obra comunitaria intensiva llevada a cabo en la regi\u00f3n del Caribe ingl\u00e9s.<\/p>\n<p>Seg\u00fan el pastor Balvin Braham, secretario ministerial asociado de la Iglesia Adventista en Interam\u00e9rica y principal organizador del evento, se han estado llevando a cabo unas trescientas campa\u00f1as de evangelizaci\u00f3n en la Uni\u00f3n del Caribe en las \u00faltimas dos semanas.<\/p>\n<p>\u00abEstamos agradecidos porque los pastores, los predicadores laicos y los miembros de iglesia han estado participando de numerosos proyectos comunitarios, intervenciones sociales e iniciativas de preparaci\u00f3n del campo que llevaron a las campa\u00f1as de evangelizaci\u00f3n de cosecha de esta semana\u00bb, dijo Braham.<\/p>\n<p>Unos 250 ministros y 450 predicadores laicos de toda la Divisi\u00f3n Interamericana, \u00c1frica, Canad\u00e1, Inglaterra y los Estados Unidos han estado asoci\u00e1ndose con los pastores de las iglesias locales para llevar a cabo esfuerzos de evangelizaci\u00f3n en iglesias, auditorios, centros comunitarios y grupos peque\u00f1os durante esta semana, a\u00f1adi\u00f3 Braham.<\/p>\n<p>M\u00e1s de 178 mil miembros de iglesia han estado participando de los esfuerzos en las m\u00e1s de dos decenas de islas que pertenecen a la Uni\u00f3n Asociaci\u00f3n del Caribe.<\/p>\n<p>Los l\u00edderes est\u00e1n esperando que se lleven a cabo m\u00e1s de tres mil bautismos en el Centro de Excelencia, as\u00ed como en toda la Uni\u00f3n del Caribe este pr\u00f3ximo 4 de abril.<\/p>\n<p>Otros miles en las 24 regiones eclesi\u00e1sticas de Interam\u00e9rica se unir\u00e1n a la iglesia durante el programa. Durante la transmisi\u00f3n se presentar\u00e1n actualizaciones en vivo desde sitios claves del territorio. El programa en vivo contar\u00e1 con la participaci\u00f3n del evangelista Mark Finley como orador principal, y tambi\u00e9n con los principales l\u00edderes de la Divisi\u00f3n Interamericana, con proyectos de impacto comunitario, proyectos urbanos y reconocimientos, entre otros.<\/p>\n<p>La transmisi\u00f3n de tres horas en vivo de \u00abVisi\u00f3n un mill\u00f3n\u00bb comenzar\u00e1 a las 10.00 y se extender\u00e1 hasta las 13.00, hora de Miami, y puede ser seguida por el\u00a0<a href=\"http:\/\/www.hopetv.org\/watch\/hope-church-channel\/\">Canal Hope<\/a>, <a href=\"http:\/\/www.esperanzatv.org\/\">Esperanza TV<\/a>, <a href=\"http:\/\/3abn.org\/media\/3abn-broadcast\/\">3ABN<\/a>\u00a0y\u00a0<a href=\"http:\/\/3abn.org\/media\/3abn-latino-broadcast\/\">3ABN Latino<\/a>.<\/p>\n<p>El programa ser\u00e1 ofrecido en ingl\u00e9s, espa\u00f1ol y franc\u00e9s en\u00a0<a href=\"http:\/\/webcast.interamerica.org\/english\">webcast.interamerica.org<\/a>.<\/p>\n<p>Por actualizaciones sobre el este pr\u00f3ximo programa de \u00abVisi\u00f3n un mill\u00f3n\u00bb, vis\u00edtenos en\u00a0<a href=\"https:\/\/recursing-golick.147-182-135-0.plesk.page\/\">interamerica.org<\/a><\/p>\n<p><em>Traducci\u00f3n de Marcos Paseggi<\/em><\/p>\n","protected":false},"excerpt":{"rendered":"<p>La Iglesia Adventista del S\u00e9ptimo D\u00eda en Interam\u00e9rica ha planificado concluir su iniciativa abarcadora quinquenal denominada \u00abVisi\u00f3n un mill\u00f3n\u00bb durante un programa satelital en vivo de tres horas el pr\u00f3ximo 4 de abril de 2015, desde Puerto Espa\u00f1a, Trinidad. <\/p>\n<p>Los principales l\u00edderes de la iglesia destacar\u00e1n los resultados de los esfuerzos de evangelizaci\u00f3n impulsados por miles de pastores y miembros de iglesia activos a lo largo y a lo ancho del territorio de la Divisi\u00f3n Interamericana (DIA) durante los \u00faltimos tres meses, as\u00ed como la obra comunitaria intensiva llevada a cabo en la regi\u00f3n del Caribe ingl\u00e9s.<\/p>\n","protected":false},"author":1,"featured_media":30778,"comment_status":"closed","ping_status":"closed","sticky":false,"template":"","format":"standard","meta":{"_acf_changed":false,"footnotes":""},"categories":[16,15],"tags":[],"class_list":["post-30777","post","type-post","status-publish","format-standard","has-post-thumbnail","hentry","category-desde-la-sede","category-rss-espanol"],"acf":[],"yoast_head":"<!-- This site is optimized with the Yoast SEO plugin v27.3 - https:\/\/yoast.com\/product\/yoast-seo-wordpress\/ -->\n<title>La Iglesia de Interam\u00e9rica concluir\u00e1 su programa de evangelizaci\u00f3n &quot;Visi\u00f3n un mill\u00f3n&quot; con evento satelital - Iglesia Adventista del S\u00e9ptimo D\u00eda - Divisi\u00f3n Interamericana<\/title>\n<meta name=\"robots\" content=\"index, follow, max-snippet:-1, max-image-preview:large, max-video-preview:-1\" \/>\n<link rel=\"canonical\" href=\"https:\/\/interamerica.org\/es\/2015\/04\/la-iglesia-de-interamerica-concluira-su-programa-de-evangelizacion-vision-un-millon-con-evento-satelital\/\" \/>\n<meta property=\"og:locale\" content=\"es_ES\" \/>\n<meta property=\"og:type\" content=\"article\" \/>\n<meta property=\"og:title\" content=\"La Iglesia de Interam\u00e9rica concluir\u00e1 su programa de evangelizaci\u00f3n &quot;Visi\u00f3n un mill\u00f3n&quot; con evento satelital - Iglesia Adventista del S\u00e9ptimo D\u00eda - Divisi\u00f3n Interamericana\" \/>\n<meta property=\"og:description\" content=\"La Iglesia Adventista del S\u00e9ptimo D\u00eda en Interam\u00e9rica ha planificado concluir su iniciativa abarcadora quinquenal denominada &quot;Visi\u00f3n un mill\u00f3n&quot; durante un programa satelital en vivo de tres horas el pr\u00f3ximo 4 de abril de 2015, desde Puerto Espa\u00f1a, Trinidad.  Los principales l\u00edderes de la iglesia destacar\u00e1n los resultados de los esfuerzos de evangelizaci\u00f3n impulsados por miles de pastores y miembros de iglesia activos a lo largo y a lo ancho del territorio de la Divisi\u00f3n Interamericana (DIA) durante los \u00faltimos tres meses, as\u00ed como la obra comunitaria intensiva llevada a cabo en la regi\u00f3n del Caribe ingl\u00e9s.\" \/>\n<meta property=\"og:url\" content=\"https:\/\/interamerica.org\/es\/2015\/04\/la-iglesia-de-interamerica-concluira-su-programa-de-evangelizacion-vision-un-millon-con-evento-satelital\/\" \/>\n<meta property=\"og:site_name\" content=\"Iglesia Adventista del S\u00e9ptimo D\u00eda - Divisi\u00f3n Interamericana\" \/>\n<meta property=\"article:published_time\" content=\"2015-04-01T04:00:00+00:00\" \/>\n<meta property=\"og:image\" content=\"https:\/\/interamerica.org\/wp-content\/uploads\/2017\/06\/V1M-Fre300.png\" \/>\n\t<meta property=\"og:image:width\" content=\"300\" \/>\n\t<meta property=\"og:image:height\" content=\"218\" \/>\n\t<meta property=\"og:image:type\" content=\"image\/png\" \/>\n<meta name=\"author\" content=\"Lorenzo Verduzco\" \/>\n<meta name=\"twitter:card\" content=\"summary_large_image\" \/>\n<meta name=\"twitter:label1\" content=\"Escrito por\" \/>\n\t<meta name=\"twitter:data1\" content=\"Lorenzo Verduzco\" \/>\n\t<meta name=\"twitter:label2\" content=\"Tiempo de lectura\" \/>\n\t<meta name=\"twitter:data2\" content=\"2 minutos\" \/>\n<script type=\"application\/ld+json\" class=\"yoast-schema-graph\">{\"@context\":\"https:\\\/\\\/schema.org\",\"@graph\":[{\"@type\":\"Article\",\"@id\":\"https:\\\/\\\/interamerica.org\\\/es\\\/2015\\\/04\\\/la-iglesia-de-interamerica-concluira-su-programa-de-evangelizacion-vision-un-millon-con-evento-satelital\\\/#article\",\"isPartOf\":{\"@id\":\"https:\\\/\\\/interamerica.org\\\/es\\\/2015\\\/04\\\/la-iglesia-de-interamerica-concluira-su-programa-de-evangelizacion-vision-un-millon-con-evento-satelital\\\/\"},\"author\":{\"name\":\"Lorenzo Verduzco\",\"@id\":\"https:\\\/\\\/interamerica.org\\\/es\\\/#\\\/schema\\\/person\\\/68ede8bdc292885bb76c1e3810e73c39\"},\"headline\":\"La Iglesia de Interam\u00e9rica concluir\u00e1 su programa de evangelizaci\u00f3n \u00abVisi\u00f3n un mill\u00f3n\u00bb con evento satelital\",\"datePublished\":\"2015-04-01T04:00:00+00:00\",\"mainEntityOfPage\":{\"@id\":\"https:\\\/\\\/interamerica.org\\\/es\\\/2015\\\/04\\\/la-iglesia-de-interamerica-concluira-su-programa-de-evangelizacion-vision-un-millon-con-evento-satelital\\\/\"},\"wordCount\":513,\"image\":{\"@id\":\"https:\\\/\\\/interamerica.org\\\/es\\\/2015\\\/04\\\/la-iglesia-de-interamerica-concluira-su-programa-de-evangelizacion-vision-un-millon-con-evento-satelital\\\/#primaryimage\"},\"thumbnailUrl\":\"https:\\\/\\\/interamerica.org\\\/wp-content\\\/uploads\\\/2017\\\/06\\\/V1M-Fre300.png\",\"articleSection\":[\"Desde la sede\",\"RSS Espa\u00f1ol\"],\"inLanguage\":\"es\"},{\"@type\":\"WebPage\",\"@id\":\"https:\\\/\\\/interamerica.org\\\/es\\\/2015\\\/04\\\/la-iglesia-de-interamerica-concluira-su-programa-de-evangelizacion-vision-un-millon-con-evento-satelital\\\/\",\"url\":\"https:\\\/\\\/interamerica.org\\\/es\\\/2015\\\/04\\\/la-iglesia-de-interamerica-concluira-su-programa-de-evangelizacion-vision-un-millon-con-evento-satelital\\\/\",\"name\":\"La Iglesia de Interam\u00e9rica concluir\u00e1 su programa de evangelizaci\u00f3n \\\"Visi\u00f3n un mill\u00f3n\\\" con evento satelital - Iglesia Adventista del S\u00e9ptimo D\u00eda - Divisi\u00f3n Interamericana\",\"isPartOf\":{\"@id\":\"https:\\\/\\\/interamerica.org\\\/es\\\/#website\"},\"primaryImageOfPage\":{\"@id\":\"https:\\\/\\\/interamerica.org\\\/es\\\/2015\\\/04\\\/la-iglesia-de-interamerica-concluira-su-programa-de-evangelizacion-vision-un-millon-con-evento-satelital\\\/#primaryimage\"},\"image\":{\"@id\":\"https:\\\/\\\/interamerica.org\\\/es\\\/2015\\\/04\\\/la-iglesia-de-interamerica-concluira-su-programa-de-evangelizacion-vision-un-millon-con-evento-satelital\\\/#primaryimage\"},\"thumbnailUrl\":\"https:\\\/\\\/interamerica.org\\\/wp-content\\\/uploads\\\/2017\\\/06\\\/V1M-Fre300.png\",\"datePublished\":\"2015-04-01T04:00:00+00:00\",\"author\":{\"@id\":\"https:\\\/\\\/interamerica.org\\\/es\\\/#\\\/schema\\\/person\\\/68ede8bdc292885bb76c1e3810e73c39\"},\"breadcrumb\":{\"@id\":\"https:\\\/\\\/interamerica.org\\\/es\\\/2015\\\/04\\\/la-iglesia-de-interamerica-concluira-su-programa-de-evangelizacion-vision-un-millon-con-evento-satelital\\\/#breadcrumb\"},\"inLanguage\":\"es\",\"potentialAction\":[{\"@type\":\"ReadAction\",\"target\":[\"https:\\\/\\\/interamerica.org\\\/es\\\/2015\\\/04\\\/la-iglesia-de-interamerica-concluira-su-programa-de-evangelizacion-vision-un-millon-con-evento-satelital\\\/\"]}]},{\"@type\":\"ImageObject\",\"inLanguage\":\"es\",\"@id\":\"https:\\\/\\\/interamerica.org\\\/es\\\/2015\\\/04\\\/la-iglesia-de-interamerica-concluira-su-programa-de-evangelizacion-vision-un-millon-con-evento-satelital\\\/#primaryimage\",\"url\":\"https:\\\/\\\/interamerica.org\\\/wp-content\\\/uploads\\\/2017\\\/06\\\/V1M-Fre300.png\",\"contentUrl\":\"https:\\\/\\\/interamerica.org\\\/wp-content\\\/uploads\\\/2017\\\/06\\\/V1M-Fre300.png\",\"width\":300,\"height\":218},{\"@type\":\"BreadcrumbList\",\"@id\":\"https:\\\/\\\/interamerica.org\\\/es\\\/2015\\\/04\\\/la-iglesia-de-interamerica-concluira-su-programa-de-evangelizacion-vision-un-millon-con-evento-satelital\\\/#breadcrumb\",\"itemListElement\":[{\"@type\":\"ListItem\",\"position\":1,\"name\":\"Home\",\"item\":\"https:\\\/\\\/interamerica.org\\\/es\\\/\"},{\"@type\":\"ListItem\",\"position\":2,\"name\":\"La Iglesia de Interam\u00e9rica concluir\u00e1 su programa de evangelizaci\u00f3n &#8220;Visi\u00f3n un mill\u00f3n&#8221; con evento satelital\"}]},{\"@type\":\"WebSite\",\"@id\":\"https:\\\/\\\/interamerica.org\\\/es\\\/#website\",\"url\":\"https:\\\/\\\/interamerica.org\\\/es\\\/\",\"name\":\"Iglesia Adventista del S\u00e9ptimo D\u00eda - Divisi\u00f3n Interamericana\",\"description\":\"\",\"potentialAction\":[{\"@type\":\"SearchAction\",\"target\":{\"@type\":\"EntryPoint\",\"urlTemplate\":\"https:\\\/\\\/interamerica.org\\\/es\\\/?s={search_term_string}\"},\"query-input\":{\"@type\":\"PropertyValueSpecification\",\"valueRequired\":true,\"valueName\":\"search_term_string\"}}],\"inLanguage\":\"es\"},{\"@type\":\"Person\",\"@id\":\"https:\\\/\\\/interamerica.org\\\/es\\\/#\\\/schema\\\/person\\\/68ede8bdc292885bb76c1e3810e73c39\",\"name\":\"Lorenzo Verduzco\",\"image\":{\"@type\":\"ImageObject\",\"inLanguage\":\"es\",\"@id\":\"https:\\\/\\\/secure.gravatar.com\\\/avatar\\\/fb81a55b6218459490a9c1dc841a34909185b81904c5337b4b27f7a6fd60c49e?s=96&d=mm&r=g\",\"url\":\"https:\\\/\\\/secure.gravatar.com\\\/avatar\\\/fb81a55b6218459490a9c1dc841a34909185b81904c5337b4b27f7a6fd60c49e?s=96&d=mm&r=g\",\"contentUrl\":\"https:\\\/\\\/secure.gravatar.com\\\/avatar\\\/fb81a55b6218459490a9c1dc841a34909185b81904c5337b4b27f7a6fd60c49e?s=96&d=mm&r=g\",\"caption\":\"Lorenzo Verduzco\"}}]}<\/script>\n<!-- \/ Yoast SEO plugin. -->","yoast_head_json":{"title":"La Iglesia de Interam\u00e9rica concluir\u00e1 su programa de evangelizaci\u00f3n \"Visi\u00f3n un mill\u00f3n\" con evento satelital - Iglesia Adventista del S\u00e9ptimo D\u00eda - Divisi\u00f3n Interamericana","robots":{"index":"index","follow":"follow","max-snippet":"max-snippet:-1","max-image-preview":"max-image-preview:large","max-video-preview":"max-video-preview:-1"},"canonical":"https:\/\/interamerica.org\/es\/2015\/04\/la-iglesia-de-interamerica-concluira-su-programa-de-evangelizacion-vision-un-millon-con-evento-satelital\/","og_locale":"es_ES","og_type":"article","og_title":"La Iglesia de Interam\u00e9rica concluir\u00e1 su programa de evangelizaci\u00f3n \"Visi\u00f3n un mill\u00f3n\" con evento satelital - Iglesia Adventista del S\u00e9ptimo D\u00eda - Divisi\u00f3n Interamericana","og_description":"La Iglesia Adventista del S\u00e9ptimo D\u00eda en Interam\u00e9rica ha planificado concluir su iniciativa abarcadora quinquenal denominada \"Visi\u00f3n un mill\u00f3n\" durante un programa satelital en vivo de tres horas el pr\u00f3ximo 4 de abril de 2015, desde Puerto Espa\u00f1a, Trinidad.  Los principales l\u00edderes de la iglesia destacar\u00e1n los resultados de los esfuerzos de evangelizaci\u00f3n impulsados por miles de pastores y miembros de iglesia activos a lo largo y a lo ancho del territorio de la Divisi\u00f3n Interamericana (DIA) durante los \u00faltimos tres meses, as\u00ed como la obra comunitaria intensiva llevada a cabo en la regi\u00f3n del Caribe ingl\u00e9s.","og_url":"https:\/\/interamerica.org\/es\/2015\/04\/la-iglesia-de-interamerica-concluira-su-programa-de-evangelizacion-vision-un-millon-con-evento-satelital\/","og_site_name":"Iglesia Adventista del S\u00e9ptimo D\u00eda - Divisi\u00f3n Interamericana","article_published_time":"2015-04-01T04:00:00+00:00","og_image":[{"width":300,"height":218,"url":"https:\/\/interamerica.org\/wp-content\/uploads\/2017\/06\/V1M-Fre300.png","type":"image\/png"}],"author":"Lorenzo Verduzco","twitter_card":"summary_large_image","twitter_misc":{"Escrito por":"Lorenzo Verduzco","Tiempo de lectura":"2 minutos"},"schema":{"@context":"https:\/\/schema.org","@graph":[{"@type":"Article","@id":"https:\/\/interamerica.org\/es\/2015\/04\/la-iglesia-de-interamerica-concluira-su-programa-de-evangelizacion-vision-un-millon-con-evento-satelital\/#article","isPartOf":{"@id":"https:\/\/interamerica.org\/es\/2015\/04\/la-iglesia-de-interamerica-concluira-su-programa-de-evangelizacion-vision-un-millon-con-evento-satelital\/"},"author":{"name":"Lorenzo Verduzco","@id":"https:\/\/interamerica.org\/es\/#\/schema\/person\/68ede8bdc292885bb76c1e3810e73c39"},"headline":"La Iglesia de Interam\u00e9rica concluir\u00e1 su programa de evangelizaci\u00f3n \u00abVisi\u00f3n un mill\u00f3n\u00bb con evento satelital","datePublished":"2015-04-01T04:00:00+00:00","mainEntityOfPage":{"@id":"https:\/\/interamerica.org\/es\/2015\/04\/la-iglesia-de-interamerica-concluira-su-programa-de-evangelizacion-vision-un-millon-con-evento-satelital\/"},"wordCount":513,"image":{"@id":"https:\/\/interamerica.org\/es\/2015\/04\/la-iglesia-de-interamerica-concluira-su-programa-de-evangelizacion-vision-un-millon-con-evento-satelital\/#primaryimage"},"thumbnailUrl":"https:\/\/interamerica.org\/wp-content\/uploads\/2017\/06\/V1M-Fre300.png","articleSection":["Desde la sede","RSS Espa\u00f1ol"],"inLanguage":"es"},{"@type":"WebPage","@id":"https:\/\/interamerica.org\/es\/2015\/04\/la-iglesia-de-interamerica-concluira-su-programa-de-evangelizacion-vision-un-millon-con-evento-satelital\/","url":"https:\/\/interamerica.org\/es\/2015\/04\/la-iglesia-de-interamerica-concluira-su-programa-de-evangelizacion-vision-un-millon-con-evento-satelital\/","name":"La Iglesia de Interam\u00e9rica concluir\u00e1 su programa de evangelizaci\u00f3n \"Visi\u00f3n un mill\u00f3n\" con evento satelital - Iglesia Adventista del S\u00e9ptimo D\u00eda - Divisi\u00f3n Interamericana","isPartOf":{"@id":"https:\/\/interamerica.org\/es\/#website"},"primaryImageOfPage":{"@id":"https:\/\/interamerica.org\/es\/2015\/04\/la-iglesia-de-interamerica-concluira-su-programa-de-evangelizacion-vision-un-millon-con-evento-satelital\/#primaryimage"},"image":{"@id":"https:\/\/interamerica.org\/es\/2015\/04\/la-iglesia-de-interamerica-concluira-su-programa-de-evangelizacion-vision-un-millon-con-evento-satelital\/#primaryimage"},"thumbnailUrl":"https:\/\/interamerica.org\/wp-content\/uploads\/2017\/06\/V1M-Fre300.png","datePublished":"2015-04-01T04:00:00+00:00","author":{"@id":"https:\/\/interamerica.org\/es\/#\/schema\/person\/68ede8bdc292885bb76c1e3810e73c39"},"breadcrumb":{"@id":"https:\/\/interamerica.org\/es\/2015\/04\/la-iglesia-de-interamerica-concluira-su-programa-de-evangelizacion-vision-un-millon-con-evento-satelital\/#breadcrumb"},"inLanguage":"es","potentialAction":[{"@type":"ReadAction","target":["https:\/\/interamerica.org\/es\/2015\/04\/la-iglesia-de-interamerica-concluira-su-programa-de-evangelizacion-vision-un-millon-con-evento-satelital\/"]}]},{"@type":"ImageObject","inLanguage":"es","@id":"https:\/\/interamerica.org\/es\/2015\/04\/la-iglesia-de-interamerica-concluira-su-programa-de-evangelizacion-vision-un-millon-con-evento-satelital\/#primaryimage","url":"https:\/\/interamerica.org\/wp-content\/uploads\/2017\/06\/V1M-Fre300.png","contentUrl":"https:\/\/interamerica.org\/wp-content\/uploads\/2017\/06\/V1M-Fre300.png","width":300,"height":218},{"@type":"BreadcrumbList","@id":"https:\/\/interamerica.org\/es\/2015\/04\/la-iglesia-de-interamerica-concluira-su-programa-de-evangelizacion-vision-un-millon-con-evento-satelital\/#breadcrumb","itemListElement":[{"@type":"ListItem","position":1,"name":"Home","item":"https:\/\/interamerica.org\/es\/"},{"@type":"ListItem","position":2,"name":"La Iglesia de Interam\u00e9rica concluir\u00e1 su programa de evangelizaci\u00f3n &#8220;Visi\u00f3n un mill\u00f3n&#8221; con evento satelital"}]},{"@type":"WebSite","@id":"https:\/\/interamerica.org\/es\/#website","url":"https:\/\/interamerica.org\/es\/","name":"Iglesia Adventista del S\u00e9ptimo D\u00eda - Divisi\u00f3n Interamericana","description":"","potentialAction":[{"@type":"SearchAction","target":{"@type":"EntryPoint","urlTemplate":"https:\/\/interamerica.org\/es\/?s={search_term_string}"},"query-input":{"@type":"PropertyValueSpecification","valueRequired":true,"valueName":"search_term_string"}}],"inLanguage":"es"},{"@type":"Person","@id":"https:\/\/interamerica.org\/es\/#\/schema\/person\/68ede8bdc292885bb76c1e3810e73c39","name":"Lorenzo Verduzco","image":{"@type":"ImageObject","inLanguage":"es","@id":"https:\/\/secure.gravatar.com\/avatar\/fb81a55b6218459490a9c1dc841a34909185b81904c5337b4b27f7a6fd60c49e?s=96&d=mm&r=g","url":"https:\/\/secure.gravatar.com\/avatar\/fb81a55b6218459490a9c1dc841a34909185b81904c5337b4b27f7a6fd60c49e?s=96&d=mm&r=g","contentUrl":"https:\/\/secure.gravatar.com\/avatar\/fb81a55b6218459490a9c1dc841a34909185b81904c5337b4b27f7a6fd60c49e?s=96&d=mm&r=g","caption":"Lorenzo Verduzco"}}]}},"_links":{"self":[{"href":"https:\/\/interamerica.org\/es\/wp-json\/wp\/v2\/posts\/30777","targetHints":{"allow":["GET"]}}],"collection":[{"href":"https:\/\/interamerica.org\/es\/wp-json\/wp\/v2\/posts"}],"about":[{"href":"https:\/\/interamerica.org\/es\/wp-json\/wp\/v2\/types\/post"}],"author":[{"embeddable":true,"href":"https:\/\/interamerica.org\/es\/wp-json\/wp\/v2\/users\/1"}],"replies":[{"embeddable":true,"href":"https:\/\/interamerica.org\/es\/wp-json\/wp\/v2\/comments?post=30777"}],"version-history":[{"count":0,"href":"https:\/\/interamerica.org\/es\/wp-json\/wp\/v2\/posts\/30777\/revisions"}],"wp:featuredmedia":[{"embeddable":true,"href":"https:\/\/interamerica.org\/es\/wp-json\/wp\/v2\/media\/30778"}],"wp:attachment":[{"href":"https:\/\/interamerica.org\/es\/wp-json\/wp\/v2\/media?parent=30777"}],"wp:term":[{"taxonomy":"category","embeddable":true,"href":"https:\/\/interamerica.org\/es\/wp-json\/wp\/v2\/categories?post=30777"},{"taxonomy":"post_tag","embeddable":true,"href":"https:\/\/interamerica.org\/es\/wp-json\/wp\/v2\/tags?post=30777"}],"curies":[{"name":"wp","href":"https:\/\/api.w.org\/{rel}","templated":true}]}}