{"id":30783,"date":"2015-04-02T00:00:00","date_gmt":"2015-04-02T04:00:00","guid":{"rendered":"http:\/\/192.81.217.108\/interamerica\/2015\/04\/escuelas-adventistas-del-norte-del-caribe-interactuan-en-linea-durante-dia-especial-de-oracion\/"},"modified":"2015-04-02T00:00:00","modified_gmt":"2015-04-02T04:00:00","slug":"escuelas-adventistas-del-norte-del-caribe-interactuan-en-linea-durante-dia-especial-de-oracion","status":"publish","type":"post","link":"https:\/\/interamerica.org\/es\/2015\/04\/escuelas-adventistas-del-norte-del-caribe-interactuan-en-linea-durante-dia-especial-de-oracion\/","title":{"rendered":"Escuelas adventistas del Norte del Caribe interact\u00faan en l\u00ednea durante d\u00eda especial de oraci\u00f3n"},"content":{"rendered":"<p>2 de abril de 2015 | Saint Croix, Islas V\u00edrgenes de los Estados Unidos | Royston Philbert\/DIA<\/p>\n<div id=\"attachment_16155\" style=\"width: 410px\" class=\"wp-caption alignleft\"><a href=\"\/interamerica\/wp-content\/uploads\/2017\/06\/NCCgardenofprayer1.png\" rel=\"fancybox\" title=\"Escuelas adventistas del Norte del Caribe interact\u00faan en l\u00ednea durante d\u00eda especial de oraci\u00f3n\"><img fetchpriority=\"high\" decoding=\"async\" aria-describedby=\"caption-attachment-16155\" class=\"size-full wp-image-16155\" src=\"\/interamerica\/wp-content\/uploads\/2017\/06\/NCCgardenofprayer1.png\" alt=\"\" width=\"400\" height=\"225\" \/><\/a><p id=\"caption-attachment-16155\" class=\"wp-caption-text\">Estudiantes de la Escuela Adventista de St. Maarten representan escenas del jard\u00edn de oraci\u00f3n v\u00eda una plataforma de videoconferencias, durante el programa del d\u00eda interactivo de oraci\u00f3n especial llevado a cabo en las cinco escuelas adventistas de la regi\u00f3n Norte\u00f1a del Caribe el pasado 6 de marzo de 2015. Imagen por cortes\u00eda de la Asociaci\u00f3n Norte\u00f1a del Caribe.<\/p><\/div>\n<p>Por quinto a\u00f1o consecutivo, los docentes y los estudiantes de todas las escuelas de la Asociaci\u00f3n Norte\u00f1a del Caribe dejaron de lado las actividades acad\u00e9micas en sus salones de clase el pasado 6 de marzo para reflexionar en las bendiciones de Dios, orar, estudiar la Biblia y participar en un d\u00eda de oraci\u00f3n por las escuelas.<\/p>\n<p>Los l\u00edderes de educaci\u00f3n de la Asociaci\u00f3n Norte\u00f1a del Caribe dijeron que este a\u00f1o fue hist\u00f3rico, porque por primera vez todas las escuelas se reunieron para ser parte de la ocasi\u00f3n por medio de Skype, a trav\u00e9s de la cual todas las escuelas tuvieron la oportunidad de participar del programa mientras segu\u00edan las presentaciones de las dem\u00e1s instituciones.<\/p>\n<p>Tomando como tema central el jard\u00edn de oraci\u00f3n, las diversas escuelas tuvieron la oportunidad de crear escenas de lo que puede hallarse en un jard\u00edn de oraci\u00f3n con el prop\u00f3sito de destacar el tema del d\u00eda.<\/p>\n<p>El d\u00eda especial abund\u00f3 en mensajes espirituales que fueron dados por los estudiantes que participaron del evento en l\u00ednea, cont\u00f3 con la presentaci\u00f3n de partes musicales, momentos de oraci\u00f3n y mensajes ac\u00fasticos a cargo de estudiantes y clases seleccionados.<\/p>\n<p>Por su parte Gerene Joseph, directora de educaci\u00f3n de la Asociaci\u00f3n Norte\u00f1a del Caribe dijo que la actividad tuvo por objetivo recordar a los docentes y estudiantes que \u00abla oraci\u00f3n es un maravilloso recurso, de manera que podemos cultivar una relaci\u00f3n cercana con Dios, que nos llevar\u00e1 a una comuni\u00f3n especial cada d\u00eda\u00bb.<\/p>\n<p>\u00abLos estudiantes y los docentes deber\u00edan saber que hay un Dios que puede ayudarlos a resolver cualquier problema que encuentren en la escuela\u00bb, a\u00f1adi\u00f3 la se\u00f1ora Joseph.<\/p>\n<p>En Saint Estatius, los estudiantes de la Escuela Adventista Plantaci\u00f3n Lynch se dieron cita en el auditorio de la instituci\u00f3n para participar de las actividades espirituales.<\/p>\n<p>En Saint Marteen, los docentes y sus estudiantes se reunieron en la cercana iglesia adventista de Cole Bay para ofrecer una oraci\u00f3n por todo aquel que lo necesitara.<\/p>\n<p>\u00abQuisimos motivar a nuestros estudiantes y docentes para que oren sin cesar en los buenos y en los malos momentos, en la adversidad y en la prosperidad\u00bb, dijo Merlese Lake, directora de los m\u00e1s de 324 estudiantes de la escuela. \u00abEl mensaje qued\u00f3 claro: Dios nos escucha, se interesa en nosotros y quiere que nos acerquemos m\u00e1s a \u00e9l\u00bb, a\u00f1adi\u00f3.<\/p>\n<p>Los ni\u00f1os pudieron cantar, orar y recitar vers\u00edculos de memoria que aprendieron mientras viajaban en el autob\u00fas a la escuela. Otras actividades incluyeron la participaci\u00f3n en momentos especiales de oraci\u00f3n por los padres con problemas de salud, entre otros temas.<\/p>\n<p>En Saint Thomas, los estudiantes se reunieron en su auditorio donde el personal coordin\u00f3 las actividades del d\u00eda. Los estudiantes pudieron escribir sus pedidos de oraci\u00f3n y orar por las necesidades de los estudiantes y los padres.<\/p>\n<p>En Saint Croix, los estudiantes de la escuela adventista dedicaron el d\u00eda para orar tomados de la mano en todas las clases. Varios padres y admiradores se reunieron en el auditorio de la escuela.<\/p>\n<p>\u00abSabemos que nuestros estudiantes de toda la asociaci\u00f3n tienen muy en claro que la oraci\u00f3n es fundamental para su vida actual y futura\u00bb, dijo la se\u00f1ora Joseph.<\/p>\n<p>Ya se est\u00e1n haciendo planes para el d\u00eda de oraci\u00f3n del pr\u00f3ximo a\u00f1o en todas las escuelas de la Asociaci\u00f3n Norte\u00f1a del Caribe. Los l\u00edderes y los educadores de la Iglesia Adventista en el territorio seguir\u00e1n promoviendo una vida diaria de oraci\u00f3n, el estudio de la Biblia, y la tarea de compartir el amor de Cristo con los m\u00e1s de setecientos estudiantes de las cinco escuelas.<\/p>\n<p><em>Traducci\u00f3n de Marcos Paseggi<\/em><\/p>\n","protected":false},"excerpt":{"rendered":"<p>Por quinto a\u00f1o consecutivo, los docentes y los estudiantes de todas las escuelas de la Asociaci\u00f3n Norte\u00f1a del Caribe dejaron de lado las actividades acad\u00e9micas en sus salones de clase el pasado 6 de marzo para reflexionar en las bendiciones de Dios, orar, estudiar la Biblia y participar en un d\u00eda de oraci\u00f3n por las escuelas. <\/p>\n<p>Los l\u00edderes de educaci\u00f3n de la Asociaci\u00f3n Norte\u00f1a del Caribe dijeron que este a\u00f1o fue hist\u00f3rico, porque por primera vez todas las escuelas se reunieron para ser parte de la ocasi\u00f3n por medio de Skype, a trav\u00e9s de la cual todas las escuelas tuvieron la oportunidad de participar del programa mientras segu\u00edan las presentaciones de las dem\u00e1s instituciones.<\/p>\n","protected":false},"author":1,"featured_media":24904,"comment_status":"closed","ping_status":"closed","sticky":false,"template":"","format":"standard","meta":{"_acf_changed":false,"footnotes":""},"categories":[17,15],"tags":[],"class_list":["post-30783","post","type-post","status-publish","format-standard","has-post-thumbnail","hentry","category-desde-el-campo","category-rss-espanol"],"acf":[],"yoast_head":"<!-- This site is optimized with the Yoast SEO plugin v27.3 - https:\/\/yoast.com\/product\/yoast-seo-wordpress\/ -->\n<title>Escuelas adventistas del Norte del Caribe interact\u00faan en l\u00ednea durante d\u00eda especial de oraci\u00f3n - Iglesia Adventista del S\u00e9ptimo D\u00eda - Divisi\u00f3n Interamericana<\/title>\n<meta name=\"robots\" content=\"index, follow, max-snippet:-1, max-image-preview:large, max-video-preview:-1\" \/>\n<link rel=\"canonical\" href=\"https:\/\/interamerica.org\/es\/2015\/04\/escuelas-adventistas-del-norte-del-caribe-interactuan-en-linea-durante-dia-especial-de-oracion\/\" \/>\n<meta property=\"og:locale\" content=\"es_ES\" \/>\n<meta property=\"og:type\" content=\"article\" \/>\n<meta property=\"og:title\" content=\"Escuelas adventistas del Norte del Caribe interact\u00faan en l\u00ednea durante d\u00eda especial de oraci\u00f3n - Iglesia Adventista del S\u00e9ptimo D\u00eda - Divisi\u00f3n Interamericana\" \/>\n<meta property=\"og:description\" content=\"Por quinto a\u00f1o consecutivo, los docentes y los estudiantes de todas las escuelas de la Asociaci\u00f3n Norte\u00f1a del Caribe dejaron de lado las actividades acad\u00e9micas en sus salones de clase el pasado 6 de marzo para reflexionar en las bendiciones de Dios, orar, estudiar la Biblia y participar en un d\u00eda de oraci\u00f3n por las escuelas.  Los l\u00edderes de educaci\u00f3n de la Asociaci\u00f3n Norte\u00f1a del Caribe dijeron que este a\u00f1o fue hist\u00f3rico, porque por primera vez todas las escuelas se reunieron para ser parte de la ocasi\u00f3n por medio de Skype, a trav\u00e9s de la cual todas las escuelas tuvieron la oportunidad de participar del programa mientras segu\u00edan las presentaciones de las dem\u00e1s instituciones.\" \/>\n<meta property=\"og:url\" content=\"https:\/\/interamerica.org\/es\/2015\/04\/escuelas-adventistas-del-norte-del-caribe-interactuan-en-linea-durante-dia-especial-de-oracion\/\" \/>\n<meta property=\"og:site_name\" content=\"Iglesia Adventista del S\u00e9ptimo D\u00eda - Divisi\u00f3n Interamericana\" \/>\n<meta property=\"article:published_time\" content=\"2015-04-02T04:00:00+00:00\" \/>\n<meta property=\"og:image\" content=\"https:\/\/interamerica.org\/wp-content\/uploads\/2017\/06\/NCCgardenofprayer1.png\" \/>\n\t<meta property=\"og:image:width\" content=\"400\" \/>\n\t<meta property=\"og:image:height\" content=\"225\" \/>\n\t<meta property=\"og:image:type\" content=\"image\/png\" \/>\n<meta name=\"author\" content=\"Lorenzo Verduzco\" \/>\n<meta name=\"twitter:card\" content=\"summary_large_image\" \/>\n<meta name=\"twitter:label1\" content=\"Escrito por\" \/>\n\t<meta name=\"twitter:data1\" content=\"Lorenzo Verduzco\" \/>\n\t<meta name=\"twitter:label2\" content=\"Tiempo de lectura\" \/>\n\t<meta name=\"twitter:data2\" content=\"4 minutos\" \/>\n<script type=\"application\/ld+json\" class=\"yoast-schema-graph\">{\"@context\":\"https:\\\/\\\/schema.org\",\"@graph\":[{\"@type\":\"Article\",\"@id\":\"https:\\\/\\\/interamerica.org\\\/es\\\/2015\\\/04\\\/escuelas-adventistas-del-norte-del-caribe-interactuan-en-linea-durante-dia-especial-de-oracion\\\/#article\",\"isPartOf\":{\"@id\":\"https:\\\/\\\/interamerica.org\\\/es\\\/2015\\\/04\\\/escuelas-adventistas-del-norte-del-caribe-interactuan-en-linea-durante-dia-especial-de-oracion\\\/\"},\"author\":{\"name\":\"Lorenzo Verduzco\",\"@id\":\"https:\\\/\\\/interamerica.org\\\/es\\\/#\\\/schema\\\/person\\\/68ede8bdc292885bb76c1e3810e73c39\"},\"headline\":\"Escuelas adventistas del Norte del Caribe interact\u00faan en l\u00ednea durante d\u00eda especial de oraci\u00f3n\",\"datePublished\":\"2015-04-02T04:00:00+00:00\",\"mainEntityOfPage\":{\"@id\":\"https:\\\/\\\/interamerica.org\\\/es\\\/2015\\\/04\\\/escuelas-adventistas-del-norte-del-caribe-interactuan-en-linea-durante-dia-especial-de-oracion\\\/\"},\"wordCount\":761,\"image\":{\"@id\":\"https:\\\/\\\/interamerica.org\\\/es\\\/2015\\\/04\\\/escuelas-adventistas-del-norte-del-caribe-interactuan-en-linea-durante-dia-especial-de-oracion\\\/#primaryimage\"},\"thumbnailUrl\":\"https:\\\/\\\/interamerica.org\\\/wp-content\\\/uploads\\\/2017\\\/06\\\/NCCgardenofprayer1.png\",\"articleSection\":[\"Desde el campo\",\"RSS Espa\u00f1ol\"],\"inLanguage\":\"es\"},{\"@type\":\"WebPage\",\"@id\":\"https:\\\/\\\/interamerica.org\\\/es\\\/2015\\\/04\\\/escuelas-adventistas-del-norte-del-caribe-interactuan-en-linea-durante-dia-especial-de-oracion\\\/\",\"url\":\"https:\\\/\\\/interamerica.org\\\/es\\\/2015\\\/04\\\/escuelas-adventistas-del-norte-del-caribe-interactuan-en-linea-durante-dia-especial-de-oracion\\\/\",\"name\":\"Escuelas adventistas del Norte del Caribe interact\u00faan en l\u00ednea durante d\u00eda especial de oraci\u00f3n - Iglesia Adventista del S\u00e9ptimo D\u00eda - Divisi\u00f3n Interamericana\",\"isPartOf\":{\"@id\":\"https:\\\/\\\/interamerica.org\\\/es\\\/#website\"},\"primaryImageOfPage\":{\"@id\":\"https:\\\/\\\/interamerica.org\\\/es\\\/2015\\\/04\\\/escuelas-adventistas-del-norte-del-caribe-interactuan-en-linea-durante-dia-especial-de-oracion\\\/#primaryimage\"},\"image\":{\"@id\":\"https:\\\/\\\/interamerica.org\\\/es\\\/2015\\\/04\\\/escuelas-adventistas-del-norte-del-caribe-interactuan-en-linea-durante-dia-especial-de-oracion\\\/#primaryimage\"},\"thumbnailUrl\":\"https:\\\/\\\/interamerica.org\\\/wp-content\\\/uploads\\\/2017\\\/06\\\/NCCgardenofprayer1.png\",\"datePublished\":\"2015-04-02T04:00:00+00:00\",\"author\":{\"@id\":\"https:\\\/\\\/interamerica.org\\\/es\\\/#\\\/schema\\\/person\\\/68ede8bdc292885bb76c1e3810e73c39\"},\"breadcrumb\":{\"@id\":\"https:\\\/\\\/interamerica.org\\\/es\\\/2015\\\/04\\\/escuelas-adventistas-del-norte-del-caribe-interactuan-en-linea-durante-dia-especial-de-oracion\\\/#breadcrumb\"},\"inLanguage\":\"es\",\"potentialAction\":[{\"@type\":\"ReadAction\",\"target\":[\"https:\\\/\\\/interamerica.org\\\/es\\\/2015\\\/04\\\/escuelas-adventistas-del-norte-del-caribe-interactuan-en-linea-durante-dia-especial-de-oracion\\\/\"]}]},{\"@type\":\"ImageObject\",\"inLanguage\":\"es\",\"@id\":\"https:\\\/\\\/interamerica.org\\\/es\\\/2015\\\/04\\\/escuelas-adventistas-del-norte-del-caribe-interactuan-en-linea-durante-dia-especial-de-oracion\\\/#primaryimage\",\"url\":\"https:\\\/\\\/interamerica.org\\\/wp-content\\\/uploads\\\/2017\\\/06\\\/NCCgardenofprayer1.png\",\"contentUrl\":\"https:\\\/\\\/interamerica.org\\\/wp-content\\\/uploads\\\/2017\\\/06\\\/NCCgardenofprayer1.png\",\"width\":400,\"height\":225},{\"@type\":\"BreadcrumbList\",\"@id\":\"https:\\\/\\\/interamerica.org\\\/es\\\/2015\\\/04\\\/escuelas-adventistas-del-norte-del-caribe-interactuan-en-linea-durante-dia-especial-de-oracion\\\/#breadcrumb\",\"itemListElement\":[{\"@type\":\"ListItem\",\"position\":1,\"name\":\"Home\",\"item\":\"https:\\\/\\\/interamerica.org\\\/es\\\/\"},{\"@type\":\"ListItem\",\"position\":2,\"name\":\"Escuelas adventistas del Norte del Caribe interact\u00faan en l\u00ednea durante d\u00eda especial de oraci\u00f3n\"}]},{\"@type\":\"WebSite\",\"@id\":\"https:\\\/\\\/interamerica.org\\\/es\\\/#website\",\"url\":\"https:\\\/\\\/interamerica.org\\\/es\\\/\",\"name\":\"Iglesia Adventista del S\u00e9ptimo D\u00eda - Divisi\u00f3n Interamericana\",\"description\":\"\",\"potentialAction\":[{\"@type\":\"SearchAction\",\"target\":{\"@type\":\"EntryPoint\",\"urlTemplate\":\"https:\\\/\\\/interamerica.org\\\/es\\\/?s={search_term_string}\"},\"query-input\":{\"@type\":\"PropertyValueSpecification\",\"valueRequired\":true,\"valueName\":\"search_term_string\"}}],\"inLanguage\":\"es\"},{\"@type\":\"Person\",\"@id\":\"https:\\\/\\\/interamerica.org\\\/es\\\/#\\\/schema\\\/person\\\/68ede8bdc292885bb76c1e3810e73c39\",\"name\":\"Lorenzo Verduzco\",\"image\":{\"@type\":\"ImageObject\",\"inLanguage\":\"es\",\"@id\":\"https:\\\/\\\/secure.gravatar.com\\\/avatar\\\/fb81a55b6218459490a9c1dc841a34909185b81904c5337b4b27f7a6fd60c49e?s=96&d=mm&r=g\",\"url\":\"https:\\\/\\\/secure.gravatar.com\\\/avatar\\\/fb81a55b6218459490a9c1dc841a34909185b81904c5337b4b27f7a6fd60c49e?s=96&d=mm&r=g\",\"contentUrl\":\"https:\\\/\\\/secure.gravatar.com\\\/avatar\\\/fb81a55b6218459490a9c1dc841a34909185b81904c5337b4b27f7a6fd60c49e?s=96&d=mm&r=g\",\"caption\":\"Lorenzo Verduzco\"}}]}<\/script>\n<!-- \/ Yoast SEO plugin. -->","yoast_head_json":{"title":"Escuelas adventistas del Norte del Caribe interact\u00faan en l\u00ednea durante d\u00eda especial de oraci\u00f3n - Iglesia Adventista del S\u00e9ptimo D\u00eda - Divisi\u00f3n Interamericana","robots":{"index":"index","follow":"follow","max-snippet":"max-snippet:-1","max-image-preview":"max-image-preview:large","max-video-preview":"max-video-preview:-1"},"canonical":"https:\/\/interamerica.org\/es\/2015\/04\/escuelas-adventistas-del-norte-del-caribe-interactuan-en-linea-durante-dia-especial-de-oracion\/","og_locale":"es_ES","og_type":"article","og_title":"Escuelas adventistas del Norte del Caribe interact\u00faan en l\u00ednea durante d\u00eda especial de oraci\u00f3n - Iglesia Adventista del S\u00e9ptimo D\u00eda - Divisi\u00f3n Interamericana","og_description":"Por quinto a\u00f1o consecutivo, los docentes y los estudiantes de todas las escuelas de la Asociaci\u00f3n Norte\u00f1a del Caribe dejaron de lado las actividades acad\u00e9micas en sus salones de clase el pasado 6 de marzo para reflexionar en las bendiciones de Dios, orar, estudiar la Biblia y participar en un d\u00eda de oraci\u00f3n por las escuelas.  Los l\u00edderes de educaci\u00f3n de la Asociaci\u00f3n Norte\u00f1a del Caribe dijeron que este a\u00f1o fue hist\u00f3rico, porque por primera vez todas las escuelas se reunieron para ser parte de la ocasi\u00f3n por medio de Skype, a trav\u00e9s de la cual todas las escuelas tuvieron la oportunidad de participar del programa mientras segu\u00edan las presentaciones de las dem\u00e1s instituciones.","og_url":"https:\/\/interamerica.org\/es\/2015\/04\/escuelas-adventistas-del-norte-del-caribe-interactuan-en-linea-durante-dia-especial-de-oracion\/","og_site_name":"Iglesia Adventista del S\u00e9ptimo D\u00eda - Divisi\u00f3n Interamericana","article_published_time":"2015-04-02T04:00:00+00:00","og_image":[{"width":400,"height":225,"url":"https:\/\/interamerica.org\/wp-content\/uploads\/2017\/06\/NCCgardenofprayer1.png","type":"image\/png"}],"author":"Lorenzo Verduzco","twitter_card":"summary_large_image","twitter_misc":{"Escrito por":"Lorenzo Verduzco","Tiempo de lectura":"4 minutos"},"schema":{"@context":"https:\/\/schema.org","@graph":[{"@type":"Article","@id":"https:\/\/interamerica.org\/es\/2015\/04\/escuelas-adventistas-del-norte-del-caribe-interactuan-en-linea-durante-dia-especial-de-oracion\/#article","isPartOf":{"@id":"https:\/\/interamerica.org\/es\/2015\/04\/escuelas-adventistas-del-norte-del-caribe-interactuan-en-linea-durante-dia-especial-de-oracion\/"},"author":{"name":"Lorenzo Verduzco","@id":"https:\/\/interamerica.org\/es\/#\/schema\/person\/68ede8bdc292885bb76c1e3810e73c39"},"headline":"Escuelas adventistas del Norte del Caribe interact\u00faan en l\u00ednea durante d\u00eda especial de oraci\u00f3n","datePublished":"2015-04-02T04:00:00+00:00","mainEntityOfPage":{"@id":"https:\/\/interamerica.org\/es\/2015\/04\/escuelas-adventistas-del-norte-del-caribe-interactuan-en-linea-durante-dia-especial-de-oracion\/"},"wordCount":761,"image":{"@id":"https:\/\/interamerica.org\/es\/2015\/04\/escuelas-adventistas-del-norte-del-caribe-interactuan-en-linea-durante-dia-especial-de-oracion\/#primaryimage"},"thumbnailUrl":"https:\/\/interamerica.org\/wp-content\/uploads\/2017\/06\/NCCgardenofprayer1.png","articleSection":["Desde el campo","RSS Espa\u00f1ol"],"inLanguage":"es"},{"@type":"WebPage","@id":"https:\/\/interamerica.org\/es\/2015\/04\/escuelas-adventistas-del-norte-del-caribe-interactuan-en-linea-durante-dia-especial-de-oracion\/","url":"https:\/\/interamerica.org\/es\/2015\/04\/escuelas-adventistas-del-norte-del-caribe-interactuan-en-linea-durante-dia-especial-de-oracion\/","name":"Escuelas adventistas del Norte del Caribe interact\u00faan en l\u00ednea durante d\u00eda especial de oraci\u00f3n - Iglesia Adventista del S\u00e9ptimo D\u00eda - Divisi\u00f3n Interamericana","isPartOf":{"@id":"https:\/\/interamerica.org\/es\/#website"},"primaryImageOfPage":{"@id":"https:\/\/interamerica.org\/es\/2015\/04\/escuelas-adventistas-del-norte-del-caribe-interactuan-en-linea-durante-dia-especial-de-oracion\/#primaryimage"},"image":{"@id":"https:\/\/interamerica.org\/es\/2015\/04\/escuelas-adventistas-del-norte-del-caribe-interactuan-en-linea-durante-dia-especial-de-oracion\/#primaryimage"},"thumbnailUrl":"https:\/\/interamerica.org\/wp-content\/uploads\/2017\/06\/NCCgardenofprayer1.png","datePublished":"2015-04-02T04:00:00+00:00","author":{"@id":"https:\/\/interamerica.org\/es\/#\/schema\/person\/68ede8bdc292885bb76c1e3810e73c39"},"breadcrumb":{"@id":"https:\/\/interamerica.org\/es\/2015\/04\/escuelas-adventistas-del-norte-del-caribe-interactuan-en-linea-durante-dia-especial-de-oracion\/#breadcrumb"},"inLanguage":"es","potentialAction":[{"@type":"ReadAction","target":["https:\/\/interamerica.org\/es\/2015\/04\/escuelas-adventistas-del-norte-del-caribe-interactuan-en-linea-durante-dia-especial-de-oracion\/"]}]},{"@type":"ImageObject","inLanguage":"es","@id":"https:\/\/interamerica.org\/es\/2015\/04\/escuelas-adventistas-del-norte-del-caribe-interactuan-en-linea-durante-dia-especial-de-oracion\/#primaryimage","url":"https:\/\/interamerica.org\/wp-content\/uploads\/2017\/06\/NCCgardenofprayer1.png","contentUrl":"https:\/\/interamerica.org\/wp-content\/uploads\/2017\/06\/NCCgardenofprayer1.png","width":400,"height":225},{"@type":"BreadcrumbList","@id":"https:\/\/interamerica.org\/es\/2015\/04\/escuelas-adventistas-del-norte-del-caribe-interactuan-en-linea-durante-dia-especial-de-oracion\/#breadcrumb","itemListElement":[{"@type":"ListItem","position":1,"name":"Home","item":"https:\/\/interamerica.org\/es\/"},{"@type":"ListItem","position":2,"name":"Escuelas adventistas del Norte del Caribe interact\u00faan en l\u00ednea durante d\u00eda especial de oraci\u00f3n"}]},{"@type":"WebSite","@id":"https:\/\/interamerica.org\/es\/#website","url":"https:\/\/interamerica.org\/es\/","name":"Iglesia Adventista del S\u00e9ptimo D\u00eda - Divisi\u00f3n Interamericana","description":"","potentialAction":[{"@type":"SearchAction","target":{"@type":"EntryPoint","urlTemplate":"https:\/\/interamerica.org\/es\/?s={search_term_string}"},"query-input":{"@type":"PropertyValueSpecification","valueRequired":true,"valueName":"search_term_string"}}],"inLanguage":"es"},{"@type":"Person","@id":"https:\/\/interamerica.org\/es\/#\/schema\/person\/68ede8bdc292885bb76c1e3810e73c39","name":"Lorenzo Verduzco","image":{"@type":"ImageObject","inLanguage":"es","@id":"https:\/\/secure.gravatar.com\/avatar\/fb81a55b6218459490a9c1dc841a34909185b81904c5337b4b27f7a6fd60c49e?s=96&d=mm&r=g","url":"https:\/\/secure.gravatar.com\/avatar\/fb81a55b6218459490a9c1dc841a34909185b81904c5337b4b27f7a6fd60c49e?s=96&d=mm&r=g","contentUrl":"https:\/\/secure.gravatar.com\/avatar\/fb81a55b6218459490a9c1dc841a34909185b81904c5337b4b27f7a6fd60c49e?s=96&d=mm&r=g","caption":"Lorenzo Verduzco"}}]}},"_links":{"self":[{"href":"https:\/\/interamerica.org\/es\/wp-json\/wp\/v2\/posts\/30783","targetHints":{"allow":["GET"]}}],"collection":[{"href":"https:\/\/interamerica.org\/es\/wp-json\/wp\/v2\/posts"}],"about":[{"href":"https:\/\/interamerica.org\/es\/wp-json\/wp\/v2\/types\/post"}],"author":[{"embeddable":true,"href":"https:\/\/interamerica.org\/es\/wp-json\/wp\/v2\/users\/1"}],"replies":[{"embeddable":true,"href":"https:\/\/interamerica.org\/es\/wp-json\/wp\/v2\/comments?post=30783"}],"version-history":[{"count":0,"href":"https:\/\/interamerica.org\/es\/wp-json\/wp\/v2\/posts\/30783\/revisions"}],"wp:featuredmedia":[{"embeddable":true,"href":"https:\/\/interamerica.org\/es\/wp-json\/wp\/v2\/media\/24904"}],"wp:attachment":[{"href":"https:\/\/interamerica.org\/es\/wp-json\/wp\/v2\/media?parent=30783"}],"wp:term":[{"taxonomy":"category","embeddable":true,"href":"https:\/\/interamerica.org\/es\/wp-json\/wp\/v2\/categories?post=30783"},{"taxonomy":"post_tag","embeddable":true,"href":"https:\/\/interamerica.org\/es\/wp-json\/wp\/v2\/tags?post=30783"}],"curies":[{"name":"wp","href":"https:\/\/api.w.org\/{rel}","templated":true}]}}