{"id":30784,"date":"2015-04-02T00:00:00","date_gmt":"2015-04-02T04:00:00","guid":{"rendered":"http:\/\/192.81.217.108\/interamerica\/2015\/04\/53-templos-adventistas-destruidos-por-el-huracan-pam\/"},"modified":"2015-04-02T00:00:00","modified_gmt":"2015-04-02T04:00:00","slug":"53-templos-adventistas-destruidos-por-el-huracan-pam","status":"publish","type":"post","link":"https:\/\/interamerica.org\/es\/2015\/04\/53-templos-adventistas-destruidos-por-el-huracan-pam\/","title":{"rendered":"53 templos adventistas destruidos por el hurac\u00e1n Pam"},"content":{"rendered":"<p>2 de abril de 2015, por Jarrod Stackelroth, South Pacific Adventist Record<\/p>\n<div id=\"attachment_16168\" style=\"width: 310px\" class=\"wp-caption alignleft\"><a href=\"\/interamerica\/wp-content\/uploads\/2017\/06\/Vanuatuchurch400.png\" rel=\"fancybox\" title=\"53 templos adventistas destruidos por el hurac\u00e1n Pam\"><img fetchpriority=\"high\" decoding=\"async\" aria-describedby=\"caption-attachment-16168\" class=\"size-medium wp-image-16168\" src=\"\/interamerica\/wp-content\/uploads\/2017\/06\/Vanuatuchurch400-300x195.png\" alt=\"\" width=\"300\" height=\"195\" \/><\/a><p id=\"caption-attachment-16168\" class=\"wp-caption-text\">Imagen cortes\u00eda de Adventist Review<\/p><\/div>\n<p>El n\u00famero de templos adventistas destruidos por el hurac\u00e1n tropical Pam se ha elevado, de 18 a 53, mientras los dirigentes de la iglesia consideran el costo de la tormenta que afect\u00f3 el 14 de marzo a la Rep\u00fablica de Vanuatu, en el Pac\u00edfico Sur.<\/p>\n<p>Fueron adem\u00e1s destruidos muchos edificios en seis escuelas adventistas y cientos de miembros de iglesia perdieron sus hogares, incluyendo 20 pastores y 100 maestros.<\/p>\n<p>Los diezmos y las ofrendas disminuir\u00e1n significativamente durante alg\u00fan tiempo, siendo que de un ochenta a un noventa por ciento de los miembros de iglesia practican la agricultura de subsistencia dentro de una econom\u00eda basada en cultivos comerciales pagados en efectivo. Para muchos, sus cultivos, y con ellos su sustento, han desaparecido totalmente y se espera que su recuperaci\u00f3n tome un buen tiempo.<\/p>\n<p>\u201cMuchas Iglesias, tanto en forma permanente, como semipermanente y temporariamente, han sido destruidas, algunas en forma parcial y otras completamente\u201d, dijo Nos Terry Mailalong, presidente de la Iglesia Adventista de la Misi\u00f3n de Vanuatu.<\/p>\n<p>Mientras el gobierno podr\u00eda proveer apoyo para la reconstrucci\u00f3n de las escuelas; y las agencias tales como ADRA se esfuerzan por mantener a la gente alimentada y bajo techo, no hay dinero para reconstruir los templos que han sido destruidos.<\/p>\n<p>La Misi\u00f3n de Vanuatu solamente contaba con seguro para su oficina principal en la capital local de Port Vila.<\/p>\n<p>Los dirigentes de la Iglesia Adventista en esta regi\u00f3n del Pac\u00edfico solicitan las oraciones y el apoyo en favor de la iglesia en Vanuatu, al comenzar el proceso de reconstrucci\u00f3n.<\/p>\n<p>\u201cVamos a necesitar que nuestros hermanos y hermanas nos ayuden a reconstruir por lo menos nuestras iglesias y escuelas, sin mencionar nuestros hogares\u201d, dijo el presidente Terry Mailalong. La amplitud del da\u00f1o est\u00e1 m\u00e1s all\u00e1 de nuestras capacidades\u201d.<\/p>\n<p>Los pastores de todas las asociaciones ministeriales de la Divisi\u00f3n del Pac\u00edfico Sur y de la Uni\u00f3n Asociaci\u00f3n Australiana est\u00e1n ayudando a proveer Biblias y libros para aquellos pastores que han perdido sus recursos; y las escuelas adventistas de toda Australia esperan hacer lo mismo en favor de los maestros y las escuelas.<\/p>\n<p>Se ha establecido un fondo al cuidado de la Divisi\u00f3n del Pac\u00edfico Sur para ayudar en la reconstrucci\u00f3n de las iglesias y escuelas adventistas que han sufrido da\u00f1os. Esas donaciones no son deducibles de impuestos y pueden hacerse llegar a trav\u00e9s del sitio electr\u00f3nico Adventist eGIVING, bajo la opci\u00f3n denominada \u201cVanuatu Cyclone Pam Assistance\u201d (Asistencia con respecto al Cicl\u00f3n Pam en Vanuatu).<\/p>\n<p>ADRA ha establecido tambi\u00e9n un fondo de ayuda en relaci\u00f3n al Desastre en la Rep\u00fablica de Vanuatu, pero el dinero donado a este fondo financiero se utilizar\u00e1 para apoyar los proyectos de ADRA en Vanuatu y no para reconstruir templos.<\/p>\n","protected":false},"excerpt":{"rendered":"<p>El n\u00famero de templos adventistas destruidos por el hurac\u00e1n tropical Pam se ha elevado, de 18 a 53, mientras los dirigentes de la iglesia consideran el costo de la tormenta que afect\u00f3 el 14 de marzo a la Rep\u00fablica de Vanuatu, en el Pac\u00edfico Sur.  <\/p>\n<p>Fueron adem\u00e1s destruidos muchos edificios en seis escuelas adventistas y cientos de miembros de iglesia perdieron sus hogares, incluyendo 20 pastores y 100 maestros.<\/p>\n","protected":false},"author":1,"featured_media":24908,"comment_status":"closed","ping_status":"closed","sticky":false,"template":"","format":"standard","meta":{"_acf_changed":false,"footnotes":""},"categories":[14,15],"tags":[],"class_list":["post-30784","post","type-post","status-publish","format-standard","has-post-thumbnail","hentry","category-de-la-iglesia-mundial","category-rss-espanol"],"acf":[],"yoast_head":"<!-- This site is optimized with the Yoast SEO plugin v27.3 - https:\/\/yoast.com\/product\/yoast-seo-wordpress\/ -->\n<title>53 templos adventistas destruidos por el hurac\u00e1n Pam - Iglesia Adventista del S\u00e9ptimo D\u00eda - Divisi\u00f3n Interamericana<\/title>\n<meta name=\"robots\" content=\"index, follow, max-snippet:-1, max-image-preview:large, max-video-preview:-1\" \/>\n<link rel=\"canonical\" href=\"https:\/\/interamerica.org\/es\/2015\/04\/53-templos-adventistas-destruidos-por-el-huracan-pam\/\" \/>\n<meta property=\"og:locale\" content=\"es_ES\" \/>\n<meta property=\"og:type\" content=\"article\" \/>\n<meta property=\"og:title\" content=\"53 templos adventistas destruidos por el hurac\u00e1n Pam - Iglesia Adventista del S\u00e9ptimo D\u00eda - Divisi\u00f3n Interamericana\" \/>\n<meta property=\"og:description\" content=\"El n\u00famero de templos adventistas destruidos por el hurac\u00e1n tropical Pam se ha elevado, de 18 a 53, mientras los dirigentes de la iglesia consideran el costo de la tormenta que afect\u00f3 el 14 de marzo a la Rep\u00fablica de Vanuatu, en el Pac\u00edfico Sur.  Fueron adem\u00e1s destruidos muchos edificios en seis escuelas adventistas y cientos de miembros de iglesia perdieron sus hogares, incluyendo 20 pastores y 100 maestros.\" \/>\n<meta property=\"og:url\" content=\"https:\/\/interamerica.org\/es\/2015\/04\/53-templos-adventistas-destruidos-por-el-huracan-pam\/\" \/>\n<meta property=\"og:site_name\" content=\"Iglesia Adventista del S\u00e9ptimo D\u00eda - Divisi\u00f3n Interamericana\" \/>\n<meta property=\"article:published_time\" content=\"2015-04-02T04:00:00+00:00\" \/>\n<meta property=\"og:image\" content=\"https:\/\/interamerica.org\/wp-content\/uploads\/2017\/06\/Vanuatuchurch400.png\" \/>\n\t<meta property=\"og:image:width\" content=\"400\" \/>\n\t<meta property=\"og:image:height\" content=\"261\" \/>\n\t<meta property=\"og:image:type\" content=\"image\/png\" \/>\n<meta name=\"author\" content=\"Lorenzo Verduzco\" \/>\n<meta name=\"twitter:card\" content=\"summary_large_image\" \/>\n<meta name=\"twitter:label1\" content=\"Escrito por\" \/>\n\t<meta name=\"twitter:data1\" content=\"Lorenzo Verduzco\" \/>\n\t<meta name=\"twitter:label2\" content=\"Tiempo de lectura\" \/>\n\t<meta name=\"twitter:data2\" content=\"3 minutos\" \/>\n<script type=\"application\/ld+json\" class=\"yoast-schema-graph\">{\"@context\":\"https:\\\/\\\/schema.org\",\"@graph\":[{\"@type\":\"Article\",\"@id\":\"https:\\\/\\\/interamerica.org\\\/es\\\/2015\\\/04\\\/53-templos-adventistas-destruidos-por-el-huracan-pam\\\/#article\",\"isPartOf\":{\"@id\":\"https:\\\/\\\/interamerica.org\\\/es\\\/2015\\\/04\\\/53-templos-adventistas-destruidos-por-el-huracan-pam\\\/\"},\"author\":{\"name\":\"Lorenzo Verduzco\",\"@id\":\"https:\\\/\\\/interamerica.org\\\/es\\\/#\\\/schema\\\/person\\\/68ede8bdc292885bb76c1e3810e73c39\"},\"headline\":\"53 templos adventistas destruidos por el hurac\u00e1n Pam\",\"datePublished\":\"2015-04-02T04:00:00+00:00\",\"mainEntityOfPage\":{\"@id\":\"https:\\\/\\\/interamerica.org\\\/es\\\/2015\\\/04\\\/53-templos-adventistas-destruidos-por-el-huracan-pam\\\/\"},\"wordCount\":508,\"image\":{\"@id\":\"https:\\\/\\\/interamerica.org\\\/es\\\/2015\\\/04\\\/53-templos-adventistas-destruidos-por-el-huracan-pam\\\/#primaryimage\"},\"thumbnailUrl\":\"https:\\\/\\\/interamerica.org\\\/wp-content\\\/uploads\\\/2017\\\/06\\\/Vanuatuchurch400.png\",\"articleSection\":[\"Desde la iglesia mundial\",\"RSS Espa\u00f1ol\"],\"inLanguage\":\"es\"},{\"@type\":\"WebPage\",\"@id\":\"https:\\\/\\\/interamerica.org\\\/es\\\/2015\\\/04\\\/53-templos-adventistas-destruidos-por-el-huracan-pam\\\/\",\"url\":\"https:\\\/\\\/interamerica.org\\\/es\\\/2015\\\/04\\\/53-templos-adventistas-destruidos-por-el-huracan-pam\\\/\",\"name\":\"53 templos adventistas destruidos por el hurac\u00e1n Pam - Iglesia Adventista del S\u00e9ptimo D\u00eda - Divisi\u00f3n Interamericana\",\"isPartOf\":{\"@id\":\"https:\\\/\\\/interamerica.org\\\/es\\\/#website\"},\"primaryImageOfPage\":{\"@id\":\"https:\\\/\\\/interamerica.org\\\/es\\\/2015\\\/04\\\/53-templos-adventistas-destruidos-por-el-huracan-pam\\\/#primaryimage\"},\"image\":{\"@id\":\"https:\\\/\\\/interamerica.org\\\/es\\\/2015\\\/04\\\/53-templos-adventistas-destruidos-por-el-huracan-pam\\\/#primaryimage\"},\"thumbnailUrl\":\"https:\\\/\\\/interamerica.org\\\/wp-content\\\/uploads\\\/2017\\\/06\\\/Vanuatuchurch400.png\",\"datePublished\":\"2015-04-02T04:00:00+00:00\",\"author\":{\"@id\":\"https:\\\/\\\/interamerica.org\\\/es\\\/#\\\/schema\\\/person\\\/68ede8bdc292885bb76c1e3810e73c39\"},\"breadcrumb\":{\"@id\":\"https:\\\/\\\/interamerica.org\\\/es\\\/2015\\\/04\\\/53-templos-adventistas-destruidos-por-el-huracan-pam\\\/#breadcrumb\"},\"inLanguage\":\"es\",\"potentialAction\":[{\"@type\":\"ReadAction\",\"target\":[\"https:\\\/\\\/interamerica.org\\\/es\\\/2015\\\/04\\\/53-templos-adventistas-destruidos-por-el-huracan-pam\\\/\"]}]},{\"@type\":\"ImageObject\",\"inLanguage\":\"es\",\"@id\":\"https:\\\/\\\/interamerica.org\\\/es\\\/2015\\\/04\\\/53-templos-adventistas-destruidos-por-el-huracan-pam\\\/#primaryimage\",\"url\":\"https:\\\/\\\/interamerica.org\\\/wp-content\\\/uploads\\\/2017\\\/06\\\/Vanuatuchurch400.png\",\"contentUrl\":\"https:\\\/\\\/interamerica.org\\\/wp-content\\\/uploads\\\/2017\\\/06\\\/Vanuatuchurch400.png\",\"width\":400,\"height\":261},{\"@type\":\"BreadcrumbList\",\"@id\":\"https:\\\/\\\/interamerica.org\\\/es\\\/2015\\\/04\\\/53-templos-adventistas-destruidos-por-el-huracan-pam\\\/#breadcrumb\",\"itemListElement\":[{\"@type\":\"ListItem\",\"position\":1,\"name\":\"Home\",\"item\":\"https:\\\/\\\/interamerica.org\\\/es\\\/\"},{\"@type\":\"ListItem\",\"position\":2,\"name\":\"53 templos adventistas destruidos por el hurac\u00e1n Pam\"}]},{\"@type\":\"WebSite\",\"@id\":\"https:\\\/\\\/interamerica.org\\\/es\\\/#website\",\"url\":\"https:\\\/\\\/interamerica.org\\\/es\\\/\",\"name\":\"Iglesia Adventista del S\u00e9ptimo D\u00eda - Divisi\u00f3n Interamericana\",\"description\":\"\",\"potentialAction\":[{\"@type\":\"SearchAction\",\"target\":{\"@type\":\"EntryPoint\",\"urlTemplate\":\"https:\\\/\\\/interamerica.org\\\/es\\\/?s={search_term_string}\"},\"query-input\":{\"@type\":\"PropertyValueSpecification\",\"valueRequired\":true,\"valueName\":\"search_term_string\"}}],\"inLanguage\":\"es\"},{\"@type\":\"Person\",\"@id\":\"https:\\\/\\\/interamerica.org\\\/es\\\/#\\\/schema\\\/person\\\/68ede8bdc292885bb76c1e3810e73c39\",\"name\":\"Lorenzo Verduzco\",\"image\":{\"@type\":\"ImageObject\",\"inLanguage\":\"es\",\"@id\":\"https:\\\/\\\/secure.gravatar.com\\\/avatar\\\/fb81a55b6218459490a9c1dc841a34909185b81904c5337b4b27f7a6fd60c49e?s=96&d=mm&r=g\",\"url\":\"https:\\\/\\\/secure.gravatar.com\\\/avatar\\\/fb81a55b6218459490a9c1dc841a34909185b81904c5337b4b27f7a6fd60c49e?s=96&d=mm&r=g\",\"contentUrl\":\"https:\\\/\\\/secure.gravatar.com\\\/avatar\\\/fb81a55b6218459490a9c1dc841a34909185b81904c5337b4b27f7a6fd60c49e?s=96&d=mm&r=g\",\"caption\":\"Lorenzo Verduzco\"}}]}<\/script>\n<!-- \/ Yoast SEO plugin. -->","yoast_head_json":{"title":"53 templos adventistas destruidos por el hurac\u00e1n Pam - Iglesia Adventista del S\u00e9ptimo D\u00eda - Divisi\u00f3n Interamericana","robots":{"index":"index","follow":"follow","max-snippet":"max-snippet:-1","max-image-preview":"max-image-preview:large","max-video-preview":"max-video-preview:-1"},"canonical":"https:\/\/interamerica.org\/es\/2015\/04\/53-templos-adventistas-destruidos-por-el-huracan-pam\/","og_locale":"es_ES","og_type":"article","og_title":"53 templos adventistas destruidos por el hurac\u00e1n Pam - Iglesia Adventista del S\u00e9ptimo D\u00eda - Divisi\u00f3n Interamericana","og_description":"El n\u00famero de templos adventistas destruidos por el hurac\u00e1n tropical Pam se ha elevado, de 18 a 53, mientras los dirigentes de la iglesia consideran el costo de la tormenta que afect\u00f3 el 14 de marzo a la Rep\u00fablica de Vanuatu, en el Pac\u00edfico Sur.  Fueron adem\u00e1s destruidos muchos edificios en seis escuelas adventistas y cientos de miembros de iglesia perdieron sus hogares, incluyendo 20 pastores y 100 maestros.","og_url":"https:\/\/interamerica.org\/es\/2015\/04\/53-templos-adventistas-destruidos-por-el-huracan-pam\/","og_site_name":"Iglesia Adventista del S\u00e9ptimo D\u00eda - Divisi\u00f3n Interamericana","article_published_time":"2015-04-02T04:00:00+00:00","og_image":[{"width":400,"height":261,"url":"https:\/\/interamerica.org\/wp-content\/uploads\/2017\/06\/Vanuatuchurch400.png","type":"image\/png"}],"author":"Lorenzo Verduzco","twitter_card":"summary_large_image","twitter_misc":{"Escrito por":"Lorenzo Verduzco","Tiempo de lectura":"3 minutos"},"schema":{"@context":"https:\/\/schema.org","@graph":[{"@type":"Article","@id":"https:\/\/interamerica.org\/es\/2015\/04\/53-templos-adventistas-destruidos-por-el-huracan-pam\/#article","isPartOf":{"@id":"https:\/\/interamerica.org\/es\/2015\/04\/53-templos-adventistas-destruidos-por-el-huracan-pam\/"},"author":{"name":"Lorenzo Verduzco","@id":"https:\/\/interamerica.org\/es\/#\/schema\/person\/68ede8bdc292885bb76c1e3810e73c39"},"headline":"53 templos adventistas destruidos por el hurac\u00e1n Pam","datePublished":"2015-04-02T04:00:00+00:00","mainEntityOfPage":{"@id":"https:\/\/interamerica.org\/es\/2015\/04\/53-templos-adventistas-destruidos-por-el-huracan-pam\/"},"wordCount":508,"image":{"@id":"https:\/\/interamerica.org\/es\/2015\/04\/53-templos-adventistas-destruidos-por-el-huracan-pam\/#primaryimage"},"thumbnailUrl":"https:\/\/interamerica.org\/wp-content\/uploads\/2017\/06\/Vanuatuchurch400.png","articleSection":["Desde la iglesia mundial","RSS Espa\u00f1ol"],"inLanguage":"es"},{"@type":"WebPage","@id":"https:\/\/interamerica.org\/es\/2015\/04\/53-templos-adventistas-destruidos-por-el-huracan-pam\/","url":"https:\/\/interamerica.org\/es\/2015\/04\/53-templos-adventistas-destruidos-por-el-huracan-pam\/","name":"53 templos adventistas destruidos por el hurac\u00e1n Pam - Iglesia Adventista del S\u00e9ptimo D\u00eda - Divisi\u00f3n Interamericana","isPartOf":{"@id":"https:\/\/interamerica.org\/es\/#website"},"primaryImageOfPage":{"@id":"https:\/\/interamerica.org\/es\/2015\/04\/53-templos-adventistas-destruidos-por-el-huracan-pam\/#primaryimage"},"image":{"@id":"https:\/\/interamerica.org\/es\/2015\/04\/53-templos-adventistas-destruidos-por-el-huracan-pam\/#primaryimage"},"thumbnailUrl":"https:\/\/interamerica.org\/wp-content\/uploads\/2017\/06\/Vanuatuchurch400.png","datePublished":"2015-04-02T04:00:00+00:00","author":{"@id":"https:\/\/interamerica.org\/es\/#\/schema\/person\/68ede8bdc292885bb76c1e3810e73c39"},"breadcrumb":{"@id":"https:\/\/interamerica.org\/es\/2015\/04\/53-templos-adventistas-destruidos-por-el-huracan-pam\/#breadcrumb"},"inLanguage":"es","potentialAction":[{"@type":"ReadAction","target":["https:\/\/interamerica.org\/es\/2015\/04\/53-templos-adventistas-destruidos-por-el-huracan-pam\/"]}]},{"@type":"ImageObject","inLanguage":"es","@id":"https:\/\/interamerica.org\/es\/2015\/04\/53-templos-adventistas-destruidos-por-el-huracan-pam\/#primaryimage","url":"https:\/\/interamerica.org\/wp-content\/uploads\/2017\/06\/Vanuatuchurch400.png","contentUrl":"https:\/\/interamerica.org\/wp-content\/uploads\/2017\/06\/Vanuatuchurch400.png","width":400,"height":261},{"@type":"BreadcrumbList","@id":"https:\/\/interamerica.org\/es\/2015\/04\/53-templos-adventistas-destruidos-por-el-huracan-pam\/#breadcrumb","itemListElement":[{"@type":"ListItem","position":1,"name":"Home","item":"https:\/\/interamerica.org\/es\/"},{"@type":"ListItem","position":2,"name":"53 templos adventistas destruidos por el hurac\u00e1n Pam"}]},{"@type":"WebSite","@id":"https:\/\/interamerica.org\/es\/#website","url":"https:\/\/interamerica.org\/es\/","name":"Iglesia Adventista del S\u00e9ptimo D\u00eda - Divisi\u00f3n Interamericana","description":"","potentialAction":[{"@type":"SearchAction","target":{"@type":"EntryPoint","urlTemplate":"https:\/\/interamerica.org\/es\/?s={search_term_string}"},"query-input":{"@type":"PropertyValueSpecification","valueRequired":true,"valueName":"search_term_string"}}],"inLanguage":"es"},{"@type":"Person","@id":"https:\/\/interamerica.org\/es\/#\/schema\/person\/68ede8bdc292885bb76c1e3810e73c39","name":"Lorenzo Verduzco","image":{"@type":"ImageObject","inLanguage":"es","@id":"https:\/\/secure.gravatar.com\/avatar\/fb81a55b6218459490a9c1dc841a34909185b81904c5337b4b27f7a6fd60c49e?s=96&d=mm&r=g","url":"https:\/\/secure.gravatar.com\/avatar\/fb81a55b6218459490a9c1dc841a34909185b81904c5337b4b27f7a6fd60c49e?s=96&d=mm&r=g","contentUrl":"https:\/\/secure.gravatar.com\/avatar\/fb81a55b6218459490a9c1dc841a34909185b81904c5337b4b27f7a6fd60c49e?s=96&d=mm&r=g","caption":"Lorenzo Verduzco"}}]}},"_links":{"self":[{"href":"https:\/\/interamerica.org\/es\/wp-json\/wp\/v2\/posts\/30784","targetHints":{"allow":["GET"]}}],"collection":[{"href":"https:\/\/interamerica.org\/es\/wp-json\/wp\/v2\/posts"}],"about":[{"href":"https:\/\/interamerica.org\/es\/wp-json\/wp\/v2\/types\/post"}],"author":[{"embeddable":true,"href":"https:\/\/interamerica.org\/es\/wp-json\/wp\/v2\/users\/1"}],"replies":[{"embeddable":true,"href":"https:\/\/interamerica.org\/es\/wp-json\/wp\/v2\/comments?post=30784"}],"version-history":[{"count":0,"href":"https:\/\/interamerica.org\/es\/wp-json\/wp\/v2\/posts\/30784\/revisions"}],"wp:featuredmedia":[{"embeddable":true,"href":"https:\/\/interamerica.org\/es\/wp-json\/wp\/v2\/media\/24908"}],"wp:attachment":[{"href":"https:\/\/interamerica.org\/es\/wp-json\/wp\/v2\/media?parent=30784"}],"wp:term":[{"taxonomy":"category","embeddable":true,"href":"https:\/\/interamerica.org\/es\/wp-json\/wp\/v2\/categories?post=30784"},{"taxonomy":"post_tag","embeddable":true,"href":"https:\/\/interamerica.org\/es\/wp-json\/wp\/v2\/tags?post=30784"}],"curies":[{"name":"wp","href":"https:\/\/api.w.org\/{rel}","templated":true}]}}