{"id":30785,"date":"2015-04-04T00:00:00","date_gmt":"2015-04-04T04:00:00","guid":{"rendered":"http:\/\/192.81.217.108\/interamerica\/2015\/04\/ministerios-para-estudiantes-universitarios-llevara-a-cabo-programa-especial-por-internet\/"},"modified":"2015-04-04T00:00:00","modified_gmt":"2015-04-04T04:00:00","slug":"ministerios-para-estudiantes-universitarios-llevara-a-cabo-programa-especial-por-internet","status":"publish","type":"post","link":"https:\/\/interamerica.org\/es\/2015\/04\/ministerios-para-estudiantes-universitarios-llevara-a-cabo-programa-especial-por-internet\/","title":{"rendered":"Ministerios para Estudiantes Universitarios llevar\u00e1 a cabo programa especial por Internet"},"content":{"rendered":"<p style=\"text-align: center;\"><a href=\"\/interamerica\/wp-content\/uploads\/2017\/06\/Banner_Trendsetters_ESP.jpg\" rel=\"fancybox\" title=\"Ministerios para Estudiantes Universitarios llevar\u00e1 a cabo programa especial por Internet\"><img fetchpriority=\"high\" decoding=\"async\" class=\"aligncenter  wp-image-16100\" title=\"Banner_Trendsetters_ESP\" src=\"\/interamerica\/wp-content\/uploads\/2017\/06\/Banner_Trendsetters_ESP-1024x341.jpg\" alt=\"\" width=\"649\" height=\"216\" \/><\/a><\/p>\n<p>4 de abril de 2015 | Miami, Florida, Estados Unidos | Libna Stevens\/DIA<\/p>\n<p>Ministerios para Estudiantes Universitarios de Escuelas P\u00fablicas llevar\u00e1 a cabo un programa en l\u00ednea precisamente para los alumnos adventistas que estudian en colegios terciarios y universidades no adventistas de Interam\u00e9rica. El evento por Internet ser\u00e1 transmitido desde la sede central de la Divisi\u00f3n Interamericana en Miami, Florida, el pr\u00f3ximo s\u00e1bado 11 de abril de 2015, a las 9.30, hora de Miami.<\/p>\n<p>El evento busca ofrecer un foro para que los estudiantes adventistas puedan alimentar su fe cristiana, capacitarlos para compartir su fe tanto en el campus como fuera de \u00e9l, y fomentar un esp\u00edritu de trabajo conjunto social y acad\u00e9mico entre los estudiantes universitarios adventistas, dice el pastor Balvin Braham, director asociado de este ministerio y organizador del evento.<\/p>\n<p>\u00abHemos invitado a decenas de adventistas que son de Interam\u00e9rica y estudian en universidades aqu\u00ed en el Sur de Florida para que sean parte del programa y compartan con nosotros sus experiencias de vida y testificaci\u00f3n\u00bb, cont\u00f3 Braham.<\/p>\n<p>El programa incluir\u00e1 mensajes espirituales, representaciones, un concierto y un foro de preguntas y respuestas, entre otras partes.<\/p>\n<p>Si desea ser parte del programa, ap\u00fantese en\u00a0<a href=\"https:\/\/sites.google.com\/a\/interamerica.org\/trendsetters\/\">trendsetters.interamerica.org<\/a><\/p>\n<p>Y puede seguir el programa en l\u00ednea entre las 9.30 y las 16.30 en\u00a0<a href=\"http:\/\/webcast.interamerica.org\/english\">webcast.interamerica.org<\/a><\/p>\n<p><em>Traducci\u00f3n de Marcos Paseggi<\/em><\/p>\n","protected":false},"excerpt":{"rendered":"<p>Ministerios para Estudiantes Universitarios de Escuelas P\u00fablicas llevar\u00e1 a cabo un programa en l\u00ednea precisamente para los alumnos adventistas que estudian en colegios terciarios y universidades no adventistas de Interam\u00e9rica. <\/p>\n<p>El evento por Internet ser\u00e1 transmitido desde la sede central de la Divisi\u00f3n Interamericana en Miami, Florida, el pr\u00f3ximo s\u00e1bado 11 de abril de 2015, a las 9.30, hora de Miami.<\/p>\n","protected":false},"author":1,"featured_media":30786,"comment_status":"closed","ping_status":"closed","sticky":false,"template":"","format":"standard","meta":{"_acf_changed":false,"footnotes":""},"categories":[16,15],"tags":[],"class_list":["post-30785","post","type-post","status-publish","format-standard","has-post-thumbnail","hentry","category-desde-la-sede","category-rss-espanol"],"acf":[],"yoast_head":"<!-- This site is optimized with the Yoast SEO plugin v27.3 - https:\/\/yoast.com\/product\/yoast-seo-wordpress\/ -->\n<title>Ministerios para Estudiantes Universitarios llevar\u00e1 a cabo programa especial por Internet - Iglesia Adventista del S\u00e9ptimo D\u00eda - Divisi\u00f3n Interamericana<\/title>\n<meta name=\"robots\" content=\"index, follow, max-snippet:-1, max-image-preview:large, max-video-preview:-1\" \/>\n<link rel=\"canonical\" href=\"https:\/\/interamerica.org\/es\/2015\/04\/ministerios-para-estudiantes-universitarios-llevara-a-cabo-programa-especial-por-internet\/\" \/>\n<meta property=\"og:locale\" content=\"es_ES\" \/>\n<meta property=\"og:type\" content=\"article\" \/>\n<meta property=\"og:title\" content=\"Ministerios para Estudiantes Universitarios llevar\u00e1 a cabo programa especial por Internet - Iglesia Adventista del S\u00e9ptimo D\u00eda - Divisi\u00f3n Interamericana\" \/>\n<meta property=\"og:description\" content=\"Ministerios para Estudiantes Universitarios de Escuelas P\u00fablicas llevar\u00e1 a cabo un programa en l\u00ednea precisamente para los alumnos adventistas que estudian en colegios terciarios y universidades no adventistas de Interam\u00e9rica.  El evento por Internet ser\u00e1 transmitido desde la sede central de la Divisi\u00f3n Interamericana en Miami, Florida, el pr\u00f3ximo s\u00e1bado 11 de abril de 2015, a las 9.30, hora de Miami.\" \/>\n<meta property=\"og:url\" content=\"https:\/\/interamerica.org\/es\/2015\/04\/ministerios-para-estudiantes-universitarios-llevara-a-cabo-programa-especial-por-internet\/\" \/>\n<meta property=\"og:site_name\" content=\"Iglesia Adventista del S\u00e9ptimo D\u00eda - Divisi\u00f3n Interamericana\" \/>\n<meta property=\"article:published_time\" content=\"2015-04-04T04:00:00+00:00\" \/>\n<meta property=\"og:image\" content=\"https:\/\/interamerica.org\/wp-content\/uploads\/2017\/06\/Screen-Shot-2015-04-06-at-7.41.35-AM.png\" \/>\n\t<meta property=\"og:image:width\" content=\"266\" \/>\n\t<meta property=\"og:image:height\" content=\"191\" \/>\n\t<meta property=\"og:image:type\" content=\"image\/png\" \/>\n<meta name=\"author\" content=\"Lorenzo Verduzco\" \/>\n<meta name=\"twitter:card\" content=\"summary_large_image\" \/>\n<meta name=\"twitter:label1\" content=\"Escrito por\" \/>\n\t<meta name=\"twitter:data1\" content=\"Lorenzo Verduzco\" \/>\n\t<meta name=\"twitter:label2\" content=\"Tiempo de lectura\" \/>\n\t<meta name=\"twitter:data2\" content=\"1 minuto\" \/>\n<script type=\"application\/ld+json\" class=\"yoast-schema-graph\">{\"@context\":\"https:\\\/\\\/schema.org\",\"@graph\":[{\"@type\":\"Article\",\"@id\":\"https:\\\/\\\/interamerica.org\\\/es\\\/2015\\\/04\\\/ministerios-para-estudiantes-universitarios-llevara-a-cabo-programa-especial-por-internet\\\/#article\",\"isPartOf\":{\"@id\":\"https:\\\/\\\/interamerica.org\\\/es\\\/2015\\\/04\\\/ministerios-para-estudiantes-universitarios-llevara-a-cabo-programa-especial-por-internet\\\/\"},\"author\":{\"name\":\"Lorenzo Verduzco\",\"@id\":\"https:\\\/\\\/interamerica.org\\\/es\\\/#\\\/schema\\\/person\\\/68ede8bdc292885bb76c1e3810e73c39\"},\"headline\":\"Ministerios para Estudiantes Universitarios llevar\u00e1 a cabo programa especial por Internet\",\"datePublished\":\"2015-04-04T04:00:00+00:00\",\"mainEntityOfPage\":{\"@id\":\"https:\\\/\\\/interamerica.org\\\/es\\\/2015\\\/04\\\/ministerios-para-estudiantes-universitarios-llevara-a-cabo-programa-especial-por-internet\\\/\"},\"wordCount\":236,\"image\":{\"@id\":\"https:\\\/\\\/interamerica.org\\\/es\\\/2015\\\/04\\\/ministerios-para-estudiantes-universitarios-llevara-a-cabo-programa-especial-por-internet\\\/#primaryimage\"},\"thumbnailUrl\":\"https:\\\/\\\/interamerica.org\\\/wp-content\\\/uploads\\\/2017\\\/06\\\/Screen-Shot-2015-04-06-at-7.41.35-AM.png\",\"articleSection\":[\"Desde la sede\",\"RSS Espa\u00f1ol\"],\"inLanguage\":\"es\"},{\"@type\":\"WebPage\",\"@id\":\"https:\\\/\\\/interamerica.org\\\/es\\\/2015\\\/04\\\/ministerios-para-estudiantes-universitarios-llevara-a-cabo-programa-especial-por-internet\\\/\",\"url\":\"https:\\\/\\\/interamerica.org\\\/es\\\/2015\\\/04\\\/ministerios-para-estudiantes-universitarios-llevara-a-cabo-programa-especial-por-internet\\\/\",\"name\":\"Ministerios para Estudiantes Universitarios llevar\u00e1 a cabo programa especial por Internet - Iglesia Adventista del S\u00e9ptimo D\u00eda - Divisi\u00f3n Interamericana\",\"isPartOf\":{\"@id\":\"https:\\\/\\\/interamerica.org\\\/es\\\/#website\"},\"primaryImageOfPage\":{\"@id\":\"https:\\\/\\\/interamerica.org\\\/es\\\/2015\\\/04\\\/ministerios-para-estudiantes-universitarios-llevara-a-cabo-programa-especial-por-internet\\\/#primaryimage\"},\"image\":{\"@id\":\"https:\\\/\\\/interamerica.org\\\/es\\\/2015\\\/04\\\/ministerios-para-estudiantes-universitarios-llevara-a-cabo-programa-especial-por-internet\\\/#primaryimage\"},\"thumbnailUrl\":\"https:\\\/\\\/interamerica.org\\\/wp-content\\\/uploads\\\/2017\\\/06\\\/Screen-Shot-2015-04-06-at-7.41.35-AM.png\",\"datePublished\":\"2015-04-04T04:00:00+00:00\",\"author\":{\"@id\":\"https:\\\/\\\/interamerica.org\\\/es\\\/#\\\/schema\\\/person\\\/68ede8bdc292885bb76c1e3810e73c39\"},\"breadcrumb\":{\"@id\":\"https:\\\/\\\/interamerica.org\\\/es\\\/2015\\\/04\\\/ministerios-para-estudiantes-universitarios-llevara-a-cabo-programa-especial-por-internet\\\/#breadcrumb\"},\"inLanguage\":\"es\",\"potentialAction\":[{\"@type\":\"ReadAction\",\"target\":[\"https:\\\/\\\/interamerica.org\\\/es\\\/2015\\\/04\\\/ministerios-para-estudiantes-universitarios-llevara-a-cabo-programa-especial-por-internet\\\/\"]}]},{\"@type\":\"ImageObject\",\"inLanguage\":\"es\",\"@id\":\"https:\\\/\\\/interamerica.org\\\/es\\\/2015\\\/04\\\/ministerios-para-estudiantes-universitarios-llevara-a-cabo-programa-especial-por-internet\\\/#primaryimage\",\"url\":\"https:\\\/\\\/interamerica.org\\\/wp-content\\\/uploads\\\/2017\\\/06\\\/Screen-Shot-2015-04-06-at-7.41.35-AM.png\",\"contentUrl\":\"https:\\\/\\\/interamerica.org\\\/wp-content\\\/uploads\\\/2017\\\/06\\\/Screen-Shot-2015-04-06-at-7.41.35-AM.png\",\"width\":266,\"height\":191},{\"@type\":\"BreadcrumbList\",\"@id\":\"https:\\\/\\\/interamerica.org\\\/es\\\/2015\\\/04\\\/ministerios-para-estudiantes-universitarios-llevara-a-cabo-programa-especial-por-internet\\\/#breadcrumb\",\"itemListElement\":[{\"@type\":\"ListItem\",\"position\":1,\"name\":\"Home\",\"item\":\"https:\\\/\\\/interamerica.org\\\/es\\\/\"},{\"@type\":\"ListItem\",\"position\":2,\"name\":\"Ministerios para Estudiantes Universitarios llevar\u00e1 a cabo programa especial por Internet\"}]},{\"@type\":\"WebSite\",\"@id\":\"https:\\\/\\\/interamerica.org\\\/es\\\/#website\",\"url\":\"https:\\\/\\\/interamerica.org\\\/es\\\/\",\"name\":\"Iglesia Adventista del S\u00e9ptimo D\u00eda - Divisi\u00f3n Interamericana\",\"description\":\"\",\"potentialAction\":[{\"@type\":\"SearchAction\",\"target\":{\"@type\":\"EntryPoint\",\"urlTemplate\":\"https:\\\/\\\/interamerica.org\\\/es\\\/?s={search_term_string}\"},\"query-input\":{\"@type\":\"PropertyValueSpecification\",\"valueRequired\":true,\"valueName\":\"search_term_string\"}}],\"inLanguage\":\"es\"},{\"@type\":\"Person\",\"@id\":\"https:\\\/\\\/interamerica.org\\\/es\\\/#\\\/schema\\\/person\\\/68ede8bdc292885bb76c1e3810e73c39\",\"name\":\"Lorenzo Verduzco\",\"image\":{\"@type\":\"ImageObject\",\"inLanguage\":\"es\",\"@id\":\"https:\\\/\\\/secure.gravatar.com\\\/avatar\\\/fb81a55b6218459490a9c1dc841a34909185b81904c5337b4b27f7a6fd60c49e?s=96&d=mm&r=g\",\"url\":\"https:\\\/\\\/secure.gravatar.com\\\/avatar\\\/fb81a55b6218459490a9c1dc841a34909185b81904c5337b4b27f7a6fd60c49e?s=96&d=mm&r=g\",\"contentUrl\":\"https:\\\/\\\/secure.gravatar.com\\\/avatar\\\/fb81a55b6218459490a9c1dc841a34909185b81904c5337b4b27f7a6fd60c49e?s=96&d=mm&r=g\",\"caption\":\"Lorenzo Verduzco\"}}]}<\/script>\n<!-- \/ Yoast SEO plugin. -->","yoast_head_json":{"title":"Ministerios para Estudiantes Universitarios llevar\u00e1 a cabo programa especial por Internet - Iglesia Adventista del S\u00e9ptimo D\u00eda - Divisi\u00f3n Interamericana","robots":{"index":"index","follow":"follow","max-snippet":"max-snippet:-1","max-image-preview":"max-image-preview:large","max-video-preview":"max-video-preview:-1"},"canonical":"https:\/\/interamerica.org\/es\/2015\/04\/ministerios-para-estudiantes-universitarios-llevara-a-cabo-programa-especial-por-internet\/","og_locale":"es_ES","og_type":"article","og_title":"Ministerios para Estudiantes Universitarios llevar\u00e1 a cabo programa especial por Internet - Iglesia Adventista del S\u00e9ptimo D\u00eda - Divisi\u00f3n Interamericana","og_description":"Ministerios para Estudiantes Universitarios de Escuelas P\u00fablicas llevar\u00e1 a cabo un programa en l\u00ednea precisamente para los alumnos adventistas que estudian en colegios terciarios y universidades no adventistas de Interam\u00e9rica.  El evento por Internet ser\u00e1 transmitido desde la sede central de la Divisi\u00f3n Interamericana en Miami, Florida, el pr\u00f3ximo s\u00e1bado 11 de abril de 2015, a las 9.30, hora de Miami.","og_url":"https:\/\/interamerica.org\/es\/2015\/04\/ministerios-para-estudiantes-universitarios-llevara-a-cabo-programa-especial-por-internet\/","og_site_name":"Iglesia Adventista del S\u00e9ptimo D\u00eda - Divisi\u00f3n Interamericana","article_published_time":"2015-04-04T04:00:00+00:00","og_image":[{"width":266,"height":191,"url":"https:\/\/interamerica.org\/wp-content\/uploads\/2017\/06\/Screen-Shot-2015-04-06-at-7.41.35-AM.png","type":"image\/png"}],"author":"Lorenzo Verduzco","twitter_card":"summary_large_image","twitter_misc":{"Escrito por":"Lorenzo Verduzco","Tiempo de lectura":"1 minuto"},"schema":{"@context":"https:\/\/schema.org","@graph":[{"@type":"Article","@id":"https:\/\/interamerica.org\/es\/2015\/04\/ministerios-para-estudiantes-universitarios-llevara-a-cabo-programa-especial-por-internet\/#article","isPartOf":{"@id":"https:\/\/interamerica.org\/es\/2015\/04\/ministerios-para-estudiantes-universitarios-llevara-a-cabo-programa-especial-por-internet\/"},"author":{"name":"Lorenzo Verduzco","@id":"https:\/\/interamerica.org\/es\/#\/schema\/person\/68ede8bdc292885bb76c1e3810e73c39"},"headline":"Ministerios para Estudiantes Universitarios llevar\u00e1 a cabo programa especial por Internet","datePublished":"2015-04-04T04:00:00+00:00","mainEntityOfPage":{"@id":"https:\/\/interamerica.org\/es\/2015\/04\/ministerios-para-estudiantes-universitarios-llevara-a-cabo-programa-especial-por-internet\/"},"wordCount":236,"image":{"@id":"https:\/\/interamerica.org\/es\/2015\/04\/ministerios-para-estudiantes-universitarios-llevara-a-cabo-programa-especial-por-internet\/#primaryimage"},"thumbnailUrl":"https:\/\/interamerica.org\/wp-content\/uploads\/2017\/06\/Screen-Shot-2015-04-06-at-7.41.35-AM.png","articleSection":["Desde la sede","RSS Espa\u00f1ol"],"inLanguage":"es"},{"@type":"WebPage","@id":"https:\/\/interamerica.org\/es\/2015\/04\/ministerios-para-estudiantes-universitarios-llevara-a-cabo-programa-especial-por-internet\/","url":"https:\/\/interamerica.org\/es\/2015\/04\/ministerios-para-estudiantes-universitarios-llevara-a-cabo-programa-especial-por-internet\/","name":"Ministerios para Estudiantes Universitarios llevar\u00e1 a cabo programa especial por Internet - Iglesia Adventista del S\u00e9ptimo D\u00eda - Divisi\u00f3n Interamericana","isPartOf":{"@id":"https:\/\/interamerica.org\/es\/#website"},"primaryImageOfPage":{"@id":"https:\/\/interamerica.org\/es\/2015\/04\/ministerios-para-estudiantes-universitarios-llevara-a-cabo-programa-especial-por-internet\/#primaryimage"},"image":{"@id":"https:\/\/interamerica.org\/es\/2015\/04\/ministerios-para-estudiantes-universitarios-llevara-a-cabo-programa-especial-por-internet\/#primaryimage"},"thumbnailUrl":"https:\/\/interamerica.org\/wp-content\/uploads\/2017\/06\/Screen-Shot-2015-04-06-at-7.41.35-AM.png","datePublished":"2015-04-04T04:00:00+00:00","author":{"@id":"https:\/\/interamerica.org\/es\/#\/schema\/person\/68ede8bdc292885bb76c1e3810e73c39"},"breadcrumb":{"@id":"https:\/\/interamerica.org\/es\/2015\/04\/ministerios-para-estudiantes-universitarios-llevara-a-cabo-programa-especial-por-internet\/#breadcrumb"},"inLanguage":"es","potentialAction":[{"@type":"ReadAction","target":["https:\/\/interamerica.org\/es\/2015\/04\/ministerios-para-estudiantes-universitarios-llevara-a-cabo-programa-especial-por-internet\/"]}]},{"@type":"ImageObject","inLanguage":"es","@id":"https:\/\/interamerica.org\/es\/2015\/04\/ministerios-para-estudiantes-universitarios-llevara-a-cabo-programa-especial-por-internet\/#primaryimage","url":"https:\/\/interamerica.org\/wp-content\/uploads\/2017\/06\/Screen-Shot-2015-04-06-at-7.41.35-AM.png","contentUrl":"https:\/\/interamerica.org\/wp-content\/uploads\/2017\/06\/Screen-Shot-2015-04-06-at-7.41.35-AM.png","width":266,"height":191},{"@type":"BreadcrumbList","@id":"https:\/\/interamerica.org\/es\/2015\/04\/ministerios-para-estudiantes-universitarios-llevara-a-cabo-programa-especial-por-internet\/#breadcrumb","itemListElement":[{"@type":"ListItem","position":1,"name":"Home","item":"https:\/\/interamerica.org\/es\/"},{"@type":"ListItem","position":2,"name":"Ministerios para Estudiantes Universitarios llevar\u00e1 a cabo programa especial por Internet"}]},{"@type":"WebSite","@id":"https:\/\/interamerica.org\/es\/#website","url":"https:\/\/interamerica.org\/es\/","name":"Iglesia Adventista del S\u00e9ptimo D\u00eda - Divisi\u00f3n Interamericana","description":"","potentialAction":[{"@type":"SearchAction","target":{"@type":"EntryPoint","urlTemplate":"https:\/\/interamerica.org\/es\/?s={search_term_string}"},"query-input":{"@type":"PropertyValueSpecification","valueRequired":true,"valueName":"search_term_string"}}],"inLanguage":"es"},{"@type":"Person","@id":"https:\/\/interamerica.org\/es\/#\/schema\/person\/68ede8bdc292885bb76c1e3810e73c39","name":"Lorenzo Verduzco","image":{"@type":"ImageObject","inLanguage":"es","@id":"https:\/\/secure.gravatar.com\/avatar\/fb81a55b6218459490a9c1dc841a34909185b81904c5337b4b27f7a6fd60c49e?s=96&d=mm&r=g","url":"https:\/\/secure.gravatar.com\/avatar\/fb81a55b6218459490a9c1dc841a34909185b81904c5337b4b27f7a6fd60c49e?s=96&d=mm&r=g","contentUrl":"https:\/\/secure.gravatar.com\/avatar\/fb81a55b6218459490a9c1dc841a34909185b81904c5337b4b27f7a6fd60c49e?s=96&d=mm&r=g","caption":"Lorenzo Verduzco"}}]}},"_links":{"self":[{"href":"https:\/\/interamerica.org\/es\/wp-json\/wp\/v2\/posts\/30785","targetHints":{"allow":["GET"]}}],"collection":[{"href":"https:\/\/interamerica.org\/es\/wp-json\/wp\/v2\/posts"}],"about":[{"href":"https:\/\/interamerica.org\/es\/wp-json\/wp\/v2\/types\/post"}],"author":[{"embeddable":true,"href":"https:\/\/interamerica.org\/es\/wp-json\/wp\/v2\/users\/1"}],"replies":[{"embeddable":true,"href":"https:\/\/interamerica.org\/es\/wp-json\/wp\/v2\/comments?post=30785"}],"version-history":[{"count":0,"href":"https:\/\/interamerica.org\/es\/wp-json\/wp\/v2\/posts\/30785\/revisions"}],"wp:featuredmedia":[{"embeddable":true,"href":"https:\/\/interamerica.org\/es\/wp-json\/wp\/v2\/media\/30786"}],"wp:attachment":[{"href":"https:\/\/interamerica.org\/es\/wp-json\/wp\/v2\/media?parent=30785"}],"wp:term":[{"taxonomy":"category","embeddable":true,"href":"https:\/\/interamerica.org\/es\/wp-json\/wp\/v2\/categories?post=30785"},{"taxonomy":"post_tag","embeddable":true,"href":"https:\/\/interamerica.org\/es\/wp-json\/wp\/v2\/tags?post=30785"}],"curies":[{"name":"wp","href":"https:\/\/api.w.org\/{rel}","templated":true}]}}