{"id":30788,"date":"2015-04-06T00:00:00","date_gmt":"2015-04-06T04:00:00","guid":{"rendered":"http:\/\/192.81.217.108\/interamerica\/2015\/04\/mas-de-un-millon-de-miembros-se-une-a-la-iglesia-de-interamerica-gracias-a-iniciativa-de-cinco-anos\/"},"modified":"2015-04-06T00:00:00","modified_gmt":"2015-04-06T04:00:00","slug":"mas-de-un-millon-de-miembros-se-une-a-la-iglesia-de-interamerica-gracias-a-iniciativa-de-cinco-anos","status":"publish","type":"post","link":"https:\/\/interamerica.org\/es\/2015\/04\/mas-de-un-millon-de-miembros-se-une-a-la-iglesia-de-interamerica-gracias-a-iniciativa-de-cinco-anos\/","title":{"rendered":"M\u00e1s de un mill\u00f3n de miembros se une a la iglesia de Interam\u00e9rica gracias a iniciativa de cinco a\u00f1os"},"content":{"rendered":"<div id=\"attachment_16221\" style=\"width: 650px\" class=\"wp-caption aligncenter\"><a href=\"\/interamerica\/wp-content\/uploads\/2017\/06\/Vom600.png\" rel=\"fancybox\" title=\"M\u00e1s de un mill\u00f3n de miembros se une a la iglesia de Interam\u00e9rica gracias a iniciativa de cinco a\u00f1os\"><img fetchpriority=\"high\" decoding=\"async\" aria-describedby=\"caption-attachment-16221\" class=\"size-full wp-image-16221\" src=\"\/interamerica\/wp-content\/uploads\/2017\/06\/Vom600.png\" alt=\"\" width=\"640\" height=\"426\" \/><\/a><p id=\"caption-attachment-16221\" class=\"wp-caption-text\">M\u00e1s de 7500 l\u00edderes de la iglesia, feligreses y visitas llenaron el Centro de la Excelencia de Trinidad para seguir la celebraci\u00f3n de los bautismos de \u00abVisi\u00f3n un mill\u00f3n\u00bb de este a\u00f1o en toda la regi\u00f3n, durante el programa en vivo del pasado 4 de abril de 2015. Unos 1,000,017 nuevos miembros se unieron a la iglesia durante el presente quinquenio, hasta el primer trimestre del 2015. Imagen de Libna Stevens\/DIA<\/p><\/div>\n<p>5 de abril de 2015 | Puerto Espa\u00f1a, Trinidad | Libna Stevens\/DIA<\/p>\n<div id=\"attachment_16208\" style=\"width: 310px\" class=\"wp-caption alignright\"><a href=\"\/interamerica\/wp-content\/uploads\/2017\/06\/FinleyVOM400.png\" rel=\"fancybox\" title=\"M\u00e1s de un mill\u00f3n de miembros se une a la iglesia de Interam\u00e9rica gracias a iniciativa de cinco a\u00f1os\"><img decoding=\"async\" aria-describedby=\"caption-attachment-16208\" class=\"size-medium wp-image-16208\" src=\"\/interamerica\/wp-content\/uploads\/2017\/06\/FinleyVOM400-300x190.png\" alt=\"\" width=\"300\" height=\"190\" \/><\/a><p id=\"caption-attachment-16208\" class=\"wp-caption-text\">El evangelista Mark Finley. Imagen de Curtis Henry\/DIA.<\/p><\/div>\n<p>La Iglesia Adventista del S\u00e9ptimo D\u00eda en Interam\u00e9rica puso fin a su iniciativa quinquenal de evangelismo denominada \u00abVisi\u00f3n un mill\u00f3n\u00bb durante un programa satelital en vivo desde Puerto Espa\u00f1a, Trinidad, el pasado s\u00e1bado.<\/p>\n<p>El evento represent\u00f3 la culminaci\u00f3n de miles de campa\u00f1as de evangelizaci\u00f3n que se llevaron a cabo durante los \u00faltimos tres meses en todo el territorio de la Divisi\u00f3n Interamericana.<\/p>\n<p>Estos esfuerzos, que fueron combinados con otros similares que comenzaron en 2011 al momento de lanzar \u00abVisi\u00f3n un mill\u00f3n\u00bb, resultaron en la adici\u00f3n de poco m\u00e1s de un mill\u00f3n de nuevos miembros.<\/p>\n<div id=\"attachment_11187\" style=\"width: 310px\" class=\"wp-caption alignleft\"><a href=\"\/interamerica\/wp-content\/uploads\/2017\/06\/Braham.png\" rel=\"fancybox\" title=\"M\u00e1s de un mill\u00f3n de miembros se une a la iglesia de Interam\u00e9rica gracias a iniciativa de cinco a\u00f1os\"><img decoding=\"async\" aria-describedby=\"caption-attachment-11187\" class=\"size-medium wp-image-11187\" src=\"\/interamerica\/wp-content\/uploads\/2017\/06\/Braham-300x195.png\" alt=\"\" width=\"300\" height=\"195\" \/><\/a><p id=\"caption-attachment-11187\" class=\"wp-caption-text\">El pastor Balvin Braham, director ministerial asociado y organizador del evento, dice que \u00abVisi\u00f3n un mill\u00f3n\u00bb ha producido un esp\u00edritu de cooperaci\u00f3n entre nuestros l\u00edderes y miembros de iglesia en Interam\u00e9rica. fotograf\u00eda de archivo de la DIA.<\/p><\/div>\n<p>M\u00e1s de 7500 l\u00edderes de la iglesia, feligreses y visitas llenaron el Centro de la Excelencia de Trinidad para ver el evento que fue transmitido en vivo por el Canal Hope, Esperanza TV, 3ABN, 3ABN Latino y en el canal por Internet de la Divisi\u00f3n Interamericana.<\/p>\n<p>\u201cHermanos y hermanas, este es un momento de sano orgullo para el territorio de la Divisi\u00f3n Interamericana\u00bb, dijo el pastor Balvin Braham, director ministerial asociado y principal organizador del evento.<\/p>\n<p>Durante las \u00faltimas semanas, la Iglesia Adventista de la Uni\u00f3n del Caribe particip\u00f3 de numerosos proyectos comunitarios e intervenciones sociales que precedieron a unas trescientas campa\u00f1as de evangelizaci\u00f3n a lo largo y a lo ancho de las m\u00e1s de dos decenas de islas de la regi\u00f3n, informaron los l\u00edderes de la iglesia.<\/p>\n<p>Unos 250 ministros y otros 450 predicadores laicos de toda la Divisi\u00f3n Interamericana, \u00c1frica, Canad\u00e1, Inglaterra y los Estados Unidos se asociaron con pastores de iglesias locales durante dos semanas de evangelismo en iglesias, auditorios, centros comunitarios y grupos peque\u00f1os esta \u00faltima semana.<\/p>\n<div id=\"attachment_16206\" style=\"width: 310px\" class=\"wp-caption alignright\"><a href=\"\/interamerica\/wp-content\/uploads\/2017\/06\/VOM-healthawards400.png\" rel=\"fancybox\" title=\"M\u00e1s de un mill\u00f3n de miembros se une a la iglesia de Interam\u00e9rica gracias a iniciativa de cinco a\u00f1os\"><img loading=\"lazy\" decoding=\"async\" aria-describedby=\"caption-attachment-16206\" class=\"size-medium wp-image-16206 \" src=\"\/interamerica\/wp-content\/uploads\/2017\/06\/VOM-healthawards400-300x186.png\" alt=\"\" width=\"300\" height=\"186\" \/><\/a><p id=\"caption-attachment-16206\" class=\"wp-caption-text\">Los miembros de iglesia fueron reconocidos por su labor en proyectos de salud e intervenciones familiares en la comunidad durante los \u00faltimos meses. Imagen de Curtis Henry\/DIA<\/p><\/div>\n<p>Durante el transcurso del evento en vivo, los l\u00edderes de la iglesia destacaron la obra de los miembros y profesionales comprometidos que han contribuido a iniciativas de salud, y a las intervenciones familiares a lo largo y a lo ancho de cientos de comunidades durante los \u00faltimos meses y el pasado a\u00f1o.<\/p>\n<p>El evangelista Mark Finley, quien estuvo a cargo del mensaje principal, celebr\u00f3 el trabajo de los pastores y miembros de iglesia por su compromiso a la hora de compartir las Buenas Nuevas, y anim\u00f3 a los cientos de creyentes del Centro de la Excelencia y a otros miles de todo el territorio que segu\u00edan el programa y estaban prepar\u00e1ndose para el bautismo a que mantengan su fe en Dios.<\/p>\n<p>\u00abCuando uno da un paso de fe, Jes\u00fas obra milagros inesperados en su vida\u00bb, dijo Finley. Finley asegur\u00f3 a los oyentes que \u00abDios es un Dios de bendiciones inesperadas, un Dios de posibilidades imposibles y un Dios de nuevos comienzos\u00bb.<\/p>\n<div id=\"attachment_16210\" style=\"width: 223px\" class=\"wp-caption alignright\"><a href=\"\/interamerica\/wp-content\/uploads\/2017\/06\/VOMMartieriene218.png\" rel=\"fancybox\" title=\"M\u00e1s de un mill\u00f3n de miembros se une a la iglesia de Interam\u00e9rica gracias a iniciativa de cinco a\u00f1os\"><img loading=\"lazy\" decoding=\"async\" aria-describedby=\"caption-attachment-16210\" class=\"size-medium wp-image-16210 \" src=\"\/interamerica\/wp-content\/uploads\/2017\/06\/VOMMartieriene218-213x300.png\" alt=\"\" width=\"213\" height=\"300\" \/><\/a><p id=\"caption-attachment-16210\" class=\"wp-caption-text\">Un pastor ora por Joseph Matieriene antes de sumergirlo en las aguas del bautismo. Imagen de Curtis Henry\/DIA<\/p><\/div>\n<p>Un nuevo comienzo es justamente lo que\u00a0Joseph Matieriene, de 63 a\u00f1os y proveniente de Sangre Grande, al norte de la isla, estaba esperando. Vestido con su t\u00fanica bautismal azul, descalzo y separado de su familia, sonr\u00ede y dice que est\u00e1 listo para dejar atr\u00e1s su problem\u00e1tica vida. Esa vida incluy\u00f3, dice \u00e9l, momentos de rebeld\u00eda y una sentencia de 14 a\u00f1os en prisi\u00f3n, que cumpli\u00f3 entre 2000 y 2014.<\/p>\n<p>\u00abNo soy un hombre muy educado, y no tengo muchas cosas, pero he descubierto la gracia de Dios mientras le\u00eda la Biblia\u00bb, dijo Matierene. Aunque cuando era m\u00e1s joven hab\u00eda sido bautizado en una denominaci\u00f3n cristiana, Matieriene vio una invitaci\u00f3n para una campa\u00f1a de evangelizaci\u00f3n en su vecindario y se convenci\u00f3n del mandamiento del s\u00e1bado, por lo que decidi\u00f3 ser bautizado en el Centro. \u00abQuiero ir al cielo, y llevar tambi\u00e9n a otros\u00bb, a\u00f1adi\u00f3.<\/p>\n<p>Melissa Williams, de 29 a\u00f1os, y sus dos hijas aguardaron abrazadas el momento de ingresar a las aguas bautismales. Williams se hab\u00eda unido a la iglesia cuando ten\u00eda 16 a\u00f1os, pero luego la abandon\u00f3. Despu\u00e9s de tener sus hijas, que ahora tienen 10 y 7 a\u00f1os, comenz\u00f3 a llevarlas a la iglesia adventista de Sangre Grande, aunque por entonces no estaba tomando buenas decisiones. \u00abLas ni\u00f1as decidieron dar su vida a Jes\u00fas, y eso me motiv\u00f3 a dejar de lado mi pasado para ser rebautizada\u00bb, dijo Williams.<\/p>\n<div id=\"attachment_16209\" style=\"width: 310px\" class=\"wp-caption alignleft\"><a href=\"\/interamerica\/wp-content\/uploads\/2017\/06\/Williams400.png\" rel=\"fancybox\" title=\"M\u00e1s de un mill\u00f3n de miembros se une a la iglesia de Interam\u00e9rica gracias a iniciativa de cinco a\u00f1os\"><img loading=\"lazy\" decoding=\"async\" aria-describedby=\"caption-attachment-16209\" class=\"size-medium wp-image-16209\" src=\"\/interamerica\/wp-content\/uploads\/2017\/06\/Williams400-300x209.png\" alt=\"\" width=\"300\" height=\"209\" \/><\/a><p id=\"caption-attachment-16209\" class=\"wp-caption-text\">Melissa Williams y sus dos hijas siguen el programa en vivo antes de ser bautizadas en el Centro de la Excelencia de Trinidad. Imagen de Curtis Henry\/DIA<\/p><\/div>\n<p>\u00abJes\u00fas es vida para m\u00ed. Es mi Salvador y mi fortaleza; \u00e9l es todo\u00bb, dijo Williams, quien actualmente cursa el cuarto a\u00f1o de enfermer\u00eda. \u00abSolo quiero servirlo por completo, y seguir orando para que tambi\u00e9n mi esposo pronto entregue su coraz\u00f3n a Cristo\u00bb.<\/p>\n<p>El servicio a Dios para cumplir la misi\u00f3n de compartir el evangelio se encuentra en el centro mismo del prop\u00f3sito del programa de discipulado de la Iglesia Adventista en Interam\u00e9rica, que ha hecho una gran inversi\u00f3n en ese sentido durante los \u00faltimos cinco a\u00f1os, afirmaron los principales l\u00edderes de la iglesia en el territorio.<\/p>\n<p>La movilizaci\u00f3n de los miembros de iglesia para la acci\u00f3n es que lo hace crecer a la iglesia, dijo el pastor Israel Leito, presidente de la Iglesia Adventista en Interam\u00e9rica.<\/p>\n<p>\u00abLa iniciativa &#8216;Visi\u00f3n un mill\u00f3n&#8217; ha\u00a0dado un nuevo \u00e9nfasis a la iglesia en la Divisi\u00f3n Interamericana para la ganancia de almas y el evangelismo, animando a los miembros de iglesia para que vayan m\u00e1s all\u00e1 de las limitaciones e imposibilidades que ven a su alrededor en pro del evangelio\u00bb, dijo el pastor Leito.<\/p>\n<p>El principal objetivo de \u00abVisi\u00f3n un mill\u00f3n\u00bb no han sido los n\u00fameros de bautismos &#8211;por m\u00e1s que estos no puedan ser ignorados&#8211; sino el impacto, el efecto del discipulado en esos miembros que producen los n\u00fameros\u00bb, a\u00f1adi\u00f3 el pastor Leito.<\/p>\n<p>Con on sin n\u00fameros, cada vez que la celebraci\u00f3n de \u00abVisi\u00f3n un mill\u00f3n\u00bb tuvo lugar en una de las 24 principales regiones de Interam\u00e9rica, la obra se ha intensificado de manera tal que los pastores y los laicos locales reciben nuevas energ\u00edas para trabajar m\u00e1s en pro de la esperanza de salvaci\u00f3n, dijo el pastor Braham.<\/p>\n<div id=\"attachment_16207\" style=\"width: 310px\" class=\"wp-caption alignleft\"><a href=\"\/interamerica\/wp-content\/uploads\/2017\/06\/KernTobias400.png\" rel=\"fancybox\" title=\"M\u00e1s de un mill\u00f3n de miembros se une a la iglesia de Interam\u00e9rica gracias a iniciativa de cinco a\u00f1os\"><img loading=\"lazy\" decoding=\"async\" aria-describedby=\"caption-attachment-16207\" class=\"size-medium wp-image-16207\" src=\"\/interamerica\/wp-content\/uploads\/2017\/06\/KernTobias400-300x228.png\" alt=\"\" width=\"300\" height=\"228\" \/><\/a><p id=\"caption-attachment-16207\" class=\"wp-caption-text\">El doctor Kern Tobias, presidente de la Iglesia Adventista en la Uni\u00f3n del Caribe,\u00a0agradece a los l\u00edderes y los miembros por su esfuerzos conjuntos, durante las cientos de campa\u00f1as de evangelizaci\u00f3n llevadas a cabo en toda la Uni\u00f3n del Caribe este a\u00f1o. Imagen de Curtis Henry\/DIA.<\/p><\/div>\n<p>Pensemos por ejemplo en la Uni\u00f3n del Caribe, en la que la iglesia duplic\u00f3 sus esfuerzos de evangelizaci\u00f3n en las alrededor de 24 islas del territorio, junto con evangelistas y predicadores provenientes de la DIA, lo que produjo m\u00e1s de seis mil nuevos miembros tan solo el a\u00f1o pasado. En 2014 se alcanz\u00f3 casi la misma cantidad de bautismos, dijo el doctor Kern Tobias, presidente de la Iglesia Adventista en la Uni\u00f3n del Caribe.<\/p>\n<p>\u00abEste ha sido uno de los m\u00e1s grandes emprendimientos de evangelizaci\u00f3n que se llevaron a cabo en nuestra regi\u00f3n en a\u00f1os\u00bb, explic\u00f3 Tobias. \u00abEsta iniciativa realmente impulso a nuestros pastores y miembros de iglesia, de manera que vieron que es posible seguir consiguiendo decisiones por Cristo en el territorio a esta escala\u00bb.<\/p>\n<p>Seg\u00fan Kern, m\u00e1s de 178 mil miembros han estado participando de los esfuerzos en toda la uni\u00f3n, que cuenta con unos 240 mil miembros que se re\u00fanen en 722 iglesias y congregaciones.<\/p>\n<p>Otras ciudades importantes, donde se han llevado a cabo programas de celebraci\u00f3n de \u00abVisi\u00f3n un mill\u00f3n\u00bb, incluyen a Ciudad de M\u00e9xico, Bogot\u00e1 y Ciudad de Guatemala, adem\u00e1s de Maracaibo.<\/p>\n<p>\u00abEsta iniciativa ha producido un esp\u00edritu de colaboraci\u00f3n entre nuestros l\u00edderes y miembros de iglesia de Interam\u00e9rica, y nos ha impulsado para mirar hacia adelante de manera de crear un paradigma que permita sostener nuestro crecimiento y profundizar el impacto de evangelizaci\u00f3n en los pr\u00f3ximos meses y a\u00f1os\u00bb, dijo Braham.<\/p>\n<div id=\"attachment_16214\" style=\"width: 310px\" class=\"wp-caption alignright\"><a href=\"\/interamerica\/wp-content\/uploads\/2017\/06\/VOM-HaitianUnion400.png\" rel=\"fancybox\" title=\"M\u00e1s de un mill\u00f3n de miembros se une a la iglesia de Interam\u00e9rica gracias a iniciativa de cinco a\u00f1os\"><img loading=\"lazy\" decoding=\"async\" aria-describedby=\"caption-attachment-16214\" class=\"size-medium wp-image-16214 \" src=\"\/interamerica\/wp-content\/uploads\/2017\/06\/VOM-HaitianUnion400-300x200.png\" alt=\"\" width=\"300\" height=\"200\" \/><\/a><p id=\"caption-attachment-16214\" class=\"wp-caption-text\">El pastor Mark Finley entrega un trofeo al presidente de la Uni\u00f3n Haitiana, el pastor Theart Saint Pierre, por ser la uni\u00f3n que super\u00f3 los 92 mil bautismos durante el quinquenio. Imagen de Curtis Henry\/DIA<\/p><\/div>\n<p>M\u00e1s de setenta mil nuevos miembros se han unido a la iglesia durante el primer trimestre del a\u00f1o, dijo Braham.<\/p>\n<p>El programa en vivo cont\u00f3 con actualizaciones en vivo de catorce sedes de la DIA donde se llevaron a cabo cientos de bautismos en tiempo real, en momentos en que los l\u00edderes de la iglesia de cada una de las uniones oraron por los bautismos de Trinidad.<\/p>\n<p>Casi cuatro mil conexiones siguieron el programa en vivo en l\u00ednea desde 54 pa\u00edses, tanto en ingl\u00e9s como en espa\u00f1ol y franc\u00e9s.<\/p>\n<p>Las uniones recibieron reconocimientos por sus contribuciones destacadas a los m\u00e1s de un mill\u00f3n de bautismos que se llevaron a cabo hasta el momento dentro del quinquenio. La Uni\u00f3n de Hait\u00ed estuvo al frente de la lista por a\u00f1adir 92 mil miembros a la iglesia.<\/p>\n<p>Asimismo, al tope de la lista se encontr\u00f3 al Uni\u00f3n Mexicana de Chiapas, con m\u00e1s de 82 mil, la Uni\u00f3n Centroamericana del Sur, con m\u00e1s de 76 mil, la Uni\u00f3n Mexicana Interoce\u00e1nica, con m\u00e1s de 73 mil, y la Uni\u00f3n Dominicana, con m\u00e1s de setenta mil miembros.<\/p>\n<div id=\"attachment_16218\" style=\"width: 430px\" class=\"wp-caption alignright\"><a href=\"\/interamerica\/wp-content\/uploads\/2017\/06\/MAP-VOMconnections600.png\" rel=\"fancybox\" title=\"M\u00e1s de un mill\u00f3n de miembros se une a la iglesia de Interam\u00e9rica gracias a iniciativa de cinco a\u00f1os\"><img loading=\"lazy\" decoding=\"async\" aria-describedby=\"caption-attachment-16218\" class=\" wp-image-16218 \" src=\"\/interamerica\/wp-content\/uploads\/2017\/06\/MAP-VOMconnections600.png\" alt=\"\" width=\"420\" height=\"202\" \/><\/a><p id=\"caption-attachment-16218\" class=\"wp-caption-text\">Casi cuatro mil conexiones desde 54 pa\u00edses siguieron el programa en vivo el s\u00e1bado 4 de abril de 2015. Imagen de Revolver Maps&#8211;Estad\u00edsticas en Vivo<\/p><\/div>\n<p>Decenas de miembros de iglesia recibieron un reconocimiento por ser parte de la iglesia durante cincuenta, sesenta o m\u00e1s a\u00f1os.<\/p>\n<p>Los l\u00edderes ya anticipan el impacto en todo el territorio planificado para el a\u00f1o que viene que, seg\u00fan se vot\u00f3, se llevar\u00e1 a cabo en Caracas, Venezuela.<\/p>\n<p>Si desea ver una galer\u00eda de im\u00e1genes del evento \u00abVisi\u00f3n un mill\u00f3n\u00bb de este a\u00f1o en Trinidad, presione <a href=\"https:\/\/www.flickr.com\/photos\/interamerica\/17008915436\/\">AQU\u00cd<\/a><\/p>\n<p>Para ver el programa grabado en vivo, presione\u00a0<a href=\"http:\/\/youtu.be\/Ihoxm0tvpHQ\">AQU\u00cd<\/a><\/p>\n<p><em>Traducci\u00f3n de Marcos Paseggi<\/em><\/p>\n","protected":false},"excerpt":{"rendered":"<p>La Iglesia Adventista del S\u00e9ptimo D\u00eda en Interam\u00e9rica puso fin a su iniciativa quinquenal de evangelismo denominada \u00abVisi\u00f3n un mill\u00f3n\u00bb durante un programa satelital en vivo desde Puerto Espa\u00f1a, Trinidad, el pasado s\u00e1bado. <\/p>\n<p>El evento represent\u00f3 la culminaci\u00f3n de miles de campa\u00f1as de evangelizaci\u00f3n que se llevaron a cabo durante los \u00faltimos tres meses en todo el territorio de la Divisi\u00f3n Interamericana.<\/p>\n","protected":false},"author":1,"featured_media":24919,"comment_status":"closed","ping_status":"closed","sticky":false,"template":"","format":"standard","meta":{"_acf_changed":false,"footnotes":""},"categories":[16,15],"tags":[],"class_list":["post-30788","post","type-post","status-publish","format-standard","has-post-thumbnail","hentry","category-desde-la-sede","category-rss-espanol"],"acf":[],"yoast_head":"<!-- This site is optimized with the Yoast SEO plugin v27.3 - https:\/\/yoast.com\/product\/yoast-seo-wordpress\/ -->\n<title>M\u00e1s de un mill\u00f3n de miembros se une a la iglesia de Interam\u00e9rica gracias a iniciativa de cinco a\u00f1os - Iglesia Adventista del S\u00e9ptimo D\u00eda - Divisi\u00f3n Interamericana<\/title>\n<meta name=\"robots\" content=\"index, follow, max-snippet:-1, max-image-preview:large, max-video-preview:-1\" \/>\n<link rel=\"canonical\" href=\"https:\/\/interamerica.org\/es\/2015\/04\/mas-de-un-millon-de-miembros-se-une-a-la-iglesia-de-interamerica-gracias-a-iniciativa-de-cinco-anos\/\" \/>\n<meta property=\"og:locale\" content=\"es_ES\" \/>\n<meta property=\"og:type\" content=\"article\" \/>\n<meta property=\"og:title\" content=\"M\u00e1s de un mill\u00f3n de miembros se une a la iglesia de Interam\u00e9rica gracias a iniciativa de cinco a\u00f1os - Iglesia Adventista del S\u00e9ptimo D\u00eda - Divisi\u00f3n Interamericana\" \/>\n<meta property=\"og:description\" content=\"La Iglesia Adventista del S\u00e9ptimo D\u00eda en Interam\u00e9rica puso fin a su iniciativa quinquenal de evangelismo denominada &quot;Visi\u00f3n un mill\u00f3n&quot; durante un programa satelital en vivo desde Puerto Espa\u00f1a, Trinidad, el pasado s\u00e1bado.  El evento represent\u00f3 la culminaci\u00f3n de miles de campa\u00f1as de evangelizaci\u00f3n que se llevaron a cabo durante los \u00faltimos tres meses en todo el territorio de la Divisi\u00f3n Interamericana.\" \/>\n<meta property=\"og:url\" content=\"https:\/\/interamerica.org\/es\/2015\/04\/mas-de-un-millon-de-miembros-se-une-a-la-iglesia-de-interamerica-gracias-a-iniciativa-de-cinco-anos\/\" \/>\n<meta property=\"og:site_name\" content=\"Iglesia Adventista del S\u00e9ptimo D\u00eda - Divisi\u00f3n Interamericana\" \/>\n<meta property=\"article:published_time\" content=\"2015-04-06T04:00:00+00:00\" \/>\n<meta property=\"og:image\" content=\"https:\/\/interamerica.org\/wp-content\/uploads\/2017\/06\/VOM-baptized300.png\" \/>\n\t<meta property=\"og:image:width\" content=\"300\" \/>\n\t<meta property=\"og:image:height\" content=\"202\" \/>\n\t<meta property=\"og:image:type\" content=\"image\/png\" \/>\n<meta name=\"author\" content=\"Lorenzo Verduzco\" \/>\n<meta name=\"twitter:card\" content=\"summary_large_image\" \/>\n<meta name=\"twitter:label1\" content=\"Escrito por\" \/>\n\t<meta name=\"twitter:data1\" content=\"Lorenzo Verduzco\" \/>\n\t<meta name=\"twitter:label2\" content=\"Tiempo de lectura\" \/>\n\t<meta name=\"twitter:data2\" content=\"10 minutos\" \/>\n<script type=\"application\/ld+json\" class=\"yoast-schema-graph\">{\"@context\":\"https:\\\/\\\/schema.org\",\"@graph\":[{\"@type\":\"Article\",\"@id\":\"https:\\\/\\\/interamerica.org\\\/es\\\/2015\\\/04\\\/mas-de-un-millon-de-miembros-se-une-a-la-iglesia-de-interamerica-gracias-a-iniciativa-de-cinco-anos\\\/#article\",\"isPartOf\":{\"@id\":\"https:\\\/\\\/interamerica.org\\\/es\\\/2015\\\/04\\\/mas-de-un-millon-de-miembros-se-une-a-la-iglesia-de-interamerica-gracias-a-iniciativa-de-cinco-anos\\\/\"},\"author\":{\"name\":\"Lorenzo Verduzco\",\"@id\":\"https:\\\/\\\/interamerica.org\\\/es\\\/#\\\/schema\\\/person\\\/68ede8bdc292885bb76c1e3810e73c39\"},\"headline\":\"M\u00e1s de un mill\u00f3n de miembros se une a la iglesia de Interam\u00e9rica gracias a iniciativa de cinco a\u00f1os\",\"datePublished\":\"2015-04-06T04:00:00+00:00\",\"mainEntityOfPage\":{\"@id\":\"https:\\\/\\\/interamerica.org\\\/es\\\/2015\\\/04\\\/mas-de-un-millon-de-miembros-se-une-a-la-iglesia-de-interamerica-gracias-a-iniciativa-de-cinco-anos\\\/\"},\"wordCount\":1971,\"image\":{\"@id\":\"https:\\\/\\\/interamerica.org\\\/es\\\/2015\\\/04\\\/mas-de-un-millon-de-miembros-se-une-a-la-iglesia-de-interamerica-gracias-a-iniciativa-de-cinco-anos\\\/#primaryimage\"},\"thumbnailUrl\":\"https:\\\/\\\/interamerica.org\\\/wp-content\\\/uploads\\\/2017\\\/06\\\/VOM-baptized300.png\",\"articleSection\":[\"Desde la sede\",\"RSS Espa\u00f1ol\"],\"inLanguage\":\"es\"},{\"@type\":\"WebPage\",\"@id\":\"https:\\\/\\\/interamerica.org\\\/es\\\/2015\\\/04\\\/mas-de-un-millon-de-miembros-se-une-a-la-iglesia-de-interamerica-gracias-a-iniciativa-de-cinco-anos\\\/\",\"url\":\"https:\\\/\\\/interamerica.org\\\/es\\\/2015\\\/04\\\/mas-de-un-millon-de-miembros-se-une-a-la-iglesia-de-interamerica-gracias-a-iniciativa-de-cinco-anos\\\/\",\"name\":\"M\u00e1s de un mill\u00f3n de miembros se une a la iglesia de Interam\u00e9rica gracias a iniciativa de cinco a\u00f1os - Iglesia Adventista del S\u00e9ptimo D\u00eda - Divisi\u00f3n Interamericana\",\"isPartOf\":{\"@id\":\"https:\\\/\\\/interamerica.org\\\/es\\\/#website\"},\"primaryImageOfPage\":{\"@id\":\"https:\\\/\\\/interamerica.org\\\/es\\\/2015\\\/04\\\/mas-de-un-millon-de-miembros-se-une-a-la-iglesia-de-interamerica-gracias-a-iniciativa-de-cinco-anos\\\/#primaryimage\"},\"image\":{\"@id\":\"https:\\\/\\\/interamerica.org\\\/es\\\/2015\\\/04\\\/mas-de-un-millon-de-miembros-se-une-a-la-iglesia-de-interamerica-gracias-a-iniciativa-de-cinco-anos\\\/#primaryimage\"},\"thumbnailUrl\":\"https:\\\/\\\/interamerica.org\\\/wp-content\\\/uploads\\\/2017\\\/06\\\/VOM-baptized300.png\",\"datePublished\":\"2015-04-06T04:00:00+00:00\",\"author\":{\"@id\":\"https:\\\/\\\/interamerica.org\\\/es\\\/#\\\/schema\\\/person\\\/68ede8bdc292885bb76c1e3810e73c39\"},\"breadcrumb\":{\"@id\":\"https:\\\/\\\/interamerica.org\\\/es\\\/2015\\\/04\\\/mas-de-un-millon-de-miembros-se-une-a-la-iglesia-de-interamerica-gracias-a-iniciativa-de-cinco-anos\\\/#breadcrumb\"},\"inLanguage\":\"es\",\"potentialAction\":[{\"@type\":\"ReadAction\",\"target\":[\"https:\\\/\\\/interamerica.org\\\/es\\\/2015\\\/04\\\/mas-de-un-millon-de-miembros-se-une-a-la-iglesia-de-interamerica-gracias-a-iniciativa-de-cinco-anos\\\/\"]}]},{\"@type\":\"ImageObject\",\"inLanguage\":\"es\",\"@id\":\"https:\\\/\\\/interamerica.org\\\/es\\\/2015\\\/04\\\/mas-de-un-millon-de-miembros-se-une-a-la-iglesia-de-interamerica-gracias-a-iniciativa-de-cinco-anos\\\/#primaryimage\",\"url\":\"https:\\\/\\\/interamerica.org\\\/wp-content\\\/uploads\\\/2017\\\/06\\\/VOM-baptized300.png\",\"contentUrl\":\"https:\\\/\\\/interamerica.org\\\/wp-content\\\/uploads\\\/2017\\\/06\\\/VOM-baptized300.png\",\"width\":300,\"height\":202},{\"@type\":\"BreadcrumbList\",\"@id\":\"https:\\\/\\\/interamerica.org\\\/es\\\/2015\\\/04\\\/mas-de-un-millon-de-miembros-se-une-a-la-iglesia-de-interamerica-gracias-a-iniciativa-de-cinco-anos\\\/#breadcrumb\",\"itemListElement\":[{\"@type\":\"ListItem\",\"position\":1,\"name\":\"Home\",\"item\":\"https:\\\/\\\/interamerica.org\\\/es\\\/\"},{\"@type\":\"ListItem\",\"position\":2,\"name\":\"M\u00e1s de un mill\u00f3n de miembros se une a la iglesia de Interam\u00e9rica gracias a iniciativa de cinco a\u00f1os\"}]},{\"@type\":\"WebSite\",\"@id\":\"https:\\\/\\\/interamerica.org\\\/es\\\/#website\",\"url\":\"https:\\\/\\\/interamerica.org\\\/es\\\/\",\"name\":\"Iglesia Adventista del S\u00e9ptimo D\u00eda - Divisi\u00f3n Interamericana\",\"description\":\"\",\"potentialAction\":[{\"@type\":\"SearchAction\",\"target\":{\"@type\":\"EntryPoint\",\"urlTemplate\":\"https:\\\/\\\/interamerica.org\\\/es\\\/?s={search_term_string}\"},\"query-input\":{\"@type\":\"PropertyValueSpecification\",\"valueRequired\":true,\"valueName\":\"search_term_string\"}}],\"inLanguage\":\"es\"},{\"@type\":\"Person\",\"@id\":\"https:\\\/\\\/interamerica.org\\\/es\\\/#\\\/schema\\\/person\\\/68ede8bdc292885bb76c1e3810e73c39\",\"name\":\"Lorenzo Verduzco\",\"image\":{\"@type\":\"ImageObject\",\"inLanguage\":\"es\",\"@id\":\"https:\\\/\\\/secure.gravatar.com\\\/avatar\\\/fb81a55b6218459490a9c1dc841a34909185b81904c5337b4b27f7a6fd60c49e?s=96&d=mm&r=g\",\"url\":\"https:\\\/\\\/secure.gravatar.com\\\/avatar\\\/fb81a55b6218459490a9c1dc841a34909185b81904c5337b4b27f7a6fd60c49e?s=96&d=mm&r=g\",\"contentUrl\":\"https:\\\/\\\/secure.gravatar.com\\\/avatar\\\/fb81a55b6218459490a9c1dc841a34909185b81904c5337b4b27f7a6fd60c49e?s=96&d=mm&r=g\",\"caption\":\"Lorenzo Verduzco\"}}]}<\/script>\n<!-- \/ Yoast SEO plugin. -->","yoast_head_json":{"title":"M\u00e1s de un mill\u00f3n de miembros se une a la iglesia de Interam\u00e9rica gracias a iniciativa de cinco a\u00f1os - Iglesia Adventista del S\u00e9ptimo D\u00eda - Divisi\u00f3n Interamericana","robots":{"index":"index","follow":"follow","max-snippet":"max-snippet:-1","max-image-preview":"max-image-preview:large","max-video-preview":"max-video-preview:-1"},"canonical":"https:\/\/interamerica.org\/es\/2015\/04\/mas-de-un-millon-de-miembros-se-une-a-la-iglesia-de-interamerica-gracias-a-iniciativa-de-cinco-anos\/","og_locale":"es_ES","og_type":"article","og_title":"M\u00e1s de un mill\u00f3n de miembros se une a la iglesia de Interam\u00e9rica gracias a iniciativa de cinco a\u00f1os - Iglesia Adventista del S\u00e9ptimo D\u00eda - Divisi\u00f3n Interamericana","og_description":"La Iglesia Adventista del S\u00e9ptimo D\u00eda en Interam\u00e9rica puso fin a su iniciativa quinquenal de evangelismo denominada \"Visi\u00f3n un mill\u00f3n\" durante un programa satelital en vivo desde Puerto Espa\u00f1a, Trinidad, el pasado s\u00e1bado.  El evento represent\u00f3 la culminaci\u00f3n de miles de campa\u00f1as de evangelizaci\u00f3n que se llevaron a cabo durante los \u00faltimos tres meses en todo el territorio de la Divisi\u00f3n Interamericana.","og_url":"https:\/\/interamerica.org\/es\/2015\/04\/mas-de-un-millon-de-miembros-se-une-a-la-iglesia-de-interamerica-gracias-a-iniciativa-de-cinco-anos\/","og_site_name":"Iglesia Adventista del S\u00e9ptimo D\u00eda - Divisi\u00f3n Interamericana","article_published_time":"2015-04-06T04:00:00+00:00","og_image":[{"width":300,"height":202,"url":"https:\/\/interamerica.org\/wp-content\/uploads\/2017\/06\/VOM-baptized300.png","type":"image\/png"}],"author":"Lorenzo Verduzco","twitter_card":"summary_large_image","twitter_misc":{"Escrito por":"Lorenzo Verduzco","Tiempo de lectura":"10 minutos"},"schema":{"@context":"https:\/\/schema.org","@graph":[{"@type":"Article","@id":"https:\/\/interamerica.org\/es\/2015\/04\/mas-de-un-millon-de-miembros-se-une-a-la-iglesia-de-interamerica-gracias-a-iniciativa-de-cinco-anos\/#article","isPartOf":{"@id":"https:\/\/interamerica.org\/es\/2015\/04\/mas-de-un-millon-de-miembros-se-une-a-la-iglesia-de-interamerica-gracias-a-iniciativa-de-cinco-anos\/"},"author":{"name":"Lorenzo Verduzco","@id":"https:\/\/interamerica.org\/es\/#\/schema\/person\/68ede8bdc292885bb76c1e3810e73c39"},"headline":"M\u00e1s de un mill\u00f3n de miembros se une a la iglesia de Interam\u00e9rica gracias a iniciativa de cinco a\u00f1os","datePublished":"2015-04-06T04:00:00+00:00","mainEntityOfPage":{"@id":"https:\/\/interamerica.org\/es\/2015\/04\/mas-de-un-millon-de-miembros-se-une-a-la-iglesia-de-interamerica-gracias-a-iniciativa-de-cinco-anos\/"},"wordCount":1971,"image":{"@id":"https:\/\/interamerica.org\/es\/2015\/04\/mas-de-un-millon-de-miembros-se-une-a-la-iglesia-de-interamerica-gracias-a-iniciativa-de-cinco-anos\/#primaryimage"},"thumbnailUrl":"https:\/\/interamerica.org\/wp-content\/uploads\/2017\/06\/VOM-baptized300.png","articleSection":["Desde la sede","RSS Espa\u00f1ol"],"inLanguage":"es"},{"@type":"WebPage","@id":"https:\/\/interamerica.org\/es\/2015\/04\/mas-de-un-millon-de-miembros-se-une-a-la-iglesia-de-interamerica-gracias-a-iniciativa-de-cinco-anos\/","url":"https:\/\/interamerica.org\/es\/2015\/04\/mas-de-un-millon-de-miembros-se-une-a-la-iglesia-de-interamerica-gracias-a-iniciativa-de-cinco-anos\/","name":"M\u00e1s de un mill\u00f3n de miembros se une a la iglesia de Interam\u00e9rica gracias a iniciativa de cinco a\u00f1os - Iglesia Adventista del S\u00e9ptimo D\u00eda - Divisi\u00f3n Interamericana","isPartOf":{"@id":"https:\/\/interamerica.org\/es\/#website"},"primaryImageOfPage":{"@id":"https:\/\/interamerica.org\/es\/2015\/04\/mas-de-un-millon-de-miembros-se-une-a-la-iglesia-de-interamerica-gracias-a-iniciativa-de-cinco-anos\/#primaryimage"},"image":{"@id":"https:\/\/interamerica.org\/es\/2015\/04\/mas-de-un-millon-de-miembros-se-une-a-la-iglesia-de-interamerica-gracias-a-iniciativa-de-cinco-anos\/#primaryimage"},"thumbnailUrl":"https:\/\/interamerica.org\/wp-content\/uploads\/2017\/06\/VOM-baptized300.png","datePublished":"2015-04-06T04:00:00+00:00","author":{"@id":"https:\/\/interamerica.org\/es\/#\/schema\/person\/68ede8bdc292885bb76c1e3810e73c39"},"breadcrumb":{"@id":"https:\/\/interamerica.org\/es\/2015\/04\/mas-de-un-millon-de-miembros-se-une-a-la-iglesia-de-interamerica-gracias-a-iniciativa-de-cinco-anos\/#breadcrumb"},"inLanguage":"es","potentialAction":[{"@type":"ReadAction","target":["https:\/\/interamerica.org\/es\/2015\/04\/mas-de-un-millon-de-miembros-se-une-a-la-iglesia-de-interamerica-gracias-a-iniciativa-de-cinco-anos\/"]}]},{"@type":"ImageObject","inLanguage":"es","@id":"https:\/\/interamerica.org\/es\/2015\/04\/mas-de-un-millon-de-miembros-se-une-a-la-iglesia-de-interamerica-gracias-a-iniciativa-de-cinco-anos\/#primaryimage","url":"https:\/\/interamerica.org\/wp-content\/uploads\/2017\/06\/VOM-baptized300.png","contentUrl":"https:\/\/interamerica.org\/wp-content\/uploads\/2017\/06\/VOM-baptized300.png","width":300,"height":202},{"@type":"BreadcrumbList","@id":"https:\/\/interamerica.org\/es\/2015\/04\/mas-de-un-millon-de-miembros-se-une-a-la-iglesia-de-interamerica-gracias-a-iniciativa-de-cinco-anos\/#breadcrumb","itemListElement":[{"@type":"ListItem","position":1,"name":"Home","item":"https:\/\/interamerica.org\/es\/"},{"@type":"ListItem","position":2,"name":"M\u00e1s de un mill\u00f3n de miembros se une a la iglesia de Interam\u00e9rica gracias a iniciativa de cinco a\u00f1os"}]},{"@type":"WebSite","@id":"https:\/\/interamerica.org\/es\/#website","url":"https:\/\/interamerica.org\/es\/","name":"Iglesia Adventista del S\u00e9ptimo D\u00eda - Divisi\u00f3n Interamericana","description":"","potentialAction":[{"@type":"SearchAction","target":{"@type":"EntryPoint","urlTemplate":"https:\/\/interamerica.org\/es\/?s={search_term_string}"},"query-input":{"@type":"PropertyValueSpecification","valueRequired":true,"valueName":"search_term_string"}}],"inLanguage":"es"},{"@type":"Person","@id":"https:\/\/interamerica.org\/es\/#\/schema\/person\/68ede8bdc292885bb76c1e3810e73c39","name":"Lorenzo Verduzco","image":{"@type":"ImageObject","inLanguage":"es","@id":"https:\/\/secure.gravatar.com\/avatar\/fb81a55b6218459490a9c1dc841a34909185b81904c5337b4b27f7a6fd60c49e?s=96&d=mm&r=g","url":"https:\/\/secure.gravatar.com\/avatar\/fb81a55b6218459490a9c1dc841a34909185b81904c5337b4b27f7a6fd60c49e?s=96&d=mm&r=g","contentUrl":"https:\/\/secure.gravatar.com\/avatar\/fb81a55b6218459490a9c1dc841a34909185b81904c5337b4b27f7a6fd60c49e?s=96&d=mm&r=g","caption":"Lorenzo Verduzco"}}]}},"_links":{"self":[{"href":"https:\/\/interamerica.org\/es\/wp-json\/wp\/v2\/posts\/30788","targetHints":{"allow":["GET"]}}],"collection":[{"href":"https:\/\/interamerica.org\/es\/wp-json\/wp\/v2\/posts"}],"about":[{"href":"https:\/\/interamerica.org\/es\/wp-json\/wp\/v2\/types\/post"}],"author":[{"embeddable":true,"href":"https:\/\/interamerica.org\/es\/wp-json\/wp\/v2\/users\/1"}],"replies":[{"embeddable":true,"href":"https:\/\/interamerica.org\/es\/wp-json\/wp\/v2\/comments?post=30788"}],"version-history":[{"count":0,"href":"https:\/\/interamerica.org\/es\/wp-json\/wp\/v2\/posts\/30788\/revisions"}],"wp:featuredmedia":[{"embeddable":true,"href":"https:\/\/interamerica.org\/es\/wp-json\/wp\/v2\/media\/24919"}],"wp:attachment":[{"href":"https:\/\/interamerica.org\/es\/wp-json\/wp\/v2\/media?parent=30788"}],"wp:term":[{"taxonomy":"category","embeddable":true,"href":"https:\/\/interamerica.org\/es\/wp-json\/wp\/v2\/categories?post=30788"},{"taxonomy":"post_tag","embeddable":true,"href":"https:\/\/interamerica.org\/es\/wp-json\/wp\/v2\/tags?post=30788"}],"curies":[{"name":"wp","href":"https:\/\/api.w.org\/{rel}","templated":true}]}}