{"id":30789,"date":"2015-04-07T00:00:00","date_gmt":"2015-04-07T04:00:00","guid":{"rendered":"http:\/\/192.81.217.108\/interamerica\/2015\/04\/presidente-de-la-iglesia-adventista-celebra-su-pimera-reunion-con-alto-directivo-de-la-onu\/"},"modified":"2015-04-07T00:00:00","modified_gmt":"2015-04-07T04:00:00","slug":"presidente-de-la-iglesia-adventista-celebra-su-pimera-reunion-con-alto-directivo-de-la-onu","status":"publish","type":"post","link":"https:\/\/interamerica.org\/es\/2015\/04\/presidente-de-la-iglesia-adventista-celebra-su-pimera-reunion-con-alto-directivo-de-la-onu\/","title":{"rendered":"Presidente de la Iglesia Adventista celebra su pimera reuni\u00f3n con alto directivo de la ONU"},"content":{"rendered":"<div id=\"attachment_16251\" style=\"width: 610px\" class=\"wp-caption aligncenter\"><a href=\"\/interamerica\/wp-content\/uploads\/2017\/06\/627787.11.jpg\" rel=\"fancybox\" title=\"Presidente de la Iglesia Adventista celebra su pimera reuni\u00f3n con alto directivo de la ONU\"><img fetchpriority=\"high\" decoding=\"async\" aria-describedby=\"caption-attachment-16251\" class=\"wp-image-16251 \" src=\"\/interamerica\/wp-content\/uploads\/2017\/06\/627787.11.jpg\" alt=\"\" width=\"600\" height=\"300\" \/><\/a><p id=\"caption-attachment-16251\" class=\"wp-caption-text\">El Secretario General de la ONU, Ban Ki-moon, posa junto al presidente de la Iglesia Adventista mundial, Ted N.C. Wilson, el lunes 6 de abril. Imagen por Evan Schneider\/UN<\/p><\/div>\n<p>7 de abril de 2015 | Ciudad de Nueva York, Estados Unidos | Andrew McChesney, director de noticias de Adventist Review<\/p>\n<p>El Secretario General de las Naciones Unidas, Ban Ki-moon, expres\u00f3 su preocupaci\u00f3n por la mundialmente creciente intolerancia religiosa, durante una reuni\u00f3n privada con el presidente mundial de la Iglesia Adventista, Ted N.C. Wilson, e inst\u00f3 a la Iglesia Adventista del S\u00e9ptimo D\u00eda a trabajar en conjunto con la ONU ayudando a las personas.<\/p>\n<p>Ted Wilson, primer presidente de la Iglesia Adventista que se re\u00fane con un alto jefe de las Naciones Unidas, hizo notar que la iglesia ha apoyado por mucho tiempo la libertad religiosa y dijo que estaba dispuesto a participar en iniciativas que sigan el ejemplo del ministerio de Cristo ayudando a la gente en forma f\u00edsica, mental, social y espiritual.<\/p>\n<p>Ganoune Diop, director asociado del departamento de asuntos p\u00fablicos y libertad religiosa de la iglesia adventista mundial, quien asisti\u00f3 a la reuni\u00f3n, dijo que su departamento toma seriamente las palabras de Jes\u00fas de ser la \u201csal de la tierra\u201d y la \u201cluz del mundo\u201d, registradas en Mateo 5:13, 14.<\/p>\n<p>Dijo adem\u00e1s: \u201cSus representantes se relacionan con los l\u00edderes pol\u00edticos y religiosos en cada pa\u00eds sin perder o comprometer la identidad adventista distintiva\u201d.<\/p>\n<p>El Secretario Ban Ki-moon se reuni\u00f3 con el presidente Wilson, G. Diop, y John Graz, director del departamento de asuntos p\u00fablicos y libertad religiosa, a las 12:10 p.m. del lunes, en una sesi\u00f3n de 45 minutos en su oficina del edificio de las Naciones Unidas, en la ciudad de Nueva York.<\/p>\n<p>La reuni\u00f3n fue concertada a trav\u00e9s de la intervenci\u00f3n personal del Embajador Joseph Verner Reed, decano de los subsecretarios generales de la ONU y amigo de los adventistas del s\u00e9ptimo d\u00eda, quien se mantuvo en contacto regular con G. Diop para convertir esta reuni\u00f3n en una realidad, inform\u00f3 el mismo G. Diop.<\/p>\n<p>\u201cFue un verdadero privilegio conocer al secretario general y escuchar su apelaci\u00f3n de ayuda en favor de la humanidad\u201d, dijo el presidente Wilson a la Adventist Review (Revista Adventista).<\/p>\n<p>\u201cLos adventistas del s\u00e9ptimo d\u00eda debemos estar listos para testificar en favor del Se\u00f1or dondequiera que vayamos y dar testimonio acerca de la bendici\u00f3n de Dios en nuestra vida y de lo que podemos hacer en su nombre\u201d, dijo. \u201cEl mundo est\u00e1 a la expectativa de este tipo de testimonio inspirado por el cielo, con claras respuestas a los problemas actuales\u201d.<\/p>\n<p>Ban Ki-moon se refiri\u00f3 a asuntos globales tales como la pobreza y la falta de educaci\u00f3n, antes de expresar su preocupaci\u00f3n acerca de la intolerancia religiosa que est\u00e1 alcanzando globalmente niveles sin precedente. Apenas la semana pasada un grupo militante islamista mat\u00f3 a 148 personas en un ataque a cristianos en una universidad en Kenia. En meses recientes, IS y otras organizaciones extremistas en Irak, Siria, Nigeria, Libia y otros lugares, han hecho blanco de los cristianos y otros grupos religiosos, usando frecuentemente de violencia mortal.<\/p>\n<p>Subray\u00f3 tambi\u00e9n su creencia de que la gente debe cultivar respeto por todos los seres humanos, incluyendo aquellos de otras religiones. Indic\u00f3 adem\u00e1s que apreciaba la labor de la Iglesia Adventista al promover la libertad religiosa, as\u00ed como la educaci\u00f3n, la salud y la labor humanitaria a trav\u00e9s de ADRA, la Agencia Adventista de Desarrollo y Recursos Asistenciales. ADRA ha trabajado con la ONU ayudando a los refugiados en el Oriente Medio y en muchas otras partes.<br \/>\nEl presidente Wilson le agradeci\u00f3 al secretario general Ban Ki-moon por la reuni\u00f3n y le habl\u00f3 de varias iniciativas de la iglesia coincidentes con la misi\u00f3n de las Naciones Unidas de ayudar a la gente.<\/p>\n<p>\u201cTuvimos una excelente reuni\u00f3n con el secretario general y algunos miembros de su personal, d\u00e1ndoles a conocer ciertas cosas en las que la Iglesia Adventista puede ayudar, tales como libertad religiosa, libertad de conciencia, valores \u00e9ticos y espirituales, respeto por la dignidad humana, orientaci\u00f3n familiar, aliento a los j\u00f3venes y necesidades humanas b\u00e1sicas, tales como agua pura y educaci\u00f3n b\u00e1sica\u201d.<\/p>\n<p>Y a\u00f1adi\u00f3 el Pastor Wilson: \u201cSolamente si somos guiados por el Se\u00f1or podremos realmente ser eficaces al acercarnos al mundo, preparando a las personas para la pronta venida de Cristo y llevando a cabo el ministerio pr\u00e1ctico de Jes\u00fas a trav\u00e9s del poder del Esp\u00edritu Santo\u201d.<\/p>\n<p>Muy temprano el lunes, el secretario Ki-moon entabl\u00f3 conversaciones con el presidente de Tanzania, Jakaya Kikwete, a quien el presidente Wilson conoci\u00f3 incidentalmente durante una vista a este pa\u00eds del Este africano, en el mes de febrero.<\/p>\n<p>En la reuni\u00f3n con el presidente Wilson, John Graz dio un breve informe acerca de los congresos m\u00e1s importantes organizados por la Asociaci\u00f3n Internacional de Libertad Religiosa afiliada a la iglesia y que promueve la libertad religiosa, y del fuerte apoyo por parte de la iglesia, al Art\u00edculo 18 de la Declaraci\u00f3n Universal de los Derechos Humanos, que dice que toda persona tiene el derecho de \u201ccambiar de religi\u00f3n o de creencia\u201d.<\/p>\n<p>John Graz, secretario general de la Asociaci\u00f3n Internacional de Libertad Religiosa, dijo que le animaba el hecho de observar la preocupaci\u00f3n del secretario general de la ONU respecto a la intolerancia religiosa y su deseo de ver a las personas de buena voluntad trabajando juntas en pro de la justicia y la libertad.<\/p>\n<p>\u201cFue una reuni\u00f3n hist\u00f3rica entre el secretario general de la ONU y el presidente de la Iglesia Adventista del S\u00e9ptimo D\u00eda, acerca del estado del mundo y de la manera en que podemos ayudar a la gente que vive en ambientes muy dif\u00edciles\u201d, dijo el secretario Graz.<\/p>\n<p>\u201cComo disc\u00edpulos de Jes\u00fas, deseamos ayudar a la gente y especialmente a aquellos que no tienen voz y voto, los discriminados y los perseguidos\u201d, dijo. \u201cEn este sentido, compartimos los valores esenciales de la ONU\u201d.<\/p>\n<p>Ganoune Diop dijo que vio tambi\u00e9n formas en que la iglesia y la ONU podr\u00edan cooperar, particularmente en la erradicaci\u00f3n de la pobreza y en la promoci\u00f3n de la educaci\u00f3n y los servicios de cuidados de salud.<br \/>\n\u201cLos impresionantes objetivos y logros de servicio de la Iglesia Adventista en favor de toda la familia humana son extraordinariamente afines a los Objetivos de Desarrollo del Milenio y a los Objetivos de Desarrollo Sostenible de la ONU\u201d, dijo en una declaraci\u00f3n.<\/p>\n","protected":false},"excerpt":{"rendered":"<p>El Secretario General de las Naciones Unidas, Ban Ki-moon, expres\u00f3 su preocupaci\u00f3n por la mundialmente creciente intolerancia religiosa, durante una reuni\u00f3n privada con el presidente mundial de la Iglesia Adventista,  Ted N.C. Wilson, e inst\u00f3 a la Iglesia Adventista del S\u00e9ptimo D\u00eda a trabajar en conjunto con la ONU ayudando a las personas.<\/p>\n","protected":false},"author":1,"featured_media":24953,"comment_status":"closed","ping_status":"closed","sticky":false,"template":"","format":"standard","meta":{"_acf_changed":false,"footnotes":""},"categories":[14,15],"tags":[],"class_list":["post-30789","post","type-post","status-publish","format-standard","has-post-thumbnail","hentry","category-de-la-iglesia-mundial","category-rss-espanol"],"acf":[],"yoast_head":"<!-- This site is optimized with the Yoast SEO plugin v27.3 - https:\/\/yoast.com\/product\/yoast-seo-wordpress\/ -->\n<title>Presidente de la Iglesia Adventista celebra su pimera reuni\u00f3n con alto directivo de la ONU - Iglesia Adventista del S\u00e9ptimo D\u00eda - Divisi\u00f3n Interamericana<\/title>\n<meta name=\"robots\" content=\"index, follow, max-snippet:-1, max-image-preview:large, max-video-preview:-1\" \/>\n<link rel=\"canonical\" href=\"https:\/\/interamerica.org\/es\/2015\/04\/presidente-de-la-iglesia-adventista-celebra-su-pimera-reunion-con-alto-directivo-de-la-onu\/\" \/>\n<meta property=\"og:locale\" content=\"es_ES\" \/>\n<meta property=\"og:type\" content=\"article\" \/>\n<meta property=\"og:title\" content=\"Presidente de la Iglesia Adventista celebra su pimera reuni\u00f3n con alto directivo de la ONU - Iglesia Adventista del S\u00e9ptimo D\u00eda - Divisi\u00f3n Interamericana\" \/>\n<meta property=\"og:description\" content=\"El Secretario General de las Naciones Unidas, Ban Ki-moon, expres\u00f3 su preocupaci\u00f3n por la mundialmente creciente intolerancia religiosa, durante una reuni\u00f3n privada con el presidente mundial de la Iglesia Adventista, Ted N.C. Wilson, e inst\u00f3 a la Iglesia Adventista del S\u00e9ptimo D\u00eda a trabajar en conjunto con la ONU ayudando a las personas.\" \/>\n<meta property=\"og:url\" content=\"https:\/\/interamerica.org\/es\/2015\/04\/presidente-de-la-iglesia-adventista-celebra-su-pimera-reunion-con-alto-directivo-de-la-onu\/\" \/>\n<meta property=\"og:site_name\" content=\"Iglesia Adventista del S\u00e9ptimo D\u00eda - Divisi\u00f3n Interamericana\" \/>\n<meta property=\"article:published_time\" content=\"2015-04-07T04:00:00+00:00\" \/>\n<meta property=\"og:image\" content=\"https:\/\/interamerica.org\/wp-content\/uploads\/2017\/06\/627787.11.jpg\" \/>\n\t<meta property=\"og:image:width\" content=\"1000\" \/>\n\t<meta property=\"og:image:height\" content=\"500\" \/>\n\t<meta property=\"og:image:type\" content=\"image\/jpeg\" \/>\n<meta name=\"author\" content=\"Lorenzo Verduzco\" \/>\n<meta name=\"twitter:card\" content=\"summary_large_image\" \/>\n<meta name=\"twitter:label1\" content=\"Escrito por\" \/>\n\t<meta name=\"twitter:data1\" content=\"Lorenzo Verduzco\" \/>\n\t<meta name=\"twitter:label2\" content=\"Tiempo de lectura\" \/>\n\t<meta name=\"twitter:data2\" content=\"6 minutos\" \/>\n<script type=\"application\/ld+json\" class=\"yoast-schema-graph\">{\"@context\":\"https:\\\/\\\/schema.org\",\"@graph\":[{\"@type\":\"Article\",\"@id\":\"https:\\\/\\\/interamerica.org\\\/es\\\/2015\\\/04\\\/presidente-de-la-iglesia-adventista-celebra-su-pimera-reunion-con-alto-directivo-de-la-onu\\\/#article\",\"isPartOf\":{\"@id\":\"https:\\\/\\\/interamerica.org\\\/es\\\/2015\\\/04\\\/presidente-de-la-iglesia-adventista-celebra-su-pimera-reunion-con-alto-directivo-de-la-onu\\\/\"},\"author\":{\"name\":\"Lorenzo Verduzco\",\"@id\":\"https:\\\/\\\/interamerica.org\\\/es\\\/#\\\/schema\\\/person\\\/68ede8bdc292885bb76c1e3810e73c39\"},\"headline\":\"Presidente de la Iglesia Adventista celebra su pimera reuni\u00f3n con alto directivo de la ONU\",\"datePublished\":\"2015-04-07T04:00:00+00:00\",\"mainEntityOfPage\":{\"@id\":\"https:\\\/\\\/interamerica.org\\\/es\\\/2015\\\/04\\\/presidente-de-la-iglesia-adventista-celebra-su-pimera-reunion-con-alto-directivo-de-la-onu\\\/\"},\"wordCount\":1140,\"image\":{\"@id\":\"https:\\\/\\\/interamerica.org\\\/es\\\/2015\\\/04\\\/presidente-de-la-iglesia-adventista-celebra-su-pimera-reunion-con-alto-directivo-de-la-onu\\\/#primaryimage\"},\"thumbnailUrl\":\"https:\\\/\\\/interamerica.org\\\/wp-content\\\/uploads\\\/2017\\\/06\\\/627787.11.jpg\",\"articleSection\":[\"Desde la iglesia mundial\",\"RSS Espa\u00f1ol\"],\"inLanguage\":\"es\"},{\"@type\":\"WebPage\",\"@id\":\"https:\\\/\\\/interamerica.org\\\/es\\\/2015\\\/04\\\/presidente-de-la-iglesia-adventista-celebra-su-pimera-reunion-con-alto-directivo-de-la-onu\\\/\",\"url\":\"https:\\\/\\\/interamerica.org\\\/es\\\/2015\\\/04\\\/presidente-de-la-iglesia-adventista-celebra-su-pimera-reunion-con-alto-directivo-de-la-onu\\\/\",\"name\":\"Presidente de la Iglesia Adventista celebra su pimera reuni\u00f3n con alto directivo de la ONU - Iglesia Adventista del S\u00e9ptimo D\u00eda - Divisi\u00f3n Interamericana\",\"isPartOf\":{\"@id\":\"https:\\\/\\\/interamerica.org\\\/es\\\/#website\"},\"primaryImageOfPage\":{\"@id\":\"https:\\\/\\\/interamerica.org\\\/es\\\/2015\\\/04\\\/presidente-de-la-iglesia-adventista-celebra-su-pimera-reunion-con-alto-directivo-de-la-onu\\\/#primaryimage\"},\"image\":{\"@id\":\"https:\\\/\\\/interamerica.org\\\/es\\\/2015\\\/04\\\/presidente-de-la-iglesia-adventista-celebra-su-pimera-reunion-con-alto-directivo-de-la-onu\\\/#primaryimage\"},\"thumbnailUrl\":\"https:\\\/\\\/interamerica.org\\\/wp-content\\\/uploads\\\/2017\\\/06\\\/627787.11.jpg\",\"datePublished\":\"2015-04-07T04:00:00+00:00\",\"author\":{\"@id\":\"https:\\\/\\\/interamerica.org\\\/es\\\/#\\\/schema\\\/person\\\/68ede8bdc292885bb76c1e3810e73c39\"},\"breadcrumb\":{\"@id\":\"https:\\\/\\\/interamerica.org\\\/es\\\/2015\\\/04\\\/presidente-de-la-iglesia-adventista-celebra-su-pimera-reunion-con-alto-directivo-de-la-onu\\\/#breadcrumb\"},\"inLanguage\":\"es\",\"potentialAction\":[{\"@type\":\"ReadAction\",\"target\":[\"https:\\\/\\\/interamerica.org\\\/es\\\/2015\\\/04\\\/presidente-de-la-iglesia-adventista-celebra-su-pimera-reunion-con-alto-directivo-de-la-onu\\\/\"]}]},{\"@type\":\"ImageObject\",\"inLanguage\":\"es\",\"@id\":\"https:\\\/\\\/interamerica.org\\\/es\\\/2015\\\/04\\\/presidente-de-la-iglesia-adventista-celebra-su-pimera-reunion-con-alto-directivo-de-la-onu\\\/#primaryimage\",\"url\":\"https:\\\/\\\/interamerica.org\\\/wp-content\\\/uploads\\\/2017\\\/06\\\/627787.11.jpg\",\"contentUrl\":\"https:\\\/\\\/interamerica.org\\\/wp-content\\\/uploads\\\/2017\\\/06\\\/627787.11.jpg\",\"width\":1000,\"height\":500},{\"@type\":\"BreadcrumbList\",\"@id\":\"https:\\\/\\\/interamerica.org\\\/es\\\/2015\\\/04\\\/presidente-de-la-iglesia-adventista-celebra-su-pimera-reunion-con-alto-directivo-de-la-onu\\\/#breadcrumb\",\"itemListElement\":[{\"@type\":\"ListItem\",\"position\":1,\"name\":\"Home\",\"item\":\"https:\\\/\\\/interamerica.org\\\/es\\\/\"},{\"@type\":\"ListItem\",\"position\":2,\"name\":\"Presidente de la Iglesia Adventista celebra su pimera reuni\u00f3n con alto directivo de la ONU\"}]},{\"@type\":\"WebSite\",\"@id\":\"https:\\\/\\\/interamerica.org\\\/es\\\/#website\",\"url\":\"https:\\\/\\\/interamerica.org\\\/es\\\/\",\"name\":\"Iglesia Adventista del S\u00e9ptimo D\u00eda - Divisi\u00f3n Interamericana\",\"description\":\"\",\"potentialAction\":[{\"@type\":\"SearchAction\",\"target\":{\"@type\":\"EntryPoint\",\"urlTemplate\":\"https:\\\/\\\/interamerica.org\\\/es\\\/?s={search_term_string}\"},\"query-input\":{\"@type\":\"PropertyValueSpecification\",\"valueRequired\":true,\"valueName\":\"search_term_string\"}}],\"inLanguage\":\"es\"},{\"@type\":\"Person\",\"@id\":\"https:\\\/\\\/interamerica.org\\\/es\\\/#\\\/schema\\\/person\\\/68ede8bdc292885bb76c1e3810e73c39\",\"name\":\"Lorenzo Verduzco\",\"image\":{\"@type\":\"ImageObject\",\"inLanguage\":\"es\",\"@id\":\"https:\\\/\\\/secure.gravatar.com\\\/avatar\\\/fb81a55b6218459490a9c1dc841a34909185b81904c5337b4b27f7a6fd60c49e?s=96&d=mm&r=g\",\"url\":\"https:\\\/\\\/secure.gravatar.com\\\/avatar\\\/fb81a55b6218459490a9c1dc841a34909185b81904c5337b4b27f7a6fd60c49e?s=96&d=mm&r=g\",\"contentUrl\":\"https:\\\/\\\/secure.gravatar.com\\\/avatar\\\/fb81a55b6218459490a9c1dc841a34909185b81904c5337b4b27f7a6fd60c49e?s=96&d=mm&r=g\",\"caption\":\"Lorenzo Verduzco\"}}]}<\/script>\n<!-- \/ Yoast SEO plugin. -->","yoast_head_json":{"title":"Presidente de la Iglesia Adventista celebra su pimera reuni\u00f3n con alto directivo de la ONU - Iglesia Adventista del S\u00e9ptimo D\u00eda - Divisi\u00f3n Interamericana","robots":{"index":"index","follow":"follow","max-snippet":"max-snippet:-1","max-image-preview":"max-image-preview:large","max-video-preview":"max-video-preview:-1"},"canonical":"https:\/\/interamerica.org\/es\/2015\/04\/presidente-de-la-iglesia-adventista-celebra-su-pimera-reunion-con-alto-directivo-de-la-onu\/","og_locale":"es_ES","og_type":"article","og_title":"Presidente de la Iglesia Adventista celebra su pimera reuni\u00f3n con alto directivo de la ONU - Iglesia Adventista del S\u00e9ptimo D\u00eda - Divisi\u00f3n Interamericana","og_description":"El Secretario General de las Naciones Unidas, Ban Ki-moon, expres\u00f3 su preocupaci\u00f3n por la mundialmente creciente intolerancia religiosa, durante una reuni\u00f3n privada con el presidente mundial de la Iglesia Adventista, Ted N.C. Wilson, e inst\u00f3 a la Iglesia Adventista del S\u00e9ptimo D\u00eda a trabajar en conjunto con la ONU ayudando a las personas.","og_url":"https:\/\/interamerica.org\/es\/2015\/04\/presidente-de-la-iglesia-adventista-celebra-su-pimera-reunion-con-alto-directivo-de-la-onu\/","og_site_name":"Iglesia Adventista del S\u00e9ptimo D\u00eda - Divisi\u00f3n Interamericana","article_published_time":"2015-04-07T04:00:00+00:00","og_image":[{"width":1000,"height":500,"url":"https:\/\/interamerica.org\/wp-content\/uploads\/2017\/06\/627787.11.jpg","type":"image\/jpeg"}],"author":"Lorenzo Verduzco","twitter_card":"summary_large_image","twitter_misc":{"Escrito por":"Lorenzo Verduzco","Tiempo de lectura":"6 minutos"},"schema":{"@context":"https:\/\/schema.org","@graph":[{"@type":"Article","@id":"https:\/\/interamerica.org\/es\/2015\/04\/presidente-de-la-iglesia-adventista-celebra-su-pimera-reunion-con-alto-directivo-de-la-onu\/#article","isPartOf":{"@id":"https:\/\/interamerica.org\/es\/2015\/04\/presidente-de-la-iglesia-adventista-celebra-su-pimera-reunion-con-alto-directivo-de-la-onu\/"},"author":{"name":"Lorenzo Verduzco","@id":"https:\/\/interamerica.org\/es\/#\/schema\/person\/68ede8bdc292885bb76c1e3810e73c39"},"headline":"Presidente de la Iglesia Adventista celebra su pimera reuni\u00f3n con alto directivo de la ONU","datePublished":"2015-04-07T04:00:00+00:00","mainEntityOfPage":{"@id":"https:\/\/interamerica.org\/es\/2015\/04\/presidente-de-la-iglesia-adventista-celebra-su-pimera-reunion-con-alto-directivo-de-la-onu\/"},"wordCount":1140,"image":{"@id":"https:\/\/interamerica.org\/es\/2015\/04\/presidente-de-la-iglesia-adventista-celebra-su-pimera-reunion-con-alto-directivo-de-la-onu\/#primaryimage"},"thumbnailUrl":"https:\/\/interamerica.org\/wp-content\/uploads\/2017\/06\/627787.11.jpg","articleSection":["Desde la iglesia mundial","RSS Espa\u00f1ol"],"inLanguage":"es"},{"@type":"WebPage","@id":"https:\/\/interamerica.org\/es\/2015\/04\/presidente-de-la-iglesia-adventista-celebra-su-pimera-reunion-con-alto-directivo-de-la-onu\/","url":"https:\/\/interamerica.org\/es\/2015\/04\/presidente-de-la-iglesia-adventista-celebra-su-pimera-reunion-con-alto-directivo-de-la-onu\/","name":"Presidente de la Iglesia Adventista celebra su pimera reuni\u00f3n con alto directivo de la ONU - Iglesia Adventista del S\u00e9ptimo D\u00eda - Divisi\u00f3n Interamericana","isPartOf":{"@id":"https:\/\/interamerica.org\/es\/#website"},"primaryImageOfPage":{"@id":"https:\/\/interamerica.org\/es\/2015\/04\/presidente-de-la-iglesia-adventista-celebra-su-pimera-reunion-con-alto-directivo-de-la-onu\/#primaryimage"},"image":{"@id":"https:\/\/interamerica.org\/es\/2015\/04\/presidente-de-la-iglesia-adventista-celebra-su-pimera-reunion-con-alto-directivo-de-la-onu\/#primaryimage"},"thumbnailUrl":"https:\/\/interamerica.org\/wp-content\/uploads\/2017\/06\/627787.11.jpg","datePublished":"2015-04-07T04:00:00+00:00","author":{"@id":"https:\/\/interamerica.org\/es\/#\/schema\/person\/68ede8bdc292885bb76c1e3810e73c39"},"breadcrumb":{"@id":"https:\/\/interamerica.org\/es\/2015\/04\/presidente-de-la-iglesia-adventista-celebra-su-pimera-reunion-con-alto-directivo-de-la-onu\/#breadcrumb"},"inLanguage":"es","potentialAction":[{"@type":"ReadAction","target":["https:\/\/interamerica.org\/es\/2015\/04\/presidente-de-la-iglesia-adventista-celebra-su-pimera-reunion-con-alto-directivo-de-la-onu\/"]}]},{"@type":"ImageObject","inLanguage":"es","@id":"https:\/\/interamerica.org\/es\/2015\/04\/presidente-de-la-iglesia-adventista-celebra-su-pimera-reunion-con-alto-directivo-de-la-onu\/#primaryimage","url":"https:\/\/interamerica.org\/wp-content\/uploads\/2017\/06\/627787.11.jpg","contentUrl":"https:\/\/interamerica.org\/wp-content\/uploads\/2017\/06\/627787.11.jpg","width":1000,"height":500},{"@type":"BreadcrumbList","@id":"https:\/\/interamerica.org\/es\/2015\/04\/presidente-de-la-iglesia-adventista-celebra-su-pimera-reunion-con-alto-directivo-de-la-onu\/#breadcrumb","itemListElement":[{"@type":"ListItem","position":1,"name":"Home","item":"https:\/\/interamerica.org\/es\/"},{"@type":"ListItem","position":2,"name":"Presidente de la Iglesia Adventista celebra su pimera reuni\u00f3n con alto directivo de la ONU"}]},{"@type":"WebSite","@id":"https:\/\/interamerica.org\/es\/#website","url":"https:\/\/interamerica.org\/es\/","name":"Iglesia Adventista del S\u00e9ptimo D\u00eda - Divisi\u00f3n Interamericana","description":"","potentialAction":[{"@type":"SearchAction","target":{"@type":"EntryPoint","urlTemplate":"https:\/\/interamerica.org\/es\/?s={search_term_string}"},"query-input":{"@type":"PropertyValueSpecification","valueRequired":true,"valueName":"search_term_string"}}],"inLanguage":"es"},{"@type":"Person","@id":"https:\/\/interamerica.org\/es\/#\/schema\/person\/68ede8bdc292885bb76c1e3810e73c39","name":"Lorenzo Verduzco","image":{"@type":"ImageObject","inLanguage":"es","@id":"https:\/\/secure.gravatar.com\/avatar\/fb81a55b6218459490a9c1dc841a34909185b81904c5337b4b27f7a6fd60c49e?s=96&d=mm&r=g","url":"https:\/\/secure.gravatar.com\/avatar\/fb81a55b6218459490a9c1dc841a34909185b81904c5337b4b27f7a6fd60c49e?s=96&d=mm&r=g","contentUrl":"https:\/\/secure.gravatar.com\/avatar\/fb81a55b6218459490a9c1dc841a34909185b81904c5337b4b27f7a6fd60c49e?s=96&d=mm&r=g","caption":"Lorenzo Verduzco"}}]}},"_links":{"self":[{"href":"https:\/\/interamerica.org\/es\/wp-json\/wp\/v2\/posts\/30789","targetHints":{"allow":["GET"]}}],"collection":[{"href":"https:\/\/interamerica.org\/es\/wp-json\/wp\/v2\/posts"}],"about":[{"href":"https:\/\/interamerica.org\/es\/wp-json\/wp\/v2\/types\/post"}],"author":[{"embeddable":true,"href":"https:\/\/interamerica.org\/es\/wp-json\/wp\/v2\/users\/1"}],"replies":[{"embeddable":true,"href":"https:\/\/interamerica.org\/es\/wp-json\/wp\/v2\/comments?post=30789"}],"version-history":[{"count":0,"href":"https:\/\/interamerica.org\/es\/wp-json\/wp\/v2\/posts\/30789\/revisions"}],"wp:featuredmedia":[{"embeddable":true,"href":"https:\/\/interamerica.org\/es\/wp-json\/wp\/v2\/media\/24953"}],"wp:attachment":[{"href":"https:\/\/interamerica.org\/es\/wp-json\/wp\/v2\/media?parent=30789"}],"wp:term":[{"taxonomy":"category","embeddable":true,"href":"https:\/\/interamerica.org\/es\/wp-json\/wp\/v2\/categories?post=30789"},{"taxonomy":"post_tag","embeddable":true,"href":"https:\/\/interamerica.org\/es\/wp-json\/wp\/v2\/tags?post=30789"}],"curies":[{"name":"wp","href":"https:\/\/api.w.org\/{rel}","templated":true}]}}