{"id":30790,"date":"2015-04-09T00:00:00","date_gmt":"2015-04-09T04:00:00","guid":{"rendered":"http:\/\/192.81.217.108\/interamerica\/2015\/04\/miles-hacen-fila-para-recibir-atencion-medica-adventista-gratuita-en-san-antonio\/"},"modified":"2015-04-09T00:00:00","modified_gmt":"2015-04-09T04:00:00","slug":"miles-hacen-fila-para-recibir-atencion-medica-adventista-gratuita-en-san-antonio","status":"publish","type":"post","link":"https:\/\/interamerica.org\/es\/2015\/04\/miles-hacen-fila-para-recibir-atencion-medica-adventista-gratuita-en-san-antonio\/","title":{"rendered":"Miles hacen fila para recibir atenci\u00f3n m\u00e9dica adventista gratuita en San Antonio"},"content":{"rendered":"<div id=\"attachment_16270\" style=\"width: 710px\" class=\"wp-caption aligncenter\"><a href=\"\/interamerica\/wp-content\/uploads\/2017\/06\/16891757129_7043a5f4f2_k-1.jpg\" rel=\"fancybox\" title=\"Miles hacen fila para recibir atenci\u00f3n m\u00e9dica adventista gratuita en San Antonio\"><img fetchpriority=\"high\" decoding=\"async\" aria-describedby=\"caption-attachment-16270\" class=\" wp-image-16270 \" src=\"\/interamerica\/wp-content\/uploads\/2017\/06\/16891757129_7043a5f4f2_k-1.jpg\" alt=\"\" width=\"700\" height=\"350\" \/><\/a><p id=\"caption-attachment-16270\" class=\"wp-caption-text\">La gente aguarda para ingresar al Alamodome en San Antonio, Texas, Estados Unidos, para recibir tratamientos m\u00e9dicos gratuitos el pasado mi\u00e9rcoles 8 de abril. Im\u00e1genes de James Bokovoy\/DNA<\/p><\/div>\n<p>8 de abril de 2015 | San Antonio, Texas, Estados Unidos | Andrew McChesney, editor de noticias, Adventist Review<\/p>\n<p>Decenas de personas hicieron cola durante la noche fuera de un estadio de San Antonio para recibir atenci\u00f3n m\u00e9dica y odontol\u00f3gica gratuita por un valor de unos diez millones de d\u00f3lares que profesionales adventistas de salud esperan dar a seis mil personas durante los pr\u00f3ximos tres d\u00edas.<\/p>\n<div id=\"attachment_16271\" style=\"width: 310px\" class=\"wp-caption alignleft\"><a href=\"\/interamerica\/wp-content\/uploads\/2017\/06\/16891757229_6d530141ec_k.jpg\" rel=\"fancybox\" title=\"Miles hacen fila para recibir atenci\u00f3n m\u00e9dica adventista gratuita en San Antonio\"><img decoding=\"async\" aria-describedby=\"caption-attachment-16271\" class=\"size-medium wp-image-16271\" src=\"\/interamerica\/wp-content\/uploads\/2017\/06\/16891757229_6d530141ec_k-300x199.jpg\" alt=\"\" width=\"300\" height=\"199\" \/><\/a><p id=\"caption-attachment-16271\" class=\"wp-caption-text\">Un paciente recibe tratamiento odontol\u00f3gico.<\/p><\/div>\n<p>Entre dos mil a tres mil personas estaban aguardando en la cola cuando se abrieron las puertas del Alamodome a las 7.00 del mi\u00e9rcoles, dijo Daniel Weber, director de comunicaciones de la Divisi\u00f3n Norteamericana de la Iglesia Adventista, uno de los organizadores del evento.<\/p>\n<p>\u00abCamin\u00e9 a lo largo de la cola cuando faltaban diez minutos para las 7.00, y se ve\u00eda que la fila rodeaba el estadio, y esto solo para los servicios odontol\u00f3gicos\u00bb, dijo Weber.<\/p>\n<p>Se hicieron dos filas, una para los servicios odontol\u00f3gicos y otra para servicios m\u00e9dicos. Weber dijo que la primera de ellas era bastante m\u00e1s larga.<\/p>\n<p>M\u00e1s de 1700 voluntarios trabajaron dentro del estadio, y se puso un tope de dos mil personas que podr\u00edan ser atendidas durante este mi\u00e9rcoles, cont\u00f3 Weber.<\/p>\n<p>La cl\u00ednica gratuita de Texas es unas de las m\u00e1s grandes iniciativas de obra comunitaria de la Iglesia Adventista en 2015. La actividad busca que los residentes de San Antonio conozcan a los adventistas, antes del mayor encuentro administrativo de la iglesia, el Congreso de la Asociaci\u00f3n General, que ser\u00e1 llevado a cabo en el mismo estadio en julio pr\u00f3ximo.<\/p>\n<p>El evento del 8 al 10 de abril ha creado considerable agitaci\u00f3n en la ciudad. Los medios locales han publicado la noticia con titulares tales como \u00abMegacl\u00ednica gratuita de salud se ofrecer\u00e1 en el Alamodome\u00bb (el canal afiliado local de la cadena ABC), y \u00abEl mi\u00e9rcoles comienza cl\u00ednica m\u00e9dica, odontol\u00f3gica y oftalmol\u00f3gica GRATUITA\u00bb (Fox 29).<\/p>\n<p>George Limon, residente de San Antonio, se puso en la cola de servicios odontol\u00f3gicos el mediod\u00eda del martes.<\/p>\n<div id=\"attachment_16273\" style=\"width: 310px\" class=\"wp-caption alignleft\"><a href=\"\/interamerica\/wp-content\/uploads\/2017\/06\/16890429490_2a613c683e_k.jpg\" rel=\"fancybox\" title=\"Miles hacen fila para recibir atenci\u00f3n m\u00e9dica adventista gratuita en San Antonio\"><img decoding=\"async\" aria-describedby=\"caption-attachment-16273\" class=\"size-medium wp-image-16273\" src=\"\/interamerica\/wp-content\/uploads\/2017\/06\/16890429490_2a613c683e_k-300x199.jpg\" alt=\"\" width=\"300\" height=\"199\" \/><\/a><p id=\"caption-attachment-16273\" class=\"wp-caption-text\">Masajistas aplican sus conocimientos a los m\u00fasculos de los interesados.<\/p><\/div>\n<p>\u00abEn realidad, soy el tercero en la fila\u00bb, dijo Limon a la filial local de NBC News. \u00abLo hice para estar delante de los dem\u00e1s\u00bb.<\/p>\n<p>Limon cont\u00f3 que su seguro no cubr\u00eda el tratamiento que necesitaba.<\/p>\n<p>El mi\u00e9rcoles, los dentistas brindaron una amplia gama de servicios, que incluyeron tratamientos de conducto, coronas y empastes. Los doctores y las enfermeras ofrecieron ex\u00e1menes de Papanicolau, servicios de pediatr\u00eda, vacunaci\u00f3n, an\u00e1lisis para descartar enfermedades de transmisi\u00f3n sexual y aun cirug\u00edas generales. En el sitio tambi\u00e9n se ofrecieron cortes de cabello, servicios de capellan\u00eda y comidas gratuitas.<\/p>\n<p>La atenci\u00f3n, que ser\u00e1 ofrecidas desde las 7.00 a las 16.00 del mi\u00e9rcoles y jueves, y de las 7.00 a las 14.00 del viernes, constituyen una forma de tratar a otras personas as\u00ed como lo hizo Cristo, expres\u00f3 Costin Jordache, vocero de \u00abUn mejor camino hacia la salud\u00bb, uno de los coorganizadores del evento, al ser entrevistado por el peri\u00f3dico San Antonio Express News.<\/p>\n<div id=\"attachment_16272\" style=\"width: 310px\" class=\"wp-caption alignright\"><a href=\"\/interamerica\/wp-content\/uploads\/2017\/06\/16455532704_b40d472e18_k.jpg\" rel=\"fancybox\" title=\"Miles hacen fila para recibir atenci\u00f3n m\u00e9dica adventista gratuita en San Antonio\"><img loading=\"lazy\" decoding=\"async\" aria-describedby=\"caption-attachment-16272\" class=\"size-medium wp-image-16272\" src=\"\/interamerica\/wp-content\/uploads\/2017\/06\/16455532704_b40d472e18_k-300x199.jpg\" alt=\"\" width=\"300\" height=\"199\" \/><\/a><p id=\"caption-attachment-16272\" class=\"wp-caption-text\">La gente hace cola alrededor del Alamodome este mi\u00e9rcoles.<\/p><\/div>\n<p>\u00abEn realidad, no hay mejor manera de hacer esto que al extender una mano de sanaci\u00f3n\u00bb, dijo Jordache, quien tambi\u00e9n es vocero de la Asociaci\u00f3n Central de \u00a0California de la Iglesia Adventista.<\/p>\n<p>\u00abEl mejor camino hacia la salud\u00bb, un servicio de Servicios e Industrias de Laicos Adventistas (ASI), organiz\u00f3 una cl\u00ednica gratuita inaugural en las ciudades de Oakland y San Francisco en abril de 2014 que recibi\u00f3 una demanda tan grande que hizo que los voluntarios tuvieran que rechazar gente. Ese evento de tres d\u00edas termin\u00f3 asistiendo a casi tres mil personas, por un valor estimado de 5,2 millones de d\u00f3lares en tratamientos gratuitos.<\/p>\n<p>Jeffery Hardesty, que es obstetra y ginec\u00f3logo de California y est\u00e1 ofreciendo sus servicios como voluntario en San Antonio, dijo que vio una tremenda necesidad de ofrecer la cl\u00ednica gratuita.<\/p>\n<p>\u00abEsta gente necesita ayuda, y est\u00e1n sufriendo. Nosotros tenemos la posibilidad de ayudarlos\u00bb, dijo a NBC.<\/p>\n<p>Los residentes de San Antonio parecen apreciar la cl\u00ednica gratuita; uno de ellos dijo que es un regalo del cielo.<\/p>\n<p>\u00abEsto fue un regalo del cielo; realmente le agradezco a Dios por ello\u00bb, dijo Alicia Rocha, quien el martes realiz\u00f3 una visita prequir\u00fargica al estadio en relaci\u00f3n con dos procedimientos quir\u00fargicos, en comentarios a NBC. \u00abEs maravilloso lo que puede hacer una organizaci\u00f3n religiosa, algo que ni el gobierno ni el seguro m\u00e9dico pueden realmente hacer\u00bb.<\/p>\n<p><em>Traducci\u00f3n de Marcos Paseggi<\/em><\/p>\n","protected":false},"excerpt":{"rendered":"<p>Decenas de personas hicieron cola durante la noche fuera de un estadio de San Antonio para recibir atenci\u00f3n m\u00e9dica y odontol\u00f3gica gratuita por un valor de unos diez millones de d\u00f3lares que profesionales adventistas de salud esperan dar a seis mil personas durante los pr\u00f3ximos tres d\u00edas. <\/p>\n<p>Entre dos mil a tres mil personas estaban aguardando en la cola cuando se abrieron las puertas del Alamodome a las 7.00 del mi\u00e9rcoles, dijo Daniel Weber, director de comunicaciones de la Divisi\u00f3n Norteamericana de la Iglesia Adventista, uno de los organizadores del evento.<\/p>\n","protected":false},"author":1,"featured_media":24957,"comment_status":"closed","ping_status":"closed","sticky":false,"template":"","format":"standard","meta":{"_acf_changed":false,"footnotes":""},"categories":[14,15],"tags":[],"class_list":["post-30790","post","type-post","status-publish","format-standard","has-post-thumbnail","hentry","category-de-la-iglesia-mundial","category-rss-espanol"],"acf":[],"yoast_head":"<!-- This site is optimized with the Yoast SEO plugin v27.3 - https:\/\/yoast.com\/product\/yoast-seo-wordpress\/ -->\n<title>Miles hacen fila para recibir atenci\u00f3n m\u00e9dica adventista gratuita en San Antonio - Iglesia Adventista del S\u00e9ptimo D\u00eda - Divisi\u00f3n Interamericana<\/title>\n<meta name=\"robots\" content=\"index, follow, max-snippet:-1, max-image-preview:large, max-video-preview:-1\" \/>\n<link rel=\"canonical\" href=\"https:\/\/interamerica.org\/es\/2015\/04\/miles-hacen-fila-para-recibir-atencion-medica-adventista-gratuita-en-san-antonio\/\" \/>\n<meta property=\"og:locale\" content=\"es_ES\" \/>\n<meta property=\"og:type\" content=\"article\" \/>\n<meta property=\"og:title\" content=\"Miles hacen fila para recibir atenci\u00f3n m\u00e9dica adventista gratuita en San Antonio - Iglesia Adventista del S\u00e9ptimo D\u00eda - Divisi\u00f3n Interamericana\" \/>\n<meta property=\"og:description\" content=\"Decenas de personas hicieron cola durante la noche fuera de un estadio de San Antonio para recibir atenci\u00f3n m\u00e9dica y odontol\u00f3gica gratuita por un valor de unos diez millones de d\u00f3lares que profesionales adventistas de salud esperan dar a seis mil personas durante los pr\u00f3ximos tres d\u00edas.  Entre dos mil a tres mil personas estaban aguardando en la cola cuando se abrieron las puertas del Alamodome a las 7.00 del mi\u00e9rcoles, dijo Daniel Weber, director de comunicaciones de la Divisi\u00f3n Norteamericana de la Iglesia Adventista, uno de los organizadores del evento.\" \/>\n<meta property=\"og:url\" content=\"https:\/\/interamerica.org\/es\/2015\/04\/miles-hacen-fila-para-recibir-atencion-medica-adventista-gratuita-en-san-antonio\/\" \/>\n<meta property=\"og:site_name\" content=\"Iglesia Adventista del S\u00e9ptimo D\u00eda - Divisi\u00f3n Interamericana\" \/>\n<meta property=\"article:published_time\" content=\"2015-04-09T04:00:00+00:00\" \/>\n<meta property=\"og:image\" content=\"https:\/\/interamerica.org\/wp-content\/uploads\/2017\/06\/16891757229_6d530141ec_k.jpg\" \/>\n\t<meta property=\"og:image:width\" content=\"2048\" \/>\n\t<meta property=\"og:image:height\" content=\"1363\" \/>\n\t<meta property=\"og:image:type\" content=\"image\/jpeg\" \/>\n<meta name=\"author\" content=\"Lorenzo Verduzco\" \/>\n<meta name=\"twitter:card\" content=\"summary_large_image\" \/>\n<meta name=\"twitter:label1\" content=\"Escrito por\" \/>\n\t<meta name=\"twitter:data1\" content=\"Lorenzo Verduzco\" \/>\n\t<meta name=\"twitter:label2\" content=\"Tiempo de lectura\" \/>\n\t<meta name=\"twitter:data2\" content=\"4 minutos\" \/>\n<script type=\"application\/ld+json\" class=\"yoast-schema-graph\">{\"@context\":\"https:\\\/\\\/schema.org\",\"@graph\":[{\"@type\":\"Article\",\"@id\":\"https:\\\/\\\/interamerica.org\\\/es\\\/2015\\\/04\\\/miles-hacen-fila-para-recibir-atencion-medica-adventista-gratuita-en-san-antonio\\\/#article\",\"isPartOf\":{\"@id\":\"https:\\\/\\\/interamerica.org\\\/es\\\/2015\\\/04\\\/miles-hacen-fila-para-recibir-atencion-medica-adventista-gratuita-en-san-antonio\\\/\"},\"author\":{\"name\":\"Lorenzo Verduzco\",\"@id\":\"https:\\\/\\\/interamerica.org\\\/es\\\/#\\\/schema\\\/person\\\/68ede8bdc292885bb76c1e3810e73c39\"},\"headline\":\"Miles hacen fila para recibir atenci\u00f3n m\u00e9dica adventista gratuita en San Antonio\",\"datePublished\":\"2015-04-09T04:00:00+00:00\",\"mainEntityOfPage\":{\"@id\":\"https:\\\/\\\/interamerica.org\\\/es\\\/2015\\\/04\\\/miles-hacen-fila-para-recibir-atencion-medica-adventista-gratuita-en-san-antonio\\\/\"},\"wordCount\":855,\"image\":{\"@id\":\"https:\\\/\\\/interamerica.org\\\/es\\\/2015\\\/04\\\/miles-hacen-fila-para-recibir-atencion-medica-adventista-gratuita-en-san-antonio\\\/#primaryimage\"},\"thumbnailUrl\":\"https:\\\/\\\/interamerica.org\\\/wp-content\\\/uploads\\\/2017\\\/06\\\/16891757229_6d530141ec_k.jpg\",\"articleSection\":[\"Desde la iglesia mundial\",\"RSS Espa\u00f1ol\"],\"inLanguage\":\"es\"},{\"@type\":\"WebPage\",\"@id\":\"https:\\\/\\\/interamerica.org\\\/es\\\/2015\\\/04\\\/miles-hacen-fila-para-recibir-atencion-medica-adventista-gratuita-en-san-antonio\\\/\",\"url\":\"https:\\\/\\\/interamerica.org\\\/es\\\/2015\\\/04\\\/miles-hacen-fila-para-recibir-atencion-medica-adventista-gratuita-en-san-antonio\\\/\",\"name\":\"Miles hacen fila para recibir atenci\u00f3n m\u00e9dica adventista gratuita en San Antonio - Iglesia Adventista del S\u00e9ptimo D\u00eda - Divisi\u00f3n Interamericana\",\"isPartOf\":{\"@id\":\"https:\\\/\\\/interamerica.org\\\/es\\\/#website\"},\"primaryImageOfPage\":{\"@id\":\"https:\\\/\\\/interamerica.org\\\/es\\\/2015\\\/04\\\/miles-hacen-fila-para-recibir-atencion-medica-adventista-gratuita-en-san-antonio\\\/#primaryimage\"},\"image\":{\"@id\":\"https:\\\/\\\/interamerica.org\\\/es\\\/2015\\\/04\\\/miles-hacen-fila-para-recibir-atencion-medica-adventista-gratuita-en-san-antonio\\\/#primaryimage\"},\"thumbnailUrl\":\"https:\\\/\\\/interamerica.org\\\/wp-content\\\/uploads\\\/2017\\\/06\\\/16891757229_6d530141ec_k.jpg\",\"datePublished\":\"2015-04-09T04:00:00+00:00\",\"author\":{\"@id\":\"https:\\\/\\\/interamerica.org\\\/es\\\/#\\\/schema\\\/person\\\/68ede8bdc292885bb76c1e3810e73c39\"},\"breadcrumb\":{\"@id\":\"https:\\\/\\\/interamerica.org\\\/es\\\/2015\\\/04\\\/miles-hacen-fila-para-recibir-atencion-medica-adventista-gratuita-en-san-antonio\\\/#breadcrumb\"},\"inLanguage\":\"es\",\"potentialAction\":[{\"@type\":\"ReadAction\",\"target\":[\"https:\\\/\\\/interamerica.org\\\/es\\\/2015\\\/04\\\/miles-hacen-fila-para-recibir-atencion-medica-adventista-gratuita-en-san-antonio\\\/\"]}]},{\"@type\":\"ImageObject\",\"inLanguage\":\"es\",\"@id\":\"https:\\\/\\\/interamerica.org\\\/es\\\/2015\\\/04\\\/miles-hacen-fila-para-recibir-atencion-medica-adventista-gratuita-en-san-antonio\\\/#primaryimage\",\"url\":\"https:\\\/\\\/interamerica.org\\\/wp-content\\\/uploads\\\/2017\\\/06\\\/16891757229_6d530141ec_k.jpg\",\"contentUrl\":\"https:\\\/\\\/interamerica.org\\\/wp-content\\\/uploads\\\/2017\\\/06\\\/16891757229_6d530141ec_k.jpg\",\"width\":2048,\"height\":1363},{\"@type\":\"BreadcrumbList\",\"@id\":\"https:\\\/\\\/interamerica.org\\\/es\\\/2015\\\/04\\\/miles-hacen-fila-para-recibir-atencion-medica-adventista-gratuita-en-san-antonio\\\/#breadcrumb\",\"itemListElement\":[{\"@type\":\"ListItem\",\"position\":1,\"name\":\"Home\",\"item\":\"https:\\\/\\\/interamerica.org\\\/es\\\/\"},{\"@type\":\"ListItem\",\"position\":2,\"name\":\"Miles hacen fila para recibir atenci\u00f3n m\u00e9dica adventista gratuita en San Antonio\"}]},{\"@type\":\"WebSite\",\"@id\":\"https:\\\/\\\/interamerica.org\\\/es\\\/#website\",\"url\":\"https:\\\/\\\/interamerica.org\\\/es\\\/\",\"name\":\"Iglesia Adventista del S\u00e9ptimo D\u00eda - Divisi\u00f3n Interamericana\",\"description\":\"\",\"potentialAction\":[{\"@type\":\"SearchAction\",\"target\":{\"@type\":\"EntryPoint\",\"urlTemplate\":\"https:\\\/\\\/interamerica.org\\\/es\\\/?s={search_term_string}\"},\"query-input\":{\"@type\":\"PropertyValueSpecification\",\"valueRequired\":true,\"valueName\":\"search_term_string\"}}],\"inLanguage\":\"es\"},{\"@type\":\"Person\",\"@id\":\"https:\\\/\\\/interamerica.org\\\/es\\\/#\\\/schema\\\/person\\\/68ede8bdc292885bb76c1e3810e73c39\",\"name\":\"Lorenzo Verduzco\",\"image\":{\"@type\":\"ImageObject\",\"inLanguage\":\"es\",\"@id\":\"https:\\\/\\\/secure.gravatar.com\\\/avatar\\\/fb81a55b6218459490a9c1dc841a34909185b81904c5337b4b27f7a6fd60c49e?s=96&d=mm&r=g\",\"url\":\"https:\\\/\\\/secure.gravatar.com\\\/avatar\\\/fb81a55b6218459490a9c1dc841a34909185b81904c5337b4b27f7a6fd60c49e?s=96&d=mm&r=g\",\"contentUrl\":\"https:\\\/\\\/secure.gravatar.com\\\/avatar\\\/fb81a55b6218459490a9c1dc841a34909185b81904c5337b4b27f7a6fd60c49e?s=96&d=mm&r=g\",\"caption\":\"Lorenzo Verduzco\"}}]}<\/script>\n<!-- \/ Yoast SEO plugin. -->","yoast_head_json":{"title":"Miles hacen fila para recibir atenci\u00f3n m\u00e9dica adventista gratuita en San Antonio - Iglesia Adventista del S\u00e9ptimo D\u00eda - Divisi\u00f3n Interamericana","robots":{"index":"index","follow":"follow","max-snippet":"max-snippet:-1","max-image-preview":"max-image-preview:large","max-video-preview":"max-video-preview:-1"},"canonical":"https:\/\/interamerica.org\/es\/2015\/04\/miles-hacen-fila-para-recibir-atencion-medica-adventista-gratuita-en-san-antonio\/","og_locale":"es_ES","og_type":"article","og_title":"Miles hacen fila para recibir atenci\u00f3n m\u00e9dica adventista gratuita en San Antonio - Iglesia Adventista del S\u00e9ptimo D\u00eda - Divisi\u00f3n Interamericana","og_description":"Decenas de personas hicieron cola durante la noche fuera de un estadio de San Antonio para recibir atenci\u00f3n m\u00e9dica y odontol\u00f3gica gratuita por un valor de unos diez millones de d\u00f3lares que profesionales adventistas de salud esperan dar a seis mil personas durante los pr\u00f3ximos tres d\u00edas.  Entre dos mil a tres mil personas estaban aguardando en la cola cuando se abrieron las puertas del Alamodome a las 7.00 del mi\u00e9rcoles, dijo Daniel Weber, director de comunicaciones de la Divisi\u00f3n Norteamericana de la Iglesia Adventista, uno de los organizadores del evento.","og_url":"https:\/\/interamerica.org\/es\/2015\/04\/miles-hacen-fila-para-recibir-atencion-medica-adventista-gratuita-en-san-antonio\/","og_site_name":"Iglesia Adventista del S\u00e9ptimo D\u00eda - Divisi\u00f3n Interamericana","article_published_time":"2015-04-09T04:00:00+00:00","og_image":[{"width":2048,"height":1363,"url":"https:\/\/interamerica.org\/wp-content\/uploads\/2017\/06\/16891757229_6d530141ec_k.jpg","type":"image\/jpeg"}],"author":"Lorenzo Verduzco","twitter_card":"summary_large_image","twitter_misc":{"Escrito por":"Lorenzo Verduzco","Tiempo de lectura":"4 minutos"},"schema":{"@context":"https:\/\/schema.org","@graph":[{"@type":"Article","@id":"https:\/\/interamerica.org\/es\/2015\/04\/miles-hacen-fila-para-recibir-atencion-medica-adventista-gratuita-en-san-antonio\/#article","isPartOf":{"@id":"https:\/\/interamerica.org\/es\/2015\/04\/miles-hacen-fila-para-recibir-atencion-medica-adventista-gratuita-en-san-antonio\/"},"author":{"name":"Lorenzo Verduzco","@id":"https:\/\/interamerica.org\/es\/#\/schema\/person\/68ede8bdc292885bb76c1e3810e73c39"},"headline":"Miles hacen fila para recibir atenci\u00f3n m\u00e9dica adventista gratuita en San Antonio","datePublished":"2015-04-09T04:00:00+00:00","mainEntityOfPage":{"@id":"https:\/\/interamerica.org\/es\/2015\/04\/miles-hacen-fila-para-recibir-atencion-medica-adventista-gratuita-en-san-antonio\/"},"wordCount":855,"image":{"@id":"https:\/\/interamerica.org\/es\/2015\/04\/miles-hacen-fila-para-recibir-atencion-medica-adventista-gratuita-en-san-antonio\/#primaryimage"},"thumbnailUrl":"https:\/\/interamerica.org\/wp-content\/uploads\/2017\/06\/16891757229_6d530141ec_k.jpg","articleSection":["Desde la iglesia mundial","RSS Espa\u00f1ol"],"inLanguage":"es"},{"@type":"WebPage","@id":"https:\/\/interamerica.org\/es\/2015\/04\/miles-hacen-fila-para-recibir-atencion-medica-adventista-gratuita-en-san-antonio\/","url":"https:\/\/interamerica.org\/es\/2015\/04\/miles-hacen-fila-para-recibir-atencion-medica-adventista-gratuita-en-san-antonio\/","name":"Miles hacen fila para recibir atenci\u00f3n m\u00e9dica adventista gratuita en San Antonio - Iglesia Adventista del S\u00e9ptimo D\u00eda - Divisi\u00f3n Interamericana","isPartOf":{"@id":"https:\/\/interamerica.org\/es\/#website"},"primaryImageOfPage":{"@id":"https:\/\/interamerica.org\/es\/2015\/04\/miles-hacen-fila-para-recibir-atencion-medica-adventista-gratuita-en-san-antonio\/#primaryimage"},"image":{"@id":"https:\/\/interamerica.org\/es\/2015\/04\/miles-hacen-fila-para-recibir-atencion-medica-adventista-gratuita-en-san-antonio\/#primaryimage"},"thumbnailUrl":"https:\/\/interamerica.org\/wp-content\/uploads\/2017\/06\/16891757229_6d530141ec_k.jpg","datePublished":"2015-04-09T04:00:00+00:00","author":{"@id":"https:\/\/interamerica.org\/es\/#\/schema\/person\/68ede8bdc292885bb76c1e3810e73c39"},"breadcrumb":{"@id":"https:\/\/interamerica.org\/es\/2015\/04\/miles-hacen-fila-para-recibir-atencion-medica-adventista-gratuita-en-san-antonio\/#breadcrumb"},"inLanguage":"es","potentialAction":[{"@type":"ReadAction","target":["https:\/\/interamerica.org\/es\/2015\/04\/miles-hacen-fila-para-recibir-atencion-medica-adventista-gratuita-en-san-antonio\/"]}]},{"@type":"ImageObject","inLanguage":"es","@id":"https:\/\/interamerica.org\/es\/2015\/04\/miles-hacen-fila-para-recibir-atencion-medica-adventista-gratuita-en-san-antonio\/#primaryimage","url":"https:\/\/interamerica.org\/wp-content\/uploads\/2017\/06\/16891757229_6d530141ec_k.jpg","contentUrl":"https:\/\/interamerica.org\/wp-content\/uploads\/2017\/06\/16891757229_6d530141ec_k.jpg","width":2048,"height":1363},{"@type":"BreadcrumbList","@id":"https:\/\/interamerica.org\/es\/2015\/04\/miles-hacen-fila-para-recibir-atencion-medica-adventista-gratuita-en-san-antonio\/#breadcrumb","itemListElement":[{"@type":"ListItem","position":1,"name":"Home","item":"https:\/\/interamerica.org\/es\/"},{"@type":"ListItem","position":2,"name":"Miles hacen fila para recibir atenci\u00f3n m\u00e9dica adventista gratuita en San Antonio"}]},{"@type":"WebSite","@id":"https:\/\/interamerica.org\/es\/#website","url":"https:\/\/interamerica.org\/es\/","name":"Iglesia Adventista del S\u00e9ptimo D\u00eda - Divisi\u00f3n Interamericana","description":"","potentialAction":[{"@type":"SearchAction","target":{"@type":"EntryPoint","urlTemplate":"https:\/\/interamerica.org\/es\/?s={search_term_string}"},"query-input":{"@type":"PropertyValueSpecification","valueRequired":true,"valueName":"search_term_string"}}],"inLanguage":"es"},{"@type":"Person","@id":"https:\/\/interamerica.org\/es\/#\/schema\/person\/68ede8bdc292885bb76c1e3810e73c39","name":"Lorenzo Verduzco","image":{"@type":"ImageObject","inLanguage":"es","@id":"https:\/\/secure.gravatar.com\/avatar\/fb81a55b6218459490a9c1dc841a34909185b81904c5337b4b27f7a6fd60c49e?s=96&d=mm&r=g","url":"https:\/\/secure.gravatar.com\/avatar\/fb81a55b6218459490a9c1dc841a34909185b81904c5337b4b27f7a6fd60c49e?s=96&d=mm&r=g","contentUrl":"https:\/\/secure.gravatar.com\/avatar\/fb81a55b6218459490a9c1dc841a34909185b81904c5337b4b27f7a6fd60c49e?s=96&d=mm&r=g","caption":"Lorenzo Verduzco"}}]}},"_links":{"self":[{"href":"https:\/\/interamerica.org\/es\/wp-json\/wp\/v2\/posts\/30790","targetHints":{"allow":["GET"]}}],"collection":[{"href":"https:\/\/interamerica.org\/es\/wp-json\/wp\/v2\/posts"}],"about":[{"href":"https:\/\/interamerica.org\/es\/wp-json\/wp\/v2\/types\/post"}],"author":[{"embeddable":true,"href":"https:\/\/interamerica.org\/es\/wp-json\/wp\/v2\/users\/1"}],"replies":[{"embeddable":true,"href":"https:\/\/interamerica.org\/es\/wp-json\/wp\/v2\/comments?post=30790"}],"version-history":[{"count":0,"href":"https:\/\/interamerica.org\/es\/wp-json\/wp\/v2\/posts\/30790\/revisions"}],"wp:featuredmedia":[{"embeddable":true,"href":"https:\/\/interamerica.org\/es\/wp-json\/wp\/v2\/media\/24957"}],"wp:attachment":[{"href":"https:\/\/interamerica.org\/es\/wp-json\/wp\/v2\/media?parent=30790"}],"wp:term":[{"taxonomy":"category","embeddable":true,"href":"https:\/\/interamerica.org\/es\/wp-json\/wp\/v2\/categories?post=30790"},{"taxonomy":"post_tag","embeddable":true,"href":"https:\/\/interamerica.org\/es\/wp-json\/wp\/v2\/tags?post=30790"}],"curies":[{"name":"wp","href":"https:\/\/api.w.org\/{rel}","templated":true}]}}