{"id":30792,"date":"2015-04-08T00:00:00","date_gmt":"2015-04-08T04:00:00","guid":{"rendered":"http:\/\/192.81.217.108\/interamerica\/2015\/04\/un-enviado-especial-adventista-pide-al-presidente-obama-que-proteja-la-libertad-religiosa\/"},"modified":"2015-04-08T00:00:00","modified_gmt":"2015-04-08T04:00:00","slug":"un-enviado-especial-adventista-pide-al-presidente-obama-que-proteja-la-libertad-religiosa","status":"publish","type":"post","link":"https:\/\/interamerica.org\/es\/2015\/04\/un-enviado-especial-adventista-pide-al-presidente-obama-que-proteja-la-libertad-religiosa\/","title":{"rendered":"Un enviado especial adventista pide al Presidente Obama que proteja la libertad religiosa"},"content":{"rendered":"<div id=\"attachment_16278\" style=\"width: 610px\" class=\"wp-caption aligncenter\"><a href=\"\/interamerica\/wp-content\/uploads\/2017\/06\/obama-3.jpg\" rel=\"fancybox\" title=\"Un enviado especial adventista pide al Presidente Obama que proteja la libertad religiosa\"><img fetchpriority=\"high\" decoding=\"async\" aria-describedby=\"caption-attachment-16278\" class=\" wp-image-16278 \" src=\"\/interamerica\/wp-content\/uploads\/2017\/06\/obama-3.jpg\" alt=\"\" width=\"600\" height=\"300\" \/><\/a><p id=\"caption-attachment-16278\" class=\"wp-caption-text\">Dwayne Leslie, segunda fila a la izquierda, posando junto al Presidente Barack Obama en el desayuno de oraci\u00f3n de Pascua 2014. Imagen: Casa Blanca<\/p><\/div>\n<p>7 de abril de 2015 | Silver Spring, Maryland, Estados Unidos | Andrew McChesney, director de noticias, Adventist Review<\/p>\n<p>Un directivo de la Iglesia Adventista del S\u00e9ptimo D\u00eda le pidi\u00f3 al Presidente de los Estados Unidos, Barack Obama, en el desayuno ofrecido en la Casa Blanca el jueves, que mantuviera la libertad religiosa en un primer plano en la pol\u00edtica exterior de su administraci\u00f3n.<\/p>\n<p>El Presidente Obama le respondi\u00f3 a Dwayne O. Leslie, director de asuntos legislativos en la Asociaci\u00f3n General, el organismo administrativo de la Iglesia Adventista mundial, que era su intenci\u00f3n defender los derechos de todos los creyentes.<\/p>\n<p>El intercambio tuvo lugar en el desayuno de oraci\u00f3n en celebraci\u00f3n de la Pascua, un evento en el que el Presidente Obama habl\u00f3 de la resurrecci\u00f3n de Jes\u00fas y en el que cant\u00f3 la int\u00e9rprete cristiana Amy Grant, mientras un grupo de aproximadamente 150 dirigentes religiosos y pol\u00edticos participaron de un buf\u00e9 compuesto de souffl\u00e9, salm\u00f3n ahumado y fruta.<\/p>\n<p>El desayuno de oraci\u00f3n para celebrar la Pascua es m\u00e1s privado que el Desayuno Nacional de Oraci\u00f3n de la Casa Blanca, que re\u00fane aproximadamente a 3,500 personas procedentes de 100 pa\u00edses cada mes de febrero. El Desayuno Nacional de Oraci\u00f3n hizo noticia en el 2013, cuando el orador, Ben Carson, un adventista ex neurocirujano, critic\u00f3 las pol\u00edticas del Presidente Obama.<\/p>\n<p>Para Dwayne O. Leslie, el desayuno de Pascua provey\u00f3 la oportunidad de representar a la Iglesia Adventista del S\u00e9ptimo D\u00eda ante un poderoso grupo de personas que toman las grandes decisiones, y de formar relaciones con ellas.<\/p>\n<p>\u201cHay muy pocas ocasiones en que se da tal concentraci\u00f3n de dirigentes religiosos y pol\u00edticos\u201d, dijo en una entrevista despu\u00e9s del desayuno.<\/p>\n<div id=\"attachment_16279\" style=\"width: 271px\" class=\"wp-caption alignright\"><a href=\"\/interamerica\/wp-content\/uploads\/2017\/06\/14119395751_5b96980b1d_k-2.jpg\" rel=\"fancybox\" title=\"Un enviado especial adventista pide al Presidente Obama que proteja la libertad religiosa\"><img decoding=\"async\" aria-describedby=\"caption-attachment-16279\" class=\"size-medium wp-image-16279\" src=\"\/interamerica\/wp-content\/uploads\/2017\/06\/14119395751_5b96980b1d_k-2-261x300.jpg\" alt=\"\" width=\"261\" height=\"300\" \/><\/a><p id=\"caption-attachment-16279\" class=\"wp-caption-text\">Dwyane Leslie hablando en un evento de libertad religiosa en Washington, el a\u00f1o pasado. Imagen por Ansel Oliver\/ANN<\/p><\/div>\n<p>Agreg\u00f3 que se percib\u00eda a s\u00ed mismo como un embajador entre la iglesia y la \u00e9lite pol\u00edtica.<br \/>\n\u201cEsta es una forma de acercarnos a personas a quienes t\u00edpicamente no podemos acercarnos\u201d, dijo en su oficina en la sede de la Asociaci\u00f3n General, en Silver Spring, Maryland. \u201cEs una forma de interactuar con dirigentes pol\u00edticos de alto nivel y de hablarles acerca de la Iglesia Adventista del S\u00e9ptimo d\u00eda\u201d.<\/p>\n<p><strong>Conversaci\u00f3n con el Presidente Obama<\/strong><\/p>\n<p>Cuando el Presidente Obama se detuvo junto a su mesa durante el desayuno, D. Leslie le agradeci\u00f3 por hacer de la libertad religiosa un punto clave de la pol\u00edtica exterior de los Estados Unidos durante un discurso en el Desayuno Nacional de Oraci\u00f3n el a\u00f1o pasado. El Presidente Obama, quien estaba enfrentando acusaciones de no prestar suficiente atenci\u00f3n a la libertad religiosa en ese tiempo, pronunci\u00f3 un poderoso discurso que expresaba la preocupaci\u00f3n acerca de la situaci\u00f3n tanto en el Oriente Medio como en pa\u00edses tales como China, Pakist\u00e1n y Corea del Norte.<\/p>\n<p>Dwayne Leslie le pidi\u00f3 al presidente Obama que continuara manteniendo la libertad religiosa como una prioridad, y el presidente indic\u00f3 que as\u00ed lo har\u00eda, indic\u00f3 el primero.<\/p>\n<p>La libertad religiosa ha sido un punto de importancia primaria para la Iglesia Adventista del S\u00e9ptimo D\u00eda desde su fundaci\u00f3n a mitades del siglo dieciocho; y m\u00e1s recientemente, el presidente de la Iglesia Adventista, Ted N.C. Wilson, lo trajo a la mesa durante una reuni\u00f3n con el secretario general de las Naciones Unidas, Ban Ki-moon, el lunes.<\/p>\n<p>D. Leslie encontr\u00f3 tambi\u00e9n que otro de los invitados al desayuno, el jefe de personal de la Casa Blanca, Denis McDonough, sentado a la misma mesa, conoc\u00eda bien a la Iglesia Adventista a trav\u00e9s de su presencia en su ciudad nativa, Takoma Park, Maryland. La iglesia tiene una presencia significativa en Takoma Park, en donde se encuentra el Hospital Adventista Washington, la Universidad Adventista Washington y la Iglesia Adventista Sligo. La Asociaci\u00f3n General y la casa publicadora Review and Herald estuvieron durante d\u00e9cadas en esta ciudad.<\/p>\n<p>Es lindo cuando la gente est\u00e1 familiarizada con alguna labor realizada en la comunidad y uno puede representar a la iglesia\u201d, a\u00f1adi\u00f3 D. Leslie.<br \/>\nDijo tambi\u00e9n que en el desayuno de Pascua del a\u00f1o pasado, un invitado reconoci\u00f3 a la Iglesia Adventista en conexi\u00f3n con investigaciones que muestran que sus miembros en los Estados Unidos viven una d\u00e9cada m\u00e1s que el estadounidense promedio.<\/p>\n<p>\u201cOh, s\u00ed, acabo de leer acerca de ustedes. Los adventistas viven m\u00e1s tiempo que cualquier otra persona\u201d, dijo el invitado cuando D. Leslie se present\u00f3 en la mesa. \u201c\u00bfC\u00f3mo puedo aprender m\u00e1s de ustedes? Sea lo que sea que est\u00e9n haciendo les est\u00e1 obviamente funcionando bien<\/p>\n<p>M\u00e1s tarde, Dwyane Dwyane Leslie le envi\u00f3 alguna informaci\u00f3n a dicho invitado.<br \/>\n<strong>Ayudando a la Iglesia a trav\u00e9s de diplomacia discreta<\/strong><\/p>\n<p>Dwyane Leslie dijo que tales encuentros eran parte de la raz\u00f3n por la cual ha asistido a los tres \u00faltimos desayunos de Pascua, as\u00ed como a otros actos en Washington.<\/p>\n<p>Dijo que era adem\u00e1s \u00fatil el familiarizarse con personas que podr\u00edan proveer asistencia en situaciones delicadas. Explic\u00f3 que, por ejemplo, algunos contactos en el Departamento de Estado han recurrido a la diplomacia queda para ayudar a la iglesia a resolver varios asuntos en \u00c1frica.<\/p>\n<p>\u201cCuando nuestra iglesia se encuentra bajo ataque en varias zonas del mundo, es bueno saber que puedo llamar a alguna de estas personas\u201d, a\u00f1adi\u00f3.<\/p>\n<p>Entre los otros invitados al desayuno de dos horas de duraci\u00f3n, se encontraban la congresista adventista Sheila Jackson Lee, de Texas, la asesora principal de la Casa Blanca, Valerie Jarrett y Al Sharpton, un ministro bautista y activista de derechos civiles. Dirigentes religiosos representaron a la iglesia cat\u00f3lica romana, a la iglesia metodista episcopal africana, a la iglesia ortodoxa c\u00f3ptica y otras m\u00e1s.<\/p>\n<p>Amy Grant, la primera cantante cristiana con un disco de platino en 1982, abri\u00f3 el programa cantando el himno \u201cThy Word\u201d (tu Palabra), con acompa\u00f1amiento de guitarra.<\/p>\n<p>El Presidente Obama dijo a los invitados que \u00e9l no era un predicador, pero que recordaba con agradecimiento el \u201cextraordinario regalo de la salvaci\u00f3n\u201d de Jes\u00fas, en la festividad de la Pascua.<\/p>\n<p>\u00abTratamos lo mejor que podemos de comprender la tremenda oscuridad que tuvo que resistir a fin de que pudi\u00e9ramos recibir la luz del Dios\u201d, dijo. \u201cSin embargo, aun cuando luchamos por comprender la incre\u00edble enormidad del sacrificio de Jes\u00fas, el domingo de Resurrecci\u00f3n no podemos perder de vista el hecho de que la historia no termina el viernes. La historia contin\u00faa adelante. El domingo acontece la gloriosa resurrecci\u00f3n de nuestro Salvador\u201d.<br \/>\nEl presidente expres\u00f3 tambi\u00e9n a los dirigentes religiosos su aprecio por la labor de sus iglesias.<\/p>\n<p>\u201cDeseo agradecer a cada uno aqu\u00ed presente por la maravillosa labor que ustedes realizan en todo el pa\u00eds a trav\u00e9s de sus extraordinarios ministerios\u201d, a\u00f1adi\u00f3.<\/p>\n","protected":false},"excerpt":{"rendered":"<p>Un directivo de la Iglesia Adventista del S\u00e9ptimo D\u00eda le pidi\u00f3 al Presidente de los Estados Unidos, Barack Obama, en el desayuno ofrecido en la Casa Blanca el jueves, que mantuviera la libertad religiosa en un primer plano en la pol\u00edtica exterior de su administraci\u00f3n.<\/p>\n","protected":false},"author":1,"featured_media":24973,"comment_status":"closed","ping_status":"closed","sticky":false,"template":"","format":"standard","meta":{"_acf_changed":false,"footnotes":""},"categories":[14,15],"tags":[],"class_list":["post-30792","post","type-post","status-publish","format-standard","has-post-thumbnail","hentry","category-de-la-iglesia-mundial","category-rss-espanol"],"acf":[],"yoast_head":"<!-- This site is optimized with the Yoast SEO plugin v27.3 - https:\/\/yoast.com\/product\/yoast-seo-wordpress\/ -->\n<title>Un enviado especial adventista pide al Presidente Obama que proteja la libertad religiosa - Iglesia Adventista del S\u00e9ptimo D\u00eda - Divisi\u00f3n Interamericana<\/title>\n<meta name=\"robots\" content=\"index, follow, max-snippet:-1, max-image-preview:large, max-video-preview:-1\" \/>\n<link rel=\"canonical\" href=\"https:\/\/interamerica.org\/es\/2015\/04\/un-enviado-especial-adventista-pide-al-presidente-obama-que-proteja-la-libertad-religiosa\/\" \/>\n<meta property=\"og:locale\" content=\"es_ES\" \/>\n<meta property=\"og:type\" content=\"article\" \/>\n<meta property=\"og:title\" content=\"Un enviado especial adventista pide al Presidente Obama que proteja la libertad religiosa - Iglesia Adventista del S\u00e9ptimo D\u00eda - Divisi\u00f3n Interamericana\" \/>\n<meta property=\"og:description\" content=\"Un directivo de la Iglesia Adventista del S\u00e9ptimo D\u00eda le pidi\u00f3 al Presidente de los Estados Unidos, Barack Obama, en el desayuno ofrecido en la Casa Blanca el jueves, que mantuviera la libertad religiosa en un primer plano en la pol\u00edtica exterior de su administraci\u00f3n.\" \/>\n<meta property=\"og:url\" content=\"https:\/\/interamerica.org\/es\/2015\/04\/un-enviado-especial-adventista-pide-al-presidente-obama-que-proteja-la-libertad-religiosa\/\" \/>\n<meta property=\"og:site_name\" content=\"Iglesia Adventista del S\u00e9ptimo D\u00eda - Divisi\u00f3n Interamericana\" \/>\n<meta property=\"article:published_time\" content=\"2015-04-08T04:00:00+00:00\" \/>\n<meta property=\"og:image\" content=\"https:\/\/interamerica.org\/wp-content\/uploads\/2017\/06\/obama-3.jpg\" \/>\n\t<meta property=\"og:image:width\" content=\"1000\" \/>\n\t<meta property=\"og:image:height\" content=\"500\" \/>\n\t<meta property=\"og:image:type\" content=\"image\/jpeg\" \/>\n<meta name=\"author\" content=\"Lorenzo Verduzco\" \/>\n<meta name=\"twitter:card\" content=\"summary_large_image\" \/>\n<meta name=\"twitter:label1\" content=\"Escrito por\" \/>\n\t<meta name=\"twitter:data1\" content=\"Lorenzo Verduzco\" \/>\n\t<meta name=\"twitter:label2\" content=\"Tiempo de lectura\" \/>\n\t<meta name=\"twitter:data2\" content=\"6 minutos\" \/>\n<script type=\"application\/ld+json\" class=\"yoast-schema-graph\">{\"@context\":\"https:\\\/\\\/schema.org\",\"@graph\":[{\"@type\":\"Article\",\"@id\":\"https:\\\/\\\/interamerica.org\\\/es\\\/2015\\\/04\\\/un-enviado-especial-adventista-pide-al-presidente-obama-que-proteja-la-libertad-religiosa\\\/#article\",\"isPartOf\":{\"@id\":\"https:\\\/\\\/interamerica.org\\\/es\\\/2015\\\/04\\\/un-enviado-especial-adventista-pide-al-presidente-obama-que-proteja-la-libertad-religiosa\\\/\"},\"author\":{\"name\":\"Lorenzo Verduzco\",\"@id\":\"https:\\\/\\\/interamerica.org\\\/es\\\/#\\\/schema\\\/person\\\/68ede8bdc292885bb76c1e3810e73c39\"},\"headline\":\"Un enviado especial adventista pide al Presidente Obama que proteja la libertad religiosa\",\"datePublished\":\"2015-04-08T04:00:00+00:00\",\"mainEntityOfPage\":{\"@id\":\"https:\\\/\\\/interamerica.org\\\/es\\\/2015\\\/04\\\/un-enviado-especial-adventista-pide-al-presidente-obama-que-proteja-la-libertad-religiosa\\\/\"},\"wordCount\":1225,\"image\":{\"@id\":\"https:\\\/\\\/interamerica.org\\\/es\\\/2015\\\/04\\\/un-enviado-especial-adventista-pide-al-presidente-obama-que-proteja-la-libertad-religiosa\\\/#primaryimage\"},\"thumbnailUrl\":\"https:\\\/\\\/interamerica.org\\\/wp-content\\\/uploads\\\/2017\\\/06\\\/obama-3.jpg\",\"articleSection\":[\"Desde la iglesia mundial\",\"RSS Espa\u00f1ol\"],\"inLanguage\":\"es\"},{\"@type\":\"WebPage\",\"@id\":\"https:\\\/\\\/interamerica.org\\\/es\\\/2015\\\/04\\\/un-enviado-especial-adventista-pide-al-presidente-obama-que-proteja-la-libertad-religiosa\\\/\",\"url\":\"https:\\\/\\\/interamerica.org\\\/es\\\/2015\\\/04\\\/un-enviado-especial-adventista-pide-al-presidente-obama-que-proteja-la-libertad-religiosa\\\/\",\"name\":\"Un enviado especial adventista pide al Presidente Obama que proteja la libertad religiosa - Iglesia Adventista del S\u00e9ptimo D\u00eda - Divisi\u00f3n Interamericana\",\"isPartOf\":{\"@id\":\"https:\\\/\\\/interamerica.org\\\/es\\\/#website\"},\"primaryImageOfPage\":{\"@id\":\"https:\\\/\\\/interamerica.org\\\/es\\\/2015\\\/04\\\/un-enviado-especial-adventista-pide-al-presidente-obama-que-proteja-la-libertad-religiosa\\\/#primaryimage\"},\"image\":{\"@id\":\"https:\\\/\\\/interamerica.org\\\/es\\\/2015\\\/04\\\/un-enviado-especial-adventista-pide-al-presidente-obama-que-proteja-la-libertad-religiosa\\\/#primaryimage\"},\"thumbnailUrl\":\"https:\\\/\\\/interamerica.org\\\/wp-content\\\/uploads\\\/2017\\\/06\\\/obama-3.jpg\",\"datePublished\":\"2015-04-08T04:00:00+00:00\",\"author\":{\"@id\":\"https:\\\/\\\/interamerica.org\\\/es\\\/#\\\/schema\\\/person\\\/68ede8bdc292885bb76c1e3810e73c39\"},\"breadcrumb\":{\"@id\":\"https:\\\/\\\/interamerica.org\\\/es\\\/2015\\\/04\\\/un-enviado-especial-adventista-pide-al-presidente-obama-que-proteja-la-libertad-religiosa\\\/#breadcrumb\"},\"inLanguage\":\"es\",\"potentialAction\":[{\"@type\":\"ReadAction\",\"target\":[\"https:\\\/\\\/interamerica.org\\\/es\\\/2015\\\/04\\\/un-enviado-especial-adventista-pide-al-presidente-obama-que-proteja-la-libertad-religiosa\\\/\"]}]},{\"@type\":\"ImageObject\",\"inLanguage\":\"es\",\"@id\":\"https:\\\/\\\/interamerica.org\\\/es\\\/2015\\\/04\\\/un-enviado-especial-adventista-pide-al-presidente-obama-que-proteja-la-libertad-religiosa\\\/#primaryimage\",\"url\":\"https:\\\/\\\/interamerica.org\\\/wp-content\\\/uploads\\\/2017\\\/06\\\/obama-3.jpg\",\"contentUrl\":\"https:\\\/\\\/interamerica.org\\\/wp-content\\\/uploads\\\/2017\\\/06\\\/obama-3.jpg\",\"width\":1000,\"height\":500},{\"@type\":\"BreadcrumbList\",\"@id\":\"https:\\\/\\\/interamerica.org\\\/es\\\/2015\\\/04\\\/un-enviado-especial-adventista-pide-al-presidente-obama-que-proteja-la-libertad-religiosa\\\/#breadcrumb\",\"itemListElement\":[{\"@type\":\"ListItem\",\"position\":1,\"name\":\"Home\",\"item\":\"https:\\\/\\\/interamerica.org\\\/es\\\/\"},{\"@type\":\"ListItem\",\"position\":2,\"name\":\"Un enviado especial adventista pide al Presidente Obama que proteja la libertad religiosa\"}]},{\"@type\":\"WebSite\",\"@id\":\"https:\\\/\\\/interamerica.org\\\/es\\\/#website\",\"url\":\"https:\\\/\\\/interamerica.org\\\/es\\\/\",\"name\":\"Iglesia Adventista del S\u00e9ptimo D\u00eda - Divisi\u00f3n Interamericana\",\"description\":\"\",\"potentialAction\":[{\"@type\":\"SearchAction\",\"target\":{\"@type\":\"EntryPoint\",\"urlTemplate\":\"https:\\\/\\\/interamerica.org\\\/es\\\/?s={search_term_string}\"},\"query-input\":{\"@type\":\"PropertyValueSpecification\",\"valueRequired\":true,\"valueName\":\"search_term_string\"}}],\"inLanguage\":\"es\"},{\"@type\":\"Person\",\"@id\":\"https:\\\/\\\/interamerica.org\\\/es\\\/#\\\/schema\\\/person\\\/68ede8bdc292885bb76c1e3810e73c39\",\"name\":\"Lorenzo Verduzco\",\"image\":{\"@type\":\"ImageObject\",\"inLanguage\":\"es\",\"@id\":\"https:\\\/\\\/secure.gravatar.com\\\/avatar\\\/fb81a55b6218459490a9c1dc841a34909185b81904c5337b4b27f7a6fd60c49e?s=96&d=mm&r=g\",\"url\":\"https:\\\/\\\/secure.gravatar.com\\\/avatar\\\/fb81a55b6218459490a9c1dc841a34909185b81904c5337b4b27f7a6fd60c49e?s=96&d=mm&r=g\",\"contentUrl\":\"https:\\\/\\\/secure.gravatar.com\\\/avatar\\\/fb81a55b6218459490a9c1dc841a34909185b81904c5337b4b27f7a6fd60c49e?s=96&d=mm&r=g\",\"caption\":\"Lorenzo Verduzco\"}}]}<\/script>\n<!-- \/ Yoast SEO plugin. -->","yoast_head_json":{"title":"Un enviado especial adventista pide al Presidente Obama que proteja la libertad religiosa - Iglesia Adventista del S\u00e9ptimo D\u00eda - Divisi\u00f3n Interamericana","robots":{"index":"index","follow":"follow","max-snippet":"max-snippet:-1","max-image-preview":"max-image-preview:large","max-video-preview":"max-video-preview:-1"},"canonical":"https:\/\/interamerica.org\/es\/2015\/04\/un-enviado-especial-adventista-pide-al-presidente-obama-que-proteja-la-libertad-religiosa\/","og_locale":"es_ES","og_type":"article","og_title":"Un enviado especial adventista pide al Presidente Obama que proteja la libertad religiosa - Iglesia Adventista del S\u00e9ptimo D\u00eda - Divisi\u00f3n Interamericana","og_description":"Un directivo de la Iglesia Adventista del S\u00e9ptimo D\u00eda le pidi\u00f3 al Presidente de los Estados Unidos, Barack Obama, en el desayuno ofrecido en la Casa Blanca el jueves, que mantuviera la libertad religiosa en un primer plano en la pol\u00edtica exterior de su administraci\u00f3n.","og_url":"https:\/\/interamerica.org\/es\/2015\/04\/un-enviado-especial-adventista-pide-al-presidente-obama-que-proteja-la-libertad-religiosa\/","og_site_name":"Iglesia Adventista del S\u00e9ptimo D\u00eda - Divisi\u00f3n Interamericana","article_published_time":"2015-04-08T04:00:00+00:00","og_image":[{"width":1000,"height":500,"url":"https:\/\/interamerica.org\/wp-content\/uploads\/2017\/06\/obama-3.jpg","type":"image\/jpeg"}],"author":"Lorenzo Verduzco","twitter_card":"summary_large_image","twitter_misc":{"Escrito por":"Lorenzo Verduzco","Tiempo de lectura":"6 minutos"},"schema":{"@context":"https:\/\/schema.org","@graph":[{"@type":"Article","@id":"https:\/\/interamerica.org\/es\/2015\/04\/un-enviado-especial-adventista-pide-al-presidente-obama-que-proteja-la-libertad-religiosa\/#article","isPartOf":{"@id":"https:\/\/interamerica.org\/es\/2015\/04\/un-enviado-especial-adventista-pide-al-presidente-obama-que-proteja-la-libertad-religiosa\/"},"author":{"name":"Lorenzo Verduzco","@id":"https:\/\/interamerica.org\/es\/#\/schema\/person\/68ede8bdc292885bb76c1e3810e73c39"},"headline":"Un enviado especial adventista pide al Presidente Obama que proteja la libertad religiosa","datePublished":"2015-04-08T04:00:00+00:00","mainEntityOfPage":{"@id":"https:\/\/interamerica.org\/es\/2015\/04\/un-enviado-especial-adventista-pide-al-presidente-obama-que-proteja-la-libertad-religiosa\/"},"wordCount":1225,"image":{"@id":"https:\/\/interamerica.org\/es\/2015\/04\/un-enviado-especial-adventista-pide-al-presidente-obama-que-proteja-la-libertad-religiosa\/#primaryimage"},"thumbnailUrl":"https:\/\/interamerica.org\/wp-content\/uploads\/2017\/06\/obama-3.jpg","articleSection":["Desde la iglesia mundial","RSS Espa\u00f1ol"],"inLanguage":"es"},{"@type":"WebPage","@id":"https:\/\/interamerica.org\/es\/2015\/04\/un-enviado-especial-adventista-pide-al-presidente-obama-que-proteja-la-libertad-religiosa\/","url":"https:\/\/interamerica.org\/es\/2015\/04\/un-enviado-especial-adventista-pide-al-presidente-obama-que-proteja-la-libertad-religiosa\/","name":"Un enviado especial adventista pide al Presidente Obama que proteja la libertad religiosa - Iglesia Adventista del S\u00e9ptimo D\u00eda - Divisi\u00f3n Interamericana","isPartOf":{"@id":"https:\/\/interamerica.org\/es\/#website"},"primaryImageOfPage":{"@id":"https:\/\/interamerica.org\/es\/2015\/04\/un-enviado-especial-adventista-pide-al-presidente-obama-que-proteja-la-libertad-religiosa\/#primaryimage"},"image":{"@id":"https:\/\/interamerica.org\/es\/2015\/04\/un-enviado-especial-adventista-pide-al-presidente-obama-que-proteja-la-libertad-religiosa\/#primaryimage"},"thumbnailUrl":"https:\/\/interamerica.org\/wp-content\/uploads\/2017\/06\/obama-3.jpg","datePublished":"2015-04-08T04:00:00+00:00","author":{"@id":"https:\/\/interamerica.org\/es\/#\/schema\/person\/68ede8bdc292885bb76c1e3810e73c39"},"breadcrumb":{"@id":"https:\/\/interamerica.org\/es\/2015\/04\/un-enviado-especial-adventista-pide-al-presidente-obama-que-proteja-la-libertad-religiosa\/#breadcrumb"},"inLanguage":"es","potentialAction":[{"@type":"ReadAction","target":["https:\/\/interamerica.org\/es\/2015\/04\/un-enviado-especial-adventista-pide-al-presidente-obama-que-proteja-la-libertad-religiosa\/"]}]},{"@type":"ImageObject","inLanguage":"es","@id":"https:\/\/interamerica.org\/es\/2015\/04\/un-enviado-especial-adventista-pide-al-presidente-obama-que-proteja-la-libertad-religiosa\/#primaryimage","url":"https:\/\/interamerica.org\/wp-content\/uploads\/2017\/06\/obama-3.jpg","contentUrl":"https:\/\/interamerica.org\/wp-content\/uploads\/2017\/06\/obama-3.jpg","width":1000,"height":500},{"@type":"BreadcrumbList","@id":"https:\/\/interamerica.org\/es\/2015\/04\/un-enviado-especial-adventista-pide-al-presidente-obama-que-proteja-la-libertad-religiosa\/#breadcrumb","itemListElement":[{"@type":"ListItem","position":1,"name":"Home","item":"https:\/\/interamerica.org\/es\/"},{"@type":"ListItem","position":2,"name":"Un enviado especial adventista pide al Presidente Obama que proteja la libertad religiosa"}]},{"@type":"WebSite","@id":"https:\/\/interamerica.org\/es\/#website","url":"https:\/\/interamerica.org\/es\/","name":"Iglesia Adventista del S\u00e9ptimo D\u00eda - Divisi\u00f3n Interamericana","description":"","potentialAction":[{"@type":"SearchAction","target":{"@type":"EntryPoint","urlTemplate":"https:\/\/interamerica.org\/es\/?s={search_term_string}"},"query-input":{"@type":"PropertyValueSpecification","valueRequired":true,"valueName":"search_term_string"}}],"inLanguage":"es"},{"@type":"Person","@id":"https:\/\/interamerica.org\/es\/#\/schema\/person\/68ede8bdc292885bb76c1e3810e73c39","name":"Lorenzo Verduzco","image":{"@type":"ImageObject","inLanguage":"es","@id":"https:\/\/secure.gravatar.com\/avatar\/fb81a55b6218459490a9c1dc841a34909185b81904c5337b4b27f7a6fd60c49e?s=96&d=mm&r=g","url":"https:\/\/secure.gravatar.com\/avatar\/fb81a55b6218459490a9c1dc841a34909185b81904c5337b4b27f7a6fd60c49e?s=96&d=mm&r=g","contentUrl":"https:\/\/secure.gravatar.com\/avatar\/fb81a55b6218459490a9c1dc841a34909185b81904c5337b4b27f7a6fd60c49e?s=96&d=mm&r=g","caption":"Lorenzo Verduzco"}}]}},"_links":{"self":[{"href":"https:\/\/interamerica.org\/es\/wp-json\/wp\/v2\/posts\/30792","targetHints":{"allow":["GET"]}}],"collection":[{"href":"https:\/\/interamerica.org\/es\/wp-json\/wp\/v2\/posts"}],"about":[{"href":"https:\/\/interamerica.org\/es\/wp-json\/wp\/v2\/types\/post"}],"author":[{"embeddable":true,"href":"https:\/\/interamerica.org\/es\/wp-json\/wp\/v2\/users\/1"}],"replies":[{"embeddable":true,"href":"https:\/\/interamerica.org\/es\/wp-json\/wp\/v2\/comments?post=30792"}],"version-history":[{"count":0,"href":"https:\/\/interamerica.org\/es\/wp-json\/wp\/v2\/posts\/30792\/revisions"}],"wp:featuredmedia":[{"embeddable":true,"href":"https:\/\/interamerica.org\/es\/wp-json\/wp\/v2\/media\/24973"}],"wp:attachment":[{"href":"https:\/\/interamerica.org\/es\/wp-json\/wp\/v2\/media?parent=30792"}],"wp:term":[{"taxonomy":"category","embeddable":true,"href":"https:\/\/interamerica.org\/es\/wp-json\/wp\/v2\/categories?post=30792"},{"taxonomy":"post_tag","embeddable":true,"href":"https:\/\/interamerica.org\/es\/wp-json\/wp\/v2\/tags?post=30792"}],"curies":[{"name":"wp","href":"https:\/\/api.w.org\/{rel}","templated":true}]}}