{"id":30793,"date":"2015-04-11T00:00:00","date_gmt":"2015-04-11T04:00:00","guid":{"rendered":"http:\/\/192.81.217.108\/interamerica\/2015\/04\/dirigentes-de-la-iglesia-confirman-que-murieron-10-adventistas-en-la-masacre-en-la-universidad-garissa\/"},"modified":"2015-04-11T00:00:00","modified_gmt":"2015-04-11T04:00:00","slug":"dirigentes-de-la-iglesia-confirman-que-murieron-10-adventistas-en-la-masacre-en-la-universidad-garissa","status":"publish","type":"post","link":"https:\/\/interamerica.org\/es\/2015\/04\/dirigentes-de-la-iglesia-confirman-que-murieron-10-adventistas-en-la-masacre-en-la-universidad-garissa\/","title":{"rendered":"Dirigentes de la iglesia confirman que murieron 10 adventistas en la masacre en la Universidad Garissa"},"content":{"rendered":"<p>8 de abril de 2015 | Silver Spring, Maryland, Estados Unidos | Personal ANN<\/p>\n<p><div id=\"attachment_16305\" style=\"width: 310px\" class=\"wp-caption alignright\"><a href=\"\/interamerica\/wp-content\/uploads\/2017\/06\/csm_Kenya_9b89730a84.jpg\" rel=\"fancybox\" title=\"Dirigentes de la iglesia confirman que murieron 10 adventistas en la masacre en la Universidad Garissa\"><img fetchpriority=\"high\" decoding=\"async\" aria-describedby=\"caption-attachment-16305\" class=\"size-medium wp-image-16305\" src=\"\/interamerica\/wp-content\/uploads\/2017\/06\/csm_Kenya_9b89730a84-300x210.jpg\" alt=\"\" width=\"300\" height=\"210\" \/><\/a><p id=\"caption-attachment-16305\" class=\"wp-caption-text\">Imagen por Adventist News Network- [Red Adventista de Noticias]<\/p><\/div>Hombres armados irrumpieron en el Colegio Universidad Garissa, en Garissa, Kenia, el jueves 2 de abril, dejando un estimado de 147 personas muertas. Se ha informado que miembros de un grupo terrorista hicieron blanco de estudiantes cristianos y los asesinaron, incluyendo a 10 adventistas del s\u00e9ptimo d\u00eda.<br \/>\nEntre las personas fallecidas figura Eric Nyumbuto, el l\u00edder de la Iglesia Adventista en el plantel de la Universidad.<\/p>\n<p>Stanley Rotich, un miembro de la Iglesia Adventista Garissa local, inform\u00f3 que \u00e9l se encontraba en un edificio cercano cuando escuch\u00f3 los disparos, lo cual le hizo llamar a Eric Nyumbuto. La conversaci\u00f3n termin\u00f3 abruptamente al ser desconectado el tel\u00e9fono. M\u00e1s tarde se enter\u00f3 de la muerte de su amigo.<\/p>\n<p>Durante el curso del ataque, 500 estudiantes lograron escapar y varios de ellos quedaron seriamente heridos.<\/p>\n<p>Uno de los primeros polic\u00edas en responder al ataque fue Philmon Okal, un director general de Escuela Sab\u00e1tica de la iglesia adventista local en Garissa.<\/p>\n<p>\u201cNo hay palabras para describir lo horrendo que fue vivir la experiencia de este evento. Pero este ataque me recuerda que la segunda venida de Jes\u00fas est\u00e1 muy cerca\u201d, dijo Philmon Okal. \u201cDebemos continuar esperando ese d\u00eda cuando no habr\u00e1 m\u00e1s violencia, muerte y destrucci\u00f3n\u201d.<\/p>\n<p>Varias personas han sido ya arrestadas en conexi\u00f3n con este ataque y el gobierno de Kenia ha prometido aplicar r\u00e1pidamente las demandas de la ley a los implicados en la masacre.<br \/>\nEste es el ataque m\u00e1s sangriento en Kenia en casi dos d\u00e9cadas. El grupo que se atribuye la responsabilidad es el mismo grupo que fue responsable por el ataque en el centro comercial Westgate Mall en Nairobi, Kenia, en el 2013.<\/p>\n<p>La Iglesia Adventista del S\u00e9ptimo D\u00eda llora la muerte de los estudiantes que fallecieron la semana pasada. Miembros de la Iglesia Adventista del S\u00e9ptimo D\u00eda de Garissa, dijeron: \u201cEstamos sumamente acongojados por esta p\u00e9rdida sin sentido y solicitamos sus oraciones en favor de todas las v\u00edctimas de esta terrible tragedia\u201d.<\/p>\n","protected":false},"excerpt":{"rendered":"<p>Hombres armados irrumpieron en el Colegio Universidad Garissa, en Garissa, Kenia, el jueves 2 de abril, dejando un estimado de 147 personas muertas. Se ha informado que miembros de un grupo terrorista  hicieron blanco de estudiantes cristianos y los asesinaron, incluyendo a 10 adventistas del s\u00e9ptimo d\u00eda.  <\/p>\n<p>Entre las personas fallecidas figura Eric Nyumbuto, el l\u00edder de la Iglesia Adventista en el plantel de la Universidad.<\/p>\n","protected":false},"author":1,"featured_media":24984,"comment_status":"closed","ping_status":"closed","sticky":false,"template":"","format":"standard","meta":{"_acf_changed":false,"footnotes":""},"categories":[14,15],"tags":[],"class_list":["post-30793","post","type-post","status-publish","format-standard","has-post-thumbnail","hentry","category-de-la-iglesia-mundial","category-rss-espanol"],"acf":[],"yoast_head":"<!-- This site is optimized with the Yoast SEO plugin v27.3 - https:\/\/yoast.com\/product\/yoast-seo-wordpress\/ -->\n<title>Dirigentes de la iglesia confirman que murieron 10 adventistas en la masacre en la Universidad Garissa - Iglesia Adventista del S\u00e9ptimo D\u00eda - Divisi\u00f3n Interamericana<\/title>\n<meta name=\"robots\" content=\"index, follow, max-snippet:-1, max-image-preview:large, max-video-preview:-1\" \/>\n<link rel=\"canonical\" href=\"https:\/\/interamerica.org\/es\/2015\/04\/dirigentes-de-la-iglesia-confirman-que-murieron-10-adventistas-en-la-masacre-en-la-universidad-garissa\/\" \/>\n<meta property=\"og:locale\" content=\"es_ES\" \/>\n<meta property=\"og:type\" content=\"article\" \/>\n<meta property=\"og:title\" content=\"Dirigentes de la iglesia confirman que murieron 10 adventistas en la masacre en la Universidad Garissa - Iglesia Adventista del S\u00e9ptimo D\u00eda - Divisi\u00f3n Interamericana\" \/>\n<meta property=\"og:description\" content=\"Hombres armados irrumpieron en el Colegio Universidad Garissa, en Garissa, Kenia, el jueves 2 de abril, dejando un estimado de 147 personas muertas. Se ha informado que miembros de un grupo terrorista hicieron blanco de estudiantes cristianos y los asesinaron, incluyendo a 10 adventistas del s\u00e9ptimo d\u00eda.  Entre las personas fallecidas figura Eric Nyumbuto, el l\u00edder de la Iglesia Adventista en el plantel de la Universidad.\" \/>\n<meta property=\"og:url\" content=\"https:\/\/interamerica.org\/es\/2015\/04\/dirigentes-de-la-iglesia-confirman-que-murieron-10-adventistas-en-la-masacre-en-la-universidad-garissa\/\" \/>\n<meta property=\"og:site_name\" content=\"Iglesia Adventista del S\u00e9ptimo D\u00eda - Divisi\u00f3n Interamericana\" \/>\n<meta property=\"article:published_time\" content=\"2015-04-11T04:00:00+00:00\" \/>\n<meta property=\"og:image\" content=\"https:\/\/interamerica.org\/wp-content\/uploads\/2017\/06\/csm_Kenya_9b89730a84.jpg\" \/>\n\t<meta property=\"og:image:width\" content=\"400\" \/>\n\t<meta property=\"og:image:height\" content=\"280\" \/>\n\t<meta property=\"og:image:type\" content=\"image\/jpeg\" \/>\n<meta name=\"author\" content=\"Lorenzo Verduzco\" \/>\n<meta name=\"twitter:card\" content=\"summary_large_image\" \/>\n<meta name=\"twitter:label1\" content=\"Escrito por\" \/>\n\t<meta name=\"twitter:data1\" content=\"Lorenzo Verduzco\" \/>\n\t<meta name=\"twitter:label2\" content=\"Tiempo de lectura\" \/>\n\t<meta name=\"twitter:data2\" content=\"2 minutos\" \/>\n<script type=\"application\/ld+json\" class=\"yoast-schema-graph\">{\"@context\":\"https:\\\/\\\/schema.org\",\"@graph\":[{\"@type\":\"Article\",\"@id\":\"https:\\\/\\\/interamerica.org\\\/es\\\/2015\\\/04\\\/dirigentes-de-la-iglesia-confirman-que-murieron-10-adventistas-en-la-masacre-en-la-universidad-garissa\\\/#article\",\"isPartOf\":{\"@id\":\"https:\\\/\\\/interamerica.org\\\/es\\\/2015\\\/04\\\/dirigentes-de-la-iglesia-confirman-que-murieron-10-adventistas-en-la-masacre-en-la-universidad-garissa\\\/\"},\"author\":{\"name\":\"Lorenzo Verduzco\",\"@id\":\"https:\\\/\\\/interamerica.org\\\/es\\\/#\\\/schema\\\/person\\\/68ede8bdc292885bb76c1e3810e73c39\"},\"headline\":\"Dirigentes de la iglesia confirman que murieron 10 adventistas en la masacre en la Universidad Garissa\",\"datePublished\":\"2015-04-11T04:00:00+00:00\",\"mainEntityOfPage\":{\"@id\":\"https:\\\/\\\/interamerica.org\\\/es\\\/2015\\\/04\\\/dirigentes-de-la-iglesia-confirman-que-murieron-10-adventistas-en-la-masacre-en-la-universidad-garissa\\\/\"},\"wordCount\":382,\"image\":{\"@id\":\"https:\\\/\\\/interamerica.org\\\/es\\\/2015\\\/04\\\/dirigentes-de-la-iglesia-confirman-que-murieron-10-adventistas-en-la-masacre-en-la-universidad-garissa\\\/#primaryimage\"},\"thumbnailUrl\":\"https:\\\/\\\/interamerica.org\\\/wp-content\\\/uploads\\\/2017\\\/06\\\/csm_Kenya_9b89730a84.jpg\",\"articleSection\":[\"Desde la iglesia mundial\",\"RSS Espa\u00f1ol\"],\"inLanguage\":\"es\"},{\"@type\":\"WebPage\",\"@id\":\"https:\\\/\\\/interamerica.org\\\/es\\\/2015\\\/04\\\/dirigentes-de-la-iglesia-confirman-que-murieron-10-adventistas-en-la-masacre-en-la-universidad-garissa\\\/\",\"url\":\"https:\\\/\\\/interamerica.org\\\/es\\\/2015\\\/04\\\/dirigentes-de-la-iglesia-confirman-que-murieron-10-adventistas-en-la-masacre-en-la-universidad-garissa\\\/\",\"name\":\"Dirigentes de la iglesia confirman que murieron 10 adventistas en la masacre en la Universidad Garissa - Iglesia Adventista del S\u00e9ptimo D\u00eda - Divisi\u00f3n Interamericana\",\"isPartOf\":{\"@id\":\"https:\\\/\\\/interamerica.org\\\/es\\\/#website\"},\"primaryImageOfPage\":{\"@id\":\"https:\\\/\\\/interamerica.org\\\/es\\\/2015\\\/04\\\/dirigentes-de-la-iglesia-confirman-que-murieron-10-adventistas-en-la-masacre-en-la-universidad-garissa\\\/#primaryimage\"},\"image\":{\"@id\":\"https:\\\/\\\/interamerica.org\\\/es\\\/2015\\\/04\\\/dirigentes-de-la-iglesia-confirman-que-murieron-10-adventistas-en-la-masacre-en-la-universidad-garissa\\\/#primaryimage\"},\"thumbnailUrl\":\"https:\\\/\\\/interamerica.org\\\/wp-content\\\/uploads\\\/2017\\\/06\\\/csm_Kenya_9b89730a84.jpg\",\"datePublished\":\"2015-04-11T04:00:00+00:00\",\"author\":{\"@id\":\"https:\\\/\\\/interamerica.org\\\/es\\\/#\\\/schema\\\/person\\\/68ede8bdc292885bb76c1e3810e73c39\"},\"breadcrumb\":{\"@id\":\"https:\\\/\\\/interamerica.org\\\/es\\\/2015\\\/04\\\/dirigentes-de-la-iglesia-confirman-que-murieron-10-adventistas-en-la-masacre-en-la-universidad-garissa\\\/#breadcrumb\"},\"inLanguage\":\"es\",\"potentialAction\":[{\"@type\":\"ReadAction\",\"target\":[\"https:\\\/\\\/interamerica.org\\\/es\\\/2015\\\/04\\\/dirigentes-de-la-iglesia-confirman-que-murieron-10-adventistas-en-la-masacre-en-la-universidad-garissa\\\/\"]}]},{\"@type\":\"ImageObject\",\"inLanguage\":\"es\",\"@id\":\"https:\\\/\\\/interamerica.org\\\/es\\\/2015\\\/04\\\/dirigentes-de-la-iglesia-confirman-que-murieron-10-adventistas-en-la-masacre-en-la-universidad-garissa\\\/#primaryimage\",\"url\":\"https:\\\/\\\/interamerica.org\\\/wp-content\\\/uploads\\\/2017\\\/06\\\/csm_Kenya_9b89730a84.jpg\",\"contentUrl\":\"https:\\\/\\\/interamerica.org\\\/wp-content\\\/uploads\\\/2017\\\/06\\\/csm_Kenya_9b89730a84.jpg\",\"width\":400,\"height\":280},{\"@type\":\"BreadcrumbList\",\"@id\":\"https:\\\/\\\/interamerica.org\\\/es\\\/2015\\\/04\\\/dirigentes-de-la-iglesia-confirman-que-murieron-10-adventistas-en-la-masacre-en-la-universidad-garissa\\\/#breadcrumb\",\"itemListElement\":[{\"@type\":\"ListItem\",\"position\":1,\"name\":\"Home\",\"item\":\"https:\\\/\\\/interamerica.org\\\/es\\\/\"},{\"@type\":\"ListItem\",\"position\":2,\"name\":\"Dirigentes de la iglesia confirman que murieron 10 adventistas en la masacre en la Universidad Garissa\"}]},{\"@type\":\"WebSite\",\"@id\":\"https:\\\/\\\/interamerica.org\\\/es\\\/#website\",\"url\":\"https:\\\/\\\/interamerica.org\\\/es\\\/\",\"name\":\"Iglesia Adventista del S\u00e9ptimo D\u00eda - Divisi\u00f3n Interamericana\",\"description\":\"\",\"potentialAction\":[{\"@type\":\"SearchAction\",\"target\":{\"@type\":\"EntryPoint\",\"urlTemplate\":\"https:\\\/\\\/interamerica.org\\\/es\\\/?s={search_term_string}\"},\"query-input\":{\"@type\":\"PropertyValueSpecification\",\"valueRequired\":true,\"valueName\":\"search_term_string\"}}],\"inLanguage\":\"es\"},{\"@type\":\"Person\",\"@id\":\"https:\\\/\\\/interamerica.org\\\/es\\\/#\\\/schema\\\/person\\\/68ede8bdc292885bb76c1e3810e73c39\",\"name\":\"Lorenzo Verduzco\",\"image\":{\"@type\":\"ImageObject\",\"inLanguage\":\"es\",\"@id\":\"https:\\\/\\\/secure.gravatar.com\\\/avatar\\\/fb81a55b6218459490a9c1dc841a34909185b81904c5337b4b27f7a6fd60c49e?s=96&d=mm&r=g\",\"url\":\"https:\\\/\\\/secure.gravatar.com\\\/avatar\\\/fb81a55b6218459490a9c1dc841a34909185b81904c5337b4b27f7a6fd60c49e?s=96&d=mm&r=g\",\"contentUrl\":\"https:\\\/\\\/secure.gravatar.com\\\/avatar\\\/fb81a55b6218459490a9c1dc841a34909185b81904c5337b4b27f7a6fd60c49e?s=96&d=mm&r=g\",\"caption\":\"Lorenzo Verduzco\"}}]}<\/script>\n<!-- \/ Yoast SEO plugin. -->","yoast_head_json":{"title":"Dirigentes de la iglesia confirman que murieron 10 adventistas en la masacre en la Universidad Garissa - Iglesia Adventista del S\u00e9ptimo D\u00eda - Divisi\u00f3n Interamericana","robots":{"index":"index","follow":"follow","max-snippet":"max-snippet:-1","max-image-preview":"max-image-preview:large","max-video-preview":"max-video-preview:-1"},"canonical":"https:\/\/interamerica.org\/es\/2015\/04\/dirigentes-de-la-iglesia-confirman-que-murieron-10-adventistas-en-la-masacre-en-la-universidad-garissa\/","og_locale":"es_ES","og_type":"article","og_title":"Dirigentes de la iglesia confirman que murieron 10 adventistas en la masacre en la Universidad Garissa - Iglesia Adventista del S\u00e9ptimo D\u00eda - Divisi\u00f3n Interamericana","og_description":"Hombres armados irrumpieron en el Colegio Universidad Garissa, en Garissa, Kenia, el jueves 2 de abril, dejando un estimado de 147 personas muertas. Se ha informado que miembros de un grupo terrorista hicieron blanco de estudiantes cristianos y los asesinaron, incluyendo a 10 adventistas del s\u00e9ptimo d\u00eda.  Entre las personas fallecidas figura Eric Nyumbuto, el l\u00edder de la Iglesia Adventista en el plantel de la Universidad.","og_url":"https:\/\/interamerica.org\/es\/2015\/04\/dirigentes-de-la-iglesia-confirman-que-murieron-10-adventistas-en-la-masacre-en-la-universidad-garissa\/","og_site_name":"Iglesia Adventista del S\u00e9ptimo D\u00eda - Divisi\u00f3n Interamericana","article_published_time":"2015-04-11T04:00:00+00:00","og_image":[{"width":400,"height":280,"url":"https:\/\/interamerica.org\/wp-content\/uploads\/2017\/06\/csm_Kenya_9b89730a84.jpg","type":"image\/jpeg"}],"author":"Lorenzo Verduzco","twitter_card":"summary_large_image","twitter_misc":{"Escrito por":"Lorenzo Verduzco","Tiempo de lectura":"2 minutos"},"schema":{"@context":"https:\/\/schema.org","@graph":[{"@type":"Article","@id":"https:\/\/interamerica.org\/es\/2015\/04\/dirigentes-de-la-iglesia-confirman-que-murieron-10-adventistas-en-la-masacre-en-la-universidad-garissa\/#article","isPartOf":{"@id":"https:\/\/interamerica.org\/es\/2015\/04\/dirigentes-de-la-iglesia-confirman-que-murieron-10-adventistas-en-la-masacre-en-la-universidad-garissa\/"},"author":{"name":"Lorenzo Verduzco","@id":"https:\/\/interamerica.org\/es\/#\/schema\/person\/68ede8bdc292885bb76c1e3810e73c39"},"headline":"Dirigentes de la iglesia confirman que murieron 10 adventistas en la masacre en la Universidad Garissa","datePublished":"2015-04-11T04:00:00+00:00","mainEntityOfPage":{"@id":"https:\/\/interamerica.org\/es\/2015\/04\/dirigentes-de-la-iglesia-confirman-que-murieron-10-adventistas-en-la-masacre-en-la-universidad-garissa\/"},"wordCount":382,"image":{"@id":"https:\/\/interamerica.org\/es\/2015\/04\/dirigentes-de-la-iglesia-confirman-que-murieron-10-adventistas-en-la-masacre-en-la-universidad-garissa\/#primaryimage"},"thumbnailUrl":"https:\/\/interamerica.org\/wp-content\/uploads\/2017\/06\/csm_Kenya_9b89730a84.jpg","articleSection":["Desde la iglesia mundial","RSS Espa\u00f1ol"],"inLanguage":"es"},{"@type":"WebPage","@id":"https:\/\/interamerica.org\/es\/2015\/04\/dirigentes-de-la-iglesia-confirman-que-murieron-10-adventistas-en-la-masacre-en-la-universidad-garissa\/","url":"https:\/\/interamerica.org\/es\/2015\/04\/dirigentes-de-la-iglesia-confirman-que-murieron-10-adventistas-en-la-masacre-en-la-universidad-garissa\/","name":"Dirigentes de la iglesia confirman que murieron 10 adventistas en la masacre en la Universidad Garissa - Iglesia Adventista del S\u00e9ptimo D\u00eda - Divisi\u00f3n Interamericana","isPartOf":{"@id":"https:\/\/interamerica.org\/es\/#website"},"primaryImageOfPage":{"@id":"https:\/\/interamerica.org\/es\/2015\/04\/dirigentes-de-la-iglesia-confirman-que-murieron-10-adventistas-en-la-masacre-en-la-universidad-garissa\/#primaryimage"},"image":{"@id":"https:\/\/interamerica.org\/es\/2015\/04\/dirigentes-de-la-iglesia-confirman-que-murieron-10-adventistas-en-la-masacre-en-la-universidad-garissa\/#primaryimage"},"thumbnailUrl":"https:\/\/interamerica.org\/wp-content\/uploads\/2017\/06\/csm_Kenya_9b89730a84.jpg","datePublished":"2015-04-11T04:00:00+00:00","author":{"@id":"https:\/\/interamerica.org\/es\/#\/schema\/person\/68ede8bdc292885bb76c1e3810e73c39"},"breadcrumb":{"@id":"https:\/\/interamerica.org\/es\/2015\/04\/dirigentes-de-la-iglesia-confirman-que-murieron-10-adventistas-en-la-masacre-en-la-universidad-garissa\/#breadcrumb"},"inLanguage":"es","potentialAction":[{"@type":"ReadAction","target":["https:\/\/interamerica.org\/es\/2015\/04\/dirigentes-de-la-iglesia-confirman-que-murieron-10-adventistas-en-la-masacre-en-la-universidad-garissa\/"]}]},{"@type":"ImageObject","inLanguage":"es","@id":"https:\/\/interamerica.org\/es\/2015\/04\/dirigentes-de-la-iglesia-confirman-que-murieron-10-adventistas-en-la-masacre-en-la-universidad-garissa\/#primaryimage","url":"https:\/\/interamerica.org\/wp-content\/uploads\/2017\/06\/csm_Kenya_9b89730a84.jpg","contentUrl":"https:\/\/interamerica.org\/wp-content\/uploads\/2017\/06\/csm_Kenya_9b89730a84.jpg","width":400,"height":280},{"@type":"BreadcrumbList","@id":"https:\/\/interamerica.org\/es\/2015\/04\/dirigentes-de-la-iglesia-confirman-que-murieron-10-adventistas-en-la-masacre-en-la-universidad-garissa\/#breadcrumb","itemListElement":[{"@type":"ListItem","position":1,"name":"Home","item":"https:\/\/interamerica.org\/es\/"},{"@type":"ListItem","position":2,"name":"Dirigentes de la iglesia confirman que murieron 10 adventistas en la masacre en la Universidad Garissa"}]},{"@type":"WebSite","@id":"https:\/\/interamerica.org\/es\/#website","url":"https:\/\/interamerica.org\/es\/","name":"Iglesia Adventista del S\u00e9ptimo D\u00eda - Divisi\u00f3n Interamericana","description":"","potentialAction":[{"@type":"SearchAction","target":{"@type":"EntryPoint","urlTemplate":"https:\/\/interamerica.org\/es\/?s={search_term_string}"},"query-input":{"@type":"PropertyValueSpecification","valueRequired":true,"valueName":"search_term_string"}}],"inLanguage":"es"},{"@type":"Person","@id":"https:\/\/interamerica.org\/es\/#\/schema\/person\/68ede8bdc292885bb76c1e3810e73c39","name":"Lorenzo Verduzco","image":{"@type":"ImageObject","inLanguage":"es","@id":"https:\/\/secure.gravatar.com\/avatar\/fb81a55b6218459490a9c1dc841a34909185b81904c5337b4b27f7a6fd60c49e?s=96&d=mm&r=g","url":"https:\/\/secure.gravatar.com\/avatar\/fb81a55b6218459490a9c1dc841a34909185b81904c5337b4b27f7a6fd60c49e?s=96&d=mm&r=g","contentUrl":"https:\/\/secure.gravatar.com\/avatar\/fb81a55b6218459490a9c1dc841a34909185b81904c5337b4b27f7a6fd60c49e?s=96&d=mm&r=g","caption":"Lorenzo Verduzco"}}]}},"_links":{"self":[{"href":"https:\/\/interamerica.org\/es\/wp-json\/wp\/v2\/posts\/30793","targetHints":{"allow":["GET"]}}],"collection":[{"href":"https:\/\/interamerica.org\/es\/wp-json\/wp\/v2\/posts"}],"about":[{"href":"https:\/\/interamerica.org\/es\/wp-json\/wp\/v2\/types\/post"}],"author":[{"embeddable":true,"href":"https:\/\/interamerica.org\/es\/wp-json\/wp\/v2\/users\/1"}],"replies":[{"embeddable":true,"href":"https:\/\/interamerica.org\/es\/wp-json\/wp\/v2\/comments?post=30793"}],"version-history":[{"count":0,"href":"https:\/\/interamerica.org\/es\/wp-json\/wp\/v2\/posts\/30793\/revisions"}],"wp:featuredmedia":[{"embeddable":true,"href":"https:\/\/interamerica.org\/es\/wp-json\/wp\/v2\/media\/24984"}],"wp:attachment":[{"href":"https:\/\/interamerica.org\/es\/wp-json\/wp\/v2\/media?parent=30793"}],"wp:term":[{"taxonomy":"category","embeddable":true,"href":"https:\/\/interamerica.org\/es\/wp-json\/wp\/v2\/categories?post=30793"},{"taxonomy":"post_tag","embeddable":true,"href":"https:\/\/interamerica.org\/es\/wp-json\/wp\/v2\/tags?post=30793"}],"curies":[{"name":"wp","href":"https:\/\/api.w.org\/{rel}","templated":true}]}}