{"id":30794,"date":"2015-04-11T00:00:00","date_gmt":"2015-04-11T04:00:00","guid":{"rendered":"http:\/\/192.81.217.108\/interamerica\/2015\/04\/el-canal-hope-inicia-campana-para-reconstruir-las-iglesias-de-vanuatu\/"},"modified":"2015-04-11T00:00:00","modified_gmt":"2015-04-11T04:00:00","slug":"el-canal-hope-inicia-campana-para-reconstruir-las-iglesias-de-vanuatu","status":"publish","type":"post","link":"https:\/\/interamerica.org\/es\/2015\/04\/el-canal-hope-inicia-campana-para-reconstruir-las-iglesias-de-vanuatu\/","title":{"rendered":"El Canal Hope inicia campa\u00f1a para reconstruir las iglesias de Vanuatu"},"content":{"rendered":"<div id=\"attachment_16309\" style=\"width: 710px\" class=\"wp-caption aligncenter\"><a href=\"\/interamerica\/wp-content\/uploads\/2017\/06\/rsz_devastation_after_cyclone_pam_14_march_20151.jpg\" rel=\"fancybox\" title=\"El Canal Hope inicia campa\u00f1a para reconstruir las iglesias de Vanuatu\"><img fetchpriority=\"high\" decoding=\"async\" aria-describedby=\"caption-attachment-16309\" class=\" wp-image-16309\" src=\"\/interamerica\/wp-content\/uploads\/2017\/06\/rsz_devastation_after_cyclone_pam_14_march_20151.jpg\" alt=\"\" width=\"700\" height=\"349\" \/><\/a><p id=\"caption-attachment-16309\" class=\"wp-caption-text\">Cicl\u00f3n Pam afectando a la capital de Vanuatu capital, Port Vila, el 14 de marzo Foto: Graham Crumb\/Humans of Vanuatu<\/p><\/div>\n<p>10 de abril de 2015 | Linden Chuang y Adventist Review<\/p>\n<p>El Canal Hope ha establecido un fondo especial para recolectar dinero para reconstruir las 53 iglesias adventistas destruidas el mes pasado por el Cicl\u00f3n Pam en la naci\u00f3n insular de Vanuatu, en el Pac\u00edfico Sur.<\/p>\n<p>\u00abLa Iglesia Adventista necesita nuestra ayuda para reconstruir\u00bb, expres\u00f3 el canal de la Iglesia Adventista en un llamado publicado en su sitio web. \u00abDe un poco para ayudar mucho a Vanuatu\u00bb.<\/p>\n<p>La Iglesia Adventista del S\u00e9ptimo D\u00eda perdi\u00f3 53 de sus 85 templos debido a la tormenta de Categor\u00eda 5, seg\u00fan la Misi\u00f3n de Vanuatu de la denominaci\u00f3n. Varias escuelas y cientos de casas de los miembros tambi\u00e9n fueron destruidas.<\/p>\n<p>El gobierno de Vanuatu podr\u00eda brindar ayuda para reconstruir las escuelas, y organizaciones tales como la Agencia Adventista de Desarrollo y Recursos Asistenciales est\u00e1n ayudando a los afectados por la cat\u00e1strofe.<\/p>\n<p>A pesar de ello, no hay dinero para reconstruir los templos, que no estaban asegurados.<\/p>\n<p>\u00abLa mayor necesidad es [&#8230;] que la iglesia del Pac\u00edfico Sur se una para reconstruir la p\u00e9rdida de la iglesia\u00bb, dijo Francois Keet, tesorero de la Uni\u00f3n Misi\u00f3n del Transpac\u00edfico de la Iglesia Adventista. \u00abEsta es acaso una de las cat\u00e1strofes de las islas del Pac\u00edfico en las que la iglesia ha sufrido la mayor p\u00e9rdida de su historia\u00bb.<\/p>\n<p>Y a\u00fan no est\u00e1 claro cu\u00e1nto costar\u00e1 reconstruir las iglesias.<\/p>\n<p>Glenn Townend, presidente de la Uni\u00f3n Misi\u00f3n del Transpac\u00edfico, afirm\u00f3 que la p\u00e9rdida de tantas iglesias adventistas hab\u00eda significado un gran golpe a las comunidades locales.<\/p>\n<p>\u00abHe estado en aldeas donde se re\u00fanen para el culto antes de salir a trabajar, y entonces despu\u00e9s de trabajar tambi\u00e9n se congregan, dado que la comunidad ha sido construida alrededor de la iglesia\u00bb, expres\u00f3. \u00abLas iglesias son fundamentales para la vida de las aldeas\u00bb.<\/p>\n<p>Los l\u00edderes de la iglesia afirman que la situaci\u00f3n es extremadamente seria, dado que muchos de los feligreses perdieron sus fuentes de ingresos como resultado del cicl\u00f3n, y por lo tanto se ven en apuros a la hora de apoyar la reconstrucci\u00f3n de sus casas e iglesias.<\/p>\n<p>Vanuatu tambi\u00e9n enfrenta un faltante de materiales de construcci\u00f3n, dado que el cicl\u00f3n destruy\u00f3 muchos \u00e1rboles.<\/p>\n<p>Por favor, visite\u00a0<a href=\"https:\/\/www.hopechannel.com\/donations\/vanuatu-appeal\">Hop.ec\/vanuatu<\/a>\u00a0para dejar su donaci\u00f3n. Tambi\u00e9n se encuentran disponibles\u00a0<a href=\"https:\/\/www.hopechannel.com\/watch\/playlists\/vanuatu-appeal\">varios avisos de televisi\u00f3n de treinta segundos<\/a>\u00a0que puede consultar en l\u00ednea y compartir con otros por los medios sociales. Los videos tambi\u00e9n pueden ser descargados en caso de que quieran ser pasados en las iglesias locales.<\/p>\n<p><em>Traducci\u00f3n de Marcos Paseggi<\/em><\/p>\n","protected":false},"excerpt":{"rendered":"<p>El Canal Hope ha establecido un fondo especial para recolectar dinero para reconstruir las 53 iglesias adventistas destruidas el mes pasado por el Cicl\u00f3n Pam en la naci\u00f3n insular de Vanuatu, en el Pac\u00edfico Sur. \u00abLa Iglesia Adventista necesita nuestra ayuda para reconstruir\u00bb, expres\u00f3 el canal de la Iglesia Adventista en un llamado publicado en su sitio web. <\/p>\n<p>\u00abDe un poco para ayudar mucho a Vanuatu\u00bb.<\/p>\n","protected":false},"author":1,"featured_media":24991,"comment_status":"closed","ping_status":"closed","sticky":false,"template":"","format":"standard","meta":{"_acf_changed":false,"footnotes":""},"categories":[14,15],"tags":[],"class_list":["post-30794","post","type-post","status-publish","format-standard","has-post-thumbnail","hentry","category-de-la-iglesia-mundial","category-rss-espanol"],"acf":[],"yoast_head":"<!-- This site is optimized with the Yoast SEO plugin v27.3 - https:\/\/yoast.com\/product\/yoast-seo-wordpress\/ -->\n<title>El Canal Hope inicia campa\u00f1a para reconstruir las iglesias de Vanuatu - Iglesia Adventista del S\u00e9ptimo D\u00eda - Divisi\u00f3n Interamericana<\/title>\n<meta name=\"robots\" content=\"index, follow, max-snippet:-1, max-image-preview:large, max-video-preview:-1\" \/>\n<link rel=\"canonical\" href=\"https:\/\/interamerica.org\/es\/2015\/04\/el-canal-hope-inicia-campana-para-reconstruir-las-iglesias-de-vanuatu\/\" \/>\n<meta property=\"og:locale\" content=\"es_ES\" \/>\n<meta property=\"og:type\" content=\"article\" \/>\n<meta property=\"og:title\" content=\"El Canal Hope inicia campa\u00f1a para reconstruir las iglesias de Vanuatu - Iglesia Adventista del S\u00e9ptimo D\u00eda - Divisi\u00f3n Interamericana\" \/>\n<meta property=\"og:description\" content=\"El Canal Hope ha establecido un fondo especial para recolectar dinero para reconstruir las 53 iglesias adventistas destruidas el mes pasado por el Cicl\u00f3n Pam en la naci\u00f3n insular de Vanuatu, en el Pac\u00edfico Sur. &quot;La Iglesia Adventista necesita nuestra ayuda para reconstruir&quot;, expres\u00f3 el canal de la Iglesia Adventista en un llamado publicado en su sitio web.  &quot;De un poco para ayudar mucho a Vanuatu&quot;.\" \/>\n<meta property=\"og:url\" content=\"https:\/\/interamerica.org\/es\/2015\/04\/el-canal-hope-inicia-campana-para-reconstruir-las-iglesias-de-vanuatu\/\" \/>\n<meta property=\"og:site_name\" content=\"Iglesia Adventista del S\u00e9ptimo D\u00eda - Divisi\u00f3n Interamericana\" \/>\n<meta property=\"article:published_time\" content=\"2015-04-11T04:00:00+00:00\" \/>\n<meta property=\"og:image\" content=\"https:\/\/interamerica.org\/wp-content\/uploads\/2017\/06\/rsz_devastation_after_cyclone_pam_14_march_20151.jpg\" \/>\n\t<meta property=\"og:image:width\" content=\"1000\" \/>\n\t<meta property=\"og:image:height\" content=\"499\" \/>\n\t<meta property=\"og:image:type\" content=\"image\/jpeg\" \/>\n<meta name=\"author\" content=\"Lorenzo Verduzco\" \/>\n<meta name=\"twitter:card\" content=\"summary_large_image\" \/>\n<meta name=\"twitter:label1\" content=\"Escrito por\" \/>\n\t<meta name=\"twitter:data1\" content=\"Lorenzo Verduzco\" \/>\n\t<meta name=\"twitter:label2\" content=\"Tiempo de lectura\" \/>\n\t<meta name=\"twitter:data2\" content=\"2 minutos\" \/>\n<script type=\"application\/ld+json\" class=\"yoast-schema-graph\">{\"@context\":\"https:\\\/\\\/schema.org\",\"@graph\":[{\"@type\":\"Article\",\"@id\":\"https:\\\/\\\/interamerica.org\\\/es\\\/2015\\\/04\\\/el-canal-hope-inicia-campana-para-reconstruir-las-iglesias-de-vanuatu\\\/#article\",\"isPartOf\":{\"@id\":\"https:\\\/\\\/interamerica.org\\\/es\\\/2015\\\/04\\\/el-canal-hope-inicia-campana-para-reconstruir-las-iglesias-de-vanuatu\\\/\"},\"author\":{\"name\":\"Lorenzo Verduzco\",\"@id\":\"https:\\\/\\\/interamerica.org\\\/es\\\/#\\\/schema\\\/person\\\/68ede8bdc292885bb76c1e3810e73c39\"},\"headline\":\"El Canal Hope inicia campa\u00f1a para reconstruir las iglesias de Vanuatu\",\"datePublished\":\"2015-04-11T04:00:00+00:00\",\"mainEntityOfPage\":{\"@id\":\"https:\\\/\\\/interamerica.org\\\/es\\\/2015\\\/04\\\/el-canal-hope-inicia-campana-para-reconstruir-las-iglesias-de-vanuatu\\\/\"},\"wordCount\":496,\"image\":{\"@id\":\"https:\\\/\\\/interamerica.org\\\/es\\\/2015\\\/04\\\/el-canal-hope-inicia-campana-para-reconstruir-las-iglesias-de-vanuatu\\\/#primaryimage\"},\"thumbnailUrl\":\"https:\\\/\\\/interamerica.org\\\/wp-content\\\/uploads\\\/2017\\\/06\\\/rsz_devastation_after_cyclone_pam_14_march_20151.jpg\",\"articleSection\":[\"Desde la iglesia mundial\",\"RSS Espa\u00f1ol\"],\"inLanguage\":\"es\"},{\"@type\":\"WebPage\",\"@id\":\"https:\\\/\\\/interamerica.org\\\/es\\\/2015\\\/04\\\/el-canal-hope-inicia-campana-para-reconstruir-las-iglesias-de-vanuatu\\\/\",\"url\":\"https:\\\/\\\/interamerica.org\\\/es\\\/2015\\\/04\\\/el-canal-hope-inicia-campana-para-reconstruir-las-iglesias-de-vanuatu\\\/\",\"name\":\"El Canal Hope inicia campa\u00f1a para reconstruir las iglesias de Vanuatu - Iglesia Adventista del S\u00e9ptimo D\u00eda - Divisi\u00f3n Interamericana\",\"isPartOf\":{\"@id\":\"https:\\\/\\\/interamerica.org\\\/es\\\/#website\"},\"primaryImageOfPage\":{\"@id\":\"https:\\\/\\\/interamerica.org\\\/es\\\/2015\\\/04\\\/el-canal-hope-inicia-campana-para-reconstruir-las-iglesias-de-vanuatu\\\/#primaryimage\"},\"image\":{\"@id\":\"https:\\\/\\\/interamerica.org\\\/es\\\/2015\\\/04\\\/el-canal-hope-inicia-campana-para-reconstruir-las-iglesias-de-vanuatu\\\/#primaryimage\"},\"thumbnailUrl\":\"https:\\\/\\\/interamerica.org\\\/wp-content\\\/uploads\\\/2017\\\/06\\\/rsz_devastation_after_cyclone_pam_14_march_20151.jpg\",\"datePublished\":\"2015-04-11T04:00:00+00:00\",\"author\":{\"@id\":\"https:\\\/\\\/interamerica.org\\\/es\\\/#\\\/schema\\\/person\\\/68ede8bdc292885bb76c1e3810e73c39\"},\"breadcrumb\":{\"@id\":\"https:\\\/\\\/interamerica.org\\\/es\\\/2015\\\/04\\\/el-canal-hope-inicia-campana-para-reconstruir-las-iglesias-de-vanuatu\\\/#breadcrumb\"},\"inLanguage\":\"es\",\"potentialAction\":[{\"@type\":\"ReadAction\",\"target\":[\"https:\\\/\\\/interamerica.org\\\/es\\\/2015\\\/04\\\/el-canal-hope-inicia-campana-para-reconstruir-las-iglesias-de-vanuatu\\\/\"]}]},{\"@type\":\"ImageObject\",\"inLanguage\":\"es\",\"@id\":\"https:\\\/\\\/interamerica.org\\\/es\\\/2015\\\/04\\\/el-canal-hope-inicia-campana-para-reconstruir-las-iglesias-de-vanuatu\\\/#primaryimage\",\"url\":\"https:\\\/\\\/interamerica.org\\\/wp-content\\\/uploads\\\/2017\\\/06\\\/rsz_devastation_after_cyclone_pam_14_march_20151.jpg\",\"contentUrl\":\"https:\\\/\\\/interamerica.org\\\/wp-content\\\/uploads\\\/2017\\\/06\\\/rsz_devastation_after_cyclone_pam_14_march_20151.jpg\",\"width\":1000,\"height\":499},{\"@type\":\"BreadcrumbList\",\"@id\":\"https:\\\/\\\/interamerica.org\\\/es\\\/2015\\\/04\\\/el-canal-hope-inicia-campana-para-reconstruir-las-iglesias-de-vanuatu\\\/#breadcrumb\",\"itemListElement\":[{\"@type\":\"ListItem\",\"position\":1,\"name\":\"Home\",\"item\":\"https:\\\/\\\/interamerica.org\\\/es\\\/\"},{\"@type\":\"ListItem\",\"position\":2,\"name\":\"El Canal Hope inicia campa\u00f1a para reconstruir las iglesias de Vanuatu\"}]},{\"@type\":\"WebSite\",\"@id\":\"https:\\\/\\\/interamerica.org\\\/es\\\/#website\",\"url\":\"https:\\\/\\\/interamerica.org\\\/es\\\/\",\"name\":\"Iglesia Adventista del S\u00e9ptimo D\u00eda - Divisi\u00f3n Interamericana\",\"description\":\"\",\"potentialAction\":[{\"@type\":\"SearchAction\",\"target\":{\"@type\":\"EntryPoint\",\"urlTemplate\":\"https:\\\/\\\/interamerica.org\\\/es\\\/?s={search_term_string}\"},\"query-input\":{\"@type\":\"PropertyValueSpecification\",\"valueRequired\":true,\"valueName\":\"search_term_string\"}}],\"inLanguage\":\"es\"},{\"@type\":\"Person\",\"@id\":\"https:\\\/\\\/interamerica.org\\\/es\\\/#\\\/schema\\\/person\\\/68ede8bdc292885bb76c1e3810e73c39\",\"name\":\"Lorenzo Verduzco\",\"image\":{\"@type\":\"ImageObject\",\"inLanguage\":\"es\",\"@id\":\"https:\\\/\\\/secure.gravatar.com\\\/avatar\\\/fb81a55b6218459490a9c1dc841a34909185b81904c5337b4b27f7a6fd60c49e?s=96&d=mm&r=g\",\"url\":\"https:\\\/\\\/secure.gravatar.com\\\/avatar\\\/fb81a55b6218459490a9c1dc841a34909185b81904c5337b4b27f7a6fd60c49e?s=96&d=mm&r=g\",\"contentUrl\":\"https:\\\/\\\/secure.gravatar.com\\\/avatar\\\/fb81a55b6218459490a9c1dc841a34909185b81904c5337b4b27f7a6fd60c49e?s=96&d=mm&r=g\",\"caption\":\"Lorenzo Verduzco\"}}]}<\/script>\n<!-- \/ Yoast SEO plugin. -->","yoast_head_json":{"title":"El Canal Hope inicia campa\u00f1a para reconstruir las iglesias de Vanuatu - Iglesia Adventista del S\u00e9ptimo D\u00eda - Divisi\u00f3n Interamericana","robots":{"index":"index","follow":"follow","max-snippet":"max-snippet:-1","max-image-preview":"max-image-preview:large","max-video-preview":"max-video-preview:-1"},"canonical":"https:\/\/interamerica.org\/es\/2015\/04\/el-canal-hope-inicia-campana-para-reconstruir-las-iglesias-de-vanuatu\/","og_locale":"es_ES","og_type":"article","og_title":"El Canal Hope inicia campa\u00f1a para reconstruir las iglesias de Vanuatu - Iglesia Adventista del S\u00e9ptimo D\u00eda - Divisi\u00f3n Interamericana","og_description":"El Canal Hope ha establecido un fondo especial para recolectar dinero para reconstruir las 53 iglesias adventistas destruidas el mes pasado por el Cicl\u00f3n Pam en la naci\u00f3n insular de Vanuatu, en el Pac\u00edfico Sur. \"La Iglesia Adventista necesita nuestra ayuda para reconstruir\", expres\u00f3 el canal de la Iglesia Adventista en un llamado publicado en su sitio web.  \"De un poco para ayudar mucho a Vanuatu\".","og_url":"https:\/\/interamerica.org\/es\/2015\/04\/el-canal-hope-inicia-campana-para-reconstruir-las-iglesias-de-vanuatu\/","og_site_name":"Iglesia Adventista del S\u00e9ptimo D\u00eda - Divisi\u00f3n Interamericana","article_published_time":"2015-04-11T04:00:00+00:00","og_image":[{"width":1000,"height":499,"url":"https:\/\/interamerica.org\/wp-content\/uploads\/2017\/06\/rsz_devastation_after_cyclone_pam_14_march_20151.jpg","type":"image\/jpeg"}],"author":"Lorenzo Verduzco","twitter_card":"summary_large_image","twitter_misc":{"Escrito por":"Lorenzo Verduzco","Tiempo de lectura":"2 minutos"},"schema":{"@context":"https:\/\/schema.org","@graph":[{"@type":"Article","@id":"https:\/\/interamerica.org\/es\/2015\/04\/el-canal-hope-inicia-campana-para-reconstruir-las-iglesias-de-vanuatu\/#article","isPartOf":{"@id":"https:\/\/interamerica.org\/es\/2015\/04\/el-canal-hope-inicia-campana-para-reconstruir-las-iglesias-de-vanuatu\/"},"author":{"name":"Lorenzo Verduzco","@id":"https:\/\/interamerica.org\/es\/#\/schema\/person\/68ede8bdc292885bb76c1e3810e73c39"},"headline":"El Canal Hope inicia campa\u00f1a para reconstruir las iglesias de Vanuatu","datePublished":"2015-04-11T04:00:00+00:00","mainEntityOfPage":{"@id":"https:\/\/interamerica.org\/es\/2015\/04\/el-canal-hope-inicia-campana-para-reconstruir-las-iglesias-de-vanuatu\/"},"wordCount":496,"image":{"@id":"https:\/\/interamerica.org\/es\/2015\/04\/el-canal-hope-inicia-campana-para-reconstruir-las-iglesias-de-vanuatu\/#primaryimage"},"thumbnailUrl":"https:\/\/interamerica.org\/wp-content\/uploads\/2017\/06\/rsz_devastation_after_cyclone_pam_14_march_20151.jpg","articleSection":["Desde la iglesia mundial","RSS Espa\u00f1ol"],"inLanguage":"es"},{"@type":"WebPage","@id":"https:\/\/interamerica.org\/es\/2015\/04\/el-canal-hope-inicia-campana-para-reconstruir-las-iglesias-de-vanuatu\/","url":"https:\/\/interamerica.org\/es\/2015\/04\/el-canal-hope-inicia-campana-para-reconstruir-las-iglesias-de-vanuatu\/","name":"El Canal Hope inicia campa\u00f1a para reconstruir las iglesias de Vanuatu - Iglesia Adventista del S\u00e9ptimo D\u00eda - Divisi\u00f3n Interamericana","isPartOf":{"@id":"https:\/\/interamerica.org\/es\/#website"},"primaryImageOfPage":{"@id":"https:\/\/interamerica.org\/es\/2015\/04\/el-canal-hope-inicia-campana-para-reconstruir-las-iglesias-de-vanuatu\/#primaryimage"},"image":{"@id":"https:\/\/interamerica.org\/es\/2015\/04\/el-canal-hope-inicia-campana-para-reconstruir-las-iglesias-de-vanuatu\/#primaryimage"},"thumbnailUrl":"https:\/\/interamerica.org\/wp-content\/uploads\/2017\/06\/rsz_devastation_after_cyclone_pam_14_march_20151.jpg","datePublished":"2015-04-11T04:00:00+00:00","author":{"@id":"https:\/\/interamerica.org\/es\/#\/schema\/person\/68ede8bdc292885bb76c1e3810e73c39"},"breadcrumb":{"@id":"https:\/\/interamerica.org\/es\/2015\/04\/el-canal-hope-inicia-campana-para-reconstruir-las-iglesias-de-vanuatu\/#breadcrumb"},"inLanguage":"es","potentialAction":[{"@type":"ReadAction","target":["https:\/\/interamerica.org\/es\/2015\/04\/el-canal-hope-inicia-campana-para-reconstruir-las-iglesias-de-vanuatu\/"]}]},{"@type":"ImageObject","inLanguage":"es","@id":"https:\/\/interamerica.org\/es\/2015\/04\/el-canal-hope-inicia-campana-para-reconstruir-las-iglesias-de-vanuatu\/#primaryimage","url":"https:\/\/interamerica.org\/wp-content\/uploads\/2017\/06\/rsz_devastation_after_cyclone_pam_14_march_20151.jpg","contentUrl":"https:\/\/interamerica.org\/wp-content\/uploads\/2017\/06\/rsz_devastation_after_cyclone_pam_14_march_20151.jpg","width":1000,"height":499},{"@type":"BreadcrumbList","@id":"https:\/\/interamerica.org\/es\/2015\/04\/el-canal-hope-inicia-campana-para-reconstruir-las-iglesias-de-vanuatu\/#breadcrumb","itemListElement":[{"@type":"ListItem","position":1,"name":"Home","item":"https:\/\/interamerica.org\/es\/"},{"@type":"ListItem","position":2,"name":"El Canal Hope inicia campa\u00f1a para reconstruir las iglesias de Vanuatu"}]},{"@type":"WebSite","@id":"https:\/\/interamerica.org\/es\/#website","url":"https:\/\/interamerica.org\/es\/","name":"Iglesia Adventista del S\u00e9ptimo D\u00eda - Divisi\u00f3n Interamericana","description":"","potentialAction":[{"@type":"SearchAction","target":{"@type":"EntryPoint","urlTemplate":"https:\/\/interamerica.org\/es\/?s={search_term_string}"},"query-input":{"@type":"PropertyValueSpecification","valueRequired":true,"valueName":"search_term_string"}}],"inLanguage":"es"},{"@type":"Person","@id":"https:\/\/interamerica.org\/es\/#\/schema\/person\/68ede8bdc292885bb76c1e3810e73c39","name":"Lorenzo Verduzco","image":{"@type":"ImageObject","inLanguage":"es","@id":"https:\/\/secure.gravatar.com\/avatar\/fb81a55b6218459490a9c1dc841a34909185b81904c5337b4b27f7a6fd60c49e?s=96&d=mm&r=g","url":"https:\/\/secure.gravatar.com\/avatar\/fb81a55b6218459490a9c1dc841a34909185b81904c5337b4b27f7a6fd60c49e?s=96&d=mm&r=g","contentUrl":"https:\/\/secure.gravatar.com\/avatar\/fb81a55b6218459490a9c1dc841a34909185b81904c5337b4b27f7a6fd60c49e?s=96&d=mm&r=g","caption":"Lorenzo Verduzco"}}]}},"_links":{"self":[{"href":"https:\/\/interamerica.org\/es\/wp-json\/wp\/v2\/posts\/30794","targetHints":{"allow":["GET"]}}],"collection":[{"href":"https:\/\/interamerica.org\/es\/wp-json\/wp\/v2\/posts"}],"about":[{"href":"https:\/\/interamerica.org\/es\/wp-json\/wp\/v2\/types\/post"}],"author":[{"embeddable":true,"href":"https:\/\/interamerica.org\/es\/wp-json\/wp\/v2\/users\/1"}],"replies":[{"embeddable":true,"href":"https:\/\/interamerica.org\/es\/wp-json\/wp\/v2\/comments?post=30794"}],"version-history":[{"count":0,"href":"https:\/\/interamerica.org\/es\/wp-json\/wp\/v2\/posts\/30794\/revisions"}],"wp:featuredmedia":[{"embeddable":true,"href":"https:\/\/interamerica.org\/es\/wp-json\/wp\/v2\/media\/24991"}],"wp:attachment":[{"href":"https:\/\/interamerica.org\/es\/wp-json\/wp\/v2\/media?parent=30794"}],"wp:term":[{"taxonomy":"category","embeddable":true,"href":"https:\/\/interamerica.org\/es\/wp-json\/wp\/v2\/categories?post=30794"},{"taxonomy":"post_tag","embeddable":true,"href":"https:\/\/interamerica.org\/es\/wp-json\/wp\/v2\/tags?post=30794"}],"curies":[{"name":"wp","href":"https:\/\/api.w.org\/{rel}","templated":true}]}}