{"id":30795,"date":"2015-04-13T00:00:00","date_gmt":"2015-04-13T04:00:00","guid":{"rendered":"http:\/\/192.81.217.108\/interamerica\/2015\/04\/elena-g-white-tiene-un-nuevo-centro-de-primera-categoria\/"},"modified":"2015-04-13T00:00:00","modified_gmt":"2015-04-13T04:00:00","slug":"elena-g-white-tiene-un-nuevo-centro-de-primera-categoria","status":"publish","type":"post","link":"https:\/\/interamerica.org\/es\/2015\/04\/elena-g-white-tiene-un-nuevo-centro-de-primera-categoria\/","title":{"rendered":"Elena G. White tiene un nuevo centro de primera categor\u00eda"},"content":{"rendered":"<div id=\"attachment_16330\" style=\"width: 710px\" class=\"wp-caption aligncenter\"><a href=\"\/interamerica\/wp-content\/uploads\/2017\/06\/rsz_egw_estate-1.jpg\" rel=\"fancybox\" title=\"Elena G. White tiene un nuevo centro de primera categor\u00eda\"><img fetchpriority=\"high\" decoding=\"async\" aria-describedby=\"caption-attachment-16330\" class=\" wp-image-16330 \" src=\"\/interamerica\/wp-content\/uploads\/2017\/06\/rsz_egw_estate-1.jpg\" alt=\"\" width=\"700\" height=\"350\" \/><\/a><p id=\"caption-attachment-16330\" class=\"wp-caption-text\">James R. Nix (izquierda), y Ted N.C. Wilson inauguran un centro de visitas en el Patrimonio White este domingo 12 de abril. Imagen de Mylon Medley\/ANN<\/p><\/div>\n<p>13 de abril de 2015 | Silver Spring, Maryland, Estados Unidos | Andrew McChesney, director de noticias, Adventist Review<\/p>\n<p>James R. Nix, director del Patrimonio White, sinti\u00f3 un toque de celos cuando vio una estatua de Jos\u00e9 Smith.<\/p>\n<p>La estatua, que representaba a Smith en su comisi\u00f3n de profeta de la Iglesia de los Santos de Jesucristo de los \u00daltimos D\u00edas, capt\u00f3 la atenci\u00f3n de Nix cuando \u00e9l y su esposa entraron hace varios a\u00f1os a un centro de visitas de Salt Lake City, Utah, Estados Unidos.<\/p>\n<p>Mientras caminaba por all\u00ed, vio que un padre miraba la estatua con su hijo de unos 3 a\u00f1os.<\/p>\n<p>\u00abMira, hijo\u00bb, dijo el padre. \u00abAll\u00ed es donde Dios llam\u00f3 al profeta\u00bb.<\/p>\n<p>Nix se volvi\u00f3 a su esposa y le dijo: \u00ab\u00bfEn qu\u00e9 lugar de la Iglesia Adventista podr\u00eda tener esa clase de experiencia con mi hijo o mi nieto?\u00bb<\/p>\n<div id=\"attachment_16331\" style=\"width: 478px\" class=\"wp-caption alignright\"><a href=\"\/interamerica\/wp-content\/uploads\/2017\/06\/rsz_img_8367.jpg\" rel=\"fancybox\" title=\"Elena G. White tiene un nuevo centro de primera categor\u00eda\"><img decoding=\"async\" aria-describedby=\"caption-attachment-16331\" class=\" wp-image-16331   \" src=\"\/interamerica\/wp-content\/uploads\/2017\/06\/rsz_img_8367.jpg\" alt=\"\" width=\"468\" height=\"345\" \/><\/a><p id=\"caption-attachment-16331\" class=\"wp-caption-text\">El artista Nathan Greene analiza una pintura de la exhibici\u00f3n \u00abDel Ed\u00e9n al Ed\u00e9n\u00bb en el atrio. Fotograf\u00eda de Andrew McChesney \/AR<\/p><\/div>\n<p>El nuevo centro fue dedicado el domingo por la noche junto con una nueva biblioteca de investigaci\u00f3n del Instituto de Investigaciones B\u00edblicas, en el tercer piso, y la exposici\u00f3n de arte \u00abDel Ed\u00e9n al Ed\u00e9n\u00bb en el vest\u00edbulo y el atrio del primer piso. \u00abDel Ed\u00e9n al Ed\u00e9n\u00bb es una colecci\u00f3n de 78 cuadros originales de Nathan Green, Elfred Lee y otros artistas adventistas que representaron la historia de la redenci\u00f3n desde el Ed\u00e9n de Ad\u00e1n y Eva hasta el nuevo Ed\u00e9n despu\u00e9s del regreso de Cristo.<\/p>\n<p>Wilson dijo que la gente podr\u00eda preguntar por qu\u00e9 la iglesia decidi\u00f3 invertir en los cuadros y en el nuevo centro de visitas del Patrimonio White. La respuesta, dijo, es simple: Ambos permitir\u00e1n que la Iglesia Adventista comparta su esperanza en el pronto regreso de Cristo con los que no son miembros, los j\u00f3venes y muchas otras visitas que llegan cada a\u00f1o a la sede central de la iglesia.<\/p>\n<p>El centro de visitas del Patrimonio White est\u00e1 dividido en dos partes: una est\u00e1 dedicada a la vida de Elena White, quien los adventistas creen que ejerci\u00f3 el don b\u00edblico de profec\u00eda, y el otro a su ministerio. Las salas decoradas de manera inteligente abundan en libros amarillentos y muebles del siglo XIX, exhibiciones modernas y actividades interactivas para todas las edades.<\/p>\n<p>\u00abMe gusta la combinaci\u00f3n de lo hist\u00f3rico con la tecnolog\u00eda moderna\u00bb, dijo Alberto R. Timm, director asociado del Patrimonio White, quien acompa\u00f1\u00f3 a los l\u00edderes de la iglesia durante el recorrido vespertino.<\/p>\n<p>\u00abUno podr\u00eda pasarse literalmente una semana leyendo todo lo que est\u00e1 aqu\u00ed\u00bb, dijo Wilson.<\/p>\n<p>La remodelaci\u00f3n del centro demand\u00f3 ocho meses y fue asignada a Flip TV, una compa\u00f1\u00eda de producci\u00f3n operada por adventistas con sede en Laurel, Maryland, Estados Unidos. No se ha revelado el costo del proyecto, pero Nix dijo que durante a\u00f1os fue guardando dinero para juntar los fondos necesarios.<\/p>\n<p>Los recorridos del Patrimonio White comenzar\u00e1n el 1 de junio, y ser\u00e1n ofrecidos a la mitad de cada hora, de lunes a jueves.<\/p>\n<div id=\"attachment_16333\" style=\"width: 310px\" class=\"wp-caption alignleft\"><a href=\"\/interamerica\/wp-content\/uploads\/2017\/06\/rsz_img_83791.jpg\" rel=\"fancybox\" title=\"Elena G. White tiene un nuevo centro de primera categor\u00eda\"><img decoding=\"async\" aria-describedby=\"caption-attachment-16333\" class=\"size-medium wp-image-16333\" src=\"\/interamerica\/wp-content\/uploads\/2017\/06\/rsz_img_83791-300x225.jpg\" alt=\"\" width=\"300\" height=\"225\" \/><\/a><p id=\"caption-attachment-16333\" class=\"wp-caption-text\">El escultor Victor Issa posa con su busto de Elena G. White en el nuevo centro de visitas. Imagen de Andrew McChesney\/AR<\/p><\/div>\n<p>Victor Issa, un escultor adventista que acaso es mejor conocido por un conjunto de estatuas que representa la segunda venida de Cristo en el atrio de la sede central de la iglesia, contribuy\u00f3 con un busto de Elena G. White para el centro de visitas.<\/p>\n<p>Issa pens\u00f3 detenidamente cuando se le pregunt\u00f3 si esperaba que el busto tuviera un impacto tan grande sobre las visitas como lo tuvo la estatua de Smith sobre ese padre hace ya unos a\u00f1os.<\/p>\n<p>\u00abTengo la esperanza de que los j\u00f3venes y otras personas que vean esto sean parte del grupo que aguarda la segunda venida\u00bb, dijo.<\/p>\n<p>El incidente fue motivo de un sue\u00f1o que Nix finalmente vio hecho realidad este domingo con la dedicaci\u00f3n del nuevo centro de visitas del Patrimonio White. Los l\u00edderes de la iglesia declararon que la colecci\u00f3n de presentaci\u00f3n tan atractiva de documentos hist\u00f3ricos originales, conjunto de recuerdos y una presentaci\u00f3n de multimedios como el gran final que estar\u00e1 a la par de exhibiciones en los museos de primera categor\u00eda de la cercana ciudad de Washington D.C.<\/p>\n<p>\u00abEs un sue\u00f1o que ha estado leudando durante muchos, muchos a\u00f1os\u00bb, dijo Nix a un grupo de los principales l\u00edderes de la iglesia, que se reunieron en la sede central de la Iglesia Adventista en Silver Spring, Maryland, Estados Unidos, para el Concilio Anual, una de las reuniones administrativas anuales de la iglesia.<\/p>\n<p>Nix y otros l\u00edderes de la iglesia esperan que el nuevo centro de visitas permita que la gente descubra la historia de la Iglesia Adventista y en \u00faltimo t\u00e9rmino alcance una conexi\u00f3n m\u00e1s estrecha con la Biblia y con Cristo.<\/p>\n<p>\u00abQue siempre pueda llevar a las personas hacia la Palabra y, por sobre todas las cosas, a la Palabra Viviente\u00bb, dijo Ted N. C. Wilson, presidente de la Iglesia Adventista mundial, en una oraci\u00f3n de dedicaci\u00f3n del centro de visitas, ubicado en la planta baja de la sede central de la iglesia.<\/p>\n<p><em>Traducci\u00f3n de Marcos Paseggi<\/em><\/p>\n","protected":false},"excerpt":{"rendered":"<p>James R. Nix, director del Patrimonio White, sinti\u00f3 un toque de celos cuando vio una estatua de Jos\u00e9 Smith.<\/p>\n<p> La estatua, que representaba a Smith en su comisi\u00f3n de profeta de la Iglesia de los Santos de Jesucristo de los \u00daltimos D\u00edas, capt\u00f3 la atenci\u00f3n de Nix cuando \u00e9l y su esposa entraron hace varios a\u00f1os a un centro de visitas de Salt Lake City, Utah, Estados Unidos.<\/p>\n","protected":false},"author":1,"featured_media":24995,"comment_status":"closed","ping_status":"closed","sticky":false,"template":"","format":"standard","meta":{"_acf_changed":false,"footnotes":""},"categories":[14,15],"tags":[],"class_list":["post-30795","post","type-post","status-publish","format-standard","has-post-thumbnail","hentry","category-de-la-iglesia-mundial","category-rss-espanol"],"acf":[],"yoast_head":"<!-- This site is optimized with the Yoast SEO plugin v27.3 - https:\/\/yoast.com\/product\/yoast-seo-wordpress\/ -->\n<title>Elena G. White tiene un nuevo centro de primera categor\u00eda - Iglesia Adventista del S\u00e9ptimo D\u00eda - Divisi\u00f3n Interamericana<\/title>\n<meta name=\"robots\" content=\"index, follow, max-snippet:-1, max-image-preview:large, max-video-preview:-1\" \/>\n<link rel=\"canonical\" href=\"https:\/\/interamerica.org\/es\/2015\/04\/elena-g-white-tiene-un-nuevo-centro-de-primera-categoria\/\" \/>\n<meta property=\"og:locale\" content=\"es_ES\" \/>\n<meta property=\"og:type\" content=\"article\" \/>\n<meta property=\"og:title\" content=\"Elena G. White tiene un nuevo centro de primera categor\u00eda - Iglesia Adventista del S\u00e9ptimo D\u00eda - Divisi\u00f3n Interamericana\" \/>\n<meta property=\"og:description\" content=\"James R. Nix, director del Patrimonio White, sinti\u00f3 un toque de celos cuando vio una estatua de Jos\u00e9 Smith.  La estatua, que representaba a Smith en su comisi\u00f3n de profeta de la Iglesia de los Santos de Jesucristo de los \u00daltimos D\u00edas, capt\u00f3 la atenci\u00f3n de Nix cuando \u00e9l y su esposa entraron hace varios a\u00f1os a un centro de visitas de Salt Lake City, Utah, Estados Unidos.\" \/>\n<meta property=\"og:url\" content=\"https:\/\/interamerica.org\/es\/2015\/04\/elena-g-white-tiene-un-nuevo-centro-de-primera-categoria\/\" \/>\n<meta property=\"og:site_name\" content=\"Iglesia Adventista del S\u00e9ptimo D\u00eda - Divisi\u00f3n Interamericana\" \/>\n<meta property=\"article:published_time\" content=\"2015-04-13T04:00:00+00:00\" \/>\n<meta property=\"og:image\" content=\"https:\/\/interamerica.org\/wp-content\/uploads\/2017\/06\/rsz_egw_estate-1.jpg\" \/>\n\t<meta property=\"og:image:width\" content=\"1000\" \/>\n\t<meta property=\"og:image:height\" content=\"500\" \/>\n\t<meta property=\"og:image:type\" content=\"image\/jpeg\" \/>\n<meta name=\"author\" content=\"Lorenzo Verduzco\" \/>\n<meta name=\"twitter:card\" content=\"summary_large_image\" \/>\n<meta name=\"twitter:label1\" content=\"Escrito por\" \/>\n\t<meta name=\"twitter:data1\" content=\"Lorenzo Verduzco\" \/>\n\t<meta name=\"twitter:label2\" content=\"Tiempo de lectura\" \/>\n\t<meta name=\"twitter:data2\" content=\"5 minutos\" \/>\n<script type=\"application\/ld+json\" class=\"yoast-schema-graph\">{\"@context\":\"https:\\\/\\\/schema.org\",\"@graph\":[{\"@type\":\"Article\",\"@id\":\"https:\\\/\\\/interamerica.org\\\/es\\\/2015\\\/04\\\/elena-g-white-tiene-un-nuevo-centro-de-primera-categoria\\\/#article\",\"isPartOf\":{\"@id\":\"https:\\\/\\\/interamerica.org\\\/es\\\/2015\\\/04\\\/elena-g-white-tiene-un-nuevo-centro-de-primera-categoria\\\/\"},\"author\":{\"name\":\"Lorenzo Verduzco\",\"@id\":\"https:\\\/\\\/interamerica.org\\\/es\\\/#\\\/schema\\\/person\\\/68ede8bdc292885bb76c1e3810e73c39\"},\"headline\":\"Elena G. White tiene un nuevo centro de primera categor\u00eda\",\"datePublished\":\"2015-04-13T04:00:00+00:00\",\"mainEntityOfPage\":{\"@id\":\"https:\\\/\\\/interamerica.org\\\/es\\\/2015\\\/04\\\/elena-g-white-tiene-un-nuevo-centro-de-primera-categoria\\\/\"},\"wordCount\":966,\"image\":{\"@id\":\"https:\\\/\\\/interamerica.org\\\/es\\\/2015\\\/04\\\/elena-g-white-tiene-un-nuevo-centro-de-primera-categoria\\\/#primaryimage\"},\"thumbnailUrl\":\"https:\\\/\\\/interamerica.org\\\/wp-content\\\/uploads\\\/2017\\\/06\\\/rsz_egw_estate-1.jpg\",\"articleSection\":[\"Desde la iglesia mundial\",\"RSS Espa\u00f1ol\"],\"inLanguage\":\"es\"},{\"@type\":\"WebPage\",\"@id\":\"https:\\\/\\\/interamerica.org\\\/es\\\/2015\\\/04\\\/elena-g-white-tiene-un-nuevo-centro-de-primera-categoria\\\/\",\"url\":\"https:\\\/\\\/interamerica.org\\\/es\\\/2015\\\/04\\\/elena-g-white-tiene-un-nuevo-centro-de-primera-categoria\\\/\",\"name\":\"Elena G. White tiene un nuevo centro de primera categor\u00eda - Iglesia Adventista del S\u00e9ptimo D\u00eda - Divisi\u00f3n Interamericana\",\"isPartOf\":{\"@id\":\"https:\\\/\\\/interamerica.org\\\/es\\\/#website\"},\"primaryImageOfPage\":{\"@id\":\"https:\\\/\\\/interamerica.org\\\/es\\\/2015\\\/04\\\/elena-g-white-tiene-un-nuevo-centro-de-primera-categoria\\\/#primaryimage\"},\"image\":{\"@id\":\"https:\\\/\\\/interamerica.org\\\/es\\\/2015\\\/04\\\/elena-g-white-tiene-un-nuevo-centro-de-primera-categoria\\\/#primaryimage\"},\"thumbnailUrl\":\"https:\\\/\\\/interamerica.org\\\/wp-content\\\/uploads\\\/2017\\\/06\\\/rsz_egw_estate-1.jpg\",\"datePublished\":\"2015-04-13T04:00:00+00:00\",\"author\":{\"@id\":\"https:\\\/\\\/interamerica.org\\\/es\\\/#\\\/schema\\\/person\\\/68ede8bdc292885bb76c1e3810e73c39\"},\"breadcrumb\":{\"@id\":\"https:\\\/\\\/interamerica.org\\\/es\\\/2015\\\/04\\\/elena-g-white-tiene-un-nuevo-centro-de-primera-categoria\\\/#breadcrumb\"},\"inLanguage\":\"es\",\"potentialAction\":[{\"@type\":\"ReadAction\",\"target\":[\"https:\\\/\\\/interamerica.org\\\/es\\\/2015\\\/04\\\/elena-g-white-tiene-un-nuevo-centro-de-primera-categoria\\\/\"]}]},{\"@type\":\"ImageObject\",\"inLanguage\":\"es\",\"@id\":\"https:\\\/\\\/interamerica.org\\\/es\\\/2015\\\/04\\\/elena-g-white-tiene-un-nuevo-centro-de-primera-categoria\\\/#primaryimage\",\"url\":\"https:\\\/\\\/interamerica.org\\\/wp-content\\\/uploads\\\/2017\\\/06\\\/rsz_egw_estate-1.jpg\",\"contentUrl\":\"https:\\\/\\\/interamerica.org\\\/wp-content\\\/uploads\\\/2017\\\/06\\\/rsz_egw_estate-1.jpg\",\"width\":1000,\"height\":500},{\"@type\":\"BreadcrumbList\",\"@id\":\"https:\\\/\\\/interamerica.org\\\/es\\\/2015\\\/04\\\/elena-g-white-tiene-un-nuevo-centro-de-primera-categoria\\\/#breadcrumb\",\"itemListElement\":[{\"@type\":\"ListItem\",\"position\":1,\"name\":\"Home\",\"item\":\"https:\\\/\\\/interamerica.org\\\/es\\\/\"},{\"@type\":\"ListItem\",\"position\":2,\"name\":\"Elena G. White tiene un nuevo centro de primera categor\u00eda\"}]},{\"@type\":\"WebSite\",\"@id\":\"https:\\\/\\\/interamerica.org\\\/es\\\/#website\",\"url\":\"https:\\\/\\\/interamerica.org\\\/es\\\/\",\"name\":\"Iglesia Adventista del S\u00e9ptimo D\u00eda - Divisi\u00f3n Interamericana\",\"description\":\"\",\"potentialAction\":[{\"@type\":\"SearchAction\",\"target\":{\"@type\":\"EntryPoint\",\"urlTemplate\":\"https:\\\/\\\/interamerica.org\\\/es\\\/?s={search_term_string}\"},\"query-input\":{\"@type\":\"PropertyValueSpecification\",\"valueRequired\":true,\"valueName\":\"search_term_string\"}}],\"inLanguage\":\"es\"},{\"@type\":\"Person\",\"@id\":\"https:\\\/\\\/interamerica.org\\\/es\\\/#\\\/schema\\\/person\\\/68ede8bdc292885bb76c1e3810e73c39\",\"name\":\"Lorenzo Verduzco\",\"image\":{\"@type\":\"ImageObject\",\"inLanguage\":\"es\",\"@id\":\"https:\\\/\\\/secure.gravatar.com\\\/avatar\\\/fb81a55b6218459490a9c1dc841a34909185b81904c5337b4b27f7a6fd60c49e?s=96&d=mm&r=g\",\"url\":\"https:\\\/\\\/secure.gravatar.com\\\/avatar\\\/fb81a55b6218459490a9c1dc841a34909185b81904c5337b4b27f7a6fd60c49e?s=96&d=mm&r=g\",\"contentUrl\":\"https:\\\/\\\/secure.gravatar.com\\\/avatar\\\/fb81a55b6218459490a9c1dc841a34909185b81904c5337b4b27f7a6fd60c49e?s=96&d=mm&r=g\",\"caption\":\"Lorenzo Verduzco\"}}]}<\/script>\n<!-- \/ Yoast SEO plugin. -->","yoast_head_json":{"title":"Elena G. White tiene un nuevo centro de primera categor\u00eda - Iglesia Adventista del S\u00e9ptimo D\u00eda - Divisi\u00f3n Interamericana","robots":{"index":"index","follow":"follow","max-snippet":"max-snippet:-1","max-image-preview":"max-image-preview:large","max-video-preview":"max-video-preview:-1"},"canonical":"https:\/\/interamerica.org\/es\/2015\/04\/elena-g-white-tiene-un-nuevo-centro-de-primera-categoria\/","og_locale":"es_ES","og_type":"article","og_title":"Elena G. White tiene un nuevo centro de primera categor\u00eda - Iglesia Adventista del S\u00e9ptimo D\u00eda - Divisi\u00f3n Interamericana","og_description":"James R. Nix, director del Patrimonio White, sinti\u00f3 un toque de celos cuando vio una estatua de Jos\u00e9 Smith.  La estatua, que representaba a Smith en su comisi\u00f3n de profeta de la Iglesia de los Santos de Jesucristo de los \u00daltimos D\u00edas, capt\u00f3 la atenci\u00f3n de Nix cuando \u00e9l y su esposa entraron hace varios a\u00f1os a un centro de visitas de Salt Lake City, Utah, Estados Unidos.","og_url":"https:\/\/interamerica.org\/es\/2015\/04\/elena-g-white-tiene-un-nuevo-centro-de-primera-categoria\/","og_site_name":"Iglesia Adventista del S\u00e9ptimo D\u00eda - Divisi\u00f3n Interamericana","article_published_time":"2015-04-13T04:00:00+00:00","og_image":[{"width":1000,"height":500,"url":"https:\/\/interamerica.org\/wp-content\/uploads\/2017\/06\/rsz_egw_estate-1.jpg","type":"image\/jpeg"}],"author":"Lorenzo Verduzco","twitter_card":"summary_large_image","twitter_misc":{"Escrito por":"Lorenzo Verduzco","Tiempo de lectura":"5 minutos"},"schema":{"@context":"https:\/\/schema.org","@graph":[{"@type":"Article","@id":"https:\/\/interamerica.org\/es\/2015\/04\/elena-g-white-tiene-un-nuevo-centro-de-primera-categoria\/#article","isPartOf":{"@id":"https:\/\/interamerica.org\/es\/2015\/04\/elena-g-white-tiene-un-nuevo-centro-de-primera-categoria\/"},"author":{"name":"Lorenzo Verduzco","@id":"https:\/\/interamerica.org\/es\/#\/schema\/person\/68ede8bdc292885bb76c1e3810e73c39"},"headline":"Elena G. White tiene un nuevo centro de primera categor\u00eda","datePublished":"2015-04-13T04:00:00+00:00","mainEntityOfPage":{"@id":"https:\/\/interamerica.org\/es\/2015\/04\/elena-g-white-tiene-un-nuevo-centro-de-primera-categoria\/"},"wordCount":966,"image":{"@id":"https:\/\/interamerica.org\/es\/2015\/04\/elena-g-white-tiene-un-nuevo-centro-de-primera-categoria\/#primaryimage"},"thumbnailUrl":"https:\/\/interamerica.org\/wp-content\/uploads\/2017\/06\/rsz_egw_estate-1.jpg","articleSection":["Desde la iglesia mundial","RSS Espa\u00f1ol"],"inLanguage":"es"},{"@type":"WebPage","@id":"https:\/\/interamerica.org\/es\/2015\/04\/elena-g-white-tiene-un-nuevo-centro-de-primera-categoria\/","url":"https:\/\/interamerica.org\/es\/2015\/04\/elena-g-white-tiene-un-nuevo-centro-de-primera-categoria\/","name":"Elena G. White tiene un nuevo centro de primera categor\u00eda - Iglesia Adventista del S\u00e9ptimo D\u00eda - Divisi\u00f3n Interamericana","isPartOf":{"@id":"https:\/\/interamerica.org\/es\/#website"},"primaryImageOfPage":{"@id":"https:\/\/interamerica.org\/es\/2015\/04\/elena-g-white-tiene-un-nuevo-centro-de-primera-categoria\/#primaryimage"},"image":{"@id":"https:\/\/interamerica.org\/es\/2015\/04\/elena-g-white-tiene-un-nuevo-centro-de-primera-categoria\/#primaryimage"},"thumbnailUrl":"https:\/\/interamerica.org\/wp-content\/uploads\/2017\/06\/rsz_egw_estate-1.jpg","datePublished":"2015-04-13T04:00:00+00:00","author":{"@id":"https:\/\/interamerica.org\/es\/#\/schema\/person\/68ede8bdc292885bb76c1e3810e73c39"},"breadcrumb":{"@id":"https:\/\/interamerica.org\/es\/2015\/04\/elena-g-white-tiene-un-nuevo-centro-de-primera-categoria\/#breadcrumb"},"inLanguage":"es","potentialAction":[{"@type":"ReadAction","target":["https:\/\/interamerica.org\/es\/2015\/04\/elena-g-white-tiene-un-nuevo-centro-de-primera-categoria\/"]}]},{"@type":"ImageObject","inLanguage":"es","@id":"https:\/\/interamerica.org\/es\/2015\/04\/elena-g-white-tiene-un-nuevo-centro-de-primera-categoria\/#primaryimage","url":"https:\/\/interamerica.org\/wp-content\/uploads\/2017\/06\/rsz_egw_estate-1.jpg","contentUrl":"https:\/\/interamerica.org\/wp-content\/uploads\/2017\/06\/rsz_egw_estate-1.jpg","width":1000,"height":500},{"@type":"BreadcrumbList","@id":"https:\/\/interamerica.org\/es\/2015\/04\/elena-g-white-tiene-un-nuevo-centro-de-primera-categoria\/#breadcrumb","itemListElement":[{"@type":"ListItem","position":1,"name":"Home","item":"https:\/\/interamerica.org\/es\/"},{"@type":"ListItem","position":2,"name":"Elena G. White tiene un nuevo centro de primera categor\u00eda"}]},{"@type":"WebSite","@id":"https:\/\/interamerica.org\/es\/#website","url":"https:\/\/interamerica.org\/es\/","name":"Iglesia Adventista del S\u00e9ptimo D\u00eda - Divisi\u00f3n Interamericana","description":"","potentialAction":[{"@type":"SearchAction","target":{"@type":"EntryPoint","urlTemplate":"https:\/\/interamerica.org\/es\/?s={search_term_string}"},"query-input":{"@type":"PropertyValueSpecification","valueRequired":true,"valueName":"search_term_string"}}],"inLanguage":"es"},{"@type":"Person","@id":"https:\/\/interamerica.org\/es\/#\/schema\/person\/68ede8bdc292885bb76c1e3810e73c39","name":"Lorenzo Verduzco","image":{"@type":"ImageObject","inLanguage":"es","@id":"https:\/\/secure.gravatar.com\/avatar\/fb81a55b6218459490a9c1dc841a34909185b81904c5337b4b27f7a6fd60c49e?s=96&d=mm&r=g","url":"https:\/\/secure.gravatar.com\/avatar\/fb81a55b6218459490a9c1dc841a34909185b81904c5337b4b27f7a6fd60c49e?s=96&d=mm&r=g","contentUrl":"https:\/\/secure.gravatar.com\/avatar\/fb81a55b6218459490a9c1dc841a34909185b81904c5337b4b27f7a6fd60c49e?s=96&d=mm&r=g","caption":"Lorenzo Verduzco"}}]}},"_links":{"self":[{"href":"https:\/\/interamerica.org\/es\/wp-json\/wp\/v2\/posts\/30795","targetHints":{"allow":["GET"]}}],"collection":[{"href":"https:\/\/interamerica.org\/es\/wp-json\/wp\/v2\/posts"}],"about":[{"href":"https:\/\/interamerica.org\/es\/wp-json\/wp\/v2\/types\/post"}],"author":[{"embeddable":true,"href":"https:\/\/interamerica.org\/es\/wp-json\/wp\/v2\/users\/1"}],"replies":[{"embeddable":true,"href":"https:\/\/interamerica.org\/es\/wp-json\/wp\/v2\/comments?post=30795"}],"version-history":[{"count":0,"href":"https:\/\/interamerica.org\/es\/wp-json\/wp\/v2\/posts\/30795\/revisions"}],"wp:featuredmedia":[{"embeddable":true,"href":"https:\/\/interamerica.org\/es\/wp-json\/wp\/v2\/media\/24995"}],"wp:attachment":[{"href":"https:\/\/interamerica.org\/es\/wp-json\/wp\/v2\/media?parent=30795"}],"wp:term":[{"taxonomy":"category","embeddable":true,"href":"https:\/\/interamerica.org\/es\/wp-json\/wp\/v2\/categories?post=30795"},{"taxonomy":"post_tag","embeddable":true,"href":"https:\/\/interamerica.org\/es\/wp-json\/wp\/v2\/tags?post=30795"}],"curies":[{"name":"wp","href":"https:\/\/api.w.org\/{rel}","templated":true}]}}