{"id":30797,"date":"2015-04-15T00:00:00","date_gmt":"2015-04-15T04:00:00","guid":{"rendered":"http:\/\/192.81.217.108\/interamerica\/2015\/04\/veinte-pinturas-para-no-perderse-en-la-exhibicion-del-eden-al-eden\/"},"modified":"2015-04-15T00:00:00","modified_gmt":"2015-04-15T04:00:00","slug":"veinte-pinturas-para-no-perderse-en-la-exhibicion-del-eden-al-eden","status":"publish","type":"post","link":"https:\/\/interamerica.org\/es\/2015\/04\/veinte-pinturas-para-no-perderse-en-la-exhibicion-del-eden-al-eden\/","title":{"rendered":"Veinte pinturas para no perderse en la exhibici\u00f3n \u00abDel Ed\u00e9n al Ed\u00e9n\u00bb"},"content":{"rendered":"<div id=\"attachment_16379\" style=\"width: 710px\" class=\"wp-caption aligncenter\"><a href=\"\/interamerica\/wp-content\/uploads\/2017\/06\/rsz_img_9311.jpg\" rel=\"fancybox\" title=\"Veinte pinturas para no perderse en la exhibici\u00f3n \"Del Ed\u00e9n al Ed\u00e9n\"\"><img fetchpriority=\"high\" decoding=\"async\" aria-describedby=\"caption-attachment-16379\" class=\" wp-image-16379 \" src=\"\/interamerica\/wp-content\/uploads\/2017\/06\/rsz_img_9311.jpg\" alt=\"\" width=\"700\" height=\"350\" \/><\/a><p id=\"caption-attachment-16379\" class=\"wp-caption-text\">Imagen de Mylon Medley\/Red de Noticias Adventistas<\/p><\/div>\n<p>15 de abril de 2015 | Silver Spring, Maryland, Estados Unidos | Andrew McChesney\/Adventist Review<\/p>\n<p>Los visitantes jam\u00e1s ver\u00e1n la sede central de la Iglesia Adventista de la misma manera.<\/p>\n<p>El vest\u00edbulo y el atrio de la sede central de la iglesia en Silver Spring, Maryland, han sido transformados en una galer\u00eda de arte que lleva a los visitantes a un viaje que va desde el Jard\u00edn del Ed\u00e9n de Ad\u00e1n y Eva hace unos seis mil a\u00f1os hasta la Tierra Nueva despu\u00e9s del regreso de Cristo.<\/p>\n<p>Las 78 obras de arte de la colecci\u00f3n \u00abDel Ed\u00e9n al Ed\u00e9n\u00bb describen la mano guiadora de Dios en las actividades de su pueblo a lo largo de las edades y en el presente en la Iglesia Adventista del S\u00e9ptimo D\u00eda, antes de su pronto retorno, dijo Ted N. C. Wilson, presidente de la Iglesia Adventista mundial.<\/p>\n<p>\u00abLa exhibici\u00f3n es un im\u00e1n\u00bb, dijo Wilson a los principales l\u00edderes de la iglesia en una dedicaci\u00f3n de la exhibici\u00f3n permanente esta semana.<\/p>\n<p>\u00abCuando uno visita &#8216;Del Ed\u00e9n al Ed\u00e9n&#8217;, se puede ver que Dios ha guiado a su pueblo en cada etapa del camino\u00bb, dijo Wilson, que comenz\u00f3 a trabajar en la exhibici\u00f3n poco despu\u00e9s de ser elegido presidente en 2010.<\/p>\n<p>Las pinturas, seleccionadas por el artista adventista Lars Justinen, re\u00fanen los amados cl\u00e1sicos de artistas tales como Harry Anderson y obras contempor\u00e1neas de Nathan Greene, Steve Creitz y el mismo Justinen.<\/p>\n<p>Los cuadros de la exhibici\u00f3n son hermosas r\u00e9plicas, impresas sobre lienzos y colgadas de marcos.<\/p>\n<p>\u00abDel Ed\u00e9n al Ed\u00e9n\u00bb busca contribuir para que los visitantes y los empleados de la iglesia comprendan inmediatamente al ingresar al edificio que la sede central de la Iglesia Adventista es un centro altamente espiritual y religioso, dijo Wilson en una entrevista.<\/p>\n<p>\u00abLos visitantes necesitan apreciar plenamente el tema del gran conflicto que se est\u00e1 llevando a cabo frente al universo, y que Jes\u00fas regresar\u00e1 pronto como el Victorioso\u00bb, dijo.<\/p>\n<p>Se est\u00e1 trabajando en un recorrido con una grabaci\u00f3n en MP3 en ingl\u00e9s, espa\u00f1ol, portugu\u00e9s y franc\u00e9s. Los visitantes podr\u00e1n descargar la grabaci\u00f3n en sus tel\u00e9fonos celulares u otros dispositivos electr\u00f3nicos port\u00e1tiles para escucharla con sus propios aud\u00edfonos. En ingl\u00e9s, el texto ser\u00e1 narrado por el evangelista Mark Finley.<\/p>\n<p>\u00abQuiero que sepan que despu\u00e9s de &#8216;Del Ed\u00e9n al Ed\u00e9n&#8217;, la Asociaci\u00f3n General ya nunca ser\u00e1 la misma\u00bb, dijo en la ceremonia de dedicaci\u00f3n el organizador de la exhibici\u00f3n Williams Costa Jr., director de comunicaciones de la Iglesia Adventista mundial.<\/p>\n<p>Aqu\u00ed est\u00e1n los veinte cuadros que Justinen, el director creativo de la colecci\u00f3n \u00abDel Ed\u00e9n al Ed\u00e9n\u00bb, <a href=\"http:\/\/www.adventistreview.org\/church-news\/story2544-20-paintings-you-dont-want-to-miss-on-eden-to-eden-tour\">escogi\u00f3 mostrar a los lectores de la Adventist Review<\/a>:<\/p>\n<p>Justinen explic\u00f3 por qu\u00e9 escogi\u00f3 esos veinte cuadros:<\/p>\n<p>\u00abAl escoger estos veinte, me enfoqu\u00e9 en pinturas que tuvieran una atracci\u00f3n visual l\u00facida y dram\u00e1tica, im\u00e1genes que comunicaran con claridad un evento de las Escrituras y estimularan nuestra imaginaci\u00f3n\u00bb, expres\u00f3. \u00abInclu\u00ed pinturas que son nuevas para la mayor\u00eda de la gente, dado que algunas fueron pintadas el a\u00f1o pasado. Algunas son cl\u00e1sicos que nunca pasan de moda, como por ejemplo las grandes obras de Harry Anderson. Algunas nos resultan muy familiares, como los hermosos trabajos de Nathan Greene. Y algunas representan el nuevo arte de artistas prometedores adventistas como es el caso de Steve Creitz.<\/p>\n<p>\u00abTodas estas im\u00e1genes deber\u00edan recordar al que las ve cu\u00e1les son las diversas partes del gran mosaico de la traves\u00eda espiritual de la raza humana, la historia de la manera en que las cosas llegaron a ser lo que son, y lo que Dios quiere que comprendamos sobre lo que es y ha planificado para nosotros. Espero que encuentren un cuadro o dos que halle eco personalmente con su viaje espiritual, un arte que hable de las palabras t\u00e1citas del Esp\u00edritu. Palabras de esperanza y de fe\u00bb.<\/p>\n<p><em>Traducci\u00f3n de Marcos Paseggi<\/em><\/p>\n","protected":false},"excerpt":{"rendered":"<p>Los visitantes jam\u00e1s ver\u00e1n la sede central de la Iglesia Adventista de la misma manera. <\/p>\n<p>El vest\u00edbulo y el atrio de la sede central de la iglesia en Silver Spring, Maryland, han sido transformados en una galer\u00eda de arte que lleva a los visitantes a un viaje que va desde el Jard\u00edn del Ed\u00e9n de Ad\u00e1n y Eva hace unos seis mil a\u00f1os hasta la Tierra Nueva despu\u00e9s del regreso de Cristo.<\/p>\n","protected":false},"author":1,"featured_media":25016,"comment_status":"closed","ping_status":"closed","sticky":false,"template":"","format":"standard","meta":{"_acf_changed":false,"footnotes":""},"categories":[14,15],"tags":[],"class_list":["post-30797","post","type-post","status-publish","format-standard","has-post-thumbnail","hentry","category-de-la-iglesia-mundial","category-rss-espanol"],"acf":[],"yoast_head":"<!-- This site is optimized with the Yoast SEO plugin v27.3 - https:\/\/yoast.com\/product\/yoast-seo-wordpress\/ -->\n<title>Veinte pinturas para no perderse en la exhibici\u00f3n &quot;Del Ed\u00e9n al Ed\u00e9n&quot; - Iglesia Adventista del S\u00e9ptimo D\u00eda - Divisi\u00f3n Interamericana<\/title>\n<meta name=\"robots\" content=\"index, follow, max-snippet:-1, max-image-preview:large, max-video-preview:-1\" \/>\n<link rel=\"canonical\" href=\"https:\/\/interamerica.org\/es\/2015\/04\/veinte-pinturas-para-no-perderse-en-la-exhibicion-del-eden-al-eden\/\" \/>\n<meta property=\"og:locale\" content=\"es_ES\" \/>\n<meta property=\"og:type\" content=\"article\" \/>\n<meta property=\"og:title\" content=\"Veinte pinturas para no perderse en la exhibici\u00f3n &quot;Del Ed\u00e9n al Ed\u00e9n&quot; - Iglesia Adventista del S\u00e9ptimo D\u00eda - Divisi\u00f3n Interamericana\" \/>\n<meta property=\"og:description\" content=\"Los visitantes jam\u00e1s ver\u00e1n la sede central de la Iglesia Adventista de la misma manera.  El vest\u00edbulo y el atrio de la sede central de la iglesia en Silver Spring, Maryland, han sido transformados en una galer\u00eda de arte que lleva a los visitantes a un viaje que va desde el Jard\u00edn del Ed\u00e9n de Ad\u00e1n y Eva hace unos seis mil a\u00f1os hasta la Tierra Nueva despu\u00e9s del regreso de Cristo.\" \/>\n<meta property=\"og:url\" content=\"https:\/\/interamerica.org\/es\/2015\/04\/veinte-pinturas-para-no-perderse-en-la-exhibicion-del-eden-al-eden\/\" \/>\n<meta property=\"og:site_name\" content=\"Iglesia Adventista del S\u00e9ptimo D\u00eda - Divisi\u00f3n Interamericana\" \/>\n<meta property=\"article:published_time\" content=\"2015-04-15T04:00:00+00:00\" \/>\n<meta property=\"og:image\" content=\"https:\/\/interamerica.org\/wp-content\/uploads\/2017\/06\/rsz_img_9311.jpg\" \/>\n\t<meta property=\"og:image:width\" content=\"1000\" \/>\n\t<meta property=\"og:image:height\" content=\"500\" \/>\n\t<meta property=\"og:image:type\" content=\"image\/jpeg\" \/>\n<meta name=\"author\" content=\"Lorenzo Verduzco\" \/>\n<meta name=\"twitter:card\" content=\"summary_large_image\" \/>\n<meta name=\"twitter:label1\" content=\"Escrito por\" \/>\n\t<meta name=\"twitter:data1\" content=\"Lorenzo Verduzco\" \/>\n\t<meta name=\"twitter:label2\" content=\"Tiempo de lectura\" \/>\n\t<meta name=\"twitter:data2\" content=\"4 minutos\" \/>\n<script type=\"application\/ld+json\" class=\"yoast-schema-graph\">{\"@context\":\"https:\\\/\\\/schema.org\",\"@graph\":[{\"@type\":\"Article\",\"@id\":\"https:\\\/\\\/interamerica.org\\\/es\\\/2015\\\/04\\\/veinte-pinturas-para-no-perderse-en-la-exhibicion-del-eden-al-eden\\\/#article\",\"isPartOf\":{\"@id\":\"https:\\\/\\\/interamerica.org\\\/es\\\/2015\\\/04\\\/veinte-pinturas-para-no-perderse-en-la-exhibicion-del-eden-al-eden\\\/\"},\"author\":{\"name\":\"Lorenzo Verduzco\",\"@id\":\"https:\\\/\\\/interamerica.org\\\/es\\\/#\\\/schema\\\/person\\\/68ede8bdc292885bb76c1e3810e73c39\"},\"headline\":\"Veinte pinturas para no perderse en la exhibici\u00f3n \u00abDel Ed\u00e9n al Ed\u00e9n\u00bb\",\"datePublished\":\"2015-04-15T04:00:00+00:00\",\"mainEntityOfPage\":{\"@id\":\"https:\\\/\\\/interamerica.org\\\/es\\\/2015\\\/04\\\/veinte-pinturas-para-no-perderse-en-la-exhibicion-del-eden-al-eden\\\/\"},\"wordCount\":725,\"image\":{\"@id\":\"https:\\\/\\\/interamerica.org\\\/es\\\/2015\\\/04\\\/veinte-pinturas-para-no-perderse-en-la-exhibicion-del-eden-al-eden\\\/#primaryimage\"},\"thumbnailUrl\":\"https:\\\/\\\/interamerica.org\\\/wp-content\\\/uploads\\\/2017\\\/06\\\/rsz_img_9311.jpg\",\"articleSection\":[\"Desde la iglesia mundial\",\"RSS Espa\u00f1ol\"],\"inLanguage\":\"es\"},{\"@type\":\"WebPage\",\"@id\":\"https:\\\/\\\/interamerica.org\\\/es\\\/2015\\\/04\\\/veinte-pinturas-para-no-perderse-en-la-exhibicion-del-eden-al-eden\\\/\",\"url\":\"https:\\\/\\\/interamerica.org\\\/es\\\/2015\\\/04\\\/veinte-pinturas-para-no-perderse-en-la-exhibicion-del-eden-al-eden\\\/\",\"name\":\"Veinte pinturas para no perderse en la exhibici\u00f3n \\\"Del Ed\u00e9n al Ed\u00e9n\\\" - Iglesia Adventista del S\u00e9ptimo D\u00eda - Divisi\u00f3n Interamericana\",\"isPartOf\":{\"@id\":\"https:\\\/\\\/interamerica.org\\\/es\\\/#website\"},\"primaryImageOfPage\":{\"@id\":\"https:\\\/\\\/interamerica.org\\\/es\\\/2015\\\/04\\\/veinte-pinturas-para-no-perderse-en-la-exhibicion-del-eden-al-eden\\\/#primaryimage\"},\"image\":{\"@id\":\"https:\\\/\\\/interamerica.org\\\/es\\\/2015\\\/04\\\/veinte-pinturas-para-no-perderse-en-la-exhibicion-del-eden-al-eden\\\/#primaryimage\"},\"thumbnailUrl\":\"https:\\\/\\\/interamerica.org\\\/wp-content\\\/uploads\\\/2017\\\/06\\\/rsz_img_9311.jpg\",\"datePublished\":\"2015-04-15T04:00:00+00:00\",\"author\":{\"@id\":\"https:\\\/\\\/interamerica.org\\\/es\\\/#\\\/schema\\\/person\\\/68ede8bdc292885bb76c1e3810e73c39\"},\"breadcrumb\":{\"@id\":\"https:\\\/\\\/interamerica.org\\\/es\\\/2015\\\/04\\\/veinte-pinturas-para-no-perderse-en-la-exhibicion-del-eden-al-eden\\\/#breadcrumb\"},\"inLanguage\":\"es\",\"potentialAction\":[{\"@type\":\"ReadAction\",\"target\":[\"https:\\\/\\\/interamerica.org\\\/es\\\/2015\\\/04\\\/veinte-pinturas-para-no-perderse-en-la-exhibicion-del-eden-al-eden\\\/\"]}]},{\"@type\":\"ImageObject\",\"inLanguage\":\"es\",\"@id\":\"https:\\\/\\\/interamerica.org\\\/es\\\/2015\\\/04\\\/veinte-pinturas-para-no-perderse-en-la-exhibicion-del-eden-al-eden\\\/#primaryimage\",\"url\":\"https:\\\/\\\/interamerica.org\\\/wp-content\\\/uploads\\\/2017\\\/06\\\/rsz_img_9311.jpg\",\"contentUrl\":\"https:\\\/\\\/interamerica.org\\\/wp-content\\\/uploads\\\/2017\\\/06\\\/rsz_img_9311.jpg\",\"width\":1000,\"height\":500},{\"@type\":\"BreadcrumbList\",\"@id\":\"https:\\\/\\\/interamerica.org\\\/es\\\/2015\\\/04\\\/veinte-pinturas-para-no-perderse-en-la-exhibicion-del-eden-al-eden\\\/#breadcrumb\",\"itemListElement\":[{\"@type\":\"ListItem\",\"position\":1,\"name\":\"Home\",\"item\":\"https:\\\/\\\/interamerica.org\\\/es\\\/\"},{\"@type\":\"ListItem\",\"position\":2,\"name\":\"Veinte pinturas para no perderse en la exhibici\u00f3n &#8220;Del Ed\u00e9n al Ed\u00e9n&#8221;\"}]},{\"@type\":\"WebSite\",\"@id\":\"https:\\\/\\\/interamerica.org\\\/es\\\/#website\",\"url\":\"https:\\\/\\\/interamerica.org\\\/es\\\/\",\"name\":\"Iglesia Adventista del S\u00e9ptimo D\u00eda - Divisi\u00f3n Interamericana\",\"description\":\"\",\"potentialAction\":[{\"@type\":\"SearchAction\",\"target\":{\"@type\":\"EntryPoint\",\"urlTemplate\":\"https:\\\/\\\/interamerica.org\\\/es\\\/?s={search_term_string}\"},\"query-input\":{\"@type\":\"PropertyValueSpecification\",\"valueRequired\":true,\"valueName\":\"search_term_string\"}}],\"inLanguage\":\"es\"},{\"@type\":\"Person\",\"@id\":\"https:\\\/\\\/interamerica.org\\\/es\\\/#\\\/schema\\\/person\\\/68ede8bdc292885bb76c1e3810e73c39\",\"name\":\"Lorenzo Verduzco\",\"image\":{\"@type\":\"ImageObject\",\"inLanguage\":\"es\",\"@id\":\"https:\\\/\\\/secure.gravatar.com\\\/avatar\\\/fb81a55b6218459490a9c1dc841a34909185b81904c5337b4b27f7a6fd60c49e?s=96&d=mm&r=g\",\"url\":\"https:\\\/\\\/secure.gravatar.com\\\/avatar\\\/fb81a55b6218459490a9c1dc841a34909185b81904c5337b4b27f7a6fd60c49e?s=96&d=mm&r=g\",\"contentUrl\":\"https:\\\/\\\/secure.gravatar.com\\\/avatar\\\/fb81a55b6218459490a9c1dc841a34909185b81904c5337b4b27f7a6fd60c49e?s=96&d=mm&r=g\",\"caption\":\"Lorenzo Verduzco\"}}]}<\/script>\n<!-- \/ Yoast SEO plugin. -->","yoast_head_json":{"title":"Veinte pinturas para no perderse en la exhibici\u00f3n \"Del Ed\u00e9n al Ed\u00e9n\" - Iglesia Adventista del S\u00e9ptimo D\u00eda - Divisi\u00f3n Interamericana","robots":{"index":"index","follow":"follow","max-snippet":"max-snippet:-1","max-image-preview":"max-image-preview:large","max-video-preview":"max-video-preview:-1"},"canonical":"https:\/\/interamerica.org\/es\/2015\/04\/veinte-pinturas-para-no-perderse-en-la-exhibicion-del-eden-al-eden\/","og_locale":"es_ES","og_type":"article","og_title":"Veinte pinturas para no perderse en la exhibici\u00f3n \"Del Ed\u00e9n al Ed\u00e9n\" - Iglesia Adventista del S\u00e9ptimo D\u00eda - Divisi\u00f3n Interamericana","og_description":"Los visitantes jam\u00e1s ver\u00e1n la sede central de la Iglesia Adventista de la misma manera.  El vest\u00edbulo y el atrio de la sede central de la iglesia en Silver Spring, Maryland, han sido transformados en una galer\u00eda de arte que lleva a los visitantes a un viaje que va desde el Jard\u00edn del Ed\u00e9n de Ad\u00e1n y Eva hace unos seis mil a\u00f1os hasta la Tierra Nueva despu\u00e9s del regreso de Cristo.","og_url":"https:\/\/interamerica.org\/es\/2015\/04\/veinte-pinturas-para-no-perderse-en-la-exhibicion-del-eden-al-eden\/","og_site_name":"Iglesia Adventista del S\u00e9ptimo D\u00eda - Divisi\u00f3n Interamericana","article_published_time":"2015-04-15T04:00:00+00:00","og_image":[{"width":1000,"height":500,"url":"https:\/\/interamerica.org\/wp-content\/uploads\/2017\/06\/rsz_img_9311.jpg","type":"image\/jpeg"}],"author":"Lorenzo Verduzco","twitter_card":"summary_large_image","twitter_misc":{"Escrito por":"Lorenzo Verduzco","Tiempo de lectura":"4 minutos"},"schema":{"@context":"https:\/\/schema.org","@graph":[{"@type":"Article","@id":"https:\/\/interamerica.org\/es\/2015\/04\/veinte-pinturas-para-no-perderse-en-la-exhibicion-del-eden-al-eden\/#article","isPartOf":{"@id":"https:\/\/interamerica.org\/es\/2015\/04\/veinte-pinturas-para-no-perderse-en-la-exhibicion-del-eden-al-eden\/"},"author":{"name":"Lorenzo Verduzco","@id":"https:\/\/interamerica.org\/es\/#\/schema\/person\/68ede8bdc292885bb76c1e3810e73c39"},"headline":"Veinte pinturas para no perderse en la exhibici\u00f3n \u00abDel Ed\u00e9n al Ed\u00e9n\u00bb","datePublished":"2015-04-15T04:00:00+00:00","mainEntityOfPage":{"@id":"https:\/\/interamerica.org\/es\/2015\/04\/veinte-pinturas-para-no-perderse-en-la-exhibicion-del-eden-al-eden\/"},"wordCount":725,"image":{"@id":"https:\/\/interamerica.org\/es\/2015\/04\/veinte-pinturas-para-no-perderse-en-la-exhibicion-del-eden-al-eden\/#primaryimage"},"thumbnailUrl":"https:\/\/interamerica.org\/wp-content\/uploads\/2017\/06\/rsz_img_9311.jpg","articleSection":["Desde la iglesia mundial","RSS Espa\u00f1ol"],"inLanguage":"es"},{"@type":"WebPage","@id":"https:\/\/interamerica.org\/es\/2015\/04\/veinte-pinturas-para-no-perderse-en-la-exhibicion-del-eden-al-eden\/","url":"https:\/\/interamerica.org\/es\/2015\/04\/veinte-pinturas-para-no-perderse-en-la-exhibicion-del-eden-al-eden\/","name":"Veinte pinturas para no perderse en la exhibici\u00f3n \"Del Ed\u00e9n al Ed\u00e9n\" - Iglesia Adventista del S\u00e9ptimo D\u00eda - Divisi\u00f3n Interamericana","isPartOf":{"@id":"https:\/\/interamerica.org\/es\/#website"},"primaryImageOfPage":{"@id":"https:\/\/interamerica.org\/es\/2015\/04\/veinte-pinturas-para-no-perderse-en-la-exhibicion-del-eden-al-eden\/#primaryimage"},"image":{"@id":"https:\/\/interamerica.org\/es\/2015\/04\/veinte-pinturas-para-no-perderse-en-la-exhibicion-del-eden-al-eden\/#primaryimage"},"thumbnailUrl":"https:\/\/interamerica.org\/wp-content\/uploads\/2017\/06\/rsz_img_9311.jpg","datePublished":"2015-04-15T04:00:00+00:00","author":{"@id":"https:\/\/interamerica.org\/es\/#\/schema\/person\/68ede8bdc292885bb76c1e3810e73c39"},"breadcrumb":{"@id":"https:\/\/interamerica.org\/es\/2015\/04\/veinte-pinturas-para-no-perderse-en-la-exhibicion-del-eden-al-eden\/#breadcrumb"},"inLanguage":"es","potentialAction":[{"@type":"ReadAction","target":["https:\/\/interamerica.org\/es\/2015\/04\/veinte-pinturas-para-no-perderse-en-la-exhibicion-del-eden-al-eden\/"]}]},{"@type":"ImageObject","inLanguage":"es","@id":"https:\/\/interamerica.org\/es\/2015\/04\/veinte-pinturas-para-no-perderse-en-la-exhibicion-del-eden-al-eden\/#primaryimage","url":"https:\/\/interamerica.org\/wp-content\/uploads\/2017\/06\/rsz_img_9311.jpg","contentUrl":"https:\/\/interamerica.org\/wp-content\/uploads\/2017\/06\/rsz_img_9311.jpg","width":1000,"height":500},{"@type":"BreadcrumbList","@id":"https:\/\/interamerica.org\/es\/2015\/04\/veinte-pinturas-para-no-perderse-en-la-exhibicion-del-eden-al-eden\/#breadcrumb","itemListElement":[{"@type":"ListItem","position":1,"name":"Home","item":"https:\/\/interamerica.org\/es\/"},{"@type":"ListItem","position":2,"name":"Veinte pinturas para no perderse en la exhibici\u00f3n &#8220;Del Ed\u00e9n al Ed\u00e9n&#8221;"}]},{"@type":"WebSite","@id":"https:\/\/interamerica.org\/es\/#website","url":"https:\/\/interamerica.org\/es\/","name":"Iglesia Adventista del S\u00e9ptimo D\u00eda - Divisi\u00f3n Interamericana","description":"","potentialAction":[{"@type":"SearchAction","target":{"@type":"EntryPoint","urlTemplate":"https:\/\/interamerica.org\/es\/?s={search_term_string}"},"query-input":{"@type":"PropertyValueSpecification","valueRequired":true,"valueName":"search_term_string"}}],"inLanguage":"es"},{"@type":"Person","@id":"https:\/\/interamerica.org\/es\/#\/schema\/person\/68ede8bdc292885bb76c1e3810e73c39","name":"Lorenzo Verduzco","image":{"@type":"ImageObject","inLanguage":"es","@id":"https:\/\/secure.gravatar.com\/avatar\/fb81a55b6218459490a9c1dc841a34909185b81904c5337b4b27f7a6fd60c49e?s=96&d=mm&r=g","url":"https:\/\/secure.gravatar.com\/avatar\/fb81a55b6218459490a9c1dc841a34909185b81904c5337b4b27f7a6fd60c49e?s=96&d=mm&r=g","contentUrl":"https:\/\/secure.gravatar.com\/avatar\/fb81a55b6218459490a9c1dc841a34909185b81904c5337b4b27f7a6fd60c49e?s=96&d=mm&r=g","caption":"Lorenzo Verduzco"}}]}},"_links":{"self":[{"href":"https:\/\/interamerica.org\/es\/wp-json\/wp\/v2\/posts\/30797","targetHints":{"allow":["GET"]}}],"collection":[{"href":"https:\/\/interamerica.org\/es\/wp-json\/wp\/v2\/posts"}],"about":[{"href":"https:\/\/interamerica.org\/es\/wp-json\/wp\/v2\/types\/post"}],"author":[{"embeddable":true,"href":"https:\/\/interamerica.org\/es\/wp-json\/wp\/v2\/users\/1"}],"replies":[{"embeddable":true,"href":"https:\/\/interamerica.org\/es\/wp-json\/wp\/v2\/comments?post=30797"}],"version-history":[{"count":0,"href":"https:\/\/interamerica.org\/es\/wp-json\/wp\/v2\/posts\/30797\/revisions"}],"wp:featuredmedia":[{"embeddable":true,"href":"https:\/\/interamerica.org\/es\/wp-json\/wp\/v2\/media\/25016"}],"wp:attachment":[{"href":"https:\/\/interamerica.org\/es\/wp-json\/wp\/v2\/media?parent=30797"}],"wp:term":[{"taxonomy":"category","embeddable":true,"href":"https:\/\/interamerica.org\/es\/wp-json\/wp\/v2\/categories?post=30797"},{"taxonomy":"post_tag","embeddable":true,"href":"https:\/\/interamerica.org\/es\/wp-json\/wp\/v2\/tags?post=30797"}],"curies":[{"name":"wp","href":"https:\/\/api.w.org\/{rel}","templated":true}]}}