{"id":30798,"date":"2015-04-15T00:00:00","date_gmt":"2015-04-15T04:00:00","guid":{"rendered":"http:\/\/192.81.217.108\/interamerica\/2015\/04\/la-iglesia-fortalecera-los-ministerios-en-planteles-educativos-publicos-en-todo-interamerica\/"},"modified":"2015-04-15T00:00:00","modified_gmt":"2015-04-15T04:00:00","slug":"la-iglesia-fortalecera-los-ministerios-en-planteles-educativos-publicos-en-todo-interamerica","status":"publish","type":"post","link":"https:\/\/interamerica.org\/es\/2015\/04\/la-iglesia-fortalecera-los-ministerios-en-planteles-educativos-publicos-en-todo-interamerica\/","title":{"rendered":"La Iglesia fortalecer\u00e1 los ministerios en planteles educativos p\u00fablicos en todo Interam\u00e9rica"},"content":{"rendered":"<div id=\"attachment_16390\" style=\"width: 567px\" class=\"wp-caption aligncenter\"><a href=\"\/interamerica\/wp-content\/uploads\/2017\/06\/Trendsetters6001.png\" rel=\"fancybox\" title=\"La Iglesia fortalecer\u00e1 los ministerios en planteles educativos p\u00fablicos en todo Interam\u00e9rica\"><img fetchpriority=\"high\" decoding=\"async\" aria-describedby=\"caption-attachment-16390\" class=\"size-full wp-image-16390\" src=\"\/interamerica\/wp-content\/uploads\/2017\/06\/Trendsetters6001.png\" alt=\"\" width=\"557\" height=\"361\" \/><\/a><p id=\"caption-attachment-16390\" class=\"wp-caption-text\">Estudiantes adventistas de Interam\u00e9rica que estudian en las universidades del sur de la Florida, dirigen la alabanza y adoraci\u00f3n durante el programa especial en l\u00ednea para fortalecimiento de los ministerios en planteles p\u00fablicos en Interam\u00e9rica, el 11 de abril de 2015, desde Miami, Florida. Imagen por Libna Stevens -DIA<\/p><\/div>\n<p>15 de abril de 2015 | Miami, Florida, Estados Unidos | Libna Stevens &#8211; DIA<\/p>\n<p>Altos dirigentes de la Iglesia Adventista del S\u00e9ptimo D\u00eda enviaron un claro mensaje a cientos de miles de estudiantes adventistas que asisten a universidades p\u00fablicas en todo el territorio de la Divisi\u00f3n Interamericana (DIA), durante un programa especial en l\u00ednea, transmitido en vivo el 11 de abril de 2015.<\/p>\n<div id=\"attachment_16389\" style=\"width: 330px\" class=\"wp-caption alignright\"><a href=\"\/interamerica\/wp-content\/uploads\/2017\/06\/Leito-trendsetters.png\" rel=\"fancybox\" title=\"La Iglesia fortalecer\u00e1 los ministerios en planteles educativos p\u00fablicos en todo Interam\u00e9rica\"><img decoding=\"async\" aria-describedby=\"caption-attachment-16389\" class=\" wp-image-16389  \" src=\"\/interamerica\/wp-content\/uploads\/2017\/06\/Leito-trendsetters.png\" alt=\"\" width=\"320\" height=\"270\" \/><\/a><p id=\"caption-attachment-16389\" class=\"wp-caption-text\">El presidente de la DIA, Pastor Israel Leito, participa en un foro con estudiantes adventistas durante el programa transmitido en vivo. Imagen por Libna Stevens -DIA<\/p><\/div>\n<p>\u201cNo se den por vencidos. La iglesia no los va a abandonar. Dios est\u00e1 con ustedes y los cuidar\u00e1\u201d, les asegur\u00f3 el Pastor Israel Leito, presidente de la iglesia en Interam\u00e9rica, al hablar desde las oficinas generales de la DIA, ubicadas en Miami, Florida.<\/p>\n<p>El mensaje fue dado mientras los dirigentes de la iglesia anunciaron que se prestar\u00e1 m\u00e1s atenci\u00f3n a los miembros de iglesia que estudian fuera de los planteles adventistas a trav\u00e9s de las casi cuatro docenas de pa\u00edses en el territorio de la Divisi\u00f3n.<br \/>\nLa iglesia en Interam\u00e9rica nombr\u00f3 recientemente a dos dirigentes de ministerios dentro de planteles p\u00fablicos -el Pastor Balvin Braham y el Pastor Hiram Ruiz, para cubrir los territorios de habla inglesa, hispana y francesa, siguiendo la iniciativa de la iglesia adventista mundial de establecer ministerios en planteles p\u00fablicos, propuesta en el mes de octubre del 2014.<\/p>\n<p>\u201cEsta es una oportunidad muy especial de ministrar en favor de nuestros estudiantes adventistas en todo nuestro territorio\u201d, dijo el Pastor Balvin Braham, director asociado de ministerio de J\u00f3venes, quien supervisa los ministerios en planteles p\u00fablicos en las regiones de habla inglesa y francesa de la DIA.<\/p>\n<p>Aunque se cuenta con una larga historia de ministerios en planteles p\u00fablicos en Jamaica, Colombia, M\u00e9xico, Rep\u00fablica Dominicana, Venezuela y otros pa\u00edses, esta es la oportunidad perfecta para marchar juntos hacia adelante, dijo el Pastor Braham.<\/p>\n<p>\u201cEste asunto es de gran importancia\u201d, dijo el Pastor Braham. \u201cMuchos de nuestros estudiantes, cuando salen de la universidad, algunas veces dejan tambi\u00e9n la fe y ya no encuentran atractiva la iglesia, as\u00ed que queremos asegurarnos de contar con ministerios en los planteles para todos nuestros estudiantes que asisten a universidades p\u00fablicas o privadas\u201d.<br \/>\nEl programa de siete horas de duraci\u00f3n, llamado Trendsetters (refiri\u00e9ndose a aquellos que marcan el rumbo) se propon\u00eda proveer un foro en donde los estudiantes adventistas pudieran alimentar su fe cristiana y recibir poder para dar a conocer su fe dentro y fuera del plantel, adem\u00e1s de fomentar un esp\u00edritu de interacci\u00f3n social y acad\u00e9mica entre estudiantes adventistas de diferentes universidades, dijo el Pastor Braham, quien organiz\u00f3 el programa en vivo.<\/p>\n<p>Docenas de estudiantes participaron a trav\u00e9s de transmisiones en vivo desde ocho sitios espec\u00edficos en diferentes pa\u00edses. Contaron sus experiencias al pertenecer a la asociaci\u00f3n de ministerios en planteles educativos.<\/p>\n<div id=\"attachment_16388\" style=\"width: 291px\" class=\"wp-caption alignright\"><a href=\"\/interamerica\/wp-content\/uploads\/2017\/06\/Braham-trendsetters.png\" rel=\"fancybox\" title=\"La Iglesia fortalecer\u00e1 los ministerios en planteles educativos p\u00fablicos en todo Interam\u00e9rica\"><img decoding=\"async\" aria-describedby=\"caption-attachment-16388\" class=\"size-full wp-image-16388 \" src=\"\/interamerica\/wp-content\/uploads\/2017\/06\/Braham-trendsetters.png\" alt=\"\" width=\"281\" height=\"217\" \/><\/a><p id=\"caption-attachment-16388\" class=\"wp-caption-text\">El Pastor Balvin Braham anuncia que se votar\u00e1n reglamentos especiales en las pr\u00f3ximas reuniones de la junta directiva, que incluir\u00e1n lo relativo a directores de ministerios en planteles p\u00fablicos en los niveles de uni\u00f3n, asociaci\u00f3n o misi\u00f3n, e iglesia local en todo el territorio de la DIA.<\/p><\/div>\n<p>Aproximadamente 30 estudiantes adventistas procedentes de Interam\u00e9rica, pero que estudian ahora en el sur de la Florida, participaron en el programa a trav\u00e9s de m\u00fasica, testimonios, sesiones de preguntas y respuestas y mensajes espirituales.<\/p>\n<p>Durante el programa, los estudiantes mostraron c\u00f3mo convertirse en \u201cmarcadores de nuevos rumbos\u201d en sus planteles y c\u00f3mo formar un grupo de estudiantes adventistas al tener una visi\u00f3n, ser consistentes con su estilo de vida, ser genuinos, tener confianza, estar preparados para enfrentar la resistencia, iniciar un equipo, y comunicar en forma efectiva lo que significa pertenecer a un grupo de ministerios en planteles p\u00fablicos.<\/p>\n<p>El programa fue parte de un lanzamiento inicial de lo que est\u00e1 por ocurrir dentro de los recientemente establecidos ministerios en planteles p\u00fablicos en Interam\u00e9rica, dijeron los dirigentes de la iglesia.<\/p>\n<p>\u201cLa iglesia necesita prestar m\u00e1s atenci\u00f3n a los estudiantes adventistas que estudian en planteles no adventistas\u201d, dijo el Pastor Leito. \u00abEs una necesidad apremiante, porque se ha descuidado por un tiempo y muy pocos dirigentes de la iglesia han pasado por una educaci\u00f3n universitaria no adventista\u201d, explic\u00f3.<\/p>\n<p>\u201cSe nos ha informado que probablemente unos dos millones de adventistas del s\u00e9ptimo d\u00eda en todo el mundo estudian fuera de nuestro sistema educativo; y pienso que tal vez una cuarta parte de ellos est\u00e1n dentro de la Divisi\u00f3n Interamericana\u201d, dijo el Pastor Leito.<\/p>\n<div id=\"attachment_16386\" style=\"width: 490px\" class=\"wp-caption alignleft\"><a href=\"\/interamerica\/wp-content\/uploads\/2017\/06\/Trendsetters-Feeds600.png\" rel=\"fancybox\" title=\"La Iglesia fortalecer\u00e1 los ministerios en planteles educativos p\u00fablicos en todo Interam\u00e9rica\"><img loading=\"lazy\" decoding=\"async\" aria-describedby=\"caption-attachment-16386\" class=\"wp-image-16386 \" src=\"\/interamerica\/wp-content\/uploads\/2017\/06\/Trendsetters-Feeds600.png\" alt=\"\" width=\"480\" height=\"289\" \/><\/a><p id=\"caption-attachment-16386\" class=\"wp-caption-text\">Seis transmisiones en vivo, desde diferentes lugares del territorio de Interam\u00e9rica, con estudiantes conectados durante el programa en l\u00ednea. Imagen DIA<\/p><\/div>\n<p>Durante el programa, muchos estudiantes contaron sus experiencias y desaf\u00edos mientras estudian en universidades seculares. Esto hizo que los dirigentes los animaran a mantener una estrecha relaci\u00f3n con Jes\u00fas en cada circunstancia.<\/p>\n<p>\u201cAdoren a Dios diaria y constantemente\u201d, los inst\u00f3 el Pastor Leito. \u201cPermitan que la Biblia sea parte de su vida cada d\u00eda. El Se\u00f1or los ama y la iglesia los necesita\u201d.<\/p>\n<p>Los dirigentes de la iglesia apelaron a los l\u00edderes regionales de las iglesias a prestar una mayor atenci\u00f3n a los estudiantes adventistas en sus territorios, que estudian fuera del sistema adventista de educaci\u00f3n y necesitan que se les atienda espiritualmente y se les haga participantes en el servicio y vida de la iglesia.<\/p>\n<p>El Pastor Braham anunci\u00f3 que el pr\u00f3ximo mes se establecer\u00e1n algunos reglamentos especiales para ministerios en los planteles p\u00fablicos, durante las reuniones de la junta directiva en Interam\u00e9rica. \u201cDeseamos tener un director de ministerios en los planteles educativos en los niveles de uni\u00f3n, campos locales y en cada iglesia en Interam\u00e9rica\u201d, a\u00f1adi\u00f3 el Pastor Braham.<\/p>\n<p>Para ver el programa en vivo, pulsa <a href=\"https:\/\/www.youtube.com\/watch?v=V1ymhEKH7Lo\">HERE<\/a><\/p>\n<p>Para ver una galer\u00eda fotogr\u00e1fica del programa, pulsa <a href=\"https:\/\/www.flickr.com\/photos\/interamerica\/16955116699\/\">HERE<\/a><\/p>\n","protected":false},"excerpt":{"rendered":"<p>Altos dirigentes de la Iglesia Adventista del S\u00e9ptimo D\u00eda enviaron un claro mensaje a cientos de miles de estudiantes adventistas que asisten a universidades p\u00fablicas en todo el territorio de la Divisi\u00f3n  Interamericana (DIA), durante un programa especial en l\u00ednea, transmitido en vivo el 11 de abril de  2015. <\/p>\n<p>\u201cNo se den por vencidos. La iglesia no los va a abandonar. Dios est\u00e1 con ustedes y los cuidar\u00e1\u201d, les asegur\u00f3 el Pastor Israel Leito, presidente de la iglesia en Interam\u00e9rica, al hablar desde las oficinas generales de la DIA, ubicadas en Miami, Florida.<\/p>\n","protected":false},"author":1,"featured_media":25020,"comment_status":"closed","ping_status":"closed","sticky":false,"template":"","format":"standard","meta":{"_acf_changed":false,"footnotes":""},"categories":[16,15],"tags":[],"class_list":["post-30798","post","type-post","status-publish","format-standard","has-post-thumbnail","hentry","category-desde-la-sede","category-rss-espanol"],"acf":[],"yoast_head":"<!-- This site is optimized with the Yoast SEO plugin v27.3 - https:\/\/yoast.com\/product\/yoast-seo-wordpress\/ -->\n<title>La Iglesia fortalecer\u00e1 los ministerios en planteles educativos p\u00fablicos en todo Interam\u00e9rica - Iglesia Adventista del S\u00e9ptimo D\u00eda - Divisi\u00f3n Interamericana<\/title>\n<meta name=\"robots\" content=\"index, follow, max-snippet:-1, max-image-preview:large, max-video-preview:-1\" \/>\n<link rel=\"canonical\" href=\"https:\/\/interamerica.org\/es\/2015\/04\/la-iglesia-fortalecera-los-ministerios-en-planteles-educativos-publicos-en-todo-interamerica\/\" \/>\n<meta property=\"og:locale\" content=\"es_ES\" \/>\n<meta property=\"og:type\" content=\"article\" \/>\n<meta property=\"og:title\" content=\"La Iglesia fortalecer\u00e1 los ministerios en planteles educativos p\u00fablicos en todo Interam\u00e9rica - Iglesia Adventista del S\u00e9ptimo D\u00eda - Divisi\u00f3n Interamericana\" \/>\n<meta property=\"og:description\" content=\"Altos dirigentes de la Iglesia Adventista del S\u00e9ptimo D\u00eda enviaron un claro mensaje a cientos de miles de estudiantes adventistas que asisten a universidades p\u00fablicas en todo el territorio de la Divisi\u00f3n Interamericana (DIA), durante un programa especial en l\u00ednea, transmitido en vivo el 11 de abril de 2015.  \u201cNo se den por vencidos. La iglesia no los va a abandonar. Dios est\u00e1 con ustedes y los cuidar\u00e1\u201d, les asegur\u00f3 el Pastor Israel Leito, presidente de la iglesia en Interam\u00e9rica, al hablar desde las oficinas generales de la DIA, ubicadas en Miami, Florida.\" \/>\n<meta property=\"og:url\" content=\"https:\/\/interamerica.org\/es\/2015\/04\/la-iglesia-fortalecera-los-ministerios-en-planteles-educativos-publicos-en-todo-interamerica\/\" \/>\n<meta property=\"og:site_name\" content=\"Iglesia Adventista del S\u00e9ptimo D\u00eda - Divisi\u00f3n Interamericana\" \/>\n<meta property=\"article:published_time\" content=\"2015-04-15T04:00:00+00:00\" \/>\n<meta property=\"og:image\" content=\"https:\/\/interamerica.org\/wp-content\/uploads\/2017\/06\/Leito-trendsetters.png\" \/>\n\t<meta property=\"og:image:width\" content=\"400\" \/>\n\t<meta property=\"og:image:height\" content=\"338\" \/>\n\t<meta property=\"og:image:type\" content=\"image\/png\" \/>\n<meta name=\"author\" content=\"Lorenzo Verduzco\" \/>\n<meta name=\"twitter:card\" content=\"summary_large_image\" \/>\n<meta name=\"twitter:label1\" content=\"Escrito por\" \/>\n\t<meta name=\"twitter:data1\" content=\"Lorenzo Verduzco\" \/>\n\t<meta name=\"twitter:label2\" content=\"Tiempo de lectura\" \/>\n\t<meta name=\"twitter:data2\" content=\"5 minutos\" \/>\n<script type=\"application\/ld+json\" class=\"yoast-schema-graph\">{\"@context\":\"https:\\\/\\\/schema.org\",\"@graph\":[{\"@type\":\"Article\",\"@id\":\"https:\\\/\\\/interamerica.org\\\/es\\\/2015\\\/04\\\/la-iglesia-fortalecera-los-ministerios-en-planteles-educativos-publicos-en-todo-interamerica\\\/#article\",\"isPartOf\":{\"@id\":\"https:\\\/\\\/interamerica.org\\\/es\\\/2015\\\/04\\\/la-iglesia-fortalecera-los-ministerios-en-planteles-educativos-publicos-en-todo-interamerica\\\/\"},\"author\":{\"name\":\"Lorenzo Verduzco\",\"@id\":\"https:\\\/\\\/interamerica.org\\\/es\\\/#\\\/schema\\\/person\\\/68ede8bdc292885bb76c1e3810e73c39\"},\"headline\":\"La Iglesia fortalecer\u00e1 los ministerios en planteles educativos p\u00fablicos en todo Interam\u00e9rica\",\"datePublished\":\"2015-04-15T04:00:00+00:00\",\"mainEntityOfPage\":{\"@id\":\"https:\\\/\\\/interamerica.org\\\/es\\\/2015\\\/04\\\/la-iglesia-fortalecera-los-ministerios-en-planteles-educativos-publicos-en-todo-interamerica\\\/\"},\"wordCount\":1109,\"image\":{\"@id\":\"https:\\\/\\\/interamerica.org\\\/es\\\/2015\\\/04\\\/la-iglesia-fortalecera-los-ministerios-en-planteles-educativos-publicos-en-todo-interamerica\\\/#primaryimage\"},\"thumbnailUrl\":\"https:\\\/\\\/interamerica.org\\\/wp-content\\\/uploads\\\/2017\\\/06\\\/Leito-trendsetters.png\",\"articleSection\":[\"Desde la sede\",\"RSS Espa\u00f1ol\"],\"inLanguage\":\"es\"},{\"@type\":\"WebPage\",\"@id\":\"https:\\\/\\\/interamerica.org\\\/es\\\/2015\\\/04\\\/la-iglesia-fortalecera-los-ministerios-en-planteles-educativos-publicos-en-todo-interamerica\\\/\",\"url\":\"https:\\\/\\\/interamerica.org\\\/es\\\/2015\\\/04\\\/la-iglesia-fortalecera-los-ministerios-en-planteles-educativos-publicos-en-todo-interamerica\\\/\",\"name\":\"La Iglesia fortalecer\u00e1 los ministerios en planteles educativos p\u00fablicos en todo Interam\u00e9rica - Iglesia Adventista del S\u00e9ptimo D\u00eda - Divisi\u00f3n Interamericana\",\"isPartOf\":{\"@id\":\"https:\\\/\\\/interamerica.org\\\/es\\\/#website\"},\"primaryImageOfPage\":{\"@id\":\"https:\\\/\\\/interamerica.org\\\/es\\\/2015\\\/04\\\/la-iglesia-fortalecera-los-ministerios-en-planteles-educativos-publicos-en-todo-interamerica\\\/#primaryimage\"},\"image\":{\"@id\":\"https:\\\/\\\/interamerica.org\\\/es\\\/2015\\\/04\\\/la-iglesia-fortalecera-los-ministerios-en-planteles-educativos-publicos-en-todo-interamerica\\\/#primaryimage\"},\"thumbnailUrl\":\"https:\\\/\\\/interamerica.org\\\/wp-content\\\/uploads\\\/2017\\\/06\\\/Leito-trendsetters.png\",\"datePublished\":\"2015-04-15T04:00:00+00:00\",\"author\":{\"@id\":\"https:\\\/\\\/interamerica.org\\\/es\\\/#\\\/schema\\\/person\\\/68ede8bdc292885bb76c1e3810e73c39\"},\"breadcrumb\":{\"@id\":\"https:\\\/\\\/interamerica.org\\\/es\\\/2015\\\/04\\\/la-iglesia-fortalecera-los-ministerios-en-planteles-educativos-publicos-en-todo-interamerica\\\/#breadcrumb\"},\"inLanguage\":\"es\",\"potentialAction\":[{\"@type\":\"ReadAction\",\"target\":[\"https:\\\/\\\/interamerica.org\\\/es\\\/2015\\\/04\\\/la-iglesia-fortalecera-los-ministerios-en-planteles-educativos-publicos-en-todo-interamerica\\\/\"]}]},{\"@type\":\"ImageObject\",\"inLanguage\":\"es\",\"@id\":\"https:\\\/\\\/interamerica.org\\\/es\\\/2015\\\/04\\\/la-iglesia-fortalecera-los-ministerios-en-planteles-educativos-publicos-en-todo-interamerica\\\/#primaryimage\",\"url\":\"https:\\\/\\\/interamerica.org\\\/wp-content\\\/uploads\\\/2017\\\/06\\\/Leito-trendsetters.png\",\"contentUrl\":\"https:\\\/\\\/interamerica.org\\\/wp-content\\\/uploads\\\/2017\\\/06\\\/Leito-trendsetters.png\",\"width\":400,\"height\":338},{\"@type\":\"BreadcrumbList\",\"@id\":\"https:\\\/\\\/interamerica.org\\\/es\\\/2015\\\/04\\\/la-iglesia-fortalecera-los-ministerios-en-planteles-educativos-publicos-en-todo-interamerica\\\/#breadcrumb\",\"itemListElement\":[{\"@type\":\"ListItem\",\"position\":1,\"name\":\"Home\",\"item\":\"https:\\\/\\\/interamerica.org\\\/es\\\/\"},{\"@type\":\"ListItem\",\"position\":2,\"name\":\"La Iglesia fortalecer\u00e1 los ministerios en planteles educativos p\u00fablicos en todo Interam\u00e9rica\"}]},{\"@type\":\"WebSite\",\"@id\":\"https:\\\/\\\/interamerica.org\\\/es\\\/#website\",\"url\":\"https:\\\/\\\/interamerica.org\\\/es\\\/\",\"name\":\"Iglesia Adventista del S\u00e9ptimo D\u00eda - Divisi\u00f3n Interamericana\",\"description\":\"\",\"potentialAction\":[{\"@type\":\"SearchAction\",\"target\":{\"@type\":\"EntryPoint\",\"urlTemplate\":\"https:\\\/\\\/interamerica.org\\\/es\\\/?s={search_term_string}\"},\"query-input\":{\"@type\":\"PropertyValueSpecification\",\"valueRequired\":true,\"valueName\":\"search_term_string\"}}],\"inLanguage\":\"es\"},{\"@type\":\"Person\",\"@id\":\"https:\\\/\\\/interamerica.org\\\/es\\\/#\\\/schema\\\/person\\\/68ede8bdc292885bb76c1e3810e73c39\",\"name\":\"Lorenzo Verduzco\",\"image\":{\"@type\":\"ImageObject\",\"inLanguage\":\"es\",\"@id\":\"https:\\\/\\\/secure.gravatar.com\\\/avatar\\\/fb81a55b6218459490a9c1dc841a34909185b81904c5337b4b27f7a6fd60c49e?s=96&d=mm&r=g\",\"url\":\"https:\\\/\\\/secure.gravatar.com\\\/avatar\\\/fb81a55b6218459490a9c1dc841a34909185b81904c5337b4b27f7a6fd60c49e?s=96&d=mm&r=g\",\"contentUrl\":\"https:\\\/\\\/secure.gravatar.com\\\/avatar\\\/fb81a55b6218459490a9c1dc841a34909185b81904c5337b4b27f7a6fd60c49e?s=96&d=mm&r=g\",\"caption\":\"Lorenzo Verduzco\"}}]}<\/script>\n<!-- \/ Yoast SEO plugin. -->","yoast_head_json":{"title":"La Iglesia fortalecer\u00e1 los ministerios en planteles educativos p\u00fablicos en todo Interam\u00e9rica - Iglesia Adventista del S\u00e9ptimo D\u00eda - Divisi\u00f3n Interamericana","robots":{"index":"index","follow":"follow","max-snippet":"max-snippet:-1","max-image-preview":"max-image-preview:large","max-video-preview":"max-video-preview:-1"},"canonical":"https:\/\/interamerica.org\/es\/2015\/04\/la-iglesia-fortalecera-los-ministerios-en-planteles-educativos-publicos-en-todo-interamerica\/","og_locale":"es_ES","og_type":"article","og_title":"La Iglesia fortalecer\u00e1 los ministerios en planteles educativos p\u00fablicos en todo Interam\u00e9rica - Iglesia Adventista del S\u00e9ptimo D\u00eda - Divisi\u00f3n Interamericana","og_description":"Altos dirigentes de la Iglesia Adventista del S\u00e9ptimo D\u00eda enviaron un claro mensaje a cientos de miles de estudiantes adventistas que asisten a universidades p\u00fablicas en todo el territorio de la Divisi\u00f3n Interamericana (DIA), durante un programa especial en l\u00ednea, transmitido en vivo el 11 de abril de 2015.  \u201cNo se den por vencidos. La iglesia no los va a abandonar. Dios est\u00e1 con ustedes y los cuidar\u00e1\u201d, les asegur\u00f3 el Pastor Israel Leito, presidente de la iglesia en Interam\u00e9rica, al hablar desde las oficinas generales de la DIA, ubicadas en Miami, Florida.","og_url":"https:\/\/interamerica.org\/es\/2015\/04\/la-iglesia-fortalecera-los-ministerios-en-planteles-educativos-publicos-en-todo-interamerica\/","og_site_name":"Iglesia Adventista del S\u00e9ptimo D\u00eda - Divisi\u00f3n Interamericana","article_published_time":"2015-04-15T04:00:00+00:00","og_image":[{"width":400,"height":338,"url":"https:\/\/interamerica.org\/wp-content\/uploads\/2017\/06\/Leito-trendsetters.png","type":"image\/png"}],"author":"Lorenzo Verduzco","twitter_card":"summary_large_image","twitter_misc":{"Escrito por":"Lorenzo Verduzco","Tiempo de lectura":"5 minutos"},"schema":{"@context":"https:\/\/schema.org","@graph":[{"@type":"Article","@id":"https:\/\/interamerica.org\/es\/2015\/04\/la-iglesia-fortalecera-los-ministerios-en-planteles-educativos-publicos-en-todo-interamerica\/#article","isPartOf":{"@id":"https:\/\/interamerica.org\/es\/2015\/04\/la-iglesia-fortalecera-los-ministerios-en-planteles-educativos-publicos-en-todo-interamerica\/"},"author":{"name":"Lorenzo Verduzco","@id":"https:\/\/interamerica.org\/es\/#\/schema\/person\/68ede8bdc292885bb76c1e3810e73c39"},"headline":"La Iglesia fortalecer\u00e1 los ministerios en planteles educativos p\u00fablicos en todo Interam\u00e9rica","datePublished":"2015-04-15T04:00:00+00:00","mainEntityOfPage":{"@id":"https:\/\/interamerica.org\/es\/2015\/04\/la-iglesia-fortalecera-los-ministerios-en-planteles-educativos-publicos-en-todo-interamerica\/"},"wordCount":1109,"image":{"@id":"https:\/\/interamerica.org\/es\/2015\/04\/la-iglesia-fortalecera-los-ministerios-en-planteles-educativos-publicos-en-todo-interamerica\/#primaryimage"},"thumbnailUrl":"https:\/\/interamerica.org\/wp-content\/uploads\/2017\/06\/Leito-trendsetters.png","articleSection":["Desde la sede","RSS Espa\u00f1ol"],"inLanguage":"es"},{"@type":"WebPage","@id":"https:\/\/interamerica.org\/es\/2015\/04\/la-iglesia-fortalecera-los-ministerios-en-planteles-educativos-publicos-en-todo-interamerica\/","url":"https:\/\/interamerica.org\/es\/2015\/04\/la-iglesia-fortalecera-los-ministerios-en-planteles-educativos-publicos-en-todo-interamerica\/","name":"La Iglesia fortalecer\u00e1 los ministerios en planteles educativos p\u00fablicos en todo Interam\u00e9rica - Iglesia Adventista del S\u00e9ptimo D\u00eda - Divisi\u00f3n Interamericana","isPartOf":{"@id":"https:\/\/interamerica.org\/es\/#website"},"primaryImageOfPage":{"@id":"https:\/\/interamerica.org\/es\/2015\/04\/la-iglesia-fortalecera-los-ministerios-en-planteles-educativos-publicos-en-todo-interamerica\/#primaryimage"},"image":{"@id":"https:\/\/interamerica.org\/es\/2015\/04\/la-iglesia-fortalecera-los-ministerios-en-planteles-educativos-publicos-en-todo-interamerica\/#primaryimage"},"thumbnailUrl":"https:\/\/interamerica.org\/wp-content\/uploads\/2017\/06\/Leito-trendsetters.png","datePublished":"2015-04-15T04:00:00+00:00","author":{"@id":"https:\/\/interamerica.org\/es\/#\/schema\/person\/68ede8bdc292885bb76c1e3810e73c39"},"breadcrumb":{"@id":"https:\/\/interamerica.org\/es\/2015\/04\/la-iglesia-fortalecera-los-ministerios-en-planteles-educativos-publicos-en-todo-interamerica\/#breadcrumb"},"inLanguage":"es","potentialAction":[{"@type":"ReadAction","target":["https:\/\/interamerica.org\/es\/2015\/04\/la-iglesia-fortalecera-los-ministerios-en-planteles-educativos-publicos-en-todo-interamerica\/"]}]},{"@type":"ImageObject","inLanguage":"es","@id":"https:\/\/interamerica.org\/es\/2015\/04\/la-iglesia-fortalecera-los-ministerios-en-planteles-educativos-publicos-en-todo-interamerica\/#primaryimage","url":"https:\/\/interamerica.org\/wp-content\/uploads\/2017\/06\/Leito-trendsetters.png","contentUrl":"https:\/\/interamerica.org\/wp-content\/uploads\/2017\/06\/Leito-trendsetters.png","width":400,"height":338},{"@type":"BreadcrumbList","@id":"https:\/\/interamerica.org\/es\/2015\/04\/la-iglesia-fortalecera-los-ministerios-en-planteles-educativos-publicos-en-todo-interamerica\/#breadcrumb","itemListElement":[{"@type":"ListItem","position":1,"name":"Home","item":"https:\/\/interamerica.org\/es\/"},{"@type":"ListItem","position":2,"name":"La Iglesia fortalecer\u00e1 los ministerios en planteles educativos p\u00fablicos en todo Interam\u00e9rica"}]},{"@type":"WebSite","@id":"https:\/\/interamerica.org\/es\/#website","url":"https:\/\/interamerica.org\/es\/","name":"Iglesia Adventista del S\u00e9ptimo D\u00eda - Divisi\u00f3n Interamericana","description":"","potentialAction":[{"@type":"SearchAction","target":{"@type":"EntryPoint","urlTemplate":"https:\/\/interamerica.org\/es\/?s={search_term_string}"},"query-input":{"@type":"PropertyValueSpecification","valueRequired":true,"valueName":"search_term_string"}}],"inLanguage":"es"},{"@type":"Person","@id":"https:\/\/interamerica.org\/es\/#\/schema\/person\/68ede8bdc292885bb76c1e3810e73c39","name":"Lorenzo Verduzco","image":{"@type":"ImageObject","inLanguage":"es","@id":"https:\/\/secure.gravatar.com\/avatar\/fb81a55b6218459490a9c1dc841a34909185b81904c5337b4b27f7a6fd60c49e?s=96&d=mm&r=g","url":"https:\/\/secure.gravatar.com\/avatar\/fb81a55b6218459490a9c1dc841a34909185b81904c5337b4b27f7a6fd60c49e?s=96&d=mm&r=g","contentUrl":"https:\/\/secure.gravatar.com\/avatar\/fb81a55b6218459490a9c1dc841a34909185b81904c5337b4b27f7a6fd60c49e?s=96&d=mm&r=g","caption":"Lorenzo Verduzco"}}]}},"_links":{"self":[{"href":"https:\/\/interamerica.org\/es\/wp-json\/wp\/v2\/posts\/30798","targetHints":{"allow":["GET"]}}],"collection":[{"href":"https:\/\/interamerica.org\/es\/wp-json\/wp\/v2\/posts"}],"about":[{"href":"https:\/\/interamerica.org\/es\/wp-json\/wp\/v2\/types\/post"}],"author":[{"embeddable":true,"href":"https:\/\/interamerica.org\/es\/wp-json\/wp\/v2\/users\/1"}],"replies":[{"embeddable":true,"href":"https:\/\/interamerica.org\/es\/wp-json\/wp\/v2\/comments?post=30798"}],"version-history":[{"count":0,"href":"https:\/\/interamerica.org\/es\/wp-json\/wp\/v2\/posts\/30798\/revisions"}],"wp:featuredmedia":[{"embeddable":true,"href":"https:\/\/interamerica.org\/es\/wp-json\/wp\/v2\/media\/25020"}],"wp:attachment":[{"href":"https:\/\/interamerica.org\/es\/wp-json\/wp\/v2\/media?parent=30798"}],"wp:term":[{"taxonomy":"category","embeddable":true,"href":"https:\/\/interamerica.org\/es\/wp-json\/wp\/v2\/categories?post=30798"},{"taxonomy":"post_tag","embeddable":true,"href":"https:\/\/interamerica.org\/es\/wp-json\/wp\/v2\/tags?post=30798"}],"curies":[{"name":"wp","href":"https:\/\/api.w.org\/{rel}","templated":true}]}}