{"id":30799,"date":"2015-04-16T00:00:00","date_gmt":"2015-04-16T04:00:00","guid":{"rendered":"http:\/\/192.81.217.108\/interamerica\/2015\/04\/la-iglesia-adventista-lanzara-nueva-enciclopedia\/"},"modified":"2015-04-16T00:00:00","modified_gmt":"2015-04-16T04:00:00","slug":"la-iglesia-adventista-lanzara-nueva-enciclopedia","status":"publish","type":"post","link":"https:\/\/interamerica.org\/es\/2015\/04\/la-iglesia-adventista-lanzara-nueva-enciclopedia\/","title":{"rendered":"La Iglesia Adventista lanzar\u00e1 nueva enciclopedia"},"content":{"rendered":"<div id=\"attachment_16409\" style=\"width: 710px\" class=\"wp-caption aligncenter\"><a href=\"\/interamerica\/wp-content\/uploads\/2017\/06\/rsz_img_8406.jpg\" rel=\"fancybox\" title=\"La Iglesia Adventista lanzar\u00e1 nueva enciclopedia\"><img fetchpriority=\"high\" decoding=\"async\" aria-describedby=\"caption-attachment-16409\" class=\" wp-image-16409 \" src=\"\/interamerica\/wp-content\/uploads\/2017\/06\/rsz_img_8406.jpg\" alt=\"\" width=\"700\" height=\"349\" \/><\/a><p id=\"caption-attachment-16409\" class=\"wp-caption-text\">La Enciclopedia Adventista en dos vol\u00famenes de 1996, y la primera edici\u00f3n en un tomo, publicada en 1966. Imagen de Andrew McChesney\/DIA<\/p><\/div>\n<p>16 de abril de 2015 | Silver Spring, Maryland, Estados Unidos | Andrew McChesney\/Adventist Review<\/p>\n<p>Los l\u00edderes adventistas han aprobado una Enciclopedia Adventista del S\u00e9ptimo D\u00eda, publicada por primera vez en 1966, completamente nueva, con \u00e9nfasis en su edici\u00f3n en l\u00ednea.<\/p>\n<p>La nueva Enciclopedia Adventista del S\u00e9ptimo D\u00eda debutar\u00e1 en l\u00ednea en 2020, y ser\u00e1 publicada bajo la tutela de la Secretar\u00eda de Archivos, Estad\u00edsticas e Investigaciones de la Asociaci\u00f3n General.<\/p>\n<p>En su sesi\u00f3n del Concilio de Primavera de esta semana, la Junta Directiva de la Asociaci\u00f3n General ha decidido destinar 1,6 millones de d\u00f3lares para este proyecto de cinco a\u00f1os.<\/p>\n<p>\u00abA diferencia de sus predecesoras, ya no se necesitar\u00e1 una revisi\u00f3n importante en el futuro, debido a las actualizaciones constantes en el sitio web de la enciclopedia\u00bb, expres\u00f3 en una declaraci\u00f3n la Secretar\u00eda de Archivos, Estad\u00edsticas e Investigaciones. \u00abPor ello, aunque la producci\u00f3n de la nueva enciclopedia demandar\u00e1 mucho tiempo y considerable dinero, un desembolso semejante ya no ser\u00e1 necesario en el futuro\u00bb.<\/p>\n<p>El proyecto fue concebido por los administradores de la Asociaci\u00f3n General, quienes vieron la necesidad de una nueva enciclopedia que reflejara \u00abel tremendo crecimiento y madurez de la iglesia, as\u00ed como los cambios en la din\u00e1mica global y la recepci\u00f3n de la informaci\u00f3n\u00bb, expres\u00f3 la declaraci\u00f3n.<\/p>\n<p>Destac\u00f3 que el proyecto buscar\u00e1 alcanzar cinco objetivos:<\/p>\n<p>Brindar informaci\u00f3n confiable y acreditada sobre la historia adventista, eventos y temas cruciales, organizaciones, las instituciones y las personas. Fortalecer la identidad adventista como un movimiento mundial de r\u00e1pido crecimiento, destacando sus creencias prof\u00e9ticas y doctrinales distintivas. Brindar una obra de referencia para los que son nuevos en la fe adventista, maduros en la fe, y los que no pertenecen a la fe adventista, para que aprendan sobre todos los aspectos del adventismo. Destacar la funci\u00f3n que la organizaci\u00f3n de la denominaci\u00f3n en el cumplimiento de la misi\u00f3n de la iglesia. Destacar los desaf\u00edos misionol\u00f3gicos que a\u00fan restan para \u00abalcanzar al mundo\u00bb.<\/p>\n<p>La edici\u00f3n en l\u00ednea contar\u00e1 con audio y video, y usar\u00e1 los conocimientos de miles de estudiosos adventistas de todo el mundo. Estar\u00e1 disponible en todos los idiomas principales, incluido el ingl\u00e9s, el espa\u00f1ol, el franc\u00e9s y el alem\u00e1n.<\/p>\n<p>La Secretar\u00eda de Archivos, Estad\u00edsticas e Investigaciones ya est\u00e1 en proceso de adquirir numerosas direcciones web para la enciclopedia.<\/p>\n<p>\u00abEl sitio web, sin embargo, no estar\u00e1 disponible hasta comienzos de 2020, y debutar\u00e1 oficialmente en el Congreso de la Asociaci\u00f3n General 2020\u00bb, dijo Benjam\u00edn Baker, archivista asistente.<\/p>\n<p>Tambi\u00e9n se est\u00e1n haciendo planes para una edici\u00f3n impresa de la enciclopedia en cuatro vol\u00famenes.<\/p>\n<p>La idea de una Enciclopedia Adventista surgi\u00f3 por primera vez en 1959. La casa editora Review and Herald Publishing Association decidi\u00f3 inicialmente no asumir la tarea pero, al completar los nueve vol\u00famenes del Comentario B\u00edblico Adventista en 1962, vot\u00f3 publicar la enciclopedia como complemento de la serie.<\/p>\n<p>El proyecto fue anunciado en el Concilio Anual 1962, y la Enciclopedia Adventista del S\u00e9ptimo D\u00eda en un volumen fue publicada en enero de 1966.<\/p>\n<p>Una edici\u00f3n revisada fue publicada una d\u00e9cada despu\u00e9s, en 1976.<\/p>\n<p>En 1993 se inici\u00f3 una revisi\u00f3n sustancial que result\u00f3 en la publicaci\u00f3n de dos vol\u00famenes en 1996.<\/p>\n<p>Ese a\u00f1o, tambi\u00e9n se publicaron el Comentario B\u00edblico Adventista y la enciclopedia por primera vez en formato CD. En el presente, hay una edici\u00f3n en l\u00ednea que est\u00e1 disponible en el sitio web del programa inform\u00e1tico Logos Bible.<\/p>\n<p><em>Traducci\u00f3n de Marcos Paseggi<\/em><\/p>\n","protected":false},"excerpt":{"rendered":"<p>Los l\u00edderes adventistas han aprobado una Enciclopedia Adventista del S\u00e9ptimo D\u00eda, publicada por primera vez en 1966, completamente nueva, con \u00e9nfasis en su edici\u00f3n en l\u00ednea. <\/p>\n<p>La nueva Enciclopedia Adventista del S\u00e9ptimo D\u00eda debutar\u00e1 en l\u00ednea en 2020, y ser\u00e1 publicada bajo la tutela de la Secretar\u00eda de Archivos, Estad\u00edsticas e Investigaciones de la Asociaci\u00f3n General.<\/p>\n","protected":false},"author":1,"featured_media":25036,"comment_status":"closed","ping_status":"closed","sticky":false,"template":"","format":"standard","meta":{"_acf_changed":false,"footnotes":""},"categories":[14,15],"tags":[],"class_list":["post-30799","post","type-post","status-publish","format-standard","has-post-thumbnail","hentry","category-de-la-iglesia-mundial","category-rss-espanol"],"acf":[],"yoast_head":"<!-- This site is optimized with the Yoast SEO plugin v27.3 - https:\/\/yoast.com\/product\/yoast-seo-wordpress\/ -->\n<title>La Iglesia Adventista lanzar\u00e1 nueva enciclopedia - Iglesia Adventista del S\u00e9ptimo D\u00eda - Divisi\u00f3n Interamericana<\/title>\n<meta name=\"robots\" content=\"index, follow, max-snippet:-1, max-image-preview:large, max-video-preview:-1\" \/>\n<link rel=\"canonical\" href=\"https:\/\/interamerica.org\/es\/2015\/04\/la-iglesia-adventista-lanzara-nueva-enciclopedia\/\" \/>\n<meta property=\"og:locale\" content=\"es_ES\" \/>\n<meta property=\"og:type\" content=\"article\" \/>\n<meta property=\"og:title\" content=\"La Iglesia Adventista lanzar\u00e1 nueva enciclopedia - Iglesia Adventista del S\u00e9ptimo D\u00eda - Divisi\u00f3n Interamericana\" \/>\n<meta property=\"og:description\" content=\"Los l\u00edderes adventistas han aprobado una Enciclopedia Adventista del S\u00e9ptimo D\u00eda, publicada por primera vez en 1966, completamente nueva, con \u00e9nfasis en su edici\u00f3n en l\u00ednea.  La nueva Enciclopedia Adventista del S\u00e9ptimo D\u00eda debutar\u00e1 en l\u00ednea en 2020, y ser\u00e1 publicada bajo la tutela de la Secretar\u00eda de Archivos, Estad\u00edsticas e Investigaciones de la Asociaci\u00f3n General.\" \/>\n<meta property=\"og:url\" content=\"https:\/\/interamerica.org\/es\/2015\/04\/la-iglesia-adventista-lanzara-nueva-enciclopedia\/\" \/>\n<meta property=\"og:site_name\" content=\"Iglesia Adventista del S\u00e9ptimo D\u00eda - Divisi\u00f3n Interamericana\" \/>\n<meta property=\"article:published_time\" content=\"2015-04-16T04:00:00+00:00\" \/>\n<meta property=\"og:image\" content=\"https:\/\/interamerica.org\/wp-content\/uploads\/2017\/06\/rsz_img_8406.jpg\" \/>\n\t<meta property=\"og:image:width\" content=\"1000\" \/>\n\t<meta property=\"og:image:height\" content=\"499\" \/>\n\t<meta property=\"og:image:type\" content=\"image\/jpeg\" \/>\n<meta name=\"author\" content=\"Lorenzo Verduzco\" \/>\n<meta name=\"twitter:card\" content=\"summary_large_image\" \/>\n<meta name=\"twitter:label1\" content=\"Escrito por\" \/>\n\t<meta name=\"twitter:data1\" content=\"Lorenzo Verduzco\" \/>\n\t<meta name=\"twitter:label2\" content=\"Tiempo de lectura\" \/>\n\t<meta name=\"twitter:data2\" content=\"3 minutos\" \/>\n<script type=\"application\/ld+json\" class=\"yoast-schema-graph\">{\"@context\":\"https:\\\/\\\/schema.org\",\"@graph\":[{\"@type\":\"Article\",\"@id\":\"https:\\\/\\\/interamerica.org\\\/es\\\/2015\\\/04\\\/la-iglesia-adventista-lanzara-nueva-enciclopedia\\\/#article\",\"isPartOf\":{\"@id\":\"https:\\\/\\\/interamerica.org\\\/es\\\/2015\\\/04\\\/la-iglesia-adventista-lanzara-nueva-enciclopedia\\\/\"},\"author\":{\"name\":\"Lorenzo Verduzco\",\"@id\":\"https:\\\/\\\/interamerica.org\\\/es\\\/#\\\/schema\\\/person\\\/68ede8bdc292885bb76c1e3810e73c39\"},\"headline\":\"La Iglesia Adventista lanzar\u00e1 nueva enciclopedia\",\"datePublished\":\"2015-04-16T04:00:00+00:00\",\"mainEntityOfPage\":{\"@id\":\"https:\\\/\\\/interamerica.org\\\/es\\\/2015\\\/04\\\/la-iglesia-adventista-lanzara-nueva-enciclopedia\\\/\"},\"wordCount\":649,\"image\":{\"@id\":\"https:\\\/\\\/interamerica.org\\\/es\\\/2015\\\/04\\\/la-iglesia-adventista-lanzara-nueva-enciclopedia\\\/#primaryimage\"},\"thumbnailUrl\":\"https:\\\/\\\/interamerica.org\\\/wp-content\\\/uploads\\\/2017\\\/06\\\/rsz_img_8406.jpg\",\"articleSection\":[\"Desde la iglesia mundial\",\"RSS Espa\u00f1ol\"],\"inLanguage\":\"es\"},{\"@type\":\"WebPage\",\"@id\":\"https:\\\/\\\/interamerica.org\\\/es\\\/2015\\\/04\\\/la-iglesia-adventista-lanzara-nueva-enciclopedia\\\/\",\"url\":\"https:\\\/\\\/interamerica.org\\\/es\\\/2015\\\/04\\\/la-iglesia-adventista-lanzara-nueva-enciclopedia\\\/\",\"name\":\"La Iglesia Adventista lanzar\u00e1 nueva enciclopedia - Iglesia Adventista del S\u00e9ptimo D\u00eda - Divisi\u00f3n Interamericana\",\"isPartOf\":{\"@id\":\"https:\\\/\\\/interamerica.org\\\/es\\\/#website\"},\"primaryImageOfPage\":{\"@id\":\"https:\\\/\\\/interamerica.org\\\/es\\\/2015\\\/04\\\/la-iglesia-adventista-lanzara-nueva-enciclopedia\\\/#primaryimage\"},\"image\":{\"@id\":\"https:\\\/\\\/interamerica.org\\\/es\\\/2015\\\/04\\\/la-iglesia-adventista-lanzara-nueva-enciclopedia\\\/#primaryimage\"},\"thumbnailUrl\":\"https:\\\/\\\/interamerica.org\\\/wp-content\\\/uploads\\\/2017\\\/06\\\/rsz_img_8406.jpg\",\"datePublished\":\"2015-04-16T04:00:00+00:00\",\"author\":{\"@id\":\"https:\\\/\\\/interamerica.org\\\/es\\\/#\\\/schema\\\/person\\\/68ede8bdc292885bb76c1e3810e73c39\"},\"breadcrumb\":{\"@id\":\"https:\\\/\\\/interamerica.org\\\/es\\\/2015\\\/04\\\/la-iglesia-adventista-lanzara-nueva-enciclopedia\\\/#breadcrumb\"},\"inLanguage\":\"es\",\"potentialAction\":[{\"@type\":\"ReadAction\",\"target\":[\"https:\\\/\\\/interamerica.org\\\/es\\\/2015\\\/04\\\/la-iglesia-adventista-lanzara-nueva-enciclopedia\\\/\"]}]},{\"@type\":\"ImageObject\",\"inLanguage\":\"es\",\"@id\":\"https:\\\/\\\/interamerica.org\\\/es\\\/2015\\\/04\\\/la-iglesia-adventista-lanzara-nueva-enciclopedia\\\/#primaryimage\",\"url\":\"https:\\\/\\\/interamerica.org\\\/wp-content\\\/uploads\\\/2017\\\/06\\\/rsz_img_8406.jpg\",\"contentUrl\":\"https:\\\/\\\/interamerica.org\\\/wp-content\\\/uploads\\\/2017\\\/06\\\/rsz_img_8406.jpg\",\"width\":1000,\"height\":499},{\"@type\":\"BreadcrumbList\",\"@id\":\"https:\\\/\\\/interamerica.org\\\/es\\\/2015\\\/04\\\/la-iglesia-adventista-lanzara-nueva-enciclopedia\\\/#breadcrumb\",\"itemListElement\":[{\"@type\":\"ListItem\",\"position\":1,\"name\":\"Home\",\"item\":\"https:\\\/\\\/interamerica.org\\\/es\\\/\"},{\"@type\":\"ListItem\",\"position\":2,\"name\":\"La Iglesia Adventista lanzar\u00e1 nueva enciclopedia\"}]},{\"@type\":\"WebSite\",\"@id\":\"https:\\\/\\\/interamerica.org\\\/es\\\/#website\",\"url\":\"https:\\\/\\\/interamerica.org\\\/es\\\/\",\"name\":\"Iglesia Adventista del S\u00e9ptimo D\u00eda - Divisi\u00f3n Interamericana\",\"description\":\"\",\"potentialAction\":[{\"@type\":\"SearchAction\",\"target\":{\"@type\":\"EntryPoint\",\"urlTemplate\":\"https:\\\/\\\/interamerica.org\\\/es\\\/?s={search_term_string}\"},\"query-input\":{\"@type\":\"PropertyValueSpecification\",\"valueRequired\":true,\"valueName\":\"search_term_string\"}}],\"inLanguage\":\"es\"},{\"@type\":\"Person\",\"@id\":\"https:\\\/\\\/interamerica.org\\\/es\\\/#\\\/schema\\\/person\\\/68ede8bdc292885bb76c1e3810e73c39\",\"name\":\"Lorenzo Verduzco\",\"image\":{\"@type\":\"ImageObject\",\"inLanguage\":\"es\",\"@id\":\"https:\\\/\\\/secure.gravatar.com\\\/avatar\\\/fb81a55b6218459490a9c1dc841a34909185b81904c5337b4b27f7a6fd60c49e?s=96&d=mm&r=g\",\"url\":\"https:\\\/\\\/secure.gravatar.com\\\/avatar\\\/fb81a55b6218459490a9c1dc841a34909185b81904c5337b4b27f7a6fd60c49e?s=96&d=mm&r=g\",\"contentUrl\":\"https:\\\/\\\/secure.gravatar.com\\\/avatar\\\/fb81a55b6218459490a9c1dc841a34909185b81904c5337b4b27f7a6fd60c49e?s=96&d=mm&r=g\",\"caption\":\"Lorenzo Verduzco\"}}]}<\/script>\n<!-- \/ Yoast SEO plugin. -->","yoast_head_json":{"title":"La Iglesia Adventista lanzar\u00e1 nueva enciclopedia - Iglesia Adventista del S\u00e9ptimo D\u00eda - Divisi\u00f3n Interamericana","robots":{"index":"index","follow":"follow","max-snippet":"max-snippet:-1","max-image-preview":"max-image-preview:large","max-video-preview":"max-video-preview:-1"},"canonical":"https:\/\/interamerica.org\/es\/2015\/04\/la-iglesia-adventista-lanzara-nueva-enciclopedia\/","og_locale":"es_ES","og_type":"article","og_title":"La Iglesia Adventista lanzar\u00e1 nueva enciclopedia - Iglesia Adventista del S\u00e9ptimo D\u00eda - Divisi\u00f3n Interamericana","og_description":"Los l\u00edderes adventistas han aprobado una Enciclopedia Adventista del S\u00e9ptimo D\u00eda, publicada por primera vez en 1966, completamente nueva, con \u00e9nfasis en su edici\u00f3n en l\u00ednea.  La nueva Enciclopedia Adventista del S\u00e9ptimo D\u00eda debutar\u00e1 en l\u00ednea en 2020, y ser\u00e1 publicada bajo la tutela de la Secretar\u00eda de Archivos, Estad\u00edsticas e Investigaciones de la Asociaci\u00f3n General.","og_url":"https:\/\/interamerica.org\/es\/2015\/04\/la-iglesia-adventista-lanzara-nueva-enciclopedia\/","og_site_name":"Iglesia Adventista del S\u00e9ptimo D\u00eda - Divisi\u00f3n Interamericana","article_published_time":"2015-04-16T04:00:00+00:00","og_image":[{"width":1000,"height":499,"url":"https:\/\/interamerica.org\/wp-content\/uploads\/2017\/06\/rsz_img_8406.jpg","type":"image\/jpeg"}],"author":"Lorenzo Verduzco","twitter_card":"summary_large_image","twitter_misc":{"Escrito por":"Lorenzo Verduzco","Tiempo de lectura":"3 minutos"},"schema":{"@context":"https:\/\/schema.org","@graph":[{"@type":"Article","@id":"https:\/\/interamerica.org\/es\/2015\/04\/la-iglesia-adventista-lanzara-nueva-enciclopedia\/#article","isPartOf":{"@id":"https:\/\/interamerica.org\/es\/2015\/04\/la-iglesia-adventista-lanzara-nueva-enciclopedia\/"},"author":{"name":"Lorenzo Verduzco","@id":"https:\/\/interamerica.org\/es\/#\/schema\/person\/68ede8bdc292885bb76c1e3810e73c39"},"headline":"La Iglesia Adventista lanzar\u00e1 nueva enciclopedia","datePublished":"2015-04-16T04:00:00+00:00","mainEntityOfPage":{"@id":"https:\/\/interamerica.org\/es\/2015\/04\/la-iglesia-adventista-lanzara-nueva-enciclopedia\/"},"wordCount":649,"image":{"@id":"https:\/\/interamerica.org\/es\/2015\/04\/la-iglesia-adventista-lanzara-nueva-enciclopedia\/#primaryimage"},"thumbnailUrl":"https:\/\/interamerica.org\/wp-content\/uploads\/2017\/06\/rsz_img_8406.jpg","articleSection":["Desde la iglesia mundial","RSS Espa\u00f1ol"],"inLanguage":"es"},{"@type":"WebPage","@id":"https:\/\/interamerica.org\/es\/2015\/04\/la-iglesia-adventista-lanzara-nueva-enciclopedia\/","url":"https:\/\/interamerica.org\/es\/2015\/04\/la-iglesia-adventista-lanzara-nueva-enciclopedia\/","name":"La Iglesia Adventista lanzar\u00e1 nueva enciclopedia - Iglesia Adventista del S\u00e9ptimo D\u00eda - Divisi\u00f3n Interamericana","isPartOf":{"@id":"https:\/\/interamerica.org\/es\/#website"},"primaryImageOfPage":{"@id":"https:\/\/interamerica.org\/es\/2015\/04\/la-iglesia-adventista-lanzara-nueva-enciclopedia\/#primaryimage"},"image":{"@id":"https:\/\/interamerica.org\/es\/2015\/04\/la-iglesia-adventista-lanzara-nueva-enciclopedia\/#primaryimage"},"thumbnailUrl":"https:\/\/interamerica.org\/wp-content\/uploads\/2017\/06\/rsz_img_8406.jpg","datePublished":"2015-04-16T04:00:00+00:00","author":{"@id":"https:\/\/interamerica.org\/es\/#\/schema\/person\/68ede8bdc292885bb76c1e3810e73c39"},"breadcrumb":{"@id":"https:\/\/interamerica.org\/es\/2015\/04\/la-iglesia-adventista-lanzara-nueva-enciclopedia\/#breadcrumb"},"inLanguage":"es","potentialAction":[{"@type":"ReadAction","target":["https:\/\/interamerica.org\/es\/2015\/04\/la-iglesia-adventista-lanzara-nueva-enciclopedia\/"]}]},{"@type":"ImageObject","inLanguage":"es","@id":"https:\/\/interamerica.org\/es\/2015\/04\/la-iglesia-adventista-lanzara-nueva-enciclopedia\/#primaryimage","url":"https:\/\/interamerica.org\/wp-content\/uploads\/2017\/06\/rsz_img_8406.jpg","contentUrl":"https:\/\/interamerica.org\/wp-content\/uploads\/2017\/06\/rsz_img_8406.jpg","width":1000,"height":499},{"@type":"BreadcrumbList","@id":"https:\/\/interamerica.org\/es\/2015\/04\/la-iglesia-adventista-lanzara-nueva-enciclopedia\/#breadcrumb","itemListElement":[{"@type":"ListItem","position":1,"name":"Home","item":"https:\/\/interamerica.org\/es\/"},{"@type":"ListItem","position":2,"name":"La Iglesia Adventista lanzar\u00e1 nueva enciclopedia"}]},{"@type":"WebSite","@id":"https:\/\/interamerica.org\/es\/#website","url":"https:\/\/interamerica.org\/es\/","name":"Iglesia Adventista del S\u00e9ptimo D\u00eda - Divisi\u00f3n Interamericana","description":"","potentialAction":[{"@type":"SearchAction","target":{"@type":"EntryPoint","urlTemplate":"https:\/\/interamerica.org\/es\/?s={search_term_string}"},"query-input":{"@type":"PropertyValueSpecification","valueRequired":true,"valueName":"search_term_string"}}],"inLanguage":"es"},{"@type":"Person","@id":"https:\/\/interamerica.org\/es\/#\/schema\/person\/68ede8bdc292885bb76c1e3810e73c39","name":"Lorenzo Verduzco","image":{"@type":"ImageObject","inLanguage":"es","@id":"https:\/\/secure.gravatar.com\/avatar\/fb81a55b6218459490a9c1dc841a34909185b81904c5337b4b27f7a6fd60c49e?s=96&d=mm&r=g","url":"https:\/\/secure.gravatar.com\/avatar\/fb81a55b6218459490a9c1dc841a34909185b81904c5337b4b27f7a6fd60c49e?s=96&d=mm&r=g","contentUrl":"https:\/\/secure.gravatar.com\/avatar\/fb81a55b6218459490a9c1dc841a34909185b81904c5337b4b27f7a6fd60c49e?s=96&d=mm&r=g","caption":"Lorenzo Verduzco"}}]}},"_links":{"self":[{"href":"https:\/\/interamerica.org\/es\/wp-json\/wp\/v2\/posts\/30799","targetHints":{"allow":["GET"]}}],"collection":[{"href":"https:\/\/interamerica.org\/es\/wp-json\/wp\/v2\/posts"}],"about":[{"href":"https:\/\/interamerica.org\/es\/wp-json\/wp\/v2\/types\/post"}],"author":[{"embeddable":true,"href":"https:\/\/interamerica.org\/es\/wp-json\/wp\/v2\/users\/1"}],"replies":[{"embeddable":true,"href":"https:\/\/interamerica.org\/es\/wp-json\/wp\/v2\/comments?post=30799"}],"version-history":[{"count":0,"href":"https:\/\/interamerica.org\/es\/wp-json\/wp\/v2\/posts\/30799\/revisions"}],"wp:featuredmedia":[{"embeddable":true,"href":"https:\/\/interamerica.org\/es\/wp-json\/wp\/v2\/media\/25036"}],"wp:attachment":[{"href":"https:\/\/interamerica.org\/es\/wp-json\/wp\/v2\/media?parent=30799"}],"wp:term":[{"taxonomy":"category","embeddable":true,"href":"https:\/\/interamerica.org\/es\/wp-json\/wp\/v2\/categories?post=30799"},{"taxonomy":"post_tag","embeddable":true,"href":"https:\/\/interamerica.org\/es\/wp-json\/wp\/v2\/tags?post=30799"}],"curies":[{"name":"wp","href":"https:\/\/api.w.org\/{rel}","templated":true}]}}