{"id":30803,"date":"2015-04-21T00:00:00","date_gmt":"2015-04-21T04:00:00","guid":{"rendered":"http:\/\/192.81.217.108\/interamerica\/2015\/04\/la-iglesia-adventista-en-sudafrica-responde-a-ataques-xenofobicos\/"},"modified":"2015-04-21T00:00:00","modified_gmt":"2015-04-21T04:00:00","slug":"la-iglesia-adventista-en-sudafrica-responde-a-ataques-xenofobicos","status":"publish","type":"post","link":"https:\/\/interamerica.org\/es\/2015\/04\/la-iglesia-adventista-en-sudafrica-responde-a-ataques-xenofobicos\/","title":{"rendered":"La Iglesia Adventista en Sud\u00e1frica responde a ataques xenof\u00f3bicos"},"content":{"rendered":"<div id=\"attachment_16463\" style=\"width: 410px\" class=\"wp-caption alignright\"><a href=\"\/interamerica\/wp-content\/uploads\/2017\/06\/csm_South_Africa_aee87f157d.jpg\" rel=\"fancybox\" title=\"La Iglesia Adventista en Sud\u00e1frica responde a ataques xenof\u00f3bicos\"><img fetchpriority=\"high\" decoding=\"async\" aria-describedby=\"caption-attachment-16463\" class=\"size-full wp-image-16463\" src=\"\/interamerica\/wp-content\/uploads\/2017\/06\/csm_South_Africa_aee87f157d.jpg\" alt=\"\" width=\"400\" height=\"311\" \/><\/a><p id=\"caption-attachment-16463\" class=\"wp-caption-text\">Mapa de Sud\u00e1frica. Imagen cortes\u00eda de iStock.<\/p><\/div>\n<p>20 de abril de 2015 | Pretoria, Sur de Africa | Paul Charles<\/p>\n<p>Paul Charles, director de comunicaci\u00f3n de la Divisi\u00f3n de \u00c1frica Meridional y Oc\u00e9ano \u00cdndico, de la Iglesia Adventista del S\u00e9ptimo D\u00eda, emiti\u00f3 el siguiente comunicado en respuesta a los ataques continuos en contra de los extranjeros que viven en Sud\u00e1frica:<\/p>\n<p>La Iglesia Adventista del S\u00e9ptimo D\u00eda en la regi\u00f3n de \u00c1frica Meridional y Oc\u00e9ano \u00cdndico est\u00e1 indignada por los recientes y actuales ataques xenof\u00f3bicos contra los extranjeros que viven en Sud\u00e1frica. No hay raz\u00f3n para justificar de manera alguna la violencia y prejuicios que deshonran a la nueva y libre naci\u00f3n democr\u00e1tica de Sud\u00e1frica. Abrazar la verdadera libertad significa renunciar al esp\u00edritu de dominaci\u00f3n, abuso y violencia contra las personas. Sin reserva alguna, nuestros directivos y casi un total de 3.5 millones de miembros adventistas del s\u00e9ptimo d\u00eda en el sur de \u00c1frica, condenan todos estos actos insensibles y horrendos de odio y violencia que han afectado tambi\u00e9n a miembros de nuestra iglesia.<\/p>\n<p>El presidente de la Uni\u00f3n Asociaci\u00f3n de \u00c1frica Meridional, Tankiso Letseli, hizo la siguiente declaraci\u00f3n: La Iglesia Adventista del S\u00e9ptimo D\u00eda en Sud\u00e1frica ha movilizado a la Agencia Adventista de Desarrollo y Recursos Asistenciales de Sud\u00e1frica y a los Servicios a la Comunidad \u201cMeals on Wheels\u201d (comidas sobre ruedas) (MOWCS) de Sud\u00e1frica, como forma de intervenci\u00f3n. Hemos identificado a personas que han sido desplazadas por causa de violencia xenof\u00f3bica. Actualmente, MOWCS Sud\u00e1frica, juntamente con la oficina regional de MOWCS, de la Asociaci\u00f3n de Kwazulu Natal y Free State (KNFC), se encuentran en el sitio mismo proveyendo alimentos y ayuda a no menos de 1,500 personas diariamente en la zona de Durban. Estamos en la actualidad proveyendo alimentos ya cocinados en las zonas de Chatsworth y Chesterville. El Pastor C M Nhlapo, presidente de la Asociaci\u00f3n de Kwazulu Natal y Free State, junto con su equipo, est\u00e1n trabajando con MOWCS KNFC para introducirse en las zonas afectadas para una mayor intervenci\u00f3n. Los directivos de la Asociaci\u00f3n Trans-Orange de la Iglesia Adventista, juntamente con el Pastor Mpho Rantsoabe, han identificado puntos cr\u00edticos en la zona de Johannesburgo, con el prop\u00f3sito de responder e intervenir. Estamos tratando tambi\u00e9n de movilizar el apoyo de ADRA Internacional, a trav\u00e9s de la Oficina Regional ADRA de \u00c1frica, a fin de incrementar la dimensi\u00f3n de nuestro alcance\u201d.<\/p>\n<p>Una inhumana crisis de esta magnitud afecta a toda la iglesia mundial y a la comunidad internacional. Se insta a todas las iglesias locales adventistas a intensificar sus esfuerzos a trav\u00e9s de ADRA Sud\u00e1frica y MOWCS Sud\u00e1frica, del gobierno y otras organizaciones de base religiosa, para aliviar el sufrimiento resultante de estos malvados actos de violencia.<\/p>\n<p>Instamos tambi\u00e9n a todos los afectados a cooperar con las agencias del gobierno y con el Departamento de Asuntos Internos, a fin de que los perpetradores de la violencia puedan caer en manos de la justicia.<\/p>\n<p>Todos nosotros, cada uno, independientemente de nuestra nacionalidad, color o credo, hemos sido hechos a la imagen de Dios (Colosenses 1:15) y tomamos muy seriamente el hecho de la dignidad humana. Esto nos obliga a tratarnos unos a otros como hermanos y hermanas, de manera que un da\u00f1o perpetrado en uno nos afecta a todos. El tejido social de Sud\u00e1frica es diverso y din\u00e1mico y debe ser preservado a toda costa sin violencia y sin derramamiento de sangre. La dignidad humana eleva a cada persona con la que nos encontramos al estatus de alguien de valor infinito, una persona que debe ser respetada, amada y honrada.<\/p>\n<p>La Biblia nos manda y nos condiciona en cuanto a c\u00f3mo debemos tratarnos unos a otros. \u201cCuando un extranjero viva en tu tierra no lo oprimir\u00e1s. Como a un nativo de vosotros tendr\u00e9is al extranjero que habite entre vosotros. \u00c1malo como a ti mismo\u2026\u201d Lev\u00edtico 19: 33, 34.<\/p>\n<p>Que Dios nos ayude a renunciar a toda forma de violencia, coerci\u00f3n y violaciones de la conciencia de las personas y de su integridad emocional y f\u00edsica. Que nos llene en su gracia con la fortaleza para acoger la paz en todas sus dimensiones. Que Dios nos de la determinaci\u00f3n de poner en alto la dignidad de cada persona. Que pueda tambi\u00e9n crear en nosotros la voluntad y la pasi\u00f3n para esforzarnos en pos de la libertad de cada uno hasta que venga Aquel que ha de venir muy pronto.<\/p>\n<p>Traducci\u00f3n por Gloria Castrej\u00f3n<\/p>\n","protected":false},"excerpt":{"rendered":"<p>La Iglesia Adventista del S\u00e9ptimo D\u00eda en la regi\u00f3n de \u00c1frica Meridional y Oc\u00e9ano \u00cdndico est\u00e1 indignada por los recientes y actuales ataques xenof\u00f3bicos contra los extranjeros que viven en Sud\u00e1frica. <\/p>\n<p>No hay raz\u00f3n para justificar de manera alguna la violencia y prejuicios que deshonran a la nueva y libre naci\u00f3n democr\u00e1tica de Sud\u00e1frica. Abrazar la verdadera libertad significa renunciar al esp\u00edritu de dominaci\u00f3n, abuso y violencia contra las personas. Sin  reserva alguna, nuestros directivos y casi un total de 3.5 millones de miembros adventistas del s\u00e9ptimo d\u00eda en el sur de \u00c1frica, condenan todos estos actos insensibles y horrendos de odio y violencia que han afectado tambi\u00e9n a miembros de nuestra iglesia.<\/p>\n","protected":false},"author":1,"featured_media":25066,"comment_status":"closed","ping_status":"closed","sticky":false,"template":"","format":"standard","meta":{"_acf_changed":false,"footnotes":""},"categories":[14,15],"tags":[],"class_list":["post-30803","post","type-post","status-publish","format-standard","has-post-thumbnail","hentry","category-de-la-iglesia-mundial","category-rss-espanol"],"acf":[],"yoast_head":"<!-- This site is optimized with the Yoast SEO plugin v27.3 - https:\/\/yoast.com\/product\/yoast-seo-wordpress\/ -->\n<title>La Iglesia Adventista en Sud\u00e1frica responde a ataques xenof\u00f3bicos - Iglesia Adventista del S\u00e9ptimo D\u00eda - Divisi\u00f3n Interamericana<\/title>\n<meta name=\"robots\" content=\"index, follow, max-snippet:-1, max-image-preview:large, max-video-preview:-1\" \/>\n<link rel=\"canonical\" href=\"https:\/\/interamerica.org\/es\/2015\/04\/la-iglesia-adventista-en-sudafrica-responde-a-ataques-xenofobicos\/\" \/>\n<meta property=\"og:locale\" content=\"es_ES\" \/>\n<meta property=\"og:type\" content=\"article\" \/>\n<meta property=\"og:title\" content=\"La Iglesia Adventista en Sud\u00e1frica responde a ataques xenof\u00f3bicos - Iglesia Adventista del S\u00e9ptimo D\u00eda - Divisi\u00f3n Interamericana\" \/>\n<meta property=\"og:description\" content=\"La Iglesia Adventista del S\u00e9ptimo D\u00eda en la regi\u00f3n de \u00c1frica Meridional y Oc\u00e9ano \u00cdndico est\u00e1 indignada por los recientes y actuales ataques xenof\u00f3bicos contra los extranjeros que viven en Sud\u00e1frica.  No hay raz\u00f3n para justificar de manera alguna la violencia y prejuicios que deshonran a la nueva y libre naci\u00f3n democr\u00e1tica de Sud\u00e1frica. Abrazar la verdadera libertad significa renunciar al esp\u00edritu de dominaci\u00f3n, abuso y violencia contra las personas. Sin reserva alguna, nuestros directivos y casi un total de 3.5 millones de miembros adventistas del s\u00e9ptimo d\u00eda en el sur de \u00c1frica, condenan todos estos actos insensibles y horrendos de odio y violencia que han afectado tambi\u00e9n a miembros de nuestra iglesia.\" \/>\n<meta property=\"og:url\" content=\"https:\/\/interamerica.org\/es\/2015\/04\/la-iglesia-adventista-en-sudafrica-responde-a-ataques-xenofobicos\/\" \/>\n<meta property=\"og:site_name\" content=\"Iglesia Adventista del S\u00e9ptimo D\u00eda - Divisi\u00f3n Interamericana\" \/>\n<meta property=\"article:published_time\" content=\"2015-04-21T04:00:00+00:00\" \/>\n<meta property=\"og:image\" content=\"https:\/\/interamerica.org\/wp-content\/uploads\/2017\/06\/csm_South_Africa_aee87f157d.jpg\" \/>\n\t<meta property=\"og:image:width\" content=\"400\" \/>\n\t<meta property=\"og:image:height\" content=\"311\" \/>\n\t<meta property=\"og:image:type\" content=\"image\/jpeg\" \/>\n<meta name=\"author\" content=\"Lorenzo Verduzco\" \/>\n<meta name=\"twitter:card\" content=\"summary_large_image\" \/>\n<meta name=\"twitter:label1\" content=\"Escrito por\" \/>\n\t<meta name=\"twitter:data1\" content=\"Lorenzo Verduzco\" \/>\n\t<meta name=\"twitter:label2\" content=\"Tiempo de lectura\" \/>\n\t<meta name=\"twitter:data2\" content=\"4 minutos\" \/>\n<script type=\"application\/ld+json\" class=\"yoast-schema-graph\">{\"@context\":\"https:\\\/\\\/schema.org\",\"@graph\":[{\"@type\":\"Article\",\"@id\":\"https:\\\/\\\/interamerica.org\\\/es\\\/2015\\\/04\\\/la-iglesia-adventista-en-sudafrica-responde-a-ataques-xenofobicos\\\/#article\",\"isPartOf\":{\"@id\":\"https:\\\/\\\/interamerica.org\\\/es\\\/2015\\\/04\\\/la-iglesia-adventista-en-sudafrica-responde-a-ataques-xenofobicos\\\/\"},\"author\":{\"name\":\"Lorenzo Verduzco\",\"@id\":\"https:\\\/\\\/interamerica.org\\\/es\\\/#\\\/schema\\\/person\\\/68ede8bdc292885bb76c1e3810e73c39\"},\"headline\":\"La Iglesia Adventista en Sud\u00e1frica responde a ataques xenof\u00f3bicos\",\"datePublished\":\"2015-04-21T04:00:00+00:00\",\"mainEntityOfPage\":{\"@id\":\"https:\\\/\\\/interamerica.org\\\/es\\\/2015\\\/04\\\/la-iglesia-adventista-en-sudafrica-responde-a-ataques-xenofobicos\\\/\"},\"wordCount\":803,\"image\":{\"@id\":\"https:\\\/\\\/interamerica.org\\\/es\\\/2015\\\/04\\\/la-iglesia-adventista-en-sudafrica-responde-a-ataques-xenofobicos\\\/#primaryimage\"},\"thumbnailUrl\":\"https:\\\/\\\/interamerica.org\\\/wp-content\\\/uploads\\\/2017\\\/06\\\/csm_South_Africa_aee87f157d.jpg\",\"articleSection\":[\"Desde la iglesia mundial\",\"RSS Espa\u00f1ol\"],\"inLanguage\":\"es\"},{\"@type\":\"WebPage\",\"@id\":\"https:\\\/\\\/interamerica.org\\\/es\\\/2015\\\/04\\\/la-iglesia-adventista-en-sudafrica-responde-a-ataques-xenofobicos\\\/\",\"url\":\"https:\\\/\\\/interamerica.org\\\/es\\\/2015\\\/04\\\/la-iglesia-adventista-en-sudafrica-responde-a-ataques-xenofobicos\\\/\",\"name\":\"La Iglesia Adventista en Sud\u00e1frica responde a ataques xenof\u00f3bicos - Iglesia Adventista del S\u00e9ptimo D\u00eda - Divisi\u00f3n Interamericana\",\"isPartOf\":{\"@id\":\"https:\\\/\\\/interamerica.org\\\/es\\\/#website\"},\"primaryImageOfPage\":{\"@id\":\"https:\\\/\\\/interamerica.org\\\/es\\\/2015\\\/04\\\/la-iglesia-adventista-en-sudafrica-responde-a-ataques-xenofobicos\\\/#primaryimage\"},\"image\":{\"@id\":\"https:\\\/\\\/interamerica.org\\\/es\\\/2015\\\/04\\\/la-iglesia-adventista-en-sudafrica-responde-a-ataques-xenofobicos\\\/#primaryimage\"},\"thumbnailUrl\":\"https:\\\/\\\/interamerica.org\\\/wp-content\\\/uploads\\\/2017\\\/06\\\/csm_South_Africa_aee87f157d.jpg\",\"datePublished\":\"2015-04-21T04:00:00+00:00\",\"author\":{\"@id\":\"https:\\\/\\\/interamerica.org\\\/es\\\/#\\\/schema\\\/person\\\/68ede8bdc292885bb76c1e3810e73c39\"},\"breadcrumb\":{\"@id\":\"https:\\\/\\\/interamerica.org\\\/es\\\/2015\\\/04\\\/la-iglesia-adventista-en-sudafrica-responde-a-ataques-xenofobicos\\\/#breadcrumb\"},\"inLanguage\":\"es\",\"potentialAction\":[{\"@type\":\"ReadAction\",\"target\":[\"https:\\\/\\\/interamerica.org\\\/es\\\/2015\\\/04\\\/la-iglesia-adventista-en-sudafrica-responde-a-ataques-xenofobicos\\\/\"]}]},{\"@type\":\"ImageObject\",\"inLanguage\":\"es\",\"@id\":\"https:\\\/\\\/interamerica.org\\\/es\\\/2015\\\/04\\\/la-iglesia-adventista-en-sudafrica-responde-a-ataques-xenofobicos\\\/#primaryimage\",\"url\":\"https:\\\/\\\/interamerica.org\\\/wp-content\\\/uploads\\\/2017\\\/06\\\/csm_South_Africa_aee87f157d.jpg\",\"contentUrl\":\"https:\\\/\\\/interamerica.org\\\/wp-content\\\/uploads\\\/2017\\\/06\\\/csm_South_Africa_aee87f157d.jpg\",\"width\":400,\"height\":311},{\"@type\":\"BreadcrumbList\",\"@id\":\"https:\\\/\\\/interamerica.org\\\/es\\\/2015\\\/04\\\/la-iglesia-adventista-en-sudafrica-responde-a-ataques-xenofobicos\\\/#breadcrumb\",\"itemListElement\":[{\"@type\":\"ListItem\",\"position\":1,\"name\":\"Home\",\"item\":\"https:\\\/\\\/interamerica.org\\\/es\\\/\"},{\"@type\":\"ListItem\",\"position\":2,\"name\":\"La Iglesia Adventista en Sud\u00e1frica responde a ataques xenof\u00f3bicos\"}]},{\"@type\":\"WebSite\",\"@id\":\"https:\\\/\\\/interamerica.org\\\/es\\\/#website\",\"url\":\"https:\\\/\\\/interamerica.org\\\/es\\\/\",\"name\":\"Iglesia Adventista del S\u00e9ptimo D\u00eda - Divisi\u00f3n Interamericana\",\"description\":\"\",\"potentialAction\":[{\"@type\":\"SearchAction\",\"target\":{\"@type\":\"EntryPoint\",\"urlTemplate\":\"https:\\\/\\\/interamerica.org\\\/es\\\/?s={search_term_string}\"},\"query-input\":{\"@type\":\"PropertyValueSpecification\",\"valueRequired\":true,\"valueName\":\"search_term_string\"}}],\"inLanguage\":\"es\"},{\"@type\":\"Person\",\"@id\":\"https:\\\/\\\/interamerica.org\\\/es\\\/#\\\/schema\\\/person\\\/68ede8bdc292885bb76c1e3810e73c39\",\"name\":\"Lorenzo Verduzco\",\"image\":{\"@type\":\"ImageObject\",\"inLanguage\":\"es\",\"@id\":\"https:\\\/\\\/secure.gravatar.com\\\/avatar\\\/fb81a55b6218459490a9c1dc841a34909185b81904c5337b4b27f7a6fd60c49e?s=96&d=mm&r=g\",\"url\":\"https:\\\/\\\/secure.gravatar.com\\\/avatar\\\/fb81a55b6218459490a9c1dc841a34909185b81904c5337b4b27f7a6fd60c49e?s=96&d=mm&r=g\",\"contentUrl\":\"https:\\\/\\\/secure.gravatar.com\\\/avatar\\\/fb81a55b6218459490a9c1dc841a34909185b81904c5337b4b27f7a6fd60c49e?s=96&d=mm&r=g\",\"caption\":\"Lorenzo Verduzco\"}}]}<\/script>\n<!-- \/ Yoast SEO plugin. -->","yoast_head_json":{"title":"La Iglesia Adventista en Sud\u00e1frica responde a ataques xenof\u00f3bicos - Iglesia Adventista del S\u00e9ptimo D\u00eda - Divisi\u00f3n Interamericana","robots":{"index":"index","follow":"follow","max-snippet":"max-snippet:-1","max-image-preview":"max-image-preview:large","max-video-preview":"max-video-preview:-1"},"canonical":"https:\/\/interamerica.org\/es\/2015\/04\/la-iglesia-adventista-en-sudafrica-responde-a-ataques-xenofobicos\/","og_locale":"es_ES","og_type":"article","og_title":"La Iglesia Adventista en Sud\u00e1frica responde a ataques xenof\u00f3bicos - Iglesia Adventista del S\u00e9ptimo D\u00eda - Divisi\u00f3n Interamericana","og_description":"La Iglesia Adventista del S\u00e9ptimo D\u00eda en la regi\u00f3n de \u00c1frica Meridional y Oc\u00e9ano \u00cdndico est\u00e1 indignada por los recientes y actuales ataques xenof\u00f3bicos contra los extranjeros que viven en Sud\u00e1frica.  No hay raz\u00f3n para justificar de manera alguna la violencia y prejuicios que deshonran a la nueva y libre naci\u00f3n democr\u00e1tica de Sud\u00e1frica. Abrazar la verdadera libertad significa renunciar al esp\u00edritu de dominaci\u00f3n, abuso y violencia contra las personas. Sin reserva alguna, nuestros directivos y casi un total de 3.5 millones de miembros adventistas del s\u00e9ptimo d\u00eda en el sur de \u00c1frica, condenan todos estos actos insensibles y horrendos de odio y violencia que han afectado tambi\u00e9n a miembros de nuestra iglesia.","og_url":"https:\/\/interamerica.org\/es\/2015\/04\/la-iglesia-adventista-en-sudafrica-responde-a-ataques-xenofobicos\/","og_site_name":"Iglesia Adventista del S\u00e9ptimo D\u00eda - Divisi\u00f3n Interamericana","article_published_time":"2015-04-21T04:00:00+00:00","og_image":[{"width":400,"height":311,"url":"https:\/\/interamerica.org\/wp-content\/uploads\/2017\/06\/csm_South_Africa_aee87f157d.jpg","type":"image\/jpeg"}],"author":"Lorenzo Verduzco","twitter_card":"summary_large_image","twitter_misc":{"Escrito por":"Lorenzo Verduzco","Tiempo de lectura":"4 minutos"},"schema":{"@context":"https:\/\/schema.org","@graph":[{"@type":"Article","@id":"https:\/\/interamerica.org\/es\/2015\/04\/la-iglesia-adventista-en-sudafrica-responde-a-ataques-xenofobicos\/#article","isPartOf":{"@id":"https:\/\/interamerica.org\/es\/2015\/04\/la-iglesia-adventista-en-sudafrica-responde-a-ataques-xenofobicos\/"},"author":{"name":"Lorenzo Verduzco","@id":"https:\/\/interamerica.org\/es\/#\/schema\/person\/68ede8bdc292885bb76c1e3810e73c39"},"headline":"La Iglesia Adventista en Sud\u00e1frica responde a ataques xenof\u00f3bicos","datePublished":"2015-04-21T04:00:00+00:00","mainEntityOfPage":{"@id":"https:\/\/interamerica.org\/es\/2015\/04\/la-iglesia-adventista-en-sudafrica-responde-a-ataques-xenofobicos\/"},"wordCount":803,"image":{"@id":"https:\/\/interamerica.org\/es\/2015\/04\/la-iglesia-adventista-en-sudafrica-responde-a-ataques-xenofobicos\/#primaryimage"},"thumbnailUrl":"https:\/\/interamerica.org\/wp-content\/uploads\/2017\/06\/csm_South_Africa_aee87f157d.jpg","articleSection":["Desde la iglesia mundial","RSS Espa\u00f1ol"],"inLanguage":"es"},{"@type":"WebPage","@id":"https:\/\/interamerica.org\/es\/2015\/04\/la-iglesia-adventista-en-sudafrica-responde-a-ataques-xenofobicos\/","url":"https:\/\/interamerica.org\/es\/2015\/04\/la-iglesia-adventista-en-sudafrica-responde-a-ataques-xenofobicos\/","name":"La Iglesia Adventista en Sud\u00e1frica responde a ataques xenof\u00f3bicos - Iglesia Adventista del S\u00e9ptimo D\u00eda - Divisi\u00f3n Interamericana","isPartOf":{"@id":"https:\/\/interamerica.org\/es\/#website"},"primaryImageOfPage":{"@id":"https:\/\/interamerica.org\/es\/2015\/04\/la-iglesia-adventista-en-sudafrica-responde-a-ataques-xenofobicos\/#primaryimage"},"image":{"@id":"https:\/\/interamerica.org\/es\/2015\/04\/la-iglesia-adventista-en-sudafrica-responde-a-ataques-xenofobicos\/#primaryimage"},"thumbnailUrl":"https:\/\/interamerica.org\/wp-content\/uploads\/2017\/06\/csm_South_Africa_aee87f157d.jpg","datePublished":"2015-04-21T04:00:00+00:00","author":{"@id":"https:\/\/interamerica.org\/es\/#\/schema\/person\/68ede8bdc292885bb76c1e3810e73c39"},"breadcrumb":{"@id":"https:\/\/interamerica.org\/es\/2015\/04\/la-iglesia-adventista-en-sudafrica-responde-a-ataques-xenofobicos\/#breadcrumb"},"inLanguage":"es","potentialAction":[{"@type":"ReadAction","target":["https:\/\/interamerica.org\/es\/2015\/04\/la-iglesia-adventista-en-sudafrica-responde-a-ataques-xenofobicos\/"]}]},{"@type":"ImageObject","inLanguage":"es","@id":"https:\/\/interamerica.org\/es\/2015\/04\/la-iglesia-adventista-en-sudafrica-responde-a-ataques-xenofobicos\/#primaryimage","url":"https:\/\/interamerica.org\/wp-content\/uploads\/2017\/06\/csm_South_Africa_aee87f157d.jpg","contentUrl":"https:\/\/interamerica.org\/wp-content\/uploads\/2017\/06\/csm_South_Africa_aee87f157d.jpg","width":400,"height":311},{"@type":"BreadcrumbList","@id":"https:\/\/interamerica.org\/es\/2015\/04\/la-iglesia-adventista-en-sudafrica-responde-a-ataques-xenofobicos\/#breadcrumb","itemListElement":[{"@type":"ListItem","position":1,"name":"Home","item":"https:\/\/interamerica.org\/es\/"},{"@type":"ListItem","position":2,"name":"La Iglesia Adventista en Sud\u00e1frica responde a ataques xenof\u00f3bicos"}]},{"@type":"WebSite","@id":"https:\/\/interamerica.org\/es\/#website","url":"https:\/\/interamerica.org\/es\/","name":"Iglesia Adventista del S\u00e9ptimo D\u00eda - Divisi\u00f3n Interamericana","description":"","potentialAction":[{"@type":"SearchAction","target":{"@type":"EntryPoint","urlTemplate":"https:\/\/interamerica.org\/es\/?s={search_term_string}"},"query-input":{"@type":"PropertyValueSpecification","valueRequired":true,"valueName":"search_term_string"}}],"inLanguage":"es"},{"@type":"Person","@id":"https:\/\/interamerica.org\/es\/#\/schema\/person\/68ede8bdc292885bb76c1e3810e73c39","name":"Lorenzo Verduzco","image":{"@type":"ImageObject","inLanguage":"es","@id":"https:\/\/secure.gravatar.com\/avatar\/fb81a55b6218459490a9c1dc841a34909185b81904c5337b4b27f7a6fd60c49e?s=96&d=mm&r=g","url":"https:\/\/secure.gravatar.com\/avatar\/fb81a55b6218459490a9c1dc841a34909185b81904c5337b4b27f7a6fd60c49e?s=96&d=mm&r=g","contentUrl":"https:\/\/secure.gravatar.com\/avatar\/fb81a55b6218459490a9c1dc841a34909185b81904c5337b4b27f7a6fd60c49e?s=96&d=mm&r=g","caption":"Lorenzo Verduzco"}}]}},"_links":{"self":[{"href":"https:\/\/interamerica.org\/es\/wp-json\/wp\/v2\/posts\/30803","targetHints":{"allow":["GET"]}}],"collection":[{"href":"https:\/\/interamerica.org\/es\/wp-json\/wp\/v2\/posts"}],"about":[{"href":"https:\/\/interamerica.org\/es\/wp-json\/wp\/v2\/types\/post"}],"author":[{"embeddable":true,"href":"https:\/\/interamerica.org\/es\/wp-json\/wp\/v2\/users\/1"}],"replies":[{"embeddable":true,"href":"https:\/\/interamerica.org\/es\/wp-json\/wp\/v2\/comments?post=30803"}],"version-history":[{"count":0,"href":"https:\/\/interamerica.org\/es\/wp-json\/wp\/v2\/posts\/30803\/revisions"}],"wp:featuredmedia":[{"embeddable":true,"href":"https:\/\/interamerica.org\/es\/wp-json\/wp\/v2\/media\/25066"}],"wp:attachment":[{"href":"https:\/\/interamerica.org\/es\/wp-json\/wp\/v2\/media?parent=30803"}],"wp:term":[{"taxonomy":"category","embeddable":true,"href":"https:\/\/interamerica.org\/es\/wp-json\/wp\/v2\/categories?post=30803"},{"taxonomy":"post_tag","embeddable":true,"href":"https:\/\/interamerica.org\/es\/wp-json\/wp\/v2\/tags?post=30803"}],"curies":[{"name":"wp","href":"https:\/\/api.w.org\/{rel}","templated":true}]}}