{"id":30804,"date":"2015-04-21T00:00:00","date_gmt":"2015-04-21T04:00:00","guid":{"rendered":"http:\/\/192.81.217.108\/interamerica\/2015\/04\/el-equipo-enactus-de-la-universidad-la-sierra-gana-el-segundo-lugar-en-la-competencia-nacional\/"},"modified":"2015-04-21T00:00:00","modified_gmt":"2015-04-21T04:00:00","slug":"el-equipo-enactus-de-la-universidad-la-sierra-gana-el-segundo-lugar-en-la-competencia-nacional","status":"publish","type":"post","link":"https:\/\/interamerica.org\/es\/2015\/04\/el-equipo-enactus-de-la-universidad-la-sierra-gana-el-segundo-lugar-en-la-competencia-nacional\/","title":{"rendered":"El equipo Enactus de la Universidad La Sierra gana el segundo lugar en la competencia nacional"},"content":{"rendered":"<p>20 de abril de 2015 | Riverside, California, Estados Unidos | Personal de Noticias de La Sierra<\/p>\n<div id=\"attachment_16466\" style=\"width: 410px\" class=\"wp-caption alignright\"><a href=\"\/interamerica\/wp-content\/uploads\/2017\/06\/La_Sierra_Enactus400.png\" rel=\"fancybox\" title=\"El equipo Enactus de la Universidad La Sierra gana el segundo lugar en la competencia nacional\"><img fetchpriority=\"high\" decoding=\"async\" aria-describedby=\"caption-attachment-16466\" class=\"size-full wp-image-16466\" src=\"\/interamerica\/wp-content\/uploads\/2017\/06\/La_Sierra_Enactus400.png\" alt=\"\" width=\"400\" height=\"267\" \/><\/a><p id=\"caption-attachment-16466\" class=\"wp-caption-text\">El equipo Enactus de la Universidad La Sierra, incluyendo el grupo de tecnolog\u00eda, el equipo de presentaci\u00f3n y los administradores, en la Exposici\u00f3n Nacional de Estados Unidos, en San Luis, Mo. En el extremo izquierdo, John Thomas, decano de la Escuela de Administraci\u00f3n de Negocios Zapara de la Universidad La Sierra, en donde tiene su base este equipo. Imagen cortes\u00eda de ANN<\/p><\/div>\n<p>El equipo Enactus de la Universidad La Sierra qued\u00f3 en segundo lugar en la naci\u00f3n el 16 de abril, en la Exposici\u00f3n Nacional en Estados Unidos de dicha organizaci\u00f3n, celebrada en San Luis, Mo., del 13 al 16 de abril.<\/p>\n<p>El equipo Enactus de La Sierra lleg\u00f3 hasta la cuarta ronda final despu\u00e9s de haber pasado por tres rondas preliminares de competencia. Casi 200 colegios superiores y universidades enviaron este a\u00f1o equipos Enactus a la competencia nacional anual. La Universidad Brigham de Hawaii fue nombrada la campeona de Enactus U.S., seguida por La Sierra en segundo lugar, la Universidad Brown en tercero y la Universidad Belmont en cuarto.<\/p>\n<p>\u201cEs un gran honor ser comparados de esta manera con los mejores estudiantes de administraci\u00f3n de negocios de todo Estado Unidos\u201d, dijo John Thomas, decano de la Escuela de Administraci\u00f3n Tom and Vi Zapara. \u201cEl haber terminado como el equipo Enactus n\u00famero dos en la naci\u00f3n es un logro incre\u00edble para nuestros estudiantes, que han trabajado arduamente para hacer cosas importantes tanto en la comunidad de Riverside, como internacionalmente. Le est\u00e1n mostrando realmente al resto del mundo la forma como los negocios pueden ser un instrumento para hacer de este mundo un mejor lugar\u201d.<\/p>\n<p>\u201cEste sobresaliente final se debe en parte a los esfuerzos de John Razzouk, nuestro becario acad\u00e9mico Sam Walton\u201d, a\u00f1adi\u00f3 John Thomas. \u201cJohn trabaj\u00f3 muchas horas con nuestros estudiantes hasta armar un sobresaliente equipo Enactus y una serie de proyectos este a\u00f1o\u201d.<\/p>\n<p>\u201cNuestros estudiantes representaron a la Universidad La Sierra en una forma incre\u00edble\u201d, dijo Randal Wisbey, rector de la universidad. \u00abA trav\u00e9s de sus esfuerzos, nuestro equipo Enactus demostr\u00f3 bellamente todo lo que nosotros como universidad hemos aprendido acerca de servicio, y la determinaci\u00f3n por parte de nuestro plantel de ver transformado el mundo\u201d.<\/p>\n<p>Trece miembros del equipo Enactus representaron a la Universidad La Sierra en San Luis, Mo., incluyendo un equipo de presentaci\u00f3n formado por cinco miembros. El informe del equipo Enactus de la Sierra enfoc\u00f3 su atenci\u00f3n en los proyectos que el equipo ha desarrollado para usar las pr\u00e1cticas de negocios con el fin de mejorar las comunidades. Los proyectos incluyeron:<\/p>\n<p>Mobile Fresh: Los estudiantes del equipo Enactus se asociaron con la Riverside\u2019s Family Service Association para lanzar \u201cMobile Fresh,\u201d un autob\u00fas reconstruido que funciona ahora como una tienda m\u00f3vil de provisiones. El autob\u00fas hace visitas regulares a zonas de Riverside que tienen carencias, haciendo disponibles productos agr\u00edcolas frescos y otros alimentos para residentes de bajos ingresos en esa zona. El proyecto, que presta servicios a m\u00e1s de 1,000 clientes por mes, ha rebajado tambi\u00e9n los costos de los alimentos en un 30 por ciento.<\/p>\n<p>Cow Bank (Banco vacuno): Como parte de un fuerte \u00e9nfasis en proyectos sostenibles, Enactus de La Sierra ha estado operando una estaci\u00f3n de campo en Denkanikottai, India. Las mujeres en esa regi\u00f3n ganan 2 d\u00f3lares por d\u00eda, apenas suficientes para comprar alimentos. Enactus La Sierra ha establecido un banco vacuno, que les presta vacas a las mujeres en cuatro pueblos y ha llegado a acuerdos con comerciantes locales de ventas de leche al mayoreo, para que les compren a tales mujeres toda la leche que traen a venderles. Cada mujer que ha participado en el programa ha visto incrementarse su ingreso por lo menos al doble y ninguna ha dejado de cumplir con su pr\u00e9stamo durante los dos a\u00f1os que lleva el proyecto.<\/p>\n<p>Los esfuerzos Enactus de la Universidad La Sierra ganaron tambi\u00e9n varios reconocimientos especiales durante la competencia en San Luis. Andrew Ranzinger, miembro del equipo Enactus y estudiante de pen\u00faltimo a\u00f1o que estudia Contabilidad y Espa\u00f1ol, recibi\u00f3 tres becas de estudio en la competencia nacional, que son las siguientes:<br \/>\n\u2022 El Premio o Reconocimiento Enactus de Liderazgo de Servicio\u2014Andrew Ranzinger es uno de los cinco estudiantes que recibieron una beca de US$ 1,000.<\/p>\n<p>\u2022 La Beca de Estudios RILA\/Unilever Retail Scholarship\u2014Patrocinada por Unilever y la Retail Industry Leaders Association (RILA- Asociaci\u00f3n de l\u00edderes de la industria de venta al menudeo), el prop\u00f3sito de esta beca es animar a los estudiantes a tomar en consideraci\u00f3n carreras dentro de la industria de ventas minoristas y reconocer a un estudiante Enactus sobresaliente que tiene planes de seguir una carrera dentro de esta industria. Andrew Ranzinger recibi\u00f3 una beca por US$ 5,000 y recibir\u00e1 reconocimiento tambi\u00e9n en un evento RILA el pr\u00f3ximo invierno. Adem\u00e1s, el equipo de la Universidad La Sierra obtiene un premio de US$ 1,000.<\/p>\n<p>\u2022 La Beca Julie and Gwen Knapp\u2014 Andrew Ranzinger recibi\u00f3 una beca de US$2,500.<\/p>\n<p>El equipo Enactus de La Sierra recibi\u00f3 dos premios m\u00e1ximos nacionales en la competencia Unilever Enhancing Livelihoods y por parte de la Bright Future Project Partnership. El equipo trae consigo, de esta competencia, dos trofeos y un total de US$ 14,500 en premios. Ambos reconocimientos fueron recibidos por la iniciativa Mobile Fresh.<\/p>\n<p>La Universidad La Sierra cuenta con toda una historia de excelencia en la competencia Enactus\/SIFE. Juntamente con los seis t\u00edtulos U.S. previos, La Sierra gan\u00f3 la Copa Mundial de la organizaci\u00f3n en el 2002 y el 2007. Es la \u00fanica universidad que ha ganado el t\u00edtulo nacional por cuatro a\u00f1os consecutivos, representando toda una serie de apariciones exitosas en el evento, de 1994 a 1997.<\/p>\n<p>Traducci\u00f3n por Gloria Castrej\u00f3n<\/p>\n","protected":false},"excerpt":{"rendered":"<p>El equipo Enactus de la Universidad La Sierra qued\u00f3 en segundo lugar en la naci\u00f3n el 16 de abril, en la Exposici\u00f3n Nacional en Estados Unidos de dicha organizaci\u00f3n, celebrada en San Luis, Mo., del 13 al 16 de abril. <\/p>\n<p>El equipo Enactus de La Sierra lleg\u00f3 hasta la cuarta ronda final despu\u00e9s de haber pasado por tres rondas preliminares de competencia.<\/p>\n","protected":false},"author":1,"featured_media":25070,"comment_status":"closed","ping_status":"closed","sticky":false,"template":"","format":"standard","meta":{"_acf_changed":false,"footnotes":""},"categories":[14,15],"tags":[],"class_list":["post-30804","post","type-post","status-publish","format-standard","has-post-thumbnail","hentry","category-de-la-iglesia-mundial","category-rss-espanol"],"acf":[],"yoast_head":"<!-- This site is optimized with the Yoast SEO plugin v27.3 - https:\/\/yoast.com\/product\/yoast-seo-wordpress\/ -->\n<title>El equipo Enactus de la Universidad La Sierra gana el segundo lugar en la competencia nacional - Iglesia Adventista del S\u00e9ptimo D\u00eda - Divisi\u00f3n Interamericana<\/title>\n<meta name=\"robots\" content=\"index, follow, max-snippet:-1, max-image-preview:large, max-video-preview:-1\" \/>\n<link rel=\"canonical\" href=\"https:\/\/interamerica.org\/es\/2015\/04\/el-equipo-enactus-de-la-universidad-la-sierra-gana-el-segundo-lugar-en-la-competencia-nacional\/\" \/>\n<meta property=\"og:locale\" content=\"es_ES\" \/>\n<meta property=\"og:type\" content=\"article\" \/>\n<meta property=\"og:title\" content=\"El equipo Enactus de la Universidad La Sierra gana el segundo lugar en la competencia nacional - Iglesia Adventista del S\u00e9ptimo D\u00eda - Divisi\u00f3n Interamericana\" \/>\n<meta property=\"og:description\" content=\"El equipo Enactus de la Universidad La Sierra qued\u00f3 en segundo lugar en la naci\u00f3n el 16 de abril, en la Exposici\u00f3n Nacional en Estados Unidos de dicha organizaci\u00f3n, celebrada en San Luis, Mo., del 13 al 16 de abril.  El equipo Enactus de La Sierra lleg\u00f3 hasta la cuarta ronda final despu\u00e9s de haber pasado por tres rondas preliminares de competencia.\" \/>\n<meta property=\"og:url\" content=\"https:\/\/interamerica.org\/es\/2015\/04\/el-equipo-enactus-de-la-universidad-la-sierra-gana-el-segundo-lugar-en-la-competencia-nacional\/\" \/>\n<meta property=\"og:site_name\" content=\"Iglesia Adventista del S\u00e9ptimo D\u00eda - Divisi\u00f3n Interamericana\" \/>\n<meta property=\"article:published_time\" content=\"2015-04-21T04:00:00+00:00\" \/>\n<meta property=\"og:image\" content=\"https:\/\/interamerica.org\/wp-content\/uploads\/2017\/06\/La_Sierra_Enactus400.png\" \/>\n\t<meta property=\"og:image:width\" content=\"400\" \/>\n\t<meta property=\"og:image:height\" content=\"267\" \/>\n\t<meta property=\"og:image:type\" content=\"image\/png\" \/>\n<meta name=\"author\" content=\"Lorenzo Verduzco\" \/>\n<meta name=\"twitter:card\" content=\"summary_large_image\" \/>\n<meta name=\"twitter:label1\" content=\"Escrito por\" \/>\n\t<meta name=\"twitter:data1\" content=\"Lorenzo Verduzco\" \/>\n\t<meta name=\"twitter:label2\" content=\"Tiempo de lectura\" \/>\n\t<meta name=\"twitter:data2\" content=\"5 minutos\" \/>\n<script type=\"application\/ld+json\" class=\"yoast-schema-graph\">{\"@context\":\"https:\\\/\\\/schema.org\",\"@graph\":[{\"@type\":\"Article\",\"@id\":\"https:\\\/\\\/interamerica.org\\\/es\\\/2015\\\/04\\\/el-equipo-enactus-de-la-universidad-la-sierra-gana-el-segundo-lugar-en-la-competencia-nacional\\\/#article\",\"isPartOf\":{\"@id\":\"https:\\\/\\\/interamerica.org\\\/es\\\/2015\\\/04\\\/el-equipo-enactus-de-la-universidad-la-sierra-gana-el-segundo-lugar-en-la-competencia-nacional\\\/\"},\"author\":{\"name\":\"Lorenzo Verduzco\",\"@id\":\"https:\\\/\\\/interamerica.org\\\/es\\\/#\\\/schema\\\/person\\\/68ede8bdc292885bb76c1e3810e73c39\"},\"headline\":\"El equipo Enactus de la Universidad La Sierra gana el segundo lugar en la competencia nacional\",\"datePublished\":\"2015-04-21T04:00:00+00:00\",\"mainEntityOfPage\":{\"@id\":\"https:\\\/\\\/interamerica.org\\\/es\\\/2015\\\/04\\\/el-equipo-enactus-de-la-universidad-la-sierra-gana-el-segundo-lugar-en-la-competencia-nacional\\\/\"},\"wordCount\":1011,\"image\":{\"@id\":\"https:\\\/\\\/interamerica.org\\\/es\\\/2015\\\/04\\\/el-equipo-enactus-de-la-universidad-la-sierra-gana-el-segundo-lugar-en-la-competencia-nacional\\\/#primaryimage\"},\"thumbnailUrl\":\"https:\\\/\\\/interamerica.org\\\/wp-content\\\/uploads\\\/2017\\\/06\\\/La_Sierra_Enactus400.png\",\"articleSection\":[\"Desde la iglesia mundial\",\"RSS Espa\u00f1ol\"],\"inLanguage\":\"es\"},{\"@type\":\"WebPage\",\"@id\":\"https:\\\/\\\/interamerica.org\\\/es\\\/2015\\\/04\\\/el-equipo-enactus-de-la-universidad-la-sierra-gana-el-segundo-lugar-en-la-competencia-nacional\\\/\",\"url\":\"https:\\\/\\\/interamerica.org\\\/es\\\/2015\\\/04\\\/el-equipo-enactus-de-la-universidad-la-sierra-gana-el-segundo-lugar-en-la-competencia-nacional\\\/\",\"name\":\"El equipo Enactus de la Universidad La Sierra gana el segundo lugar en la competencia nacional - Iglesia Adventista del S\u00e9ptimo D\u00eda - Divisi\u00f3n Interamericana\",\"isPartOf\":{\"@id\":\"https:\\\/\\\/interamerica.org\\\/es\\\/#website\"},\"primaryImageOfPage\":{\"@id\":\"https:\\\/\\\/interamerica.org\\\/es\\\/2015\\\/04\\\/el-equipo-enactus-de-la-universidad-la-sierra-gana-el-segundo-lugar-en-la-competencia-nacional\\\/#primaryimage\"},\"image\":{\"@id\":\"https:\\\/\\\/interamerica.org\\\/es\\\/2015\\\/04\\\/el-equipo-enactus-de-la-universidad-la-sierra-gana-el-segundo-lugar-en-la-competencia-nacional\\\/#primaryimage\"},\"thumbnailUrl\":\"https:\\\/\\\/interamerica.org\\\/wp-content\\\/uploads\\\/2017\\\/06\\\/La_Sierra_Enactus400.png\",\"datePublished\":\"2015-04-21T04:00:00+00:00\",\"author\":{\"@id\":\"https:\\\/\\\/interamerica.org\\\/es\\\/#\\\/schema\\\/person\\\/68ede8bdc292885bb76c1e3810e73c39\"},\"breadcrumb\":{\"@id\":\"https:\\\/\\\/interamerica.org\\\/es\\\/2015\\\/04\\\/el-equipo-enactus-de-la-universidad-la-sierra-gana-el-segundo-lugar-en-la-competencia-nacional\\\/#breadcrumb\"},\"inLanguage\":\"es\",\"potentialAction\":[{\"@type\":\"ReadAction\",\"target\":[\"https:\\\/\\\/interamerica.org\\\/es\\\/2015\\\/04\\\/el-equipo-enactus-de-la-universidad-la-sierra-gana-el-segundo-lugar-en-la-competencia-nacional\\\/\"]}]},{\"@type\":\"ImageObject\",\"inLanguage\":\"es\",\"@id\":\"https:\\\/\\\/interamerica.org\\\/es\\\/2015\\\/04\\\/el-equipo-enactus-de-la-universidad-la-sierra-gana-el-segundo-lugar-en-la-competencia-nacional\\\/#primaryimage\",\"url\":\"https:\\\/\\\/interamerica.org\\\/wp-content\\\/uploads\\\/2017\\\/06\\\/La_Sierra_Enactus400.png\",\"contentUrl\":\"https:\\\/\\\/interamerica.org\\\/wp-content\\\/uploads\\\/2017\\\/06\\\/La_Sierra_Enactus400.png\",\"width\":400,\"height\":267},{\"@type\":\"BreadcrumbList\",\"@id\":\"https:\\\/\\\/interamerica.org\\\/es\\\/2015\\\/04\\\/el-equipo-enactus-de-la-universidad-la-sierra-gana-el-segundo-lugar-en-la-competencia-nacional\\\/#breadcrumb\",\"itemListElement\":[{\"@type\":\"ListItem\",\"position\":1,\"name\":\"Home\",\"item\":\"https:\\\/\\\/interamerica.org\\\/es\\\/\"},{\"@type\":\"ListItem\",\"position\":2,\"name\":\"El equipo Enactus de la Universidad La Sierra gana el segundo lugar en la competencia nacional\"}]},{\"@type\":\"WebSite\",\"@id\":\"https:\\\/\\\/interamerica.org\\\/es\\\/#website\",\"url\":\"https:\\\/\\\/interamerica.org\\\/es\\\/\",\"name\":\"Iglesia Adventista del S\u00e9ptimo D\u00eda - Divisi\u00f3n Interamericana\",\"description\":\"\",\"potentialAction\":[{\"@type\":\"SearchAction\",\"target\":{\"@type\":\"EntryPoint\",\"urlTemplate\":\"https:\\\/\\\/interamerica.org\\\/es\\\/?s={search_term_string}\"},\"query-input\":{\"@type\":\"PropertyValueSpecification\",\"valueRequired\":true,\"valueName\":\"search_term_string\"}}],\"inLanguage\":\"es\"},{\"@type\":\"Person\",\"@id\":\"https:\\\/\\\/interamerica.org\\\/es\\\/#\\\/schema\\\/person\\\/68ede8bdc292885bb76c1e3810e73c39\",\"name\":\"Lorenzo Verduzco\",\"image\":{\"@type\":\"ImageObject\",\"inLanguage\":\"es\",\"@id\":\"https:\\\/\\\/secure.gravatar.com\\\/avatar\\\/fb81a55b6218459490a9c1dc841a34909185b81904c5337b4b27f7a6fd60c49e?s=96&d=mm&r=g\",\"url\":\"https:\\\/\\\/secure.gravatar.com\\\/avatar\\\/fb81a55b6218459490a9c1dc841a34909185b81904c5337b4b27f7a6fd60c49e?s=96&d=mm&r=g\",\"contentUrl\":\"https:\\\/\\\/secure.gravatar.com\\\/avatar\\\/fb81a55b6218459490a9c1dc841a34909185b81904c5337b4b27f7a6fd60c49e?s=96&d=mm&r=g\",\"caption\":\"Lorenzo Verduzco\"}}]}<\/script>\n<!-- \/ Yoast SEO plugin. -->","yoast_head_json":{"title":"El equipo Enactus de la Universidad La Sierra gana el segundo lugar en la competencia nacional - Iglesia Adventista del S\u00e9ptimo D\u00eda - Divisi\u00f3n Interamericana","robots":{"index":"index","follow":"follow","max-snippet":"max-snippet:-1","max-image-preview":"max-image-preview:large","max-video-preview":"max-video-preview:-1"},"canonical":"https:\/\/interamerica.org\/es\/2015\/04\/el-equipo-enactus-de-la-universidad-la-sierra-gana-el-segundo-lugar-en-la-competencia-nacional\/","og_locale":"es_ES","og_type":"article","og_title":"El equipo Enactus de la Universidad La Sierra gana el segundo lugar en la competencia nacional - Iglesia Adventista del S\u00e9ptimo D\u00eda - Divisi\u00f3n Interamericana","og_description":"El equipo Enactus de la Universidad La Sierra qued\u00f3 en segundo lugar en la naci\u00f3n el 16 de abril, en la Exposici\u00f3n Nacional en Estados Unidos de dicha organizaci\u00f3n, celebrada en San Luis, Mo., del 13 al 16 de abril.  El equipo Enactus de La Sierra lleg\u00f3 hasta la cuarta ronda final despu\u00e9s de haber pasado por tres rondas preliminares de competencia.","og_url":"https:\/\/interamerica.org\/es\/2015\/04\/el-equipo-enactus-de-la-universidad-la-sierra-gana-el-segundo-lugar-en-la-competencia-nacional\/","og_site_name":"Iglesia Adventista del S\u00e9ptimo D\u00eda - Divisi\u00f3n Interamericana","article_published_time":"2015-04-21T04:00:00+00:00","og_image":[{"width":400,"height":267,"url":"https:\/\/interamerica.org\/wp-content\/uploads\/2017\/06\/La_Sierra_Enactus400.png","type":"image\/png"}],"author":"Lorenzo Verduzco","twitter_card":"summary_large_image","twitter_misc":{"Escrito por":"Lorenzo Verduzco","Tiempo de lectura":"5 minutos"},"schema":{"@context":"https:\/\/schema.org","@graph":[{"@type":"Article","@id":"https:\/\/interamerica.org\/es\/2015\/04\/el-equipo-enactus-de-la-universidad-la-sierra-gana-el-segundo-lugar-en-la-competencia-nacional\/#article","isPartOf":{"@id":"https:\/\/interamerica.org\/es\/2015\/04\/el-equipo-enactus-de-la-universidad-la-sierra-gana-el-segundo-lugar-en-la-competencia-nacional\/"},"author":{"name":"Lorenzo Verduzco","@id":"https:\/\/interamerica.org\/es\/#\/schema\/person\/68ede8bdc292885bb76c1e3810e73c39"},"headline":"El equipo Enactus de la Universidad La Sierra gana el segundo lugar en la competencia nacional","datePublished":"2015-04-21T04:00:00+00:00","mainEntityOfPage":{"@id":"https:\/\/interamerica.org\/es\/2015\/04\/el-equipo-enactus-de-la-universidad-la-sierra-gana-el-segundo-lugar-en-la-competencia-nacional\/"},"wordCount":1011,"image":{"@id":"https:\/\/interamerica.org\/es\/2015\/04\/el-equipo-enactus-de-la-universidad-la-sierra-gana-el-segundo-lugar-en-la-competencia-nacional\/#primaryimage"},"thumbnailUrl":"https:\/\/interamerica.org\/wp-content\/uploads\/2017\/06\/La_Sierra_Enactus400.png","articleSection":["Desde la iglesia mundial","RSS Espa\u00f1ol"],"inLanguage":"es"},{"@type":"WebPage","@id":"https:\/\/interamerica.org\/es\/2015\/04\/el-equipo-enactus-de-la-universidad-la-sierra-gana-el-segundo-lugar-en-la-competencia-nacional\/","url":"https:\/\/interamerica.org\/es\/2015\/04\/el-equipo-enactus-de-la-universidad-la-sierra-gana-el-segundo-lugar-en-la-competencia-nacional\/","name":"El equipo Enactus de la Universidad La Sierra gana el segundo lugar en la competencia nacional - Iglesia Adventista del S\u00e9ptimo D\u00eda - Divisi\u00f3n Interamericana","isPartOf":{"@id":"https:\/\/interamerica.org\/es\/#website"},"primaryImageOfPage":{"@id":"https:\/\/interamerica.org\/es\/2015\/04\/el-equipo-enactus-de-la-universidad-la-sierra-gana-el-segundo-lugar-en-la-competencia-nacional\/#primaryimage"},"image":{"@id":"https:\/\/interamerica.org\/es\/2015\/04\/el-equipo-enactus-de-la-universidad-la-sierra-gana-el-segundo-lugar-en-la-competencia-nacional\/#primaryimage"},"thumbnailUrl":"https:\/\/interamerica.org\/wp-content\/uploads\/2017\/06\/La_Sierra_Enactus400.png","datePublished":"2015-04-21T04:00:00+00:00","author":{"@id":"https:\/\/interamerica.org\/es\/#\/schema\/person\/68ede8bdc292885bb76c1e3810e73c39"},"breadcrumb":{"@id":"https:\/\/interamerica.org\/es\/2015\/04\/el-equipo-enactus-de-la-universidad-la-sierra-gana-el-segundo-lugar-en-la-competencia-nacional\/#breadcrumb"},"inLanguage":"es","potentialAction":[{"@type":"ReadAction","target":["https:\/\/interamerica.org\/es\/2015\/04\/el-equipo-enactus-de-la-universidad-la-sierra-gana-el-segundo-lugar-en-la-competencia-nacional\/"]}]},{"@type":"ImageObject","inLanguage":"es","@id":"https:\/\/interamerica.org\/es\/2015\/04\/el-equipo-enactus-de-la-universidad-la-sierra-gana-el-segundo-lugar-en-la-competencia-nacional\/#primaryimage","url":"https:\/\/interamerica.org\/wp-content\/uploads\/2017\/06\/La_Sierra_Enactus400.png","contentUrl":"https:\/\/interamerica.org\/wp-content\/uploads\/2017\/06\/La_Sierra_Enactus400.png","width":400,"height":267},{"@type":"BreadcrumbList","@id":"https:\/\/interamerica.org\/es\/2015\/04\/el-equipo-enactus-de-la-universidad-la-sierra-gana-el-segundo-lugar-en-la-competencia-nacional\/#breadcrumb","itemListElement":[{"@type":"ListItem","position":1,"name":"Home","item":"https:\/\/interamerica.org\/es\/"},{"@type":"ListItem","position":2,"name":"El equipo Enactus de la Universidad La Sierra gana el segundo lugar en la competencia nacional"}]},{"@type":"WebSite","@id":"https:\/\/interamerica.org\/es\/#website","url":"https:\/\/interamerica.org\/es\/","name":"Iglesia Adventista del S\u00e9ptimo D\u00eda - Divisi\u00f3n Interamericana","description":"","potentialAction":[{"@type":"SearchAction","target":{"@type":"EntryPoint","urlTemplate":"https:\/\/interamerica.org\/es\/?s={search_term_string}"},"query-input":{"@type":"PropertyValueSpecification","valueRequired":true,"valueName":"search_term_string"}}],"inLanguage":"es"},{"@type":"Person","@id":"https:\/\/interamerica.org\/es\/#\/schema\/person\/68ede8bdc292885bb76c1e3810e73c39","name":"Lorenzo Verduzco","image":{"@type":"ImageObject","inLanguage":"es","@id":"https:\/\/secure.gravatar.com\/avatar\/fb81a55b6218459490a9c1dc841a34909185b81904c5337b4b27f7a6fd60c49e?s=96&d=mm&r=g","url":"https:\/\/secure.gravatar.com\/avatar\/fb81a55b6218459490a9c1dc841a34909185b81904c5337b4b27f7a6fd60c49e?s=96&d=mm&r=g","contentUrl":"https:\/\/secure.gravatar.com\/avatar\/fb81a55b6218459490a9c1dc841a34909185b81904c5337b4b27f7a6fd60c49e?s=96&d=mm&r=g","caption":"Lorenzo Verduzco"}}]}},"_links":{"self":[{"href":"https:\/\/interamerica.org\/es\/wp-json\/wp\/v2\/posts\/30804","targetHints":{"allow":["GET"]}}],"collection":[{"href":"https:\/\/interamerica.org\/es\/wp-json\/wp\/v2\/posts"}],"about":[{"href":"https:\/\/interamerica.org\/es\/wp-json\/wp\/v2\/types\/post"}],"author":[{"embeddable":true,"href":"https:\/\/interamerica.org\/es\/wp-json\/wp\/v2\/users\/1"}],"replies":[{"embeddable":true,"href":"https:\/\/interamerica.org\/es\/wp-json\/wp\/v2\/comments?post=30804"}],"version-history":[{"count":0,"href":"https:\/\/interamerica.org\/es\/wp-json\/wp\/v2\/posts\/30804\/revisions"}],"wp:featuredmedia":[{"embeddable":true,"href":"https:\/\/interamerica.org\/es\/wp-json\/wp\/v2\/media\/25070"}],"wp:attachment":[{"href":"https:\/\/interamerica.org\/es\/wp-json\/wp\/v2\/media?parent=30804"}],"wp:term":[{"taxonomy":"category","embeddable":true,"href":"https:\/\/interamerica.org\/es\/wp-json\/wp\/v2\/categories?post=30804"},{"taxonomy":"post_tag","embeddable":true,"href":"https:\/\/interamerica.org\/es\/wp-json\/wp\/v2\/tags?post=30804"}],"curies":[{"name":"wp","href":"https:\/\/api.w.org\/{rel}","templated":true}]}}