{"id":30805,"date":"2015-04-23T00:00:00","date_gmt":"2015-04-23T04:00:00","guid":{"rendered":"http:\/\/192.81.217.108\/interamerica\/2015\/04\/lideres-de-la-iglesia-hablaran-con-estudiantes-de-teologia-y-ministros-no-ordenados-de-interamerica\/"},"modified":"2015-04-23T00:00:00","modified_gmt":"2015-04-23T04:00:00","slug":"lideres-de-la-iglesia-hablaran-con-estudiantes-de-teologia-y-ministros-no-ordenados-de-interamerica","status":"publish","type":"post","link":"https:\/\/interamerica.org\/es\/2015\/04\/lideres-de-la-iglesia-hablaran-con-estudiantes-de-teologia-y-ministros-no-ordenados-de-interamerica\/","title":{"rendered":"L\u00edderes de la iglesia hablar\u00e1n con estudiantes de teolog\u00eda y ministros no ordenados de Interam\u00e9rica"},"content":{"rendered":"<div id=\"attachment_16494\" style=\"width: 727px\" class=\"wp-caption aligncenter\"><a href=\"\/interamerica\/wp-content\/uploads\/2017\/06\/Banner_TheoStudents15_ESP.jpg\" rel=\"fancybox\" title=\"L\u00edderes de la iglesia hablar\u00e1n con estudiantes de teolog\u00eda y ministros no ordenados de Interam\u00e9rica\"><img fetchpriority=\"high\" decoding=\"async\" aria-describedby=\"caption-attachment-16494\" class=\" wp-image-16494 \" title=\"Banner_TheoStudents15_ESP\" src=\"\/interamerica\/wp-content\/uploads\/2017\/06\/Banner_TheoStudents15_ESP-1024x341.jpg\" alt=\"\" width=\"717\" height=\"239\" \/><\/a><p id=\"caption-attachment-16494\" class=\"wp-caption-text\">Imagen por Abel Marquez\/DIA<\/p><\/div>\n<p>22 de abril de 2015 | Miami, Florida, Estados Unidos | Libna Stevens\/DIA<\/p>\n<p>Los principales l\u00edderes de la Iglesia Adventista en la Divisi\u00f3n Interamericana est\u00e1n interesados en hablar con cientos de estudiantes de teolog\u00eda y ministros no ordenados durante transmisiones especiales por Internet la semana que viene.<\/p>\n<p>Los eventos en l\u00ednea tendr\u00e1n lugar en la sede central de la Divisi\u00f3n Interamericana en Miami, Florida, Estados Unidos, el pr\u00f3ximo 28 y 29 de abril, a las 10.30 hora de Miami, en el\u00a0<a href=\"http:\/\/webcast.interamerica.org\/espanol\">canal en l\u00ednea<\/a>\u00a0de Interam\u00e9rica.<\/p>\n<p>\u201cQueremos que los futuros pastores conozcan bien cu\u00e1l es su funci\u00f3n y las realidades del movimiento y el crecimiento de la iglesia en Interam\u00e9rica\u00bb, dice el pastor H\u00e9ctor S\u00e1nchez, secretario ministerial de la Iglesia Adventista en Interam\u00e9rica.<\/p>\n<p>Los estudiantes que completen las asignaturas del seminario y lo que a\u00fan necesitan un a\u00f1o m\u00e1s para terminar podr\u00e1n escuchar a los l\u00edderes de la iglesia, que hablar\u00e1n sobre el llamado, la misi\u00f3n de la iglesia. Asimismo, tendr\u00e1n la oportunidad de formular preguntas, durante un foro especial que se llevar\u00e1 a cabo en el programa en l\u00ednea del 28 de abril.<\/p>\n<p>De manera similar, los principales l\u00edderes de la iglesia quieren animar a algunos de los 1500 ministros del territorio que a\u00fan aguardan la ordenaci\u00f3n, para que contin\u00faen con su compromiso de ser pastores de sus congregaciones y trabajar con el objetivo de ser ordenados, de manera de tener mayor efectividad en su ministerio, dice S\u00e1nchez.<\/p>\n<p>\u00abHay un n\u00famero de prerrequisitos que los ministros tienen que cumplir antes de llegar al momento de la ordenaci\u00f3n, y queremos asegurarnos de que tengan en claro cu\u00e1l es la visi\u00f3n de la Iglesia Adventista en Interam\u00e9rica\u00bb, explica S\u00e1nchez.<\/p>\n<p>El programa en l\u00ednea del pr\u00f3ximo 29 de abril tambi\u00e9n servir\u00e1 para instar a los administradores que supervisan a los ministros a que tengan en cuenta a su cuerpo ministerial, eval\u00faen su trabajo y los ayuden a dar los pasos para llegar a la ordenaci\u00f3n, dice el pastor S\u00e1nchez.<\/p>\n<p>Si desea seguir estos eventos en vivo de dos horas de duraci\u00f3n en ingl\u00e9s, espa\u00f1ol y franc\u00e9s, con\u00e9ctese a\u00a0<a href=\"http:\/\/webcast.interamerica.org\/espanol\">webcast.interamerica.org<\/a>\u00a0 el pr\u00f3ximo 28 y 29 de abril a partir de las 10.30, Hora de Miami.<\/p>\n<p><em>Traducci\u00f3n de Marcos Paseggi<\/em><\/p>\n","protected":false},"excerpt":{"rendered":"<p>Los principales l\u00edderes de la Iglesia Adventista en la Divisi\u00f3n Interamericana est\u00e1n interesados en hablar con cientos de estudiantes de teolog\u00eda y ministros no ordenados durante transmisiones especiales por Internet la semana que viene. <\/p>\n<p>Los eventos en l\u00ednea tendr\u00e1n lugar en la sede central de la Divisi\u00f3n Interamericana en Miami, Florida, Estados Unidos, el pr\u00f3ximo 28 y 29 de abril, a las 10.30 hora de Miami, en el canal en l\u00ednea de Interam\u00e9rica.<\/p>\n","protected":false},"author":1,"featured_media":30806,"comment_status":"closed","ping_status":"closed","sticky":false,"template":"","format":"standard","meta":{"_acf_changed":false,"footnotes":""},"categories":[16,15],"tags":[],"class_list":["post-30805","post","type-post","status-publish","format-standard","has-post-thumbnail","hentry","category-desde-la-sede","category-rss-espanol"],"acf":[],"yoast_head":"<!-- This site is optimized with the Yoast SEO plugin v27.3 - https:\/\/yoast.com\/product\/yoast-seo-wordpress\/ -->\n<title>L\u00edderes de la iglesia hablar\u00e1n con estudiantes de teolog\u00eda y ministros no ordenados de Interam\u00e9rica - Iglesia Adventista del S\u00e9ptimo D\u00eda - Divisi\u00f3n Interamericana<\/title>\n<meta name=\"robots\" content=\"index, follow, max-snippet:-1, max-image-preview:large, max-video-preview:-1\" \/>\n<link rel=\"canonical\" href=\"https:\/\/interamerica.org\/es\/2015\/04\/lideres-de-la-iglesia-hablaran-con-estudiantes-de-teologia-y-ministros-no-ordenados-de-interamerica\/\" \/>\n<meta property=\"og:locale\" content=\"es_ES\" \/>\n<meta property=\"og:type\" content=\"article\" \/>\n<meta property=\"og:title\" content=\"L\u00edderes de la iglesia hablar\u00e1n con estudiantes de teolog\u00eda y ministros no ordenados de Interam\u00e9rica - Iglesia Adventista del S\u00e9ptimo D\u00eda - Divisi\u00f3n Interamericana\" \/>\n<meta property=\"og:description\" content=\"Los principales l\u00edderes de la Iglesia Adventista en la Divisi\u00f3n Interamericana est\u00e1n interesados en hablar con cientos de estudiantes de teolog\u00eda y ministros no ordenados durante transmisiones especiales por Internet la semana que viene.  Los eventos en l\u00ednea tendr\u00e1n lugar en la sede central de la Divisi\u00f3n Interamericana en Miami, Florida, Estados Unidos, el pr\u00f3ximo 28 y 29 de abril, a las 10.30 hora de Miami, en el canal en l\u00ednea de Interam\u00e9rica.\" \/>\n<meta property=\"og:url\" content=\"https:\/\/interamerica.org\/es\/2015\/04\/lideres-de-la-iglesia-hablaran-con-estudiantes-de-teologia-y-ministros-no-ordenados-de-interamerica\/\" \/>\n<meta property=\"og:site_name\" content=\"Iglesia Adventista del S\u00e9ptimo D\u00eda - Divisi\u00f3n Interamericana\" \/>\n<meta property=\"article:published_time\" content=\"2015-04-23T04:00:00+00:00\" \/>\n<meta property=\"og:image\" content=\"https:\/\/interamerica.org\/wp-content\/uploads\/2017\/06\/TheologyADvisotrySPA300.png\" \/>\n\t<meta property=\"og:image:width\" content=\"300\" \/>\n\t<meta property=\"og:image:height\" content=\"187\" \/>\n\t<meta property=\"og:image:type\" content=\"image\/png\" \/>\n<meta name=\"author\" content=\"Lorenzo Verduzco\" \/>\n<meta name=\"twitter:card\" content=\"summary_large_image\" \/>\n<meta name=\"twitter:label1\" content=\"Escrito por\" \/>\n\t<meta name=\"twitter:data1\" content=\"Lorenzo Verduzco\" \/>\n\t<meta name=\"twitter:label2\" content=\"Tiempo de lectura\" \/>\n\t<meta name=\"twitter:data2\" content=\"2 minutos\" \/>\n<script type=\"application\/ld+json\" class=\"yoast-schema-graph\">{\"@context\":\"https:\\\/\\\/schema.org\",\"@graph\":[{\"@type\":\"Article\",\"@id\":\"https:\\\/\\\/interamerica.org\\\/es\\\/2015\\\/04\\\/lideres-de-la-iglesia-hablaran-con-estudiantes-de-teologia-y-ministros-no-ordenados-de-interamerica\\\/#article\",\"isPartOf\":{\"@id\":\"https:\\\/\\\/interamerica.org\\\/es\\\/2015\\\/04\\\/lideres-de-la-iglesia-hablaran-con-estudiantes-de-teologia-y-ministros-no-ordenados-de-interamerica\\\/\"},\"author\":{\"name\":\"Lorenzo Verduzco\",\"@id\":\"https:\\\/\\\/interamerica.org\\\/es\\\/#\\\/schema\\\/person\\\/68ede8bdc292885bb76c1e3810e73c39\"},\"headline\":\"L\u00edderes de la iglesia hablar\u00e1n con estudiantes de teolog\u00eda y ministros no ordenados de Interam\u00e9rica\",\"datePublished\":\"2015-04-23T04:00:00+00:00\",\"mainEntityOfPage\":{\"@id\":\"https:\\\/\\\/interamerica.org\\\/es\\\/2015\\\/04\\\/lideres-de-la-iglesia-hablaran-con-estudiantes-de-teologia-y-ministros-no-ordenados-de-interamerica\\\/\"},\"wordCount\":436,\"image\":{\"@id\":\"https:\\\/\\\/interamerica.org\\\/es\\\/2015\\\/04\\\/lideres-de-la-iglesia-hablaran-con-estudiantes-de-teologia-y-ministros-no-ordenados-de-interamerica\\\/#primaryimage\"},\"thumbnailUrl\":\"https:\\\/\\\/interamerica.org\\\/wp-content\\\/uploads\\\/2017\\\/06\\\/TheologyADvisotrySPA300.png\",\"articleSection\":[\"Desde la sede\",\"RSS Espa\u00f1ol\"],\"inLanguage\":\"es\"},{\"@type\":\"WebPage\",\"@id\":\"https:\\\/\\\/interamerica.org\\\/es\\\/2015\\\/04\\\/lideres-de-la-iglesia-hablaran-con-estudiantes-de-teologia-y-ministros-no-ordenados-de-interamerica\\\/\",\"url\":\"https:\\\/\\\/interamerica.org\\\/es\\\/2015\\\/04\\\/lideres-de-la-iglesia-hablaran-con-estudiantes-de-teologia-y-ministros-no-ordenados-de-interamerica\\\/\",\"name\":\"L\u00edderes de la iglesia hablar\u00e1n con estudiantes de teolog\u00eda y ministros no ordenados de Interam\u00e9rica - Iglesia Adventista del S\u00e9ptimo D\u00eda - Divisi\u00f3n Interamericana\",\"isPartOf\":{\"@id\":\"https:\\\/\\\/interamerica.org\\\/es\\\/#website\"},\"primaryImageOfPage\":{\"@id\":\"https:\\\/\\\/interamerica.org\\\/es\\\/2015\\\/04\\\/lideres-de-la-iglesia-hablaran-con-estudiantes-de-teologia-y-ministros-no-ordenados-de-interamerica\\\/#primaryimage\"},\"image\":{\"@id\":\"https:\\\/\\\/interamerica.org\\\/es\\\/2015\\\/04\\\/lideres-de-la-iglesia-hablaran-con-estudiantes-de-teologia-y-ministros-no-ordenados-de-interamerica\\\/#primaryimage\"},\"thumbnailUrl\":\"https:\\\/\\\/interamerica.org\\\/wp-content\\\/uploads\\\/2017\\\/06\\\/TheologyADvisotrySPA300.png\",\"datePublished\":\"2015-04-23T04:00:00+00:00\",\"author\":{\"@id\":\"https:\\\/\\\/interamerica.org\\\/es\\\/#\\\/schema\\\/person\\\/68ede8bdc292885bb76c1e3810e73c39\"},\"breadcrumb\":{\"@id\":\"https:\\\/\\\/interamerica.org\\\/es\\\/2015\\\/04\\\/lideres-de-la-iglesia-hablaran-con-estudiantes-de-teologia-y-ministros-no-ordenados-de-interamerica\\\/#breadcrumb\"},\"inLanguage\":\"es\",\"potentialAction\":[{\"@type\":\"ReadAction\",\"target\":[\"https:\\\/\\\/interamerica.org\\\/es\\\/2015\\\/04\\\/lideres-de-la-iglesia-hablaran-con-estudiantes-de-teologia-y-ministros-no-ordenados-de-interamerica\\\/\"]}]},{\"@type\":\"ImageObject\",\"inLanguage\":\"es\",\"@id\":\"https:\\\/\\\/interamerica.org\\\/es\\\/2015\\\/04\\\/lideres-de-la-iglesia-hablaran-con-estudiantes-de-teologia-y-ministros-no-ordenados-de-interamerica\\\/#primaryimage\",\"url\":\"https:\\\/\\\/interamerica.org\\\/wp-content\\\/uploads\\\/2017\\\/06\\\/TheologyADvisotrySPA300.png\",\"contentUrl\":\"https:\\\/\\\/interamerica.org\\\/wp-content\\\/uploads\\\/2017\\\/06\\\/TheologyADvisotrySPA300.png\",\"width\":300,\"height\":187},{\"@type\":\"BreadcrumbList\",\"@id\":\"https:\\\/\\\/interamerica.org\\\/es\\\/2015\\\/04\\\/lideres-de-la-iglesia-hablaran-con-estudiantes-de-teologia-y-ministros-no-ordenados-de-interamerica\\\/#breadcrumb\",\"itemListElement\":[{\"@type\":\"ListItem\",\"position\":1,\"name\":\"Home\",\"item\":\"https:\\\/\\\/interamerica.org\\\/es\\\/\"},{\"@type\":\"ListItem\",\"position\":2,\"name\":\"L\u00edderes de la iglesia hablar\u00e1n con estudiantes de teolog\u00eda y ministros no ordenados de Interam\u00e9rica\"}]},{\"@type\":\"WebSite\",\"@id\":\"https:\\\/\\\/interamerica.org\\\/es\\\/#website\",\"url\":\"https:\\\/\\\/interamerica.org\\\/es\\\/\",\"name\":\"Iglesia Adventista del S\u00e9ptimo D\u00eda - Divisi\u00f3n Interamericana\",\"description\":\"\",\"potentialAction\":[{\"@type\":\"SearchAction\",\"target\":{\"@type\":\"EntryPoint\",\"urlTemplate\":\"https:\\\/\\\/interamerica.org\\\/es\\\/?s={search_term_string}\"},\"query-input\":{\"@type\":\"PropertyValueSpecification\",\"valueRequired\":true,\"valueName\":\"search_term_string\"}}],\"inLanguage\":\"es\"},{\"@type\":\"Person\",\"@id\":\"https:\\\/\\\/interamerica.org\\\/es\\\/#\\\/schema\\\/person\\\/68ede8bdc292885bb76c1e3810e73c39\",\"name\":\"Lorenzo Verduzco\",\"image\":{\"@type\":\"ImageObject\",\"inLanguage\":\"es\",\"@id\":\"https:\\\/\\\/secure.gravatar.com\\\/avatar\\\/fb81a55b6218459490a9c1dc841a34909185b81904c5337b4b27f7a6fd60c49e?s=96&d=mm&r=g\",\"url\":\"https:\\\/\\\/secure.gravatar.com\\\/avatar\\\/fb81a55b6218459490a9c1dc841a34909185b81904c5337b4b27f7a6fd60c49e?s=96&d=mm&r=g\",\"contentUrl\":\"https:\\\/\\\/secure.gravatar.com\\\/avatar\\\/fb81a55b6218459490a9c1dc841a34909185b81904c5337b4b27f7a6fd60c49e?s=96&d=mm&r=g\",\"caption\":\"Lorenzo Verduzco\"}}]}<\/script>\n<!-- \/ Yoast SEO plugin. -->","yoast_head_json":{"title":"L\u00edderes de la iglesia hablar\u00e1n con estudiantes de teolog\u00eda y ministros no ordenados de Interam\u00e9rica - Iglesia Adventista del S\u00e9ptimo D\u00eda - Divisi\u00f3n Interamericana","robots":{"index":"index","follow":"follow","max-snippet":"max-snippet:-1","max-image-preview":"max-image-preview:large","max-video-preview":"max-video-preview:-1"},"canonical":"https:\/\/interamerica.org\/es\/2015\/04\/lideres-de-la-iglesia-hablaran-con-estudiantes-de-teologia-y-ministros-no-ordenados-de-interamerica\/","og_locale":"es_ES","og_type":"article","og_title":"L\u00edderes de la iglesia hablar\u00e1n con estudiantes de teolog\u00eda y ministros no ordenados de Interam\u00e9rica - Iglesia Adventista del S\u00e9ptimo D\u00eda - Divisi\u00f3n Interamericana","og_description":"Los principales l\u00edderes de la Iglesia Adventista en la Divisi\u00f3n Interamericana est\u00e1n interesados en hablar con cientos de estudiantes de teolog\u00eda y ministros no ordenados durante transmisiones especiales por Internet la semana que viene.  Los eventos en l\u00ednea tendr\u00e1n lugar en la sede central de la Divisi\u00f3n Interamericana en Miami, Florida, Estados Unidos, el pr\u00f3ximo 28 y 29 de abril, a las 10.30 hora de Miami, en el canal en l\u00ednea de Interam\u00e9rica.","og_url":"https:\/\/interamerica.org\/es\/2015\/04\/lideres-de-la-iglesia-hablaran-con-estudiantes-de-teologia-y-ministros-no-ordenados-de-interamerica\/","og_site_name":"Iglesia Adventista del S\u00e9ptimo D\u00eda - Divisi\u00f3n Interamericana","article_published_time":"2015-04-23T04:00:00+00:00","og_image":[{"width":300,"height":187,"url":"https:\/\/interamerica.org\/wp-content\/uploads\/2017\/06\/TheologyADvisotrySPA300.png","type":"image\/png"}],"author":"Lorenzo Verduzco","twitter_card":"summary_large_image","twitter_misc":{"Escrito por":"Lorenzo Verduzco","Tiempo de lectura":"2 minutos"},"schema":{"@context":"https:\/\/schema.org","@graph":[{"@type":"Article","@id":"https:\/\/interamerica.org\/es\/2015\/04\/lideres-de-la-iglesia-hablaran-con-estudiantes-de-teologia-y-ministros-no-ordenados-de-interamerica\/#article","isPartOf":{"@id":"https:\/\/interamerica.org\/es\/2015\/04\/lideres-de-la-iglesia-hablaran-con-estudiantes-de-teologia-y-ministros-no-ordenados-de-interamerica\/"},"author":{"name":"Lorenzo Verduzco","@id":"https:\/\/interamerica.org\/es\/#\/schema\/person\/68ede8bdc292885bb76c1e3810e73c39"},"headline":"L\u00edderes de la iglesia hablar\u00e1n con estudiantes de teolog\u00eda y ministros no ordenados de Interam\u00e9rica","datePublished":"2015-04-23T04:00:00+00:00","mainEntityOfPage":{"@id":"https:\/\/interamerica.org\/es\/2015\/04\/lideres-de-la-iglesia-hablaran-con-estudiantes-de-teologia-y-ministros-no-ordenados-de-interamerica\/"},"wordCount":436,"image":{"@id":"https:\/\/interamerica.org\/es\/2015\/04\/lideres-de-la-iglesia-hablaran-con-estudiantes-de-teologia-y-ministros-no-ordenados-de-interamerica\/#primaryimage"},"thumbnailUrl":"https:\/\/interamerica.org\/wp-content\/uploads\/2017\/06\/TheologyADvisotrySPA300.png","articleSection":["Desde la sede","RSS Espa\u00f1ol"],"inLanguage":"es"},{"@type":"WebPage","@id":"https:\/\/interamerica.org\/es\/2015\/04\/lideres-de-la-iglesia-hablaran-con-estudiantes-de-teologia-y-ministros-no-ordenados-de-interamerica\/","url":"https:\/\/interamerica.org\/es\/2015\/04\/lideres-de-la-iglesia-hablaran-con-estudiantes-de-teologia-y-ministros-no-ordenados-de-interamerica\/","name":"L\u00edderes de la iglesia hablar\u00e1n con estudiantes de teolog\u00eda y ministros no ordenados de Interam\u00e9rica - Iglesia Adventista del S\u00e9ptimo D\u00eda - Divisi\u00f3n Interamericana","isPartOf":{"@id":"https:\/\/interamerica.org\/es\/#website"},"primaryImageOfPage":{"@id":"https:\/\/interamerica.org\/es\/2015\/04\/lideres-de-la-iglesia-hablaran-con-estudiantes-de-teologia-y-ministros-no-ordenados-de-interamerica\/#primaryimage"},"image":{"@id":"https:\/\/interamerica.org\/es\/2015\/04\/lideres-de-la-iglesia-hablaran-con-estudiantes-de-teologia-y-ministros-no-ordenados-de-interamerica\/#primaryimage"},"thumbnailUrl":"https:\/\/interamerica.org\/wp-content\/uploads\/2017\/06\/TheologyADvisotrySPA300.png","datePublished":"2015-04-23T04:00:00+00:00","author":{"@id":"https:\/\/interamerica.org\/es\/#\/schema\/person\/68ede8bdc292885bb76c1e3810e73c39"},"breadcrumb":{"@id":"https:\/\/interamerica.org\/es\/2015\/04\/lideres-de-la-iglesia-hablaran-con-estudiantes-de-teologia-y-ministros-no-ordenados-de-interamerica\/#breadcrumb"},"inLanguage":"es","potentialAction":[{"@type":"ReadAction","target":["https:\/\/interamerica.org\/es\/2015\/04\/lideres-de-la-iglesia-hablaran-con-estudiantes-de-teologia-y-ministros-no-ordenados-de-interamerica\/"]}]},{"@type":"ImageObject","inLanguage":"es","@id":"https:\/\/interamerica.org\/es\/2015\/04\/lideres-de-la-iglesia-hablaran-con-estudiantes-de-teologia-y-ministros-no-ordenados-de-interamerica\/#primaryimage","url":"https:\/\/interamerica.org\/wp-content\/uploads\/2017\/06\/TheologyADvisotrySPA300.png","contentUrl":"https:\/\/interamerica.org\/wp-content\/uploads\/2017\/06\/TheologyADvisotrySPA300.png","width":300,"height":187},{"@type":"BreadcrumbList","@id":"https:\/\/interamerica.org\/es\/2015\/04\/lideres-de-la-iglesia-hablaran-con-estudiantes-de-teologia-y-ministros-no-ordenados-de-interamerica\/#breadcrumb","itemListElement":[{"@type":"ListItem","position":1,"name":"Home","item":"https:\/\/interamerica.org\/es\/"},{"@type":"ListItem","position":2,"name":"L\u00edderes de la iglesia hablar\u00e1n con estudiantes de teolog\u00eda y ministros no ordenados de Interam\u00e9rica"}]},{"@type":"WebSite","@id":"https:\/\/interamerica.org\/es\/#website","url":"https:\/\/interamerica.org\/es\/","name":"Iglesia Adventista del S\u00e9ptimo D\u00eda - Divisi\u00f3n Interamericana","description":"","potentialAction":[{"@type":"SearchAction","target":{"@type":"EntryPoint","urlTemplate":"https:\/\/interamerica.org\/es\/?s={search_term_string}"},"query-input":{"@type":"PropertyValueSpecification","valueRequired":true,"valueName":"search_term_string"}}],"inLanguage":"es"},{"@type":"Person","@id":"https:\/\/interamerica.org\/es\/#\/schema\/person\/68ede8bdc292885bb76c1e3810e73c39","name":"Lorenzo Verduzco","image":{"@type":"ImageObject","inLanguage":"es","@id":"https:\/\/secure.gravatar.com\/avatar\/fb81a55b6218459490a9c1dc841a34909185b81904c5337b4b27f7a6fd60c49e?s=96&d=mm&r=g","url":"https:\/\/secure.gravatar.com\/avatar\/fb81a55b6218459490a9c1dc841a34909185b81904c5337b4b27f7a6fd60c49e?s=96&d=mm&r=g","contentUrl":"https:\/\/secure.gravatar.com\/avatar\/fb81a55b6218459490a9c1dc841a34909185b81904c5337b4b27f7a6fd60c49e?s=96&d=mm&r=g","caption":"Lorenzo Verduzco"}}]}},"_links":{"self":[{"href":"https:\/\/interamerica.org\/es\/wp-json\/wp\/v2\/posts\/30805","targetHints":{"allow":["GET"]}}],"collection":[{"href":"https:\/\/interamerica.org\/es\/wp-json\/wp\/v2\/posts"}],"about":[{"href":"https:\/\/interamerica.org\/es\/wp-json\/wp\/v2\/types\/post"}],"author":[{"embeddable":true,"href":"https:\/\/interamerica.org\/es\/wp-json\/wp\/v2\/users\/1"}],"replies":[{"embeddable":true,"href":"https:\/\/interamerica.org\/es\/wp-json\/wp\/v2\/comments?post=30805"}],"version-history":[{"count":0,"href":"https:\/\/interamerica.org\/es\/wp-json\/wp\/v2\/posts\/30805\/revisions"}],"wp:featuredmedia":[{"embeddable":true,"href":"https:\/\/interamerica.org\/es\/wp-json\/wp\/v2\/media\/30806"}],"wp:attachment":[{"href":"https:\/\/interamerica.org\/es\/wp-json\/wp\/v2\/media?parent=30805"}],"wp:term":[{"taxonomy":"category","embeddable":true,"href":"https:\/\/interamerica.org\/es\/wp-json\/wp\/v2\/categories?post=30805"},{"taxonomy":"post_tag","embeddable":true,"href":"https:\/\/interamerica.org\/es\/wp-json\/wp\/v2\/tags?post=30805"}],"curies":[{"name":"wp","href":"https:\/\/api.w.org\/{rel}","templated":true}]}}