{"id":30808,"date":"2015-04-23T00:00:00","date_gmt":"2015-04-23T04:00:00","guid":{"rendered":"http:\/\/192.81.217.108\/interamerica\/2015\/04\/en-costa-rica-gran-exposicion-de-salud-llega-a-la-clase-media-alta\/"},"modified":"2015-04-23T00:00:00","modified_gmt":"2015-04-23T04:00:00","slug":"en-costa-rica-gran-exposicion-de-salud-llega-a-la-clase-media-alta","status":"publish","type":"post","link":"https:\/\/interamerica.org\/es\/2015\/04\/en-costa-rica-gran-exposicion-de-salud-llega-a-la-clase-media-alta\/","title":{"rendered":"En Costa Rica, gran exposici\u00f3n de salud llega a la clase media alta"},"content":{"rendered":"<div id=\"attachment_16505\" style=\"width: 710px\" class=\"wp-caption aligncenter\"><a href=\"\/interamerica\/wp-content\/uploads\/2017\/06\/Terramall-Pan.png\" rel=\"fancybox\" title=\"En Costa Rica, gran exposici\u00f3n de salud llega a la clase media alta\"><img fetchpriority=\"high\" decoding=\"async\" aria-describedby=\"caption-attachment-16505\" class=\" wp-image-16505  \" src=\"\/interamerica\/wp-content\/uploads\/2017\/06\/Terramall-Pan.png\" alt=\"\" width=\"700\" height=\"317\" \/><\/a><p id=\"caption-attachment-16505\" class=\"wp-caption-text\">Cientos de personas se reunieron en el Centro Comercial Terra Mall para participar de una exposici\u00f3n de salud que destac\u00f3 los ocho remedios naturales para disfrutar de una vida m\u00e1s sana, en Cartago, Costa Rica, el 18 de abril de 2015. El evento fue organizado por la Iglesia Adventista de la Asociaci\u00f3n Central Sur, donde residen muchos habitantes de la clase media alta. Imagen de Frank Artavia\/DIA.<\/p><\/div>\n<p>22 de abril de 2015 | Cartago, Costa Rica | Libna Stevens\/DIA<\/p>\n<div id=\"attachment_16508\" style=\"width: 330px\" class=\"wp-caption alignright\"><a href=\"\/interamerica\/wp-content\/uploads\/2017\/06\/CR-exposalud-massage400.png\" rel=\"fancybox\" title=\"En Costa Rica, gran exposici\u00f3n de salud llega a la clase media alta\"><img decoding=\"async\" aria-describedby=\"caption-attachment-16508\" class=\" wp-image-16508 \" src=\"\/interamerica\/wp-content\/uploads\/2017\/06\/CR-exposalud-massage400.png\" alt=\"\" width=\"320\" height=\"240\" \/><\/a><p id=\"caption-attachment-16508\" class=\"wp-caption-text\">Los clientes reciben masajes en uno de los puestos preparados para la exposici\u00f3n de salud. Imagen de Ronny Yax<\/p><\/div>\n<p>Los l\u00edderes adventistas se sienten felices con los resultados de una exposici\u00f3n de salud llevada a cabo en un centro comercial para la clase media alta en Cartago, Costa Rica, el \u00faltimo fin de semana. El evento, organizado en Terra Mall, en una de las zonas metropolitanas m\u00e1s grandes en Cartago, cont\u00f3 con la participaci\u00f3n de m\u00e1s de trescientas personas que pasaron por una decena de puestos dedicados a los ocho remedios naturales que se necesitan para disfrutar de una vida m\u00e1s sana, a saber: agua, descanso, ejercicio, luz del sol, aire, nutrici\u00f3n, temperancia y esperanza en Dios.<\/p>\n<p>Los clientes pudieron participar de un chequeo de sus signos vitales, pesarse, escuchar charlas sobre los beneficios de tener h\u00e1bitos saludables, aprender sobre nutrici\u00f3n, escuchar un concierto cristiano, mirar publicaciones para una vida mejor, y recibir un ejemplar gratuito del libro \u00abSecretos que cambiar\u00e1n su vida\u00bb, de Mark Finley y Peter Landless, entre otros.<\/p>\n<p>\u00abQuer\u00edamos ponernos en contacto con la gente de este centro comercial en particular para comenzar a estudiar la salud de la poblaci\u00f3n por medio de una encuesta espec\u00edfica que nos permitir\u00e1 saber m\u00e1s sobre los que viven en la regi\u00f3n metropolitana de Cartago\u00bb, dijo Frank Artavia, director de ministerios de salud de la Iglesia Adventista en la regi\u00f3n Central Sur de Costa Rica y organizador del evento.<\/p>\n<div id=\"attachment_16509\" style=\"width: 330px\" class=\"wp-caption alignleft\"><a href=\"\/interamerica\/wp-content\/uploads\/2017\/06\/CR-healthexpo-nutrition.png\" rel=\"fancybox\" title=\"En Costa Rica, gran exposici\u00f3n de salud llega a la clase media alta\"><img decoding=\"async\" aria-describedby=\"caption-attachment-16509\" class=\" wp-image-16509 \" src=\"\/interamerica\/wp-content\/uploads\/2017\/06\/CR-healthexpo-nutrition.png\" alt=\"\" width=\"320\" height=\"229\" \/><\/a><p id=\"caption-attachment-16509\" class=\"wp-caption-text\">Los participantes aprenden sobre la nutrici\u00f3n apropiada en uno de los puestos preparados durante la exposici\u00f3n de salud. Imagen de Ronny Yax<\/p><\/div>\n<p>Artavia dijo que fue el mayor impacto de salud organizado en el pa\u00eds, y que sirve como plataforma de lanzamiento para el compromiso de la regi\u00f3n con la promoci\u00f3n de un estilo de vida saludable, mediante exposiciones de salud que se realizar\u00e1n en los pr\u00f3ximos meses, en un pa\u00eds donde sigue aumentando la obesidad, la hipertensi\u00f3n y la diabetes.<\/p>\n<p>\u00abFue una oportunidad maravillosa de ver que muchas personas solicitaron oraciones en el puesto sobre la esperanza que hab\u00edamos preparado\u00bb, dijo Artavia. \u00abEn realidad, tuvimos que comprar cajas de pa\u00f1uelos de papel porque mucha gente vino con sus preocupaciones y problemas, esperando consuelo y oraciones\u00bb.<\/p>\n<p>Gracias al liderazgo de Luis Diego Clave, del Instituto Adventista de Salud Patmos Latam, m\u00e1s de cien miembros de iglesia capacitados participaron del evento como voluntarios, lo que gener\u00f3 mayor unidad y prop\u00f3sito en la misi\u00f3n de esparcir el mensaje de salud y la esperanza de salvaci\u00f3n, dijo Artavia.<\/p>\n<p>\u201cMuchas de las personas que pasaron por nuestras estaciones solicitaron estudios b\u00edblicos y visitas, de manera que estamos entusiasmados por la oportunidad de continuar con esos contactos para que nuestros pastores locales se encarguen de ello a partir de ahora\u00bb, a\u00f1adi\u00f3 Artavia, que tambi\u00e9n est\u00e1 coordinando actividades de exposiciones de salud con otras asociaciones regionales del pa\u00eds.<\/p>\n<p>La Iglesia Adventista de la Uni\u00f3n Centroamericana Sur est\u00e1 comprometida con la salud y el evangelismo, seg\u00fan el pastor Ricardo Mar\u00edn, director de ministerios de salud de la uni\u00f3n, que supervisa la iglesia en Costa Rica y Nicaragua.<\/p>\n<div id=\"attachment_16507\" style=\"width: 330px\" class=\"wp-caption alignleft\"><a href=\"\/interamerica\/wp-content\/uploads\/2017\/06\/CR-masterkey400.png\" rel=\"fancybox\" title=\"En Costa Rica, gran exposici\u00f3n de salud llega a la clase media alta\"><img loading=\"lazy\" decoding=\"async\" aria-describedby=\"caption-attachment-16507\" class=\"wp-image-16507 \" src=\"\/interamerica\/wp-content\/uploads\/2017\/06\/CR-masterkey400.png\" alt=\"\" width=\"320\" height=\"254\" \/><\/a><p id=\"caption-attachment-16507\" class=\"wp-caption-text\">El grupo adventista Masterkey ofrece un concierto durante la exposici\u00f3n de salud. Imagen de Ronny Yax.<\/p><\/div>\n<p>\u00abHemos estado trabajando arduamente para capacitar a los pastores, y a los l\u00edderes y miembros de iglesia durante el \u00faltimo a\u00f1o\u00bb, dijo Marine. \u00abAhora, m\u00e1s y m\u00e1s eventos como este est\u00e1n creando mayor conciencia y brindando contactos para seguimiento\u00bb.<\/p>\n<p>El evento en Terra Mall fue muy importante \u00abdebido a que sirve a una poblaci\u00f3n de la clase media alta, y porque el contacto con la gerencia del centro comercial dej\u00f3 las puertas abiertas para otras exposiciones de salud en el futuro\u00bb, a\u00f1adi\u00f3 Mar\u00edn.<\/p>\n<p>Ya se han llevado a cabo exposiciones de salud en varios centros comerciales y parques de toda Costa Rica y Nicaragua, informa Mar\u00edn. El plan es llevar a cabo actividades de impacto de salud m\u00e1s grandes en las ciudades m\u00e1s populosas de Costa Rica y Nicaragua.<\/p>\n<p>El evento recibi\u00f3 la cobertura de la estaci\u00f3n de radio y el canal de televisi\u00f3n de la iglesia.<\/p>\n<p>Se est\u00e1n haciendo planes de llevar a cabo una actividad similar en San Jos\u00e9, la capital de Costa Rica, en los pr\u00f3ximos meses, dijo Artavia.<\/p>\n<p><em>Traducci\u00f3n de Marcos Paseggi<\/em><\/p>\n","protected":false},"excerpt":{"rendered":"<p>Los l\u00edderes adventistas se sienten felices con los resultados de una exposici\u00f3n de salud llevada a cabo en un centro comercial para la clase media alta en Cartago, Costa Rica, el \u00faltimo fin de semana. <\/p>\n<p>El evento, organizado en Terra Mall, en una de las zonas metropolitanas m\u00e1s grandes en Cartago, cont\u00f3 con la participaci\u00f3n de m\u00e1s de trescientas personas que pasaron por una decena de puestos dedicados a los ocho remedios naturales que se necesitan para disfrutar de una vida m\u00e1s sana, a saber: agua, descanso, ejercicio, luz del sol, aire, nutrici\u00f3n, temperancia y esperanza en Dios.<\/p>\n","protected":false},"author":1,"featured_media":25081,"comment_status":"closed","ping_status":"closed","sticky":false,"template":"","format":"standard","meta":{"_acf_changed":false,"footnotes":""},"categories":[17,15],"tags":[],"class_list":["post-30808","post","type-post","status-publish","format-standard","has-post-thumbnail","hentry","category-desde-el-campo","category-rss-espanol"],"acf":[],"yoast_head":"<!-- This site is optimized with the Yoast SEO plugin v27.3 - https:\/\/yoast.com\/product\/yoast-seo-wordpress\/ -->\n<title>En Costa Rica, gran exposici\u00f3n de salud llega a la clase media alta - Iglesia Adventista del S\u00e9ptimo D\u00eda - Divisi\u00f3n Interamericana<\/title>\n<meta name=\"robots\" content=\"index, follow, max-snippet:-1, max-image-preview:large, max-video-preview:-1\" \/>\n<link rel=\"canonical\" href=\"https:\/\/interamerica.org\/es\/2015\/04\/en-costa-rica-gran-exposicion-de-salud-llega-a-la-clase-media-alta\/\" \/>\n<meta property=\"og:locale\" content=\"es_ES\" \/>\n<meta property=\"og:type\" content=\"article\" \/>\n<meta property=\"og:title\" content=\"En Costa Rica, gran exposici\u00f3n de salud llega a la clase media alta - Iglesia Adventista del S\u00e9ptimo D\u00eda - Divisi\u00f3n Interamericana\" \/>\n<meta property=\"og:description\" content=\"Los l\u00edderes adventistas se sienten felices con los resultados de una exposici\u00f3n de salud llevada a cabo en un centro comercial para la clase media alta en Cartago, Costa Rica, el \u00faltimo fin de semana.  El evento, organizado en Terra Mall, en una de las zonas metropolitanas m\u00e1s grandes en Cartago, cont\u00f3 con la participaci\u00f3n de m\u00e1s de trescientas personas que pasaron por una decena de puestos dedicados a los ocho remedios naturales que se necesitan para disfrutar de una vida m\u00e1s sana, a saber: agua, descanso, ejercicio, luz del sol, aire, nutrici\u00f3n, temperancia y esperanza en Dios.\" \/>\n<meta property=\"og:url\" content=\"https:\/\/interamerica.org\/es\/2015\/04\/en-costa-rica-gran-exposicion-de-salud-llega-a-la-clase-media-alta\/\" \/>\n<meta property=\"og:site_name\" content=\"Iglesia Adventista del S\u00e9ptimo D\u00eda - Divisi\u00f3n Interamericana\" \/>\n<meta property=\"article:published_time\" content=\"2015-04-23T04:00:00+00:00\" \/>\n<meta property=\"og:image\" content=\"https:\/\/interamerica.org\/wp-content\/uploads\/2017\/06\/CR-expo300.png\" \/>\n\t<meta property=\"og:image:width\" content=\"300\" \/>\n\t<meta property=\"og:image:height\" content=\"225\" \/>\n\t<meta property=\"og:image:type\" content=\"image\/png\" \/>\n<meta name=\"author\" content=\"Lorenzo Verduzco\" \/>\n<meta name=\"twitter:card\" content=\"summary_large_image\" \/>\n<meta name=\"twitter:label1\" content=\"Escrito por\" \/>\n\t<meta name=\"twitter:data1\" content=\"Lorenzo Verduzco\" \/>\n\t<meta name=\"twitter:label2\" content=\"Tiempo de lectura\" \/>\n\t<meta name=\"twitter:data2\" content=\"4 minutos\" \/>\n<script type=\"application\/ld+json\" class=\"yoast-schema-graph\">{\"@context\":\"https:\\\/\\\/schema.org\",\"@graph\":[{\"@type\":\"Article\",\"@id\":\"https:\\\/\\\/interamerica.org\\\/es\\\/2015\\\/04\\\/en-costa-rica-gran-exposicion-de-salud-llega-a-la-clase-media-alta\\\/#article\",\"isPartOf\":{\"@id\":\"https:\\\/\\\/interamerica.org\\\/es\\\/2015\\\/04\\\/en-costa-rica-gran-exposicion-de-salud-llega-a-la-clase-media-alta\\\/\"},\"author\":{\"name\":\"Lorenzo Verduzco\",\"@id\":\"https:\\\/\\\/interamerica.org\\\/es\\\/#\\\/schema\\\/person\\\/68ede8bdc292885bb76c1e3810e73c39\"},\"headline\":\"En Costa Rica, gran exposici\u00f3n de salud llega a la clase media alta\",\"datePublished\":\"2015-04-23T04:00:00+00:00\",\"mainEntityOfPage\":{\"@id\":\"https:\\\/\\\/interamerica.org\\\/es\\\/2015\\\/04\\\/en-costa-rica-gran-exposicion-de-salud-llega-a-la-clase-media-alta\\\/\"},\"wordCount\":877,\"image\":{\"@id\":\"https:\\\/\\\/interamerica.org\\\/es\\\/2015\\\/04\\\/en-costa-rica-gran-exposicion-de-salud-llega-a-la-clase-media-alta\\\/#primaryimage\"},\"thumbnailUrl\":\"https:\\\/\\\/interamerica.org\\\/wp-content\\\/uploads\\\/2017\\\/06\\\/CR-expo300.png\",\"articleSection\":[\"Desde el campo\",\"RSS Espa\u00f1ol\"],\"inLanguage\":\"es\"},{\"@type\":\"WebPage\",\"@id\":\"https:\\\/\\\/interamerica.org\\\/es\\\/2015\\\/04\\\/en-costa-rica-gran-exposicion-de-salud-llega-a-la-clase-media-alta\\\/\",\"url\":\"https:\\\/\\\/interamerica.org\\\/es\\\/2015\\\/04\\\/en-costa-rica-gran-exposicion-de-salud-llega-a-la-clase-media-alta\\\/\",\"name\":\"En Costa Rica, gran exposici\u00f3n de salud llega a la clase media alta - Iglesia Adventista del S\u00e9ptimo D\u00eda - Divisi\u00f3n Interamericana\",\"isPartOf\":{\"@id\":\"https:\\\/\\\/interamerica.org\\\/es\\\/#website\"},\"primaryImageOfPage\":{\"@id\":\"https:\\\/\\\/interamerica.org\\\/es\\\/2015\\\/04\\\/en-costa-rica-gran-exposicion-de-salud-llega-a-la-clase-media-alta\\\/#primaryimage\"},\"image\":{\"@id\":\"https:\\\/\\\/interamerica.org\\\/es\\\/2015\\\/04\\\/en-costa-rica-gran-exposicion-de-salud-llega-a-la-clase-media-alta\\\/#primaryimage\"},\"thumbnailUrl\":\"https:\\\/\\\/interamerica.org\\\/wp-content\\\/uploads\\\/2017\\\/06\\\/CR-expo300.png\",\"datePublished\":\"2015-04-23T04:00:00+00:00\",\"author\":{\"@id\":\"https:\\\/\\\/interamerica.org\\\/es\\\/#\\\/schema\\\/person\\\/68ede8bdc292885bb76c1e3810e73c39\"},\"breadcrumb\":{\"@id\":\"https:\\\/\\\/interamerica.org\\\/es\\\/2015\\\/04\\\/en-costa-rica-gran-exposicion-de-salud-llega-a-la-clase-media-alta\\\/#breadcrumb\"},\"inLanguage\":\"es\",\"potentialAction\":[{\"@type\":\"ReadAction\",\"target\":[\"https:\\\/\\\/interamerica.org\\\/es\\\/2015\\\/04\\\/en-costa-rica-gran-exposicion-de-salud-llega-a-la-clase-media-alta\\\/\"]}]},{\"@type\":\"ImageObject\",\"inLanguage\":\"es\",\"@id\":\"https:\\\/\\\/interamerica.org\\\/es\\\/2015\\\/04\\\/en-costa-rica-gran-exposicion-de-salud-llega-a-la-clase-media-alta\\\/#primaryimage\",\"url\":\"https:\\\/\\\/interamerica.org\\\/wp-content\\\/uploads\\\/2017\\\/06\\\/CR-expo300.png\",\"contentUrl\":\"https:\\\/\\\/interamerica.org\\\/wp-content\\\/uploads\\\/2017\\\/06\\\/CR-expo300.png\",\"width\":300,\"height\":225},{\"@type\":\"BreadcrumbList\",\"@id\":\"https:\\\/\\\/interamerica.org\\\/es\\\/2015\\\/04\\\/en-costa-rica-gran-exposicion-de-salud-llega-a-la-clase-media-alta\\\/#breadcrumb\",\"itemListElement\":[{\"@type\":\"ListItem\",\"position\":1,\"name\":\"Home\",\"item\":\"https:\\\/\\\/interamerica.org\\\/es\\\/\"},{\"@type\":\"ListItem\",\"position\":2,\"name\":\"En Costa Rica, gran exposici\u00f3n de salud llega a la clase media alta\"}]},{\"@type\":\"WebSite\",\"@id\":\"https:\\\/\\\/interamerica.org\\\/es\\\/#website\",\"url\":\"https:\\\/\\\/interamerica.org\\\/es\\\/\",\"name\":\"Iglesia Adventista del S\u00e9ptimo D\u00eda - Divisi\u00f3n Interamericana\",\"description\":\"\",\"potentialAction\":[{\"@type\":\"SearchAction\",\"target\":{\"@type\":\"EntryPoint\",\"urlTemplate\":\"https:\\\/\\\/interamerica.org\\\/es\\\/?s={search_term_string}\"},\"query-input\":{\"@type\":\"PropertyValueSpecification\",\"valueRequired\":true,\"valueName\":\"search_term_string\"}}],\"inLanguage\":\"es\"},{\"@type\":\"Person\",\"@id\":\"https:\\\/\\\/interamerica.org\\\/es\\\/#\\\/schema\\\/person\\\/68ede8bdc292885bb76c1e3810e73c39\",\"name\":\"Lorenzo Verduzco\",\"image\":{\"@type\":\"ImageObject\",\"inLanguage\":\"es\",\"@id\":\"https:\\\/\\\/secure.gravatar.com\\\/avatar\\\/fb81a55b6218459490a9c1dc841a34909185b81904c5337b4b27f7a6fd60c49e?s=96&d=mm&r=g\",\"url\":\"https:\\\/\\\/secure.gravatar.com\\\/avatar\\\/fb81a55b6218459490a9c1dc841a34909185b81904c5337b4b27f7a6fd60c49e?s=96&d=mm&r=g\",\"contentUrl\":\"https:\\\/\\\/secure.gravatar.com\\\/avatar\\\/fb81a55b6218459490a9c1dc841a34909185b81904c5337b4b27f7a6fd60c49e?s=96&d=mm&r=g\",\"caption\":\"Lorenzo Verduzco\"}}]}<\/script>\n<!-- \/ Yoast SEO plugin. -->","yoast_head_json":{"title":"En Costa Rica, gran exposici\u00f3n de salud llega a la clase media alta - Iglesia Adventista del S\u00e9ptimo D\u00eda - Divisi\u00f3n Interamericana","robots":{"index":"index","follow":"follow","max-snippet":"max-snippet:-1","max-image-preview":"max-image-preview:large","max-video-preview":"max-video-preview:-1"},"canonical":"https:\/\/interamerica.org\/es\/2015\/04\/en-costa-rica-gran-exposicion-de-salud-llega-a-la-clase-media-alta\/","og_locale":"es_ES","og_type":"article","og_title":"En Costa Rica, gran exposici\u00f3n de salud llega a la clase media alta - Iglesia Adventista del S\u00e9ptimo D\u00eda - Divisi\u00f3n Interamericana","og_description":"Los l\u00edderes adventistas se sienten felices con los resultados de una exposici\u00f3n de salud llevada a cabo en un centro comercial para la clase media alta en Cartago, Costa Rica, el \u00faltimo fin de semana.  El evento, organizado en Terra Mall, en una de las zonas metropolitanas m\u00e1s grandes en Cartago, cont\u00f3 con la participaci\u00f3n de m\u00e1s de trescientas personas que pasaron por una decena de puestos dedicados a los ocho remedios naturales que se necesitan para disfrutar de una vida m\u00e1s sana, a saber: agua, descanso, ejercicio, luz del sol, aire, nutrici\u00f3n, temperancia y esperanza en Dios.","og_url":"https:\/\/interamerica.org\/es\/2015\/04\/en-costa-rica-gran-exposicion-de-salud-llega-a-la-clase-media-alta\/","og_site_name":"Iglesia Adventista del S\u00e9ptimo D\u00eda - Divisi\u00f3n Interamericana","article_published_time":"2015-04-23T04:00:00+00:00","og_image":[{"width":300,"height":225,"url":"https:\/\/interamerica.org\/wp-content\/uploads\/2017\/06\/CR-expo300.png","type":"image\/png"}],"author":"Lorenzo Verduzco","twitter_card":"summary_large_image","twitter_misc":{"Escrito por":"Lorenzo Verduzco","Tiempo de lectura":"4 minutos"},"schema":{"@context":"https:\/\/schema.org","@graph":[{"@type":"Article","@id":"https:\/\/interamerica.org\/es\/2015\/04\/en-costa-rica-gran-exposicion-de-salud-llega-a-la-clase-media-alta\/#article","isPartOf":{"@id":"https:\/\/interamerica.org\/es\/2015\/04\/en-costa-rica-gran-exposicion-de-salud-llega-a-la-clase-media-alta\/"},"author":{"name":"Lorenzo Verduzco","@id":"https:\/\/interamerica.org\/es\/#\/schema\/person\/68ede8bdc292885bb76c1e3810e73c39"},"headline":"En Costa Rica, gran exposici\u00f3n de salud llega a la clase media alta","datePublished":"2015-04-23T04:00:00+00:00","mainEntityOfPage":{"@id":"https:\/\/interamerica.org\/es\/2015\/04\/en-costa-rica-gran-exposicion-de-salud-llega-a-la-clase-media-alta\/"},"wordCount":877,"image":{"@id":"https:\/\/interamerica.org\/es\/2015\/04\/en-costa-rica-gran-exposicion-de-salud-llega-a-la-clase-media-alta\/#primaryimage"},"thumbnailUrl":"https:\/\/interamerica.org\/wp-content\/uploads\/2017\/06\/CR-expo300.png","articleSection":["Desde el campo","RSS Espa\u00f1ol"],"inLanguage":"es"},{"@type":"WebPage","@id":"https:\/\/interamerica.org\/es\/2015\/04\/en-costa-rica-gran-exposicion-de-salud-llega-a-la-clase-media-alta\/","url":"https:\/\/interamerica.org\/es\/2015\/04\/en-costa-rica-gran-exposicion-de-salud-llega-a-la-clase-media-alta\/","name":"En Costa Rica, gran exposici\u00f3n de salud llega a la clase media alta - Iglesia Adventista del S\u00e9ptimo D\u00eda - Divisi\u00f3n Interamericana","isPartOf":{"@id":"https:\/\/interamerica.org\/es\/#website"},"primaryImageOfPage":{"@id":"https:\/\/interamerica.org\/es\/2015\/04\/en-costa-rica-gran-exposicion-de-salud-llega-a-la-clase-media-alta\/#primaryimage"},"image":{"@id":"https:\/\/interamerica.org\/es\/2015\/04\/en-costa-rica-gran-exposicion-de-salud-llega-a-la-clase-media-alta\/#primaryimage"},"thumbnailUrl":"https:\/\/interamerica.org\/wp-content\/uploads\/2017\/06\/CR-expo300.png","datePublished":"2015-04-23T04:00:00+00:00","author":{"@id":"https:\/\/interamerica.org\/es\/#\/schema\/person\/68ede8bdc292885bb76c1e3810e73c39"},"breadcrumb":{"@id":"https:\/\/interamerica.org\/es\/2015\/04\/en-costa-rica-gran-exposicion-de-salud-llega-a-la-clase-media-alta\/#breadcrumb"},"inLanguage":"es","potentialAction":[{"@type":"ReadAction","target":["https:\/\/interamerica.org\/es\/2015\/04\/en-costa-rica-gran-exposicion-de-salud-llega-a-la-clase-media-alta\/"]}]},{"@type":"ImageObject","inLanguage":"es","@id":"https:\/\/interamerica.org\/es\/2015\/04\/en-costa-rica-gran-exposicion-de-salud-llega-a-la-clase-media-alta\/#primaryimage","url":"https:\/\/interamerica.org\/wp-content\/uploads\/2017\/06\/CR-expo300.png","contentUrl":"https:\/\/interamerica.org\/wp-content\/uploads\/2017\/06\/CR-expo300.png","width":300,"height":225},{"@type":"BreadcrumbList","@id":"https:\/\/interamerica.org\/es\/2015\/04\/en-costa-rica-gran-exposicion-de-salud-llega-a-la-clase-media-alta\/#breadcrumb","itemListElement":[{"@type":"ListItem","position":1,"name":"Home","item":"https:\/\/interamerica.org\/es\/"},{"@type":"ListItem","position":2,"name":"En Costa Rica, gran exposici\u00f3n de salud llega a la clase media alta"}]},{"@type":"WebSite","@id":"https:\/\/interamerica.org\/es\/#website","url":"https:\/\/interamerica.org\/es\/","name":"Iglesia Adventista del S\u00e9ptimo D\u00eda - Divisi\u00f3n Interamericana","description":"","potentialAction":[{"@type":"SearchAction","target":{"@type":"EntryPoint","urlTemplate":"https:\/\/interamerica.org\/es\/?s={search_term_string}"},"query-input":{"@type":"PropertyValueSpecification","valueRequired":true,"valueName":"search_term_string"}}],"inLanguage":"es"},{"@type":"Person","@id":"https:\/\/interamerica.org\/es\/#\/schema\/person\/68ede8bdc292885bb76c1e3810e73c39","name":"Lorenzo Verduzco","image":{"@type":"ImageObject","inLanguage":"es","@id":"https:\/\/secure.gravatar.com\/avatar\/fb81a55b6218459490a9c1dc841a34909185b81904c5337b4b27f7a6fd60c49e?s=96&d=mm&r=g","url":"https:\/\/secure.gravatar.com\/avatar\/fb81a55b6218459490a9c1dc841a34909185b81904c5337b4b27f7a6fd60c49e?s=96&d=mm&r=g","contentUrl":"https:\/\/secure.gravatar.com\/avatar\/fb81a55b6218459490a9c1dc841a34909185b81904c5337b4b27f7a6fd60c49e?s=96&d=mm&r=g","caption":"Lorenzo Verduzco"}}]}},"_links":{"self":[{"href":"https:\/\/interamerica.org\/es\/wp-json\/wp\/v2\/posts\/30808","targetHints":{"allow":["GET"]}}],"collection":[{"href":"https:\/\/interamerica.org\/es\/wp-json\/wp\/v2\/posts"}],"about":[{"href":"https:\/\/interamerica.org\/es\/wp-json\/wp\/v2\/types\/post"}],"author":[{"embeddable":true,"href":"https:\/\/interamerica.org\/es\/wp-json\/wp\/v2\/users\/1"}],"replies":[{"embeddable":true,"href":"https:\/\/interamerica.org\/es\/wp-json\/wp\/v2\/comments?post=30808"}],"version-history":[{"count":0,"href":"https:\/\/interamerica.org\/es\/wp-json\/wp\/v2\/posts\/30808\/revisions"}],"wp:featuredmedia":[{"embeddable":true,"href":"https:\/\/interamerica.org\/es\/wp-json\/wp\/v2\/media\/25081"}],"wp:attachment":[{"href":"https:\/\/interamerica.org\/es\/wp-json\/wp\/v2\/media?parent=30808"}],"wp:term":[{"taxonomy":"category","embeddable":true,"href":"https:\/\/interamerica.org\/es\/wp-json\/wp\/v2\/categories?post=30808"},{"taxonomy":"post_tag","embeddable":true,"href":"https:\/\/interamerica.org\/es\/wp-json\/wp\/v2\/tags?post=30808"}],"curies":[{"name":"wp","href":"https:\/\/api.w.org\/{rel}","templated":true}]}}