{"id":30810,"date":"2015-04-26T00:00:00","date_gmt":"2015-04-26T04:00:00","guid":{"rendered":"http:\/\/192.81.217.108\/interamerica\/2015\/04\/lider-adventista-en-nepal-habla-de-escenas-de-panico-y-dolor\/"},"modified":"2015-04-26T00:00:00","modified_gmt":"2015-04-26T04:00:00","slug":"lider-adventista-en-nepal-habla-de-escenas-de-panico-y-dolor","status":"publish","type":"post","link":"https:\/\/interamerica.org\/es\/2015\/04\/lider-adventista-en-nepal-habla-de-escenas-de-panico-y-dolor\/","title":{"rendered":"L\u00edder adventista en Nepal habla de escenas de p\u00e1nico y dolor"},"content":{"rendered":"<div id=\"attachment_16545\" style=\"width: 670px\" class=\"wp-caption aligncenter\"><a href=\"\/interamerica\/wp-content\/uploads\/2017\/06\/ADRA.Nepal_.Earthquake.4.jpg\" rel=\"fancybox\" title=\"L\u00edder adventista en Nepal habla de escenas de p\u00e1nico y dolor\"><img fetchpriority=\"high\" decoding=\"async\" aria-describedby=\"caption-attachment-16545\" class=\" wp-image-16545  \" src=\"\/interamerica\/wp-content\/uploads\/2017\/06\/ADRA.Nepal_.Earthquake.4.jpg\" alt=\"\" width=\"660\" height=\"330\" \/><\/a><p id=\"caption-attachment-16545\" class=\"wp-caption-text\">La gente observa los da\u00f1os causados por el sismo en una calle de Katmand\u00fa. Imagen de ADRA<\/p><\/div>\n<p>26 de abril de 2015 | Silver Spring, Maryland, Estados Unidos | Andrew McChesney, editor de noticias, Adventist Review<\/p>\n<p>El presidente de la Iglesia Adventista en Nepal describi\u00f3 escenas de sufrimiento y p\u00e1nico despu\u00e9s de que un poderoso terremoto y m\u00faltiples r\u00e9plicas durante el fin de semana mataron a m\u00e1s de 2200 personas y da\u00f1aron decenas de edificios, entre ellas, al menos cuatro iglesias adventistas.<\/p>\n<p>Umesh Pokharel, presidente de la Secci\u00f3n de Nepal, un campo adjunto de la Divisi\u00f3n Sudasi\u00e1tica, dijo que no se sabe que haya alg\u00fan adventista herido como consecuencia del sismo de 7,8 grados, que sacudi\u00f3 el pa\u00eds alrededor del mediod\u00eda del s\u00e1bado 25 de abril, mientras cristianos de todas las religiones se encontraban en el culto en diversas partes del pa\u00eds.<\/p>\n<p>\u00abHasta el momento no tenemos conocimiento de que alg\u00fan adventista haya perdido la vida\u00bb, dijo Pokharel a la Revista Adventista el domingo. \u00abSin embargo, muchos cristianos fueron sepultados mientras estaban en el culto en s\u00e1bado y fallecieron\u00bb.<\/p>\n<p>En Nepal, todos los cristianos van a la iglesia en s\u00e1bado, porque es un d\u00eda donde no se trabaja, a diferencia del domingo, que es un d\u00eda laboral.<\/p>\n<p>Pokharel dijo que cuatro iglesias adventistas fueron parcialmente destruidas. \u00abPero podr\u00eda haber muchas m\u00e1s\u00bb, expres\u00f3.<\/p>\n<p>Los trabajadores de los servicios de emergencia a\u00fan estaban evaluando todo el impacto del sismo del s\u00e1bado y de unas cien r\u00e9plicas, lo que incluy\u00f3 un temblor de 6,7 grados de magnitud el domingo por la tarde. El epicentro se produjo a unos ochenta kil\u00f3metros de Katmand\u00fa, la capital del pa\u00eds, y el n\u00famero de muertos tan solo en la ciudad ha superado las setecientas personas, dijeron las autoridades locales.<\/p>\n<p>\u00abEl sufrimiento humano quebranta nuestro coraz\u00f3n y nos motiva hacia una profunda simpat\u00eda por las miles de familias que han experimentado una p\u00e9rdida\u00bb, expres\u00f3 Ted N. C. Wilson, presidente de la Iglesia Adventista mundial.<\/p>\n<p>\u00abQue esta sea una oportunidad de mostrar el ministerio de amor y compasi\u00f3n de Cristo en todo lo que hacemos, a medida que veamos que se producen m\u00e1s de este tipo de cat\u00e1strofes que se\u00f1alan la cercan\u00eda del regreso de Cristo\u00bb, dijo en una declaraci\u00f3n. (Lea la declaraci\u00f3n completa m\u00e1s abajo).<\/p>\n<p>La Agencia Adventista de Desarrollo y Recursos Asistenciales en el pa\u00eds ha desplegado trabajadores para que ayuden a las personas brind\u00e1ndoles alimentos y refugio, y su sede central en Silver Spring, Maryland, Estados Unidos, decidi\u00f3 despachar un equipo de respuesta de emergencias.<\/p>\n<p>ADRA tambi\u00e9n est\u00e1 trasladando dos mil lonas impermeables, y dos mil garrafas para combustible desde Dubai, dijo Natalia L\u00f3pez-Thism\u00f3n, vocera de ADRA Internacional.<\/p>\n<p>\u00abNos concentraremos en brindar refugio a los que han perdido sus hogares\u00bb, dijo. \u00abNos asociaremos probablemente con GlobalMedic para proyectos de agua potable, higiene y servicios sanitarios\u00bb.<\/p>\n<p>El hospital adventista de 150 camas en las afueras de Katmand\u00fa, el Hospital Scheer Memorial, se ha visto inundado con cientos de personas que buscan tratamiento m\u00e9dico.<\/p>\n<p><strong>\u201cGran dolor y p\u00e1nico\u201d<\/strong><\/p>\n<p>M\u00e1s de cinco mil personas sufrieron lesiones como consecuencia del terremoto.<\/p>\n<p>\u00abLa gente est\u00e1 pasando por mucho dolor y p\u00e1nico\u00bb, dijo Pokharel.<\/p>\n<p>El presidente de la iglesia en el pa\u00eds agreg\u00f3 que muchas zonas no tienen ni electricidad ni agua, mientras que las redes de tel\u00e9fono y de comunicaciones han quedado interrumpidas, y los caminos est\u00e1n tremendamente da\u00f1ados.<\/p>\n<p>Cuando lleg\u00f3 el terremoto, Pokharel se encontraba en una iglesia en Newari, una aldea en el Valle de Katmand\u00fa, a unos 20 kil\u00f3metros de la capital.<\/p>\n<p>\u00abVimos con nuestros propios ojos casas que se desplomaban\u00bb, dijo en un informe a la Divisi\u00f3n Sudasi\u00e1tica. \u00abToda la gente sal\u00eda de sus hogares, gritando y pidiendo a Dios que los perdonara por sus errores y los salvara\u00bb.<\/p>\n<p>Pokharel dijo que los ge\u00f3logos hab\u00eda advertido durante a\u00f1os a los residentes del lugar y al gobierno nepal\u00ed de que ten\u00edan que prepararse para un posible sismo en el Valle de Katmand\u00fa, por lo que la cat\u00e1strofe no los tom\u00f3 enteramente por sorpresa\u00bb. Pero las operaciones de rescate en el pa\u00eds se vieron complicadas por una falta de preparativos, de fondos y de coordinaci\u00f3n entre el gobierno y las dem\u00e1s agencias, dijo.<\/p>\n<p>El viaje de veinte kil\u00f3metros entre la aldea hasta Katmand\u00fa le llev\u00f3 cuatro horas.<\/p>\n<p>\u00abPara cuando llegamos a casa, eran casi las 17.00 y todos los vecinos estaban afuera de sus hogares\u00bb, dijo Pokharel. \u00abTodos permanecimos bajo el cielo abierto y sentimos muchas\u00bb r\u00e9plicas.<\/p>\n<p>A lo largo de Nepal, la gente durmi\u00f3 al aire libre o en autom\u00f3viles a manera de precauci\u00f3n, a pesar del clima fr\u00edo y lluvioso del s\u00e1bado por la noche.<\/p>\n<p>La Iglesia Adventista tiene 8859 miembros que se re\u00fanen en 106 congregaciones en Nepal, seg\u00fan las \u00faltimas cifras de la Secretar\u00eda de Archivos, Estad\u00edsticos e Investigaciones. El pa\u00eds, dominado por el hinduismo, tiene una poblaci\u00f3n de 28 millones.<\/p>\n<p><strong>Qu\u00e9 se necesita ahora<\/strong><br \/>\nPokharel dijo que estaba buscando recuperar el contacto con todos los obreros de la iglesia en Nepal, para asegurarse de que tengan alimentos, ropas, tiendas, mantas y medicamentos.<\/p>\n<p>\u00abLa Secci\u00f3n de Nepal necesita ayuda inmediata para suplir esas necesidades\u00bb, dijo.<\/p>\n<p>Tambi\u00e9n dijo que estaba buscando detalles sobre los templos afectados por el terremoto y dando pasos para repararlos.<\/p>\n<p>Al mismo tiempo, los feligreses de Katmand\u00fa se estaban preparando para alcanzar a los vecinos con ayuda e informaci\u00f3n sobre la preparaci\u00f3n para un sismo.<\/p>\n<p>\u00abKatmand\u00fa es una zona de terremotos, y la iglesia siente que necesitamos iniciar un programa para crear conciencia\u00bb, dijo Pokharel.<\/p>\n<p>Pidi\u00f3 asimismo que los miembros de iglesia de todo el mundo oren por Nepal.<\/p>\n<p>De su llamado se hizo eco T.P. Kurian, director de comunicaciones de la Divisi\u00f3n Sudasi\u00e1tica, quien ha estado en contacto con la iglesia de Nepal.<\/p>\n<p>\u00abSolicitamos que todos oren por la gente de Nepal\u00bb, dijo Kurian. \u00abTambi\u00e9n necesitan ayuda y apoyo para recuperarse de los efectos del terremoto\u00bb.<\/p>\n<p>Dijo que la divisi\u00f3n estaba considerando que la Iglesia Adventista mundial y ADRA brindaran ayuda asistencial.<\/p>\n<p>ADRA ha lanzado un urgente llamado para recolectar fondos para Nepal, pidi\u00e9ndole a las personas que presionen en la secci\u00f3n \u00abDonate\u00bb de su sitio web, ADRA.org.<\/p>\n<p><a href=\"https:\/\/adra.org\/\">Presione aqu\u00ed para donar<\/a><\/p>\n<p>Entre los primeros en contribuir estuvo Roger Hern\u00e1ndez, director del departamento ministerial y de evangelismo de la Iglesia Adventista en la Uni\u00f3n Asociaci\u00f3n del Sur, que abarca ocho estados en el sur de los Estados Unidos.<\/p>\n<p>\u00abEs bueno que oremos por Nepal. Pero no es suficiente\u00bb, dijo en Twitter. \u00abPor favor, piensen en apoyar @ADRAIntl porque se necesita m\u00e1s que tan solo oraciones\u201d.<\/p>\n<p>En un segundo tuit, agreg\u00f3: \u00ab\u00bfY si inundamos Twitter y Facebook, diciendo: &#8216;Yo don\u00f3 para Nepal&#8217;. El sufrimiento humano nos quebranta el coraz\u00f3n\u00bb.<\/p>\n<p><em>Traducci\u00f3n de Marcos Paseggi<\/em><\/p>\n","protected":false},"excerpt":{"rendered":"<p>El presidente de la Iglesia Adventista en Nepal describi\u00f3 escenas de sufrimiento y p\u00e1nico despu\u00e9s de que un poderoso terremoto y m\u00faltiples r\u00e9plicas durante el fin de semana mataron a m\u00e1s de 2200 personas y da\u00f1aron decenas de edificios, entre ellas, al menos cuatro iglesias adventistas. <\/p>\n<p>Umesh Pokharel, presidente de la Secci\u00f3n de Nepal, un campo adjunto de la Divisi\u00f3n Sudasi\u00e1tica, dijo que no se sabe que haya alg\u00fan adventista herido como consecuencia del sismo de 7,8 grados, que sacudi\u00f3 el pa\u00eds alrededor del mediod\u00eda del s\u00e1bado 25 de abril, mientras cristianos de todas las religiones se encontraban en el culto en diversas partes del pa\u00eds.<\/p>\n","protected":false},"author":1,"featured_media":25117,"comment_status":"closed","ping_status":"closed","sticky":false,"template":"","format":"standard","meta":{"_acf_changed":false,"footnotes":""},"categories":[14,15],"tags":[],"class_list":["post-30810","post","type-post","status-publish","format-standard","has-post-thumbnail","hentry","category-de-la-iglesia-mundial","category-rss-espanol"],"acf":[],"yoast_head":"<!-- This site is optimized with the Yoast SEO plugin v27.3 - https:\/\/yoast.com\/product\/yoast-seo-wordpress\/ -->\n<title>L\u00edder adventista en Nepal habla de escenas de p\u00e1nico y dolor - Iglesia Adventista del S\u00e9ptimo D\u00eda - Divisi\u00f3n Interamericana<\/title>\n<meta name=\"robots\" content=\"index, follow, max-snippet:-1, max-image-preview:large, max-video-preview:-1\" \/>\n<link rel=\"canonical\" href=\"https:\/\/interamerica.org\/es\/2015\/04\/lider-adventista-en-nepal-habla-de-escenas-de-panico-y-dolor\/\" \/>\n<meta property=\"og:locale\" content=\"es_ES\" \/>\n<meta property=\"og:type\" content=\"article\" \/>\n<meta property=\"og:title\" content=\"L\u00edder adventista en Nepal habla de escenas de p\u00e1nico y dolor - Iglesia Adventista del S\u00e9ptimo D\u00eda - Divisi\u00f3n Interamericana\" \/>\n<meta property=\"og:description\" content=\"El presidente de la Iglesia Adventista en Nepal describi\u00f3 escenas de sufrimiento y p\u00e1nico despu\u00e9s de que un poderoso terremoto y m\u00faltiples r\u00e9plicas durante el fin de semana mataron a m\u00e1s de 2200 personas y da\u00f1aron decenas de edificios, entre ellas, al menos cuatro iglesias adventistas.  Umesh Pokharel, presidente de la Secci\u00f3n de Nepal, un campo adjunto de la Divisi\u00f3n Sudasi\u00e1tica, dijo que no se sabe que haya alg\u00fan adventista herido como consecuencia del sismo de 7,8 grados, que sacudi\u00f3 el pa\u00eds alrededor del mediod\u00eda del s\u00e1bado 25 de abril, mientras cristianos de todas las religiones se encontraban en el culto en diversas partes del pa\u00eds.\" \/>\n<meta property=\"og:url\" content=\"https:\/\/interamerica.org\/es\/2015\/04\/lider-adventista-en-nepal-habla-de-escenas-de-panico-y-dolor\/\" \/>\n<meta property=\"og:site_name\" content=\"Iglesia Adventista del S\u00e9ptimo D\u00eda - Divisi\u00f3n Interamericana\" \/>\n<meta property=\"article:published_time\" content=\"2015-04-26T04:00:00+00:00\" \/>\n<meta property=\"og:image\" content=\"https:\/\/interamerica.org\/wp-content\/uploads\/2017\/06\/ADRA.Nepal_.Earthquake.4.jpg\" \/>\n\t<meta property=\"og:image:width\" content=\"1000\" \/>\n\t<meta property=\"og:image:height\" content=\"500\" \/>\n\t<meta property=\"og:image:type\" content=\"image\/jpeg\" \/>\n<meta name=\"author\" content=\"Lorenzo Verduzco\" \/>\n<meta name=\"twitter:card\" content=\"summary_large_image\" \/>\n<meta name=\"twitter:label1\" content=\"Escrito por\" \/>\n\t<meta name=\"twitter:data1\" content=\"Lorenzo Verduzco\" \/>\n\t<meta name=\"twitter:label2\" content=\"Tiempo de lectura\" \/>\n\t<meta name=\"twitter:data2\" content=\"6 minutos\" \/>\n<script type=\"application\/ld+json\" class=\"yoast-schema-graph\">{\"@context\":\"https:\\\/\\\/schema.org\",\"@graph\":[{\"@type\":\"Article\",\"@id\":\"https:\\\/\\\/interamerica.org\\\/es\\\/2015\\\/04\\\/lider-adventista-en-nepal-habla-de-escenas-de-panico-y-dolor\\\/#article\",\"isPartOf\":{\"@id\":\"https:\\\/\\\/interamerica.org\\\/es\\\/2015\\\/04\\\/lider-adventista-en-nepal-habla-de-escenas-de-panico-y-dolor\\\/\"},\"author\":{\"name\":\"Lorenzo Verduzco\",\"@id\":\"https:\\\/\\\/interamerica.org\\\/es\\\/#\\\/schema\\\/person\\\/68ede8bdc292885bb76c1e3810e73c39\"},\"headline\":\"L\u00edder adventista en Nepal habla de escenas de p\u00e1nico y dolor\",\"datePublished\":\"2015-04-26T04:00:00+00:00\",\"mainEntityOfPage\":{\"@id\":\"https:\\\/\\\/interamerica.org\\\/es\\\/2015\\\/04\\\/lider-adventista-en-nepal-habla-de-escenas-de-panico-y-dolor\\\/\"},\"wordCount\":1211,\"image\":{\"@id\":\"https:\\\/\\\/interamerica.org\\\/es\\\/2015\\\/04\\\/lider-adventista-en-nepal-habla-de-escenas-de-panico-y-dolor\\\/#primaryimage\"},\"thumbnailUrl\":\"https:\\\/\\\/interamerica.org\\\/wp-content\\\/uploads\\\/2017\\\/06\\\/ADRA.Nepal_.Earthquake.4.jpg\",\"articleSection\":[\"Desde la iglesia mundial\",\"RSS Espa\u00f1ol\"],\"inLanguage\":\"es\"},{\"@type\":\"WebPage\",\"@id\":\"https:\\\/\\\/interamerica.org\\\/es\\\/2015\\\/04\\\/lider-adventista-en-nepal-habla-de-escenas-de-panico-y-dolor\\\/\",\"url\":\"https:\\\/\\\/interamerica.org\\\/es\\\/2015\\\/04\\\/lider-adventista-en-nepal-habla-de-escenas-de-panico-y-dolor\\\/\",\"name\":\"L\u00edder adventista en Nepal habla de escenas de p\u00e1nico y dolor - Iglesia Adventista del S\u00e9ptimo D\u00eda - Divisi\u00f3n Interamericana\",\"isPartOf\":{\"@id\":\"https:\\\/\\\/interamerica.org\\\/es\\\/#website\"},\"primaryImageOfPage\":{\"@id\":\"https:\\\/\\\/interamerica.org\\\/es\\\/2015\\\/04\\\/lider-adventista-en-nepal-habla-de-escenas-de-panico-y-dolor\\\/#primaryimage\"},\"image\":{\"@id\":\"https:\\\/\\\/interamerica.org\\\/es\\\/2015\\\/04\\\/lider-adventista-en-nepal-habla-de-escenas-de-panico-y-dolor\\\/#primaryimage\"},\"thumbnailUrl\":\"https:\\\/\\\/interamerica.org\\\/wp-content\\\/uploads\\\/2017\\\/06\\\/ADRA.Nepal_.Earthquake.4.jpg\",\"datePublished\":\"2015-04-26T04:00:00+00:00\",\"author\":{\"@id\":\"https:\\\/\\\/interamerica.org\\\/es\\\/#\\\/schema\\\/person\\\/68ede8bdc292885bb76c1e3810e73c39\"},\"breadcrumb\":{\"@id\":\"https:\\\/\\\/interamerica.org\\\/es\\\/2015\\\/04\\\/lider-adventista-en-nepal-habla-de-escenas-de-panico-y-dolor\\\/#breadcrumb\"},\"inLanguage\":\"es\",\"potentialAction\":[{\"@type\":\"ReadAction\",\"target\":[\"https:\\\/\\\/interamerica.org\\\/es\\\/2015\\\/04\\\/lider-adventista-en-nepal-habla-de-escenas-de-panico-y-dolor\\\/\"]}]},{\"@type\":\"ImageObject\",\"inLanguage\":\"es\",\"@id\":\"https:\\\/\\\/interamerica.org\\\/es\\\/2015\\\/04\\\/lider-adventista-en-nepal-habla-de-escenas-de-panico-y-dolor\\\/#primaryimage\",\"url\":\"https:\\\/\\\/interamerica.org\\\/wp-content\\\/uploads\\\/2017\\\/06\\\/ADRA.Nepal_.Earthquake.4.jpg\",\"contentUrl\":\"https:\\\/\\\/interamerica.org\\\/wp-content\\\/uploads\\\/2017\\\/06\\\/ADRA.Nepal_.Earthquake.4.jpg\",\"width\":1000,\"height\":500},{\"@type\":\"BreadcrumbList\",\"@id\":\"https:\\\/\\\/interamerica.org\\\/es\\\/2015\\\/04\\\/lider-adventista-en-nepal-habla-de-escenas-de-panico-y-dolor\\\/#breadcrumb\",\"itemListElement\":[{\"@type\":\"ListItem\",\"position\":1,\"name\":\"Home\",\"item\":\"https:\\\/\\\/interamerica.org\\\/es\\\/\"},{\"@type\":\"ListItem\",\"position\":2,\"name\":\"L\u00edder adventista en Nepal habla de escenas de p\u00e1nico y dolor\"}]},{\"@type\":\"WebSite\",\"@id\":\"https:\\\/\\\/interamerica.org\\\/es\\\/#website\",\"url\":\"https:\\\/\\\/interamerica.org\\\/es\\\/\",\"name\":\"Iglesia Adventista del S\u00e9ptimo D\u00eda - Divisi\u00f3n Interamericana\",\"description\":\"\",\"potentialAction\":[{\"@type\":\"SearchAction\",\"target\":{\"@type\":\"EntryPoint\",\"urlTemplate\":\"https:\\\/\\\/interamerica.org\\\/es\\\/?s={search_term_string}\"},\"query-input\":{\"@type\":\"PropertyValueSpecification\",\"valueRequired\":true,\"valueName\":\"search_term_string\"}}],\"inLanguage\":\"es\"},{\"@type\":\"Person\",\"@id\":\"https:\\\/\\\/interamerica.org\\\/es\\\/#\\\/schema\\\/person\\\/68ede8bdc292885bb76c1e3810e73c39\",\"name\":\"Lorenzo Verduzco\",\"image\":{\"@type\":\"ImageObject\",\"inLanguage\":\"es\",\"@id\":\"https:\\\/\\\/secure.gravatar.com\\\/avatar\\\/fb81a55b6218459490a9c1dc841a34909185b81904c5337b4b27f7a6fd60c49e?s=96&d=mm&r=g\",\"url\":\"https:\\\/\\\/secure.gravatar.com\\\/avatar\\\/fb81a55b6218459490a9c1dc841a34909185b81904c5337b4b27f7a6fd60c49e?s=96&d=mm&r=g\",\"contentUrl\":\"https:\\\/\\\/secure.gravatar.com\\\/avatar\\\/fb81a55b6218459490a9c1dc841a34909185b81904c5337b4b27f7a6fd60c49e?s=96&d=mm&r=g\",\"caption\":\"Lorenzo Verduzco\"}}]}<\/script>\n<!-- \/ Yoast SEO plugin. -->","yoast_head_json":{"title":"L\u00edder adventista en Nepal habla de escenas de p\u00e1nico y dolor - Iglesia Adventista del S\u00e9ptimo D\u00eda - Divisi\u00f3n Interamericana","robots":{"index":"index","follow":"follow","max-snippet":"max-snippet:-1","max-image-preview":"max-image-preview:large","max-video-preview":"max-video-preview:-1"},"canonical":"https:\/\/interamerica.org\/es\/2015\/04\/lider-adventista-en-nepal-habla-de-escenas-de-panico-y-dolor\/","og_locale":"es_ES","og_type":"article","og_title":"L\u00edder adventista en Nepal habla de escenas de p\u00e1nico y dolor - Iglesia Adventista del S\u00e9ptimo D\u00eda - Divisi\u00f3n Interamericana","og_description":"El presidente de la Iglesia Adventista en Nepal describi\u00f3 escenas de sufrimiento y p\u00e1nico despu\u00e9s de que un poderoso terremoto y m\u00faltiples r\u00e9plicas durante el fin de semana mataron a m\u00e1s de 2200 personas y da\u00f1aron decenas de edificios, entre ellas, al menos cuatro iglesias adventistas.  Umesh Pokharel, presidente de la Secci\u00f3n de Nepal, un campo adjunto de la Divisi\u00f3n Sudasi\u00e1tica, dijo que no se sabe que haya alg\u00fan adventista herido como consecuencia del sismo de 7,8 grados, que sacudi\u00f3 el pa\u00eds alrededor del mediod\u00eda del s\u00e1bado 25 de abril, mientras cristianos de todas las religiones se encontraban en el culto en diversas partes del pa\u00eds.","og_url":"https:\/\/interamerica.org\/es\/2015\/04\/lider-adventista-en-nepal-habla-de-escenas-de-panico-y-dolor\/","og_site_name":"Iglesia Adventista del S\u00e9ptimo D\u00eda - Divisi\u00f3n Interamericana","article_published_time":"2015-04-26T04:00:00+00:00","og_image":[{"width":1000,"height":500,"url":"https:\/\/interamerica.org\/wp-content\/uploads\/2017\/06\/ADRA.Nepal_.Earthquake.4.jpg","type":"image\/jpeg"}],"author":"Lorenzo Verduzco","twitter_card":"summary_large_image","twitter_misc":{"Escrito por":"Lorenzo Verduzco","Tiempo de lectura":"6 minutos"},"schema":{"@context":"https:\/\/schema.org","@graph":[{"@type":"Article","@id":"https:\/\/interamerica.org\/es\/2015\/04\/lider-adventista-en-nepal-habla-de-escenas-de-panico-y-dolor\/#article","isPartOf":{"@id":"https:\/\/interamerica.org\/es\/2015\/04\/lider-adventista-en-nepal-habla-de-escenas-de-panico-y-dolor\/"},"author":{"name":"Lorenzo Verduzco","@id":"https:\/\/interamerica.org\/es\/#\/schema\/person\/68ede8bdc292885bb76c1e3810e73c39"},"headline":"L\u00edder adventista en Nepal habla de escenas de p\u00e1nico y dolor","datePublished":"2015-04-26T04:00:00+00:00","mainEntityOfPage":{"@id":"https:\/\/interamerica.org\/es\/2015\/04\/lider-adventista-en-nepal-habla-de-escenas-de-panico-y-dolor\/"},"wordCount":1211,"image":{"@id":"https:\/\/interamerica.org\/es\/2015\/04\/lider-adventista-en-nepal-habla-de-escenas-de-panico-y-dolor\/#primaryimage"},"thumbnailUrl":"https:\/\/interamerica.org\/wp-content\/uploads\/2017\/06\/ADRA.Nepal_.Earthquake.4.jpg","articleSection":["Desde la iglesia mundial","RSS Espa\u00f1ol"],"inLanguage":"es"},{"@type":"WebPage","@id":"https:\/\/interamerica.org\/es\/2015\/04\/lider-adventista-en-nepal-habla-de-escenas-de-panico-y-dolor\/","url":"https:\/\/interamerica.org\/es\/2015\/04\/lider-adventista-en-nepal-habla-de-escenas-de-panico-y-dolor\/","name":"L\u00edder adventista en Nepal habla de escenas de p\u00e1nico y dolor - Iglesia Adventista del S\u00e9ptimo D\u00eda - Divisi\u00f3n Interamericana","isPartOf":{"@id":"https:\/\/interamerica.org\/es\/#website"},"primaryImageOfPage":{"@id":"https:\/\/interamerica.org\/es\/2015\/04\/lider-adventista-en-nepal-habla-de-escenas-de-panico-y-dolor\/#primaryimage"},"image":{"@id":"https:\/\/interamerica.org\/es\/2015\/04\/lider-adventista-en-nepal-habla-de-escenas-de-panico-y-dolor\/#primaryimage"},"thumbnailUrl":"https:\/\/interamerica.org\/wp-content\/uploads\/2017\/06\/ADRA.Nepal_.Earthquake.4.jpg","datePublished":"2015-04-26T04:00:00+00:00","author":{"@id":"https:\/\/interamerica.org\/es\/#\/schema\/person\/68ede8bdc292885bb76c1e3810e73c39"},"breadcrumb":{"@id":"https:\/\/interamerica.org\/es\/2015\/04\/lider-adventista-en-nepal-habla-de-escenas-de-panico-y-dolor\/#breadcrumb"},"inLanguage":"es","potentialAction":[{"@type":"ReadAction","target":["https:\/\/interamerica.org\/es\/2015\/04\/lider-adventista-en-nepal-habla-de-escenas-de-panico-y-dolor\/"]}]},{"@type":"ImageObject","inLanguage":"es","@id":"https:\/\/interamerica.org\/es\/2015\/04\/lider-adventista-en-nepal-habla-de-escenas-de-panico-y-dolor\/#primaryimage","url":"https:\/\/interamerica.org\/wp-content\/uploads\/2017\/06\/ADRA.Nepal_.Earthquake.4.jpg","contentUrl":"https:\/\/interamerica.org\/wp-content\/uploads\/2017\/06\/ADRA.Nepal_.Earthquake.4.jpg","width":1000,"height":500},{"@type":"BreadcrumbList","@id":"https:\/\/interamerica.org\/es\/2015\/04\/lider-adventista-en-nepal-habla-de-escenas-de-panico-y-dolor\/#breadcrumb","itemListElement":[{"@type":"ListItem","position":1,"name":"Home","item":"https:\/\/interamerica.org\/es\/"},{"@type":"ListItem","position":2,"name":"L\u00edder adventista en Nepal habla de escenas de p\u00e1nico y dolor"}]},{"@type":"WebSite","@id":"https:\/\/interamerica.org\/es\/#website","url":"https:\/\/interamerica.org\/es\/","name":"Iglesia Adventista del S\u00e9ptimo D\u00eda - Divisi\u00f3n Interamericana","description":"","potentialAction":[{"@type":"SearchAction","target":{"@type":"EntryPoint","urlTemplate":"https:\/\/interamerica.org\/es\/?s={search_term_string}"},"query-input":{"@type":"PropertyValueSpecification","valueRequired":true,"valueName":"search_term_string"}}],"inLanguage":"es"},{"@type":"Person","@id":"https:\/\/interamerica.org\/es\/#\/schema\/person\/68ede8bdc292885bb76c1e3810e73c39","name":"Lorenzo Verduzco","image":{"@type":"ImageObject","inLanguage":"es","@id":"https:\/\/secure.gravatar.com\/avatar\/fb81a55b6218459490a9c1dc841a34909185b81904c5337b4b27f7a6fd60c49e?s=96&d=mm&r=g","url":"https:\/\/secure.gravatar.com\/avatar\/fb81a55b6218459490a9c1dc841a34909185b81904c5337b4b27f7a6fd60c49e?s=96&d=mm&r=g","contentUrl":"https:\/\/secure.gravatar.com\/avatar\/fb81a55b6218459490a9c1dc841a34909185b81904c5337b4b27f7a6fd60c49e?s=96&d=mm&r=g","caption":"Lorenzo Verduzco"}}]}},"_links":{"self":[{"href":"https:\/\/interamerica.org\/es\/wp-json\/wp\/v2\/posts\/30810","targetHints":{"allow":["GET"]}}],"collection":[{"href":"https:\/\/interamerica.org\/es\/wp-json\/wp\/v2\/posts"}],"about":[{"href":"https:\/\/interamerica.org\/es\/wp-json\/wp\/v2\/types\/post"}],"author":[{"embeddable":true,"href":"https:\/\/interamerica.org\/es\/wp-json\/wp\/v2\/users\/1"}],"replies":[{"embeddable":true,"href":"https:\/\/interamerica.org\/es\/wp-json\/wp\/v2\/comments?post=30810"}],"version-history":[{"count":0,"href":"https:\/\/interamerica.org\/es\/wp-json\/wp\/v2\/posts\/30810\/revisions"}],"wp:featuredmedia":[{"embeddable":true,"href":"https:\/\/interamerica.org\/es\/wp-json\/wp\/v2\/media\/25117"}],"wp:attachment":[{"href":"https:\/\/interamerica.org\/es\/wp-json\/wp\/v2\/media?parent=30810"}],"wp:term":[{"taxonomy":"category","embeddable":true,"href":"https:\/\/interamerica.org\/es\/wp-json\/wp\/v2\/categories?post=30810"},{"taxonomy":"post_tag","embeddable":true,"href":"https:\/\/interamerica.org\/es\/wp-json\/wp\/v2\/tags?post=30810"}],"curies":[{"name":"wp","href":"https:\/\/api.w.org\/{rel}","templated":true}]}}