{"id":30811,"date":"2015-04-26T00:00:00","date_gmt":"2015-04-26T04:00:00","guid":{"rendered":"http:\/\/192.81.217.108\/interamerica\/2015\/04\/adventistas-corren-a-ayudar-despues-de-que-mortifero-sismo-sacude-a-nepal\/"},"modified":"2015-04-26T00:00:00","modified_gmt":"2015-04-26T04:00:00","slug":"adventistas-corren-a-ayudar-despues-de-que-mortifero-sismo-sacude-a-nepal","status":"publish","type":"post","link":"https:\/\/interamerica.org\/es\/2015\/04\/adventistas-corren-a-ayudar-despues-de-que-mortifero-sismo-sacude-a-nepal\/","title":{"rendered":"Adventistas corren a ayudar despu\u00e9s de que mort\u00edfero sismo sacude a Nepal"},"content":{"rendered":"<div id=\"attachment_16533\" style=\"width: 721px\" class=\"wp-caption aligncenter\"><a href=\"\/interamerica\/wp-content\/uploads\/2017\/06\/ADRA.Nepal_.Earthquake.1.jpg\" rel=\"fancybox\" title=\"Adventistas corren a ayudar despu\u00e9s de que mort\u00edfero sismo sacude a Nepal\"><img fetchpriority=\"high\" decoding=\"async\" aria-describedby=\"caption-attachment-16533\" class=\" wp-image-16533 \" src=\"\/interamerica\/wp-content\/uploads\/2017\/06\/ADRA.Nepal_.Earthquake.1.jpg\" alt=\"\" width=\"711\" height=\"350\" \/><\/a><p id=\"caption-attachment-16533\" class=\"wp-caption-text\">Una mujer lleva a su hijo por una calle de Katmand\u00fa despu\u00e9s del devastador terremoto del s\u00e1bado 25 de abril. Im\u00e1genes de ADRA<\/p><\/div>\n<p>25 de abril de 2015 | Silver Spring, Maryland, Estados Unidos\/Andrew McChesney, editor de noticias, Adventist Review<\/p>\n<p>Los m\u00e9dicos adventistas y los trabajadores de ADRA se dirigieron inmediatamente a trabajar en Nepal despu\u00e9s de que un poderoso terremoto se cobr\u00f3 la vida de m\u00e1s de 1150 personas el s\u00e1bado 25 de abril. Los adventistas de todo el mundo tienen presente al pa\u00eds en sus oraciones.<\/p>\n<p>El hospital adventista cercano a Katmand\u00fa, la capital de Nepal, estaba sobrepasado de pacientes heridos por el sismo de 7,8 grados de magnitud, que sacudi\u00f3 alrededor del mediod\u00eda, con epicentro a unos ochenta kil\u00f3metros de Katmand\u00fa.<\/p>\n<p>El terremoto, que dur\u00f3 unos diez minutos, destruy\u00f3 por completo vecindarios enteros de Katmand\u00fa, aunque el Hospital Scheer Memorial parece haber salido indemne m\u00e1s all\u00e1 de alg\u00fana rajadura menor en uno de los edificios m\u00e1s antiguos.<\/p>\n<div id=\"attachment_16537\" style=\"width: 370px\" class=\"wp-caption alignleft\"><a href=\"\/interamerica\/wp-content\/uploads\/2017\/06\/rsz_hospital.jpg\" rel=\"fancybox\" title=\"Adventistas corren a ayudar despu\u00e9s de que mort\u00edfero sismo sacude a Nepal\"><img decoding=\"async\" aria-describedby=\"caption-attachment-16537\" class=\" wp-image-16537  \" src=\"\/interamerica\/wp-content\/uploads\/2017\/06\/rsz_hospital.jpg\" alt=\"\" width=\"360\" height=\"240\" \/><\/a><p id=\"caption-attachment-16537\" class=\"wp-caption-text\">Uno de los edificios en el frente del complejo del Hospital Scheer Memorial cerca de Katmand\u00fa, fotografiado en diciembre de 2013. Imagen de Melody Mason<\/p><\/div>\n<p>\u00abGracias a Dios el hospital est\u00e1 seguro, aunque est\u00e1n realmente sobrepasados de pacientes\u00bb, dijo Alvin Cardona, cuyo padre, Fernando, es pediatra en el hospital.<\/p>\n<p>Cardona, que se encuentra en los Estados Unidos y ha hablado con su padre en Nepal, dijo que sus padres estaban asistiendo al culto del s\u00e1bado en una iglesia adventista cuando lleg\u00f3 el terremoto.<\/p>\n<p>El hospital adventista, un edificio de tres pisos con capacidad para 150 camas, ha sido inundado de personas que buscan tratamiento m\u00e9dico, y se ha visto forzado a ayudar a muchas personas fuera de sus muros, dijo Cardona.<\/p>\n<p>\u00abHan estado cuidando de cientos de pacientes fuera del edificio\u00bb, dijo. \u00abTambi\u00e9n est\u00e1n estableciendo un refugio temporario para personas que perdieron su hogar\u00bb.<\/p>\n<p>El n\u00famero de heridos no est\u00e1 claro. Pero se ha informado de temblores, y de v\u00edctimas, hasta en India, Banglad\u00e9s y el T\u00edbet. El n\u00famero de muertos se ha incrementado marcadamente despu\u00e9s de la cat\u00e1strofe, sumando m\u00e1s de 1500 para el s\u00e1bado de noche, hora local, seg\u00fan inform\u00f3 la BBC.<\/p>\n<p>El gobierno de Nepal ha declarado el estado de emergencia, y diversos pa\u00edses del mundo han ofrecido ayuda.<\/p>\n<div id=\"attachment_16534\" style=\"width: 413px\" class=\"wp-caption alignright\"><a href=\"\/interamerica\/wp-content\/uploads\/2017\/06\/ADRA_Nepal_Earthquake_3.jpg\" rel=\"fancybox\" title=\"Adventistas corren a ayudar despu\u00e9s de que mort\u00edfero sismo sacude a Nepal\"><img decoding=\"async\" aria-describedby=\"caption-attachment-16534\" class=\" wp-image-16534  \" src=\"\/interamerica\/wp-content\/uploads\/2017\/06\/ADRA_Nepal_Earthquake_3.jpg\" alt=\"\" width=\"403\" height=\"302\" \/><\/a><p id=\"caption-attachment-16534\" class=\"wp-caption-text\">Una vista de parte de la devastaci\u00f3n en Katamand\u00fa despu\u00e9s del terremoto del s\u00e1bado.<\/p><\/div>\n<p>La Agencia Adventista de Desarrollo y Recursos Asistenciales dijo que est\u00e1 enviando trabajadores de emergencia a las zonas afectadas.<\/p>\n<p>\u00abLos primeros informes indican que la destrucci\u00f3n es generalizada y devastadora\u00bb, dijo\u00a0Thierry Van Bignoot, director de gesti\u00f3n de emergencias de ADRA, en una declaraci\u00f3n por correo electr\u00f3nico. \u00abEn este momento, solicitamos sus oraciones por el pueblo de Nepal y por nuestro equipo en el lugar. Nos encontramos en proceso de averiguar m\u00e1s sobre lo que ha sucedido all\u00ed\u00bb.<\/p>\n<p>ADRA dijo por Twitter que su personal de Nepal estaba seguro, y que las propiedades no se hab\u00edan visto da\u00f1adas.<\/p>\n<p>Las congregaciones adventistas de los Estados Unidos y otros pa\u00edses oraron por Nepal el d\u00eda s\u00e1bado, y los miembros de iglesia expresaron por Facebook y Twitter que tambi\u00e9n estaban orando.<\/p>\n<p>La cat\u00e1strofe est\u00e1 colocando una gran carga sobre el Hospital Scheer Memorial, que se remonta al doctor Stanley y Raylene Sturges, los primeros m\u00e9dicos misioneros adventistas de Nepal a fines de la d\u00e9cada de 1950, y que lleva el nombre de Charles J. y Carolyn Scheer, cuyo hijo Clifford C. Scheer financi\u00f3 la mayor parte de la construcci\u00f3n.<\/p>\n<p>Los equipos, el mobiliario y los suministros del hospital son provistos por CARE, una importante agencia humanitaria internacional, y por la Iglesia Adventista del S\u00e9ptimo D\u00eda, pero sus operaciones diarias son mayormente una cuesti\u00f3n de fe.<\/p>\n<p>\u00abEl Hospital Scheer Memorial funciona por fe\u00bb, expresaba una declaraci\u00f3n publicada en el sitio web antes del sismo. \u00abCada d\u00eda se producen milagros grandes y peque\u00f1os que nos permiten mantener abiertas las puertas para la comunidad y aquellos que m\u00e1s necesitan de nuestra ayuda\u00bb.<\/p>\n<p><em>Traducci\u00f3n de Marcos Paseggi<\/em><\/p>\n","protected":false},"excerpt":{"rendered":"<p>Los m\u00e9dicos adventistas y los trabajadores de ADRA se dirigieron inmediatamente a trabajar en Nepal despu\u00e9s de que un poderoso terremoto se cobr\u00f3 la vida de m\u00e1s de 1150 personas el s\u00e1bado 25 de abril. Los adventistas de todo el mundo tienen presente al pa\u00eds en sus oraciones. <\/p>\n<p>El hospital adventista cercano a Katmand\u00fa, la capital de Nepal, estaba sobrepasado de pacientes heridos por el sismo de 7,8 grados de magnitud, que sacudi\u00f3 alrededor del mediod\u00eda, con epicentro a unos ochenta kil\u00f3metros de Katmand\u00fa.<\/p>\n","protected":false},"author":1,"featured_media":25097,"comment_status":"closed","ping_status":"closed","sticky":false,"template":"","format":"standard","meta":{"_acf_changed":false,"footnotes":""},"categories":[14,15],"tags":[],"class_list":["post-30811","post","type-post","status-publish","format-standard","has-post-thumbnail","hentry","category-de-la-iglesia-mundial","category-rss-espanol"],"acf":[],"yoast_head":"<!-- This site is optimized with the Yoast SEO plugin v27.3 - https:\/\/yoast.com\/product\/yoast-seo-wordpress\/ -->\n<title>Adventistas corren a ayudar despu\u00e9s de que mort\u00edfero sismo sacude a Nepal - Iglesia Adventista del S\u00e9ptimo D\u00eda - Divisi\u00f3n Interamericana<\/title>\n<meta name=\"robots\" content=\"index, follow, max-snippet:-1, max-image-preview:large, max-video-preview:-1\" \/>\n<link rel=\"canonical\" href=\"https:\/\/interamerica.org\/es\/2015\/04\/adventistas-corren-a-ayudar-despues-de-que-mortifero-sismo-sacude-a-nepal\/\" \/>\n<meta property=\"og:locale\" content=\"es_ES\" \/>\n<meta property=\"og:type\" content=\"article\" \/>\n<meta property=\"og:title\" content=\"Adventistas corren a ayudar despu\u00e9s de que mort\u00edfero sismo sacude a Nepal - Iglesia Adventista del S\u00e9ptimo D\u00eda - Divisi\u00f3n Interamericana\" \/>\n<meta property=\"og:description\" content=\"Los m\u00e9dicos adventistas y los trabajadores de ADRA se dirigieron inmediatamente a trabajar en Nepal despu\u00e9s de que un poderoso terremoto se cobr\u00f3 la vida de m\u00e1s de 1150 personas el s\u00e1bado 25 de abril. Los adventistas de todo el mundo tienen presente al pa\u00eds en sus oraciones.  El hospital adventista cercano a Katmand\u00fa, la capital de Nepal, estaba sobrepasado de pacientes heridos por el sismo de 7,8 grados de magnitud, que sacudi\u00f3 alrededor del mediod\u00eda, con epicentro a unos ochenta kil\u00f3metros de Katmand\u00fa.\" \/>\n<meta property=\"og:url\" content=\"https:\/\/interamerica.org\/es\/2015\/04\/adventistas-corren-a-ayudar-despues-de-que-mortifero-sismo-sacude-a-nepal\/\" \/>\n<meta property=\"og:site_name\" content=\"Iglesia Adventista del S\u00e9ptimo D\u00eda - Divisi\u00f3n Interamericana\" \/>\n<meta property=\"article:published_time\" content=\"2015-04-26T04:00:00+00:00\" \/>\n<meta property=\"og:image\" content=\"https:\/\/interamerica.org\/wp-content\/uploads\/2017\/06\/ADRA.Nepal_.Earthquake.1.jpg\" \/>\n\t<meta property=\"og:image:width\" content=\"1015\" \/>\n\t<meta property=\"og:image:height\" content=\"500\" \/>\n\t<meta property=\"og:image:type\" content=\"image\/jpeg\" \/>\n<meta name=\"author\" content=\"Lorenzo Verduzco\" \/>\n<meta name=\"twitter:card\" content=\"summary_large_image\" \/>\n<meta name=\"twitter:label1\" content=\"Escrito por\" \/>\n\t<meta name=\"twitter:data1\" content=\"Lorenzo Verduzco\" \/>\n\t<meta name=\"twitter:label2\" content=\"Tiempo de lectura\" \/>\n\t<meta name=\"twitter:data2\" content=\"4 minutos\" \/>\n<script type=\"application\/ld+json\" class=\"yoast-schema-graph\">{\"@context\":\"https:\\\/\\\/schema.org\",\"@graph\":[{\"@type\":\"Article\",\"@id\":\"https:\\\/\\\/interamerica.org\\\/es\\\/2015\\\/04\\\/adventistas-corren-a-ayudar-despues-de-que-mortifero-sismo-sacude-a-nepal\\\/#article\",\"isPartOf\":{\"@id\":\"https:\\\/\\\/interamerica.org\\\/es\\\/2015\\\/04\\\/adventistas-corren-a-ayudar-despues-de-que-mortifero-sismo-sacude-a-nepal\\\/\"},\"author\":{\"name\":\"Lorenzo Verduzco\",\"@id\":\"https:\\\/\\\/interamerica.org\\\/es\\\/#\\\/schema\\\/person\\\/68ede8bdc292885bb76c1e3810e73c39\"},\"headline\":\"Adventistas corren a ayudar despu\u00e9s de que mort\u00edfero sismo sacude a Nepal\",\"datePublished\":\"2015-04-26T04:00:00+00:00\",\"mainEntityOfPage\":{\"@id\":\"https:\\\/\\\/interamerica.org\\\/es\\\/2015\\\/04\\\/adventistas-corren-a-ayudar-despues-de-que-mortifero-sismo-sacude-a-nepal\\\/\"},\"wordCount\":736,\"image\":{\"@id\":\"https:\\\/\\\/interamerica.org\\\/es\\\/2015\\\/04\\\/adventistas-corren-a-ayudar-despues-de-que-mortifero-sismo-sacude-a-nepal\\\/#primaryimage\"},\"thumbnailUrl\":\"https:\\\/\\\/interamerica.org\\\/wp-content\\\/uploads\\\/2017\\\/06\\\/ADRA.Nepal_.Earthquake.1.jpg\",\"articleSection\":[\"Desde la iglesia mundial\",\"RSS Espa\u00f1ol\"],\"inLanguage\":\"es\"},{\"@type\":\"WebPage\",\"@id\":\"https:\\\/\\\/interamerica.org\\\/es\\\/2015\\\/04\\\/adventistas-corren-a-ayudar-despues-de-que-mortifero-sismo-sacude-a-nepal\\\/\",\"url\":\"https:\\\/\\\/interamerica.org\\\/es\\\/2015\\\/04\\\/adventistas-corren-a-ayudar-despues-de-que-mortifero-sismo-sacude-a-nepal\\\/\",\"name\":\"Adventistas corren a ayudar despu\u00e9s de que mort\u00edfero sismo sacude a Nepal - Iglesia Adventista del S\u00e9ptimo D\u00eda - Divisi\u00f3n Interamericana\",\"isPartOf\":{\"@id\":\"https:\\\/\\\/interamerica.org\\\/es\\\/#website\"},\"primaryImageOfPage\":{\"@id\":\"https:\\\/\\\/interamerica.org\\\/es\\\/2015\\\/04\\\/adventistas-corren-a-ayudar-despues-de-que-mortifero-sismo-sacude-a-nepal\\\/#primaryimage\"},\"image\":{\"@id\":\"https:\\\/\\\/interamerica.org\\\/es\\\/2015\\\/04\\\/adventistas-corren-a-ayudar-despues-de-que-mortifero-sismo-sacude-a-nepal\\\/#primaryimage\"},\"thumbnailUrl\":\"https:\\\/\\\/interamerica.org\\\/wp-content\\\/uploads\\\/2017\\\/06\\\/ADRA.Nepal_.Earthquake.1.jpg\",\"datePublished\":\"2015-04-26T04:00:00+00:00\",\"author\":{\"@id\":\"https:\\\/\\\/interamerica.org\\\/es\\\/#\\\/schema\\\/person\\\/68ede8bdc292885bb76c1e3810e73c39\"},\"breadcrumb\":{\"@id\":\"https:\\\/\\\/interamerica.org\\\/es\\\/2015\\\/04\\\/adventistas-corren-a-ayudar-despues-de-que-mortifero-sismo-sacude-a-nepal\\\/#breadcrumb\"},\"inLanguage\":\"es\",\"potentialAction\":[{\"@type\":\"ReadAction\",\"target\":[\"https:\\\/\\\/interamerica.org\\\/es\\\/2015\\\/04\\\/adventistas-corren-a-ayudar-despues-de-que-mortifero-sismo-sacude-a-nepal\\\/\"]}]},{\"@type\":\"ImageObject\",\"inLanguage\":\"es\",\"@id\":\"https:\\\/\\\/interamerica.org\\\/es\\\/2015\\\/04\\\/adventistas-corren-a-ayudar-despues-de-que-mortifero-sismo-sacude-a-nepal\\\/#primaryimage\",\"url\":\"https:\\\/\\\/interamerica.org\\\/wp-content\\\/uploads\\\/2017\\\/06\\\/ADRA.Nepal_.Earthquake.1.jpg\",\"contentUrl\":\"https:\\\/\\\/interamerica.org\\\/wp-content\\\/uploads\\\/2017\\\/06\\\/ADRA.Nepal_.Earthquake.1.jpg\",\"width\":1015,\"height\":500},{\"@type\":\"BreadcrumbList\",\"@id\":\"https:\\\/\\\/interamerica.org\\\/es\\\/2015\\\/04\\\/adventistas-corren-a-ayudar-despues-de-que-mortifero-sismo-sacude-a-nepal\\\/#breadcrumb\",\"itemListElement\":[{\"@type\":\"ListItem\",\"position\":1,\"name\":\"Home\",\"item\":\"https:\\\/\\\/interamerica.org\\\/es\\\/\"},{\"@type\":\"ListItem\",\"position\":2,\"name\":\"Adventistas corren a ayudar despu\u00e9s de que mort\u00edfero sismo sacude a Nepal\"}]},{\"@type\":\"WebSite\",\"@id\":\"https:\\\/\\\/interamerica.org\\\/es\\\/#website\",\"url\":\"https:\\\/\\\/interamerica.org\\\/es\\\/\",\"name\":\"Iglesia Adventista del S\u00e9ptimo D\u00eda - Divisi\u00f3n Interamericana\",\"description\":\"\",\"potentialAction\":[{\"@type\":\"SearchAction\",\"target\":{\"@type\":\"EntryPoint\",\"urlTemplate\":\"https:\\\/\\\/interamerica.org\\\/es\\\/?s={search_term_string}\"},\"query-input\":{\"@type\":\"PropertyValueSpecification\",\"valueRequired\":true,\"valueName\":\"search_term_string\"}}],\"inLanguage\":\"es\"},{\"@type\":\"Person\",\"@id\":\"https:\\\/\\\/interamerica.org\\\/es\\\/#\\\/schema\\\/person\\\/68ede8bdc292885bb76c1e3810e73c39\",\"name\":\"Lorenzo Verduzco\",\"image\":{\"@type\":\"ImageObject\",\"inLanguage\":\"es\",\"@id\":\"https:\\\/\\\/secure.gravatar.com\\\/avatar\\\/fb81a55b6218459490a9c1dc841a34909185b81904c5337b4b27f7a6fd60c49e?s=96&d=mm&r=g\",\"url\":\"https:\\\/\\\/secure.gravatar.com\\\/avatar\\\/fb81a55b6218459490a9c1dc841a34909185b81904c5337b4b27f7a6fd60c49e?s=96&d=mm&r=g\",\"contentUrl\":\"https:\\\/\\\/secure.gravatar.com\\\/avatar\\\/fb81a55b6218459490a9c1dc841a34909185b81904c5337b4b27f7a6fd60c49e?s=96&d=mm&r=g\",\"caption\":\"Lorenzo Verduzco\"}}]}<\/script>\n<!-- \/ Yoast SEO plugin. -->","yoast_head_json":{"title":"Adventistas corren a ayudar despu\u00e9s de que mort\u00edfero sismo sacude a Nepal - Iglesia Adventista del S\u00e9ptimo D\u00eda - Divisi\u00f3n Interamericana","robots":{"index":"index","follow":"follow","max-snippet":"max-snippet:-1","max-image-preview":"max-image-preview:large","max-video-preview":"max-video-preview:-1"},"canonical":"https:\/\/interamerica.org\/es\/2015\/04\/adventistas-corren-a-ayudar-despues-de-que-mortifero-sismo-sacude-a-nepal\/","og_locale":"es_ES","og_type":"article","og_title":"Adventistas corren a ayudar despu\u00e9s de que mort\u00edfero sismo sacude a Nepal - Iglesia Adventista del S\u00e9ptimo D\u00eda - Divisi\u00f3n Interamericana","og_description":"Los m\u00e9dicos adventistas y los trabajadores de ADRA se dirigieron inmediatamente a trabajar en Nepal despu\u00e9s de que un poderoso terremoto se cobr\u00f3 la vida de m\u00e1s de 1150 personas el s\u00e1bado 25 de abril. Los adventistas de todo el mundo tienen presente al pa\u00eds en sus oraciones.  El hospital adventista cercano a Katmand\u00fa, la capital de Nepal, estaba sobrepasado de pacientes heridos por el sismo de 7,8 grados de magnitud, que sacudi\u00f3 alrededor del mediod\u00eda, con epicentro a unos ochenta kil\u00f3metros de Katmand\u00fa.","og_url":"https:\/\/interamerica.org\/es\/2015\/04\/adventistas-corren-a-ayudar-despues-de-que-mortifero-sismo-sacude-a-nepal\/","og_site_name":"Iglesia Adventista del S\u00e9ptimo D\u00eda - Divisi\u00f3n Interamericana","article_published_time":"2015-04-26T04:00:00+00:00","og_image":[{"width":1015,"height":500,"url":"https:\/\/interamerica.org\/wp-content\/uploads\/2017\/06\/ADRA.Nepal_.Earthquake.1.jpg","type":"image\/jpeg"}],"author":"Lorenzo Verduzco","twitter_card":"summary_large_image","twitter_misc":{"Escrito por":"Lorenzo Verduzco","Tiempo de lectura":"4 minutos"},"schema":{"@context":"https:\/\/schema.org","@graph":[{"@type":"Article","@id":"https:\/\/interamerica.org\/es\/2015\/04\/adventistas-corren-a-ayudar-despues-de-que-mortifero-sismo-sacude-a-nepal\/#article","isPartOf":{"@id":"https:\/\/interamerica.org\/es\/2015\/04\/adventistas-corren-a-ayudar-despues-de-que-mortifero-sismo-sacude-a-nepal\/"},"author":{"name":"Lorenzo Verduzco","@id":"https:\/\/interamerica.org\/es\/#\/schema\/person\/68ede8bdc292885bb76c1e3810e73c39"},"headline":"Adventistas corren a ayudar despu\u00e9s de que mort\u00edfero sismo sacude a Nepal","datePublished":"2015-04-26T04:00:00+00:00","mainEntityOfPage":{"@id":"https:\/\/interamerica.org\/es\/2015\/04\/adventistas-corren-a-ayudar-despues-de-que-mortifero-sismo-sacude-a-nepal\/"},"wordCount":736,"image":{"@id":"https:\/\/interamerica.org\/es\/2015\/04\/adventistas-corren-a-ayudar-despues-de-que-mortifero-sismo-sacude-a-nepal\/#primaryimage"},"thumbnailUrl":"https:\/\/interamerica.org\/wp-content\/uploads\/2017\/06\/ADRA.Nepal_.Earthquake.1.jpg","articleSection":["Desde la iglesia mundial","RSS Espa\u00f1ol"],"inLanguage":"es"},{"@type":"WebPage","@id":"https:\/\/interamerica.org\/es\/2015\/04\/adventistas-corren-a-ayudar-despues-de-que-mortifero-sismo-sacude-a-nepal\/","url":"https:\/\/interamerica.org\/es\/2015\/04\/adventistas-corren-a-ayudar-despues-de-que-mortifero-sismo-sacude-a-nepal\/","name":"Adventistas corren a ayudar despu\u00e9s de que mort\u00edfero sismo sacude a Nepal - Iglesia Adventista del S\u00e9ptimo D\u00eda - Divisi\u00f3n Interamericana","isPartOf":{"@id":"https:\/\/interamerica.org\/es\/#website"},"primaryImageOfPage":{"@id":"https:\/\/interamerica.org\/es\/2015\/04\/adventistas-corren-a-ayudar-despues-de-que-mortifero-sismo-sacude-a-nepal\/#primaryimage"},"image":{"@id":"https:\/\/interamerica.org\/es\/2015\/04\/adventistas-corren-a-ayudar-despues-de-que-mortifero-sismo-sacude-a-nepal\/#primaryimage"},"thumbnailUrl":"https:\/\/interamerica.org\/wp-content\/uploads\/2017\/06\/ADRA.Nepal_.Earthquake.1.jpg","datePublished":"2015-04-26T04:00:00+00:00","author":{"@id":"https:\/\/interamerica.org\/es\/#\/schema\/person\/68ede8bdc292885bb76c1e3810e73c39"},"breadcrumb":{"@id":"https:\/\/interamerica.org\/es\/2015\/04\/adventistas-corren-a-ayudar-despues-de-que-mortifero-sismo-sacude-a-nepal\/#breadcrumb"},"inLanguage":"es","potentialAction":[{"@type":"ReadAction","target":["https:\/\/interamerica.org\/es\/2015\/04\/adventistas-corren-a-ayudar-despues-de-que-mortifero-sismo-sacude-a-nepal\/"]}]},{"@type":"ImageObject","inLanguage":"es","@id":"https:\/\/interamerica.org\/es\/2015\/04\/adventistas-corren-a-ayudar-despues-de-que-mortifero-sismo-sacude-a-nepal\/#primaryimage","url":"https:\/\/interamerica.org\/wp-content\/uploads\/2017\/06\/ADRA.Nepal_.Earthquake.1.jpg","contentUrl":"https:\/\/interamerica.org\/wp-content\/uploads\/2017\/06\/ADRA.Nepal_.Earthquake.1.jpg","width":1015,"height":500},{"@type":"BreadcrumbList","@id":"https:\/\/interamerica.org\/es\/2015\/04\/adventistas-corren-a-ayudar-despues-de-que-mortifero-sismo-sacude-a-nepal\/#breadcrumb","itemListElement":[{"@type":"ListItem","position":1,"name":"Home","item":"https:\/\/interamerica.org\/es\/"},{"@type":"ListItem","position":2,"name":"Adventistas corren a ayudar despu\u00e9s de que mort\u00edfero sismo sacude a Nepal"}]},{"@type":"WebSite","@id":"https:\/\/interamerica.org\/es\/#website","url":"https:\/\/interamerica.org\/es\/","name":"Iglesia Adventista del S\u00e9ptimo D\u00eda - Divisi\u00f3n Interamericana","description":"","potentialAction":[{"@type":"SearchAction","target":{"@type":"EntryPoint","urlTemplate":"https:\/\/interamerica.org\/es\/?s={search_term_string}"},"query-input":{"@type":"PropertyValueSpecification","valueRequired":true,"valueName":"search_term_string"}}],"inLanguage":"es"},{"@type":"Person","@id":"https:\/\/interamerica.org\/es\/#\/schema\/person\/68ede8bdc292885bb76c1e3810e73c39","name":"Lorenzo Verduzco","image":{"@type":"ImageObject","inLanguage":"es","@id":"https:\/\/secure.gravatar.com\/avatar\/fb81a55b6218459490a9c1dc841a34909185b81904c5337b4b27f7a6fd60c49e?s=96&d=mm&r=g","url":"https:\/\/secure.gravatar.com\/avatar\/fb81a55b6218459490a9c1dc841a34909185b81904c5337b4b27f7a6fd60c49e?s=96&d=mm&r=g","contentUrl":"https:\/\/secure.gravatar.com\/avatar\/fb81a55b6218459490a9c1dc841a34909185b81904c5337b4b27f7a6fd60c49e?s=96&d=mm&r=g","caption":"Lorenzo Verduzco"}}]}},"_links":{"self":[{"href":"https:\/\/interamerica.org\/es\/wp-json\/wp\/v2\/posts\/30811","targetHints":{"allow":["GET"]}}],"collection":[{"href":"https:\/\/interamerica.org\/es\/wp-json\/wp\/v2\/posts"}],"about":[{"href":"https:\/\/interamerica.org\/es\/wp-json\/wp\/v2\/types\/post"}],"author":[{"embeddable":true,"href":"https:\/\/interamerica.org\/es\/wp-json\/wp\/v2\/users\/1"}],"replies":[{"embeddable":true,"href":"https:\/\/interamerica.org\/es\/wp-json\/wp\/v2\/comments?post=30811"}],"version-history":[{"count":0,"href":"https:\/\/interamerica.org\/es\/wp-json\/wp\/v2\/posts\/30811\/revisions"}],"wp:featuredmedia":[{"embeddable":true,"href":"https:\/\/interamerica.org\/es\/wp-json\/wp\/v2\/media\/25097"}],"wp:attachment":[{"href":"https:\/\/interamerica.org\/es\/wp-json\/wp\/v2\/media?parent=30811"}],"wp:term":[{"taxonomy":"category","embeddable":true,"href":"https:\/\/interamerica.org\/es\/wp-json\/wp\/v2\/categories?post=30811"},{"taxonomy":"post_tag","embeddable":true,"href":"https:\/\/interamerica.org\/es\/wp-json\/wp\/v2\/tags?post=30811"}],"curies":[{"name":"wp","href":"https:\/\/api.w.org\/{rel}","templated":true}]}}