{"id":30812,"date":"2015-04-24T00:00:00","date_gmt":"2015-04-24T04:00:00","guid":{"rendered":"http:\/\/192.81.217.108\/interamerica\/2015\/04\/erudito-biblico-celebra-su-70o-aniversario-de-nacimiento-con-un-libro\/"},"modified":"2015-04-24T00:00:00","modified_gmt":"2015-04-24T04:00:00","slug":"erudito-biblico-celebra-su-70o-aniversario-de-nacimiento-con-un-libro","status":"publish","type":"post","link":"https:\/\/interamerica.org\/es\/2015\/04\/erudito-biblico-celebra-su-70o-aniversario-de-nacimiento-con-un-libro\/","title":{"rendered":"Erudito b\u00edblico celebra su 70\u00ba aniversario de nacimiento con un libro"},"content":{"rendered":"<div id=\"attachment_16540\" style=\"width: 710px\" class=\"wp-caption aligncenter\"><a href=\"\/interamerica\/wp-content\/uploads\/2017\/06\/rsz_img_09181.jpg\" rel=\"fancybox\" title=\"Erudito b\u00edblico celebra su 70\u00ba aniversario de nacimiento con un libro\"><img fetchpriority=\"high\" decoding=\"async\" aria-describedby=\"caption-attachment-16540\" class=\" wp-image-16540 \" src=\"\/interamerica\/wp-content\/uploads\/2017\/06\/rsz_img_09181.jpg\" alt=\"\" width=\"700\" height=\"352\" \/><\/a><p id=\"caption-attachment-16540\" class=\"wp-caption-text\">\u00c1ngel Manuel Rodr\u00edguez, mirando hacia arriba, en un momento de traviesa camarader\u00eda, mientras Gerhard Pfandl, a la derecha, observa. Imagen por Myron Iseminger<\/p><\/div>\n<p>April 24, 2015 | Silver Spring, Maryland, Estados Unidos | Personal de la Adventist Review (Revista Adventista)<\/p>\n<div id=\"attachment_16542\" style=\"width: 247px\" class=\"wp-caption alignright\"><a href=\"\/interamerica\/wp-content\/uploads\/2017\/06\/Screen-Shot-2015-04-26-at-2.30.59-PM.png\" rel=\"fancybox\" title=\"Erudito b\u00edblico celebra su 70\u00ba aniversario de nacimiento con un libro\"><img decoding=\"async\" aria-describedby=\"caption-attachment-16542\" class=\" wp-image-16542 \" src=\"\/interamerica\/wp-content\/uploads\/2017\/06\/Screen-Shot-2015-04-26-at-2.30.59-PM.png\" alt=\"\" width=\"237\" height=\"372\" \/><\/a><p id=\"caption-attachment-16542\" class=\"wp-caption-text\">La cubierta del libro presentado a A.M. Rodr\u00edguez<\/p><\/div>\n<p>Muchas personas celebran los setenta a\u00f1os de vida con flores, un pastel de cumplea\u00f1os o una tarjeta. Los eruditos lo celebraron con la publicaci\u00f3n de un libro.<\/p>\n<p>Dirigentes de la iglesia y colegas honraron a \u00c1ngel Manuel Rodr\u00edguez, ex director del Instituto de Investigaci\u00f3n B\u00edblica, en su 70\u00ba aniversario de su nacimiento, el 20 de abril, con la publicaci\u00f3n de un volumen de ensayos titulado La Gran Controversia y el Fin del Mal.<\/p>\n<p>Gerhard Pfandl, el editor del libro y ex director asociado del Instituto de Investigaci\u00f3n B\u00edblica, le present\u00f3 una copia al Dr. Rodr\u00edguez en la reuni\u00f3n del Instituto de Investigaci\u00f3n B\u00edblica en la Universidad Loma Linda.<\/p>\n<p>\u201cEl evento fue celebrado apropiadamente al recordar la bondad de Dios en la vida de uno de sus siervos\u201d, dijo Gerald A. Klingbeil, director asociado de la Adventist Review (Revista Adventista) quien asisti\u00f3 a la reuni\u00f3n y contribuy\u00f3 con un cap\u00edtulo dentro del libro. \u201cParticipamos tambi\u00e9n de sabroso helado, favorito del Dr. Rodr\u00edguez, para recordar a todos que lo mejor est\u00e1 todav\u00eda por venir\u201d.<\/p>\n<p>El presidente de la Asociaci\u00f3n General, Ted N.C. Wilson y el director del Instituto de Investigaci\u00f3n B\u00edblica, Artur Stele, se unieron a otros con sus buenos deseos y agradecimiento al Dr. Rodr\u00edguez por su larga carrera como pastor, maestro, director de colegio y finalmente director del instituto.<br \/>\nEl Dr. Rodr\u00edguez termin\u00f3 sus funciones en el instituto en el 2010.<\/p>\n<p>Los eruditos, conocidos m\u00e1s bien por su rigor acad\u00e9mico que por un esp\u00edritu juguet\u00f3n y travieso, disfrutaron de un momento tal al posar para una fotograf\u00eda de grupo. Myron Iseminger, subsecretario de la Asociaci\u00f3n General, tom\u00f3 una fotograf\u00eda de Tom Shepherd, profesor de Nuevo Testamento en el Seminario Teol\u00f3gico Adventista del S\u00e9ptimo D\u00eda, poni\u00e9ndole \u201ccuernitos\u201d al Dr. Rodr\u00edguez mientras el resto del grupo r\u00ede al efecto.<\/p>\n<p>El Nuevo libro de tapa dura contiene 27 cap\u00edtulos eruditos escritos por acad\u00e9micos y amigos y cubre tres aspectos principales de inter\u00e9s dentro de las investigaciones del Dr. Rodr\u00edguez: teodicea y la gran controversia; santuario y salvaci\u00f3n; escatolog\u00eda.<\/p>\n<p>El libro, cuyo t\u00edtulo completo es La Gran Controversia y el Fin del Mal: Estudios B\u00edblicos y Teol\u00f3gicos en Honor de \u00c1ngel Manuel Rodr\u00edguez en Celebraci\u00f3n de sus Setenta A\u00f1os de Vida, est\u00e1<a href=\"http:\/\/www.adventistbiblicalresearch.org\/search\/site\/The%20Great%20Controversy%20and%20the%20End%20of%20Evil\">disponible en el sitio electr\u00f3nico del Instituto de Investigaci\u00f3n B\u00edblica, <\/a>. Est\u00e1 tambi\u00e9n disponible a la venta por $US 11.99 hasta julio, como precio de descuento de su precio regular de $US 19.99.<\/p>\n<div id=\"attachment_16541\" style=\"width: 610px\" class=\"wp-caption aligncenter\"><a href=\"\/interamerica\/wp-content\/uploads\/2017\/06\/rsz_1img_09231.jpg\" rel=\"fancybox\" title=\"Erudito b\u00edblico celebra su 70\u00ba aniversario de nacimiento con un libro\"><img decoding=\"async\" aria-describedby=\"caption-attachment-16541\" class=\" wp-image-16541 \" src=\"\/interamerica\/wp-content\/uploads\/2017\/06\/rsz_1img_09231.jpg\" alt=\"\" width=\"600\" height=\"345\" \/><\/a><p id=\"caption-attachment-16541\" class=\"wp-caption-text\">Una foto oficial de cumplea\u00f1os en la reuni\u00f3n del Instituto de Investigaci\u00f3n B\u00edblica, en la Universidad Loma Linda, el 20 de abril de 2015. Imagen por Myron Iseminger.<\/p><\/div>\n","protected":false},"excerpt":{"rendered":"<p>Muchas personas celebran los setenta a\u00f1os de vida con flores, un pastel de cumplea\u00f1os o una tarjeta. Los eruditos lo celebraron con la publicaci\u00f3n de un libro. <\/p>\n<p>Dirigentes de la iglesia y colegas honraron a \u00c1ngel Manuel Rodr\u00edguez, ex director del Instituto de Investigaci\u00f3n B\u00edblica al cumplir sus setenta a\u00f1os, el 20 de abril, con la publicaci\u00f3n de un volumen de ensayos titulado La Gran Controversia y el Fin del Mal.<\/p>\n","protected":false},"author":1,"featured_media":25107,"comment_status":"closed","ping_status":"closed","sticky":false,"template":"","format":"standard","meta":{"_acf_changed":false,"footnotes":""},"categories":[14,15],"tags":[],"class_list":["post-30812","post","type-post","status-publish","format-standard","has-post-thumbnail","hentry","category-de-la-iglesia-mundial","category-rss-espanol"],"acf":[],"yoast_head":"<!-- This site is optimized with the Yoast SEO plugin v27.3 - https:\/\/yoast.com\/product\/yoast-seo-wordpress\/ -->\n<title>Erudito b\u00edblico celebra su 70\u00ba aniversario de nacimiento con un libro - Iglesia Adventista del S\u00e9ptimo D\u00eda - Divisi\u00f3n Interamericana<\/title>\n<meta name=\"robots\" content=\"index, follow, max-snippet:-1, max-image-preview:large, max-video-preview:-1\" \/>\n<link rel=\"canonical\" href=\"https:\/\/interamerica.org\/es\/2015\/04\/erudito-biblico-celebra-su-70o-aniversario-de-nacimiento-con-un-libro\/\" \/>\n<meta property=\"og:locale\" content=\"es_ES\" \/>\n<meta property=\"og:type\" content=\"article\" \/>\n<meta property=\"og:title\" content=\"Erudito b\u00edblico celebra su 70\u00ba aniversario de nacimiento con un libro - Iglesia Adventista del S\u00e9ptimo D\u00eda - Divisi\u00f3n Interamericana\" \/>\n<meta property=\"og:description\" content=\"Muchas personas celebran los setenta a\u00f1os de vida con flores, un pastel de cumplea\u00f1os o una tarjeta. Los eruditos lo celebraron con la publicaci\u00f3n de un libro.  Dirigentes de la iglesia y colegas honraron a \u00c1ngel Manuel Rodr\u00edguez, ex director del Instituto de Investigaci\u00f3n B\u00edblica al cumplir sus setenta a\u00f1os, el 20 de abril, con la publicaci\u00f3n de un volumen de ensayos titulado La Gran Controversia y el Fin del Mal.\" \/>\n<meta property=\"og:url\" content=\"https:\/\/interamerica.org\/es\/2015\/04\/erudito-biblico-celebra-su-70o-aniversario-de-nacimiento-con-un-libro\/\" \/>\n<meta property=\"og:site_name\" content=\"Iglesia Adventista del S\u00e9ptimo D\u00eda - Divisi\u00f3n Interamericana\" \/>\n<meta property=\"article:published_time\" content=\"2015-04-24T04:00:00+00:00\" \/>\n<meta property=\"og:image\" content=\"https:\/\/interamerica.org\/wp-content\/uploads\/2017\/06\/rsz_img_09181.jpg\" \/>\n\t<meta property=\"og:image:width\" content=\"1000\" \/>\n\t<meta property=\"og:image:height\" content=\"503\" \/>\n\t<meta property=\"og:image:type\" content=\"image\/jpeg\" \/>\n<meta name=\"author\" content=\"Lorenzo Verduzco\" \/>\n<meta name=\"twitter:card\" content=\"summary_large_image\" \/>\n<meta name=\"twitter:label1\" content=\"Escrito por\" \/>\n\t<meta name=\"twitter:data1\" content=\"Lorenzo Verduzco\" \/>\n\t<meta name=\"twitter:label2\" content=\"Tiempo de lectura\" \/>\n\t<meta name=\"twitter:data2\" content=\"3 minutos\" \/>\n<script type=\"application\/ld+json\" class=\"yoast-schema-graph\">{\"@context\":\"https:\\\/\\\/schema.org\",\"@graph\":[{\"@type\":\"Article\",\"@id\":\"https:\\\/\\\/interamerica.org\\\/es\\\/2015\\\/04\\\/erudito-biblico-celebra-su-70o-aniversario-de-nacimiento-con-un-libro\\\/#article\",\"isPartOf\":{\"@id\":\"https:\\\/\\\/interamerica.org\\\/es\\\/2015\\\/04\\\/erudito-biblico-celebra-su-70o-aniversario-de-nacimiento-con-un-libro\\\/\"},\"author\":{\"name\":\"Lorenzo Verduzco\",\"@id\":\"https:\\\/\\\/interamerica.org\\\/es\\\/#\\\/schema\\\/person\\\/68ede8bdc292885bb76c1e3810e73c39\"},\"headline\":\"Erudito b\u00edblico celebra su 70\u00ba aniversario de nacimiento con un libro\",\"datePublished\":\"2015-04-24T04:00:00+00:00\",\"mainEntityOfPage\":{\"@id\":\"https:\\\/\\\/interamerica.org\\\/es\\\/2015\\\/04\\\/erudito-biblico-celebra-su-70o-aniversario-de-nacimiento-con-un-libro\\\/\"},\"wordCount\":557,\"image\":{\"@id\":\"https:\\\/\\\/interamerica.org\\\/es\\\/2015\\\/04\\\/erudito-biblico-celebra-su-70o-aniversario-de-nacimiento-con-un-libro\\\/#primaryimage\"},\"thumbnailUrl\":\"https:\\\/\\\/interamerica.org\\\/wp-content\\\/uploads\\\/2017\\\/06\\\/rsz_img_09181.jpg\",\"articleSection\":[\"Desde la iglesia mundial\",\"RSS Espa\u00f1ol\"],\"inLanguage\":\"es\"},{\"@type\":\"WebPage\",\"@id\":\"https:\\\/\\\/interamerica.org\\\/es\\\/2015\\\/04\\\/erudito-biblico-celebra-su-70o-aniversario-de-nacimiento-con-un-libro\\\/\",\"url\":\"https:\\\/\\\/interamerica.org\\\/es\\\/2015\\\/04\\\/erudito-biblico-celebra-su-70o-aniversario-de-nacimiento-con-un-libro\\\/\",\"name\":\"Erudito b\u00edblico celebra su 70\u00ba aniversario de nacimiento con un libro - Iglesia Adventista del S\u00e9ptimo D\u00eda - Divisi\u00f3n Interamericana\",\"isPartOf\":{\"@id\":\"https:\\\/\\\/interamerica.org\\\/es\\\/#website\"},\"primaryImageOfPage\":{\"@id\":\"https:\\\/\\\/interamerica.org\\\/es\\\/2015\\\/04\\\/erudito-biblico-celebra-su-70o-aniversario-de-nacimiento-con-un-libro\\\/#primaryimage\"},\"image\":{\"@id\":\"https:\\\/\\\/interamerica.org\\\/es\\\/2015\\\/04\\\/erudito-biblico-celebra-su-70o-aniversario-de-nacimiento-con-un-libro\\\/#primaryimage\"},\"thumbnailUrl\":\"https:\\\/\\\/interamerica.org\\\/wp-content\\\/uploads\\\/2017\\\/06\\\/rsz_img_09181.jpg\",\"datePublished\":\"2015-04-24T04:00:00+00:00\",\"author\":{\"@id\":\"https:\\\/\\\/interamerica.org\\\/es\\\/#\\\/schema\\\/person\\\/68ede8bdc292885bb76c1e3810e73c39\"},\"breadcrumb\":{\"@id\":\"https:\\\/\\\/interamerica.org\\\/es\\\/2015\\\/04\\\/erudito-biblico-celebra-su-70o-aniversario-de-nacimiento-con-un-libro\\\/#breadcrumb\"},\"inLanguage\":\"es\",\"potentialAction\":[{\"@type\":\"ReadAction\",\"target\":[\"https:\\\/\\\/interamerica.org\\\/es\\\/2015\\\/04\\\/erudito-biblico-celebra-su-70o-aniversario-de-nacimiento-con-un-libro\\\/\"]}]},{\"@type\":\"ImageObject\",\"inLanguage\":\"es\",\"@id\":\"https:\\\/\\\/interamerica.org\\\/es\\\/2015\\\/04\\\/erudito-biblico-celebra-su-70o-aniversario-de-nacimiento-con-un-libro\\\/#primaryimage\",\"url\":\"https:\\\/\\\/interamerica.org\\\/wp-content\\\/uploads\\\/2017\\\/06\\\/rsz_img_09181.jpg\",\"contentUrl\":\"https:\\\/\\\/interamerica.org\\\/wp-content\\\/uploads\\\/2017\\\/06\\\/rsz_img_09181.jpg\",\"width\":1000,\"height\":503},{\"@type\":\"BreadcrumbList\",\"@id\":\"https:\\\/\\\/interamerica.org\\\/es\\\/2015\\\/04\\\/erudito-biblico-celebra-su-70o-aniversario-de-nacimiento-con-un-libro\\\/#breadcrumb\",\"itemListElement\":[{\"@type\":\"ListItem\",\"position\":1,\"name\":\"Home\",\"item\":\"https:\\\/\\\/interamerica.org\\\/es\\\/\"},{\"@type\":\"ListItem\",\"position\":2,\"name\":\"Erudito b\u00edblico celebra su 70\u00ba aniversario de nacimiento con un libro\"}]},{\"@type\":\"WebSite\",\"@id\":\"https:\\\/\\\/interamerica.org\\\/es\\\/#website\",\"url\":\"https:\\\/\\\/interamerica.org\\\/es\\\/\",\"name\":\"Iglesia Adventista del S\u00e9ptimo D\u00eda - Divisi\u00f3n Interamericana\",\"description\":\"\",\"potentialAction\":[{\"@type\":\"SearchAction\",\"target\":{\"@type\":\"EntryPoint\",\"urlTemplate\":\"https:\\\/\\\/interamerica.org\\\/es\\\/?s={search_term_string}\"},\"query-input\":{\"@type\":\"PropertyValueSpecification\",\"valueRequired\":true,\"valueName\":\"search_term_string\"}}],\"inLanguage\":\"es\"},{\"@type\":\"Person\",\"@id\":\"https:\\\/\\\/interamerica.org\\\/es\\\/#\\\/schema\\\/person\\\/68ede8bdc292885bb76c1e3810e73c39\",\"name\":\"Lorenzo Verduzco\",\"image\":{\"@type\":\"ImageObject\",\"inLanguage\":\"es\",\"@id\":\"https:\\\/\\\/secure.gravatar.com\\\/avatar\\\/fb81a55b6218459490a9c1dc841a34909185b81904c5337b4b27f7a6fd60c49e?s=96&d=mm&r=g\",\"url\":\"https:\\\/\\\/secure.gravatar.com\\\/avatar\\\/fb81a55b6218459490a9c1dc841a34909185b81904c5337b4b27f7a6fd60c49e?s=96&d=mm&r=g\",\"contentUrl\":\"https:\\\/\\\/secure.gravatar.com\\\/avatar\\\/fb81a55b6218459490a9c1dc841a34909185b81904c5337b4b27f7a6fd60c49e?s=96&d=mm&r=g\",\"caption\":\"Lorenzo Verduzco\"}}]}<\/script>\n<!-- \/ Yoast SEO plugin. -->","yoast_head_json":{"title":"Erudito b\u00edblico celebra su 70\u00ba aniversario de nacimiento con un libro - Iglesia Adventista del S\u00e9ptimo D\u00eda - Divisi\u00f3n Interamericana","robots":{"index":"index","follow":"follow","max-snippet":"max-snippet:-1","max-image-preview":"max-image-preview:large","max-video-preview":"max-video-preview:-1"},"canonical":"https:\/\/interamerica.org\/es\/2015\/04\/erudito-biblico-celebra-su-70o-aniversario-de-nacimiento-con-un-libro\/","og_locale":"es_ES","og_type":"article","og_title":"Erudito b\u00edblico celebra su 70\u00ba aniversario de nacimiento con un libro - Iglesia Adventista del S\u00e9ptimo D\u00eda - Divisi\u00f3n Interamericana","og_description":"Muchas personas celebran los setenta a\u00f1os de vida con flores, un pastel de cumplea\u00f1os o una tarjeta. Los eruditos lo celebraron con la publicaci\u00f3n de un libro.  Dirigentes de la iglesia y colegas honraron a \u00c1ngel Manuel Rodr\u00edguez, ex director del Instituto de Investigaci\u00f3n B\u00edblica al cumplir sus setenta a\u00f1os, el 20 de abril, con la publicaci\u00f3n de un volumen de ensayos titulado La Gran Controversia y el Fin del Mal.","og_url":"https:\/\/interamerica.org\/es\/2015\/04\/erudito-biblico-celebra-su-70o-aniversario-de-nacimiento-con-un-libro\/","og_site_name":"Iglesia Adventista del S\u00e9ptimo D\u00eda - Divisi\u00f3n Interamericana","article_published_time":"2015-04-24T04:00:00+00:00","og_image":[{"width":1000,"height":503,"url":"https:\/\/interamerica.org\/wp-content\/uploads\/2017\/06\/rsz_img_09181.jpg","type":"image\/jpeg"}],"author":"Lorenzo Verduzco","twitter_card":"summary_large_image","twitter_misc":{"Escrito por":"Lorenzo Verduzco","Tiempo de lectura":"3 minutos"},"schema":{"@context":"https:\/\/schema.org","@graph":[{"@type":"Article","@id":"https:\/\/interamerica.org\/es\/2015\/04\/erudito-biblico-celebra-su-70o-aniversario-de-nacimiento-con-un-libro\/#article","isPartOf":{"@id":"https:\/\/interamerica.org\/es\/2015\/04\/erudito-biblico-celebra-su-70o-aniversario-de-nacimiento-con-un-libro\/"},"author":{"name":"Lorenzo Verduzco","@id":"https:\/\/interamerica.org\/es\/#\/schema\/person\/68ede8bdc292885bb76c1e3810e73c39"},"headline":"Erudito b\u00edblico celebra su 70\u00ba aniversario de nacimiento con un libro","datePublished":"2015-04-24T04:00:00+00:00","mainEntityOfPage":{"@id":"https:\/\/interamerica.org\/es\/2015\/04\/erudito-biblico-celebra-su-70o-aniversario-de-nacimiento-con-un-libro\/"},"wordCount":557,"image":{"@id":"https:\/\/interamerica.org\/es\/2015\/04\/erudito-biblico-celebra-su-70o-aniversario-de-nacimiento-con-un-libro\/#primaryimage"},"thumbnailUrl":"https:\/\/interamerica.org\/wp-content\/uploads\/2017\/06\/rsz_img_09181.jpg","articleSection":["Desde la iglesia mundial","RSS Espa\u00f1ol"],"inLanguage":"es"},{"@type":"WebPage","@id":"https:\/\/interamerica.org\/es\/2015\/04\/erudito-biblico-celebra-su-70o-aniversario-de-nacimiento-con-un-libro\/","url":"https:\/\/interamerica.org\/es\/2015\/04\/erudito-biblico-celebra-su-70o-aniversario-de-nacimiento-con-un-libro\/","name":"Erudito b\u00edblico celebra su 70\u00ba aniversario de nacimiento con un libro - Iglesia Adventista del S\u00e9ptimo D\u00eda - Divisi\u00f3n Interamericana","isPartOf":{"@id":"https:\/\/interamerica.org\/es\/#website"},"primaryImageOfPage":{"@id":"https:\/\/interamerica.org\/es\/2015\/04\/erudito-biblico-celebra-su-70o-aniversario-de-nacimiento-con-un-libro\/#primaryimage"},"image":{"@id":"https:\/\/interamerica.org\/es\/2015\/04\/erudito-biblico-celebra-su-70o-aniversario-de-nacimiento-con-un-libro\/#primaryimage"},"thumbnailUrl":"https:\/\/interamerica.org\/wp-content\/uploads\/2017\/06\/rsz_img_09181.jpg","datePublished":"2015-04-24T04:00:00+00:00","author":{"@id":"https:\/\/interamerica.org\/es\/#\/schema\/person\/68ede8bdc292885bb76c1e3810e73c39"},"breadcrumb":{"@id":"https:\/\/interamerica.org\/es\/2015\/04\/erudito-biblico-celebra-su-70o-aniversario-de-nacimiento-con-un-libro\/#breadcrumb"},"inLanguage":"es","potentialAction":[{"@type":"ReadAction","target":["https:\/\/interamerica.org\/es\/2015\/04\/erudito-biblico-celebra-su-70o-aniversario-de-nacimiento-con-un-libro\/"]}]},{"@type":"ImageObject","inLanguage":"es","@id":"https:\/\/interamerica.org\/es\/2015\/04\/erudito-biblico-celebra-su-70o-aniversario-de-nacimiento-con-un-libro\/#primaryimage","url":"https:\/\/interamerica.org\/wp-content\/uploads\/2017\/06\/rsz_img_09181.jpg","contentUrl":"https:\/\/interamerica.org\/wp-content\/uploads\/2017\/06\/rsz_img_09181.jpg","width":1000,"height":503},{"@type":"BreadcrumbList","@id":"https:\/\/interamerica.org\/es\/2015\/04\/erudito-biblico-celebra-su-70o-aniversario-de-nacimiento-con-un-libro\/#breadcrumb","itemListElement":[{"@type":"ListItem","position":1,"name":"Home","item":"https:\/\/interamerica.org\/es\/"},{"@type":"ListItem","position":2,"name":"Erudito b\u00edblico celebra su 70\u00ba aniversario de nacimiento con un libro"}]},{"@type":"WebSite","@id":"https:\/\/interamerica.org\/es\/#website","url":"https:\/\/interamerica.org\/es\/","name":"Iglesia Adventista del S\u00e9ptimo D\u00eda - Divisi\u00f3n Interamericana","description":"","potentialAction":[{"@type":"SearchAction","target":{"@type":"EntryPoint","urlTemplate":"https:\/\/interamerica.org\/es\/?s={search_term_string}"},"query-input":{"@type":"PropertyValueSpecification","valueRequired":true,"valueName":"search_term_string"}}],"inLanguage":"es"},{"@type":"Person","@id":"https:\/\/interamerica.org\/es\/#\/schema\/person\/68ede8bdc292885bb76c1e3810e73c39","name":"Lorenzo Verduzco","image":{"@type":"ImageObject","inLanguage":"es","@id":"https:\/\/secure.gravatar.com\/avatar\/fb81a55b6218459490a9c1dc841a34909185b81904c5337b4b27f7a6fd60c49e?s=96&d=mm&r=g","url":"https:\/\/secure.gravatar.com\/avatar\/fb81a55b6218459490a9c1dc841a34909185b81904c5337b4b27f7a6fd60c49e?s=96&d=mm&r=g","contentUrl":"https:\/\/secure.gravatar.com\/avatar\/fb81a55b6218459490a9c1dc841a34909185b81904c5337b4b27f7a6fd60c49e?s=96&d=mm&r=g","caption":"Lorenzo Verduzco"}}]}},"_links":{"self":[{"href":"https:\/\/interamerica.org\/es\/wp-json\/wp\/v2\/posts\/30812","targetHints":{"allow":["GET"]}}],"collection":[{"href":"https:\/\/interamerica.org\/es\/wp-json\/wp\/v2\/posts"}],"about":[{"href":"https:\/\/interamerica.org\/es\/wp-json\/wp\/v2\/types\/post"}],"author":[{"embeddable":true,"href":"https:\/\/interamerica.org\/es\/wp-json\/wp\/v2\/users\/1"}],"replies":[{"embeddable":true,"href":"https:\/\/interamerica.org\/es\/wp-json\/wp\/v2\/comments?post=30812"}],"version-history":[{"count":0,"href":"https:\/\/interamerica.org\/es\/wp-json\/wp\/v2\/posts\/30812\/revisions"}],"wp:featuredmedia":[{"embeddable":true,"href":"https:\/\/interamerica.org\/es\/wp-json\/wp\/v2\/media\/25107"}],"wp:attachment":[{"href":"https:\/\/interamerica.org\/es\/wp-json\/wp\/v2\/media?parent=30812"}],"wp:term":[{"taxonomy":"category","embeddable":true,"href":"https:\/\/interamerica.org\/es\/wp-json\/wp\/v2\/categories?post=30812"},{"taxonomy":"post_tag","embeddable":true,"href":"https:\/\/interamerica.org\/es\/wp-json\/wp\/v2\/tags?post=30812"}],"curies":[{"name":"wp","href":"https:\/\/api.w.org\/{rel}","templated":true}]}}