{"id":30813,"date":"2015-04-27T00:00:00","date_gmt":"2015-04-27T04:00:00","guid":{"rendered":"http:\/\/192.81.217.108\/interamerica\/2015\/04\/la-iglesia-adventista-en-nepal-solicita-ayuda-urgente\/"},"modified":"2015-04-27T00:00:00","modified_gmt":"2015-04-27T04:00:00","slug":"la-iglesia-adventista-en-nepal-solicita-ayuda-urgente","status":"publish","type":"post","link":"https:\/\/interamerica.org\/es\/2015\/04\/la-iglesia-adventista-en-nepal-solicita-ayuda-urgente\/","title":{"rendered":"La Iglesia Adventista en Nepal solicita ayuda urgente"},"content":{"rendered":"<div id=\"attachment_16577\" style=\"width: 710px\" class=\"wp-caption aligncenter\"><a href=\"\/interamerica\/wp-content\/uploads\/2017\/06\/Nepalphoto.5.jpg\" rel=\"fancybox\" title=\"La Iglesia Adventista en Nepal solicita ayuda urgente\"><img fetchpriority=\"high\" decoding=\"async\" aria-describedby=\"caption-attachment-16577\" class=\" wp-image-16577 \" src=\"\/interamerica\/wp-content\/uploads\/2017\/06\/Nepalphoto.5.jpg\" alt=\"\" width=\"700\" height=\"350\" \/><\/a><p id=\"caption-attachment-16577\" class=\"wp-caption-text\">Personas viviendo en una de las veintenas de tiendas de campa\u00f1a que aparecen en torno a Kathmandu, capital de Nepal. Imagen por Umesh Pokharel<\/p><\/div>\n<p>27 de abril de 2015 | Silver Spring, Maryland, Estados Unidos |Andrew McChesney, editor de noticias de la Adventist Review (Revista Adventista)<\/p>\n<p>El presidente de la Iglesia Adventista del S\u00e9ptimo D\u00eda en Nepal hizo un llamado para ayuda de emergencia el lunes, a favor de much\u00edsimos miembros de iglesia que han perdido todo en un devastador terremoto ocurrido durante el fin de semana.<\/p>\n<p>Los miembros tienen necesidad inmediata de ropa abrigadora, agua para beber y tiendas de campa\u00f1a para sobrevivir a la intemperie en un clima helado y a veces lluvioso, despu\u00e9s de un terremoto de magnitud 7.8 que azot\u00f3 Nepal el s\u00e1bado 25 de abril, matando a m\u00e1s de 4,000 personas e hiriendo a 7,000, dijo Umesh Pokharel, presidente de la Secci\u00f3n de Nepal, un campo adjunto de la Divisi\u00f3n Sudasi\u00e1tica de la Iglesia Adventista.<\/p>\n<p>\u201cNos gustar\u00eda apelar a nuestros hermanos y hermanos de todo el mundo para que nos env\u00eden ayuda. Su peque\u00f1a ayuda ser\u00e1 grande para la iglesia\u201d, dijo Umesh Pokharel a la Adventist Review.<\/p>\n<p>\u201cAunque muchas organizaciones, juntamente con el gobierno est\u00e1n poniendo lo mejor de su esfuerzo, nuestra gran preocupaci\u00f3n son nuestros obreros en el campo y los miembros que lo han perdido todo\u201d, dijo. \u201cNecesitan como m\u00ednimo ropa apropiada, agua y tiendas de campa\u00f1a\u201d.<\/p>\n<p>El n\u00famero exacto de adventistas que requieren ayuda no es muy claro porque el terremoto, cuyo epicentro fue de 80 kil\u00f3metros, en torno a Kathmandu, capital de Nepal, ha afectado la comunicaci\u00f3n en la regi\u00f3n central de Nepal. La Iglesia Adventista cuenta con aproximadamente 1,700 miembros y 36 obreros, incluyendo pastores, que adoran en 14 iglesias en la zona afectada, dijo tambi\u00e9n.<\/p>\n<p><strong>Evaluando el Costo<\/strong><\/p>\n<p>Entre las personas necesitadas figuran miembros de la iglesia en Kaping, un pueblo a unos 80 kil\u00f3metros de Kathmandu. El pastor de la iglesia, Bishnu Rokka, y varios de los otros 76 miembros, perdieron sus hogares, mientras que las paredes del edificio del templo quedaron agrietadas, dijo adem\u00e1s.<br \/>\nShankar Baral, un pastor de una zona al norte de Kathmandu, inform\u00f3 que las casas de varios de los miembros quedaron muy mal da\u00f1adas.<br \/>\nUn obrero b\u00edblico de Sangachok dijo que muchas de las casas de ese pueblo han sido allanadas y habl\u00f3 sobre la extrema necesidad de alimentos, alojamiento y ropa.<br \/>\n\u201cTenemos planes de enviar a algunos de nuestro pueblo a ayudarlos\u201d, dijo el presidente Pokharel.<\/p>\n<p>El contador de la Secci\u00f3n de Nepal, Binod Dahal, viaj\u00f3 a su pueblo natal al enterarse de que la casa de su padre se hab\u00eda colapsado.<br \/>\nLas donaciones para la Iglesia Adventista en Nepal pueden ser enviadas a la Asociaci\u00f3n General de los Adventistas del S\u00e9ptimo D\u00eda, el organismo administrativo de la Iglesia Adventista mundial, situadas en Silver Spring, Maryland, Estados Unidos.<\/p>\n<ul>\n<li>Dona en favor de la Iglesia Adventista en Nepal enviando un cheque o giro postal a la Asociaci\u00f3n General de los Adventistas del S\u00e9ptimo D\u00eda, anotando \u201cfondos de ayuda para la Secci\u00f3n Nepal\u201d en la l\u00ednea del memor\u00e1ndum. El sobre debe ser dirigido a:<br \/>\nDonation Cashier<br \/>\nGeneral Conference of Seventh-day Adventists<br \/>\n12501 Old Columbia Pike<br \/>\nSilver Spring, MD 20904.El dinero se destinar\u00e1 a las necesidades de los miembros adventistas.<\/li>\n<li>Dona a ADRA al entrar a <a href=\"https:\/\/adra.org\/\">ADRA.org<\/a> y pulsar \u201cDonate\u201d en la parte superior de la p\u00e1gina inicial. El dinero ir\u00e1 a esfuerzos de asistencia y socorro en general.<\/li>\n<li>Dona a AsianAid USA al visitor <a href=\"http:\/\/AsianAid.org\">AsianAid.org<\/a> pulsando en el informe \u201cNepal Needs Our Help\u201d (Nepal necesita nuestra ayuda). El dinero va directamente al Scheer Memorial Hospital, cerca de Kathmandu, que operan los adventistas.<\/li>\n<\/ul>\n<p><strong>ADRA y Hospital Scheer Memorial<\/strong><\/p>\n<p>El llamado de parte de la iglesia en Nepal lleg\u00f3 mientras las agencias gubernamentales y de ayuda se empe\u00f1aban en asistir al devastado pa\u00eds.<\/p>\n<div id=\"attachment_16578\" style=\"width: 586px\" class=\"wp-caption alignright\"><a href=\"\/interamerica\/wp-content\/uploads\/2017\/06\/Nepalphoto-5b.jpg\" rel=\"fancybox\" title=\"La Iglesia Adventista en Nepal solicita ayuda urgente\"><img decoding=\"async\" aria-describedby=\"caption-attachment-16578\" class=\" wp-image-16578 \" src=\"\/interamerica\/wp-content\/uploads\/2017\/06\/Nepalphoto-5b.jpg\" alt=\"\" width=\"576\" height=\"432\" \/><\/a><p id=\"caption-attachment-16578\" class=\"wp-caption-text\">Algunos de los improvisados albergues en Kathmandu. Imagen por Umesh Pokharel<\/p><\/div>\n<p>La Agencia de Desarrollo y Recursos Asistenciales, con base en las oficinas de la Asociaci\u00f3n General, despach\u00f3 un equipo de respuesta a emergencias, a Kathmandu, capital de Nepal, para asistir a miembros de su oficina en Nepal, proveyendo alojamiento a las nuevas personas destituidas el lunes.<\/p>\n<p>Asian Aid USA, un ministerio de apoyo de la Iglesia Adventista, lanz\u00f3 un llamado para levantar fondos de apoyo para el Hospital Scheer Memorial, en las afueras de Kathmandu, patrocinado por los adventistas.<\/p>\n<p>El hospital de 130 camas ha sido inundado de personas que buscan ayuda, dijo Jim Rennie, principal ejecutivo de Asian Aid USA, quien ha trabajado en conjunto con el hospital a trav\u00e9s de los a\u00f1os y patrocina a m\u00e1s de 100 ni\u00f1os en Nepal.<\/p>\n<p>\u201cEl hospital necesita urgentemente fondos y suministros\u201d, dijo por tel\u00e9fono.<br \/>\nDijo tambi\u00e9n que todas las donaciones ir\u00e1n directamente al hospital y se enviar\u00e1n semanalmente.<\/p>\n<p>El presidente Pokharel dijo que la situaci\u00f3n era muy dif\u00edcil en el hospital, con m\u00e1s de 200 personas que solamente contando el d\u00eda domingo, buscaban tratamiento. \u201cNuestros miembros y obreros de la iglesia est\u00e1n ayudando tambi\u00e9n en el hospital\u201d, dijo.<\/p>\n<p><strong>Una Raz\u00f3n para Adorar a Dios<\/strong><\/p>\n<p>Campamentos de tiendas de campa\u00f1a se encuentran por doquier en Kathmandu y por todo Nepal, cuando docenas de r\u00e9plicas o temblores secundarios a partir del terremoto del fin de semana han enviado a miles de personas\u2014 aun a aquellos todav\u00eda con sus hogares en pie \u2014 a una b\u00fasqueda desesperada de seguridad. Umesh Pokharel y su familia se encuentran entre las personas que duermen en tiendas de campa\u00f1a.<br \/>\nA\u00f1adi\u00f3 que la capital se encontraba virtualmente paralizada el lunes.<\/p>\n<p>\u201cEl sol est\u00e1 brillando, pero la gente ha permanecido afuera\u201d, dijo. \u201cHay demasiado poco movimiento en las calles. Casi todas las escuelas, colegios y organizaciones privadas est\u00e1n cerrados. Los veh\u00edculos del gobierno y de las organizaciones privadas son los \u00fanicos que transitan por las carreteras\u201d.<br \/>\nLee \u201cDirigente adventista en Nepal cuenta sobre el p\u00e1nico y dolor\u201d<\/p>\n<p>En medio de la tragedia, dijo el presidente Pokharel que ten\u00eda una raz\u00f3n personal para agradecer a Dios por su cuidado.<\/p>\n<p>Hab\u00eda hecho planes de viajar a Makwanpur, a unos 300 kil\u00f3metros de Kathmandu, para un servicio bautismal, el d\u00eda del terremoto. Pero una situaci\u00f3n inesperada lo hizo cancelar sus planes a \u00faltima hora. Varios miembros adventistas lo instaron a reconsiderarlo, pero \u00e9l se rehus\u00f3 a ceder.<\/p>\n<p>\u201cAlgunos de entre nuestra gente no se sintieron c\u00f3modos con mi decisi\u00f3n, pero yo estaba seguro de que era la decisi\u00f3n de Dios, no la propia\u201d, dijo.<\/p>\n<p>Dijo que se da cuenta ahora de que no habr\u00eda estado con su esposa y sus dos peque\u00f1os hijos cuando ocurri\u00f3 el terremoto si hubiera hecho ese viaje.<\/p>\n<p>\u201cEso habr\u00eda causado mayor p\u00e1nico en m\u00ed y mi familia\u201d, a\u00f1adi\u00f3. \u201cAdem\u00e1s, no hubiera podido ser capaz de regresar a casa con los caminos sumamente da\u00f1ados y mi familia habr\u00eda tenido que entend\u00e9rselas con vivir a la intemperie sin m\u00ed\u201d.<\/p>\n","protected":false},"excerpt":{"rendered":"<p>El presidente de la Iglesia Adventista del S\u00e9ptimo D\u00eda en Nepal hizo un llamado para ayuda de emergencia el lunes, a favor de much\u00edsimos miembros de iglesia que han perdido todo en un devastador terremoto ocurrido durante el fin de semana. <\/p>\n<p>Los miembros tienen necesidad inmediata de ropa abrigadora, agua para beber y tiendas de campa\u00f1a para sobrevivir a la intemperie en un clima helado y a veces lluvioso, despu\u00e9s de un terremoto de magnitud  7.8 que azot\u00f3 Nepal el s\u00e1bado 25 de abril, matando a m\u00e1s de 4,000 personas e hiriendo a 7,000, dijo Umesh Pokharel, presidente de la Secci\u00f3n de Nepal, un campo adjunto de la Divisi\u00f3n Sudasi\u00e1tica de la Iglesia Adventista.<\/p>\n","protected":false},"author":1,"featured_media":25125,"comment_status":"closed","ping_status":"closed","sticky":false,"template":"","format":"standard","meta":{"_acf_changed":false,"footnotes":""},"categories":[14,15],"tags":[],"class_list":["post-30813","post","type-post","status-publish","format-standard","has-post-thumbnail","hentry","category-de-la-iglesia-mundial","category-rss-espanol"],"acf":[],"yoast_head":"<!-- This site is optimized with the Yoast SEO plugin v27.3 - https:\/\/yoast.com\/product\/yoast-seo-wordpress\/ -->\n<title>La Iglesia Adventista en Nepal solicita ayuda urgente - Iglesia Adventista del S\u00e9ptimo D\u00eda - Divisi\u00f3n Interamericana<\/title>\n<meta name=\"robots\" content=\"index, follow, max-snippet:-1, max-image-preview:large, max-video-preview:-1\" \/>\n<link rel=\"canonical\" href=\"https:\/\/interamerica.org\/es\/2015\/04\/la-iglesia-adventista-en-nepal-solicita-ayuda-urgente\/\" \/>\n<meta property=\"og:locale\" content=\"es_ES\" \/>\n<meta property=\"og:type\" content=\"article\" \/>\n<meta property=\"og:title\" content=\"La Iglesia Adventista en Nepal solicita ayuda urgente - Iglesia Adventista del S\u00e9ptimo D\u00eda - Divisi\u00f3n Interamericana\" \/>\n<meta property=\"og:description\" content=\"El presidente de la Iglesia Adventista del S\u00e9ptimo D\u00eda en Nepal hizo un llamado para ayuda de emergencia el lunes, a favor de much\u00edsimos miembros de iglesia que han perdido todo en un devastador terremoto ocurrido durante el fin de semana.  Los miembros tienen necesidad inmediata de ropa abrigadora, agua para beber y tiendas de campa\u00f1a para sobrevivir a la intemperie en un clima helado y a veces lluvioso, despu\u00e9s de un terremoto de magnitud 7.8 que azot\u00f3 Nepal el s\u00e1bado 25 de abril, matando a m\u00e1s de 4,000 personas e hiriendo a 7,000, dijo Umesh Pokharel, presidente de la Secci\u00f3n de Nepal, un campo adjunto de la Divisi\u00f3n Sudasi\u00e1tica de la Iglesia Adventista.\" \/>\n<meta property=\"og:url\" content=\"https:\/\/interamerica.org\/es\/2015\/04\/la-iglesia-adventista-en-nepal-solicita-ayuda-urgente\/\" \/>\n<meta property=\"og:site_name\" content=\"Iglesia Adventista del S\u00e9ptimo D\u00eda - Divisi\u00f3n Interamericana\" \/>\n<meta property=\"article:published_time\" content=\"2015-04-27T04:00:00+00:00\" \/>\n<meta property=\"og:image\" content=\"https:\/\/interamerica.org\/wp-content\/uploads\/2017\/06\/Nepalphoto.5.jpg\" \/>\n\t<meta property=\"og:image:width\" content=\"1000\" \/>\n\t<meta property=\"og:image:height\" content=\"500\" \/>\n\t<meta property=\"og:image:type\" content=\"image\/jpeg\" \/>\n<meta name=\"author\" content=\"Lorenzo Verduzco\" \/>\n<meta name=\"twitter:card\" content=\"summary_large_image\" \/>\n<meta name=\"twitter:label1\" content=\"Escrito por\" \/>\n\t<meta name=\"twitter:data1\" content=\"Lorenzo Verduzco\" \/>\n\t<meta name=\"twitter:label2\" content=\"Tiempo de lectura\" \/>\n\t<meta name=\"twitter:data2\" content=\"6 minutos\" \/>\n<script type=\"application\/ld+json\" class=\"yoast-schema-graph\">{\"@context\":\"https:\\\/\\\/schema.org\",\"@graph\":[{\"@type\":\"Article\",\"@id\":\"https:\\\/\\\/interamerica.org\\\/es\\\/2015\\\/04\\\/la-iglesia-adventista-en-nepal-solicita-ayuda-urgente\\\/#article\",\"isPartOf\":{\"@id\":\"https:\\\/\\\/interamerica.org\\\/es\\\/2015\\\/04\\\/la-iglesia-adventista-en-nepal-solicita-ayuda-urgente\\\/\"},\"author\":{\"name\":\"Lorenzo Verduzco\",\"@id\":\"https:\\\/\\\/interamerica.org\\\/es\\\/#\\\/schema\\\/person\\\/68ede8bdc292885bb76c1e3810e73c39\"},\"headline\":\"La Iglesia Adventista en Nepal solicita ayuda urgente\",\"datePublished\":\"2015-04-27T04:00:00+00:00\",\"mainEntityOfPage\":{\"@id\":\"https:\\\/\\\/interamerica.org\\\/es\\\/2015\\\/04\\\/la-iglesia-adventista-en-nepal-solicita-ayuda-urgente\\\/\"},\"wordCount\":1226,\"image\":{\"@id\":\"https:\\\/\\\/interamerica.org\\\/es\\\/2015\\\/04\\\/la-iglesia-adventista-en-nepal-solicita-ayuda-urgente\\\/#primaryimage\"},\"thumbnailUrl\":\"https:\\\/\\\/interamerica.org\\\/wp-content\\\/uploads\\\/2017\\\/06\\\/Nepalphoto.5.jpg\",\"articleSection\":[\"Desde la iglesia mundial\",\"RSS Espa\u00f1ol\"],\"inLanguage\":\"es\"},{\"@type\":\"WebPage\",\"@id\":\"https:\\\/\\\/interamerica.org\\\/es\\\/2015\\\/04\\\/la-iglesia-adventista-en-nepal-solicita-ayuda-urgente\\\/\",\"url\":\"https:\\\/\\\/interamerica.org\\\/es\\\/2015\\\/04\\\/la-iglesia-adventista-en-nepal-solicita-ayuda-urgente\\\/\",\"name\":\"La Iglesia Adventista en Nepal solicita ayuda urgente - Iglesia Adventista del S\u00e9ptimo D\u00eda - Divisi\u00f3n Interamericana\",\"isPartOf\":{\"@id\":\"https:\\\/\\\/interamerica.org\\\/es\\\/#website\"},\"primaryImageOfPage\":{\"@id\":\"https:\\\/\\\/interamerica.org\\\/es\\\/2015\\\/04\\\/la-iglesia-adventista-en-nepal-solicita-ayuda-urgente\\\/#primaryimage\"},\"image\":{\"@id\":\"https:\\\/\\\/interamerica.org\\\/es\\\/2015\\\/04\\\/la-iglesia-adventista-en-nepal-solicita-ayuda-urgente\\\/#primaryimage\"},\"thumbnailUrl\":\"https:\\\/\\\/interamerica.org\\\/wp-content\\\/uploads\\\/2017\\\/06\\\/Nepalphoto.5.jpg\",\"datePublished\":\"2015-04-27T04:00:00+00:00\",\"author\":{\"@id\":\"https:\\\/\\\/interamerica.org\\\/es\\\/#\\\/schema\\\/person\\\/68ede8bdc292885bb76c1e3810e73c39\"},\"breadcrumb\":{\"@id\":\"https:\\\/\\\/interamerica.org\\\/es\\\/2015\\\/04\\\/la-iglesia-adventista-en-nepal-solicita-ayuda-urgente\\\/#breadcrumb\"},\"inLanguage\":\"es\",\"potentialAction\":[{\"@type\":\"ReadAction\",\"target\":[\"https:\\\/\\\/interamerica.org\\\/es\\\/2015\\\/04\\\/la-iglesia-adventista-en-nepal-solicita-ayuda-urgente\\\/\"]}]},{\"@type\":\"ImageObject\",\"inLanguage\":\"es\",\"@id\":\"https:\\\/\\\/interamerica.org\\\/es\\\/2015\\\/04\\\/la-iglesia-adventista-en-nepal-solicita-ayuda-urgente\\\/#primaryimage\",\"url\":\"https:\\\/\\\/interamerica.org\\\/wp-content\\\/uploads\\\/2017\\\/06\\\/Nepalphoto.5.jpg\",\"contentUrl\":\"https:\\\/\\\/interamerica.org\\\/wp-content\\\/uploads\\\/2017\\\/06\\\/Nepalphoto.5.jpg\",\"width\":1000,\"height\":500},{\"@type\":\"BreadcrumbList\",\"@id\":\"https:\\\/\\\/interamerica.org\\\/es\\\/2015\\\/04\\\/la-iglesia-adventista-en-nepal-solicita-ayuda-urgente\\\/#breadcrumb\",\"itemListElement\":[{\"@type\":\"ListItem\",\"position\":1,\"name\":\"Home\",\"item\":\"https:\\\/\\\/interamerica.org\\\/es\\\/\"},{\"@type\":\"ListItem\",\"position\":2,\"name\":\"La Iglesia Adventista en Nepal solicita ayuda urgente\"}]},{\"@type\":\"WebSite\",\"@id\":\"https:\\\/\\\/interamerica.org\\\/es\\\/#website\",\"url\":\"https:\\\/\\\/interamerica.org\\\/es\\\/\",\"name\":\"Iglesia Adventista del S\u00e9ptimo D\u00eda - Divisi\u00f3n Interamericana\",\"description\":\"\",\"potentialAction\":[{\"@type\":\"SearchAction\",\"target\":{\"@type\":\"EntryPoint\",\"urlTemplate\":\"https:\\\/\\\/interamerica.org\\\/es\\\/?s={search_term_string}\"},\"query-input\":{\"@type\":\"PropertyValueSpecification\",\"valueRequired\":true,\"valueName\":\"search_term_string\"}}],\"inLanguage\":\"es\"},{\"@type\":\"Person\",\"@id\":\"https:\\\/\\\/interamerica.org\\\/es\\\/#\\\/schema\\\/person\\\/68ede8bdc292885bb76c1e3810e73c39\",\"name\":\"Lorenzo Verduzco\",\"image\":{\"@type\":\"ImageObject\",\"inLanguage\":\"es\",\"@id\":\"https:\\\/\\\/secure.gravatar.com\\\/avatar\\\/fb81a55b6218459490a9c1dc841a34909185b81904c5337b4b27f7a6fd60c49e?s=96&d=mm&r=g\",\"url\":\"https:\\\/\\\/secure.gravatar.com\\\/avatar\\\/fb81a55b6218459490a9c1dc841a34909185b81904c5337b4b27f7a6fd60c49e?s=96&d=mm&r=g\",\"contentUrl\":\"https:\\\/\\\/secure.gravatar.com\\\/avatar\\\/fb81a55b6218459490a9c1dc841a34909185b81904c5337b4b27f7a6fd60c49e?s=96&d=mm&r=g\",\"caption\":\"Lorenzo Verduzco\"}}]}<\/script>\n<!-- \/ Yoast SEO plugin. -->","yoast_head_json":{"title":"La Iglesia Adventista en Nepal solicita ayuda urgente - Iglesia Adventista del S\u00e9ptimo D\u00eda - Divisi\u00f3n Interamericana","robots":{"index":"index","follow":"follow","max-snippet":"max-snippet:-1","max-image-preview":"max-image-preview:large","max-video-preview":"max-video-preview:-1"},"canonical":"https:\/\/interamerica.org\/es\/2015\/04\/la-iglesia-adventista-en-nepal-solicita-ayuda-urgente\/","og_locale":"es_ES","og_type":"article","og_title":"La Iglesia Adventista en Nepal solicita ayuda urgente - Iglesia Adventista del S\u00e9ptimo D\u00eda - Divisi\u00f3n Interamericana","og_description":"El presidente de la Iglesia Adventista del S\u00e9ptimo D\u00eda en Nepal hizo un llamado para ayuda de emergencia el lunes, a favor de much\u00edsimos miembros de iglesia que han perdido todo en un devastador terremoto ocurrido durante el fin de semana.  Los miembros tienen necesidad inmediata de ropa abrigadora, agua para beber y tiendas de campa\u00f1a para sobrevivir a la intemperie en un clima helado y a veces lluvioso, despu\u00e9s de un terremoto de magnitud 7.8 que azot\u00f3 Nepal el s\u00e1bado 25 de abril, matando a m\u00e1s de 4,000 personas e hiriendo a 7,000, dijo Umesh Pokharel, presidente de la Secci\u00f3n de Nepal, un campo adjunto de la Divisi\u00f3n Sudasi\u00e1tica de la Iglesia Adventista.","og_url":"https:\/\/interamerica.org\/es\/2015\/04\/la-iglesia-adventista-en-nepal-solicita-ayuda-urgente\/","og_site_name":"Iglesia Adventista del S\u00e9ptimo D\u00eda - Divisi\u00f3n Interamericana","article_published_time":"2015-04-27T04:00:00+00:00","og_image":[{"width":1000,"height":500,"url":"https:\/\/interamerica.org\/wp-content\/uploads\/2017\/06\/Nepalphoto.5.jpg","type":"image\/jpeg"}],"author":"Lorenzo Verduzco","twitter_card":"summary_large_image","twitter_misc":{"Escrito por":"Lorenzo Verduzco","Tiempo de lectura":"6 minutos"},"schema":{"@context":"https:\/\/schema.org","@graph":[{"@type":"Article","@id":"https:\/\/interamerica.org\/es\/2015\/04\/la-iglesia-adventista-en-nepal-solicita-ayuda-urgente\/#article","isPartOf":{"@id":"https:\/\/interamerica.org\/es\/2015\/04\/la-iglesia-adventista-en-nepal-solicita-ayuda-urgente\/"},"author":{"name":"Lorenzo Verduzco","@id":"https:\/\/interamerica.org\/es\/#\/schema\/person\/68ede8bdc292885bb76c1e3810e73c39"},"headline":"La Iglesia Adventista en Nepal solicita ayuda urgente","datePublished":"2015-04-27T04:00:00+00:00","mainEntityOfPage":{"@id":"https:\/\/interamerica.org\/es\/2015\/04\/la-iglesia-adventista-en-nepal-solicita-ayuda-urgente\/"},"wordCount":1226,"image":{"@id":"https:\/\/interamerica.org\/es\/2015\/04\/la-iglesia-adventista-en-nepal-solicita-ayuda-urgente\/#primaryimage"},"thumbnailUrl":"https:\/\/interamerica.org\/wp-content\/uploads\/2017\/06\/Nepalphoto.5.jpg","articleSection":["Desde la iglesia mundial","RSS Espa\u00f1ol"],"inLanguage":"es"},{"@type":"WebPage","@id":"https:\/\/interamerica.org\/es\/2015\/04\/la-iglesia-adventista-en-nepal-solicita-ayuda-urgente\/","url":"https:\/\/interamerica.org\/es\/2015\/04\/la-iglesia-adventista-en-nepal-solicita-ayuda-urgente\/","name":"La Iglesia Adventista en Nepal solicita ayuda urgente - Iglesia Adventista del S\u00e9ptimo D\u00eda - Divisi\u00f3n Interamericana","isPartOf":{"@id":"https:\/\/interamerica.org\/es\/#website"},"primaryImageOfPage":{"@id":"https:\/\/interamerica.org\/es\/2015\/04\/la-iglesia-adventista-en-nepal-solicita-ayuda-urgente\/#primaryimage"},"image":{"@id":"https:\/\/interamerica.org\/es\/2015\/04\/la-iglesia-adventista-en-nepal-solicita-ayuda-urgente\/#primaryimage"},"thumbnailUrl":"https:\/\/interamerica.org\/wp-content\/uploads\/2017\/06\/Nepalphoto.5.jpg","datePublished":"2015-04-27T04:00:00+00:00","author":{"@id":"https:\/\/interamerica.org\/es\/#\/schema\/person\/68ede8bdc292885bb76c1e3810e73c39"},"breadcrumb":{"@id":"https:\/\/interamerica.org\/es\/2015\/04\/la-iglesia-adventista-en-nepal-solicita-ayuda-urgente\/#breadcrumb"},"inLanguage":"es","potentialAction":[{"@type":"ReadAction","target":["https:\/\/interamerica.org\/es\/2015\/04\/la-iglesia-adventista-en-nepal-solicita-ayuda-urgente\/"]}]},{"@type":"ImageObject","inLanguage":"es","@id":"https:\/\/interamerica.org\/es\/2015\/04\/la-iglesia-adventista-en-nepal-solicita-ayuda-urgente\/#primaryimage","url":"https:\/\/interamerica.org\/wp-content\/uploads\/2017\/06\/Nepalphoto.5.jpg","contentUrl":"https:\/\/interamerica.org\/wp-content\/uploads\/2017\/06\/Nepalphoto.5.jpg","width":1000,"height":500},{"@type":"BreadcrumbList","@id":"https:\/\/interamerica.org\/es\/2015\/04\/la-iglesia-adventista-en-nepal-solicita-ayuda-urgente\/#breadcrumb","itemListElement":[{"@type":"ListItem","position":1,"name":"Home","item":"https:\/\/interamerica.org\/es\/"},{"@type":"ListItem","position":2,"name":"La Iglesia Adventista en Nepal solicita ayuda urgente"}]},{"@type":"WebSite","@id":"https:\/\/interamerica.org\/es\/#website","url":"https:\/\/interamerica.org\/es\/","name":"Iglesia Adventista del S\u00e9ptimo D\u00eda - Divisi\u00f3n Interamericana","description":"","potentialAction":[{"@type":"SearchAction","target":{"@type":"EntryPoint","urlTemplate":"https:\/\/interamerica.org\/es\/?s={search_term_string}"},"query-input":{"@type":"PropertyValueSpecification","valueRequired":true,"valueName":"search_term_string"}}],"inLanguage":"es"},{"@type":"Person","@id":"https:\/\/interamerica.org\/es\/#\/schema\/person\/68ede8bdc292885bb76c1e3810e73c39","name":"Lorenzo Verduzco","image":{"@type":"ImageObject","inLanguage":"es","@id":"https:\/\/secure.gravatar.com\/avatar\/fb81a55b6218459490a9c1dc841a34909185b81904c5337b4b27f7a6fd60c49e?s=96&d=mm&r=g","url":"https:\/\/secure.gravatar.com\/avatar\/fb81a55b6218459490a9c1dc841a34909185b81904c5337b4b27f7a6fd60c49e?s=96&d=mm&r=g","contentUrl":"https:\/\/secure.gravatar.com\/avatar\/fb81a55b6218459490a9c1dc841a34909185b81904c5337b4b27f7a6fd60c49e?s=96&d=mm&r=g","caption":"Lorenzo Verduzco"}}]}},"_links":{"self":[{"href":"https:\/\/interamerica.org\/es\/wp-json\/wp\/v2\/posts\/30813","targetHints":{"allow":["GET"]}}],"collection":[{"href":"https:\/\/interamerica.org\/es\/wp-json\/wp\/v2\/posts"}],"about":[{"href":"https:\/\/interamerica.org\/es\/wp-json\/wp\/v2\/types\/post"}],"author":[{"embeddable":true,"href":"https:\/\/interamerica.org\/es\/wp-json\/wp\/v2\/users\/1"}],"replies":[{"embeddable":true,"href":"https:\/\/interamerica.org\/es\/wp-json\/wp\/v2\/comments?post=30813"}],"version-history":[{"count":0,"href":"https:\/\/interamerica.org\/es\/wp-json\/wp\/v2\/posts\/30813\/revisions"}],"wp:featuredmedia":[{"embeddable":true,"href":"https:\/\/interamerica.org\/es\/wp-json\/wp\/v2\/media\/25125"}],"wp:attachment":[{"href":"https:\/\/interamerica.org\/es\/wp-json\/wp\/v2\/media?parent=30813"}],"wp:term":[{"taxonomy":"category","embeddable":true,"href":"https:\/\/interamerica.org\/es\/wp-json\/wp\/v2\/categories?post=30813"},{"taxonomy":"post_tag","embeddable":true,"href":"https:\/\/interamerica.org\/es\/wp-json\/wp\/v2\/tags?post=30813"}],"curies":[{"name":"wp","href":"https:\/\/api.w.org\/{rel}","templated":true}]}}