{"id":30814,"date":"2015-04-29T00:00:00","date_gmt":"2015-04-29T04:00:00","guid":{"rendered":"http:\/\/192.81.217.108\/interamerica\/2015\/04\/adra-incrementa-esfuerzos-asistenciales-despues-del-terremoto-de-nepal\/"},"modified":"2015-04-29T00:00:00","modified_gmt":"2015-04-29T04:00:00","slug":"adra-incrementa-esfuerzos-asistenciales-despues-del-terremoto-de-nepal","status":"publish","type":"post","link":"https:\/\/interamerica.org\/es\/2015\/04\/adra-incrementa-esfuerzos-asistenciales-despues-del-terremoto-de-nepal\/","title":{"rendered":"ADRA incrementa esfuerzos asistenciales despu\u00e9s del terremoto de Nepal"},"content":{"rendered":"<div id=\"attachment_16596\" style=\"width: 598px\" class=\"wp-caption aligncenter\"><a href=\"\/interamerica\/wp-content\/uploads\/2017\/06\/rsz_img_6074.jpg\" rel=\"fancybox\" title=\"ADRA incrementa esfuerzos asistenciales despu\u00e9s del terremoto de Nepal\"><img fetchpriority=\"high\" decoding=\"async\" aria-describedby=\"caption-attachment-16596\" class=\" wp-image-16596    \" src=\"\/interamerica\/wp-content\/uploads\/2017\/06\/rsz_img_6074.jpg\" alt=\"\" width=\"588\" height=\"295\" \/><\/a><p id=\"caption-attachment-16596\" class=\"wp-caption-text\">Seventeen Pal\u00e9s de ADRA con 1360 lonas son cargados en Dubai para ser enviados por v\u00eda a\u00e9rea a Nepal. Imagen de ADRA<\/p><\/div>\n<p>28 de abril de 2015 | Silver Spring (Maryland, Estados Unidos) | Andrew McChesney, editor de noticias, Adventist Review<\/p>\n<p>Un equipo de respuestas a emergencias de ADRA lleg\u00f3 a Nepal el martes para incrementar los esfuerzos de ofrecer alimento y refugio a cientos de personas que quedaron sin techo despu\u00e9s del mort\u00edfero terremoto que azot\u00f3 el pa\u00eds el fin de semana pasado.<\/p>\n<p>La cat\u00e1strofe del pasado 25 de abril se cobr\u00f3 la vida de m\u00e1s de cinco mil personas y dej\u00f3 otros diez mil heridos, dijeron las autoridades nepal\u00edes.<\/p>\n<p>Ning\u00fan adventista perdi\u00f3 la vida, pero\u00a0Umesh Pokharel, presidente de la Iglesia Adventista de Nepal, inform\u00f3 del primer herido del que se tuvo conocimiento: un jovencito de una familia adventista. El muchachito de una aldea nepal\u00ed fue golpeado por una piedra durante el sismo y permanec\u00eda en el hospital este martes, dijo Pokharel a la Adventist Review.<\/p>\n<p>La Agencia Adventista de Desarrollo y Recursos Asistenciales dijo que ha adquirido 400 lonas y 348 tiendas de diversos proveedores nepal\u00edes, y que espera que 17 pal\u00e9s con 1360 lonas lleguen desde Dubai el mi\u00e9rcoles.<\/p>\n<p>Las lonas, que tienen un valor de aproximadamente 21 mil d\u00f3lares, est\u00e1n siendo enviadas por v\u00eda a\u00e9rea por un grupo asistencial de las Naciones Unidas en nombre de ADRA.<\/p>\n<p>\u00abSe necesitan refugios temporarios para todos &#8211;incluido el personal de ADRA&#8211; los que viven al aire libre porque han perdido sus hogares o temen los riesgos que presentan las r\u00e9plicas\u00bb, dijo ADRA en una declaraci\u00f3n por correo electr\u00f3nico.<\/p>\n<p>Dijo asimismo que las primeras estimaciones indican que 1.400.000 personas necesitan asistencia alimentaria, lo que incluye a 750 mil que viven en casas de escasa calidad cerca del epicentro a unos ochenta kil\u00f3metros de Katmand\u00fa,, la capital del pa\u00eds.<\/p>\n<p>\u00abEl terremoto ha interrumpido los preparativos para la pr\u00f3xima estaci\u00f3n de la siembra, lo que podr\u00eda afectar la situaci\u00f3n alimentaria de Nepal en los pr\u00f3ximos meses\u00bb, dijo ADRA. \u00abFaltan solo dos meses para que llegue la estaci\u00f3n del monz\u00f3n. Ser\u00e1 una carrera contra el tiempo asegurarse de que la gente pueda sembrar\u00bb.<\/p>\n<p>La Iglesia Adventista en el pa\u00eds tambi\u00e9n est\u00e1 participando de los esfuerzos asistenciales. Pokharel, presidente de la secci\u00f3n de Nepal, un campo adjunto de la Divisi\u00f3n Sudasi\u00e1tica de la Iglesia Adventista, dijo que la sede ha conseguido cien tiendas, cien bolsas de arroz, cien envases de fideos chow y agua potable, y dedicar\u00e1 la siguiente semana para repartir estos art\u00edculos en dos puntos de distribuci\u00f3n.<\/p>\n<p>Pokharel tambi\u00e9n est\u00e1 preocupado por el bienestar de decenas de pastores adventistas y otros feligreses que perdieron sus hogares, y el lunes apel\u00f3 a los miembros de todo el mundo para que brinden ayuda.<\/p>\n<p>El martes, agradeci\u00f3 a Ted N. C. Wilson, presidente de la Iglesia Adventista mundial; a los l\u00edderes de la Divisi\u00f3n Sudasi\u00e1tica y a otros l\u00edderes por su inmediata respuesta.<\/p>\n<p>\u00abNuestros amigos en todo el mundo se interesaron profundamente en nuestra situaci\u00f3n\u00bb, expres\u00f3.<\/p>\n<div id=\"attachment_16597\" style=\"width: 442px\" class=\"wp-caption alignright\"><a href=\"\/interamerica\/wp-content\/uploads\/2017\/06\/driver.jpg\" rel=\"fancybox\" title=\"ADRA incrementa esfuerzos asistenciales despu\u00e9s del terremoto de Nepal\"><img decoding=\"async\" aria-describedby=\"caption-attachment-16597\" class=\" wp-image-16597 \" src=\"\/interamerica\/wp-content\/uploads\/2017\/06\/driver.jpg\" alt=\"\" width=\"432\" height=\"324\" \/><\/a><p id=\"caption-attachment-16597\" class=\"wp-caption-text\">Dana Dai, conductor de la sede de ADRA Nepal, perdi\u00f3 muchas de sus pertenencias en la cat\u00e1strofe, pero no ha faltado ni un solo d\u00eda a su trabajo. Imagen de ADRA<\/p><\/div>\n<p>Se necesita m\u00e1s ayuda, dijo.<\/p>\n<p>Mientras tanto, ADRA dijo que enfocar\u00eda sus primeros esfuerzos asistenciales al distrito de Dhading, al oeste de Katmand\u00fa, y m\u00e1s tarde al distrito oriental de Kavre, donde se encuentra en Hospital Scheer Memorial, propiedad de la Iglesia Adventista.<\/p>\n<p>A pesar de ello, el lunes, un equipo de evaluaci\u00f3n no logr\u00f3 llegar al distrito de Dhading para analizar los da\u00f1os, debido a que los caminos se hab\u00edan vuelto intransitables. El equipo lo intent\u00f3 nuevamente el martes, esta vez con motocicletas, y los coordinadores de ADRA aguardaban para recibir el informe.<\/p>\n<p>Entre los afectados por la destrucci\u00f3n en el distrito de Dhading se encuentra Dana Dai, el conductor de la sede de ADRA Nepal en Katmand\u00fa. El terremoto destruy\u00f3 por completo su casa en el distrito de Dhading. Todos sus animales murieron. Perdi\u00f3 tambi\u00e9n a su abuelo. Su familia extendida ahora est\u00e1 viviendo al aire libre, bajo un pl\u00e1stico, junto con otras quince familias.<\/p>\n<p>A pesar de ello, dijo ADRA, Dai a\u00fan aparece cada d\u00eda para trabajar en las oficinas de ADRA. Dice: \u00abSoy el \u00fanico conductor, y no estoy disponible all\u00ed en las oficinas, \u00bfqui\u00e9n va a conducir el veh\u00edculo cuando hay que salir a alg\u00fan lado?\u00bb<\/p>\n<p><em>Traducci\u00f3n de Marcos Paseggi<\/em><\/p>\n","protected":false},"excerpt":{"rendered":"<p>Un equipo de respuestas a emergencias de ADRA lleg\u00f3 a Nepal el martes para incrementar los esfuerzos de ofrecer alimento y refugio a cientos de personas que quedaron sin techo despu\u00e9s del mort\u00edfero terremoto que azot\u00f3 el pa\u00eds el fin de semana pasado. <\/p>\n<p>La cat\u00e1strofe del pasado 25 de abril se cobr\u00f3 la vida de m\u00e1s de cinco mil personas y dej\u00f3 otros diez mil heridos, dijeron las autoridades nepal\u00edes.<\/p>\n","protected":false},"author":1,"featured_media":25132,"comment_status":"closed","ping_status":"closed","sticky":false,"template":"","format":"standard","meta":{"_acf_changed":false,"footnotes":""},"categories":[14,15],"tags":[],"class_list":["post-30814","post","type-post","status-publish","format-standard","has-post-thumbnail","hentry","category-de-la-iglesia-mundial","category-rss-espanol"],"acf":[],"yoast_head":"<!-- This site is optimized with the Yoast SEO plugin v27.3 - https:\/\/yoast.com\/product\/yoast-seo-wordpress\/ -->\n<title>ADRA incrementa esfuerzos asistenciales despu\u00e9s del terremoto de Nepal - Iglesia Adventista del S\u00e9ptimo D\u00eda - Divisi\u00f3n Interamericana<\/title>\n<meta name=\"robots\" content=\"index, follow, max-snippet:-1, max-image-preview:large, max-video-preview:-1\" \/>\n<link rel=\"canonical\" href=\"https:\/\/interamerica.org\/es\/2015\/04\/adra-incrementa-esfuerzos-asistenciales-despues-del-terremoto-de-nepal\/\" \/>\n<meta property=\"og:locale\" content=\"es_ES\" \/>\n<meta property=\"og:type\" content=\"article\" \/>\n<meta property=\"og:title\" content=\"ADRA incrementa esfuerzos asistenciales despu\u00e9s del terremoto de Nepal - Iglesia Adventista del S\u00e9ptimo D\u00eda - Divisi\u00f3n Interamericana\" \/>\n<meta property=\"og:description\" content=\"Un equipo de respuestas a emergencias de ADRA lleg\u00f3 a Nepal el martes para incrementar los esfuerzos de ofrecer alimento y refugio a cientos de personas que quedaron sin techo despu\u00e9s del mort\u00edfero terremoto que azot\u00f3 el pa\u00eds el fin de semana pasado.  La cat\u00e1strofe del pasado 25 de abril se cobr\u00f3 la vida de m\u00e1s de cinco mil personas y dej\u00f3 otros diez mil heridos, dijeron las autoridades nepal\u00edes.\" \/>\n<meta property=\"og:url\" content=\"https:\/\/interamerica.org\/es\/2015\/04\/adra-incrementa-esfuerzos-asistenciales-despues-del-terremoto-de-nepal\/\" \/>\n<meta property=\"og:site_name\" content=\"Iglesia Adventista del S\u00e9ptimo D\u00eda - Divisi\u00f3n Interamericana\" \/>\n<meta property=\"article:published_time\" content=\"2015-04-29T04:00:00+00:00\" \/>\n<meta property=\"og:image\" content=\"https:\/\/interamerica.org\/wp-content\/uploads\/2017\/06\/rsz_img_6074.jpg\" \/>\n\t<meta property=\"og:image:width\" content=\"1000\" \/>\n\t<meta property=\"og:image:height\" content=\"503\" \/>\n\t<meta property=\"og:image:type\" content=\"image\/jpeg\" \/>\n<meta name=\"author\" content=\"Lorenzo Verduzco\" \/>\n<meta name=\"twitter:card\" content=\"summary_large_image\" \/>\n<meta name=\"twitter:label1\" content=\"Escrito por\" \/>\n\t<meta name=\"twitter:data1\" content=\"Lorenzo Verduzco\" \/>\n\t<meta name=\"twitter:label2\" content=\"Tiempo de lectura\" \/>\n\t<meta name=\"twitter:data2\" content=\"4 minutos\" \/>\n<script type=\"application\/ld+json\" class=\"yoast-schema-graph\">{\"@context\":\"https:\\\/\\\/schema.org\",\"@graph\":[{\"@type\":\"Article\",\"@id\":\"https:\\\/\\\/interamerica.org\\\/es\\\/2015\\\/04\\\/adra-incrementa-esfuerzos-asistenciales-despues-del-terremoto-de-nepal\\\/#article\",\"isPartOf\":{\"@id\":\"https:\\\/\\\/interamerica.org\\\/es\\\/2015\\\/04\\\/adra-incrementa-esfuerzos-asistenciales-despues-del-terremoto-de-nepal\\\/\"},\"author\":{\"name\":\"Lorenzo Verduzco\",\"@id\":\"https:\\\/\\\/interamerica.org\\\/es\\\/#\\\/schema\\\/person\\\/68ede8bdc292885bb76c1e3810e73c39\"},\"headline\":\"ADRA incrementa esfuerzos asistenciales despu\u00e9s del terremoto de Nepal\",\"datePublished\":\"2015-04-29T04:00:00+00:00\",\"mainEntityOfPage\":{\"@id\":\"https:\\\/\\\/interamerica.org\\\/es\\\/2015\\\/04\\\/adra-incrementa-esfuerzos-asistenciales-despues-del-terremoto-de-nepal\\\/\"},\"wordCount\":809,\"image\":{\"@id\":\"https:\\\/\\\/interamerica.org\\\/es\\\/2015\\\/04\\\/adra-incrementa-esfuerzos-asistenciales-despues-del-terremoto-de-nepal\\\/#primaryimage\"},\"thumbnailUrl\":\"https:\\\/\\\/interamerica.org\\\/wp-content\\\/uploads\\\/2017\\\/06\\\/rsz_img_6074.jpg\",\"articleSection\":[\"Desde la iglesia mundial\",\"RSS Espa\u00f1ol\"],\"inLanguage\":\"es\"},{\"@type\":\"WebPage\",\"@id\":\"https:\\\/\\\/interamerica.org\\\/es\\\/2015\\\/04\\\/adra-incrementa-esfuerzos-asistenciales-despues-del-terremoto-de-nepal\\\/\",\"url\":\"https:\\\/\\\/interamerica.org\\\/es\\\/2015\\\/04\\\/adra-incrementa-esfuerzos-asistenciales-despues-del-terremoto-de-nepal\\\/\",\"name\":\"ADRA incrementa esfuerzos asistenciales despu\u00e9s del terremoto de Nepal - Iglesia Adventista del S\u00e9ptimo D\u00eda - Divisi\u00f3n Interamericana\",\"isPartOf\":{\"@id\":\"https:\\\/\\\/interamerica.org\\\/es\\\/#website\"},\"primaryImageOfPage\":{\"@id\":\"https:\\\/\\\/interamerica.org\\\/es\\\/2015\\\/04\\\/adra-incrementa-esfuerzos-asistenciales-despues-del-terremoto-de-nepal\\\/#primaryimage\"},\"image\":{\"@id\":\"https:\\\/\\\/interamerica.org\\\/es\\\/2015\\\/04\\\/adra-incrementa-esfuerzos-asistenciales-despues-del-terremoto-de-nepal\\\/#primaryimage\"},\"thumbnailUrl\":\"https:\\\/\\\/interamerica.org\\\/wp-content\\\/uploads\\\/2017\\\/06\\\/rsz_img_6074.jpg\",\"datePublished\":\"2015-04-29T04:00:00+00:00\",\"author\":{\"@id\":\"https:\\\/\\\/interamerica.org\\\/es\\\/#\\\/schema\\\/person\\\/68ede8bdc292885bb76c1e3810e73c39\"},\"breadcrumb\":{\"@id\":\"https:\\\/\\\/interamerica.org\\\/es\\\/2015\\\/04\\\/adra-incrementa-esfuerzos-asistenciales-despues-del-terremoto-de-nepal\\\/#breadcrumb\"},\"inLanguage\":\"es\",\"potentialAction\":[{\"@type\":\"ReadAction\",\"target\":[\"https:\\\/\\\/interamerica.org\\\/es\\\/2015\\\/04\\\/adra-incrementa-esfuerzos-asistenciales-despues-del-terremoto-de-nepal\\\/\"]}]},{\"@type\":\"ImageObject\",\"inLanguage\":\"es\",\"@id\":\"https:\\\/\\\/interamerica.org\\\/es\\\/2015\\\/04\\\/adra-incrementa-esfuerzos-asistenciales-despues-del-terremoto-de-nepal\\\/#primaryimage\",\"url\":\"https:\\\/\\\/interamerica.org\\\/wp-content\\\/uploads\\\/2017\\\/06\\\/rsz_img_6074.jpg\",\"contentUrl\":\"https:\\\/\\\/interamerica.org\\\/wp-content\\\/uploads\\\/2017\\\/06\\\/rsz_img_6074.jpg\",\"width\":1000,\"height\":503},{\"@type\":\"BreadcrumbList\",\"@id\":\"https:\\\/\\\/interamerica.org\\\/es\\\/2015\\\/04\\\/adra-incrementa-esfuerzos-asistenciales-despues-del-terremoto-de-nepal\\\/#breadcrumb\",\"itemListElement\":[{\"@type\":\"ListItem\",\"position\":1,\"name\":\"Home\",\"item\":\"https:\\\/\\\/interamerica.org\\\/es\\\/\"},{\"@type\":\"ListItem\",\"position\":2,\"name\":\"ADRA incrementa esfuerzos asistenciales despu\u00e9s del terremoto de Nepal\"}]},{\"@type\":\"WebSite\",\"@id\":\"https:\\\/\\\/interamerica.org\\\/es\\\/#website\",\"url\":\"https:\\\/\\\/interamerica.org\\\/es\\\/\",\"name\":\"Iglesia Adventista del S\u00e9ptimo D\u00eda - Divisi\u00f3n Interamericana\",\"description\":\"\",\"potentialAction\":[{\"@type\":\"SearchAction\",\"target\":{\"@type\":\"EntryPoint\",\"urlTemplate\":\"https:\\\/\\\/interamerica.org\\\/es\\\/?s={search_term_string}\"},\"query-input\":{\"@type\":\"PropertyValueSpecification\",\"valueRequired\":true,\"valueName\":\"search_term_string\"}}],\"inLanguage\":\"es\"},{\"@type\":\"Person\",\"@id\":\"https:\\\/\\\/interamerica.org\\\/es\\\/#\\\/schema\\\/person\\\/68ede8bdc292885bb76c1e3810e73c39\",\"name\":\"Lorenzo Verduzco\",\"image\":{\"@type\":\"ImageObject\",\"inLanguage\":\"es\",\"@id\":\"https:\\\/\\\/secure.gravatar.com\\\/avatar\\\/fb81a55b6218459490a9c1dc841a34909185b81904c5337b4b27f7a6fd60c49e?s=96&d=mm&r=g\",\"url\":\"https:\\\/\\\/secure.gravatar.com\\\/avatar\\\/fb81a55b6218459490a9c1dc841a34909185b81904c5337b4b27f7a6fd60c49e?s=96&d=mm&r=g\",\"contentUrl\":\"https:\\\/\\\/secure.gravatar.com\\\/avatar\\\/fb81a55b6218459490a9c1dc841a34909185b81904c5337b4b27f7a6fd60c49e?s=96&d=mm&r=g\",\"caption\":\"Lorenzo Verduzco\"}}]}<\/script>\n<!-- \/ Yoast SEO plugin. -->","yoast_head_json":{"title":"ADRA incrementa esfuerzos asistenciales despu\u00e9s del terremoto de Nepal - Iglesia Adventista del S\u00e9ptimo D\u00eda - Divisi\u00f3n Interamericana","robots":{"index":"index","follow":"follow","max-snippet":"max-snippet:-1","max-image-preview":"max-image-preview:large","max-video-preview":"max-video-preview:-1"},"canonical":"https:\/\/interamerica.org\/es\/2015\/04\/adra-incrementa-esfuerzos-asistenciales-despues-del-terremoto-de-nepal\/","og_locale":"es_ES","og_type":"article","og_title":"ADRA incrementa esfuerzos asistenciales despu\u00e9s del terremoto de Nepal - Iglesia Adventista del S\u00e9ptimo D\u00eda - Divisi\u00f3n Interamericana","og_description":"Un equipo de respuestas a emergencias de ADRA lleg\u00f3 a Nepal el martes para incrementar los esfuerzos de ofrecer alimento y refugio a cientos de personas que quedaron sin techo despu\u00e9s del mort\u00edfero terremoto que azot\u00f3 el pa\u00eds el fin de semana pasado.  La cat\u00e1strofe del pasado 25 de abril se cobr\u00f3 la vida de m\u00e1s de cinco mil personas y dej\u00f3 otros diez mil heridos, dijeron las autoridades nepal\u00edes.","og_url":"https:\/\/interamerica.org\/es\/2015\/04\/adra-incrementa-esfuerzos-asistenciales-despues-del-terremoto-de-nepal\/","og_site_name":"Iglesia Adventista del S\u00e9ptimo D\u00eda - Divisi\u00f3n Interamericana","article_published_time":"2015-04-29T04:00:00+00:00","og_image":[{"width":1000,"height":503,"url":"https:\/\/interamerica.org\/wp-content\/uploads\/2017\/06\/rsz_img_6074.jpg","type":"image\/jpeg"}],"author":"Lorenzo Verduzco","twitter_card":"summary_large_image","twitter_misc":{"Escrito por":"Lorenzo Verduzco","Tiempo de lectura":"4 minutos"},"schema":{"@context":"https:\/\/schema.org","@graph":[{"@type":"Article","@id":"https:\/\/interamerica.org\/es\/2015\/04\/adra-incrementa-esfuerzos-asistenciales-despues-del-terremoto-de-nepal\/#article","isPartOf":{"@id":"https:\/\/interamerica.org\/es\/2015\/04\/adra-incrementa-esfuerzos-asistenciales-despues-del-terremoto-de-nepal\/"},"author":{"name":"Lorenzo Verduzco","@id":"https:\/\/interamerica.org\/es\/#\/schema\/person\/68ede8bdc292885bb76c1e3810e73c39"},"headline":"ADRA incrementa esfuerzos asistenciales despu\u00e9s del terremoto de Nepal","datePublished":"2015-04-29T04:00:00+00:00","mainEntityOfPage":{"@id":"https:\/\/interamerica.org\/es\/2015\/04\/adra-incrementa-esfuerzos-asistenciales-despues-del-terremoto-de-nepal\/"},"wordCount":809,"image":{"@id":"https:\/\/interamerica.org\/es\/2015\/04\/adra-incrementa-esfuerzos-asistenciales-despues-del-terremoto-de-nepal\/#primaryimage"},"thumbnailUrl":"https:\/\/interamerica.org\/wp-content\/uploads\/2017\/06\/rsz_img_6074.jpg","articleSection":["Desde la iglesia mundial","RSS Espa\u00f1ol"],"inLanguage":"es"},{"@type":"WebPage","@id":"https:\/\/interamerica.org\/es\/2015\/04\/adra-incrementa-esfuerzos-asistenciales-despues-del-terremoto-de-nepal\/","url":"https:\/\/interamerica.org\/es\/2015\/04\/adra-incrementa-esfuerzos-asistenciales-despues-del-terremoto-de-nepal\/","name":"ADRA incrementa esfuerzos asistenciales despu\u00e9s del terremoto de Nepal - Iglesia Adventista del S\u00e9ptimo D\u00eda - Divisi\u00f3n Interamericana","isPartOf":{"@id":"https:\/\/interamerica.org\/es\/#website"},"primaryImageOfPage":{"@id":"https:\/\/interamerica.org\/es\/2015\/04\/adra-incrementa-esfuerzos-asistenciales-despues-del-terremoto-de-nepal\/#primaryimage"},"image":{"@id":"https:\/\/interamerica.org\/es\/2015\/04\/adra-incrementa-esfuerzos-asistenciales-despues-del-terremoto-de-nepal\/#primaryimage"},"thumbnailUrl":"https:\/\/interamerica.org\/wp-content\/uploads\/2017\/06\/rsz_img_6074.jpg","datePublished":"2015-04-29T04:00:00+00:00","author":{"@id":"https:\/\/interamerica.org\/es\/#\/schema\/person\/68ede8bdc292885bb76c1e3810e73c39"},"breadcrumb":{"@id":"https:\/\/interamerica.org\/es\/2015\/04\/adra-incrementa-esfuerzos-asistenciales-despues-del-terremoto-de-nepal\/#breadcrumb"},"inLanguage":"es","potentialAction":[{"@type":"ReadAction","target":["https:\/\/interamerica.org\/es\/2015\/04\/adra-incrementa-esfuerzos-asistenciales-despues-del-terremoto-de-nepal\/"]}]},{"@type":"ImageObject","inLanguage":"es","@id":"https:\/\/interamerica.org\/es\/2015\/04\/adra-incrementa-esfuerzos-asistenciales-despues-del-terremoto-de-nepal\/#primaryimage","url":"https:\/\/interamerica.org\/wp-content\/uploads\/2017\/06\/rsz_img_6074.jpg","contentUrl":"https:\/\/interamerica.org\/wp-content\/uploads\/2017\/06\/rsz_img_6074.jpg","width":1000,"height":503},{"@type":"BreadcrumbList","@id":"https:\/\/interamerica.org\/es\/2015\/04\/adra-incrementa-esfuerzos-asistenciales-despues-del-terremoto-de-nepal\/#breadcrumb","itemListElement":[{"@type":"ListItem","position":1,"name":"Home","item":"https:\/\/interamerica.org\/es\/"},{"@type":"ListItem","position":2,"name":"ADRA incrementa esfuerzos asistenciales despu\u00e9s del terremoto de Nepal"}]},{"@type":"WebSite","@id":"https:\/\/interamerica.org\/es\/#website","url":"https:\/\/interamerica.org\/es\/","name":"Iglesia Adventista del S\u00e9ptimo D\u00eda - Divisi\u00f3n Interamericana","description":"","potentialAction":[{"@type":"SearchAction","target":{"@type":"EntryPoint","urlTemplate":"https:\/\/interamerica.org\/es\/?s={search_term_string}"},"query-input":{"@type":"PropertyValueSpecification","valueRequired":true,"valueName":"search_term_string"}}],"inLanguage":"es"},{"@type":"Person","@id":"https:\/\/interamerica.org\/es\/#\/schema\/person\/68ede8bdc292885bb76c1e3810e73c39","name":"Lorenzo Verduzco","image":{"@type":"ImageObject","inLanguage":"es","@id":"https:\/\/secure.gravatar.com\/avatar\/fb81a55b6218459490a9c1dc841a34909185b81904c5337b4b27f7a6fd60c49e?s=96&d=mm&r=g","url":"https:\/\/secure.gravatar.com\/avatar\/fb81a55b6218459490a9c1dc841a34909185b81904c5337b4b27f7a6fd60c49e?s=96&d=mm&r=g","contentUrl":"https:\/\/secure.gravatar.com\/avatar\/fb81a55b6218459490a9c1dc841a34909185b81904c5337b4b27f7a6fd60c49e?s=96&d=mm&r=g","caption":"Lorenzo Verduzco"}}]}},"_links":{"self":[{"href":"https:\/\/interamerica.org\/es\/wp-json\/wp\/v2\/posts\/30814","targetHints":{"allow":["GET"]}}],"collection":[{"href":"https:\/\/interamerica.org\/es\/wp-json\/wp\/v2\/posts"}],"about":[{"href":"https:\/\/interamerica.org\/es\/wp-json\/wp\/v2\/types\/post"}],"author":[{"embeddable":true,"href":"https:\/\/interamerica.org\/es\/wp-json\/wp\/v2\/users\/1"}],"replies":[{"embeddable":true,"href":"https:\/\/interamerica.org\/es\/wp-json\/wp\/v2\/comments?post=30814"}],"version-history":[{"count":0,"href":"https:\/\/interamerica.org\/es\/wp-json\/wp\/v2\/posts\/30814\/revisions"}],"wp:featuredmedia":[{"embeddable":true,"href":"https:\/\/interamerica.org\/es\/wp-json\/wp\/v2\/media\/25132"}],"wp:attachment":[{"href":"https:\/\/interamerica.org\/es\/wp-json\/wp\/v2\/media?parent=30814"}],"wp:term":[{"taxonomy":"category","embeddable":true,"href":"https:\/\/interamerica.org\/es\/wp-json\/wp\/v2\/categories?post=30814"},{"taxonomy":"post_tag","embeddable":true,"href":"https:\/\/interamerica.org\/es\/wp-json\/wp\/v2\/tags?post=30814"}],"curies":[{"name":"wp","href":"https:\/\/api.w.org\/{rel}","templated":true}]}}