{"id":30815,"date":"2015-04-29T00:00:00","date_gmt":"2015-04-29T04:00:00","guid":{"rendered":"http:\/\/192.81.217.108\/interamerica\/2015\/04\/lideres-de-la-iglesia-desafian-a-los-estudiantes-de-teologia-para-prepararse-para-la-linea-de-fuego\/"},"modified":"2015-04-29T00:00:00","modified_gmt":"2015-04-29T04:00:00","slug":"lideres-de-la-iglesia-desafian-a-los-estudiantes-de-teologia-para-prepararse-para-la-linea-de-fuego","status":"publish","type":"post","link":"https:\/\/interamerica.org\/es\/2015\/04\/lideres-de-la-iglesia-desafian-a-los-estudiantes-de-teologia-para-prepararse-para-la-linea-de-fuego\/","title":{"rendered":"L\u00edderes de la iglesia desaf\u00edan a los estudiantes de teolog\u00eda para prepararse para la l\u00ednea de fuego"},"content":{"rendered":"<p>28 de abril de 2015 | Miami, Florida, Estados Unidos | Libna Stevens\/DIA<\/p>\n<div id=\"attachment_16592\" style=\"width: 368px\" class=\"wp-caption alignleft\"><a href=\"\/interamerica\/wp-content\/uploads\/2017\/06\/HectorSanchez.png\" rel=\"fancybox\" title=\"L\u00edderes de la iglesia desaf\u00edan a los estudiantes de teolog\u00eda para prepararse para la l\u00ednea de fuego\"><img fetchpriority=\"high\" decoding=\"async\" aria-describedby=\"caption-attachment-16592\" class=\" wp-image-16592  \" src=\"\/interamerica\/wp-content\/uploads\/2017\/06\/HectorSanchez.png\" alt=\"\" width=\"358\" height=\"280\" \/><\/a><p id=\"caption-attachment-16592\" class=\"wp-caption-text\">El pastor H\u00e9ctor S\u00e1nchez, secretario de la Asociaci\u00f3n Ministerial de la DIA y organizador del evento en vivo, dijo que el ministerio se reduce a mantener una relaci\u00f3n cercana y diaria con Jes\u00fas, cuidando de la esposa y los hijos y comprometi\u00e9ndose a servir a Dios y a apacentar el reba\u00f1o de todo coraz\u00f3n. Im\u00e1genes de Libna Stevens\/DIA<\/p><\/div>\n<p>Cientos de estudiantes de teolog\u00eda pr\u00f3ximos a graduarse en las universidades adventistas de Interam\u00e9rica dedicaron tiempo en el d\u00eda de hoy a escuchar a los principales l\u00edderes de la iglesia que les hablaron de la importancia de su llamado como ministros, su funci\u00f3n y las realidades de la manera en que la iglesia se mueve y crece en el campo.<\/p>\n<p>El evento, que dur\u00f3 dos horas y fue transmitido en vivo por Internet desde la sede central de la Divisi\u00f3n Interamericana en Miami, Florida, Estados Unidos, tuvo el prop\u00f3sito de permitir que los estudiantes pr\u00f3ximos a graduarse y los que lo har\u00e1n el a\u00f1o que viene sepan que no est\u00e1n solos y que tienen que aferrarse al Esp\u00edritu Santo al comprometerse a servir a Dios de todo coraz\u00f3n.<\/p>\n<p>\u00abLa Divisi\u00f3n Interamericana est\u00e1 interesada y se preocupa por ustedes &#8211;dijo el pastor H\u00e9ctor S\u00e1nchez&#8211;. Queremos que sepan que son importantes y que los valoramos, porque ustedes apacentar\u00e1n a las congregaciones del territorio\u00bb.<\/p>\n<p>Hoy d\u00eda, la DIA emplea unos 3400 ministros, que atienden a m\u00e1s de veinte mil iglesias y congregaciones.<\/p>\n<p>\u00abSer ministro no tiene que ver con sentarse a la cabeza de la mesa\u00bb, dijo el pastor Israel Leito, presidente de la DIA, al hablar a las c\u00e1maras. \u00abLa responsabilidad que descansa en los hombres del pastor no puede medirse. Para ser un ministro, tienen que poner el cuerpo en la l\u00ednea de fuego por sus ovejas\u00bb.<\/p>\n<p>El enemigo est\u00e1 tratando de llevarse las ovejas, sigui\u00f3 diciendo el pastor Leito, y \u00abnosotros [como ministros] tenemos que vivir una vida tal que est\u00e9 tan cerca del Se\u00f1or, que no importa qu\u00e9 ataque recibamos, podamos superarlo con la ayuda del Se\u00f1or\u201d.<\/p>\n<div id=\"attachment_16591\" style=\"width: 356px\" class=\"wp-caption alignleft\"><a href=\"\/interamerica\/wp-content\/uploads\/2017\/06\/IsraelLeito-theologyStudents.png\" rel=\"fancybox\" title=\"L\u00edderes de la iglesia desaf\u00edan a los estudiantes de teolog\u00eda para prepararse para la l\u00ednea de fuego\"><img decoding=\"async\" aria-describedby=\"caption-attachment-16591\" class=\" wp-image-16591  \" src=\"\/interamerica\/wp-content\/uploads\/2017\/06\/IsraelLeito-theologyStudents.png\" alt=\"\" width=\"346\" height=\"222\" \/><\/a><p id=\"caption-attachment-16591\" class=\"wp-caption-text\">El pastor Israel Leito, presidente de la DIA (izquierda), desafi\u00f3 a los estudiantes de teolog\u00eda que segu\u00edan el programa desde sus respectivas universidades para que \u00absean pastores dispuestos a dar su vida por el pueblo de Dios\u00bb. El doctor Jaime Castrej\u00f3n, presidente del SETAI, traduce el mensaje.<\/p><\/div>\n<p>\u201cSean el pastor que est\u00e1 dispuesto a dar su vida por el pueblo de Dios\u201d, dijo el pastor Leito.<\/p>\n<p>Esa entrega solo puede venir como resultado de la seguridad y el compromiso con el llamado divino particular, explic\u00f3 el doctor Elie Henry, secretario ejecutivo de la Iglesia Adventista en Interam\u00e9rica.<\/p>\n<p>\u00abMuchas veces, no se sentir\u00e1n c\u00f3modos con los peligros y desaf\u00edos que enfrenten, pero Dios les muestra y asegura que no tienen que temer, porque \u00e9l los acompa\u00f1a\u00bb, los anim\u00f3 Henry. \u00abDios quiere que sean felices en la obra que hacen para \u00e9l como resultado de su llamado\u00bb.<\/p>\n<p>Comprometerse al llamado implica una vida de devoci\u00f3n a Dios, en constante comuni\u00f3n en la b\u00fasqueda del reavivamiento y la reforma espiritual, y buscando, cuidando, protegiendo, capacitando, alentando, motivando y equipando al reba\u00f1o, dijo el pastor Melchor Ferreyra, director de ministerios personales de la Iglesia Adventista en Interam\u00e9rica.<\/p>\n<p>Tambi\u00e9n se anim\u00f3 a los estudiantes de teolog\u00eda pr\u00f3ximos a graduarse en las doce universidades adventistas de la DIA a que encuentren su compa\u00f1era, una esposa que est\u00e9 totalmente comprometida con Dios y que ame a la iglesia.<\/p>\n<div id=\"attachment_16593\" style=\"width: 394px\" class=\"wp-caption alignright\"><a href=\"\/interamerica\/wp-content\/uploads\/2017\/06\/DElosSantosLeticia.png\" rel=\"fancybox\" title=\"L\u00edderes de la iglesia desaf\u00edan a los estudiantes de teolog\u00eda para prepararse para la l\u00ednea de fuego\"><img decoding=\"async\" aria-describedby=\"caption-attachment-16593\" class=\" wp-image-16593 \" src=\"\/interamerica\/wp-content\/uploads\/2017\/06\/DElosSantosLeticia.png\" alt=\"\" width=\"384\" height=\"268\" \/><\/a><p id=\"caption-attachment-16593\" class=\"wp-caption-text\">Leticia De Los Santos, coordinadora de SIEMA Internacional en la DIA, anim\u00f3 a los estudiantes solteros de teolog\u00eda para que encuentren una esposa que ame a Dios y a la iglesia.<\/p><\/div>\n<p>El pastor\u00a0Balvin Braham, director ministerial asociado de la DIA, record\u00f3 a los estudiantes que el evangelismo se encuentra en el centro mismo de la misi\u00f3n.<\/p>\n<p>\u00abLa responsabilidad que tienen es que la iglesia crezca\u00bb, dijo Braham. \u00abLa misi\u00f3n que tienen como pastores tiene que incluir el establecimiento de nuevas iglesias, e ingresar a nuevos territorios en zonas urbanas y rurales\u00bb.<\/p>\n<p>Tiene que ver con la planificaci\u00f3n para la evangelizaci\u00f3n y la participaci\u00f3n de la feligres\u00eda en las iglesias e instituciones, para que trabajen juntas de manera innovadora\u00bb, dijo Braham.<\/p>\n<p>\u00abNecesitan una nueva cosmovisi\u00f3n, un tipo de enfoque cient\u00edfico al evangelismo como nunca antes hemos visto, para traer nuevas maneras tecnol\u00f3gicas de ganar almas\u00bb, a\u00f1adi\u00f3 Braham.<\/p>\n<p>Carlos Montoya, estudiante de teolog\u00eda que pronto se graduar\u00e1 en la Universidad Adventista Centroamericana, comparti\u00f3 un testimonio durante el evento en l\u00ednea.<\/p>\n<p>\u00abMi viaje hacia el ministerio no ha sido f\u00e1cil de alcanzar\u00bb, dijo Montoya. Montoya comparti\u00f3 que \u00e9l, su esposa y sus dos hijos dejaron su pa\u00eds natal de Honduras respondiendo al llamado de Dios de estudiar y llegar a ser pastor.<\/p>\n<p>\u00abMi esposa y yo hemos visto de qu\u00e9 manera el Se\u00f1or abri\u00f3 las puertas, porque \u00e9l quiere que nos preparemos para el ministerio\u00bb, a\u00f1adi\u00f3 Montoya. \u00abHemos tenido que enfrentar serias dificultades, pero esto no significa que Dios no nos haya llamado para servirlo\u00bb.<\/p>\n<div id=\"attachment_16594\" style=\"width: 410px\" class=\"wp-caption alignleft\"><a href=\"\/interamerica\/wp-content\/uploads\/2017\/06\/MontoyaCarlos400.png\" rel=\"fancybox\" title=\"L\u00edderes de la iglesia desaf\u00edan a los estudiantes de teolog\u00eda para prepararse para la l\u00ednea de fuego\"><img loading=\"lazy\" decoding=\"async\" aria-describedby=\"caption-attachment-16594\" class=\"size-full wp-image-16594\" src=\"\/interamerica\/wp-content\/uploads\/2017\/06\/MontoyaCarlos400.png\" alt=\"\" width=\"400\" height=\"260\" \/><\/a><p id=\"caption-attachment-16594\" class=\"wp-caption-text\">Carlos Montoya, estudiante de teolog\u00eda pr\u00f3ximo a graduarse en la Universidad Adventista Centroamericana, comparti\u00f3 de qu\u00e9 manera Dios lo llam\u00f3 a \u00e9l y su familia a ser pastor, y anim\u00f3 a los dem\u00e1s estudiantes para que conf\u00eden en la conducci\u00f3n divina, durante el evento en vivo.<\/p><\/div>\n<p>Montoya dedic\u00f3 unos pocos momentos para animar a sus compa\u00f1eros de otras universidades adventistas del territorio, para que sean firmes a la hora de responder el llamado al ministerio y permitir que Dios los gu\u00ede y los prepare para servir y ser pastores de los reba\u00f1os.<\/p>\n<p>Todo se centra en mantener una relaci\u00f3n cercana y diaria con Cristo, cuidar de la esposa y los hijos, y comprometerse a servir a Dios y ministrar al reba\u00f1o de todo coraz\u00f3n, dijo el pastor S\u00e1nchez.<\/p>\n<p>Los l\u00edderes de la iglesia respondieron preguntas sobre las maneras en que los pastores pueden hallar un equilibrio en su tiempo, c\u00f3mo pueden tener la seguridad del llamado divino, la importancia de establecer objetivos de evangelizaci\u00f3n, c\u00f3mo retener los miembros en lugar de solo traer otros nuevos y las estad\u00edsticas que muestran el impacto del evangelismo en diversas partes del mundo, entre otras cuestiones.<\/p>\n<p>El evento se llev\u00f3 a cabo en un momento en que la Iglesia Adventista de la DIA est\u00e1 celebrando el compromiso de los pastores y sus familias en todo el territorio, durante este a\u00f1o, denominado el \u00abA\u00f1o del Pastor\u00bb.<\/p>\n<p>Si desea ver las dos horas de este encuentro por Internet, presione <a href=\"https:\/\/www.youtube.com\/watch?v=Dru1agOU1_8#t=215\">AQU\u00cd<\/a><\/p>\n<p><em>Traducci\u00f3n de Marcos Paseggi<\/em><\/p>\n","protected":false},"excerpt":{"rendered":"<p>Cientos de estudiantes de teolog\u00eda pr\u00f3ximos a graduarse en las universidades adventistas de Interam\u00e9rica dedicaron tiempo en el d\u00eda de hoy a escuchar a los principales l\u00edderes de la iglesia que les hablaron de la importancia de su llamado como ministros, su funci\u00f3n y las realidades de la manera en que la iglesia se mueve y crece en el campo. <\/p>\n<p>El evento, que dur\u00f3 dos horas y fue transmitido en vivo por Internet desde la sede central de la Divisi\u00f3n Interamericana en Miami, Florida, Estados Unidos, tuvo el prop\u00f3sito de permitir que los estudiantes pr\u00f3ximos a graduarse y los que lo har\u00e1n el a\u00f1o que viene sepan que no est\u00e1n solos y que tienen que aferrarse al Esp\u00edritu Santo al comprometerse a servir a Dios de todo coraz\u00f3n.<\/p>\n","protected":false},"author":1,"featured_media":22129,"comment_status":"closed","ping_status":"closed","sticky":false,"template":"","format":"standard","meta":{"_acf_changed":false,"footnotes":""},"categories":[16,15],"tags":[],"class_list":["post-30815","post","type-post","status-publish","format-standard","has-post-thumbnail","hentry","category-desde-la-sede","category-rss-espanol"],"acf":[],"yoast_head":"<!-- This site is optimized with the Yoast SEO plugin v27.3 - https:\/\/yoast.com\/product\/yoast-seo-wordpress\/ -->\n<title>L\u00edderes de la iglesia desaf\u00edan a los estudiantes de teolog\u00eda para prepararse para la l\u00ednea de fuego - Iglesia Adventista del S\u00e9ptimo D\u00eda - Divisi\u00f3n Interamericana<\/title>\n<meta name=\"robots\" content=\"index, follow, max-snippet:-1, max-image-preview:large, max-video-preview:-1\" \/>\n<link rel=\"canonical\" href=\"https:\/\/interamerica.org\/es\/2015\/04\/lideres-de-la-iglesia-desafian-a-los-estudiantes-de-teologia-para-prepararse-para-la-linea-de-fuego\/\" \/>\n<meta property=\"og:locale\" content=\"es_ES\" \/>\n<meta property=\"og:type\" content=\"article\" \/>\n<meta property=\"og:title\" content=\"L\u00edderes de la iglesia desaf\u00edan a los estudiantes de teolog\u00eda para prepararse para la l\u00ednea de fuego - Iglesia Adventista del S\u00e9ptimo D\u00eda - Divisi\u00f3n Interamericana\" \/>\n<meta property=\"og:description\" content=\"Cientos de estudiantes de teolog\u00eda pr\u00f3ximos a graduarse en las universidades adventistas de Interam\u00e9rica dedicaron tiempo en el d\u00eda de hoy a escuchar a los principales l\u00edderes de la iglesia que les hablaron de la importancia de su llamado como ministros, su funci\u00f3n y las realidades de la manera en que la iglesia se mueve y crece en el campo.  El evento, que dur\u00f3 dos horas y fue transmitido en vivo por Internet desde la sede central de la Divisi\u00f3n Interamericana en Miami, Florida, Estados Unidos, tuvo el prop\u00f3sito de permitir que los estudiantes pr\u00f3ximos a graduarse y los que lo har\u00e1n el a\u00f1o que viene sepan que no est\u00e1n solos y que tienen que aferrarse al Esp\u00edritu Santo al comprometerse a servir a Dios de todo coraz\u00f3n.\" \/>\n<meta property=\"og:url\" content=\"https:\/\/interamerica.org\/es\/2015\/04\/lideres-de-la-iglesia-desafian-a-los-estudiantes-de-teologia-para-prepararse-para-la-linea-de-fuego\/\" \/>\n<meta property=\"og:site_name\" content=\"Iglesia Adventista del S\u00e9ptimo D\u00eda - Divisi\u00f3n Interamericana\" \/>\n<meta property=\"article:published_time\" content=\"2015-04-29T04:00:00+00:00\" \/>\n<meta property=\"og:image\" content=\"https:\/\/interamerica.org\/wp-content\/uploads\/2017\/06\/HectorSanchez.png\" \/>\n\t<meta property=\"og:image:width\" content=\"315\" \/>\n\t<meta property=\"og:image:height\" content=\"249\" \/>\n\t<meta property=\"og:image:type\" content=\"image\/png\" \/>\n<meta name=\"author\" content=\"Lorenzo Verduzco\" \/>\n<meta name=\"twitter:card\" content=\"summary_large_image\" \/>\n<meta name=\"twitter:label1\" content=\"Escrito por\" \/>\n\t<meta name=\"twitter:data1\" content=\"Lorenzo Verduzco\" \/>\n\t<meta name=\"twitter:label2\" content=\"Tiempo de lectura\" \/>\n\t<meta name=\"twitter:data2\" content=\"6 minutos\" \/>\n<script type=\"application\/ld+json\" class=\"yoast-schema-graph\">{\"@context\":\"https:\\\/\\\/schema.org\",\"@graph\":[{\"@type\":\"Article\",\"@id\":\"https:\\\/\\\/interamerica.org\\\/es\\\/2015\\\/04\\\/lideres-de-la-iglesia-desafian-a-los-estudiantes-de-teologia-para-prepararse-para-la-linea-de-fuego\\\/#article\",\"isPartOf\":{\"@id\":\"https:\\\/\\\/interamerica.org\\\/es\\\/2015\\\/04\\\/lideres-de-la-iglesia-desafian-a-los-estudiantes-de-teologia-para-prepararse-para-la-linea-de-fuego\\\/\"},\"author\":{\"name\":\"Lorenzo Verduzco\",\"@id\":\"https:\\\/\\\/interamerica.org\\\/es\\\/#\\\/schema\\\/person\\\/68ede8bdc292885bb76c1e3810e73c39\"},\"headline\":\"L\u00edderes de la iglesia desaf\u00edan a los estudiantes de teolog\u00eda para prepararse para la l\u00ednea de fuego\",\"datePublished\":\"2015-04-29T04:00:00+00:00\",\"mainEntityOfPage\":{\"@id\":\"https:\\\/\\\/interamerica.org\\\/es\\\/2015\\\/04\\\/lideres-de-la-iglesia-desafian-a-los-estudiantes-de-teologia-para-prepararse-para-la-linea-de-fuego\\\/\"},\"wordCount\":1214,\"image\":{\"@id\":\"https:\\\/\\\/interamerica.org\\\/es\\\/2015\\\/04\\\/lideres-de-la-iglesia-desafian-a-los-estudiantes-de-teologia-para-prepararse-para-la-linea-de-fuego\\\/#primaryimage\"},\"thumbnailUrl\":\"https:\\\/\\\/interamerica.org\\\/wp-content\\\/uploads\\\/2017\\\/06\\\/HectorSanchez.png\",\"articleSection\":[\"Desde la sede\",\"RSS Espa\u00f1ol\"],\"inLanguage\":\"es\"},{\"@type\":\"WebPage\",\"@id\":\"https:\\\/\\\/interamerica.org\\\/es\\\/2015\\\/04\\\/lideres-de-la-iglesia-desafian-a-los-estudiantes-de-teologia-para-prepararse-para-la-linea-de-fuego\\\/\",\"url\":\"https:\\\/\\\/interamerica.org\\\/es\\\/2015\\\/04\\\/lideres-de-la-iglesia-desafian-a-los-estudiantes-de-teologia-para-prepararse-para-la-linea-de-fuego\\\/\",\"name\":\"L\u00edderes de la iglesia desaf\u00edan a los estudiantes de teolog\u00eda para prepararse para la l\u00ednea de fuego - Iglesia Adventista del S\u00e9ptimo D\u00eda - Divisi\u00f3n Interamericana\",\"isPartOf\":{\"@id\":\"https:\\\/\\\/interamerica.org\\\/es\\\/#website\"},\"primaryImageOfPage\":{\"@id\":\"https:\\\/\\\/interamerica.org\\\/es\\\/2015\\\/04\\\/lideres-de-la-iglesia-desafian-a-los-estudiantes-de-teologia-para-prepararse-para-la-linea-de-fuego\\\/#primaryimage\"},\"image\":{\"@id\":\"https:\\\/\\\/interamerica.org\\\/es\\\/2015\\\/04\\\/lideres-de-la-iglesia-desafian-a-los-estudiantes-de-teologia-para-prepararse-para-la-linea-de-fuego\\\/#primaryimage\"},\"thumbnailUrl\":\"https:\\\/\\\/interamerica.org\\\/wp-content\\\/uploads\\\/2017\\\/06\\\/HectorSanchez.png\",\"datePublished\":\"2015-04-29T04:00:00+00:00\",\"author\":{\"@id\":\"https:\\\/\\\/interamerica.org\\\/es\\\/#\\\/schema\\\/person\\\/68ede8bdc292885bb76c1e3810e73c39\"},\"breadcrumb\":{\"@id\":\"https:\\\/\\\/interamerica.org\\\/es\\\/2015\\\/04\\\/lideres-de-la-iglesia-desafian-a-los-estudiantes-de-teologia-para-prepararse-para-la-linea-de-fuego\\\/#breadcrumb\"},\"inLanguage\":\"es\",\"potentialAction\":[{\"@type\":\"ReadAction\",\"target\":[\"https:\\\/\\\/interamerica.org\\\/es\\\/2015\\\/04\\\/lideres-de-la-iglesia-desafian-a-los-estudiantes-de-teologia-para-prepararse-para-la-linea-de-fuego\\\/\"]}]},{\"@type\":\"ImageObject\",\"inLanguage\":\"es\",\"@id\":\"https:\\\/\\\/interamerica.org\\\/es\\\/2015\\\/04\\\/lideres-de-la-iglesia-desafian-a-los-estudiantes-de-teologia-para-prepararse-para-la-linea-de-fuego\\\/#primaryimage\",\"url\":\"https:\\\/\\\/interamerica.org\\\/wp-content\\\/uploads\\\/2017\\\/06\\\/HectorSanchez.png\",\"contentUrl\":\"https:\\\/\\\/interamerica.org\\\/wp-content\\\/uploads\\\/2017\\\/06\\\/HectorSanchez.png\",\"width\":315,\"height\":249},{\"@type\":\"BreadcrumbList\",\"@id\":\"https:\\\/\\\/interamerica.org\\\/es\\\/2015\\\/04\\\/lideres-de-la-iglesia-desafian-a-los-estudiantes-de-teologia-para-prepararse-para-la-linea-de-fuego\\\/#breadcrumb\",\"itemListElement\":[{\"@type\":\"ListItem\",\"position\":1,\"name\":\"Home\",\"item\":\"https:\\\/\\\/interamerica.org\\\/es\\\/\"},{\"@type\":\"ListItem\",\"position\":2,\"name\":\"L\u00edderes de la iglesia desaf\u00edan a los estudiantes de teolog\u00eda para prepararse para la l\u00ednea de fuego\"}]},{\"@type\":\"WebSite\",\"@id\":\"https:\\\/\\\/interamerica.org\\\/es\\\/#website\",\"url\":\"https:\\\/\\\/interamerica.org\\\/es\\\/\",\"name\":\"Iglesia Adventista del S\u00e9ptimo D\u00eda - Divisi\u00f3n Interamericana\",\"description\":\"\",\"potentialAction\":[{\"@type\":\"SearchAction\",\"target\":{\"@type\":\"EntryPoint\",\"urlTemplate\":\"https:\\\/\\\/interamerica.org\\\/es\\\/?s={search_term_string}\"},\"query-input\":{\"@type\":\"PropertyValueSpecification\",\"valueRequired\":true,\"valueName\":\"search_term_string\"}}],\"inLanguage\":\"es\"},{\"@type\":\"Person\",\"@id\":\"https:\\\/\\\/interamerica.org\\\/es\\\/#\\\/schema\\\/person\\\/68ede8bdc292885bb76c1e3810e73c39\",\"name\":\"Lorenzo Verduzco\",\"image\":{\"@type\":\"ImageObject\",\"inLanguage\":\"es\",\"@id\":\"https:\\\/\\\/secure.gravatar.com\\\/avatar\\\/fb81a55b6218459490a9c1dc841a34909185b81904c5337b4b27f7a6fd60c49e?s=96&d=mm&r=g\",\"url\":\"https:\\\/\\\/secure.gravatar.com\\\/avatar\\\/fb81a55b6218459490a9c1dc841a34909185b81904c5337b4b27f7a6fd60c49e?s=96&d=mm&r=g\",\"contentUrl\":\"https:\\\/\\\/secure.gravatar.com\\\/avatar\\\/fb81a55b6218459490a9c1dc841a34909185b81904c5337b4b27f7a6fd60c49e?s=96&d=mm&r=g\",\"caption\":\"Lorenzo Verduzco\"}}]}<\/script>\n<!-- \/ Yoast SEO plugin. -->","yoast_head_json":{"title":"L\u00edderes de la iglesia desaf\u00edan a los estudiantes de teolog\u00eda para prepararse para la l\u00ednea de fuego - Iglesia Adventista del S\u00e9ptimo D\u00eda - Divisi\u00f3n Interamericana","robots":{"index":"index","follow":"follow","max-snippet":"max-snippet:-1","max-image-preview":"max-image-preview:large","max-video-preview":"max-video-preview:-1"},"canonical":"https:\/\/interamerica.org\/es\/2015\/04\/lideres-de-la-iglesia-desafian-a-los-estudiantes-de-teologia-para-prepararse-para-la-linea-de-fuego\/","og_locale":"es_ES","og_type":"article","og_title":"L\u00edderes de la iglesia desaf\u00edan a los estudiantes de teolog\u00eda para prepararse para la l\u00ednea de fuego - Iglesia Adventista del S\u00e9ptimo D\u00eda - Divisi\u00f3n Interamericana","og_description":"Cientos de estudiantes de teolog\u00eda pr\u00f3ximos a graduarse en las universidades adventistas de Interam\u00e9rica dedicaron tiempo en el d\u00eda de hoy a escuchar a los principales l\u00edderes de la iglesia que les hablaron de la importancia de su llamado como ministros, su funci\u00f3n y las realidades de la manera en que la iglesia se mueve y crece en el campo.  El evento, que dur\u00f3 dos horas y fue transmitido en vivo por Internet desde la sede central de la Divisi\u00f3n Interamericana en Miami, Florida, Estados Unidos, tuvo el prop\u00f3sito de permitir que los estudiantes pr\u00f3ximos a graduarse y los que lo har\u00e1n el a\u00f1o que viene sepan que no est\u00e1n solos y que tienen que aferrarse al Esp\u00edritu Santo al comprometerse a servir a Dios de todo coraz\u00f3n.","og_url":"https:\/\/interamerica.org\/es\/2015\/04\/lideres-de-la-iglesia-desafian-a-los-estudiantes-de-teologia-para-prepararse-para-la-linea-de-fuego\/","og_site_name":"Iglesia Adventista del S\u00e9ptimo D\u00eda - Divisi\u00f3n Interamericana","article_published_time":"2015-04-29T04:00:00+00:00","og_image":[{"width":315,"height":249,"url":"https:\/\/interamerica.org\/wp-content\/uploads\/2017\/06\/HectorSanchez.png","type":"image\/png"}],"author":"Lorenzo Verduzco","twitter_card":"summary_large_image","twitter_misc":{"Escrito por":"Lorenzo Verduzco","Tiempo de lectura":"6 minutos"},"schema":{"@context":"https:\/\/schema.org","@graph":[{"@type":"Article","@id":"https:\/\/interamerica.org\/es\/2015\/04\/lideres-de-la-iglesia-desafian-a-los-estudiantes-de-teologia-para-prepararse-para-la-linea-de-fuego\/#article","isPartOf":{"@id":"https:\/\/interamerica.org\/es\/2015\/04\/lideres-de-la-iglesia-desafian-a-los-estudiantes-de-teologia-para-prepararse-para-la-linea-de-fuego\/"},"author":{"name":"Lorenzo Verduzco","@id":"https:\/\/interamerica.org\/es\/#\/schema\/person\/68ede8bdc292885bb76c1e3810e73c39"},"headline":"L\u00edderes de la iglesia desaf\u00edan a los estudiantes de teolog\u00eda para prepararse para la l\u00ednea de fuego","datePublished":"2015-04-29T04:00:00+00:00","mainEntityOfPage":{"@id":"https:\/\/interamerica.org\/es\/2015\/04\/lideres-de-la-iglesia-desafian-a-los-estudiantes-de-teologia-para-prepararse-para-la-linea-de-fuego\/"},"wordCount":1214,"image":{"@id":"https:\/\/interamerica.org\/es\/2015\/04\/lideres-de-la-iglesia-desafian-a-los-estudiantes-de-teologia-para-prepararse-para-la-linea-de-fuego\/#primaryimage"},"thumbnailUrl":"https:\/\/interamerica.org\/wp-content\/uploads\/2017\/06\/HectorSanchez.png","articleSection":["Desde la sede","RSS Espa\u00f1ol"],"inLanguage":"es"},{"@type":"WebPage","@id":"https:\/\/interamerica.org\/es\/2015\/04\/lideres-de-la-iglesia-desafian-a-los-estudiantes-de-teologia-para-prepararse-para-la-linea-de-fuego\/","url":"https:\/\/interamerica.org\/es\/2015\/04\/lideres-de-la-iglesia-desafian-a-los-estudiantes-de-teologia-para-prepararse-para-la-linea-de-fuego\/","name":"L\u00edderes de la iglesia desaf\u00edan a los estudiantes de teolog\u00eda para prepararse para la l\u00ednea de fuego - Iglesia Adventista del S\u00e9ptimo D\u00eda - Divisi\u00f3n Interamericana","isPartOf":{"@id":"https:\/\/interamerica.org\/es\/#website"},"primaryImageOfPage":{"@id":"https:\/\/interamerica.org\/es\/2015\/04\/lideres-de-la-iglesia-desafian-a-los-estudiantes-de-teologia-para-prepararse-para-la-linea-de-fuego\/#primaryimage"},"image":{"@id":"https:\/\/interamerica.org\/es\/2015\/04\/lideres-de-la-iglesia-desafian-a-los-estudiantes-de-teologia-para-prepararse-para-la-linea-de-fuego\/#primaryimage"},"thumbnailUrl":"https:\/\/interamerica.org\/wp-content\/uploads\/2017\/06\/HectorSanchez.png","datePublished":"2015-04-29T04:00:00+00:00","author":{"@id":"https:\/\/interamerica.org\/es\/#\/schema\/person\/68ede8bdc292885bb76c1e3810e73c39"},"breadcrumb":{"@id":"https:\/\/interamerica.org\/es\/2015\/04\/lideres-de-la-iglesia-desafian-a-los-estudiantes-de-teologia-para-prepararse-para-la-linea-de-fuego\/#breadcrumb"},"inLanguage":"es","potentialAction":[{"@type":"ReadAction","target":["https:\/\/interamerica.org\/es\/2015\/04\/lideres-de-la-iglesia-desafian-a-los-estudiantes-de-teologia-para-prepararse-para-la-linea-de-fuego\/"]}]},{"@type":"ImageObject","inLanguage":"es","@id":"https:\/\/interamerica.org\/es\/2015\/04\/lideres-de-la-iglesia-desafian-a-los-estudiantes-de-teologia-para-prepararse-para-la-linea-de-fuego\/#primaryimage","url":"https:\/\/interamerica.org\/wp-content\/uploads\/2017\/06\/HectorSanchez.png","contentUrl":"https:\/\/interamerica.org\/wp-content\/uploads\/2017\/06\/HectorSanchez.png","width":315,"height":249},{"@type":"BreadcrumbList","@id":"https:\/\/interamerica.org\/es\/2015\/04\/lideres-de-la-iglesia-desafian-a-los-estudiantes-de-teologia-para-prepararse-para-la-linea-de-fuego\/#breadcrumb","itemListElement":[{"@type":"ListItem","position":1,"name":"Home","item":"https:\/\/interamerica.org\/es\/"},{"@type":"ListItem","position":2,"name":"L\u00edderes de la iglesia desaf\u00edan a los estudiantes de teolog\u00eda para prepararse para la l\u00ednea de fuego"}]},{"@type":"WebSite","@id":"https:\/\/interamerica.org\/es\/#website","url":"https:\/\/interamerica.org\/es\/","name":"Iglesia Adventista del S\u00e9ptimo D\u00eda - Divisi\u00f3n Interamericana","description":"","potentialAction":[{"@type":"SearchAction","target":{"@type":"EntryPoint","urlTemplate":"https:\/\/interamerica.org\/es\/?s={search_term_string}"},"query-input":{"@type":"PropertyValueSpecification","valueRequired":true,"valueName":"search_term_string"}}],"inLanguage":"es"},{"@type":"Person","@id":"https:\/\/interamerica.org\/es\/#\/schema\/person\/68ede8bdc292885bb76c1e3810e73c39","name":"Lorenzo Verduzco","image":{"@type":"ImageObject","inLanguage":"es","@id":"https:\/\/secure.gravatar.com\/avatar\/fb81a55b6218459490a9c1dc841a34909185b81904c5337b4b27f7a6fd60c49e?s=96&d=mm&r=g","url":"https:\/\/secure.gravatar.com\/avatar\/fb81a55b6218459490a9c1dc841a34909185b81904c5337b4b27f7a6fd60c49e?s=96&d=mm&r=g","contentUrl":"https:\/\/secure.gravatar.com\/avatar\/fb81a55b6218459490a9c1dc841a34909185b81904c5337b4b27f7a6fd60c49e?s=96&d=mm&r=g","caption":"Lorenzo Verduzco"}}]}},"_links":{"self":[{"href":"https:\/\/interamerica.org\/es\/wp-json\/wp\/v2\/posts\/30815","targetHints":{"allow":["GET"]}}],"collection":[{"href":"https:\/\/interamerica.org\/es\/wp-json\/wp\/v2\/posts"}],"about":[{"href":"https:\/\/interamerica.org\/es\/wp-json\/wp\/v2\/types\/post"}],"author":[{"embeddable":true,"href":"https:\/\/interamerica.org\/es\/wp-json\/wp\/v2\/users\/1"}],"replies":[{"embeddable":true,"href":"https:\/\/interamerica.org\/es\/wp-json\/wp\/v2\/comments?post=30815"}],"version-history":[{"count":0,"href":"https:\/\/interamerica.org\/es\/wp-json\/wp\/v2\/posts\/30815\/revisions"}],"wp:featuredmedia":[{"embeddable":true,"href":"https:\/\/interamerica.org\/es\/wp-json\/wp\/v2\/media\/22129"}],"wp:attachment":[{"href":"https:\/\/interamerica.org\/es\/wp-json\/wp\/v2\/media?parent=30815"}],"wp:term":[{"taxonomy":"category","embeddable":true,"href":"https:\/\/interamerica.org\/es\/wp-json\/wp\/v2\/categories?post=30815"},{"taxonomy":"post_tag","embeddable":true,"href":"https:\/\/interamerica.org\/es\/wp-json\/wp\/v2\/tags?post=30815"}],"curies":[{"name":"wp","href":"https:\/\/api.w.org\/{rel}","templated":true}]}}