{"id":30817,"date":"2015-05-01T00:00:00","date_gmt":"2015-05-01T04:00:00","guid":{"rendered":"http:\/\/192.81.217.108\/interamerica\/2015\/05\/milagro-en-el-everest-adventista-se-salva-de-morir-tras-avalancha-por-terremoto-en-nepal\/"},"modified":"2015-05-01T00:00:00","modified_gmt":"2015-05-01T04:00:00","slug":"milagro-en-el-everest-adventista-se-salva-de-morir-tras-avalancha-por-terremoto-en-nepal","status":"publish","type":"post","link":"https:\/\/interamerica.org\/es\/2015\/05\/milagro-en-el-everest-adventista-se-salva-de-morir-tras-avalancha-por-terremoto-en-nepal\/","title":{"rendered":"Milagro en el Everest: Adventista se salva de morir tras avalancha por terremoto en Nepal"},"content":{"rendered":"<p>30 de abril de 2015 | Brasilia, Brasil | Carolyn Azo, ASN \/ ANN<\/p>\n<p>Ernesto Olivares Miranda, un adventista de Chile, es integrante de un equipo de monta\u00f1istas que se encontraba en el Everest cuando un sismo de 7,8 grados de magnitud sacudi\u00f3 a Nepal el s\u00e1bado 25 de abril pasado.<\/p>\n<p>\u00abEst\u00e1bamos en el campamento base cuando comenz\u00f3 a temblar. El glaciar resonaba por el movimiento y se quebraba. La nubosidad que cubr\u00eda las monta\u00f1as que nos rodean no nos permit\u00edan ver mucho. De pronto, el estruendo comienza a aumentar, retumban las monta\u00f1as y parec\u00eda que algo se aproximaba, pero nosotros no ve\u00edamos nada\u00bb, dijo Olivares Miranda.<\/p>\n<p>Olivares y su equipo estaban en el campamento base ubicado a 5360 metros sobre el nivel del mar.<\/p>\n<p>\u00abFueron segundos eternos de incertidumbre. Miramos hacia atr\u00e1s y a nuestras espaldas se acercaba una nube de nieve que avanzaba a gran velocidad. Decidimos esperar unos segundos para ver si nos iba a pegar a nosotros. Fue en ese momento en el que decidimos tirarnos al hielo, al lado de un mont\u00edculo de rocas\u00bb, cont\u00f3 Olivares. \u00abPocos segundos despu\u00e9s sentimos que pasaba sobre nosotros un fuerte viento, y empez\u00f3 a caer nieve\u00bb.<\/p>\n<p><div id=\"attachment_16645\" style=\"width: 410px\" class=\"wp-caption alignright\"><a href=\"\/interamerica\/wp-content\/uploads\/2017\/06\/csm_Ernesto_Olivares_Miranda_del_lado_derecho._4b81eaff9b.jpg\" rel=\"fancybox\" title=\"Milagro en el Everest: Adventista se salva de morir tras avalancha por terremoto en Nepal\"><img fetchpriority=\"high\" decoding=\"async\" aria-describedby=\"caption-attachment-16645\" class=\"size-full wp-image-16645 \" src=\"\/interamerica\/wp-content\/uploads\/2017\/06\/csm_Ernesto_Olivares_Miranda_del_lado_derecho._4b81eaff9b.jpg\" alt=\"\" width=\"400\" height=\"300\" \/><\/a><p id=\"caption-attachment-16645\" class=\"wp-caption-text\">Ernesto Olivares (derecha) en Nepal. La avalancha pas\u00f3 a cincuenta metros de \u00e9l y su grupo de monta\u00f1istas. [fotograf\u00eda: Ernesto Olivares, SAD]<\/p><\/div>Olivares tambi\u00e9n cont\u00f3 a la Agencia Sudamericana de Noticias (ASN) el desolador panorama posterior. \u00abAyudamos\u00a0a rescatar a los heridos, y a los fallecidos solo los cubrimos. Han sido d\u00edas muy tristes; la mayor\u00eda de los fallecidos eran los cocineros y sus ayudantes\u00bb, dijo.<\/p>\n<p>Olivares y su equipo se encontraban a cincuenta metros de donde pas\u00f3 la avalancha.<\/p>\n<p>\u00abEn ese momento le rogu\u00e9 a Dios que me permitiera abrazar una vez m\u00e1s a mi familia. Record\u00e9 el Salmo 91, &#8216;pues a sus \u00e1ngeles mandar\u00e1 acerca de ti, que te guarden en todos tus caminos [&#8230;] y para que tu pie no tropiece en piedra'\u00bb, cont\u00f3 a la estaci\u00f3n de radio de la Universidad Adventista de Chile. \u00abEn ese momento, me aferr\u00e9 a esa promesa\u201d.<\/p>\n<p>Horas m\u00e1s tarde, personal de la Agencia Adventista de Desarrollo y Recursos Asistenciales (ADRA) entr\u00f3 en contacto con Olivares por WhatsApp, y recibi\u00f3 un informe sobre su ubicaci\u00f3n y estado.<\/p>\n<p>El mi\u00e9rcoles 29 de abril, Landerson Serpa, director de ADRA Banglad\u00e9s y amigo del chileno, inform\u00f3 a ASN que el equipo que Olivares dirig\u00eda a\u00fan est\u00e1 en la monta\u00f1a aguardando que llegue ayuda. \u00abEst\u00e1n esperando que los rescaten en el campamento base, junto con cientos de monta\u00f1istas aislados. Est\u00e1n bien, pero tristes por las veinte personas que perdieron la vida en la avalancha\u00bb, inform\u00f3 Serpa.<\/p>\n<p>Los medios chilenos revelaron que desde el terremoto, Oliveras y su equipo han estado ayudando como rescatistas. Olivares dijo a la estaci\u00f3n de radio de la Universidad Adventista de Chile que su equipo tambi\u00e9n descender\u00e1 del Everest para visitar otros campamentos base \u00abcon la esperanza de poder ayudar\u00bb.<\/p>\n<p><em>Traducci\u00f3n de Marcos Paseggi<\/em><\/p>\n","protected":false},"excerpt":{"rendered":"<p>Ernesto Olivares Miranda, un adventista de Chile, es integrante de un equipo de monta\u00f1istas que se encontraba en el Everest cuando un sismo de 7,8 grados de magnitud sacudi\u00f3 a Nepal el s\u00e1bado 25 de abril pasado. <\/p>\n<p>\u00abEst\u00e1bamos en el campamento base cuando comenz\u00f3 a temblar. El glaciar resonaba por el movimiento y se quebraba. La nubosidad que cubr\u00eda las monta\u00f1as que nos rodean no nos permit\u00edan ver mucho.<\/p>\n","protected":false},"author":1,"featured_media":25169,"comment_status":"closed","ping_status":"closed","sticky":false,"template":"","format":"standard","meta":{"_acf_changed":false,"footnotes":""},"categories":[14,15],"tags":[],"class_list":["post-30817","post","type-post","status-publish","format-standard","has-post-thumbnail","hentry","category-de-la-iglesia-mundial","category-rss-espanol"],"acf":[],"yoast_head":"<!-- This site is optimized with the Yoast SEO plugin v27.3 - https:\/\/yoast.com\/product\/yoast-seo-wordpress\/ -->\n<title>Milagro en el Everest: Adventista se salva de morir tras avalancha por terremoto en Nepal - Iglesia Adventista del S\u00e9ptimo D\u00eda - Divisi\u00f3n Interamericana<\/title>\n<meta name=\"robots\" content=\"index, follow, max-snippet:-1, max-image-preview:large, max-video-preview:-1\" \/>\n<link rel=\"canonical\" href=\"https:\/\/interamerica.org\/es\/2015\/05\/milagro-en-el-everest-adventista-se-salva-de-morir-tras-avalancha-por-terremoto-en-nepal\/\" \/>\n<meta property=\"og:locale\" content=\"es_ES\" \/>\n<meta property=\"og:type\" content=\"article\" \/>\n<meta property=\"og:title\" content=\"Milagro en el Everest: Adventista se salva de morir tras avalancha por terremoto en Nepal - Iglesia Adventista del S\u00e9ptimo D\u00eda - Divisi\u00f3n Interamericana\" \/>\n<meta property=\"og:description\" content=\"Ernesto Olivares Miranda, un adventista de Chile, es integrante de un equipo de monta\u00f1istas que se encontraba en el Everest cuando un sismo de 7,8 grados de magnitud sacudi\u00f3 a Nepal el s\u00e1bado 25 de abril pasado.  &quot;Est\u00e1bamos en el campamento base cuando comenz\u00f3 a temblar. El glaciar resonaba por el movimiento y se quebraba. La nubosidad que cubr\u00eda las monta\u00f1as que nos rodean no nos permit\u00edan ver mucho.\" \/>\n<meta property=\"og:url\" content=\"https:\/\/interamerica.org\/es\/2015\/05\/milagro-en-el-everest-adventista-se-salva-de-morir-tras-avalancha-por-terremoto-en-nepal\/\" \/>\n<meta property=\"og:site_name\" content=\"Iglesia Adventista del S\u00e9ptimo D\u00eda - Divisi\u00f3n Interamericana\" \/>\n<meta property=\"article:published_time\" content=\"2015-05-01T04:00:00+00:00\" \/>\n<meta property=\"og:image\" content=\"https:\/\/interamerica.org\/wp-content\/uploads\/2017\/06\/csm_Ernesto_Olivares_Miranda_del_lado_derecho._4b81eaff9b.jpg\" \/>\n\t<meta property=\"og:image:width\" content=\"400\" \/>\n\t<meta property=\"og:image:height\" content=\"300\" \/>\n\t<meta property=\"og:image:type\" content=\"image\/jpeg\" \/>\n<meta name=\"author\" content=\"Lorenzo Verduzco\" \/>\n<meta name=\"twitter:card\" content=\"summary_large_image\" \/>\n<meta name=\"twitter:label1\" content=\"Escrito por\" \/>\n\t<meta name=\"twitter:data1\" content=\"Lorenzo Verduzco\" \/>\n\t<meta name=\"twitter:label2\" content=\"Tiempo de lectura\" \/>\n\t<meta name=\"twitter:data2\" content=\"3 minutos\" \/>\n<script type=\"application\/ld+json\" class=\"yoast-schema-graph\">{\"@context\":\"https:\\\/\\\/schema.org\",\"@graph\":[{\"@type\":\"Article\",\"@id\":\"https:\\\/\\\/interamerica.org\\\/es\\\/2015\\\/05\\\/milagro-en-el-everest-adventista-se-salva-de-morir-tras-avalancha-por-terremoto-en-nepal\\\/#article\",\"isPartOf\":{\"@id\":\"https:\\\/\\\/interamerica.org\\\/es\\\/2015\\\/05\\\/milagro-en-el-everest-adventista-se-salva-de-morir-tras-avalancha-por-terremoto-en-nepal\\\/\"},\"author\":{\"name\":\"Lorenzo Verduzco\",\"@id\":\"https:\\\/\\\/interamerica.org\\\/es\\\/#\\\/schema\\\/person\\\/68ede8bdc292885bb76c1e3810e73c39\"},\"headline\":\"Milagro en el Everest: Adventista se salva de morir tras avalancha por terremoto en Nepal\",\"datePublished\":\"2015-05-01T04:00:00+00:00\",\"mainEntityOfPage\":{\"@id\":\"https:\\\/\\\/interamerica.org\\\/es\\\/2015\\\/05\\\/milagro-en-el-everest-adventista-se-salva-de-morir-tras-avalancha-por-terremoto-en-nepal\\\/\"},\"wordCount\":533,\"image\":{\"@id\":\"https:\\\/\\\/interamerica.org\\\/es\\\/2015\\\/05\\\/milagro-en-el-everest-adventista-se-salva-de-morir-tras-avalancha-por-terremoto-en-nepal\\\/#primaryimage\"},\"thumbnailUrl\":\"https:\\\/\\\/interamerica.org\\\/wp-content\\\/uploads\\\/2017\\\/06\\\/csm_Ernesto_Olivares_Miranda_del_lado_derecho._4b81eaff9b.jpg\",\"articleSection\":[\"Desde la iglesia mundial\",\"RSS Espa\u00f1ol\"],\"inLanguage\":\"es\"},{\"@type\":\"WebPage\",\"@id\":\"https:\\\/\\\/interamerica.org\\\/es\\\/2015\\\/05\\\/milagro-en-el-everest-adventista-se-salva-de-morir-tras-avalancha-por-terremoto-en-nepal\\\/\",\"url\":\"https:\\\/\\\/interamerica.org\\\/es\\\/2015\\\/05\\\/milagro-en-el-everest-adventista-se-salva-de-morir-tras-avalancha-por-terremoto-en-nepal\\\/\",\"name\":\"Milagro en el Everest: Adventista se salva de morir tras avalancha por terremoto en Nepal - Iglesia Adventista del S\u00e9ptimo D\u00eda - Divisi\u00f3n Interamericana\",\"isPartOf\":{\"@id\":\"https:\\\/\\\/interamerica.org\\\/es\\\/#website\"},\"primaryImageOfPage\":{\"@id\":\"https:\\\/\\\/interamerica.org\\\/es\\\/2015\\\/05\\\/milagro-en-el-everest-adventista-se-salva-de-morir-tras-avalancha-por-terremoto-en-nepal\\\/#primaryimage\"},\"image\":{\"@id\":\"https:\\\/\\\/interamerica.org\\\/es\\\/2015\\\/05\\\/milagro-en-el-everest-adventista-se-salva-de-morir-tras-avalancha-por-terremoto-en-nepal\\\/#primaryimage\"},\"thumbnailUrl\":\"https:\\\/\\\/interamerica.org\\\/wp-content\\\/uploads\\\/2017\\\/06\\\/csm_Ernesto_Olivares_Miranda_del_lado_derecho._4b81eaff9b.jpg\",\"datePublished\":\"2015-05-01T04:00:00+00:00\",\"author\":{\"@id\":\"https:\\\/\\\/interamerica.org\\\/es\\\/#\\\/schema\\\/person\\\/68ede8bdc292885bb76c1e3810e73c39\"},\"breadcrumb\":{\"@id\":\"https:\\\/\\\/interamerica.org\\\/es\\\/2015\\\/05\\\/milagro-en-el-everest-adventista-se-salva-de-morir-tras-avalancha-por-terremoto-en-nepal\\\/#breadcrumb\"},\"inLanguage\":\"es\",\"potentialAction\":[{\"@type\":\"ReadAction\",\"target\":[\"https:\\\/\\\/interamerica.org\\\/es\\\/2015\\\/05\\\/milagro-en-el-everest-adventista-se-salva-de-morir-tras-avalancha-por-terremoto-en-nepal\\\/\"]}]},{\"@type\":\"ImageObject\",\"inLanguage\":\"es\",\"@id\":\"https:\\\/\\\/interamerica.org\\\/es\\\/2015\\\/05\\\/milagro-en-el-everest-adventista-se-salva-de-morir-tras-avalancha-por-terremoto-en-nepal\\\/#primaryimage\",\"url\":\"https:\\\/\\\/interamerica.org\\\/wp-content\\\/uploads\\\/2017\\\/06\\\/csm_Ernesto_Olivares_Miranda_del_lado_derecho._4b81eaff9b.jpg\",\"contentUrl\":\"https:\\\/\\\/interamerica.org\\\/wp-content\\\/uploads\\\/2017\\\/06\\\/csm_Ernesto_Olivares_Miranda_del_lado_derecho._4b81eaff9b.jpg\",\"width\":400,\"height\":300},{\"@type\":\"BreadcrumbList\",\"@id\":\"https:\\\/\\\/interamerica.org\\\/es\\\/2015\\\/05\\\/milagro-en-el-everest-adventista-se-salva-de-morir-tras-avalancha-por-terremoto-en-nepal\\\/#breadcrumb\",\"itemListElement\":[{\"@type\":\"ListItem\",\"position\":1,\"name\":\"Home\",\"item\":\"https:\\\/\\\/interamerica.org\\\/es\\\/\"},{\"@type\":\"ListItem\",\"position\":2,\"name\":\"Milagro en el Everest: Adventista se salva de morir tras avalancha por terremoto en Nepal\"}]},{\"@type\":\"WebSite\",\"@id\":\"https:\\\/\\\/interamerica.org\\\/es\\\/#website\",\"url\":\"https:\\\/\\\/interamerica.org\\\/es\\\/\",\"name\":\"Iglesia Adventista del S\u00e9ptimo D\u00eda - Divisi\u00f3n Interamericana\",\"description\":\"\",\"potentialAction\":[{\"@type\":\"SearchAction\",\"target\":{\"@type\":\"EntryPoint\",\"urlTemplate\":\"https:\\\/\\\/interamerica.org\\\/es\\\/?s={search_term_string}\"},\"query-input\":{\"@type\":\"PropertyValueSpecification\",\"valueRequired\":true,\"valueName\":\"search_term_string\"}}],\"inLanguage\":\"es\"},{\"@type\":\"Person\",\"@id\":\"https:\\\/\\\/interamerica.org\\\/es\\\/#\\\/schema\\\/person\\\/68ede8bdc292885bb76c1e3810e73c39\",\"name\":\"Lorenzo Verduzco\",\"image\":{\"@type\":\"ImageObject\",\"inLanguage\":\"es\",\"@id\":\"https:\\\/\\\/secure.gravatar.com\\\/avatar\\\/fb81a55b6218459490a9c1dc841a34909185b81904c5337b4b27f7a6fd60c49e?s=96&d=mm&r=g\",\"url\":\"https:\\\/\\\/secure.gravatar.com\\\/avatar\\\/fb81a55b6218459490a9c1dc841a34909185b81904c5337b4b27f7a6fd60c49e?s=96&d=mm&r=g\",\"contentUrl\":\"https:\\\/\\\/secure.gravatar.com\\\/avatar\\\/fb81a55b6218459490a9c1dc841a34909185b81904c5337b4b27f7a6fd60c49e?s=96&d=mm&r=g\",\"caption\":\"Lorenzo Verduzco\"}}]}<\/script>\n<!-- \/ Yoast SEO plugin. -->","yoast_head_json":{"title":"Milagro en el Everest: Adventista se salva de morir tras avalancha por terremoto en Nepal - Iglesia Adventista del S\u00e9ptimo D\u00eda - Divisi\u00f3n Interamericana","robots":{"index":"index","follow":"follow","max-snippet":"max-snippet:-1","max-image-preview":"max-image-preview:large","max-video-preview":"max-video-preview:-1"},"canonical":"https:\/\/interamerica.org\/es\/2015\/05\/milagro-en-el-everest-adventista-se-salva-de-morir-tras-avalancha-por-terremoto-en-nepal\/","og_locale":"es_ES","og_type":"article","og_title":"Milagro en el Everest: Adventista se salva de morir tras avalancha por terremoto en Nepal - Iglesia Adventista del S\u00e9ptimo D\u00eda - Divisi\u00f3n Interamericana","og_description":"Ernesto Olivares Miranda, un adventista de Chile, es integrante de un equipo de monta\u00f1istas que se encontraba en el Everest cuando un sismo de 7,8 grados de magnitud sacudi\u00f3 a Nepal el s\u00e1bado 25 de abril pasado.  \"Est\u00e1bamos en el campamento base cuando comenz\u00f3 a temblar. El glaciar resonaba por el movimiento y se quebraba. La nubosidad que cubr\u00eda las monta\u00f1as que nos rodean no nos permit\u00edan ver mucho.","og_url":"https:\/\/interamerica.org\/es\/2015\/05\/milagro-en-el-everest-adventista-se-salva-de-morir-tras-avalancha-por-terremoto-en-nepal\/","og_site_name":"Iglesia Adventista del S\u00e9ptimo D\u00eda - Divisi\u00f3n Interamericana","article_published_time":"2015-05-01T04:00:00+00:00","og_image":[{"width":400,"height":300,"url":"https:\/\/interamerica.org\/wp-content\/uploads\/2017\/06\/csm_Ernesto_Olivares_Miranda_del_lado_derecho._4b81eaff9b.jpg","type":"image\/jpeg"}],"author":"Lorenzo Verduzco","twitter_card":"summary_large_image","twitter_misc":{"Escrito por":"Lorenzo Verduzco","Tiempo de lectura":"3 minutos"},"schema":{"@context":"https:\/\/schema.org","@graph":[{"@type":"Article","@id":"https:\/\/interamerica.org\/es\/2015\/05\/milagro-en-el-everest-adventista-se-salva-de-morir-tras-avalancha-por-terremoto-en-nepal\/#article","isPartOf":{"@id":"https:\/\/interamerica.org\/es\/2015\/05\/milagro-en-el-everest-adventista-se-salva-de-morir-tras-avalancha-por-terremoto-en-nepal\/"},"author":{"name":"Lorenzo Verduzco","@id":"https:\/\/interamerica.org\/es\/#\/schema\/person\/68ede8bdc292885bb76c1e3810e73c39"},"headline":"Milagro en el Everest: Adventista se salva de morir tras avalancha por terremoto en Nepal","datePublished":"2015-05-01T04:00:00+00:00","mainEntityOfPage":{"@id":"https:\/\/interamerica.org\/es\/2015\/05\/milagro-en-el-everest-adventista-se-salva-de-morir-tras-avalancha-por-terremoto-en-nepal\/"},"wordCount":533,"image":{"@id":"https:\/\/interamerica.org\/es\/2015\/05\/milagro-en-el-everest-adventista-se-salva-de-morir-tras-avalancha-por-terremoto-en-nepal\/#primaryimage"},"thumbnailUrl":"https:\/\/interamerica.org\/wp-content\/uploads\/2017\/06\/csm_Ernesto_Olivares_Miranda_del_lado_derecho._4b81eaff9b.jpg","articleSection":["Desde la iglesia mundial","RSS Espa\u00f1ol"],"inLanguage":"es"},{"@type":"WebPage","@id":"https:\/\/interamerica.org\/es\/2015\/05\/milagro-en-el-everest-adventista-se-salva-de-morir-tras-avalancha-por-terremoto-en-nepal\/","url":"https:\/\/interamerica.org\/es\/2015\/05\/milagro-en-el-everest-adventista-se-salva-de-morir-tras-avalancha-por-terremoto-en-nepal\/","name":"Milagro en el Everest: Adventista se salva de morir tras avalancha por terremoto en Nepal - Iglesia Adventista del S\u00e9ptimo D\u00eda - Divisi\u00f3n Interamericana","isPartOf":{"@id":"https:\/\/interamerica.org\/es\/#website"},"primaryImageOfPage":{"@id":"https:\/\/interamerica.org\/es\/2015\/05\/milagro-en-el-everest-adventista-se-salva-de-morir-tras-avalancha-por-terremoto-en-nepal\/#primaryimage"},"image":{"@id":"https:\/\/interamerica.org\/es\/2015\/05\/milagro-en-el-everest-adventista-se-salva-de-morir-tras-avalancha-por-terremoto-en-nepal\/#primaryimage"},"thumbnailUrl":"https:\/\/interamerica.org\/wp-content\/uploads\/2017\/06\/csm_Ernesto_Olivares_Miranda_del_lado_derecho._4b81eaff9b.jpg","datePublished":"2015-05-01T04:00:00+00:00","author":{"@id":"https:\/\/interamerica.org\/es\/#\/schema\/person\/68ede8bdc292885bb76c1e3810e73c39"},"breadcrumb":{"@id":"https:\/\/interamerica.org\/es\/2015\/05\/milagro-en-el-everest-adventista-se-salva-de-morir-tras-avalancha-por-terremoto-en-nepal\/#breadcrumb"},"inLanguage":"es","potentialAction":[{"@type":"ReadAction","target":["https:\/\/interamerica.org\/es\/2015\/05\/milagro-en-el-everest-adventista-se-salva-de-morir-tras-avalancha-por-terremoto-en-nepal\/"]}]},{"@type":"ImageObject","inLanguage":"es","@id":"https:\/\/interamerica.org\/es\/2015\/05\/milagro-en-el-everest-adventista-se-salva-de-morir-tras-avalancha-por-terremoto-en-nepal\/#primaryimage","url":"https:\/\/interamerica.org\/wp-content\/uploads\/2017\/06\/csm_Ernesto_Olivares_Miranda_del_lado_derecho._4b81eaff9b.jpg","contentUrl":"https:\/\/interamerica.org\/wp-content\/uploads\/2017\/06\/csm_Ernesto_Olivares_Miranda_del_lado_derecho._4b81eaff9b.jpg","width":400,"height":300},{"@type":"BreadcrumbList","@id":"https:\/\/interamerica.org\/es\/2015\/05\/milagro-en-el-everest-adventista-se-salva-de-morir-tras-avalancha-por-terremoto-en-nepal\/#breadcrumb","itemListElement":[{"@type":"ListItem","position":1,"name":"Home","item":"https:\/\/interamerica.org\/es\/"},{"@type":"ListItem","position":2,"name":"Milagro en el Everest: Adventista se salva de morir tras avalancha por terremoto en Nepal"}]},{"@type":"WebSite","@id":"https:\/\/interamerica.org\/es\/#website","url":"https:\/\/interamerica.org\/es\/","name":"Iglesia Adventista del S\u00e9ptimo D\u00eda - Divisi\u00f3n Interamericana","description":"","potentialAction":[{"@type":"SearchAction","target":{"@type":"EntryPoint","urlTemplate":"https:\/\/interamerica.org\/es\/?s={search_term_string}"},"query-input":{"@type":"PropertyValueSpecification","valueRequired":true,"valueName":"search_term_string"}}],"inLanguage":"es"},{"@type":"Person","@id":"https:\/\/interamerica.org\/es\/#\/schema\/person\/68ede8bdc292885bb76c1e3810e73c39","name":"Lorenzo Verduzco","image":{"@type":"ImageObject","inLanguage":"es","@id":"https:\/\/secure.gravatar.com\/avatar\/fb81a55b6218459490a9c1dc841a34909185b81904c5337b4b27f7a6fd60c49e?s=96&d=mm&r=g","url":"https:\/\/secure.gravatar.com\/avatar\/fb81a55b6218459490a9c1dc841a34909185b81904c5337b4b27f7a6fd60c49e?s=96&d=mm&r=g","contentUrl":"https:\/\/secure.gravatar.com\/avatar\/fb81a55b6218459490a9c1dc841a34909185b81904c5337b4b27f7a6fd60c49e?s=96&d=mm&r=g","caption":"Lorenzo Verduzco"}}]}},"_links":{"self":[{"href":"https:\/\/interamerica.org\/es\/wp-json\/wp\/v2\/posts\/30817","targetHints":{"allow":["GET"]}}],"collection":[{"href":"https:\/\/interamerica.org\/es\/wp-json\/wp\/v2\/posts"}],"about":[{"href":"https:\/\/interamerica.org\/es\/wp-json\/wp\/v2\/types\/post"}],"author":[{"embeddable":true,"href":"https:\/\/interamerica.org\/es\/wp-json\/wp\/v2\/users\/1"}],"replies":[{"embeddable":true,"href":"https:\/\/interamerica.org\/es\/wp-json\/wp\/v2\/comments?post=30817"}],"version-history":[{"count":0,"href":"https:\/\/interamerica.org\/es\/wp-json\/wp\/v2\/posts\/30817\/revisions"}],"wp:featuredmedia":[{"embeddable":true,"href":"https:\/\/interamerica.org\/es\/wp-json\/wp\/v2\/media\/25169"}],"wp:attachment":[{"href":"https:\/\/interamerica.org\/es\/wp-json\/wp\/v2\/media?parent=30817"}],"wp:term":[{"taxonomy":"category","embeddable":true,"href":"https:\/\/interamerica.org\/es\/wp-json\/wp\/v2\/categories?post=30817"},{"taxonomy":"post_tag","embeddable":true,"href":"https:\/\/interamerica.org\/es\/wp-json\/wp\/v2\/tags?post=30817"}],"curies":[{"name":"wp","href":"https:\/\/api.w.org\/{rel}","templated":true}]}}