{"id":30818,"date":"2015-05-01T00:00:00","date_gmt":"2015-05-01T04:00:00","guid":{"rendered":"http:\/\/192.81.217.108\/interamerica\/2015\/05\/senador-de-estados-unidos-dice-que-los-adventistas-son-lideres-en-la-proteccion-de-la-libertad-religiosa\/"},"modified":"2015-05-01T00:00:00","modified_gmt":"2015-05-01T04:00:00","slug":"senador-de-estados-unidos-dice-que-los-adventistas-son-lideres-en-la-proteccion-de-la-libertad-religiosa","status":"publish","type":"post","link":"https:\/\/interamerica.org\/es\/2015\/05\/senador-de-estados-unidos-dice-que-los-adventistas-son-lideres-en-la-proteccion-de-la-libertad-religiosa\/","title":{"rendered":"Senador de Estados Unidos dice que los adventistas son l\u00edderes en la protecci\u00f3n de la libertad religiosa."},"content":{"rendered":"<p>30 de abril de 2015 | Silver Spring, Maryland, Estados Unidos | Andrew McChesney, editor de noticias, Adventist Review<\/p>\n<div id=\"attachment_16639\" style=\"width: 430px\" class=\"wp-caption alignright\"><a href=\"\/interamerica\/wp-content\/uploads\/2017\/06\/rsz_hatch-1.jpg\" rel=\"fancybox\" title=\"Senador de Estados Unidos dice que los adventistas son l\u00edderes en la protecci\u00f3n de la libertad religiosa.\"><img fetchpriority=\"high\" decoding=\"async\" aria-describedby=\"caption-attachment-16639\" class=\"wp-image-16639 \" src=\"\/interamerica\/wp-content\/uploads\/2017\/06\/rsz_hatch-1.jpg\" alt=\"\" width=\"420\" height=\"211\" \/><\/a><p id=\"caption-attachment-16639\" class=\"wp-caption-text\">El Senador Orrin Hatch hablando en la cena del 29 de abril.<br \/> . (Mylon Medley \/ ANN)<\/p><\/div>\n<p>Un reconocido senador estadounidense dijo que la libertad religiosa estaba bajo amenaza tanto en los Estados Unidos cono en todo el mundo y elogi\u00f3 a la Iglesia Adventista del S\u00e9ptimo D\u00eda por jugar un importante papel en su defensa.<\/p>\n<p>El Senador Orrin Hatch, al hablar en una cena anual de libertad religiosa patrocinada por la Iglesia Adventista del S\u00e9ptimo D\u00eda, critic\u00f3 la situaci\u00f3n en relaci\u00f3n con la libertad religiosa en pa\u00edses tales como China, Ir\u00e1n, Nigeria, Rusia y Arabia Saudita.<\/p>\n<p>Dijo adem\u00e1s que la gente en los Estados Unidos tiene tambi\u00e9n raz\u00f3n de preocuparse, al se\u00f1alar una serie de fallos de la Corte Suprema en los \u00faltimos 50 a\u00f1os.<br \/>\n\u201cEsta es una \u00e9poca de agitaci\u00f3n para la religi\u00f3n y la libertad religiosa, tanto aqu\u00ed en los Estados Unidos como fuera de ellos\u201d, dijo el Senador Hatch en su discurso del mi\u00e9rcoles, ante 160 embajadores, dirigentes religiosos y defensores de la libertad religiosa, en un hotel del centro de Washington.<\/p>\n<p>Pero a\u00f1adi\u00f3 que la Iglesia Adventista del S\u00e9ptimo D\u00eda ha ayudado a proteger la libertad religiosa al trabajar en conjunto con los legisladores estadounidenses y presentado casos desafiantes ante los tribunales.<br \/>\nComo ejemplo, dijo que tanto la Iglesia Adventista como la Iglesia de Jesucristo de los Santos de los \u00daltimos D\u00edas, de la cual es miembro, jugaron un papel importante en la ley federal de Restauraci\u00f3n de Libertad Religiosa, que \u201cgarantiza la protecci\u00f3n de la libertad religiosa\u201d y que fue firmada por el Presidente Bill Clinton in 1993.<\/p>\n<p>El Senador Hatch aplaudi\u00f3 una declaraci\u00f3n de la Iglesia Adventista emitida en 1999 en apoyo al Estado de Arizona, en los Estados Unidos, cuando el gobierno local promulg\u00f3 su propia versi\u00f3n de la Ley de Restauraci\u00f3n de Libertad Religiosa en respuesta a las restricciones de la Corte Suprema en relaci\u00f3n a la ley federal.<\/p>\n<p>\u201cUna vez m\u00e1s, la Iglesia Adventista del S\u00e9ptimo D\u00eda lider\u00f3 el camino \u201c, dijo el Senador Hatch, de 81 a\u00f1os, quien ha sido senador desde 1977 y es el republicano m\u00e1s antiguo en el Senado, tercero en la l\u00ednea de sucesi\u00f3n en relaci\u00f3n a la presidencia.<\/p>\n<p>Desde sus or\u00edgenes a mitad del siglo diecinueve, la libertad religiosa ha sido una prioridad en la Iglesia Adventista, la cual ha defendido los derechos de los observadores del s\u00e1bado y de otras minor\u00edas religiosas. Estos esfuerzos han sido particularmente visibles en las d\u00e9cadas pr\u00f3ximas pasadas, al formarse en la Asociaci\u00f3n General, que es el organismo administrativo de la Iglesia Adventista mundial, el departamento de libertad religiosa, el cual copatrocin\u00f3 la cena, juntamente con la revista Liberty, la Asociaci\u00f3n Internacional de Libertad Religiosa y la Asociaci\u00f3n Norteamericana de Libertad Religiosa de la Iglesia Adventista.<\/p>\n<p><strong>Principal Evento de Libertad Religiosa<\/strong><\/p>\n<p>Dwayne Leslie, el enlace de la Iglesia Adventista con el Congreso de los Estados Unidos y con la Casa Blanca, dijo que se sent\u00eda agradecido porque el Senador Hatch hab\u00eda reconocido el ya largo compromiso de la iglesia de dedicaci\u00f3n a la protecci\u00f3n de la libertad religiosa.<\/p>\n<p>\u201cA trav\u00e9s de los a\u00f1os, nuestra iglesia ha estado frecuentemente en la l\u00ednea de vanguardia en muchas de esas iniciativas legislativas en Capitol Hill,\u201d dijo a la Revista Adventista. \u201cEs para m\u00ed un honor continuar esta orgullosa tradici\u00f3n\u201d.<\/p>\n<div id=\"attachment_16640\" style=\"width: 430px\" class=\"wp-caption alignleft\"><a href=\"\/interamerica\/wp-content\/uploads\/2017\/06\/rsz_awardees-.jpg\" rel=\"fancybox\" title=\"Senador de Estados Unidos dice que los adventistas son l\u00edderes en la protecci\u00f3n de la libertad religiosa.\"><img decoding=\"async\" aria-describedby=\"caption-attachment-16640\" class=\" wp-image-16640  \" src=\"\/interamerica\/wp-content\/uploads\/2017\/06\/rsz_awardees-.jpg\" alt=\"\" width=\"420\" height=\"323\" \/><\/a><p id=\"caption-attachment-16640\" class=\"wp-caption-text\">John Graz, a la izquierda, director del departamento de libertad religiosa de la Iglesia Adventista, posando al lado de la receptora del premio nacional en esta cena, Tiffany Barrens, directora legal internacional del Centro Estadounidense de Ley y Justicia; y el recipiente del premio internacional, Mihnea Coutoiu, senador rumano y rector de universidad. (Mylon Medley \/ ANN)<\/p><\/div>\n<p>La cena, que se ha convertido en el evento principal de libertad religiosa durante los \u00faltimos 13 a\u00f1os. Se propone destacar la urgencia de la libertad religiosa dentro del \u00e1mbito de la comunidad diplom\u00e1tica. Este a\u00f1o cont\u00f3 con la presencia del congresista estadounidense Chris Stewart, republicano de Utah, quien asisti\u00f3 por primera vez y la embajadora de San Vicente y las Granadinas, La Celia Prince, quien ha asistido frecuentemente y es una de los dos embajadores adventistas que actualmente prestan servicios en Washington. El otro embajador adventista es Palan Mulonda, de la Rep\u00fablica de Zambia, quien ha asistido en a\u00f1os previos.<\/p>\n<p>\u201cNuestro blanco \u00faltimo es transformarlos en campeones de la libertad religiosa\u201d, dijo Ganoune Diop, director asociado del departamento de libertad religiosa de la Iglesia Adventista y persona enlace de la misma en las Naciones Unidas.<\/p>\n<p>Otros invitados incluyeron dirigentes jud\u00edos, representantes de organizaciones isl\u00e1micas no gubernamentales y delegaciones adventistas de Rep\u00fablica Dominicana, Rumania y otros pa\u00edses.<\/p>\n<p>Los asistentes degustaron de un asado vegetariano Wellington en salsa de curry y pastel de queso y zarzamora, mientras el Senador Hatch dirig\u00eda la palabra en el Hotel Willard InterContinental.<\/p>\n<p>Despu\u00e9s de su discurso, le fue entregado un reconocimiento especial por su dedicaci\u00f3n a la libertad religiosa. Los organizadores presentaron el reconocimiento nacional de este banquete a Tiffany Barrens, directora legal internacional del Centro Estadounidense de Ley y Justicia; y el premio internacional, a Mihnea Coutoiu, senador y rector de universidad de Rumania.<\/p>\n<p>Todd R. McFarland, consejero general asociado, de la Asociaci\u00f3n General, rindi\u00f3 tributo a Charles Kester, un abogado y amigo de la Iglesia Adventista en casos legales de libertad religiosa, quien falleci\u00f3 recientemente.<br \/>\nJohn Graz, quien se jubilar\u00e1 este a\u00f1o como director del departamento de libertad religiosa de la Iglesia Adventista y secretario general de la Asociaci\u00f3n Internacional de Libertad Religiosa, fue reconocido por sus d\u00e9cadas de liderazgo en este ramo.<\/p>\n<p><strong>Vigilancia Eterna y Whitley Phipps<\/strong><br \/>\nEn su discurso, el Senador Hatch, dijo que los estudios muestran que la libertad religiosa est\u00e1 asociada con mayor felicidad, mientras que los pa\u00edses que carecen de ella tienden a ser m\u00e1s violentos.<\/p>\n<p>\u201cEs un derecho inalienable que no viene del gobierno, sino de Dios mismo\u201d, dijo. \u201cLa vigilancia eterna es el precio de la libertad y no hay libertad que no valga tanto ese precio\u201d.<br \/>\nEl Senador Hatch abri\u00f3 su discurso hablando de su amistad con Wintley Phipps, un ministro adventista ordenado y cantante nominado al premio Grammy, quien ha cantado para los \u00faltimos seis presidentes de los Estados Unidos. El Senador Hatch es un compositor y cantante y dijo que \u00e9l y Wintley Phipps han disfrutado cantando juntos.<\/p>\n<p>Al margen de la referida cena, el Senador Hatch le agradeci\u00f3 a John Graz por la obra consistente de la Iglesia Adventista a\u00f1o tras a\u00f1o para proteger a la \u201cmadre de todas las libertades\u201d.<\/p>\n<p>\u201cNos alent\u00f3 a mantenernos promoviendo y defendiendo este valor que es tan esencial en la sociedad democr\u00e1tica\u201d, dijo John Graz.<\/p>\n<p>John Graz, quien ha viajado a m\u00e1s de 100 pa\u00edses y organizado reuniones de decenas de miles de personas para celebrar la libertad religiosa, dijo que esperaba que los esfuerzos de la Iglesia Adventista al efecto, prosperaran y crecieran.<\/p>\n<p>\u201cTodav\u00eda sue\u00f1o en que un d\u00eda podamos ver a 100,000 personas celebrando la libertad religiosa en el Mall en Washington\u201d, dijo. \u201cQu\u00e9 poderoso mensaje enviar\u00eda eso al mundo y a los Estados Unidos\u201d.<\/p>\n","protected":false},"excerpt":{"rendered":"<p>Un reconocido senador estadounidense dijo que la libertad religiosa estaba bajo amenaza tanto en los Estados Unidos cono en todo el mundo y elogi\u00f3 a la Iglesia Adventista del S\u00e9ptimo D\u00eda por jugar un importante papel en su defensa. <\/p>\n<p>El Senador Orrin Hatch, al hablar en una cena anual de libertad religiosa patrocinada por la Iglesia Adventista del S\u00e9ptimo D\u00eda, critic\u00f3 la situaci\u00f3n en relaci\u00f3n con la libertad religiosa en pa\u00edses tales como China, Ir\u00e1n, Nigeria, Rusia y Arabia Saudita.<\/p>\n","protected":false},"author":1,"featured_media":25162,"comment_status":"closed","ping_status":"closed","sticky":false,"template":"","format":"standard","meta":{"_acf_changed":false,"footnotes":""},"categories":[14,15],"tags":[],"class_list":["post-30818","post","type-post","status-publish","format-standard","has-post-thumbnail","hentry","category-de-la-iglesia-mundial","category-rss-espanol"],"acf":[],"yoast_head":"<!-- This site is optimized with the Yoast SEO plugin v27.3 - https:\/\/yoast.com\/product\/yoast-seo-wordpress\/ -->\n<title>Senador de Estados Unidos dice que los adventistas son l\u00edderes en la protecci\u00f3n de la libertad religiosa. - Iglesia Adventista del S\u00e9ptimo D\u00eda - Divisi\u00f3n Interamericana<\/title>\n<meta name=\"robots\" content=\"index, follow, max-snippet:-1, max-image-preview:large, max-video-preview:-1\" \/>\n<link rel=\"canonical\" href=\"https:\/\/interamerica.org\/es\/2015\/05\/senador-de-estados-unidos-dice-que-los-adventistas-son-lideres-en-la-proteccion-de-la-libertad-religiosa\/\" \/>\n<meta property=\"og:locale\" content=\"es_ES\" \/>\n<meta property=\"og:type\" content=\"article\" \/>\n<meta property=\"og:title\" content=\"Senador de Estados Unidos dice que los adventistas son l\u00edderes en la protecci\u00f3n de la libertad religiosa. - Iglesia Adventista del S\u00e9ptimo D\u00eda - Divisi\u00f3n Interamericana\" \/>\n<meta property=\"og:description\" content=\"Un reconocido senador estadounidense dijo que la libertad religiosa estaba bajo amenaza tanto en los Estados Unidos cono en todo el mundo y elogi\u00f3 a la Iglesia Adventista del S\u00e9ptimo D\u00eda por jugar un importante papel en su defensa.  El Senador Orrin Hatch, al hablar en una cena anual de libertad religiosa patrocinada por la Iglesia Adventista del S\u00e9ptimo D\u00eda, critic\u00f3 la situaci\u00f3n en relaci\u00f3n con la libertad religiosa en pa\u00edses tales como China, Ir\u00e1n, Nigeria, Rusia y Arabia Saudita.\" \/>\n<meta property=\"og:url\" content=\"https:\/\/interamerica.org\/es\/2015\/05\/senador-de-estados-unidos-dice-que-los-adventistas-son-lideres-en-la-proteccion-de-la-libertad-religiosa\/\" \/>\n<meta property=\"og:site_name\" content=\"Iglesia Adventista del S\u00e9ptimo D\u00eda - Divisi\u00f3n Interamericana\" \/>\n<meta property=\"article:published_time\" content=\"2015-05-01T04:00:00+00:00\" \/>\n<meta property=\"og:image\" content=\"https:\/\/interamerica.org\/wp-content\/uploads\/2017\/06\/rsz_hatch-1.jpg\" \/>\n\t<meta property=\"og:image:width\" content=\"1000\" \/>\n\t<meta property=\"og:image:height\" content=\"503\" \/>\n\t<meta property=\"og:image:type\" content=\"image\/jpeg\" \/>\n<meta name=\"author\" content=\"Lorenzo Verduzco\" \/>\n<meta name=\"twitter:card\" content=\"summary_large_image\" \/>\n<meta name=\"twitter:label1\" content=\"Escrito por\" \/>\n\t<meta name=\"twitter:data1\" content=\"Lorenzo Verduzco\" \/>\n\t<meta name=\"twitter:label2\" content=\"Tiempo de lectura\" \/>\n\t<meta name=\"twitter:data2\" content=\"6 minutos\" \/>\n<script type=\"application\/ld+json\" class=\"yoast-schema-graph\">{\"@context\":\"https:\\\/\\\/schema.org\",\"@graph\":[{\"@type\":\"Article\",\"@id\":\"https:\\\/\\\/interamerica.org\\\/es\\\/2015\\\/05\\\/senador-de-estados-unidos-dice-que-los-adventistas-son-lideres-en-la-proteccion-de-la-libertad-religiosa\\\/#article\",\"isPartOf\":{\"@id\":\"https:\\\/\\\/interamerica.org\\\/es\\\/2015\\\/05\\\/senador-de-estados-unidos-dice-que-los-adventistas-son-lideres-en-la-proteccion-de-la-libertad-religiosa\\\/\"},\"author\":{\"name\":\"Lorenzo Verduzco\",\"@id\":\"https:\\\/\\\/interamerica.org\\\/es\\\/#\\\/schema\\\/person\\\/68ede8bdc292885bb76c1e3810e73c39\"},\"headline\":\"Senador de Estados Unidos dice que los adventistas son l\u00edderes en la protecci\u00f3n de la libertad religiosa.\",\"datePublished\":\"2015-05-01T04:00:00+00:00\",\"mainEntityOfPage\":{\"@id\":\"https:\\\/\\\/interamerica.org\\\/es\\\/2015\\\/05\\\/senador-de-estados-unidos-dice-que-los-adventistas-son-lideres-en-la-proteccion-de-la-libertad-religiosa\\\/\"},\"wordCount\":1277,\"image\":{\"@id\":\"https:\\\/\\\/interamerica.org\\\/es\\\/2015\\\/05\\\/senador-de-estados-unidos-dice-que-los-adventistas-son-lideres-en-la-proteccion-de-la-libertad-religiosa\\\/#primaryimage\"},\"thumbnailUrl\":\"https:\\\/\\\/interamerica.org\\\/wp-content\\\/uploads\\\/2017\\\/06\\\/rsz_hatch-1.jpg\",\"articleSection\":[\"Desde la iglesia mundial\",\"RSS Espa\u00f1ol\"],\"inLanguage\":\"es\"},{\"@type\":\"WebPage\",\"@id\":\"https:\\\/\\\/interamerica.org\\\/es\\\/2015\\\/05\\\/senador-de-estados-unidos-dice-que-los-adventistas-son-lideres-en-la-proteccion-de-la-libertad-religiosa\\\/\",\"url\":\"https:\\\/\\\/interamerica.org\\\/es\\\/2015\\\/05\\\/senador-de-estados-unidos-dice-que-los-adventistas-son-lideres-en-la-proteccion-de-la-libertad-religiosa\\\/\",\"name\":\"Senador de Estados Unidos dice que los adventistas son l\u00edderes en la protecci\u00f3n de la libertad religiosa. - Iglesia Adventista del S\u00e9ptimo D\u00eda - Divisi\u00f3n Interamericana\",\"isPartOf\":{\"@id\":\"https:\\\/\\\/interamerica.org\\\/es\\\/#website\"},\"primaryImageOfPage\":{\"@id\":\"https:\\\/\\\/interamerica.org\\\/es\\\/2015\\\/05\\\/senador-de-estados-unidos-dice-que-los-adventistas-son-lideres-en-la-proteccion-de-la-libertad-religiosa\\\/#primaryimage\"},\"image\":{\"@id\":\"https:\\\/\\\/interamerica.org\\\/es\\\/2015\\\/05\\\/senador-de-estados-unidos-dice-que-los-adventistas-son-lideres-en-la-proteccion-de-la-libertad-religiosa\\\/#primaryimage\"},\"thumbnailUrl\":\"https:\\\/\\\/interamerica.org\\\/wp-content\\\/uploads\\\/2017\\\/06\\\/rsz_hatch-1.jpg\",\"datePublished\":\"2015-05-01T04:00:00+00:00\",\"author\":{\"@id\":\"https:\\\/\\\/interamerica.org\\\/es\\\/#\\\/schema\\\/person\\\/68ede8bdc292885bb76c1e3810e73c39\"},\"breadcrumb\":{\"@id\":\"https:\\\/\\\/interamerica.org\\\/es\\\/2015\\\/05\\\/senador-de-estados-unidos-dice-que-los-adventistas-son-lideres-en-la-proteccion-de-la-libertad-religiosa\\\/#breadcrumb\"},\"inLanguage\":\"es\",\"potentialAction\":[{\"@type\":\"ReadAction\",\"target\":[\"https:\\\/\\\/interamerica.org\\\/es\\\/2015\\\/05\\\/senador-de-estados-unidos-dice-que-los-adventistas-son-lideres-en-la-proteccion-de-la-libertad-religiosa\\\/\"]}]},{\"@type\":\"ImageObject\",\"inLanguage\":\"es\",\"@id\":\"https:\\\/\\\/interamerica.org\\\/es\\\/2015\\\/05\\\/senador-de-estados-unidos-dice-que-los-adventistas-son-lideres-en-la-proteccion-de-la-libertad-religiosa\\\/#primaryimage\",\"url\":\"https:\\\/\\\/interamerica.org\\\/wp-content\\\/uploads\\\/2017\\\/06\\\/rsz_hatch-1.jpg\",\"contentUrl\":\"https:\\\/\\\/interamerica.org\\\/wp-content\\\/uploads\\\/2017\\\/06\\\/rsz_hatch-1.jpg\",\"width\":1000,\"height\":503},{\"@type\":\"BreadcrumbList\",\"@id\":\"https:\\\/\\\/interamerica.org\\\/es\\\/2015\\\/05\\\/senador-de-estados-unidos-dice-que-los-adventistas-son-lideres-en-la-proteccion-de-la-libertad-religiosa\\\/#breadcrumb\",\"itemListElement\":[{\"@type\":\"ListItem\",\"position\":1,\"name\":\"Home\",\"item\":\"https:\\\/\\\/interamerica.org\\\/es\\\/\"},{\"@type\":\"ListItem\",\"position\":2,\"name\":\"Senador de Estados Unidos dice que los adventistas son l\u00edderes en la protecci\u00f3n de la libertad religiosa.\"}]},{\"@type\":\"WebSite\",\"@id\":\"https:\\\/\\\/interamerica.org\\\/es\\\/#website\",\"url\":\"https:\\\/\\\/interamerica.org\\\/es\\\/\",\"name\":\"Iglesia Adventista del S\u00e9ptimo D\u00eda - Divisi\u00f3n Interamericana\",\"description\":\"\",\"potentialAction\":[{\"@type\":\"SearchAction\",\"target\":{\"@type\":\"EntryPoint\",\"urlTemplate\":\"https:\\\/\\\/interamerica.org\\\/es\\\/?s={search_term_string}\"},\"query-input\":{\"@type\":\"PropertyValueSpecification\",\"valueRequired\":true,\"valueName\":\"search_term_string\"}}],\"inLanguage\":\"es\"},{\"@type\":\"Person\",\"@id\":\"https:\\\/\\\/interamerica.org\\\/es\\\/#\\\/schema\\\/person\\\/68ede8bdc292885bb76c1e3810e73c39\",\"name\":\"Lorenzo Verduzco\",\"image\":{\"@type\":\"ImageObject\",\"inLanguage\":\"es\",\"@id\":\"https:\\\/\\\/secure.gravatar.com\\\/avatar\\\/fb81a55b6218459490a9c1dc841a34909185b81904c5337b4b27f7a6fd60c49e?s=96&d=mm&r=g\",\"url\":\"https:\\\/\\\/secure.gravatar.com\\\/avatar\\\/fb81a55b6218459490a9c1dc841a34909185b81904c5337b4b27f7a6fd60c49e?s=96&d=mm&r=g\",\"contentUrl\":\"https:\\\/\\\/secure.gravatar.com\\\/avatar\\\/fb81a55b6218459490a9c1dc841a34909185b81904c5337b4b27f7a6fd60c49e?s=96&d=mm&r=g\",\"caption\":\"Lorenzo Verduzco\"}}]}<\/script>\n<!-- \/ Yoast SEO plugin. -->","yoast_head_json":{"title":"Senador de Estados Unidos dice que los adventistas son l\u00edderes en la protecci\u00f3n de la libertad religiosa. - Iglesia Adventista del S\u00e9ptimo D\u00eda - Divisi\u00f3n Interamericana","robots":{"index":"index","follow":"follow","max-snippet":"max-snippet:-1","max-image-preview":"max-image-preview:large","max-video-preview":"max-video-preview:-1"},"canonical":"https:\/\/interamerica.org\/es\/2015\/05\/senador-de-estados-unidos-dice-que-los-adventistas-son-lideres-en-la-proteccion-de-la-libertad-religiosa\/","og_locale":"es_ES","og_type":"article","og_title":"Senador de Estados Unidos dice que los adventistas son l\u00edderes en la protecci\u00f3n de la libertad religiosa. - Iglesia Adventista del S\u00e9ptimo D\u00eda - Divisi\u00f3n Interamericana","og_description":"Un reconocido senador estadounidense dijo que la libertad religiosa estaba bajo amenaza tanto en los Estados Unidos cono en todo el mundo y elogi\u00f3 a la Iglesia Adventista del S\u00e9ptimo D\u00eda por jugar un importante papel en su defensa.  El Senador Orrin Hatch, al hablar en una cena anual de libertad religiosa patrocinada por la Iglesia Adventista del S\u00e9ptimo D\u00eda, critic\u00f3 la situaci\u00f3n en relaci\u00f3n con la libertad religiosa en pa\u00edses tales como China, Ir\u00e1n, Nigeria, Rusia y Arabia Saudita.","og_url":"https:\/\/interamerica.org\/es\/2015\/05\/senador-de-estados-unidos-dice-que-los-adventistas-son-lideres-en-la-proteccion-de-la-libertad-religiosa\/","og_site_name":"Iglesia Adventista del S\u00e9ptimo D\u00eda - Divisi\u00f3n Interamericana","article_published_time":"2015-05-01T04:00:00+00:00","og_image":[{"width":1000,"height":503,"url":"https:\/\/interamerica.org\/wp-content\/uploads\/2017\/06\/rsz_hatch-1.jpg","type":"image\/jpeg"}],"author":"Lorenzo Verduzco","twitter_card":"summary_large_image","twitter_misc":{"Escrito por":"Lorenzo Verduzco","Tiempo de lectura":"6 minutos"},"schema":{"@context":"https:\/\/schema.org","@graph":[{"@type":"Article","@id":"https:\/\/interamerica.org\/es\/2015\/05\/senador-de-estados-unidos-dice-que-los-adventistas-son-lideres-en-la-proteccion-de-la-libertad-religiosa\/#article","isPartOf":{"@id":"https:\/\/interamerica.org\/es\/2015\/05\/senador-de-estados-unidos-dice-que-los-adventistas-son-lideres-en-la-proteccion-de-la-libertad-religiosa\/"},"author":{"name":"Lorenzo Verduzco","@id":"https:\/\/interamerica.org\/es\/#\/schema\/person\/68ede8bdc292885bb76c1e3810e73c39"},"headline":"Senador de Estados Unidos dice que los adventistas son l\u00edderes en la protecci\u00f3n de la libertad religiosa.","datePublished":"2015-05-01T04:00:00+00:00","mainEntityOfPage":{"@id":"https:\/\/interamerica.org\/es\/2015\/05\/senador-de-estados-unidos-dice-que-los-adventistas-son-lideres-en-la-proteccion-de-la-libertad-religiosa\/"},"wordCount":1277,"image":{"@id":"https:\/\/interamerica.org\/es\/2015\/05\/senador-de-estados-unidos-dice-que-los-adventistas-son-lideres-en-la-proteccion-de-la-libertad-religiosa\/#primaryimage"},"thumbnailUrl":"https:\/\/interamerica.org\/wp-content\/uploads\/2017\/06\/rsz_hatch-1.jpg","articleSection":["Desde la iglesia mundial","RSS Espa\u00f1ol"],"inLanguage":"es"},{"@type":"WebPage","@id":"https:\/\/interamerica.org\/es\/2015\/05\/senador-de-estados-unidos-dice-que-los-adventistas-son-lideres-en-la-proteccion-de-la-libertad-religiosa\/","url":"https:\/\/interamerica.org\/es\/2015\/05\/senador-de-estados-unidos-dice-que-los-adventistas-son-lideres-en-la-proteccion-de-la-libertad-religiosa\/","name":"Senador de Estados Unidos dice que los adventistas son l\u00edderes en la protecci\u00f3n de la libertad religiosa. - Iglesia Adventista del S\u00e9ptimo D\u00eda - Divisi\u00f3n Interamericana","isPartOf":{"@id":"https:\/\/interamerica.org\/es\/#website"},"primaryImageOfPage":{"@id":"https:\/\/interamerica.org\/es\/2015\/05\/senador-de-estados-unidos-dice-que-los-adventistas-son-lideres-en-la-proteccion-de-la-libertad-religiosa\/#primaryimage"},"image":{"@id":"https:\/\/interamerica.org\/es\/2015\/05\/senador-de-estados-unidos-dice-que-los-adventistas-son-lideres-en-la-proteccion-de-la-libertad-religiosa\/#primaryimage"},"thumbnailUrl":"https:\/\/interamerica.org\/wp-content\/uploads\/2017\/06\/rsz_hatch-1.jpg","datePublished":"2015-05-01T04:00:00+00:00","author":{"@id":"https:\/\/interamerica.org\/es\/#\/schema\/person\/68ede8bdc292885bb76c1e3810e73c39"},"breadcrumb":{"@id":"https:\/\/interamerica.org\/es\/2015\/05\/senador-de-estados-unidos-dice-que-los-adventistas-son-lideres-en-la-proteccion-de-la-libertad-religiosa\/#breadcrumb"},"inLanguage":"es","potentialAction":[{"@type":"ReadAction","target":["https:\/\/interamerica.org\/es\/2015\/05\/senador-de-estados-unidos-dice-que-los-adventistas-son-lideres-en-la-proteccion-de-la-libertad-religiosa\/"]}]},{"@type":"ImageObject","inLanguage":"es","@id":"https:\/\/interamerica.org\/es\/2015\/05\/senador-de-estados-unidos-dice-que-los-adventistas-son-lideres-en-la-proteccion-de-la-libertad-religiosa\/#primaryimage","url":"https:\/\/interamerica.org\/wp-content\/uploads\/2017\/06\/rsz_hatch-1.jpg","contentUrl":"https:\/\/interamerica.org\/wp-content\/uploads\/2017\/06\/rsz_hatch-1.jpg","width":1000,"height":503},{"@type":"BreadcrumbList","@id":"https:\/\/interamerica.org\/es\/2015\/05\/senador-de-estados-unidos-dice-que-los-adventistas-son-lideres-en-la-proteccion-de-la-libertad-religiosa\/#breadcrumb","itemListElement":[{"@type":"ListItem","position":1,"name":"Home","item":"https:\/\/interamerica.org\/es\/"},{"@type":"ListItem","position":2,"name":"Senador de Estados Unidos dice que los adventistas son l\u00edderes en la protecci\u00f3n de la libertad religiosa."}]},{"@type":"WebSite","@id":"https:\/\/interamerica.org\/es\/#website","url":"https:\/\/interamerica.org\/es\/","name":"Iglesia Adventista del S\u00e9ptimo D\u00eda - Divisi\u00f3n Interamericana","description":"","potentialAction":[{"@type":"SearchAction","target":{"@type":"EntryPoint","urlTemplate":"https:\/\/interamerica.org\/es\/?s={search_term_string}"},"query-input":{"@type":"PropertyValueSpecification","valueRequired":true,"valueName":"search_term_string"}}],"inLanguage":"es"},{"@type":"Person","@id":"https:\/\/interamerica.org\/es\/#\/schema\/person\/68ede8bdc292885bb76c1e3810e73c39","name":"Lorenzo Verduzco","image":{"@type":"ImageObject","inLanguage":"es","@id":"https:\/\/secure.gravatar.com\/avatar\/fb81a55b6218459490a9c1dc841a34909185b81904c5337b4b27f7a6fd60c49e?s=96&d=mm&r=g","url":"https:\/\/secure.gravatar.com\/avatar\/fb81a55b6218459490a9c1dc841a34909185b81904c5337b4b27f7a6fd60c49e?s=96&d=mm&r=g","contentUrl":"https:\/\/secure.gravatar.com\/avatar\/fb81a55b6218459490a9c1dc841a34909185b81904c5337b4b27f7a6fd60c49e?s=96&d=mm&r=g","caption":"Lorenzo Verduzco"}}]}},"_links":{"self":[{"href":"https:\/\/interamerica.org\/es\/wp-json\/wp\/v2\/posts\/30818","targetHints":{"allow":["GET"]}}],"collection":[{"href":"https:\/\/interamerica.org\/es\/wp-json\/wp\/v2\/posts"}],"about":[{"href":"https:\/\/interamerica.org\/es\/wp-json\/wp\/v2\/types\/post"}],"author":[{"embeddable":true,"href":"https:\/\/interamerica.org\/es\/wp-json\/wp\/v2\/users\/1"}],"replies":[{"embeddable":true,"href":"https:\/\/interamerica.org\/es\/wp-json\/wp\/v2\/comments?post=30818"}],"version-history":[{"count":0,"href":"https:\/\/interamerica.org\/es\/wp-json\/wp\/v2\/posts\/30818\/revisions"}],"wp:featuredmedia":[{"embeddable":true,"href":"https:\/\/interamerica.org\/es\/wp-json\/wp\/v2\/media\/25162"}],"wp:attachment":[{"href":"https:\/\/interamerica.org\/es\/wp-json\/wp\/v2\/media?parent=30818"}],"wp:term":[{"taxonomy":"category","embeddable":true,"href":"https:\/\/interamerica.org\/es\/wp-json\/wp\/v2\/categories?post=30818"},{"taxonomy":"post_tag","embeddable":true,"href":"https:\/\/interamerica.org\/es\/wp-json\/wp\/v2\/tags?post=30818"}],"curies":[{"name":"wp","href":"https:\/\/api.w.org\/{rel}","templated":true}]}}