{"id":30820,"date":"2015-05-05T00:00:00","date_gmt":"2015-05-05T04:00:00","guid":{"rendered":"http:\/\/192.81.217.108\/interamerica\/2015\/05\/iglesia-adventista-en-norteamerica-da-a-conocer-declaracion-sobre-la-candidatura-de-ben-carson-a-la-presidencia-de-estados-unidos\/"},"modified":"2015-05-05T00:00:00","modified_gmt":"2015-05-05T04:00:00","slug":"iglesia-adventista-en-norteamerica-da-a-conocer-declaracion-sobre-la-candidatura-de-ben-carson-a-la-presidencia-de-estados-unidos","status":"publish","type":"post","link":"https:\/\/interamerica.org\/es\/2015\/05\/iglesia-adventista-en-norteamerica-da-a-conocer-declaracion-sobre-la-candidatura-de-ben-carson-a-la-presidencia-de-estados-unidos\/","title":{"rendered":"Iglesia Adventista en Norteam\u00e9rica da a conocer declaraci\u00f3n sobre la candidatura de Ben Carson a la presidencia de Estados Unidos"},"content":{"rendered":"<div id=\"attachment_16669\" style=\"width: 610px\" class=\"wp-caption aligncenter\"><a href=\"\/interamerica\/wp-content\/uploads\/2017\/06\/rsz_ben_carson_by_gage_skidmore_4.jpg\" rel=\"fancybox\" title=\"Iglesia Adventista en Norteam\u00e9rica da a conocer declaraci\u00f3n sobre la candidatura de Ben Carson a la presidencia de Estados Unidos\"><img fetchpriority=\"high\" decoding=\"async\" aria-describedby=\"caption-attachment-16669\" class=\" wp-image-16669 \" src=\"\/interamerica\/wp-content\/uploads\/2017\/06\/rsz_ben_carson_by_gage_skidmore_4.jpg\" alt=\"\" width=\"600\" height=\"302\" \/><\/a><p id=\"caption-attachment-16669\" class=\"wp-caption-text\">Ben Carson (Gage Skidmore \/ Wikicommons)<\/p><\/div>\n<p>4 de mayo de 2015 | Silver Spring, Maryland, Estados Unidos | Divisi\u00f3n Norteamericana<\/p>\n<p><em>Adventist Review: Nota del editor: La Divisi\u00f3n Norteamericana de la Iglesia Adventista del S\u00e9ptimo D\u00eda ha dado a conocer la siguiente declaraci\u00f3n sobre el anuncio del pasado 4 de mayo, en el que el Dr. Ben Carson, neurocirujano retirado y miembro de la Iglesia Adventista, anunci\u00f3 que buscar\u00e1 la nominaci\u00f3n del Partido Republicano para la presidencia de los Estados Unidos.<\/em><\/p>\n<p>En el comienzo del ciclo eleccionario 2016 en los Estados Unidos, la Iglesia Adventista es consciente del creciente inter\u00e9s en la candidatura presidencial del Dr. Ben Carson.<\/p>\n<p>La mayor\u00eda de los adventistas conoce bien la historia del Dr. Carson, y \u00e9l es un m\u00e9dico sumamente respetado.<\/p>\n<p>La Iglesia Adventista posee hist\u00f3ricamente la postura de no apoyar u oponerse a un candidato que busca ser un funcionario electo. Esta postura se basa tanto en nuestra posici\u00f3n hist\u00f3rica que defiende la separaci\u00f3n de la Iglesia y el Estado como en las leyes nacionales pertinentes relacionadas con el estatus de exenci\u00f3n impositiva que posee la denominaci\u00f3n.<\/p>\n<p>Aunque los miembros en forma individual son libros de apoyar o de oponerse a cualquier candidato a un cargo p\u00fablico seg\u00fan les parezca mejor, es fundamental que la iglesia como instituci\u00f3n conserve la neutralidad respecto de todos los candidatos que buscan un cargo. Se debe ser extremadamente cuidadoso para que tanto el p\u00falpito como las propiedades de la iglesia sigan siendo un espacio neutral en cuestiones eleccionarias. Los empleados de la iglesia necesitan tambi\u00e9n ejercer un extremo cuidado para no expresar posturas dentro del \u00e1mbito denominacional que se refieran a cualquier candidato a un cargo p\u00fablico, lo que incluye al Dr. Carson.<\/p>\n<p>Tambi\u00e9n queremos recordar a los miembros, los pastores y los administradores de la iglesia sobre la postura oficial de la denominaci\u00f3n respecto de la separaci\u00f3n de la Iglesia y el Estado. La iglesia ha trabajado con diligencia para proteger los derechos religiosos de todas las personas de fe, no importa cu\u00e1l sea su afiliaci\u00f3n religiosa.<\/p>\n<p>\u00abPor lo tanto, debemos trabajar para establecer una s\u00f3lida libertad religiosa para todos, y abstenernos de usar nuestra influencia con los l\u00edderes pol\u00edticos y civiles para ya sea hacer progresar nuestra religi\u00f3n o limitar la de otras personas. Los adventistas deber\u00edan tomar muy en serio las responsabilidades civiles. Deber\u00edamos participar en el proceso de votaci\u00f3n toda vez que sea posible hacerlo en buena conciencia, y deber\u00edamos compartir la responsabilidad de edificar nuestras comunidades. A pesar de ello, los adventistas no debemos vivir preocupados en cuestiones pol\u00edticas, o utilizar el p\u00falpito o nuestras publicaciones para promover teor\u00edas pol\u00edticas\u00bb. (De una declaraci\u00f3n oficial de la Iglesia Adventista del S\u00e9ptimo D\u00eda, adoptada por el Consejo de Relaciones Interiglesias de la Iglesia Adventista del S\u00e9ptimo D\u00eda en marzo de 2002).<\/p>\n<p>La Iglesia Adventista del S\u00e9ptimo D\u00eda valora al Dr. Ben Carson, as\u00ed como valora a todos los miembros. Sin embargo, es importante que la iglesia mantenga su apoyo hist\u00f3rico a la separaci\u00f3n de la Iglesia y el Estado al abstenerse de apoyar u oponerse a alg\u00fan candidato.<\/p>\n<p><em>Traducci\u00f3n de Marcos Paseggi<\/em><\/p>\n","protected":false},"excerpt":{"rendered":"<p>En el comienzo del ciclo eleccionario 2016 en los Estados Unidos, la Iglesia Adventista es consciente del creciente inter\u00e9s en la candidatura presidencial del Dr. Ben Carson.<\/p>\n<p>La mayor\u00eda de los adventistas conoce bien la historia del Dr. Carson, y \u00e9l es un m\u00e9dico sumamente respetado.<\/p>\n","protected":false},"author":1,"featured_media":25177,"comment_status":"closed","ping_status":"closed","sticky":false,"template":"","format":"standard","meta":{"_acf_changed":false,"footnotes":""},"categories":[14,15],"tags":[],"class_list":["post-30820","post","type-post","status-publish","format-standard","has-post-thumbnail","hentry","category-de-la-iglesia-mundial","category-rss-espanol"],"acf":[],"yoast_head":"<!-- This site is optimized with the Yoast SEO plugin v27.3 - https:\/\/yoast.com\/product\/yoast-seo-wordpress\/ -->\n<title>Iglesia Adventista en Norteam\u00e9rica da a conocer declaraci\u00f3n sobre la candidatura de Ben Carson a la presidencia de Estados Unidos - Iglesia Adventista del S\u00e9ptimo D\u00eda - Divisi\u00f3n Interamericana<\/title>\n<meta name=\"robots\" content=\"index, follow, max-snippet:-1, max-image-preview:large, max-video-preview:-1\" \/>\n<link rel=\"canonical\" href=\"https:\/\/interamerica.org\/es\/2015\/05\/iglesia-adventista-en-norteamerica-da-a-conocer-declaracion-sobre-la-candidatura-de-ben-carson-a-la-presidencia-de-estados-unidos\/\" \/>\n<meta property=\"og:locale\" content=\"es_ES\" \/>\n<meta property=\"og:type\" content=\"article\" \/>\n<meta property=\"og:title\" content=\"Iglesia Adventista en Norteam\u00e9rica da a conocer declaraci\u00f3n sobre la candidatura de Ben Carson a la presidencia de Estados Unidos - Iglesia Adventista del S\u00e9ptimo D\u00eda - Divisi\u00f3n Interamericana\" \/>\n<meta property=\"og:description\" content=\"En el comienzo del ciclo eleccionario 2016 en los Estados Unidos, la Iglesia Adventista es consciente del creciente inter\u00e9s en la candidatura presidencial del Dr. Ben Carson. La mayor\u00eda de los adventistas conoce bien la historia del Dr. Carson, y \u00e9l es un m\u00e9dico sumamente respetado.\" \/>\n<meta property=\"og:url\" content=\"https:\/\/interamerica.org\/es\/2015\/05\/iglesia-adventista-en-norteamerica-da-a-conocer-declaracion-sobre-la-candidatura-de-ben-carson-a-la-presidencia-de-estados-unidos\/\" \/>\n<meta property=\"og:site_name\" content=\"Iglesia Adventista del S\u00e9ptimo D\u00eda - Divisi\u00f3n Interamericana\" \/>\n<meta property=\"article:published_time\" content=\"2015-05-05T04:00:00+00:00\" \/>\n<meta property=\"og:image\" content=\"https:\/\/interamerica.org\/wp-content\/uploads\/2017\/06\/rsz_ben_carson_by_gage_skidmore_4.jpg\" \/>\n\t<meta property=\"og:image:width\" content=\"1000\" \/>\n\t<meta property=\"og:image:height\" content=\"503\" \/>\n\t<meta property=\"og:image:type\" content=\"image\/jpeg\" \/>\n<meta name=\"author\" content=\"Lorenzo Verduzco\" \/>\n<meta name=\"twitter:card\" content=\"summary_large_image\" \/>\n<meta name=\"twitter:label1\" content=\"Escrito por\" \/>\n\t<meta name=\"twitter:data1\" content=\"Lorenzo Verduzco\" \/>\n\t<meta name=\"twitter:label2\" content=\"Tiempo de lectura\" \/>\n\t<meta name=\"twitter:data2\" content=\"3 minutos\" \/>\n<script type=\"application\/ld+json\" class=\"yoast-schema-graph\">{\"@context\":\"https:\\\/\\\/schema.org\",\"@graph\":[{\"@type\":\"Article\",\"@id\":\"https:\\\/\\\/interamerica.org\\\/es\\\/2015\\\/05\\\/iglesia-adventista-en-norteamerica-da-a-conocer-declaracion-sobre-la-candidatura-de-ben-carson-a-la-presidencia-de-estados-unidos\\\/#article\",\"isPartOf\":{\"@id\":\"https:\\\/\\\/interamerica.org\\\/es\\\/2015\\\/05\\\/iglesia-adventista-en-norteamerica-da-a-conocer-declaracion-sobre-la-candidatura-de-ben-carson-a-la-presidencia-de-estados-unidos\\\/\"},\"author\":{\"name\":\"Lorenzo Verduzco\",\"@id\":\"https:\\\/\\\/interamerica.org\\\/es\\\/#\\\/schema\\\/person\\\/68ede8bdc292885bb76c1e3810e73c39\"},\"headline\":\"Iglesia Adventista en Norteam\u00e9rica da a conocer declaraci\u00f3n sobre la candidatura de Ben Carson a la presidencia de Estados Unidos\",\"datePublished\":\"2015-05-05T04:00:00+00:00\",\"mainEntityOfPage\":{\"@id\":\"https:\\\/\\\/interamerica.org\\\/es\\\/2015\\\/05\\\/iglesia-adventista-en-norteamerica-da-a-conocer-declaracion-sobre-la-candidatura-de-ben-carson-a-la-presidencia-de-estados-unidos\\\/\"},\"wordCount\":587,\"image\":{\"@id\":\"https:\\\/\\\/interamerica.org\\\/es\\\/2015\\\/05\\\/iglesia-adventista-en-norteamerica-da-a-conocer-declaracion-sobre-la-candidatura-de-ben-carson-a-la-presidencia-de-estados-unidos\\\/#primaryimage\"},\"thumbnailUrl\":\"https:\\\/\\\/interamerica.org\\\/wp-content\\\/uploads\\\/2017\\\/06\\\/rsz_ben_carson_by_gage_skidmore_4.jpg\",\"articleSection\":[\"Desde la iglesia mundial\",\"RSS Espa\u00f1ol\"],\"inLanguage\":\"es\"},{\"@type\":\"WebPage\",\"@id\":\"https:\\\/\\\/interamerica.org\\\/es\\\/2015\\\/05\\\/iglesia-adventista-en-norteamerica-da-a-conocer-declaracion-sobre-la-candidatura-de-ben-carson-a-la-presidencia-de-estados-unidos\\\/\",\"url\":\"https:\\\/\\\/interamerica.org\\\/es\\\/2015\\\/05\\\/iglesia-adventista-en-norteamerica-da-a-conocer-declaracion-sobre-la-candidatura-de-ben-carson-a-la-presidencia-de-estados-unidos\\\/\",\"name\":\"Iglesia Adventista en Norteam\u00e9rica da a conocer declaraci\u00f3n sobre la candidatura de Ben Carson a la presidencia de Estados Unidos - Iglesia Adventista del S\u00e9ptimo D\u00eda - Divisi\u00f3n Interamericana\",\"isPartOf\":{\"@id\":\"https:\\\/\\\/interamerica.org\\\/es\\\/#website\"},\"primaryImageOfPage\":{\"@id\":\"https:\\\/\\\/interamerica.org\\\/es\\\/2015\\\/05\\\/iglesia-adventista-en-norteamerica-da-a-conocer-declaracion-sobre-la-candidatura-de-ben-carson-a-la-presidencia-de-estados-unidos\\\/#primaryimage\"},\"image\":{\"@id\":\"https:\\\/\\\/interamerica.org\\\/es\\\/2015\\\/05\\\/iglesia-adventista-en-norteamerica-da-a-conocer-declaracion-sobre-la-candidatura-de-ben-carson-a-la-presidencia-de-estados-unidos\\\/#primaryimage\"},\"thumbnailUrl\":\"https:\\\/\\\/interamerica.org\\\/wp-content\\\/uploads\\\/2017\\\/06\\\/rsz_ben_carson_by_gage_skidmore_4.jpg\",\"datePublished\":\"2015-05-05T04:00:00+00:00\",\"author\":{\"@id\":\"https:\\\/\\\/interamerica.org\\\/es\\\/#\\\/schema\\\/person\\\/68ede8bdc292885bb76c1e3810e73c39\"},\"breadcrumb\":{\"@id\":\"https:\\\/\\\/interamerica.org\\\/es\\\/2015\\\/05\\\/iglesia-adventista-en-norteamerica-da-a-conocer-declaracion-sobre-la-candidatura-de-ben-carson-a-la-presidencia-de-estados-unidos\\\/#breadcrumb\"},\"inLanguage\":\"es\",\"potentialAction\":[{\"@type\":\"ReadAction\",\"target\":[\"https:\\\/\\\/interamerica.org\\\/es\\\/2015\\\/05\\\/iglesia-adventista-en-norteamerica-da-a-conocer-declaracion-sobre-la-candidatura-de-ben-carson-a-la-presidencia-de-estados-unidos\\\/\"]}]},{\"@type\":\"ImageObject\",\"inLanguage\":\"es\",\"@id\":\"https:\\\/\\\/interamerica.org\\\/es\\\/2015\\\/05\\\/iglesia-adventista-en-norteamerica-da-a-conocer-declaracion-sobre-la-candidatura-de-ben-carson-a-la-presidencia-de-estados-unidos\\\/#primaryimage\",\"url\":\"https:\\\/\\\/interamerica.org\\\/wp-content\\\/uploads\\\/2017\\\/06\\\/rsz_ben_carson_by_gage_skidmore_4.jpg\",\"contentUrl\":\"https:\\\/\\\/interamerica.org\\\/wp-content\\\/uploads\\\/2017\\\/06\\\/rsz_ben_carson_by_gage_skidmore_4.jpg\",\"width\":1000,\"height\":503},{\"@type\":\"BreadcrumbList\",\"@id\":\"https:\\\/\\\/interamerica.org\\\/es\\\/2015\\\/05\\\/iglesia-adventista-en-norteamerica-da-a-conocer-declaracion-sobre-la-candidatura-de-ben-carson-a-la-presidencia-de-estados-unidos\\\/#breadcrumb\",\"itemListElement\":[{\"@type\":\"ListItem\",\"position\":1,\"name\":\"Home\",\"item\":\"https:\\\/\\\/interamerica.org\\\/es\\\/\"},{\"@type\":\"ListItem\",\"position\":2,\"name\":\"Iglesia Adventista en Norteam\u00e9rica da a conocer declaraci\u00f3n sobre la candidatura de Ben Carson a la presidencia de Estados Unidos\"}]},{\"@type\":\"WebSite\",\"@id\":\"https:\\\/\\\/interamerica.org\\\/es\\\/#website\",\"url\":\"https:\\\/\\\/interamerica.org\\\/es\\\/\",\"name\":\"Iglesia Adventista del S\u00e9ptimo D\u00eda - Divisi\u00f3n Interamericana\",\"description\":\"\",\"potentialAction\":[{\"@type\":\"SearchAction\",\"target\":{\"@type\":\"EntryPoint\",\"urlTemplate\":\"https:\\\/\\\/interamerica.org\\\/es\\\/?s={search_term_string}\"},\"query-input\":{\"@type\":\"PropertyValueSpecification\",\"valueRequired\":true,\"valueName\":\"search_term_string\"}}],\"inLanguage\":\"es\"},{\"@type\":\"Person\",\"@id\":\"https:\\\/\\\/interamerica.org\\\/es\\\/#\\\/schema\\\/person\\\/68ede8bdc292885bb76c1e3810e73c39\",\"name\":\"Lorenzo Verduzco\",\"image\":{\"@type\":\"ImageObject\",\"inLanguage\":\"es\",\"@id\":\"https:\\\/\\\/secure.gravatar.com\\\/avatar\\\/fb81a55b6218459490a9c1dc841a34909185b81904c5337b4b27f7a6fd60c49e?s=96&d=mm&r=g\",\"url\":\"https:\\\/\\\/secure.gravatar.com\\\/avatar\\\/fb81a55b6218459490a9c1dc841a34909185b81904c5337b4b27f7a6fd60c49e?s=96&d=mm&r=g\",\"contentUrl\":\"https:\\\/\\\/secure.gravatar.com\\\/avatar\\\/fb81a55b6218459490a9c1dc841a34909185b81904c5337b4b27f7a6fd60c49e?s=96&d=mm&r=g\",\"caption\":\"Lorenzo Verduzco\"}}]}<\/script>\n<!-- \/ Yoast SEO plugin. -->","yoast_head_json":{"title":"Iglesia Adventista en Norteam\u00e9rica da a conocer declaraci\u00f3n sobre la candidatura de Ben Carson a la presidencia de Estados Unidos - Iglesia Adventista del S\u00e9ptimo D\u00eda - Divisi\u00f3n Interamericana","robots":{"index":"index","follow":"follow","max-snippet":"max-snippet:-1","max-image-preview":"max-image-preview:large","max-video-preview":"max-video-preview:-1"},"canonical":"https:\/\/interamerica.org\/es\/2015\/05\/iglesia-adventista-en-norteamerica-da-a-conocer-declaracion-sobre-la-candidatura-de-ben-carson-a-la-presidencia-de-estados-unidos\/","og_locale":"es_ES","og_type":"article","og_title":"Iglesia Adventista en Norteam\u00e9rica da a conocer declaraci\u00f3n sobre la candidatura de Ben Carson a la presidencia de Estados Unidos - Iglesia Adventista del S\u00e9ptimo D\u00eda - Divisi\u00f3n Interamericana","og_description":"En el comienzo del ciclo eleccionario 2016 en los Estados Unidos, la Iglesia Adventista es consciente del creciente inter\u00e9s en la candidatura presidencial del Dr. Ben Carson. La mayor\u00eda de los adventistas conoce bien la historia del Dr. Carson, y \u00e9l es un m\u00e9dico sumamente respetado.","og_url":"https:\/\/interamerica.org\/es\/2015\/05\/iglesia-adventista-en-norteamerica-da-a-conocer-declaracion-sobre-la-candidatura-de-ben-carson-a-la-presidencia-de-estados-unidos\/","og_site_name":"Iglesia Adventista del S\u00e9ptimo D\u00eda - Divisi\u00f3n Interamericana","article_published_time":"2015-05-05T04:00:00+00:00","og_image":[{"width":1000,"height":503,"url":"https:\/\/interamerica.org\/wp-content\/uploads\/2017\/06\/rsz_ben_carson_by_gage_skidmore_4.jpg","type":"image\/jpeg"}],"author":"Lorenzo Verduzco","twitter_card":"summary_large_image","twitter_misc":{"Escrito por":"Lorenzo Verduzco","Tiempo de lectura":"3 minutos"},"schema":{"@context":"https:\/\/schema.org","@graph":[{"@type":"Article","@id":"https:\/\/interamerica.org\/es\/2015\/05\/iglesia-adventista-en-norteamerica-da-a-conocer-declaracion-sobre-la-candidatura-de-ben-carson-a-la-presidencia-de-estados-unidos\/#article","isPartOf":{"@id":"https:\/\/interamerica.org\/es\/2015\/05\/iglesia-adventista-en-norteamerica-da-a-conocer-declaracion-sobre-la-candidatura-de-ben-carson-a-la-presidencia-de-estados-unidos\/"},"author":{"name":"Lorenzo Verduzco","@id":"https:\/\/interamerica.org\/es\/#\/schema\/person\/68ede8bdc292885bb76c1e3810e73c39"},"headline":"Iglesia Adventista en Norteam\u00e9rica da a conocer declaraci\u00f3n sobre la candidatura de Ben Carson a la presidencia de Estados Unidos","datePublished":"2015-05-05T04:00:00+00:00","mainEntityOfPage":{"@id":"https:\/\/interamerica.org\/es\/2015\/05\/iglesia-adventista-en-norteamerica-da-a-conocer-declaracion-sobre-la-candidatura-de-ben-carson-a-la-presidencia-de-estados-unidos\/"},"wordCount":587,"image":{"@id":"https:\/\/interamerica.org\/es\/2015\/05\/iglesia-adventista-en-norteamerica-da-a-conocer-declaracion-sobre-la-candidatura-de-ben-carson-a-la-presidencia-de-estados-unidos\/#primaryimage"},"thumbnailUrl":"https:\/\/interamerica.org\/wp-content\/uploads\/2017\/06\/rsz_ben_carson_by_gage_skidmore_4.jpg","articleSection":["Desde la iglesia mundial","RSS Espa\u00f1ol"],"inLanguage":"es"},{"@type":"WebPage","@id":"https:\/\/interamerica.org\/es\/2015\/05\/iglesia-adventista-en-norteamerica-da-a-conocer-declaracion-sobre-la-candidatura-de-ben-carson-a-la-presidencia-de-estados-unidos\/","url":"https:\/\/interamerica.org\/es\/2015\/05\/iglesia-adventista-en-norteamerica-da-a-conocer-declaracion-sobre-la-candidatura-de-ben-carson-a-la-presidencia-de-estados-unidos\/","name":"Iglesia Adventista en Norteam\u00e9rica da a conocer declaraci\u00f3n sobre la candidatura de Ben Carson a la presidencia de Estados Unidos - Iglesia Adventista del S\u00e9ptimo D\u00eda - Divisi\u00f3n Interamericana","isPartOf":{"@id":"https:\/\/interamerica.org\/es\/#website"},"primaryImageOfPage":{"@id":"https:\/\/interamerica.org\/es\/2015\/05\/iglesia-adventista-en-norteamerica-da-a-conocer-declaracion-sobre-la-candidatura-de-ben-carson-a-la-presidencia-de-estados-unidos\/#primaryimage"},"image":{"@id":"https:\/\/interamerica.org\/es\/2015\/05\/iglesia-adventista-en-norteamerica-da-a-conocer-declaracion-sobre-la-candidatura-de-ben-carson-a-la-presidencia-de-estados-unidos\/#primaryimage"},"thumbnailUrl":"https:\/\/interamerica.org\/wp-content\/uploads\/2017\/06\/rsz_ben_carson_by_gage_skidmore_4.jpg","datePublished":"2015-05-05T04:00:00+00:00","author":{"@id":"https:\/\/interamerica.org\/es\/#\/schema\/person\/68ede8bdc292885bb76c1e3810e73c39"},"breadcrumb":{"@id":"https:\/\/interamerica.org\/es\/2015\/05\/iglesia-adventista-en-norteamerica-da-a-conocer-declaracion-sobre-la-candidatura-de-ben-carson-a-la-presidencia-de-estados-unidos\/#breadcrumb"},"inLanguage":"es","potentialAction":[{"@type":"ReadAction","target":["https:\/\/interamerica.org\/es\/2015\/05\/iglesia-adventista-en-norteamerica-da-a-conocer-declaracion-sobre-la-candidatura-de-ben-carson-a-la-presidencia-de-estados-unidos\/"]}]},{"@type":"ImageObject","inLanguage":"es","@id":"https:\/\/interamerica.org\/es\/2015\/05\/iglesia-adventista-en-norteamerica-da-a-conocer-declaracion-sobre-la-candidatura-de-ben-carson-a-la-presidencia-de-estados-unidos\/#primaryimage","url":"https:\/\/interamerica.org\/wp-content\/uploads\/2017\/06\/rsz_ben_carson_by_gage_skidmore_4.jpg","contentUrl":"https:\/\/interamerica.org\/wp-content\/uploads\/2017\/06\/rsz_ben_carson_by_gage_skidmore_4.jpg","width":1000,"height":503},{"@type":"BreadcrumbList","@id":"https:\/\/interamerica.org\/es\/2015\/05\/iglesia-adventista-en-norteamerica-da-a-conocer-declaracion-sobre-la-candidatura-de-ben-carson-a-la-presidencia-de-estados-unidos\/#breadcrumb","itemListElement":[{"@type":"ListItem","position":1,"name":"Home","item":"https:\/\/interamerica.org\/es\/"},{"@type":"ListItem","position":2,"name":"Iglesia Adventista en Norteam\u00e9rica da a conocer declaraci\u00f3n sobre la candidatura de Ben Carson a la presidencia de Estados Unidos"}]},{"@type":"WebSite","@id":"https:\/\/interamerica.org\/es\/#website","url":"https:\/\/interamerica.org\/es\/","name":"Iglesia Adventista del S\u00e9ptimo D\u00eda - Divisi\u00f3n Interamericana","description":"","potentialAction":[{"@type":"SearchAction","target":{"@type":"EntryPoint","urlTemplate":"https:\/\/interamerica.org\/es\/?s={search_term_string}"},"query-input":{"@type":"PropertyValueSpecification","valueRequired":true,"valueName":"search_term_string"}}],"inLanguage":"es"},{"@type":"Person","@id":"https:\/\/interamerica.org\/es\/#\/schema\/person\/68ede8bdc292885bb76c1e3810e73c39","name":"Lorenzo Verduzco","image":{"@type":"ImageObject","inLanguage":"es","@id":"https:\/\/secure.gravatar.com\/avatar\/fb81a55b6218459490a9c1dc841a34909185b81904c5337b4b27f7a6fd60c49e?s=96&d=mm&r=g","url":"https:\/\/secure.gravatar.com\/avatar\/fb81a55b6218459490a9c1dc841a34909185b81904c5337b4b27f7a6fd60c49e?s=96&d=mm&r=g","contentUrl":"https:\/\/secure.gravatar.com\/avatar\/fb81a55b6218459490a9c1dc841a34909185b81904c5337b4b27f7a6fd60c49e?s=96&d=mm&r=g","caption":"Lorenzo Verduzco"}}]}},"_links":{"self":[{"href":"https:\/\/interamerica.org\/es\/wp-json\/wp\/v2\/posts\/30820","targetHints":{"allow":["GET"]}}],"collection":[{"href":"https:\/\/interamerica.org\/es\/wp-json\/wp\/v2\/posts"}],"about":[{"href":"https:\/\/interamerica.org\/es\/wp-json\/wp\/v2\/types\/post"}],"author":[{"embeddable":true,"href":"https:\/\/interamerica.org\/es\/wp-json\/wp\/v2\/users\/1"}],"replies":[{"embeddable":true,"href":"https:\/\/interamerica.org\/es\/wp-json\/wp\/v2\/comments?post=30820"}],"version-history":[{"count":0,"href":"https:\/\/interamerica.org\/es\/wp-json\/wp\/v2\/posts\/30820\/revisions"}],"wp:featuredmedia":[{"embeddable":true,"href":"https:\/\/interamerica.org\/es\/wp-json\/wp\/v2\/media\/25177"}],"wp:attachment":[{"href":"https:\/\/interamerica.org\/es\/wp-json\/wp\/v2\/media?parent=30820"}],"wp:term":[{"taxonomy":"category","embeddable":true,"href":"https:\/\/interamerica.org\/es\/wp-json\/wp\/v2\/categories?post=30820"},{"taxonomy":"post_tag","embeddable":true,"href":"https:\/\/interamerica.org\/es\/wp-json\/wp\/v2\/tags?post=30820"}],"curies":[{"name":"wp","href":"https:\/\/api.w.org\/{rel}","templated":true}]}}