{"id":30822,"date":"2015-05-07T00:00:00","date_gmt":"2015-05-07T04:00:00","guid":{"rendered":"http:\/\/192.81.217.108\/interamerica\/2015\/05\/en-puerto-rico-cientos-de-comunicadores-reciben-el-desafio-de-ser-discipulos-creativos-en-sus-comunidades\/"},"modified":"2015-05-07T00:00:00","modified_gmt":"2015-05-07T04:00:00","slug":"en-puerto-rico-cientos-de-comunicadores-reciben-el-desafio-de-ser-discipulos-creativos-en-sus-comunidades","status":"publish","type":"post","link":"https:\/\/interamerica.org\/es\/2015\/05\/en-puerto-rico-cientos-de-comunicadores-reciben-el-desafio-de-ser-discipulos-creativos-en-sus-comunidades\/","title":{"rendered":"En Puerto Rico, cientos de comunicadores reciben el desaf\u00edo de ser disc\u00edpulos creativos en sus comunidades"},"content":{"rendered":"<div id=\"attachment_16725\" style=\"width: 410px\" class=\"wp-caption alignright\"><a href=\"\/interamerica\/wp-content\/uploads\/2017\/06\/COMMSUMMIT-EPRC.png\" rel=\"fancybox\" title=\"En Puerto Rico, cientos de comunicadores reciben el desaf\u00edo de ser disc\u00edpulos creativos en sus comunidades\"><img fetchpriority=\"high\" decoding=\"async\" aria-describedby=\"caption-attachment-16725\" class=\"size-full wp-image-16725\" src=\"\/interamerica\/wp-content\/uploads\/2017\/06\/COMMSUMMIT-EPRC.png\" alt=\"\" width=\"400\" height=\"300\" \/><\/a><p id=\"caption-attachment-16725\" class=\"wp-caption-text\">M\u00e1s de 350 comunicadores adventistas de la regi\u00f3n Puertorrique\u00f1a del Este y el resto de la isla se reunieron en el Auditorio de J\u00f3venes Eliezer Men\u00e9ndez para la Cumbre de Comunicaci\u00f3n de la iglesia, llevada a cabo en San Juan, Puerto Rico, del 1 al 3 de mayo de 2015. Im\u00e1genes de la Asociaci\u00f3n Puertorrique\u00f1a del Este.<\/p><\/div>\n<p>6 de mayo de 2015 | San Juan, Puerto Rico | Libna Stevens\/DIA<\/p>\n<p>M\u00e1s de 350 comunicadores de toda la Iglesia Adventista de Puerto Rico se reunieron la semana pasada para ampliar sus conocimientos de comunicaci\u00f3n y tecnolog\u00eda.<\/p>\n<p>El evento fue el tercer programa anual de certificaci\u00f3n en todo el territorio organizado por la iglesia de la regi\u00f3n Puertorrique\u00f1a del Este que busca equipar a los comunicadores brind\u00e1ndoles treinta horas de capacitaci\u00f3n. El a\u00f1o pr\u00f3ximo, el evento anual completar\u00e1 las 120 horas del programa de certificaci\u00f3n, dijo el pastor David Sebastian, director de comunicaci\u00f3n de la Iglesia Adventista en la regi\u00f3n Puertorrique\u00f1a Oriental y principal organizador.<\/p>\n<p>\u00abNuestro objetivo con este programa contin\u00faa destacando el trabajo conjunto entre los comunicadores de la isla, para que sigan siendo disc\u00edpulos creativos que se unan para presentar una imagen favorable de la iglesia, al compartir la esperanza en la que creemos\u00bb, dijo Sebastian.<\/p>\n<p>\u00abLa comunidad es nuestro cliente, y queremos asegurarnos de que exista un flujo de atenci\u00f3n, de amor cristiano, para que as\u00ed seamos efectivos como comunicadores\u00bb, a\u00f1adi\u00f3.<\/p>\n<div id=\"attachment_16726\" style=\"width: 410px\" class=\"wp-caption alignleft\"><a href=\"\/interamerica\/wp-content\/uploads\/2017\/06\/HardingPR.png\" rel=\"fancybox\" title=\"En Puerto Rico, cientos de comunicadores reciben el desaf\u00edo de ser disc\u00edpulos creativos en sus comunidades\"><img decoding=\"async\" aria-describedby=\"caption-attachment-16726\" class=\"size-full wp-image-16726\" src=\"\/interamerica\/wp-content\/uploads\/2017\/06\/HardingPR.png\" alt=\"\" width=\"400\" height=\"265\" \/><\/a><p id=\"caption-attachment-16726\" class=\"wp-caption-text\">Brent Hardinge, gerente web de la Iglesia Adventista mundial, lleva a cabo un seminario sobre comunicaci\u00f3n digital.<\/p><\/div>\n<p>El principal orador fue Brent Hardinge, gerente web de la Iglesia Adventista mundial con sede en Maryland (Estados Unidos), desafi\u00f3 a los comunicadores a que act\u00faen en forma deliberada en todo lo que hablan y escriben en sus comunicaciones digitales.<\/p>\n<p>\u00abVivimos en una sociedad rica en im\u00e1genes, de manera que al comunicar el mensaje de la Biblia, compartan toda su belleza de manera visutal\u00bb, dijo Hardinge, quien anim\u00f3 a los comunicadores para que adopten las nuevas tecnolog\u00eda, y les record\u00f3 que cada miembro tiene la responsabilidad de comunicar el evangelio.<\/p>\n<p>\u00abSi pueden hablar, o escribir, entonces son comunicadores\u00bb, expres\u00f3.<\/p>\n<p>El fomento de una red de comunicadores ha sido una iniciativa durante a\u00f1os donde los administradores y l\u00edderes de la iglesia han entendido su importancia, dijo el pastor Julio Javier, director de comunicaci\u00f3n de la Iglesia Adventista en Puerto Rico.<\/p>\n<p>Javier present\u00f3 un ejercicio interactivo en el cual los comunicadores combinaron sus ideas e iniciativas para compartir el evangelio al arrojar varios ovillos de lana que fueron pasados a lo largo y a lo ancho del auditorio. Tambi\u00e9n se refiri\u00f3 a las ideas e iniciativas en las que participar\u00e1 la iglesia para comenzar a organizar y producir programas de televisi\u00f3n del Canal Hope Interam\u00e9rica.<\/p>\n<div id=\"attachment_16727\" style=\"width: 410px\" class=\"wp-caption alignleft\"><a href=\"\/interamerica\/wp-content\/uploads\/2017\/06\/Charito400.png\" rel=\"fancybox\" title=\"En Puerto Rico, cientos de comunicadores reciben el desaf\u00edo de ser disc\u00edpulos creativos en sus comunidades\"><img decoding=\"async\" aria-describedby=\"caption-attachment-16727\" class=\"size-full wp-image-16727\" src=\"\/interamerica\/wp-content\/uploads\/2017\/06\/Charito400.png\" alt=\"\" width=\"400\" height=\"292\" \/><\/a><p id=\"caption-attachment-16727\" class=\"wp-caption-text\">El pastor Oreste Natera (al centro) presenta un reconocimiento a la destacada periodista de Puerto Rico Charito Fraticelli (derecha) por su contribuci\u00f3n positiva a la sociedad, ante la atenta mirada el pastor David Sebastian (izquierda), director de comunicaci\u00f3n de la regi\u00f3n Puertorrique\u00f1a Oriental.<\/p><\/div>\n<p>Los organizadores entregaron un reconocimiento a Charito Fraticelli, una destacada y reconocida periodista, por su contribuci\u00f3n al pa\u00eds en sus muchos a\u00f1os como periodista confiable que report\u00f3 temas positivas que son de beneficio para la sociedad, lo que incluye iniciativas comunitarias organizadas por la iglesia.<\/p>\n<p>El pastor Jos\u00e9 Alberto Rodr\u00edguez, presidente de la Iglesia Adventista en Puerto Rico, agradeci\u00f3 a Fraticelli, or\u00f3 por ella, su trabajo y su familia.<\/p>\n<p>El pastor Rodr\u00edguez dio el mensaje espiritual del 2 de mayo.<\/p>\n<p>\u00abEl evangelio tiene poder\u00bb, afirm\u00f3 Rodr\u00edguez. \u00abPermitan que Dios toque sus vidas, sus computadoras, para que puedan sean instrumentos de paz\u00bb.<\/p>\n<p>Nancy Gonz\u00e1lez, de la iglesia adventista La Ceiba, es una de las comunicadores que asisti\u00f3 por tercer a\u00f1o consecutivo para recibir la capacitaci\u00f3n que se ofreci\u00f3 en la cumbre. Como profesional que trabaja en la c\u00e1mara de comercio, est\u00e1 entusiasmada por la posibilidad de conectarse con la comunidad, y coordina eventos para la comunidad en su iglesia.<\/p>\n<p>Gonz\u00e1lez organiz\u00f3 una actividad de mirar a las estrellas en su comunidad, y present\u00f3 la serie \u00abLa creaci\u00f3n\u00bb, que fue producida por la Iglesia Adventista. La serie cont\u00f3 con la participaci\u00f3n de un astr\u00f3nomo, que estuvo al frente del evento. Tambi\u00e9n ha organizado en su iglesia una feria de salud con \u00e9nfasis en la atenci\u00f3n de emergencias, un evento que fue llevado a cabo en el peri\u00f3dico regional de la regi\u00f3n Puertorrique\u00f1a Oriental.<\/p>\n<p>\u00abLo importante es enfocar nuestras energ\u00edas como disc\u00edpulos creativos para comunicar el mensaje de Cristo, algo que realmente reson\u00f3 este fin de semana y que estoy llevando conmigo\u00bb, dijo Gonz\u00e1lez, quien se uni\u00f3 a la Iglesia Adventista hace solo tres a\u00f1os.<\/p>\n<p>Criseida Contreras, que es maestra en la Academia Adventista Metropolitana de San Juan, siente la misma pasi\u00f3n que Gonz\u00e1lez. Contreras es directora de comunicaci\u00f3n de la iglesia adventista Sabana Llana en las cercan\u00edas, y est\u00e1 comprometida con la tarea de compartir m\u00e1s de las actividades que tienen lugar en su iglesia y la comunidad.<\/p>\n<div id=\"attachment_16729\" style=\"width: 410px\" class=\"wp-caption alignleft\"><a href=\"\/interamerica\/wp-content\/uploads\/2017\/06\/JulioJavier1.png\" rel=\"fancybox\" title=\"En Puerto Rico, cientos de comunicadores reciben el desaf\u00edo de ser disc\u00edpulos creativos en sus comunidades\"><img loading=\"lazy\" decoding=\"async\" aria-describedby=\"caption-attachment-16729\" class=\"size-full wp-image-16729\" src=\"\/interamerica\/wp-content\/uploads\/2017\/06\/JulioJavier1.png\" alt=\"\" width=\"400\" height=\"265\" \/><\/a><p id=\"caption-attachment-16729\" class=\"wp-caption-text\">El pastor Julio Javier, director de comunicaci\u00f3n de la Iglesia Adventista en Puerto Rico, hace que los comunicadores participen en presentar maneras creativas de conectarse con la comunidad.<\/p><\/div>\n<p>\u201cTenemos tantas herramientas disponibles, y es importante que compartamos maneras creativas de compartir el evangelio, para que otros puedan sentirse inspirados para producir un impacto positivo en sus comunidades\u00bb, dijo Contreras, quien se dio cuenta del impacto que puede tener la tarea de compartir las noticias de las actividades e iniciativas de la iglesia en la comunidad despu\u00e9s de asistir a un seminario de redacci\u00f3n de noticias.<\/p>\n<p>La cumbre incluy\u00f3 capacitaci\u00f3n en desarrollo de nuevos medios, participaci\u00f3n en blogs, medios sociales, edici\u00f3n de videos, redacci\u00f3n de noticias, artes gr\u00e1ficas, relaciones con los medios, transmisiones de radio y la organizaci\u00f3n de eventos creativos, entre otros.<\/p>\n<p>El evento tambi\u00e9n cont\u00f3 con el apoyo de la Sociedad de Comunicadores Adventistas de Interam\u00e9rica, lo que motiv\u00f3 a los asistentes a incorporarse a la red profesional de comunicadores.<\/p>\n<p>Si desea m\u00e1s informaci\u00f3n sobre la Cumbre de Comunicaci\u00f3n de la Asociaci\u00f3n Puertorrique\u00f1a del Este, presione\u00a0<a href=\"http:\/\/www.asociacionadventistadeleste.com\">AQU\u00cd<\/a><\/p>\n<p>Si desea ver im\u00e1genes del evento, presione\u00a0<a href=\"https:\/\/www.facebook.com\/575638889132692\/photos\/ms.c.eJxFz8kNRDEMAtCORt7w0n9jE8X65PoEyFaRAhyCCTXLn35gKdXjH8SMVSCFibyJLkLdBGyhxIDxAfTBqaRpE~;xUrDsJsyAfuFyoIegdDRBiEw~;qJvxVahM8zHuBh4VvxQl7ur~;EjhpHYzeSCeyl2EQKOk8FM0Ko874l8g8CYEtr.bps.a.1007553452607898.1073741993.575638889132692\/1007553505941226\/?type=1&amp;theater\">AQU\u00cd<\/a><\/p>\n<p><em>Traducci\u00f3n de Marcos Paseggi<\/em><\/p>\n","protected":false},"excerpt":{"rendered":"<p>M\u00e1s de 350 comunicadores de toda la Iglesia Adventista de Puerto Rico se reunieron la semana pasada para ampliar sus conocimientos de comunicaci\u00f3n y tecnolog\u00eda. <\/p>\n<p>El evento fue el tercer programa anual de certificaci\u00f3n en todo el territorio organizado por la iglesia de la regi\u00f3n Puertorrique\u00f1a del Este que busca equipar a los comunicadores brind\u00e1ndoles treinta horas de capacitaci\u00f3n.<\/p>\n","protected":false},"author":1,"featured_media":25210,"comment_status":"closed","ping_status":"closed","sticky":false,"template":"","format":"standard","meta":{"_acf_changed":false,"footnotes":""},"categories":[17,15],"tags":[],"class_list":["post-30822","post","type-post","status-publish","format-standard","has-post-thumbnail","hentry","category-desde-el-campo","category-rss-espanol"],"acf":[],"yoast_head":"<!-- This site is optimized with the Yoast SEO plugin v27.3 - https:\/\/yoast.com\/product\/yoast-seo-wordpress\/ -->\n<title>En Puerto Rico, cientos de comunicadores reciben el desaf\u00edo de ser disc\u00edpulos creativos en sus comunidades - Iglesia Adventista del S\u00e9ptimo D\u00eda - Divisi\u00f3n Interamericana<\/title>\n<meta name=\"robots\" content=\"index, follow, max-snippet:-1, max-image-preview:large, max-video-preview:-1\" \/>\n<link rel=\"canonical\" href=\"https:\/\/interamerica.org\/es\/2015\/05\/en-puerto-rico-cientos-de-comunicadores-reciben-el-desafio-de-ser-discipulos-creativos-en-sus-comunidades\/\" \/>\n<meta property=\"og:locale\" content=\"es_ES\" \/>\n<meta property=\"og:type\" content=\"article\" \/>\n<meta property=\"og:title\" content=\"En Puerto Rico, cientos de comunicadores reciben el desaf\u00edo de ser disc\u00edpulos creativos en sus comunidades - Iglesia Adventista del S\u00e9ptimo D\u00eda - Divisi\u00f3n Interamericana\" \/>\n<meta property=\"og:description\" content=\"M\u00e1s de 350 comunicadores de toda la Iglesia Adventista de Puerto Rico se reunieron la semana pasada para ampliar sus conocimientos de comunicaci\u00f3n y tecnolog\u00eda.  El evento fue el tercer programa anual de certificaci\u00f3n en todo el territorio organizado por la iglesia de la regi\u00f3n Puertorrique\u00f1a del Este que busca equipar a los comunicadores brind\u00e1ndoles treinta horas de capacitaci\u00f3n.\" \/>\n<meta property=\"og:url\" content=\"https:\/\/interamerica.org\/es\/2015\/05\/en-puerto-rico-cientos-de-comunicadores-reciben-el-desafio-de-ser-discipulos-creativos-en-sus-comunidades\/\" \/>\n<meta property=\"og:site_name\" content=\"Iglesia Adventista del S\u00e9ptimo D\u00eda - Divisi\u00f3n Interamericana\" \/>\n<meta property=\"article:published_time\" content=\"2015-05-07T04:00:00+00:00\" \/>\n<meta property=\"og:image\" content=\"https:\/\/interamerica.org\/wp-content\/uploads\/2017\/06\/PURU-communicators300.png\" \/>\n\t<meta property=\"og:image:width\" content=\"300\" \/>\n\t<meta property=\"og:image:height\" content=\"225\" \/>\n\t<meta property=\"og:image:type\" content=\"image\/png\" \/>\n<meta name=\"author\" content=\"Lorenzo Verduzco\" \/>\n<meta name=\"twitter:card\" content=\"summary_large_image\" \/>\n<meta name=\"twitter:label1\" content=\"Escrito por\" \/>\n\t<meta name=\"twitter:data1\" content=\"Lorenzo Verduzco\" \/>\n\t<meta name=\"twitter:label2\" content=\"Tiempo de lectura\" \/>\n\t<meta name=\"twitter:data2\" content=\"6 minutos\" \/>\n<script type=\"application\/ld+json\" class=\"yoast-schema-graph\">{\"@context\":\"https:\\\/\\\/schema.org\",\"@graph\":[{\"@type\":\"Article\",\"@id\":\"https:\\\/\\\/interamerica.org\\\/es\\\/2015\\\/05\\\/en-puerto-rico-cientos-de-comunicadores-reciben-el-desafio-de-ser-discipulos-creativos-en-sus-comunidades\\\/#article\",\"isPartOf\":{\"@id\":\"https:\\\/\\\/interamerica.org\\\/es\\\/2015\\\/05\\\/en-puerto-rico-cientos-de-comunicadores-reciben-el-desafio-de-ser-discipulos-creativos-en-sus-comunidades\\\/\"},\"author\":{\"name\":\"Lorenzo Verduzco\",\"@id\":\"https:\\\/\\\/interamerica.org\\\/es\\\/#\\\/schema\\\/person\\\/68ede8bdc292885bb76c1e3810e73c39\"},\"headline\":\"En Puerto Rico, cientos de comunicadores reciben el desaf\u00edo de ser disc\u00edpulos creativos en sus comunidades\",\"datePublished\":\"2015-05-07T04:00:00+00:00\",\"mainEntityOfPage\":{\"@id\":\"https:\\\/\\\/interamerica.org\\\/es\\\/2015\\\/05\\\/en-puerto-rico-cientos-de-comunicadores-reciben-el-desafio-de-ser-discipulos-creativos-en-sus-comunidades\\\/\"},\"wordCount\":1134,\"image\":{\"@id\":\"https:\\\/\\\/interamerica.org\\\/es\\\/2015\\\/05\\\/en-puerto-rico-cientos-de-comunicadores-reciben-el-desafio-de-ser-discipulos-creativos-en-sus-comunidades\\\/#primaryimage\"},\"thumbnailUrl\":\"https:\\\/\\\/interamerica.org\\\/wp-content\\\/uploads\\\/2017\\\/06\\\/PURU-communicators300.png\",\"articleSection\":[\"Desde el campo\",\"RSS Espa\u00f1ol\"],\"inLanguage\":\"es\"},{\"@type\":\"WebPage\",\"@id\":\"https:\\\/\\\/interamerica.org\\\/es\\\/2015\\\/05\\\/en-puerto-rico-cientos-de-comunicadores-reciben-el-desafio-de-ser-discipulos-creativos-en-sus-comunidades\\\/\",\"url\":\"https:\\\/\\\/interamerica.org\\\/es\\\/2015\\\/05\\\/en-puerto-rico-cientos-de-comunicadores-reciben-el-desafio-de-ser-discipulos-creativos-en-sus-comunidades\\\/\",\"name\":\"En Puerto Rico, cientos de comunicadores reciben el desaf\u00edo de ser disc\u00edpulos creativos en sus comunidades - Iglesia Adventista del S\u00e9ptimo D\u00eda - Divisi\u00f3n Interamericana\",\"isPartOf\":{\"@id\":\"https:\\\/\\\/interamerica.org\\\/es\\\/#website\"},\"primaryImageOfPage\":{\"@id\":\"https:\\\/\\\/interamerica.org\\\/es\\\/2015\\\/05\\\/en-puerto-rico-cientos-de-comunicadores-reciben-el-desafio-de-ser-discipulos-creativos-en-sus-comunidades\\\/#primaryimage\"},\"image\":{\"@id\":\"https:\\\/\\\/interamerica.org\\\/es\\\/2015\\\/05\\\/en-puerto-rico-cientos-de-comunicadores-reciben-el-desafio-de-ser-discipulos-creativos-en-sus-comunidades\\\/#primaryimage\"},\"thumbnailUrl\":\"https:\\\/\\\/interamerica.org\\\/wp-content\\\/uploads\\\/2017\\\/06\\\/PURU-communicators300.png\",\"datePublished\":\"2015-05-07T04:00:00+00:00\",\"author\":{\"@id\":\"https:\\\/\\\/interamerica.org\\\/es\\\/#\\\/schema\\\/person\\\/68ede8bdc292885bb76c1e3810e73c39\"},\"breadcrumb\":{\"@id\":\"https:\\\/\\\/interamerica.org\\\/es\\\/2015\\\/05\\\/en-puerto-rico-cientos-de-comunicadores-reciben-el-desafio-de-ser-discipulos-creativos-en-sus-comunidades\\\/#breadcrumb\"},\"inLanguage\":\"es\",\"potentialAction\":[{\"@type\":\"ReadAction\",\"target\":[\"https:\\\/\\\/interamerica.org\\\/es\\\/2015\\\/05\\\/en-puerto-rico-cientos-de-comunicadores-reciben-el-desafio-de-ser-discipulos-creativos-en-sus-comunidades\\\/\"]}]},{\"@type\":\"ImageObject\",\"inLanguage\":\"es\",\"@id\":\"https:\\\/\\\/interamerica.org\\\/es\\\/2015\\\/05\\\/en-puerto-rico-cientos-de-comunicadores-reciben-el-desafio-de-ser-discipulos-creativos-en-sus-comunidades\\\/#primaryimage\",\"url\":\"https:\\\/\\\/interamerica.org\\\/wp-content\\\/uploads\\\/2017\\\/06\\\/PURU-communicators300.png\",\"contentUrl\":\"https:\\\/\\\/interamerica.org\\\/wp-content\\\/uploads\\\/2017\\\/06\\\/PURU-communicators300.png\",\"width\":300,\"height\":225},{\"@type\":\"BreadcrumbList\",\"@id\":\"https:\\\/\\\/interamerica.org\\\/es\\\/2015\\\/05\\\/en-puerto-rico-cientos-de-comunicadores-reciben-el-desafio-de-ser-discipulos-creativos-en-sus-comunidades\\\/#breadcrumb\",\"itemListElement\":[{\"@type\":\"ListItem\",\"position\":1,\"name\":\"Home\",\"item\":\"https:\\\/\\\/interamerica.org\\\/es\\\/\"},{\"@type\":\"ListItem\",\"position\":2,\"name\":\"En Puerto Rico, cientos de comunicadores reciben el desaf\u00edo de ser disc\u00edpulos creativos en sus comunidades\"}]},{\"@type\":\"WebSite\",\"@id\":\"https:\\\/\\\/interamerica.org\\\/es\\\/#website\",\"url\":\"https:\\\/\\\/interamerica.org\\\/es\\\/\",\"name\":\"Iglesia Adventista del S\u00e9ptimo D\u00eda - Divisi\u00f3n Interamericana\",\"description\":\"\",\"potentialAction\":[{\"@type\":\"SearchAction\",\"target\":{\"@type\":\"EntryPoint\",\"urlTemplate\":\"https:\\\/\\\/interamerica.org\\\/es\\\/?s={search_term_string}\"},\"query-input\":{\"@type\":\"PropertyValueSpecification\",\"valueRequired\":true,\"valueName\":\"search_term_string\"}}],\"inLanguage\":\"es\"},{\"@type\":\"Person\",\"@id\":\"https:\\\/\\\/interamerica.org\\\/es\\\/#\\\/schema\\\/person\\\/68ede8bdc292885bb76c1e3810e73c39\",\"name\":\"Lorenzo Verduzco\",\"image\":{\"@type\":\"ImageObject\",\"inLanguage\":\"es\",\"@id\":\"https:\\\/\\\/secure.gravatar.com\\\/avatar\\\/fb81a55b6218459490a9c1dc841a34909185b81904c5337b4b27f7a6fd60c49e?s=96&d=mm&r=g\",\"url\":\"https:\\\/\\\/secure.gravatar.com\\\/avatar\\\/fb81a55b6218459490a9c1dc841a34909185b81904c5337b4b27f7a6fd60c49e?s=96&d=mm&r=g\",\"contentUrl\":\"https:\\\/\\\/secure.gravatar.com\\\/avatar\\\/fb81a55b6218459490a9c1dc841a34909185b81904c5337b4b27f7a6fd60c49e?s=96&d=mm&r=g\",\"caption\":\"Lorenzo Verduzco\"}}]}<\/script>\n<!-- \/ Yoast SEO plugin. -->","yoast_head_json":{"title":"En Puerto Rico, cientos de comunicadores reciben el desaf\u00edo de ser disc\u00edpulos creativos en sus comunidades - Iglesia Adventista del S\u00e9ptimo D\u00eda - Divisi\u00f3n Interamericana","robots":{"index":"index","follow":"follow","max-snippet":"max-snippet:-1","max-image-preview":"max-image-preview:large","max-video-preview":"max-video-preview:-1"},"canonical":"https:\/\/interamerica.org\/es\/2015\/05\/en-puerto-rico-cientos-de-comunicadores-reciben-el-desafio-de-ser-discipulos-creativos-en-sus-comunidades\/","og_locale":"es_ES","og_type":"article","og_title":"En Puerto Rico, cientos de comunicadores reciben el desaf\u00edo de ser disc\u00edpulos creativos en sus comunidades - Iglesia Adventista del S\u00e9ptimo D\u00eda - Divisi\u00f3n Interamericana","og_description":"M\u00e1s de 350 comunicadores de toda la Iglesia Adventista de Puerto Rico se reunieron la semana pasada para ampliar sus conocimientos de comunicaci\u00f3n y tecnolog\u00eda.  El evento fue el tercer programa anual de certificaci\u00f3n en todo el territorio organizado por la iglesia de la regi\u00f3n Puertorrique\u00f1a del Este que busca equipar a los comunicadores brind\u00e1ndoles treinta horas de capacitaci\u00f3n.","og_url":"https:\/\/interamerica.org\/es\/2015\/05\/en-puerto-rico-cientos-de-comunicadores-reciben-el-desafio-de-ser-discipulos-creativos-en-sus-comunidades\/","og_site_name":"Iglesia Adventista del S\u00e9ptimo D\u00eda - Divisi\u00f3n Interamericana","article_published_time":"2015-05-07T04:00:00+00:00","og_image":[{"width":300,"height":225,"url":"https:\/\/interamerica.org\/wp-content\/uploads\/2017\/06\/PURU-communicators300.png","type":"image\/png"}],"author":"Lorenzo Verduzco","twitter_card":"summary_large_image","twitter_misc":{"Escrito por":"Lorenzo Verduzco","Tiempo de lectura":"6 minutos"},"schema":{"@context":"https:\/\/schema.org","@graph":[{"@type":"Article","@id":"https:\/\/interamerica.org\/es\/2015\/05\/en-puerto-rico-cientos-de-comunicadores-reciben-el-desafio-de-ser-discipulos-creativos-en-sus-comunidades\/#article","isPartOf":{"@id":"https:\/\/interamerica.org\/es\/2015\/05\/en-puerto-rico-cientos-de-comunicadores-reciben-el-desafio-de-ser-discipulos-creativos-en-sus-comunidades\/"},"author":{"name":"Lorenzo Verduzco","@id":"https:\/\/interamerica.org\/es\/#\/schema\/person\/68ede8bdc292885bb76c1e3810e73c39"},"headline":"En Puerto Rico, cientos de comunicadores reciben el desaf\u00edo de ser disc\u00edpulos creativos en sus comunidades","datePublished":"2015-05-07T04:00:00+00:00","mainEntityOfPage":{"@id":"https:\/\/interamerica.org\/es\/2015\/05\/en-puerto-rico-cientos-de-comunicadores-reciben-el-desafio-de-ser-discipulos-creativos-en-sus-comunidades\/"},"wordCount":1134,"image":{"@id":"https:\/\/interamerica.org\/es\/2015\/05\/en-puerto-rico-cientos-de-comunicadores-reciben-el-desafio-de-ser-discipulos-creativos-en-sus-comunidades\/#primaryimage"},"thumbnailUrl":"https:\/\/interamerica.org\/wp-content\/uploads\/2017\/06\/PURU-communicators300.png","articleSection":["Desde el campo","RSS Espa\u00f1ol"],"inLanguage":"es"},{"@type":"WebPage","@id":"https:\/\/interamerica.org\/es\/2015\/05\/en-puerto-rico-cientos-de-comunicadores-reciben-el-desafio-de-ser-discipulos-creativos-en-sus-comunidades\/","url":"https:\/\/interamerica.org\/es\/2015\/05\/en-puerto-rico-cientos-de-comunicadores-reciben-el-desafio-de-ser-discipulos-creativos-en-sus-comunidades\/","name":"En Puerto Rico, cientos de comunicadores reciben el desaf\u00edo de ser disc\u00edpulos creativos en sus comunidades - Iglesia Adventista del S\u00e9ptimo D\u00eda - Divisi\u00f3n Interamericana","isPartOf":{"@id":"https:\/\/interamerica.org\/es\/#website"},"primaryImageOfPage":{"@id":"https:\/\/interamerica.org\/es\/2015\/05\/en-puerto-rico-cientos-de-comunicadores-reciben-el-desafio-de-ser-discipulos-creativos-en-sus-comunidades\/#primaryimage"},"image":{"@id":"https:\/\/interamerica.org\/es\/2015\/05\/en-puerto-rico-cientos-de-comunicadores-reciben-el-desafio-de-ser-discipulos-creativos-en-sus-comunidades\/#primaryimage"},"thumbnailUrl":"https:\/\/interamerica.org\/wp-content\/uploads\/2017\/06\/PURU-communicators300.png","datePublished":"2015-05-07T04:00:00+00:00","author":{"@id":"https:\/\/interamerica.org\/es\/#\/schema\/person\/68ede8bdc292885bb76c1e3810e73c39"},"breadcrumb":{"@id":"https:\/\/interamerica.org\/es\/2015\/05\/en-puerto-rico-cientos-de-comunicadores-reciben-el-desafio-de-ser-discipulos-creativos-en-sus-comunidades\/#breadcrumb"},"inLanguage":"es","potentialAction":[{"@type":"ReadAction","target":["https:\/\/interamerica.org\/es\/2015\/05\/en-puerto-rico-cientos-de-comunicadores-reciben-el-desafio-de-ser-discipulos-creativos-en-sus-comunidades\/"]}]},{"@type":"ImageObject","inLanguage":"es","@id":"https:\/\/interamerica.org\/es\/2015\/05\/en-puerto-rico-cientos-de-comunicadores-reciben-el-desafio-de-ser-discipulos-creativos-en-sus-comunidades\/#primaryimage","url":"https:\/\/interamerica.org\/wp-content\/uploads\/2017\/06\/PURU-communicators300.png","contentUrl":"https:\/\/interamerica.org\/wp-content\/uploads\/2017\/06\/PURU-communicators300.png","width":300,"height":225},{"@type":"BreadcrumbList","@id":"https:\/\/interamerica.org\/es\/2015\/05\/en-puerto-rico-cientos-de-comunicadores-reciben-el-desafio-de-ser-discipulos-creativos-en-sus-comunidades\/#breadcrumb","itemListElement":[{"@type":"ListItem","position":1,"name":"Home","item":"https:\/\/interamerica.org\/es\/"},{"@type":"ListItem","position":2,"name":"En Puerto Rico, cientos de comunicadores reciben el desaf\u00edo de ser disc\u00edpulos creativos en sus comunidades"}]},{"@type":"WebSite","@id":"https:\/\/interamerica.org\/es\/#website","url":"https:\/\/interamerica.org\/es\/","name":"Iglesia Adventista del S\u00e9ptimo D\u00eda - Divisi\u00f3n Interamericana","description":"","potentialAction":[{"@type":"SearchAction","target":{"@type":"EntryPoint","urlTemplate":"https:\/\/interamerica.org\/es\/?s={search_term_string}"},"query-input":{"@type":"PropertyValueSpecification","valueRequired":true,"valueName":"search_term_string"}}],"inLanguage":"es"},{"@type":"Person","@id":"https:\/\/interamerica.org\/es\/#\/schema\/person\/68ede8bdc292885bb76c1e3810e73c39","name":"Lorenzo Verduzco","image":{"@type":"ImageObject","inLanguage":"es","@id":"https:\/\/secure.gravatar.com\/avatar\/fb81a55b6218459490a9c1dc841a34909185b81904c5337b4b27f7a6fd60c49e?s=96&d=mm&r=g","url":"https:\/\/secure.gravatar.com\/avatar\/fb81a55b6218459490a9c1dc841a34909185b81904c5337b4b27f7a6fd60c49e?s=96&d=mm&r=g","contentUrl":"https:\/\/secure.gravatar.com\/avatar\/fb81a55b6218459490a9c1dc841a34909185b81904c5337b4b27f7a6fd60c49e?s=96&d=mm&r=g","caption":"Lorenzo Verduzco"}}]}},"_links":{"self":[{"href":"https:\/\/interamerica.org\/es\/wp-json\/wp\/v2\/posts\/30822","targetHints":{"allow":["GET"]}}],"collection":[{"href":"https:\/\/interamerica.org\/es\/wp-json\/wp\/v2\/posts"}],"about":[{"href":"https:\/\/interamerica.org\/es\/wp-json\/wp\/v2\/types\/post"}],"author":[{"embeddable":true,"href":"https:\/\/interamerica.org\/es\/wp-json\/wp\/v2\/users\/1"}],"replies":[{"embeddable":true,"href":"https:\/\/interamerica.org\/es\/wp-json\/wp\/v2\/comments?post=30822"}],"version-history":[{"count":0,"href":"https:\/\/interamerica.org\/es\/wp-json\/wp\/v2\/posts\/30822\/revisions"}],"wp:featuredmedia":[{"embeddable":true,"href":"https:\/\/interamerica.org\/es\/wp-json\/wp\/v2\/media\/25210"}],"wp:attachment":[{"href":"https:\/\/interamerica.org\/es\/wp-json\/wp\/v2\/media?parent=30822"}],"wp:term":[{"taxonomy":"category","embeddable":true,"href":"https:\/\/interamerica.org\/es\/wp-json\/wp\/v2\/categories?post=30822"},{"taxonomy":"post_tag","embeddable":true,"href":"https:\/\/interamerica.org\/es\/wp-json\/wp\/v2\/tags?post=30822"}],"curies":[{"name":"wp","href":"https:\/\/api.w.org\/{rel}","templated":true}]}}