{"id":30823,"date":"2015-05-08T00:00:00","date_gmt":"2015-05-08T04:00:00","guid":{"rendered":"http:\/\/192.81.217.108\/interamerica\/2015\/05\/en-el-salvador-iglesia-lleva-a-cabo-capacitacion-en-auditoria-de-nominas-de-miembros\/"},"modified":"2015-05-08T00:00:00","modified_gmt":"2015-05-08T04:00:00","slug":"en-el-salvador-iglesia-lleva-a-cabo-capacitacion-en-auditoria-de-nominas-de-miembros","status":"publish","type":"post","link":"https:\/\/interamerica.org\/es\/2015\/05\/en-el-salvador-iglesia-lleva-a-cabo-capacitacion-en-auditoria-de-nominas-de-miembros\/","title":{"rendered":"En El Salvador, iglesia lleva a cabo capacitaci\u00f3n en auditor\u00eda de n\u00f3minas de miembros"},"content":{"rendered":"<div id=\"attachment_16757\" style=\"width: 586px\" class=\"wp-caption aligncenter\"><a href=\"\/interamerica\/wp-content\/uploads\/2017\/06\/16662262144_bfda9aa496_z.jpg\" rel=\"fancybox\" title=\"En El Salvador, iglesia lleva a cabo capacitaci\u00f3n en auditor\u00eda de n\u00f3minas de miembros\"><img fetchpriority=\"high\" decoding=\"async\" aria-describedby=\"caption-attachment-16757\" class=\" wp-image-16757 \" src=\"\/interamerica\/wp-content\/uploads\/2017\/06\/16662262144_bfda9aa496_z.jpg\" alt=\"\" width=\"576\" height=\"382\" \/><\/a><p id=\"caption-attachment-16757\" class=\"wp-caption-text\">M\u00e1s de 1700 secretarios y miembros de iglesia de 708 iglesias de El Salvador sostienen globos de colores que identifican a su regi\u00f3n, durante el festival especial para celebrar los pasos logrados en la auditor\u00eda de miembros en el Centro Internacional de Ferias y Convenciones de San Salvador, El Salvador, el pasado 19 de abril de 2015. Im\u00e1genes de Fabricio Rivera\/DIA<\/p><\/div>\n<p>8 de mayo de 2015 | San Salvador, El Salvador | Fabricio Rivera\/DIA<\/p>\n<p>La Iglesia Adventista de El Salvador celebr\u00f3 hace poco el \u00e9xito de la capacitaci\u00f3n de cientos de sus l\u00edderes y miembros que han estado auditando los libros de la iglesia en cientos de iglesias locales del pa\u00eds.<\/p>\n<div id=\"attachment_16758\" style=\"width: 394px\" class=\"wp-caption alignright\"><a href=\"\/interamerica\/wp-content\/uploads\/2017\/06\/17284630285_40a5b469f2_z.jpg\" rel=\"fancybox\" title=\"En El Salvador, iglesia lleva a cabo capacitaci\u00f3n en auditor\u00eda de n\u00f3minas de miembros\"><img decoding=\"async\" aria-describedby=\"caption-attachment-16758\" class=\" wp-image-16758 \" src=\"\/interamerica\/wp-content\/uploads\/2017\/06\/17284630285_40a5b469f2_z.jpg\" alt=\"\" width=\"384\" height=\"254\" \/><\/a><p id=\"caption-attachment-16758\" class=\"wp-caption-text\">El pastor V\u00edctor Burgos, secretario ejecutivo de la Iglesia Adventista en El Salvador, agradece el trabajo de los l\u00edderes de las asociaciones y misiones que supervisaron la auditor\u00eda de miembros en sus territorios durante los \u00faltimos dos a\u00f1os y medio.<\/p><\/div>\n<p>M\u00e1s de 1700 integrantes del equipo de secretarios de las 708 iglesias se reunieron en el Centro Internacional de Ferias y Convenciones de San Salvador para participar de un festival especial que destac\u00f3 los muchos logros alcanzados en la auditor\u00eda de miembros de cada regi\u00f3n eclesi\u00e1stica. El evento tambi\u00e9n brind\u00f3 capacitaci\u00f3n adicional durante la segunda etapa de implementaci\u00f3n del Sistema de Gesti\u00f3n de la Iglesia Adventista (ACMS), el programa inform\u00e1tico que brinda la plataforma oficial de la iglesia para la gesti\u00f3n de los miembros de cada iglesia.<\/p>\n<p>\u00abEsta celebraci\u00f3n fue importante porque fortaleci\u00f3 el compromiso de los equipos de secretarios, celebr\u00f3 los desaf\u00edos superados durante el proceso, y brind\u00f3 la confirmaci\u00f3n del plan general que se ha implementado con el prop\u00f3sito de poner en orden los libros de miembros\u00bb, dijo el pastor V\u00edctor Burgos, secretario ejecutivo de la Iglesia Adventista de El Salvador, que supervisa las auditor\u00edas de miembros.<\/p>\n<p>Burgos, quien ha estado supervisando el trabajo de las tres asociaciones y dos misiones de la iglesia, dijo que la capacitaci\u00f3n se inici\u00f3 en 2013. Se est\u00e1n haciendo planes de capacitar a\u00fan m\u00e1s los equipos organizados en cada iglesia local y de completar su implementaci\u00f3n para septiembre.<\/p>\n<div id=\"attachment_16759\" style=\"width: 317px\" class=\"wp-caption alignleft\"><a href=\"\/interamerica\/wp-content\/uploads\/2017\/06\/17283268642_d4bdf79e7b_z.jpg\" rel=\"fancybox\" title=\"En El Salvador, iglesia lleva a cabo capacitaci\u00f3n en auditor\u00eda de n\u00f3minas de miembros\"><img decoding=\"async\" aria-describedby=\"caption-attachment-16759\" class=\" wp-image-16759  \" src=\"\/interamerica\/wp-content\/uploads\/2017\/06\/17283268642_d4bdf79e7b_z.jpg\" alt=\"\" width=\"307\" height=\"205\" \/><\/a><p id=\"caption-attachment-16759\" class=\"wp-caption-text\">El pastor Pedro Iglesias, secretario asociado de la Divisi\u00f3n Interamericana, alienta a los equipos para que contin\u00faen con su compromiso para que los libros de la iglesia se mantengan limpios y en orden.<\/p><\/div>\n<p>Las iglesias env\u00edan los informes de los miembros en papel a sus respectivas sedes de las asociaciones y misiones, donde se insertan anualmente en el programa ACMS, y entonces la informaci\u00f3n es enviada a la secretar\u00eda de la uni\u00f3n.<\/p>\n<p>\u00abEl ACMS ahora ha sido plenamente implementado en las asociaciones y misiones, y pronto ser\u00e1 implementado plenamente en las iglesias\u00bb, dijo Burgos. Cada iglesia local cuenta con un equipo compuesto por el pastor, el secretario de iglesia y un t\u00e9cnico para garantizar que el programa funcione de manera correcta, a\u00f1adi\u00f3 Burgos.<\/p>\n<p>El pastor Pedro Iglesias, secretario asociado de la Iglesia Adventista en Interam\u00e9rica, felicit\u00f3 a los l\u00edderes y a los miembros de iglesia por tomar la iniciativa para formar equipos en cada iglesia local, y los anim\u00f3 a continuar la fiel tarea de garantizar que los libros est\u00e9n actualizados y reflejen la realidad en cada nivel del programa de ACMS.<\/p>\n<p>\u00abFue tan maravilloso ver qu\u00e9 entusiasmados estaban todos los miembros y la manera en que la iglesia est\u00e1 consiguiendo la ayuda de j\u00f3venes con conocimientos de tecnolog\u00eda para que colaboren como voluntarios en esta importante tarea\u00bb, dijo Iglesias.<\/p>\n<p>Con la finalizaci\u00f3n de la primera etapa de actualizaci\u00f3n de los libros seg\u00fan el nuevo sistema, las cifras muestran que el n\u00famero de miembros ha descendido a 198.629. Eso significa que hay 46.939 miembros menos en los libros respecto de 2011, dijo Burgos. En 2011, la feligres\u00eda sumaba 210.273. Entre 2011 a marzo de 2015 se bautizaron 35.295, lo que hubiera sumado 245.568.<\/p>\n<p>El pastor Iglesias dijo que el setenta por ciento de las 24 regiones eclesi\u00e1sticas de Interam\u00e9rica est\u00e1n llevando a cabo una auditor\u00eda con el programa ACMS, de manera que no es inusual. La disminuci\u00f3n de miembros como resultado de fallecimientos, duplicaciones en regiones distintas y miembros de paradero desconocido ha quedado reflejada en el n\u00famero total de miembros de Interam\u00e9rica, que actualmente suma alrededor de 3,670.000, lo que incluye el mill\u00f3n que se incorpor\u00f3 en los \u00faltimos cinco a\u00f1os, cuando la feligres\u00eda sumaba 3.400.000.<\/p>\n<div id=\"attachment_16761\" style=\"width: 348px\" class=\"wp-caption alignleft\"><a href=\"\/interamerica\/wp-content\/uploads\/2017\/06\/17096408178_46df846d8e_z.jpg\" rel=\"fancybox\" title=\"En El Salvador, iglesia lleva a cabo capacitaci\u00f3n en auditor\u00eda de n\u00f3minas de miembros\"><img loading=\"lazy\" decoding=\"async\" aria-describedby=\"caption-attachment-16761\" class=\" wp-image-16761   \" src=\"\/interamerica\/wp-content\/uploads\/2017\/06\/17096408178_46df846d8e_z.jpg\" alt=\"\" width=\"338\" height=\"223\" \/><\/a><p id=\"caption-attachment-16761\" class=\"wp-caption-text\">La delegaci\u00f3n del distrito de Santa Ana, de la Asociaci\u00f3n Occidental Salvadore\u00f1a, marcha en celebraci\u00f3n de sus logros en la implementaci\u00f3n de la capacitaci\u00f3n en su regi\u00f3n.<\/p><\/div>\n<p>Cada iglesia local har\u00e1 una actualizaci\u00f3n adicional de los libros, dijo el pastor Burgos. Entretanto, los equipos celebraron el trabajo en busca de la excelencia en la auditor\u00eda de miembros en el pa\u00eds. Los miembros de los equipos recibieron placas y pines por su compromiso con el programa.<\/p>\n<p>El pastor Abel Pacheco, presidente de la Iglesia Adventista en El Salvador, dijo que se sent\u00eda agradecido de que los libros ahora est\u00e1n mucho m\u00e1s en orden.<\/p>\n<p>\u00abNunca visualizamos que tendr\u00edamos las n\u00f3minas de miembros tan claras y actualizadas como las tenemos hoy, y estamos tan agradecidos a Dios por este logro, y por el compromiso de todos los l\u00edderes de las secretar\u00edas y sus equipos\u00bb, dijo Pacheco. \u00abLlegar a este punto me permite saber que nuestra uni\u00f3n est\u00e1 comprometida con esta tarea, y que por eso estamos dedicando recursos y tiempo para seguirla facilitando\u00bb.<\/p>\n<p>Si desea saber m\u00e1s sobre la Iglesia Adventista en El Salvador, visite\u00a0<a href=\"http:\/\/www.unionelsalvador.org\">unionelsalvador<\/a><\/p>\n<p>Si desea ver fotograf\u00edas de la celebraci\u00f3n, presione\u00a0<a href=\"https:\/\/www.flickr.com\/photos\/62713809@N07\/sets\/72157652202484341\/\">AQU\u00cd<\/a><\/p>\n<p><em>Traducci\u00f3n de Marcos Paseggi<\/em><\/p>\n","protected":false},"excerpt":{"rendered":"<p>La Iglesia Adventista de El Salvador celebr\u00f3 hace poco el \u00e9xito de la capacitaci\u00f3n de cientos de sus l\u00edderes y miembros que han estado auditando los libros de la iglesia en cientos de iglesias locales del pa\u00eds. <\/p>\n<p>M\u00e1s de 1700 integrantes del equipo de secretarios de las 708 iglesias se reunieron en el Centro Internacional de Ferias y Convenciones de San Salvador para participar de un festival especial que destac\u00f3 los muchos logros alcanzados en la auditor\u00eda de miembros de cada regi\u00f3n eclesi\u00e1stica.<\/p>\n","protected":false},"author":1,"featured_media":25226,"comment_status":"closed","ping_status":"closed","sticky":false,"template":"","format":"standard","meta":{"_acf_changed":false,"footnotes":""},"categories":[17,15],"tags":[],"class_list":["post-30823","post","type-post","status-publish","format-standard","has-post-thumbnail","hentry","category-desde-el-campo","category-rss-espanol"],"acf":[],"yoast_head":"<!-- This site is optimized with the Yoast SEO plugin v27.3 - https:\/\/yoast.com\/product\/yoast-seo-wordpress\/ -->\n<title>En El Salvador, iglesia lleva a cabo capacitaci\u00f3n en auditor\u00eda de n\u00f3minas de miembros - Iglesia Adventista del S\u00e9ptimo D\u00eda - Divisi\u00f3n Interamericana<\/title>\n<meta name=\"robots\" content=\"index, follow, max-snippet:-1, max-image-preview:large, max-video-preview:-1\" \/>\n<link rel=\"canonical\" href=\"https:\/\/interamerica.org\/es\/2015\/05\/en-el-salvador-iglesia-lleva-a-cabo-capacitacion-en-auditoria-de-nominas-de-miembros\/\" \/>\n<meta property=\"og:locale\" content=\"es_ES\" \/>\n<meta property=\"og:type\" content=\"article\" \/>\n<meta property=\"og:title\" content=\"En El Salvador, iglesia lleva a cabo capacitaci\u00f3n en auditor\u00eda de n\u00f3minas de miembros - Iglesia Adventista del S\u00e9ptimo D\u00eda - Divisi\u00f3n Interamericana\" \/>\n<meta property=\"og:description\" content=\"La Iglesia Adventista de El Salvador celebr\u00f3 hace poco el \u00e9xito de la capacitaci\u00f3n de cientos de sus l\u00edderes y miembros que han estado auditando los libros de la iglesia en cientos de iglesias locales del pa\u00eds.  M\u00e1s de 1700 integrantes del equipo de secretarios de las 708 iglesias se reunieron en el Centro Internacional de Ferias y Convenciones de San Salvador para participar de un festival especial que destac\u00f3 los muchos logros alcanzados en la auditor\u00eda de miembros de cada regi\u00f3n eclesi\u00e1stica.\" \/>\n<meta property=\"og:url\" content=\"https:\/\/interamerica.org\/es\/2015\/05\/en-el-salvador-iglesia-lleva-a-cabo-capacitacion-en-auditoria-de-nominas-de-miembros\/\" \/>\n<meta property=\"og:site_name\" content=\"Iglesia Adventista del S\u00e9ptimo D\u00eda - Divisi\u00f3n Interamericana\" \/>\n<meta property=\"article:published_time\" content=\"2015-05-08T04:00:00+00:00\" \/>\n<meta property=\"og:image\" content=\"https:\/\/interamerica.org\/wp-content\/uploads\/2017\/06\/16662262144_bfda9aa496_z.jpg\" \/>\n\t<meta property=\"og:image:width\" content=\"640\" \/>\n\t<meta property=\"og:image:height\" content=\"424\" \/>\n\t<meta property=\"og:image:type\" content=\"image\/jpeg\" \/>\n<meta name=\"author\" content=\"Lorenzo Verduzco\" \/>\n<meta name=\"twitter:card\" content=\"summary_large_image\" \/>\n<meta name=\"twitter:label1\" content=\"Escrito por\" \/>\n\t<meta name=\"twitter:data1\" content=\"Lorenzo Verduzco\" \/>\n\t<meta name=\"twitter:label2\" content=\"Tiempo de lectura\" \/>\n\t<meta name=\"twitter:data2\" content=\"5 minutos\" \/>\n<script type=\"application\/ld+json\" class=\"yoast-schema-graph\">{\"@context\":\"https:\\\/\\\/schema.org\",\"@graph\":[{\"@type\":\"Article\",\"@id\":\"https:\\\/\\\/interamerica.org\\\/es\\\/2015\\\/05\\\/en-el-salvador-iglesia-lleva-a-cabo-capacitacion-en-auditoria-de-nominas-de-miembros\\\/#article\",\"isPartOf\":{\"@id\":\"https:\\\/\\\/interamerica.org\\\/es\\\/2015\\\/05\\\/en-el-salvador-iglesia-lleva-a-cabo-capacitacion-en-auditoria-de-nominas-de-miembros\\\/\"},\"author\":{\"name\":\"Lorenzo Verduzco\",\"@id\":\"https:\\\/\\\/interamerica.org\\\/es\\\/#\\\/schema\\\/person\\\/68ede8bdc292885bb76c1e3810e73c39\"},\"headline\":\"En El Salvador, iglesia lleva a cabo capacitaci\u00f3n en auditor\u00eda de n\u00f3minas de miembros\",\"datePublished\":\"2015-05-08T04:00:00+00:00\",\"mainEntityOfPage\":{\"@id\":\"https:\\\/\\\/interamerica.org\\\/es\\\/2015\\\/05\\\/en-el-salvador-iglesia-lleva-a-cabo-capacitacion-en-auditoria-de-nominas-de-miembros\\\/\"},\"wordCount\":1016,\"image\":{\"@id\":\"https:\\\/\\\/interamerica.org\\\/es\\\/2015\\\/05\\\/en-el-salvador-iglesia-lleva-a-cabo-capacitacion-en-auditoria-de-nominas-de-miembros\\\/#primaryimage\"},\"thumbnailUrl\":\"https:\\\/\\\/interamerica.org\\\/wp-content\\\/uploads\\\/2017\\\/06\\\/16662262144_bfda9aa496_z.jpg\",\"articleSection\":[\"Desde el campo\",\"RSS Espa\u00f1ol\"],\"inLanguage\":\"es\"},{\"@type\":\"WebPage\",\"@id\":\"https:\\\/\\\/interamerica.org\\\/es\\\/2015\\\/05\\\/en-el-salvador-iglesia-lleva-a-cabo-capacitacion-en-auditoria-de-nominas-de-miembros\\\/\",\"url\":\"https:\\\/\\\/interamerica.org\\\/es\\\/2015\\\/05\\\/en-el-salvador-iglesia-lleva-a-cabo-capacitacion-en-auditoria-de-nominas-de-miembros\\\/\",\"name\":\"En El Salvador, iglesia lleva a cabo capacitaci\u00f3n en auditor\u00eda de n\u00f3minas de miembros - Iglesia Adventista del S\u00e9ptimo D\u00eda - Divisi\u00f3n Interamericana\",\"isPartOf\":{\"@id\":\"https:\\\/\\\/interamerica.org\\\/es\\\/#website\"},\"primaryImageOfPage\":{\"@id\":\"https:\\\/\\\/interamerica.org\\\/es\\\/2015\\\/05\\\/en-el-salvador-iglesia-lleva-a-cabo-capacitacion-en-auditoria-de-nominas-de-miembros\\\/#primaryimage\"},\"image\":{\"@id\":\"https:\\\/\\\/interamerica.org\\\/es\\\/2015\\\/05\\\/en-el-salvador-iglesia-lleva-a-cabo-capacitacion-en-auditoria-de-nominas-de-miembros\\\/#primaryimage\"},\"thumbnailUrl\":\"https:\\\/\\\/interamerica.org\\\/wp-content\\\/uploads\\\/2017\\\/06\\\/16662262144_bfda9aa496_z.jpg\",\"datePublished\":\"2015-05-08T04:00:00+00:00\",\"author\":{\"@id\":\"https:\\\/\\\/interamerica.org\\\/es\\\/#\\\/schema\\\/person\\\/68ede8bdc292885bb76c1e3810e73c39\"},\"breadcrumb\":{\"@id\":\"https:\\\/\\\/interamerica.org\\\/es\\\/2015\\\/05\\\/en-el-salvador-iglesia-lleva-a-cabo-capacitacion-en-auditoria-de-nominas-de-miembros\\\/#breadcrumb\"},\"inLanguage\":\"es\",\"potentialAction\":[{\"@type\":\"ReadAction\",\"target\":[\"https:\\\/\\\/interamerica.org\\\/es\\\/2015\\\/05\\\/en-el-salvador-iglesia-lleva-a-cabo-capacitacion-en-auditoria-de-nominas-de-miembros\\\/\"]}]},{\"@type\":\"ImageObject\",\"inLanguage\":\"es\",\"@id\":\"https:\\\/\\\/interamerica.org\\\/es\\\/2015\\\/05\\\/en-el-salvador-iglesia-lleva-a-cabo-capacitacion-en-auditoria-de-nominas-de-miembros\\\/#primaryimage\",\"url\":\"https:\\\/\\\/interamerica.org\\\/wp-content\\\/uploads\\\/2017\\\/06\\\/16662262144_bfda9aa496_z.jpg\",\"contentUrl\":\"https:\\\/\\\/interamerica.org\\\/wp-content\\\/uploads\\\/2017\\\/06\\\/16662262144_bfda9aa496_z.jpg\",\"width\":640,\"height\":424},{\"@type\":\"BreadcrumbList\",\"@id\":\"https:\\\/\\\/interamerica.org\\\/es\\\/2015\\\/05\\\/en-el-salvador-iglesia-lleva-a-cabo-capacitacion-en-auditoria-de-nominas-de-miembros\\\/#breadcrumb\",\"itemListElement\":[{\"@type\":\"ListItem\",\"position\":1,\"name\":\"Home\",\"item\":\"https:\\\/\\\/interamerica.org\\\/es\\\/\"},{\"@type\":\"ListItem\",\"position\":2,\"name\":\"En El Salvador, iglesia lleva a cabo capacitaci\u00f3n en auditor\u00eda de n\u00f3minas de miembros\"}]},{\"@type\":\"WebSite\",\"@id\":\"https:\\\/\\\/interamerica.org\\\/es\\\/#website\",\"url\":\"https:\\\/\\\/interamerica.org\\\/es\\\/\",\"name\":\"Iglesia Adventista del S\u00e9ptimo D\u00eda - Divisi\u00f3n Interamericana\",\"description\":\"\",\"potentialAction\":[{\"@type\":\"SearchAction\",\"target\":{\"@type\":\"EntryPoint\",\"urlTemplate\":\"https:\\\/\\\/interamerica.org\\\/es\\\/?s={search_term_string}\"},\"query-input\":{\"@type\":\"PropertyValueSpecification\",\"valueRequired\":true,\"valueName\":\"search_term_string\"}}],\"inLanguage\":\"es\"},{\"@type\":\"Person\",\"@id\":\"https:\\\/\\\/interamerica.org\\\/es\\\/#\\\/schema\\\/person\\\/68ede8bdc292885bb76c1e3810e73c39\",\"name\":\"Lorenzo Verduzco\",\"image\":{\"@type\":\"ImageObject\",\"inLanguage\":\"es\",\"@id\":\"https:\\\/\\\/secure.gravatar.com\\\/avatar\\\/fb81a55b6218459490a9c1dc841a34909185b81904c5337b4b27f7a6fd60c49e?s=96&d=mm&r=g\",\"url\":\"https:\\\/\\\/secure.gravatar.com\\\/avatar\\\/fb81a55b6218459490a9c1dc841a34909185b81904c5337b4b27f7a6fd60c49e?s=96&d=mm&r=g\",\"contentUrl\":\"https:\\\/\\\/secure.gravatar.com\\\/avatar\\\/fb81a55b6218459490a9c1dc841a34909185b81904c5337b4b27f7a6fd60c49e?s=96&d=mm&r=g\",\"caption\":\"Lorenzo Verduzco\"}}]}<\/script>\n<!-- \/ Yoast SEO plugin. -->","yoast_head_json":{"title":"En El Salvador, iglesia lleva a cabo capacitaci\u00f3n en auditor\u00eda de n\u00f3minas de miembros - Iglesia Adventista del S\u00e9ptimo D\u00eda - Divisi\u00f3n Interamericana","robots":{"index":"index","follow":"follow","max-snippet":"max-snippet:-1","max-image-preview":"max-image-preview:large","max-video-preview":"max-video-preview:-1"},"canonical":"https:\/\/interamerica.org\/es\/2015\/05\/en-el-salvador-iglesia-lleva-a-cabo-capacitacion-en-auditoria-de-nominas-de-miembros\/","og_locale":"es_ES","og_type":"article","og_title":"En El Salvador, iglesia lleva a cabo capacitaci\u00f3n en auditor\u00eda de n\u00f3minas de miembros - Iglesia Adventista del S\u00e9ptimo D\u00eda - Divisi\u00f3n Interamericana","og_description":"La Iglesia Adventista de El Salvador celebr\u00f3 hace poco el \u00e9xito de la capacitaci\u00f3n de cientos de sus l\u00edderes y miembros que han estado auditando los libros de la iglesia en cientos de iglesias locales del pa\u00eds.  M\u00e1s de 1700 integrantes del equipo de secretarios de las 708 iglesias se reunieron en el Centro Internacional de Ferias y Convenciones de San Salvador para participar de un festival especial que destac\u00f3 los muchos logros alcanzados en la auditor\u00eda de miembros de cada regi\u00f3n eclesi\u00e1stica.","og_url":"https:\/\/interamerica.org\/es\/2015\/05\/en-el-salvador-iglesia-lleva-a-cabo-capacitacion-en-auditoria-de-nominas-de-miembros\/","og_site_name":"Iglesia Adventista del S\u00e9ptimo D\u00eda - Divisi\u00f3n Interamericana","article_published_time":"2015-05-08T04:00:00+00:00","og_image":[{"width":640,"height":424,"url":"https:\/\/interamerica.org\/wp-content\/uploads\/2017\/06\/16662262144_bfda9aa496_z.jpg","type":"image\/jpeg"}],"author":"Lorenzo Verduzco","twitter_card":"summary_large_image","twitter_misc":{"Escrito por":"Lorenzo Verduzco","Tiempo de lectura":"5 minutos"},"schema":{"@context":"https:\/\/schema.org","@graph":[{"@type":"Article","@id":"https:\/\/interamerica.org\/es\/2015\/05\/en-el-salvador-iglesia-lleva-a-cabo-capacitacion-en-auditoria-de-nominas-de-miembros\/#article","isPartOf":{"@id":"https:\/\/interamerica.org\/es\/2015\/05\/en-el-salvador-iglesia-lleva-a-cabo-capacitacion-en-auditoria-de-nominas-de-miembros\/"},"author":{"name":"Lorenzo Verduzco","@id":"https:\/\/interamerica.org\/es\/#\/schema\/person\/68ede8bdc292885bb76c1e3810e73c39"},"headline":"En El Salvador, iglesia lleva a cabo capacitaci\u00f3n en auditor\u00eda de n\u00f3minas de miembros","datePublished":"2015-05-08T04:00:00+00:00","mainEntityOfPage":{"@id":"https:\/\/interamerica.org\/es\/2015\/05\/en-el-salvador-iglesia-lleva-a-cabo-capacitacion-en-auditoria-de-nominas-de-miembros\/"},"wordCount":1016,"image":{"@id":"https:\/\/interamerica.org\/es\/2015\/05\/en-el-salvador-iglesia-lleva-a-cabo-capacitacion-en-auditoria-de-nominas-de-miembros\/#primaryimage"},"thumbnailUrl":"https:\/\/interamerica.org\/wp-content\/uploads\/2017\/06\/16662262144_bfda9aa496_z.jpg","articleSection":["Desde el campo","RSS Espa\u00f1ol"],"inLanguage":"es"},{"@type":"WebPage","@id":"https:\/\/interamerica.org\/es\/2015\/05\/en-el-salvador-iglesia-lleva-a-cabo-capacitacion-en-auditoria-de-nominas-de-miembros\/","url":"https:\/\/interamerica.org\/es\/2015\/05\/en-el-salvador-iglesia-lleva-a-cabo-capacitacion-en-auditoria-de-nominas-de-miembros\/","name":"En El Salvador, iglesia lleva a cabo capacitaci\u00f3n en auditor\u00eda de n\u00f3minas de miembros - Iglesia Adventista del S\u00e9ptimo D\u00eda - Divisi\u00f3n Interamericana","isPartOf":{"@id":"https:\/\/interamerica.org\/es\/#website"},"primaryImageOfPage":{"@id":"https:\/\/interamerica.org\/es\/2015\/05\/en-el-salvador-iglesia-lleva-a-cabo-capacitacion-en-auditoria-de-nominas-de-miembros\/#primaryimage"},"image":{"@id":"https:\/\/interamerica.org\/es\/2015\/05\/en-el-salvador-iglesia-lleva-a-cabo-capacitacion-en-auditoria-de-nominas-de-miembros\/#primaryimage"},"thumbnailUrl":"https:\/\/interamerica.org\/wp-content\/uploads\/2017\/06\/16662262144_bfda9aa496_z.jpg","datePublished":"2015-05-08T04:00:00+00:00","author":{"@id":"https:\/\/interamerica.org\/es\/#\/schema\/person\/68ede8bdc292885bb76c1e3810e73c39"},"breadcrumb":{"@id":"https:\/\/interamerica.org\/es\/2015\/05\/en-el-salvador-iglesia-lleva-a-cabo-capacitacion-en-auditoria-de-nominas-de-miembros\/#breadcrumb"},"inLanguage":"es","potentialAction":[{"@type":"ReadAction","target":["https:\/\/interamerica.org\/es\/2015\/05\/en-el-salvador-iglesia-lleva-a-cabo-capacitacion-en-auditoria-de-nominas-de-miembros\/"]}]},{"@type":"ImageObject","inLanguage":"es","@id":"https:\/\/interamerica.org\/es\/2015\/05\/en-el-salvador-iglesia-lleva-a-cabo-capacitacion-en-auditoria-de-nominas-de-miembros\/#primaryimage","url":"https:\/\/interamerica.org\/wp-content\/uploads\/2017\/06\/16662262144_bfda9aa496_z.jpg","contentUrl":"https:\/\/interamerica.org\/wp-content\/uploads\/2017\/06\/16662262144_bfda9aa496_z.jpg","width":640,"height":424},{"@type":"BreadcrumbList","@id":"https:\/\/interamerica.org\/es\/2015\/05\/en-el-salvador-iglesia-lleva-a-cabo-capacitacion-en-auditoria-de-nominas-de-miembros\/#breadcrumb","itemListElement":[{"@type":"ListItem","position":1,"name":"Home","item":"https:\/\/interamerica.org\/es\/"},{"@type":"ListItem","position":2,"name":"En El Salvador, iglesia lleva a cabo capacitaci\u00f3n en auditor\u00eda de n\u00f3minas de miembros"}]},{"@type":"WebSite","@id":"https:\/\/interamerica.org\/es\/#website","url":"https:\/\/interamerica.org\/es\/","name":"Iglesia Adventista del S\u00e9ptimo D\u00eda - Divisi\u00f3n Interamericana","description":"","potentialAction":[{"@type":"SearchAction","target":{"@type":"EntryPoint","urlTemplate":"https:\/\/interamerica.org\/es\/?s={search_term_string}"},"query-input":{"@type":"PropertyValueSpecification","valueRequired":true,"valueName":"search_term_string"}}],"inLanguage":"es"},{"@type":"Person","@id":"https:\/\/interamerica.org\/es\/#\/schema\/person\/68ede8bdc292885bb76c1e3810e73c39","name":"Lorenzo Verduzco","image":{"@type":"ImageObject","inLanguage":"es","@id":"https:\/\/secure.gravatar.com\/avatar\/fb81a55b6218459490a9c1dc841a34909185b81904c5337b4b27f7a6fd60c49e?s=96&d=mm&r=g","url":"https:\/\/secure.gravatar.com\/avatar\/fb81a55b6218459490a9c1dc841a34909185b81904c5337b4b27f7a6fd60c49e?s=96&d=mm&r=g","contentUrl":"https:\/\/secure.gravatar.com\/avatar\/fb81a55b6218459490a9c1dc841a34909185b81904c5337b4b27f7a6fd60c49e?s=96&d=mm&r=g","caption":"Lorenzo Verduzco"}}]}},"_links":{"self":[{"href":"https:\/\/interamerica.org\/es\/wp-json\/wp\/v2\/posts\/30823","targetHints":{"allow":["GET"]}}],"collection":[{"href":"https:\/\/interamerica.org\/es\/wp-json\/wp\/v2\/posts"}],"about":[{"href":"https:\/\/interamerica.org\/es\/wp-json\/wp\/v2\/types\/post"}],"author":[{"embeddable":true,"href":"https:\/\/interamerica.org\/es\/wp-json\/wp\/v2\/users\/1"}],"replies":[{"embeddable":true,"href":"https:\/\/interamerica.org\/es\/wp-json\/wp\/v2\/comments?post=30823"}],"version-history":[{"count":0,"href":"https:\/\/interamerica.org\/es\/wp-json\/wp\/v2\/posts\/30823\/revisions"}],"wp:featuredmedia":[{"embeddable":true,"href":"https:\/\/interamerica.org\/es\/wp-json\/wp\/v2\/media\/25226"}],"wp:attachment":[{"href":"https:\/\/interamerica.org\/es\/wp-json\/wp\/v2\/media?parent=30823"}],"wp:term":[{"taxonomy":"category","embeddable":true,"href":"https:\/\/interamerica.org\/es\/wp-json\/wp\/v2\/categories?post=30823"},{"taxonomy":"post_tag","embeddable":true,"href":"https:\/\/interamerica.org\/es\/wp-json\/wp\/v2\/tags?post=30823"}],"curies":[{"name":"wp","href":"https:\/\/api.w.org\/{rel}","templated":true}]}}