{"id":30825,"date":"2015-05-06T00:00:00","date_gmt":"2015-05-06T04:00:00","guid":{"rendered":"http:\/\/192.81.217.108\/interamerica\/2015\/05\/un-ocupado-mes-lleva-al-maximo-dirigente-adventista-de-isla-de-pascua-a-zimbabue\/"},"modified":"2015-05-06T00:00:00","modified_gmt":"2015-05-06T04:00:00","slug":"un-ocupado-mes-lleva-al-maximo-dirigente-adventista-de-isla-de-pascua-a-zimbabue","status":"publish","type":"post","link":"https:\/\/interamerica.org\/es\/2015\/05\/un-ocupado-mes-lleva-al-maximo-dirigente-adventista-de-isla-de-pascua-a-zimbabue\/","title":{"rendered":"Un ocupado mes lleva al m\u00e1ximo dirigente adventista, de Isla de Pascua, a Zimbabue"},"content":{"rendered":"<div id=\"attachment_16692\" style=\"width: 570px\" class=\"wp-caption aligncenter\"><a href=\"\/interamerica\/wp-content\/uploads\/2017\/06\/Lightened_2.jpg\" rel=\"fancybox\" title=\"Un ocupado mes lleva al m\u00e1ximo dirigente adventista, de Isla de Pascua, a Zimbabue\"><img fetchpriority=\"high\" decoding=\"async\" aria-describedby=\"caption-attachment-16692\" class=\" wp-image-16692  \" src=\"\/interamerica\/wp-content\/uploads\/2017\/06\/Lightened_2.jpg\" alt=\"\" width=\"560\" height=\"282\" \/><\/a><p id=\"caption-attachment-16692\" class=\"wp-caption-text\">El m\u00e1ximo dirigente de la Iglesia Adventista, Ted N.C. Wilson (vistiendo camisa blanca), caminando junto a las ic\u00f3nicas estatuas de piedra de la Isla de Pascua. Todas las fotos son cortes\u00eda de Ted N.C. Wilson<\/p><\/div>\n<p>6 de mayo de 2015 | Silver Spring, Maryland, Estados Unidos | Andrew McChesney, editor de noticias, Adventist Review<\/p>\n<p>El m\u00e1ximo dirigente de la Iglesia Adventista, Ted N.C. Wilson, ha iniciado una gira por el territorio de Sudam\u00e9rica en la que dirigir\u00e1 la palabra 26 veces en 11 d\u00edas, al participar en bautismos, desfiles e inauguraciones de edificios, desde Per\u00fa hasta la Isla de Pascua.<\/p>\n<p>Este ritmo acelerado se mantendr\u00e1 en pie aun despu\u00e9s de que termine esta gira. Unos cuantos d\u00edas despu\u00e9s de su regreso a las oficinas mundiales de la Iglesia Adventista, el Pastor Wilson partir\u00e1 rumbo a Zimbabue a campa\u00f1as de evangelizaci\u00f3n de dos semanas de duraci\u00f3n.<\/p>\n<p>El mes de mayo parecer\u00eda que fuera particularmente ocupado para el presidente de la Asociaci\u00f3n General, pero es t\u00edpico de la programaci\u00f3n de viajes de trabajo de muchos dirigentes de la Iglesia Adventista, aun cuando tal vez el Pastor Wilson viaje un poquito m\u00e1s que otros.<\/p>\n<p>\u201cPienso que el Pastor Wilson podr\u00eda ser el presidente de la Asociaci\u00f3n General que m\u00e1s ha viajado\u201d, dijo el evangelizador Mark Finley, quien ha viajado a casi 100 pa\u00edses en sus m\u00e1s de 45 a\u00f1os de ministerio y quien ha estado al lado del Pastor Wilson en grandes campa\u00f1as de evangelizaci\u00f3n, incluyendo la de Rep\u00fablica Dominicana en enero y la de Nicaragua en Marzo.<\/p>\n<p>Nadie guarda registro de los kil\u00f3metros que los presidentes de la Asociaci\u00f3n General han viajado, y la cifra exacta no parece ser de importancia para el Pastor Wilson, quien ha dicho que su objetivo es animar a los miembros de la iglesia en su preparaci\u00f3n para la pronta venida de Jes\u00fas.<br \/>\n\u201cEstoy dirigiendo la palabra en casi toda reuni\u00f3n a la que asisto\u201d, dijo el presidente a la Adventist Review, respecto a su gira por cuatro pa\u00edses de la Divisi\u00f3n Sudamericana, que se inici\u00f3 el 29 de abril. \u201cEstoy programado para hablar 26 veces durante este itinerario de 11 d\u00edas de duraci\u00f3n.<\/p>\n<div id=\"attachment_16693\" style=\"width: 430px\" class=\"wp-caption alignleft\"><a href=\"\/interamerica\/wp-content\/uploads\/2017\/06\/rsz_img_5282.jpg\" rel=\"fancybox\" title=\"Un ocupado mes lleva al m\u00e1ximo dirigente adventista, de Isla de Pascua, a Zimbabue\"><img decoding=\"async\" aria-describedby=\"caption-attachment-16693\" class=\" wp-image-16693  \" src=\"\/interamerica\/wp-content\/uploads\/2017\/06\/rsz_img_5282.jpg\" alt=\"\" width=\"420\" height=\"221\" \/><\/a><p id=\"caption-attachment-16693\" class=\"wp-caption-text\">Estudiantes de ingenier\u00eda marchando Biblia en mano durante un desfile al que asistieron 10,000 personas en la Universidad Peruana Uni\u00f3n, el 30 de abril. \u00abFue todo un espect\u00e1culo\u201d, dijo el Pastor Wilson. M\u00e1s tarde marcharon los estudiantes de arquitectura con su Biblia en mano. La Universidad Peruana Uni\u00f3n es un modelo de universidad adventista con un s\u00f3lido enfoque espiritual y en la misi\u00f3n\u201d.<\/p><\/div>\n<p><strong>Canal de Televisi\u00f3n y Desfile en Per\u00fa<\/strong><br \/>\nEl Pastor Wilson concluy\u00f3 su viaje a Lima, Per\u00fa, con una visita el 30 de abril a las nuevas oficinas de la Uni\u00f3n Norte del Per\u00fa, no lejos de la Universidad Peruana Uni\u00f3n, para la inauguraci\u00f3n de la nueva oficina de medios de comunicaci\u00f3n Nuevo Tiempo (Hope Channel-Per\u00fa).<\/p>\n<p>\u201cEste fue un Nuevo d\u00eda para los esfuerzos misioneros a trav\u00e9s de los medios de comunicaci\u00f3n en Per\u00fa,\u201d dijo el Pastor Wilson. \u201cEstoy encantado con lo que Dios est\u00e1 haciendo a trav\u00e9s de la creatividad de nuestro pueblo en Per\u00fa para llegar hasta el coraz\u00f3n y los hogares de la gente utilizando cada medio de comunicaci\u00f3n\u201d.<\/p>\n<p>Hizo notar que en su camino hacia el sitio de la inauguraci\u00f3n, su veh\u00edculo pas\u00f3 a otro con un grande anuncio de propaganda que anunciaba Radio Nuevo Tiempo.<\/p>\n<p>Despu\u00e9s de la inauguraci\u00f3n, se uni\u00f3 a 10,000 personas en la Universidad Peruana Uni\u00f3n para observar un desfile anual de tres horas de duraci\u00f3n de adventistas procedentes de varias organizaciones, campos locales, uniones y escuelas.<\/p>\n<p>\u201cEl desfile proporcion\u00f3 una oportunidad a la iglesia de todo el pa\u00eds para dar gloria a Dios por lo que est\u00e1 haciendo en Per\u00fa\u201d, dijo el Pastor Wilson. \u201cLa gente est\u00e1 muy emocionada en relaci\u00f3n a este evento\u201d.<br \/>\nEl Pastor Wilson asisti\u00f3 entonces a la dedicaci\u00f3n de un nuevo edificio en el plantel de la instituci\u00f3n y visit\u00f3 el hospital Cl\u00ednica Good Hope, en la ciudad.<br \/>\nEl mi\u00e9rcoles, el Pastor Wilson estuvo en Bolivia despu\u00e9s de haber visitado Per\u00fa y Chile, incluyendo la Isla de Pascua. Su \u00faltimo punto en su itinerario ser\u00e1 Brasil, antes de regresar a Maryland el 9 de mayo a fin de prepararse para salir el 14 de mayo rumbo a Zimbabue.<\/p>\n<p><strong>3 Inauguraciones en Chile<\/strong><\/p>\n<p>El d\u00eda siguiente, el primero de mayo, el Pastor Wilson habl\u00f3 en la inauguraci\u00f3n de una nueva escuela y edificio de iglesia en Talcahuano, Chile, construidos para remplazar las estructuras destruidas por el mortal terremoto y maremoto del 27 de febrero de 2010. El alcalde de Talcahuano se uni\u00f3 a centenares de personas en la ceremonia.<\/p>\n<p>De este lugar parti\u00f3 el Pastor Wilson rumbo a la Universidad Adventista de Chile, en donde, en un auditorio de la nueva biblioteca, firm\u00f3 juntamente con otros dirigentes declaraciones respecto a la planificaci\u00f3n de un nuevo edificio dedicado a entrenar estudiantes colportores. Tales declaraciones y una copia del libro El Colportor Evang\u00e9lico, escrito por la cofundadora de la Iglesia Adventista, Elena G. White, fueron colocadas en una caja especial de vidrio que ser\u00e1 parte de la piedra angular del nuevo edificio.<\/p>\n<p>\u201cLos estudiantes podr\u00e1n verlas en el piso y podr\u00e1n recordar el prop\u00f3sito de este edificio\u201d, dijo el Pastor Wilson.<\/p>\n<p>El s\u00e1bado 2 de mayo, el Pastor Wilson habl\u00f3 en la inauguraci\u00f3n de la recientemente construida Iglesia Adventista Concepci\u00f3n, que puede acomodar a aproximadamente a 1,200 personas. El edificio original, en otro sitio, fue destruido por el terremoto del 2010. En la tarde dirigi\u00f3 la palabra en Santiago, en una reuni\u00f3n masiva de evangelizaci\u00f3n y misi\u00f3n, de unas 5,000 personas.<\/p>\n<p><strong>4 Personas Bautizadas en Isla de Pascua<\/strong><\/p>\n<div id=\"attachment_16695\" style=\"width: 431px\" class=\"wp-caption alignright\"><a href=\"\/interamerica\/wp-content\/uploads\/2017\/06\/rsz_1img_55031.jpg\" rel=\"fancybox\" title=\"Un ocupado mes lleva al m\u00e1ximo dirigente adventista, de Isla de Pascua, a Zimbabue\"><img decoding=\"async\" aria-describedby=\"caption-attachment-16695\" class=\" wp-image-16695    \" src=\"\/interamerica\/wp-content\/uploads\/2017\/06\/rsz_1img_55031.jpg\" alt=\"\" width=\"421\" height=\"305\" \/><\/a><p id=\"caption-attachment-16695\" class=\"wp-caption-text\">Una vista de la sala principal de la peque\u00f1a iglesia adventista en Isla de Pascua, en donde el Pastor Wilson habl\u00f3 el 3 de mayo en el servicio de la noche.<\/p><\/div>\n<p>El 3 y 4 de mayo, el Pastor Wilson visit\u00f3 la Isla de Pascua, uno de los lugares m\u00e1s aislados y remotos del planeta, situada a unos 3,800 kil\u00f3metros al oeste de Sudam\u00e9rica y a unos 2,200 kil\u00f3metros de la Isla Pitcarin.<\/p>\n<p>El Pastor Wilson particip\u00f3 en el bautismo de cuatro personas llevado a cabo en una playa que puede verse desde las ic\u00f3nicas estatuas de piedra que se alzan en la isla. Hay actualmente cuarenta y cuatro adventistas viviendo en la lista de aproximadamente 6,000 habitantes.<\/p>\n<p>El Pastor Wilson habl\u00f3 en la peque\u00f1a iglesia durante el servicio nocturno, el cual fue transmitido por primera vez por la radio en el idioma local Rapa Nui, o pascuense.<\/p>\n<p>\u201cFue una maravillosa experiencia estar con nuestros preciados miembros de iglesia en este aislado lugar y ser testigo de su s\u00f3lido esp\u00edritu misionero al traer el mensaje de los tres \u00e1ngeles de Cristo y su justicia a la poblaci\u00f3n local\u201d, dijo el Pastor Wilson. \u201cEsto fue realmente ver el poder de Dios en uno de los lugares m\u00e1s remotos de esta tierra\u201d.<\/p>\n<p>Para ver m\u00e1s fotograf\u00edas, pulsa<a href=\"http:\/\/www.adventistreview.org\/church-news\/story2629-busy-month-to-take-adventist-leader-from-easter-island-to-zimbabwe\">HERE<\/a><\/p>\n","protected":false},"excerpt":{"rendered":"<p>El m\u00e1ximo dirigente de la Iglesia Adventista, Ted N.C. Wilson, ha iniciado una gira por el territorio de Sudam\u00e9rica en la que dirigir\u00e1 la palabra 26 veces en 11 d\u00edas, al participar en bautismos, desfiles e inauguraciones de edificios, desde Per\u00fa hasta la Isla de Pascua. <\/p>\n<p>Este ritmo acelerado se mantendr\u00e1 en pie aun despu\u00e9s de que termine esta gira. Unos cuantos d\u00edas despu\u00e9s de su regreso a las oficinas mundiales de la Iglesia Adventista, el Pastor Wilson partir\u00e1 rumbo a Zimbabue a campa\u00f1as de evangelizaci\u00f3n de dos semanas de duraci\u00f3n.<\/p>\n","protected":false},"author":1,"featured_media":25206,"comment_status":"closed","ping_status":"closed","sticky":false,"template":"","format":"standard","meta":{"_acf_changed":false,"footnotes":""},"categories":[14,15],"tags":[],"class_list":["post-30825","post","type-post","status-publish","format-standard","has-post-thumbnail","hentry","category-de-la-iglesia-mundial","category-rss-espanol"],"acf":[],"yoast_head":"<!-- This site is optimized with the Yoast SEO plugin v27.3 - https:\/\/yoast.com\/product\/yoast-seo-wordpress\/ -->\n<title>Un ocupado mes lleva al m\u00e1ximo dirigente adventista, de Isla de Pascua, a Zimbabue - Iglesia Adventista del S\u00e9ptimo D\u00eda - Divisi\u00f3n Interamericana<\/title>\n<meta name=\"robots\" content=\"index, follow, max-snippet:-1, max-image-preview:large, max-video-preview:-1\" \/>\n<link rel=\"canonical\" href=\"https:\/\/interamerica.org\/es\/2015\/05\/un-ocupado-mes-lleva-al-maximo-dirigente-adventista-de-isla-de-pascua-a-zimbabue\/\" \/>\n<meta property=\"og:locale\" content=\"es_ES\" \/>\n<meta property=\"og:type\" content=\"article\" \/>\n<meta property=\"og:title\" content=\"Un ocupado mes lleva al m\u00e1ximo dirigente adventista, de Isla de Pascua, a Zimbabue - Iglesia Adventista del S\u00e9ptimo D\u00eda - Divisi\u00f3n Interamericana\" \/>\n<meta property=\"og:description\" content=\"El m\u00e1ximo dirigente de la Iglesia Adventista, Ted N.C. Wilson, ha iniciado una gira por el territorio de Sudam\u00e9rica en la que dirigir\u00e1 la palabra 26 veces en 11 d\u00edas, al participar en bautismos, desfiles e inauguraciones de edificios, desde Per\u00fa hasta la Isla de Pascua.  Este ritmo acelerado se mantendr\u00e1 en pie aun despu\u00e9s de que termine esta gira. Unos cuantos d\u00edas despu\u00e9s de su regreso a las oficinas mundiales de la Iglesia Adventista, el Pastor Wilson partir\u00e1 rumbo a Zimbabue a campa\u00f1as de evangelizaci\u00f3n de dos semanas de duraci\u00f3n.\" \/>\n<meta property=\"og:url\" content=\"https:\/\/interamerica.org\/es\/2015\/05\/un-ocupado-mes-lleva-al-maximo-dirigente-adventista-de-isla-de-pascua-a-zimbabue\/\" \/>\n<meta property=\"og:site_name\" content=\"Iglesia Adventista del S\u00e9ptimo D\u00eda - Divisi\u00f3n Interamericana\" \/>\n<meta property=\"article:published_time\" content=\"2015-05-06T04:00:00+00:00\" \/>\n<meta property=\"og:image\" content=\"https:\/\/interamerica.org\/wp-content\/uploads\/2017\/06\/Lightened_2.jpg\" \/>\n\t<meta property=\"og:image:width\" content=\"1000\" \/>\n\t<meta property=\"og:image:height\" content=\"504\" \/>\n\t<meta property=\"og:image:type\" content=\"image\/jpeg\" \/>\n<meta name=\"author\" content=\"Lorenzo Verduzco\" \/>\n<meta name=\"twitter:card\" content=\"summary_large_image\" \/>\n<meta name=\"twitter:label1\" content=\"Escrito por\" \/>\n\t<meta name=\"twitter:data1\" content=\"Lorenzo Verduzco\" \/>\n\t<meta name=\"twitter:label2\" content=\"Tiempo de lectura\" \/>\n\t<meta name=\"twitter:data2\" content=\"6 minutos\" \/>\n<script type=\"application\/ld+json\" class=\"yoast-schema-graph\">{\"@context\":\"https:\\\/\\\/schema.org\",\"@graph\":[{\"@type\":\"Article\",\"@id\":\"https:\\\/\\\/interamerica.org\\\/es\\\/2015\\\/05\\\/un-ocupado-mes-lleva-al-maximo-dirigente-adventista-de-isla-de-pascua-a-zimbabue\\\/#article\",\"isPartOf\":{\"@id\":\"https:\\\/\\\/interamerica.org\\\/es\\\/2015\\\/05\\\/un-ocupado-mes-lleva-al-maximo-dirigente-adventista-de-isla-de-pascua-a-zimbabue\\\/\"},\"author\":{\"name\":\"Lorenzo Verduzco\",\"@id\":\"https:\\\/\\\/interamerica.org\\\/es\\\/#\\\/schema\\\/person\\\/68ede8bdc292885bb76c1e3810e73c39\"},\"headline\":\"Un ocupado mes lleva al m\u00e1ximo dirigente adventista, de Isla de Pascua, a Zimbabue\",\"datePublished\":\"2015-05-06T04:00:00+00:00\",\"mainEntityOfPage\":{\"@id\":\"https:\\\/\\\/interamerica.org\\\/es\\\/2015\\\/05\\\/un-ocupado-mes-lleva-al-maximo-dirigente-adventista-de-isla-de-pascua-a-zimbabue\\\/\"},\"wordCount\":1252,\"image\":{\"@id\":\"https:\\\/\\\/interamerica.org\\\/es\\\/2015\\\/05\\\/un-ocupado-mes-lleva-al-maximo-dirigente-adventista-de-isla-de-pascua-a-zimbabue\\\/#primaryimage\"},\"thumbnailUrl\":\"https:\\\/\\\/interamerica.org\\\/wp-content\\\/uploads\\\/2017\\\/06\\\/Lightened_2.jpg\",\"articleSection\":[\"Desde la iglesia mundial\",\"RSS Espa\u00f1ol\"],\"inLanguage\":\"es\"},{\"@type\":\"WebPage\",\"@id\":\"https:\\\/\\\/interamerica.org\\\/es\\\/2015\\\/05\\\/un-ocupado-mes-lleva-al-maximo-dirigente-adventista-de-isla-de-pascua-a-zimbabue\\\/\",\"url\":\"https:\\\/\\\/interamerica.org\\\/es\\\/2015\\\/05\\\/un-ocupado-mes-lleva-al-maximo-dirigente-adventista-de-isla-de-pascua-a-zimbabue\\\/\",\"name\":\"Un ocupado mes lleva al m\u00e1ximo dirigente adventista, de Isla de Pascua, a Zimbabue - Iglesia Adventista del S\u00e9ptimo D\u00eda - Divisi\u00f3n Interamericana\",\"isPartOf\":{\"@id\":\"https:\\\/\\\/interamerica.org\\\/es\\\/#website\"},\"primaryImageOfPage\":{\"@id\":\"https:\\\/\\\/interamerica.org\\\/es\\\/2015\\\/05\\\/un-ocupado-mes-lleva-al-maximo-dirigente-adventista-de-isla-de-pascua-a-zimbabue\\\/#primaryimage\"},\"image\":{\"@id\":\"https:\\\/\\\/interamerica.org\\\/es\\\/2015\\\/05\\\/un-ocupado-mes-lleva-al-maximo-dirigente-adventista-de-isla-de-pascua-a-zimbabue\\\/#primaryimage\"},\"thumbnailUrl\":\"https:\\\/\\\/interamerica.org\\\/wp-content\\\/uploads\\\/2017\\\/06\\\/Lightened_2.jpg\",\"datePublished\":\"2015-05-06T04:00:00+00:00\",\"author\":{\"@id\":\"https:\\\/\\\/interamerica.org\\\/es\\\/#\\\/schema\\\/person\\\/68ede8bdc292885bb76c1e3810e73c39\"},\"breadcrumb\":{\"@id\":\"https:\\\/\\\/interamerica.org\\\/es\\\/2015\\\/05\\\/un-ocupado-mes-lleva-al-maximo-dirigente-adventista-de-isla-de-pascua-a-zimbabue\\\/#breadcrumb\"},\"inLanguage\":\"es\",\"potentialAction\":[{\"@type\":\"ReadAction\",\"target\":[\"https:\\\/\\\/interamerica.org\\\/es\\\/2015\\\/05\\\/un-ocupado-mes-lleva-al-maximo-dirigente-adventista-de-isla-de-pascua-a-zimbabue\\\/\"]}]},{\"@type\":\"ImageObject\",\"inLanguage\":\"es\",\"@id\":\"https:\\\/\\\/interamerica.org\\\/es\\\/2015\\\/05\\\/un-ocupado-mes-lleva-al-maximo-dirigente-adventista-de-isla-de-pascua-a-zimbabue\\\/#primaryimage\",\"url\":\"https:\\\/\\\/interamerica.org\\\/wp-content\\\/uploads\\\/2017\\\/06\\\/Lightened_2.jpg\",\"contentUrl\":\"https:\\\/\\\/interamerica.org\\\/wp-content\\\/uploads\\\/2017\\\/06\\\/Lightened_2.jpg\",\"width\":1000,\"height\":504},{\"@type\":\"BreadcrumbList\",\"@id\":\"https:\\\/\\\/interamerica.org\\\/es\\\/2015\\\/05\\\/un-ocupado-mes-lleva-al-maximo-dirigente-adventista-de-isla-de-pascua-a-zimbabue\\\/#breadcrumb\",\"itemListElement\":[{\"@type\":\"ListItem\",\"position\":1,\"name\":\"Home\",\"item\":\"https:\\\/\\\/interamerica.org\\\/es\\\/\"},{\"@type\":\"ListItem\",\"position\":2,\"name\":\"Un ocupado mes lleva al m\u00e1ximo dirigente adventista, de Isla de Pascua, a Zimbabue\"}]},{\"@type\":\"WebSite\",\"@id\":\"https:\\\/\\\/interamerica.org\\\/es\\\/#website\",\"url\":\"https:\\\/\\\/interamerica.org\\\/es\\\/\",\"name\":\"Iglesia Adventista del S\u00e9ptimo D\u00eda - Divisi\u00f3n Interamericana\",\"description\":\"\",\"potentialAction\":[{\"@type\":\"SearchAction\",\"target\":{\"@type\":\"EntryPoint\",\"urlTemplate\":\"https:\\\/\\\/interamerica.org\\\/es\\\/?s={search_term_string}\"},\"query-input\":{\"@type\":\"PropertyValueSpecification\",\"valueRequired\":true,\"valueName\":\"search_term_string\"}}],\"inLanguage\":\"es\"},{\"@type\":\"Person\",\"@id\":\"https:\\\/\\\/interamerica.org\\\/es\\\/#\\\/schema\\\/person\\\/68ede8bdc292885bb76c1e3810e73c39\",\"name\":\"Lorenzo Verduzco\",\"image\":{\"@type\":\"ImageObject\",\"inLanguage\":\"es\",\"@id\":\"https:\\\/\\\/secure.gravatar.com\\\/avatar\\\/fb81a55b6218459490a9c1dc841a34909185b81904c5337b4b27f7a6fd60c49e?s=96&d=mm&r=g\",\"url\":\"https:\\\/\\\/secure.gravatar.com\\\/avatar\\\/fb81a55b6218459490a9c1dc841a34909185b81904c5337b4b27f7a6fd60c49e?s=96&d=mm&r=g\",\"contentUrl\":\"https:\\\/\\\/secure.gravatar.com\\\/avatar\\\/fb81a55b6218459490a9c1dc841a34909185b81904c5337b4b27f7a6fd60c49e?s=96&d=mm&r=g\",\"caption\":\"Lorenzo Verduzco\"}}]}<\/script>\n<!-- \/ Yoast SEO plugin. -->","yoast_head_json":{"title":"Un ocupado mes lleva al m\u00e1ximo dirigente adventista, de Isla de Pascua, a Zimbabue - Iglesia Adventista del S\u00e9ptimo D\u00eda - Divisi\u00f3n Interamericana","robots":{"index":"index","follow":"follow","max-snippet":"max-snippet:-1","max-image-preview":"max-image-preview:large","max-video-preview":"max-video-preview:-1"},"canonical":"https:\/\/interamerica.org\/es\/2015\/05\/un-ocupado-mes-lleva-al-maximo-dirigente-adventista-de-isla-de-pascua-a-zimbabue\/","og_locale":"es_ES","og_type":"article","og_title":"Un ocupado mes lleva al m\u00e1ximo dirigente adventista, de Isla de Pascua, a Zimbabue - Iglesia Adventista del S\u00e9ptimo D\u00eda - Divisi\u00f3n Interamericana","og_description":"El m\u00e1ximo dirigente de la Iglesia Adventista, Ted N.C. Wilson, ha iniciado una gira por el territorio de Sudam\u00e9rica en la que dirigir\u00e1 la palabra 26 veces en 11 d\u00edas, al participar en bautismos, desfiles e inauguraciones de edificios, desde Per\u00fa hasta la Isla de Pascua.  Este ritmo acelerado se mantendr\u00e1 en pie aun despu\u00e9s de que termine esta gira. Unos cuantos d\u00edas despu\u00e9s de su regreso a las oficinas mundiales de la Iglesia Adventista, el Pastor Wilson partir\u00e1 rumbo a Zimbabue a campa\u00f1as de evangelizaci\u00f3n de dos semanas de duraci\u00f3n.","og_url":"https:\/\/interamerica.org\/es\/2015\/05\/un-ocupado-mes-lleva-al-maximo-dirigente-adventista-de-isla-de-pascua-a-zimbabue\/","og_site_name":"Iglesia Adventista del S\u00e9ptimo D\u00eda - Divisi\u00f3n Interamericana","article_published_time":"2015-05-06T04:00:00+00:00","og_image":[{"width":1000,"height":504,"url":"https:\/\/interamerica.org\/wp-content\/uploads\/2017\/06\/Lightened_2.jpg","type":"image\/jpeg"}],"author":"Lorenzo Verduzco","twitter_card":"summary_large_image","twitter_misc":{"Escrito por":"Lorenzo Verduzco","Tiempo de lectura":"6 minutos"},"schema":{"@context":"https:\/\/schema.org","@graph":[{"@type":"Article","@id":"https:\/\/interamerica.org\/es\/2015\/05\/un-ocupado-mes-lleva-al-maximo-dirigente-adventista-de-isla-de-pascua-a-zimbabue\/#article","isPartOf":{"@id":"https:\/\/interamerica.org\/es\/2015\/05\/un-ocupado-mes-lleva-al-maximo-dirigente-adventista-de-isla-de-pascua-a-zimbabue\/"},"author":{"name":"Lorenzo Verduzco","@id":"https:\/\/interamerica.org\/es\/#\/schema\/person\/68ede8bdc292885bb76c1e3810e73c39"},"headline":"Un ocupado mes lleva al m\u00e1ximo dirigente adventista, de Isla de Pascua, a Zimbabue","datePublished":"2015-05-06T04:00:00+00:00","mainEntityOfPage":{"@id":"https:\/\/interamerica.org\/es\/2015\/05\/un-ocupado-mes-lleva-al-maximo-dirigente-adventista-de-isla-de-pascua-a-zimbabue\/"},"wordCount":1252,"image":{"@id":"https:\/\/interamerica.org\/es\/2015\/05\/un-ocupado-mes-lleva-al-maximo-dirigente-adventista-de-isla-de-pascua-a-zimbabue\/#primaryimage"},"thumbnailUrl":"https:\/\/interamerica.org\/wp-content\/uploads\/2017\/06\/Lightened_2.jpg","articleSection":["Desde la iglesia mundial","RSS Espa\u00f1ol"],"inLanguage":"es"},{"@type":"WebPage","@id":"https:\/\/interamerica.org\/es\/2015\/05\/un-ocupado-mes-lleva-al-maximo-dirigente-adventista-de-isla-de-pascua-a-zimbabue\/","url":"https:\/\/interamerica.org\/es\/2015\/05\/un-ocupado-mes-lleva-al-maximo-dirigente-adventista-de-isla-de-pascua-a-zimbabue\/","name":"Un ocupado mes lleva al m\u00e1ximo dirigente adventista, de Isla de Pascua, a Zimbabue - Iglesia Adventista del S\u00e9ptimo D\u00eda - Divisi\u00f3n Interamericana","isPartOf":{"@id":"https:\/\/interamerica.org\/es\/#website"},"primaryImageOfPage":{"@id":"https:\/\/interamerica.org\/es\/2015\/05\/un-ocupado-mes-lleva-al-maximo-dirigente-adventista-de-isla-de-pascua-a-zimbabue\/#primaryimage"},"image":{"@id":"https:\/\/interamerica.org\/es\/2015\/05\/un-ocupado-mes-lleva-al-maximo-dirigente-adventista-de-isla-de-pascua-a-zimbabue\/#primaryimage"},"thumbnailUrl":"https:\/\/interamerica.org\/wp-content\/uploads\/2017\/06\/Lightened_2.jpg","datePublished":"2015-05-06T04:00:00+00:00","author":{"@id":"https:\/\/interamerica.org\/es\/#\/schema\/person\/68ede8bdc292885bb76c1e3810e73c39"},"breadcrumb":{"@id":"https:\/\/interamerica.org\/es\/2015\/05\/un-ocupado-mes-lleva-al-maximo-dirigente-adventista-de-isla-de-pascua-a-zimbabue\/#breadcrumb"},"inLanguage":"es","potentialAction":[{"@type":"ReadAction","target":["https:\/\/interamerica.org\/es\/2015\/05\/un-ocupado-mes-lleva-al-maximo-dirigente-adventista-de-isla-de-pascua-a-zimbabue\/"]}]},{"@type":"ImageObject","inLanguage":"es","@id":"https:\/\/interamerica.org\/es\/2015\/05\/un-ocupado-mes-lleva-al-maximo-dirigente-adventista-de-isla-de-pascua-a-zimbabue\/#primaryimage","url":"https:\/\/interamerica.org\/wp-content\/uploads\/2017\/06\/Lightened_2.jpg","contentUrl":"https:\/\/interamerica.org\/wp-content\/uploads\/2017\/06\/Lightened_2.jpg","width":1000,"height":504},{"@type":"BreadcrumbList","@id":"https:\/\/interamerica.org\/es\/2015\/05\/un-ocupado-mes-lleva-al-maximo-dirigente-adventista-de-isla-de-pascua-a-zimbabue\/#breadcrumb","itemListElement":[{"@type":"ListItem","position":1,"name":"Home","item":"https:\/\/interamerica.org\/es\/"},{"@type":"ListItem","position":2,"name":"Un ocupado mes lleva al m\u00e1ximo dirigente adventista, de Isla de Pascua, a Zimbabue"}]},{"@type":"WebSite","@id":"https:\/\/interamerica.org\/es\/#website","url":"https:\/\/interamerica.org\/es\/","name":"Iglesia Adventista del S\u00e9ptimo D\u00eda - Divisi\u00f3n Interamericana","description":"","potentialAction":[{"@type":"SearchAction","target":{"@type":"EntryPoint","urlTemplate":"https:\/\/interamerica.org\/es\/?s={search_term_string}"},"query-input":{"@type":"PropertyValueSpecification","valueRequired":true,"valueName":"search_term_string"}}],"inLanguage":"es"},{"@type":"Person","@id":"https:\/\/interamerica.org\/es\/#\/schema\/person\/68ede8bdc292885bb76c1e3810e73c39","name":"Lorenzo Verduzco","image":{"@type":"ImageObject","inLanguage":"es","@id":"https:\/\/secure.gravatar.com\/avatar\/fb81a55b6218459490a9c1dc841a34909185b81904c5337b4b27f7a6fd60c49e?s=96&d=mm&r=g","url":"https:\/\/secure.gravatar.com\/avatar\/fb81a55b6218459490a9c1dc841a34909185b81904c5337b4b27f7a6fd60c49e?s=96&d=mm&r=g","contentUrl":"https:\/\/secure.gravatar.com\/avatar\/fb81a55b6218459490a9c1dc841a34909185b81904c5337b4b27f7a6fd60c49e?s=96&d=mm&r=g","caption":"Lorenzo Verduzco"}}]}},"_links":{"self":[{"href":"https:\/\/interamerica.org\/es\/wp-json\/wp\/v2\/posts\/30825","targetHints":{"allow":["GET"]}}],"collection":[{"href":"https:\/\/interamerica.org\/es\/wp-json\/wp\/v2\/posts"}],"about":[{"href":"https:\/\/interamerica.org\/es\/wp-json\/wp\/v2\/types\/post"}],"author":[{"embeddable":true,"href":"https:\/\/interamerica.org\/es\/wp-json\/wp\/v2\/users\/1"}],"replies":[{"embeddable":true,"href":"https:\/\/interamerica.org\/es\/wp-json\/wp\/v2\/comments?post=30825"}],"version-history":[{"count":0,"href":"https:\/\/interamerica.org\/es\/wp-json\/wp\/v2\/posts\/30825\/revisions"}],"wp:featuredmedia":[{"embeddable":true,"href":"https:\/\/interamerica.org\/es\/wp-json\/wp\/v2\/media\/25206"}],"wp:attachment":[{"href":"https:\/\/interamerica.org\/es\/wp-json\/wp\/v2\/media?parent=30825"}],"wp:term":[{"taxonomy":"category","embeddable":true,"href":"https:\/\/interamerica.org\/es\/wp-json\/wp\/v2\/categories?post=30825"},{"taxonomy":"post_tag","embeddable":true,"href":"https:\/\/interamerica.org\/es\/wp-json\/wp\/v2\/tags?post=30825"}],"curies":[{"name":"wp","href":"https:\/\/api.w.org\/{rel}","templated":true}]}}