{"id":30828,"date":"2015-05-09T00:00:00","date_gmt":"2015-05-09T04:00:00","guid":{"rendered":"http:\/\/192.81.217.108\/interamerica\/2015\/05\/en-interamerica-los-lideres-de-la-iglesia-inauguran-nueva-ala-en-la-sede-central\/"},"modified":"2015-05-09T00:00:00","modified_gmt":"2015-05-09T04:00:00","slug":"en-interamerica-los-lideres-de-la-iglesia-inauguran-nueva-ala-en-la-sede-central","status":"publish","type":"post","link":"https:\/\/interamerica.org\/es\/2015\/05\/en-interamerica-los-lideres-de-la-iglesia-inauguran-nueva-ala-en-la-sede-central\/","title":{"rendered":"En Interam\u00e9rica, los l\u00edderes de la iglesia inauguran nueva ala en la sede central"},"content":{"rendered":"<div id=\"attachment_16784\" style=\"width: 650px\" class=\"wp-caption aligncenter\"><a href=\"\/interamerica\/wp-content\/uploads\/2017\/06\/17425839336_b7909cd6e1_z-2.jpg\" rel=\"fancybox\" title=\"En Interam\u00e9rica, los l\u00edderes de la iglesia inauguran nueva ala en la sede central\"><img fetchpriority=\"high\" decoding=\"async\" aria-describedby=\"caption-attachment-16784\" class=\"size-full wp-image-16784\" src=\"\/interamerica\/wp-content\/uploads\/2017\/06\/17425839336_b7909cd6e1_z-2.jpg\" alt=\"\" width=\"640\" height=\"426\" \/><\/a><p id=\"caption-attachment-16784\" class=\"wp-caption-text\">De izquierda a derecha: Hilda Montero, Faye Patterson de la sede de la Divisi\u00f3n Interamericana, Mois\u00e9s Reyna, de la Uni\u00f3n Interoce\u00e1nica Mexicana, y Myrna Costa de la sede la DIA, cortan la cinta durante la ceremonia de inauguraci\u00f3n de la nueva adici\u00f3n de dos pisos a la sede central de la Divisi\u00f3n Interamericana en Miami, Florida, Estados Unidos, el pasado 8 de mayo de 2015. Los principales l\u00edderes recorrieron la nueva ala, que incluye seis oficinas, una sala de conferencias y un gran sal\u00f3n de dep\u00f3sito. Imagen de Libna Stevens\/DIA<\/p><\/div>\n<p>9 de mayo de 2015 | Miami, Florida, Estados Unidos | Libna Stevens\/DIA<\/p>\n<p>Los principales l\u00edderes de la Iglesia Adventista en Interam\u00e9rica inauguraron una nueva ala sudoeste y un complejo de dep\u00f3sito en la sede central de la Divisi\u00f3n Interamericana en Miami, Florida, Estados Unidos, durante una ceremonia especial en el d\u00eda de ayer.<\/p>\n<p>Decenas de los principales l\u00edderes de todo el territorio de la Divisi\u00f3n Interamericana (DIA) fueron testigos de esta dedicaci\u00f3n especial, que se llev\u00f3 a cabo durante las reuniones previas de la junta directiva de la iglesia, que se iniciaron esta semana.<\/p>\n<p>La nueva adici\u00f3n de 290 metros cuadrados incluye seis nuevas oficinas, una sala de conferencias, un cub\u00edculo y espacios para m\u00e1s cub\u00edculos en el primer piso, as\u00ed como una gran dep\u00f3sito en la planta baja.<\/p>\n<div id=\"attachment_16785\" style=\"width: 388px\" class=\"wp-caption alignleft\"><a href=\"\/interamerica\/wp-content\/uploads\/2017\/06\/AERIAL-FINAL-2-REV600.png\" rel=\"fancybox\" title=\"En Interam\u00e9rica, los l\u00edderes de la iglesia inauguran nueva ala en la sede central\"><img decoding=\"async\" aria-describedby=\"caption-attachment-16785\" class=\" wp-image-16785  \" src=\"\/interamerica\/wp-content\/uploads\/2017\/06\/AERIAL-FINAL-2-REV600.png\" alt=\"\" width=\"378\" height=\"215\" \/><\/a><p id=\"caption-attachment-16785\" class=\"wp-caption-text\">La fotograf\u00eda muestra la compleci\u00f3n de la expansi\u00f3n del ala sudoeste de la sede central de la Divisi\u00f3n Interamericana en Miami, Florida, Estados Unidos. Imagen por cortes\u00eda de Luis Casta\u00f1eda\/3L Builders Corp.<\/p><\/div>\n<p>La nueva ala fue producto de la necesidad de tener una gran sala de dep\u00f3sito, seg\u00fan el pastor Israel Leito, presidente de la Iglesia Adventista en Interam\u00e9rica.<\/p>\n<p>\u00abCuando se construyeron estas oficinas de la divisi\u00f3n en el a\u00f1o 2000, la iglesia ten\u00eda doce uniones, y la estrategia fue no incluir un lugar para dep\u00f3sito donde se guardaran las cosas por mucho tiempo\u00bb, expres\u00f3. Pero a medida que el territorio creci\u00f3, esto hizo que tuvi\u00e9ramos que alquilar contenedores y colocarlos detr\u00e1s del edificio\u00bb.<\/p>\n<p>Hoy d\u00eda, el territorio de la DIA cuenta con 24 principales regiones eclesi\u00e1sticas, y de ah\u00ed que se hicieron planes para tener una nueva ala con un gran espacio para dep\u00f3sito\u00bb, explic\u00f3 el pastor Leito.<\/p>\n<p>Por su parte, Filiberto Verduzco, tesorero de la DIA, alab\u00f3 el trabajo de los arquitectos Luis Casta\u00f1eda, de 3L Builders Corporation, y de Elizabeth Henry, que es empleada de la DIA, por sus valiosos aportes para completar la adici\u00f3n.<\/p>\n<div id=\"attachment_16786\" style=\"width: 394px\" class=\"wp-caption alignleft\"><a href=\"\/interamerica\/wp-content\/uploads\/2017\/06\/IADarchitects.png\" rel=\"fancybox\" title=\"En Interam\u00e9rica, los l\u00edderes de la iglesia inauguran nueva ala en la sede central\"><img decoding=\"async\" aria-describedby=\"caption-attachment-16786\" class=\" wp-image-16786 \" src=\"\/interamerica\/wp-content\/uploads\/2017\/06\/IADarchitects.png\" alt=\"\" width=\"384\" height=\"251\" \/><\/a><p id=\"caption-attachment-16786\" class=\"wp-caption-text\">Los arquitectos Elizabeth Henry y Luis Casta\u00f1eda posan para una fotograf\u00eda en el primer piso, despu\u00e9s de la ceremonia inaugural por la expansi\u00f3n de la nueva ala del edificio. Imagen de Libna Stevens<\/p><\/div>\n<p>&nbsp;<\/p>\n<p>Durante la expansi\u00f3n, el techo tuvo que ser rehecho, y hubo que cubrir con una nueva capa el pavimento, dijo Verduzco.<\/p>\n<p>\u00abNos sentimos felices de dedicar esta nueva adici\u00f3n del edificio al Se\u00f1or para el buen uso de estas instalaciones, para que Dios pueda bendecir la obra llevada a cabo en esas regiones\u00bb, dijo Verduzco.<\/p>\n<p>La expansi\u00f3n es la segunda que se le realiza a la estructura original. En 2010, se construyeron siete nuevas oficinas y cinco cub\u00edculos en el primer piso, sobre el auditorio y el sal\u00f3n de actividades del ala sudeste. El auditorio y el sal\u00f3n de reuniones tambi\u00e9n fueron remodelados en esa ocasi\u00f3n.<\/p>\n<div id=\"attachment_16787\" style=\"width: 394px\" class=\"wp-caption alignright\"><a href=\"\/interamerica\/wp-content\/uploads\/2017\/06\/Wingtouring.png\" rel=\"fancybox\" title=\"En Interam\u00e9rica, los l\u00edderes de la iglesia inauguran nueva ala en la sede central\"><img loading=\"lazy\" decoding=\"async\" aria-describedby=\"caption-attachment-16787\" class=\" wp-image-16787 \" src=\"\/interamerica\/wp-content\/uploads\/2017\/06\/Wingtouring.png\" alt=\"\" width=\"384\" height=\"256\" \/><\/a><p id=\"caption-attachment-16787\" class=\"wp-caption-text\">Los l\u00edderes de la iglesia de toda la Divisi\u00f3n Interamericana recorren la nueva ala en el primer piso. Imagen de Libna Stevens\/DIA<\/p><\/div>\n<p>Con este nuevo completo del ala sudoeste, el edificio de la sede central de la DIA ahora tiene 51 oficinas, 34 cub\u00edculos, cuatro salas de conferencias, dos salas de trabajo, un auditorio para 192 personas, un sal\u00f3n de actividades, una sala para empleados, y una sala de medios.<\/p>\n<p>La Divisi\u00f3n Interamericana supervisa la obra de la Iglesia Adventista en M\u00e9xico, Am\u00e9rica Central, el Caribe, las Antillas Francesas, Colombia y Venezuela. En el territorio hay 3.670.000 miembros, que se re\u00fanen en m\u00e1s de veinte mil iglesias y congregaciones.<\/p>\n<p>Si desea ver im\u00e1genes de la ceremonia de inauguraci\u00f3n del pasado 8 de mayo de 2015, presione AQU\u00cd.<\/p>\n<p>&nbsp;<\/p>\n<p><em>Traducci\u00f3n de Marcos Paseggi<\/em><\/p>\n","protected":false},"excerpt":{"rendered":"<p>Los principales l\u00edderes de la Iglesia Adventista en Interam\u00e9rica inauguraron una nueva ala sudoeste y un complejo de dep\u00f3sito en la sede central de la Divisi\u00f3n Interamericana en Miami, Florida, Estados Unidos, durante una ceremonia especial en el d\u00eda de ayer. Decenas de los principales l\u00edderes de todo el territorio de la Divisi\u00f3n Interamericana (DIA) fueron testigos de esta dedicaci\u00f3n especial, que se llev\u00f3 a cabo durante las reuniones previas de la junta directiva de la iglesia, que se iniciaron esta semana.<\/p>\n","protected":false},"author":1,"featured_media":25240,"comment_status":"closed","ping_status":"closed","sticky":false,"template":"","format":"standard","meta":{"_acf_changed":false,"footnotes":""},"categories":[16,15],"tags":[],"class_list":["post-30828","post","type-post","status-publish","format-standard","has-post-thumbnail","hentry","category-desde-la-sede","category-rss-espanol"],"acf":[],"yoast_head":"<!-- This site is optimized with the Yoast SEO plugin v27.3 - https:\/\/yoast.com\/product\/yoast-seo-wordpress\/ -->\n<title>En Interam\u00e9rica, los l\u00edderes de la iglesia inauguran nueva ala en la sede central - Iglesia Adventista del S\u00e9ptimo D\u00eda - Divisi\u00f3n Interamericana<\/title>\n<meta name=\"robots\" content=\"index, follow, max-snippet:-1, max-image-preview:large, max-video-preview:-1\" \/>\n<link rel=\"canonical\" href=\"https:\/\/interamerica.org\/es\/2015\/05\/en-interamerica-los-lideres-de-la-iglesia-inauguran-nueva-ala-en-la-sede-central\/\" \/>\n<meta property=\"og:locale\" content=\"es_ES\" \/>\n<meta property=\"og:type\" content=\"article\" \/>\n<meta property=\"og:title\" content=\"En Interam\u00e9rica, los l\u00edderes de la iglesia inauguran nueva ala en la sede central - Iglesia Adventista del S\u00e9ptimo D\u00eda - Divisi\u00f3n Interamericana\" \/>\n<meta property=\"og:description\" content=\"Los principales l\u00edderes de la Iglesia Adventista en Interam\u00e9rica inauguraron una nueva ala sudoeste y un complejo de dep\u00f3sito en la sede central de la Divisi\u00f3n Interamericana en Miami, Florida, Estados Unidos, durante una ceremonia especial en el d\u00eda de ayer. Decenas de los principales l\u00edderes de todo el territorio de la Divisi\u00f3n Interamericana (DIA) fueron testigos de esta dedicaci\u00f3n especial, que se llev\u00f3 a cabo durante las reuniones previas de la junta directiva de la iglesia, que se iniciaron esta semana.\" \/>\n<meta property=\"og:url\" content=\"https:\/\/interamerica.org\/es\/2015\/05\/en-interamerica-los-lideres-de-la-iglesia-inauguran-nueva-ala-en-la-sede-central\/\" \/>\n<meta property=\"og:site_name\" content=\"Iglesia Adventista del S\u00e9ptimo D\u00eda - Divisi\u00f3n Interamericana\" \/>\n<meta property=\"article:published_time\" content=\"2015-05-09T04:00:00+00:00\" \/>\n<meta property=\"og:image\" content=\"https:\/\/interamerica.org\/wp-content\/uploads\/2017\/06\/17425839336_b7909cd6e1_z-2.jpg\" \/>\n\t<meta property=\"og:image:width\" content=\"640\" \/>\n\t<meta property=\"og:image:height\" content=\"426\" \/>\n\t<meta property=\"og:image:type\" content=\"image\/jpeg\" \/>\n<meta name=\"author\" content=\"Lorenzo Verduzco\" \/>\n<meta name=\"twitter:card\" content=\"summary_large_image\" \/>\n<meta name=\"twitter:label1\" content=\"Escrito por\" \/>\n\t<meta name=\"twitter:data1\" content=\"Lorenzo Verduzco\" \/>\n\t<meta name=\"twitter:label2\" content=\"Tiempo de lectura\" \/>\n\t<meta name=\"twitter:data2\" content=\"4 minutos\" \/>\n<script type=\"application\/ld+json\" class=\"yoast-schema-graph\">{\"@context\":\"https:\\\/\\\/schema.org\",\"@graph\":[{\"@type\":\"Article\",\"@id\":\"https:\\\/\\\/interamerica.org\\\/es\\\/2015\\\/05\\\/en-interamerica-los-lideres-de-la-iglesia-inauguran-nueva-ala-en-la-sede-central\\\/#article\",\"isPartOf\":{\"@id\":\"https:\\\/\\\/interamerica.org\\\/es\\\/2015\\\/05\\\/en-interamerica-los-lideres-de-la-iglesia-inauguran-nueva-ala-en-la-sede-central\\\/\"},\"author\":{\"name\":\"Lorenzo Verduzco\",\"@id\":\"https:\\\/\\\/interamerica.org\\\/es\\\/#\\\/schema\\\/person\\\/68ede8bdc292885bb76c1e3810e73c39\"},\"headline\":\"En Interam\u00e9rica, los l\u00edderes de la iglesia inauguran nueva ala en la sede central\",\"datePublished\":\"2015-05-09T04:00:00+00:00\",\"mainEntityOfPage\":{\"@id\":\"https:\\\/\\\/interamerica.org\\\/es\\\/2015\\\/05\\\/en-interamerica-los-lideres-de-la-iglesia-inauguran-nueva-ala-en-la-sede-central\\\/\"},\"wordCount\":780,\"image\":{\"@id\":\"https:\\\/\\\/interamerica.org\\\/es\\\/2015\\\/05\\\/en-interamerica-los-lideres-de-la-iglesia-inauguran-nueva-ala-en-la-sede-central\\\/#primaryimage\"},\"thumbnailUrl\":\"https:\\\/\\\/interamerica.org\\\/wp-content\\\/uploads\\\/2017\\\/06\\\/17425839336_b7909cd6e1_z-2.jpg\",\"articleSection\":[\"Desde la sede\",\"RSS Espa\u00f1ol\"],\"inLanguage\":\"es\"},{\"@type\":\"WebPage\",\"@id\":\"https:\\\/\\\/interamerica.org\\\/es\\\/2015\\\/05\\\/en-interamerica-los-lideres-de-la-iglesia-inauguran-nueva-ala-en-la-sede-central\\\/\",\"url\":\"https:\\\/\\\/interamerica.org\\\/es\\\/2015\\\/05\\\/en-interamerica-los-lideres-de-la-iglesia-inauguran-nueva-ala-en-la-sede-central\\\/\",\"name\":\"En Interam\u00e9rica, los l\u00edderes de la iglesia inauguran nueva ala en la sede central - Iglesia Adventista del S\u00e9ptimo D\u00eda - Divisi\u00f3n Interamericana\",\"isPartOf\":{\"@id\":\"https:\\\/\\\/interamerica.org\\\/es\\\/#website\"},\"primaryImageOfPage\":{\"@id\":\"https:\\\/\\\/interamerica.org\\\/es\\\/2015\\\/05\\\/en-interamerica-los-lideres-de-la-iglesia-inauguran-nueva-ala-en-la-sede-central\\\/#primaryimage\"},\"image\":{\"@id\":\"https:\\\/\\\/interamerica.org\\\/es\\\/2015\\\/05\\\/en-interamerica-los-lideres-de-la-iglesia-inauguran-nueva-ala-en-la-sede-central\\\/#primaryimage\"},\"thumbnailUrl\":\"https:\\\/\\\/interamerica.org\\\/wp-content\\\/uploads\\\/2017\\\/06\\\/17425839336_b7909cd6e1_z-2.jpg\",\"datePublished\":\"2015-05-09T04:00:00+00:00\",\"author\":{\"@id\":\"https:\\\/\\\/interamerica.org\\\/es\\\/#\\\/schema\\\/person\\\/68ede8bdc292885bb76c1e3810e73c39\"},\"breadcrumb\":{\"@id\":\"https:\\\/\\\/interamerica.org\\\/es\\\/2015\\\/05\\\/en-interamerica-los-lideres-de-la-iglesia-inauguran-nueva-ala-en-la-sede-central\\\/#breadcrumb\"},\"inLanguage\":\"es\",\"potentialAction\":[{\"@type\":\"ReadAction\",\"target\":[\"https:\\\/\\\/interamerica.org\\\/es\\\/2015\\\/05\\\/en-interamerica-los-lideres-de-la-iglesia-inauguran-nueva-ala-en-la-sede-central\\\/\"]}]},{\"@type\":\"ImageObject\",\"inLanguage\":\"es\",\"@id\":\"https:\\\/\\\/interamerica.org\\\/es\\\/2015\\\/05\\\/en-interamerica-los-lideres-de-la-iglesia-inauguran-nueva-ala-en-la-sede-central\\\/#primaryimage\",\"url\":\"https:\\\/\\\/interamerica.org\\\/wp-content\\\/uploads\\\/2017\\\/06\\\/17425839336_b7909cd6e1_z-2.jpg\",\"contentUrl\":\"https:\\\/\\\/interamerica.org\\\/wp-content\\\/uploads\\\/2017\\\/06\\\/17425839336_b7909cd6e1_z-2.jpg\",\"width\":640,\"height\":426},{\"@type\":\"BreadcrumbList\",\"@id\":\"https:\\\/\\\/interamerica.org\\\/es\\\/2015\\\/05\\\/en-interamerica-los-lideres-de-la-iglesia-inauguran-nueva-ala-en-la-sede-central\\\/#breadcrumb\",\"itemListElement\":[{\"@type\":\"ListItem\",\"position\":1,\"name\":\"Home\",\"item\":\"https:\\\/\\\/interamerica.org\\\/es\\\/\"},{\"@type\":\"ListItem\",\"position\":2,\"name\":\"En Interam\u00e9rica, los l\u00edderes de la iglesia inauguran nueva ala en la sede central\"}]},{\"@type\":\"WebSite\",\"@id\":\"https:\\\/\\\/interamerica.org\\\/es\\\/#website\",\"url\":\"https:\\\/\\\/interamerica.org\\\/es\\\/\",\"name\":\"Iglesia Adventista del S\u00e9ptimo D\u00eda - Divisi\u00f3n Interamericana\",\"description\":\"\",\"potentialAction\":[{\"@type\":\"SearchAction\",\"target\":{\"@type\":\"EntryPoint\",\"urlTemplate\":\"https:\\\/\\\/interamerica.org\\\/es\\\/?s={search_term_string}\"},\"query-input\":{\"@type\":\"PropertyValueSpecification\",\"valueRequired\":true,\"valueName\":\"search_term_string\"}}],\"inLanguage\":\"es\"},{\"@type\":\"Person\",\"@id\":\"https:\\\/\\\/interamerica.org\\\/es\\\/#\\\/schema\\\/person\\\/68ede8bdc292885bb76c1e3810e73c39\",\"name\":\"Lorenzo Verduzco\",\"image\":{\"@type\":\"ImageObject\",\"inLanguage\":\"es\",\"@id\":\"https:\\\/\\\/secure.gravatar.com\\\/avatar\\\/fb81a55b6218459490a9c1dc841a34909185b81904c5337b4b27f7a6fd60c49e?s=96&d=mm&r=g\",\"url\":\"https:\\\/\\\/secure.gravatar.com\\\/avatar\\\/fb81a55b6218459490a9c1dc841a34909185b81904c5337b4b27f7a6fd60c49e?s=96&d=mm&r=g\",\"contentUrl\":\"https:\\\/\\\/secure.gravatar.com\\\/avatar\\\/fb81a55b6218459490a9c1dc841a34909185b81904c5337b4b27f7a6fd60c49e?s=96&d=mm&r=g\",\"caption\":\"Lorenzo Verduzco\"}}]}<\/script>\n<!-- \/ Yoast SEO plugin. -->","yoast_head_json":{"title":"En Interam\u00e9rica, los l\u00edderes de la iglesia inauguran nueva ala en la sede central - Iglesia Adventista del S\u00e9ptimo D\u00eda - Divisi\u00f3n Interamericana","robots":{"index":"index","follow":"follow","max-snippet":"max-snippet:-1","max-image-preview":"max-image-preview:large","max-video-preview":"max-video-preview:-1"},"canonical":"https:\/\/interamerica.org\/es\/2015\/05\/en-interamerica-los-lideres-de-la-iglesia-inauguran-nueva-ala-en-la-sede-central\/","og_locale":"es_ES","og_type":"article","og_title":"En Interam\u00e9rica, los l\u00edderes de la iglesia inauguran nueva ala en la sede central - Iglesia Adventista del S\u00e9ptimo D\u00eda - Divisi\u00f3n Interamericana","og_description":"Los principales l\u00edderes de la Iglesia Adventista en Interam\u00e9rica inauguraron una nueva ala sudoeste y un complejo de dep\u00f3sito en la sede central de la Divisi\u00f3n Interamericana en Miami, Florida, Estados Unidos, durante una ceremonia especial en el d\u00eda de ayer. Decenas de los principales l\u00edderes de todo el territorio de la Divisi\u00f3n Interamericana (DIA) fueron testigos de esta dedicaci\u00f3n especial, que se llev\u00f3 a cabo durante las reuniones previas de la junta directiva de la iglesia, que se iniciaron esta semana.","og_url":"https:\/\/interamerica.org\/es\/2015\/05\/en-interamerica-los-lideres-de-la-iglesia-inauguran-nueva-ala-en-la-sede-central\/","og_site_name":"Iglesia Adventista del S\u00e9ptimo D\u00eda - Divisi\u00f3n Interamericana","article_published_time":"2015-05-09T04:00:00+00:00","og_image":[{"width":640,"height":426,"url":"https:\/\/interamerica.org\/wp-content\/uploads\/2017\/06\/17425839336_b7909cd6e1_z-2.jpg","type":"image\/jpeg"}],"author":"Lorenzo Verduzco","twitter_card":"summary_large_image","twitter_misc":{"Escrito por":"Lorenzo Verduzco","Tiempo de lectura":"4 minutos"},"schema":{"@context":"https:\/\/schema.org","@graph":[{"@type":"Article","@id":"https:\/\/interamerica.org\/es\/2015\/05\/en-interamerica-los-lideres-de-la-iglesia-inauguran-nueva-ala-en-la-sede-central\/#article","isPartOf":{"@id":"https:\/\/interamerica.org\/es\/2015\/05\/en-interamerica-los-lideres-de-la-iglesia-inauguran-nueva-ala-en-la-sede-central\/"},"author":{"name":"Lorenzo Verduzco","@id":"https:\/\/interamerica.org\/es\/#\/schema\/person\/68ede8bdc292885bb76c1e3810e73c39"},"headline":"En Interam\u00e9rica, los l\u00edderes de la iglesia inauguran nueva ala en la sede central","datePublished":"2015-05-09T04:00:00+00:00","mainEntityOfPage":{"@id":"https:\/\/interamerica.org\/es\/2015\/05\/en-interamerica-los-lideres-de-la-iglesia-inauguran-nueva-ala-en-la-sede-central\/"},"wordCount":780,"image":{"@id":"https:\/\/interamerica.org\/es\/2015\/05\/en-interamerica-los-lideres-de-la-iglesia-inauguran-nueva-ala-en-la-sede-central\/#primaryimage"},"thumbnailUrl":"https:\/\/interamerica.org\/wp-content\/uploads\/2017\/06\/17425839336_b7909cd6e1_z-2.jpg","articleSection":["Desde la sede","RSS Espa\u00f1ol"],"inLanguage":"es"},{"@type":"WebPage","@id":"https:\/\/interamerica.org\/es\/2015\/05\/en-interamerica-los-lideres-de-la-iglesia-inauguran-nueva-ala-en-la-sede-central\/","url":"https:\/\/interamerica.org\/es\/2015\/05\/en-interamerica-los-lideres-de-la-iglesia-inauguran-nueva-ala-en-la-sede-central\/","name":"En Interam\u00e9rica, los l\u00edderes de la iglesia inauguran nueva ala en la sede central - Iglesia Adventista del S\u00e9ptimo D\u00eda - Divisi\u00f3n Interamericana","isPartOf":{"@id":"https:\/\/interamerica.org\/es\/#website"},"primaryImageOfPage":{"@id":"https:\/\/interamerica.org\/es\/2015\/05\/en-interamerica-los-lideres-de-la-iglesia-inauguran-nueva-ala-en-la-sede-central\/#primaryimage"},"image":{"@id":"https:\/\/interamerica.org\/es\/2015\/05\/en-interamerica-los-lideres-de-la-iglesia-inauguran-nueva-ala-en-la-sede-central\/#primaryimage"},"thumbnailUrl":"https:\/\/interamerica.org\/wp-content\/uploads\/2017\/06\/17425839336_b7909cd6e1_z-2.jpg","datePublished":"2015-05-09T04:00:00+00:00","author":{"@id":"https:\/\/interamerica.org\/es\/#\/schema\/person\/68ede8bdc292885bb76c1e3810e73c39"},"breadcrumb":{"@id":"https:\/\/interamerica.org\/es\/2015\/05\/en-interamerica-los-lideres-de-la-iglesia-inauguran-nueva-ala-en-la-sede-central\/#breadcrumb"},"inLanguage":"es","potentialAction":[{"@type":"ReadAction","target":["https:\/\/interamerica.org\/es\/2015\/05\/en-interamerica-los-lideres-de-la-iglesia-inauguran-nueva-ala-en-la-sede-central\/"]}]},{"@type":"ImageObject","inLanguage":"es","@id":"https:\/\/interamerica.org\/es\/2015\/05\/en-interamerica-los-lideres-de-la-iglesia-inauguran-nueva-ala-en-la-sede-central\/#primaryimage","url":"https:\/\/interamerica.org\/wp-content\/uploads\/2017\/06\/17425839336_b7909cd6e1_z-2.jpg","contentUrl":"https:\/\/interamerica.org\/wp-content\/uploads\/2017\/06\/17425839336_b7909cd6e1_z-2.jpg","width":640,"height":426},{"@type":"BreadcrumbList","@id":"https:\/\/interamerica.org\/es\/2015\/05\/en-interamerica-los-lideres-de-la-iglesia-inauguran-nueva-ala-en-la-sede-central\/#breadcrumb","itemListElement":[{"@type":"ListItem","position":1,"name":"Home","item":"https:\/\/interamerica.org\/es\/"},{"@type":"ListItem","position":2,"name":"En Interam\u00e9rica, los l\u00edderes de la iglesia inauguran nueva ala en la sede central"}]},{"@type":"WebSite","@id":"https:\/\/interamerica.org\/es\/#website","url":"https:\/\/interamerica.org\/es\/","name":"Iglesia Adventista del S\u00e9ptimo D\u00eda - Divisi\u00f3n Interamericana","description":"","potentialAction":[{"@type":"SearchAction","target":{"@type":"EntryPoint","urlTemplate":"https:\/\/interamerica.org\/es\/?s={search_term_string}"},"query-input":{"@type":"PropertyValueSpecification","valueRequired":true,"valueName":"search_term_string"}}],"inLanguage":"es"},{"@type":"Person","@id":"https:\/\/interamerica.org\/es\/#\/schema\/person\/68ede8bdc292885bb76c1e3810e73c39","name":"Lorenzo Verduzco","image":{"@type":"ImageObject","inLanguage":"es","@id":"https:\/\/secure.gravatar.com\/avatar\/fb81a55b6218459490a9c1dc841a34909185b81904c5337b4b27f7a6fd60c49e?s=96&d=mm&r=g","url":"https:\/\/secure.gravatar.com\/avatar\/fb81a55b6218459490a9c1dc841a34909185b81904c5337b4b27f7a6fd60c49e?s=96&d=mm&r=g","contentUrl":"https:\/\/secure.gravatar.com\/avatar\/fb81a55b6218459490a9c1dc841a34909185b81904c5337b4b27f7a6fd60c49e?s=96&d=mm&r=g","caption":"Lorenzo Verduzco"}}]}},"_links":{"self":[{"href":"https:\/\/interamerica.org\/es\/wp-json\/wp\/v2\/posts\/30828","targetHints":{"allow":["GET"]}}],"collection":[{"href":"https:\/\/interamerica.org\/es\/wp-json\/wp\/v2\/posts"}],"about":[{"href":"https:\/\/interamerica.org\/es\/wp-json\/wp\/v2\/types\/post"}],"author":[{"embeddable":true,"href":"https:\/\/interamerica.org\/es\/wp-json\/wp\/v2\/users\/1"}],"replies":[{"embeddable":true,"href":"https:\/\/interamerica.org\/es\/wp-json\/wp\/v2\/comments?post=30828"}],"version-history":[{"count":0,"href":"https:\/\/interamerica.org\/es\/wp-json\/wp\/v2\/posts\/30828\/revisions"}],"wp:featuredmedia":[{"embeddable":true,"href":"https:\/\/interamerica.org\/es\/wp-json\/wp\/v2\/media\/25240"}],"wp:attachment":[{"href":"https:\/\/interamerica.org\/es\/wp-json\/wp\/v2\/media?parent=30828"}],"wp:term":[{"taxonomy":"category","embeddable":true,"href":"https:\/\/interamerica.org\/es\/wp-json\/wp\/v2\/categories?post=30828"},{"taxonomy":"post_tag","embeddable":true,"href":"https:\/\/interamerica.org\/es\/wp-json\/wp\/v2\/tags?post=30828"}],"curies":[{"name":"wp","href":"https:\/\/api.w.org\/{rel}","templated":true}]}}